{"id":176943,"date":"2023-01-19T15:00:59","date_gmt":"2023-01-19T14:00:59","guid":{"rendered":"https:\/\/www.ilnotiziario.net\/wp\/?p=176943"},"modified":"2023-01-19T13:55:26","modified_gmt":"2023-01-19T12:55:26","slug":"a-limbiate-tre-nuove-aree-di-ricarica-per-veicoli-elettrici-e-car-sharing","status":"publish","type":"post","link":"https:\/\/www.ilnotiziario.net\/wp\/prima-pagina\/a-limbiate-tre-nuove-aree-di-ricarica-per-veicoli-elettrici-e-car-sharing\/","title":{"rendered":"A Limbiate tre nuove aree di ricarica per veicoli elettrici e car sharing"},"content":{"rendered":"<p>In arrivo a Limbiate tre aree di sosta riservate ad auto elettriche in ricarica e per il car sharing: Il Comune ha emanato un\u2019ordinanza per l\u2019istituzione di aree riservate alla sosta dei veicoli elettrici per la ricarica della batteria, contrassegnati da idonea segnaletica stradale orizzontale e verticale.<\/p><div id=\"ilnot-4105034124\" class=\"ilnot-contenuto ilnot-entity-placement\"><p><!-- incontent_1 --><\/p>\n<div class=\"gptslot\" data-adunitid=\"1\"><\/div>\n<\/div>\n<h2>Tre nuove aree per auto elettriche a Limbiate: ecco dove<\/h2>\n<p>A Limbiate, tre nuove aree sosta riservate ad auto elettriche e per il car sharing: uno stallo sar\u00e0 posizionato in via Adda e due in via Monte Bianco angolo Monviso. Uno di questi sar\u00e0 riservato al servizio Car- Sharing del Comune di Limbiate che dovrebbe partire a breve. Si tratta di un veicolo elettrico che potr\u00e0 essere noleggiato dalla cittadinanza. Per gli altri automobilisti ci sar\u00e0 un divieto di sosta permanente su questi stalli che potranno essere utilizzati solo per la ricarica dei veicoli elettrici, non per la sola sosta dei veicoli elettrici. L\u2019idea \u00e8 quella di incentivare l\u2019uso e l\u2019acquisto di tali mezzi anche se ad oggi i prezzi sono ancora inaccessibili per molti. Lo scorso settembre si prevedeva l\u2019arrivo entro la primavera del car sharing con auto elettrica in citt\u00e0.<\/p>\n<blockquote><p><strong>Leggi anche <a href=\"https:\/\/www.ilnotiziario.net\/wp\/bollatese\/nuove-auto-elettriche-per-il-comune-di-garbagnate\/\" target=\"_blank\" rel=\"noopener\">NUOVE AUTO ELETTRICHE PER IL COMUNE DI GARBAGNATE<\/a><\/strong><\/p><\/blockquote>\n<h2>Il car sharing a Limbiate: come funziona<\/h2>\n<p>Ogni cittadino potr\u00e0 prenotare l\u2019auto online, tramite app, al costo di circa 5 euro all\u2019ora, percorrere la tratta di sua necessit\u00e0 e, infine, parcheggiare alla colonnina elettrica pi\u00f9 vicina al suo punto di arrivo. La macchina non disporr\u00e0 di una chiave ma sar\u00e0 utilizzabile solo tramite applicazione (nella quale saranno visibili tutte le colonnine presenti nel territorio in cui lasciare o ritirare la vettura), disporr\u00e0 di assicurazione e permetter\u00e0 di accedere anche a zone ztl e di area b e c.<\/p><div id=\"ilnot-4022404189\" class=\"ilnot-contenuto_2 ilnot-entity-placement\"><div class=\"ads-wrapper\">\n<div class=\"ad-slot\">\n   <div id=\"ilnot-364669345\" style=\"margin-right: auto;margin-left: auto;text-align: center;width: 320px;height: 100px;\"><a href=\"https:\/\/www.scuolasicurezza.it\/\"><img decoding=\"async\" src=\"https:\/\/www.ilnotiziario.net\/wp\/wp-content\/uploads\/2026\/04\/IlNotiziario_banner-sito-e-newsletter-320-x-100-px-1.gif\" alt=\"\"><\/a><\/div>\n  <\/div>\n<div class=\"ad-slot\">\n   <div id=\"ilnot-759253983\" style=\"margin-right: auto;margin-left: auto;text-align: center;width: 320px;height: 100px;\"><a href=\"https:\/\/purodesignarredamenti.com\/\"><img decoding=\"async\" src=\"https:\/\/www.ilnotiziario.net\/wp\/wp-content\/uploads\/2026\/04\/banner-puro-ok.gif\" alt=\"whatsapp\"><\/a><\/div><\/p><\/div>\n<\/div>\n<\/div>\n<p><strong>Redazione web<br \/>\n<em>Leggi ilNotiziario anche da pc, smartphone e tablet.&nbsp;<\/em><a href=\"http:\/\/edicola.ilnotiziario.net\/\">Clicca qui per la nostra edicola digitale<\/a><\/strong><\/p>\n","protected":false},"excerpt":{"rendered":"<p>In arrivo a Limbiate tre aree di sosta riservate ad auto elettriche in ricarica e per il car sharing: Il Comune ha emanato un\u2019ordinanza per l\u2019istituzione di aree riservate alla sosta dei veicoli elettrici per la ricarica della batteria, contrassegnati da idonea segnaletica stradale orizzontale e verticale. Tre nuove aree per auto elettriche a Limbiate:<\/p>\n","protected":false},"author":3,"featured_media":172266,"comment_status":"closed","ping_status":"closed","sticky":false,"template":"","format":"standard","meta":{"footnotes":""},"categories":[20],"tags":[],"class_list":{"0":"post-176943","1":"post","2":"type-post","3":"status-publish","4":"format-standard","5":"has-post-thumbnail","7":"category-prima-pagina"},"yoast_head":"<!-- This site is optimized with the Yoast SEO plugin v27.5 - https:\/\/yoast.com\/product\/yoast-seo-wordpress\/ -->\n<title>A Limbiate nuove aree ricarica auto elettriche e car sharing<\/title>\n<meta name=\"description\" content=\"A Limbiate nuove aree di ricarica per auto elettriche e car sharing: ecco dove e come funziona il nuovo servizio\" \/>\n<meta name=\"robots\" content=\"index, follow, max-snippet:-1, max-image-preview:large, max-video-preview:-1\" \/>\n<link rel=\"canonical\" href=\"https:\/\/www.ilnotiziario.net\/wp\/prima-pagina\/a-limbiate-tre-nuove-aree-di-ricarica-per-veicoli-elettrici-e-car-sharing\/\" \/>\n<meta property=\"og:locale\" content=\"it_IT\" \/>\n<meta property=\"og:type\" content=\"article\" \/>\n<meta property=\"og:title\" content=\"A Limbiate nuove aree ricarica auto elettriche e car sharing\" \/>\n<meta property=\"og:description\" content=\"A Limbiate nuove aree di ricarica per auto elettriche e car sharing: ecco dove e come funziona il nuovo servizio\" \/>\n<meta property=\"og:url\" content=\"https:\/\/www.ilnotiziario.net\/wp\/prima-pagina\/a-limbiate-tre-nuove-aree-di-ricarica-per-veicoli-elettrici-e-car-sharing\/\" \/>\n<meta property=\"og:site_name\" content=\"Il Notiziario\" \/>\n<meta property=\"article:publisher\" content=\"https:\/\/www.facebook.com\/ilnotiziarioind\/\" \/>\n<meta property=\"article:published_time\" content=\"2023-01-19T14:00:59+00:00\" \/>\n<meta property=\"og:image\" content=\"https:\/\/www.ilnotiziario.net\/wp\/wp-content\/uploads\/2022\/10\/regione-lombardia.jpg\" \/>\n\t<meta property=\"og:image:width\" content=\"1440\" \/>\n\t<meta property=\"og:image:height\" content=\"960\" \/>\n\t<meta property=\"og:image:type\" content=\"image\/jpeg\" \/>\n<meta name=\"author\" content=\"Gabriele Bassani\" \/>\n<meta name=\"twitter:card\" content=\"summary_large_image\" \/>\n<meta name=\"twitter:creator\" content=\"@ilNotiziarioInd\" \/>\n<meta name=\"twitter:site\" content=\"@ilNotiziarioInd\" \/>\n<meta name=\"twitter:label1\" content=\"Scritto da\" \/>\n\t<meta name=\"twitter:data1\" content=\"Gabriele Bassani\" \/>\n\t<meta name=\"twitter:label2\" content=\"Tempo di lettura stimato\" \/>\n\t<meta name=\"twitter:data2\" content=\"2 minuti\" \/>\n<script type=\"application\/ld+json\" class=\"yoast-schema-graph\">{\"@context\":\"https:\\\/\\\/schema.org\",\"@graph\":[{\"@type\":\"Article\",\"@id\":\"https:\\\/\\\/www.ilnotiziario.net\\\/wp\\\/prima-pagina\\\/a-limbiate-tre-nuove-aree-di-ricarica-per-veicoli-elettrici-e-car-sharing\\\/#article\",\"isPartOf\":{\"@id\":\"https:\\\/\\\/www.ilnotiziario.net\\\/wp\\\/prima-pagina\\\/a-limbiate-tre-nuove-aree-di-ricarica-per-veicoli-elettrici-e-car-sharing\\\/\"},\"author\":{\"name\":\"Gabriele Bassani\",\"@id\":\"https:\\\/\\\/www.ilnotiziario.net\\\/wp\\\/#\\\/schema\\\/person\\\/386e222908f898bb41c033989482bbf2\"},\"headline\":\"A Limbiate tre nuove aree di ricarica per veicoli elettrici e car sharing\",\"datePublished\":\"2023-01-19T14:00:59+00:00\",\"mainEntityOfPage\":{\"@id\":\"https:\\\/\\\/www.ilnotiziario.net\\\/wp\\\/prima-pagina\\\/a-limbiate-tre-nuove-aree-di-ricarica-per-veicoli-elettrici-e-car-sharing\\\/\"},\"wordCount\":324,\"publisher\":{\"@id\":\"https:\\\/\\\/www.ilnotiziario.net\\\/wp\\\/#organization\"},\"image\":{\"@id\":\"https:\\\/\\\/www.ilnotiziario.net\\\/wp\\\/prima-pagina\\\/a-limbiate-tre-nuove-aree-di-ricarica-per-veicoli-elettrici-e-car-sharing\\\/#primaryimage\"},\"thumbnailUrl\":\"https:\\\/\\\/www.ilnotiziario.net\\\/wp\\\/wp-content\\\/uploads\\\/2022\\\/10\\\/regione-lombardia.jpg\",\"articleSection\":[\"Prima Pagina\"],\"inLanguage\":\"it-IT\"},{\"@type\":\"WebPage\",\"@id\":\"https:\\\/\\\/www.ilnotiziario.net\\\/wp\\\/prima-pagina\\\/a-limbiate-tre-nuove-aree-di-ricarica-per-veicoli-elettrici-e-car-sharing\\\/\",\"url\":\"https:\\\/\\\/www.ilnotiziario.net\\\/wp\\\/prima-pagina\\\/a-limbiate-tre-nuove-aree-di-ricarica-per-veicoli-elettrici-e-car-sharing\\\/\",\"name\":\"A Limbiate nuove aree ricarica auto elettriche e car sharing\",\"isPartOf\":{\"@id\":\"https:\\\/\\\/www.ilnotiziario.net\\\/wp\\\/#website\"},\"primaryImageOfPage\":{\"@id\":\"https:\\\/\\\/www.ilnotiziario.net\\\/wp\\\/prima-pagina\\\/a-limbiate-tre-nuove-aree-di-ricarica-per-veicoli-elettrici-e-car-sharing\\\/#primaryimage\"},\"image\":{\"@id\":\"https:\\\/\\\/www.ilnotiziario.net\\\/wp\\\/prima-pagina\\\/a-limbiate-tre-nuove-aree-di-ricarica-per-veicoli-elettrici-e-car-sharing\\\/#primaryimage\"},\"thumbnailUrl\":\"https:\\\/\\\/www.ilnotiziario.net\\\/wp\\\/wp-content\\\/uploads\\\/2022\\\/10\\\/regione-lombardia.jpg\",\"datePublished\":\"2023-01-19T14:00:59+00:00\",\"description\":\"A Limbiate nuove aree di ricarica per auto elettriche e car sharing: ecco dove e come funziona il nuovo servizio\",\"breadcrumb\":{\"@id\":\"https:\\\/\\\/www.ilnotiziario.net\\\/wp\\\/prima-pagina\\\/a-limbiate-tre-nuove-aree-di-ricarica-per-veicoli-elettrici-e-car-sharing\\\/#breadcrumb\"},\"inLanguage\":\"it-IT\",\"potentialAction\":[{\"@type\":\"ReadAction\",\"target\":[\"https:\\\/\\\/www.ilnotiziario.net\\\/wp\\\/prima-pagina\\\/a-limbiate-tre-nuove-aree-di-ricarica-per-veicoli-elettrici-e-car-sharing\\\/\"]}]},{\"@type\":\"ImageObject\",\"inLanguage\":\"it-IT\",\"@id\":\"https:\\\/\\\/www.ilnotiziario.net\\\/wp\\\/prima-pagina\\\/a-limbiate-tre-nuove-aree-di-ricarica-per-veicoli-elettrici-e-car-sharing\\\/#primaryimage\",\"url\":\"https:\\\/\\\/www.ilnotiziario.net\\\/wp\\\/wp-content\\\/uploads\\\/2022\\\/10\\\/regione-lombardia.jpg\",\"contentUrl\":\"https:\\\/\\\/www.ilnotiziario.net\\\/wp\\\/wp-content\\\/uploads\\\/2022\\\/10\\\/regione-lombardia.jpg\",\"width\":1440,\"height\":960},{\"@type\":\"BreadcrumbList\",\"@id\":\"https:\\\/\\\/www.ilnotiziario.net\\\/wp\\\/prima-pagina\\\/a-limbiate-tre-nuove-aree-di-ricarica-per-veicoli-elettrici-e-car-sharing\\\/#breadcrumb\",\"itemListElement\":[{\"@type\":\"ListItem\",\"position\":1,\"name\":\"tds_text_logo_tagline_colortds_text_logo_tagline_colortds_text_logo_tagline_colortds_text_logo_tagline_colortd_module_7_title_excerpttd_module_7_title_excerpttd_module_7_title_excerpttd_module_7_title_excerptHome\",\"item\":\"https:\\\/\\\/www.ilnotiziario.net\\\/wp\\\/\"},{\"@type\":\"ListItem\",\"position\":2,\"name\":\"A Limbiate tre nuove aree di ricarica per veicoli elettrici e car sharing\"}]},{\"@type\":\"WebSite\",\"@id\":\"https:\\\/\\\/www.ilnotiziario.net\\\/wp\\\/#website\",\"url\":\"https:\\\/\\\/www.ilnotiziario.net\\\/wp\\\/\",\"name\":\"Il Notiziario\",\"description\":\"Per restare sempre connessi alla notizia\",\"publisher\":{\"@id\":\"https:\\\/\\\/www.ilnotiziario.net\\\/wp\\\/#organization\"},\"alternateName\":\"Il Notiziario Bollate\",\"potentialAction\":[{\"@type\":\"SearchAction\",\"target\":{\"@type\":\"EntryPoint\",\"urlTemplate\":\"https:\\\/\\\/www.ilnotiziario.net\\\/wp\\\/?s={search_term_string}\"},\"query-input\":{\"@type\":\"PropertyValueSpecification\",\"valueRequired\":true,\"valueName\":\"search_term_string\"}}],\"inLanguage\":\"it-IT\"},{\"@type\":\"Organization\",\"@id\":\"https:\\\/\\\/www.ilnotiziario.net\\\/wp\\\/#organization\",\"name\":\"Il Notiziario\",\"url\":\"https:\\\/\\\/www.ilnotiziario.net\\\/wp\\\/\",\"logo\":{\"@type\":\"ImageObject\",\"inLanguage\":\"it-IT\",\"@id\":\"https:\\\/\\\/www.ilnotiziario.net\\\/wp\\\/#\\\/schema\\\/logo\\\/image\\\/\",\"url\":\"https:\\\/\\\/www.ilnotiziario.net\\\/wp\\\/wp-content\\\/uploads\\\/2022\\\/06\\\/170x170ilN.png\",\"contentUrl\":\"https:\\\/\\\/www.ilnotiziario.net\\\/wp\\\/wp-content\\\/uploads\\\/2022\\\/06\\\/170x170ilN.png\",\"width\":355,\"height\":355,\"caption\":\"Il Notiziario\"},\"image\":{\"@id\":\"https:\\\/\\\/www.ilnotiziario.net\\\/wp\\\/#\\\/schema\\\/logo\\\/image\\\/\"},\"sameAs\":[\"https:\\\/\\\/www.facebook.com\\\/ilnotiziarioind\\\/\",\"https:\\\/\\\/x.com\\\/ilNotiziarioInd\",\"https:\\\/\\\/www.instagram.com\\\/ilnotiziario_settimanale\\\/\"]},{\"@type\":\"Person\",\"@id\":\"https:\\\/\\\/www.ilnotiziario.net\\\/wp\\\/#\\\/schema\\\/person\\\/386e222908f898bb41c033989482bbf2\",\"name\":\"Gabriele Bassani\",\"image\":{\"@type\":\"ImageObject\",\"inLanguage\":\"it-IT\",\"@id\":\"https:\\\/\\\/secure.gravatar.com\\\/avatar\\\/09274f4a84fa97698bde56f84b3afed61c8492d48b0550db9671b68c177479cb?s=96&d=mm&r=g\",\"url\":\"https:\\\/\\\/secure.gravatar.com\\\/avatar\\\/09274f4a84fa97698bde56f84b3afed61c8492d48b0550db9671b68c177479cb?s=96&d=mm&r=g\",\"contentUrl\":\"https:\\\/\\\/secure.gravatar.com\\\/avatar\\\/09274f4a84fa97698bde56f84b3afed61c8492d48b0550db9671b68c177479cb?s=96&d=mm&r=g\",\"caption\":\"Gabriele Bassani\"},\"sameAs\":[\"http:\\\/\\\/www.ilnotiziario.net\"]}]}<\/script>\n<!-- \/ Yoast SEO plugin. -->","yoast_head_json":{"title":"A Limbiate nuove aree ricarica auto elettriche e car sharing","description":"A Limbiate nuove aree di ricarica per auto elettriche e car sharing: ecco dove e come funziona il nuovo servizio","robots":{"index":"index","follow":"follow","max-snippet":"max-snippet:-1","max-image-preview":"max-image-preview:large","max-video-preview":"max-video-preview:-1"},"canonical":"https:\/\/www.ilnotiziario.net\/wp\/prima-pagina\/a-limbiate-tre-nuove-aree-di-ricarica-per-veicoli-elettrici-e-car-sharing\/","og_locale":"it_IT","og_type":"article","og_title":"A Limbiate nuove aree ricarica auto elettriche e car sharing","og_description":"A Limbiate nuove aree di ricarica per auto elettriche e car sharing: ecco dove e come funziona il nuovo servizio","og_url":"https:\/\/www.ilnotiziario.net\/wp\/prima-pagina\/a-limbiate-tre-nuove-aree-di-ricarica-per-veicoli-elettrici-e-car-sharing\/","og_site_name":"Il Notiziario","article_publisher":"https:\/\/www.facebook.com\/ilnotiziarioind\/","article_published_time":"2023-01-19T14:00:59+00:00","og_image":[{"width":1440,"height":960,"url":"https:\/\/www.ilnotiziario.net\/wp\/wp-content\/uploads\/2022\/10\/regione-lombardia.jpg","type":"image\/jpeg"}],"author":"Gabriele Bassani","twitter_card":"summary_large_image","twitter_creator":"@ilNotiziarioInd","twitter_site":"@ilNotiziarioInd","twitter_misc":{"Scritto da":"Gabriele Bassani","Tempo di lettura stimato":"2 minuti"},"schema":{"@context":"https:\/\/schema.org","@graph":[{"@type":"Article","@id":"https:\/\/www.ilnotiziario.net\/wp\/prima-pagina\/a-limbiate-tre-nuove-aree-di-ricarica-per-veicoli-elettrici-e-car-sharing\/#article","isPartOf":{"@id":"https:\/\/www.ilnotiziario.net\/wp\/prima-pagina\/a-limbiate-tre-nuove-aree-di-ricarica-per-veicoli-elettrici-e-car-sharing\/"},"author":{"name":"Gabriele Bassani","@id":"https:\/\/www.ilnotiziario.net\/wp\/#\/schema\/person\/386e222908f898bb41c033989482bbf2"},"headline":"A Limbiate tre nuove aree di ricarica per veicoli elettrici e car sharing","datePublished":"2023-01-19T14:00:59+00:00","mainEntityOfPage":{"@id":"https:\/\/www.ilnotiziario.net\/wp\/prima-pagina\/a-limbiate-tre-nuove-aree-di-ricarica-per-veicoli-elettrici-e-car-sharing\/"},"wordCount":324,"publisher":{"@id":"https:\/\/www.ilnotiziario.net\/wp\/#organization"},"image":{"@id":"https:\/\/www.ilnotiziario.net\/wp\/prima-pagina\/a-limbiate-tre-nuove-aree-di-ricarica-per-veicoli-elettrici-e-car-sharing\/#primaryimage"},"thumbnailUrl":"https:\/\/www.ilnotiziario.net\/wp\/wp-content\/uploads\/2022\/10\/regione-lombardia.jpg","articleSection":["Prima Pagina"],"inLanguage":"it-IT"},{"@type":"WebPage","@id":"https:\/\/www.ilnotiziario.net\/wp\/prima-pagina\/a-limbiate-tre-nuove-aree-di-ricarica-per-veicoli-elettrici-e-car-sharing\/","url":"https:\/\/www.ilnotiziario.net\/wp\/prima-pagina\/a-limbiate-tre-nuove-aree-di-ricarica-per-veicoli-elettrici-e-car-sharing\/","name":"A Limbiate nuove aree ricarica auto elettriche e car sharing","isPartOf":{"@id":"https:\/\/www.ilnotiziario.net\/wp\/#website"},"primaryImageOfPage":{"@id":"https:\/\/www.ilnotiziario.net\/wp\/prima-pagina\/a-limbiate-tre-nuove-aree-di-ricarica-per-veicoli-elettrici-e-car-sharing\/#primaryimage"},"image":{"@id":"https:\/\/www.ilnotiziario.net\/wp\/prima-pagina\/a-limbiate-tre-nuove-aree-di-ricarica-per-veicoli-elettrici-e-car-sharing\/#primaryimage"},"thumbnailUrl":"https:\/\/www.ilnotiziario.net\/wp\/wp-content\/uploads\/2022\/10\/regione-lombardia.jpg","datePublished":"2023-01-19T14:00:59+00:00","description":"A Limbiate nuove aree di ricarica per auto elettriche e car sharing: ecco dove e come funziona il nuovo servizio","breadcrumb":{"@id":"https:\/\/www.ilnotiziario.net\/wp\/prima-pagina\/a-limbiate-tre-nuove-aree-di-ricarica-per-veicoli-elettrici-e-car-sharing\/#breadcrumb"},"inLanguage":"it-IT","potentialAction":[{"@type":"ReadAction","target":["https:\/\/www.ilnotiziario.net\/wp\/prima-pagina\/a-limbiate-tre-nuove-aree-di-ricarica-per-veicoli-elettrici-e-car-sharing\/"]}]},{"@type":"ImageObject","inLanguage":"it-IT","@id":"https:\/\/www.ilnotiziario.net\/wp\/prima-pagina\/a-limbiate-tre-nuove-aree-di-ricarica-per-veicoli-elettrici-e-car-sharing\/#primaryimage","url":"https:\/\/www.ilnotiziario.net\/wp\/wp-content\/uploads\/2022\/10\/regione-lombardia.jpg","contentUrl":"https:\/\/www.ilnotiziario.net\/wp\/wp-content\/uploads\/2022\/10\/regione-lombardia.jpg","width":1440,"height":960},{"@type":"BreadcrumbList","@id":"https:\/\/www.ilnotiziario.net\/wp\/prima-pagina\/a-limbiate-tre-nuove-aree-di-ricarica-per-veicoli-elettrici-e-car-sharing\/#breadcrumb","itemListElement":[{"@type":"ListItem","position":1,"name":"tds_text_logo_tagline_colortds_text_logo_tagline_colortds_text_logo_tagline_colortds_text_logo_tagline_colortd_module_7_title_excerpttd_module_7_title_excerpttd_module_7_title_excerpttd_module_7_title_excerptHome","item":"https:\/\/www.ilnotiziario.net\/wp\/"},{"@type":"ListItem","position":2,"name":"A Limbiate tre nuove aree di ricarica per veicoli elettrici e car sharing"}]},{"@type":"WebSite","@id":"https:\/\/www.ilnotiziario.net\/wp\/#website","url":"https:\/\/www.ilnotiziario.net\/wp\/","name":"Il Notiziario","description":"Per restare sempre connessi alla notizia","publisher":{"@id":"https:\/\/www.ilnotiziario.net\/wp\/#organization"},"alternateName":"Il Notiziario Bollate","potentialAction":[{"@type":"SearchAction","target":{"@type":"EntryPoint","urlTemplate":"https:\/\/www.ilnotiziario.net\/wp\/?s={search_term_string}"},"query-input":{"@type":"PropertyValueSpecification","valueRequired":true,"valueName":"search_term_string"}}],"inLanguage":"it-IT"},{"@type":"Organization","@id":"https:\/\/www.ilnotiziario.net\/wp\/#organization","name":"Il Notiziario","url":"https:\/\/www.ilnotiziario.net\/wp\/","logo":{"@type":"ImageObject","inLanguage":"it-IT","@id":"https:\/\/www.ilnotiziario.net\/wp\/#\/schema\/logo\/image\/","url":"https:\/\/www.ilnotiziario.net\/wp\/wp-content\/uploads\/2022\/06\/170x170ilN.png","contentUrl":"https:\/\/www.ilnotiziario.net\/wp\/wp-content\/uploads\/2022\/06\/170x170ilN.png","width":355,"height":355,"caption":"Il Notiziario"},"image":{"@id":"https:\/\/www.ilnotiziario.net\/wp\/#\/schema\/logo\/image\/"},"sameAs":["https:\/\/www.facebook.com\/ilnotiziarioind\/","https:\/\/x.com\/ilNotiziarioInd","https:\/\/www.instagram.com\/ilnotiziario_settimanale\/"]},{"@type":"Person","@id":"https:\/\/www.ilnotiziario.net\/wp\/#\/schema\/person\/386e222908f898bb41c033989482bbf2","name":"Gabriele Bassani","image":{"@type":"ImageObject","inLanguage":"it-IT","@id":"https:\/\/secure.gravatar.com\/avatar\/09274f4a84fa97698bde56f84b3afed61c8492d48b0550db9671b68c177479cb?s=96&d=mm&r=g","url":"https:\/\/secure.gravatar.com\/avatar\/09274f4a84fa97698bde56f84b3afed61c8492d48b0550db9671b68c177479cb?s=96&d=mm&r=g","contentUrl":"https:\/\/secure.gravatar.com\/avatar\/09274f4a84fa97698bde56f84b3afed61c8492d48b0550db9671b68c177479cb?s=96&d=mm&r=g","caption":"Gabriele Bassani"},"sameAs":["http:\/\/www.ilnotiziario.net"]}]}},"_links":{"self":[{"href":"https:\/\/www.ilnotiziario.net\/wp\/wp-json\/wp\/v2\/posts\/176943","targetHints":{"allow":["GET"]}}],"collection":[{"href":"https:\/\/www.ilnotiziario.net\/wp\/wp-json\/wp\/v2\/posts"}],"about":[{"href":"https:\/\/www.ilnotiziario.net\/wp\/wp-json\/wp\/v2\/types\/post"}],"author":[{"embeddable":true,"href":"https:\/\/www.ilnotiziario.net\/wp\/wp-json\/wp\/v2\/users\/3"}],"replies":[{"embeddable":true,"href":"https:\/\/www.ilnotiziario.net\/wp\/wp-json\/wp\/v2\/comments?post=176943"}],"version-history":[{"count":0,"href":"https:\/\/www.ilnotiziario.net\/wp\/wp-json\/wp\/v2\/posts\/176943\/revisions"}],"wp:featuredmedia":[{"embeddable":true,"href":"https:\/\/www.ilnotiziario.net\/wp\/wp-json\/wp\/v2\/media\/172266"}],"wp:attachment":[{"href":"https:\/\/www.ilnotiziario.net\/wp\/wp-json\/wp\/v2\/media?parent=176943"}],"wp:term":[{"taxonomy":"category","embeddable":true,"href":"https:\/\/www.ilnotiziario.net\/wp\/wp-json\/wp\/v2\/categories?post=176943"},{"taxonomy":"post_tag","embeddable":true,"href":"https:\/\/www.ilnotiziario.net\/wp\/wp-json\/wp\/v2\/tags?post=176943"}],"curies":[{"name":"wp","href":"https:\/\/api.w.org\/{rel}","templated":true}]}}