{"id":177141,"date":"2023-01-23T14:25:36","date_gmt":"2023-01-23T13:25:36","guid":{"rendered":"https:\/\/www.ilnotiziario.net\/wp\/?p=177141"},"modified":"2023-01-23T14:54:27","modified_gmt":"2023-01-23T13:54:27","slug":"don-bruno-maggioni-dopo-the-voice-di-nuovo-su-rai-1-da-serena-bortone","status":"publish","type":"post","link":"https:\/\/www.ilnotiziario.net\/wp\/lombardia\/don-bruno-maggioni-dopo-the-voice-di-nuovo-su-rai-1-da-serena-bortone\/","title":{"rendered":"Don Bruno Maggioni, dopo The Voice di nuovo su Rai 1 da Serena Bortone"},"content":{"rendered":"<p>Don Bruno Maggioni dalla Valsassina a The Voice Senior su Rai Uno: dopo essere andato in onda nella puntata di venerd\u00ec 20 gennaio, <a href=\"https:\/\/www.ilnotiziario.net\/wp\/brianza\/don-bruno-maggioni-the-voice-senior\/\">come annunciato qualche settimana fa,&nbsp;<\/a>nel pomeriggio di luned\u00ec 23 \u00e8 stato ospite a &#8220;Oggi \u00e8 un altro giorno&#8221; di Serena Bertone, sempre sulla rete ammiraglia della Rai.<\/p><div id=\"ilnot-2317256012\" class=\"ilnot-contenuto ilnot-entity-placement\"><p><!-- incontent_1 --><\/p>\n<div class=\"gptslot\" data-adunitid=\"1\"><\/div>\n<\/div>\n<h2>Don Bruno protagonista in tv: dopo The Voice Senior, a &#8220;Oggi \u00e8 un altro giorno&#8221;<\/h2>\n<p>C\u2019\u00e8 stato infatti anche don Bruno Maggion<a href=\"https:\/\/www.ilnotiziario.net\/wp\/prima-pagina\/don-bruno-the-voice-senior\/\" target=\"_blank\" rel=\"noopener\">i lui tra i concorrenti che si sono sfidati davanti ai quattro giudici:<\/a> Clementino, Gigi D\u2019Alessio, Loredana Bert\u00e9 e I Ricchi e Poveri. Questi ultimi per don Bruno sono una grandissima passione.<\/p>\n<p>&#8220;I miei colleghi preti magari non tutti erano d&#8217;accordo con questo mio modo di annunciare il Vangelo&#8221;, ha spiegato don Bruno in apertura di puntata a &#8220;Oggi \u00e8 un altro giorno&#8221;, nel primo pomeriggio di luned\u00ec 23. &#8220;Ma secondo me il Vangelo \u00e8 un annuncio di gioia, da fare con semplicit\u00e0. Noi siamo una feritoia, una finestra di speranza in tutte le case&#8221;.<\/p><div id=\"ilnot-3388538244\" class=\"ilnot-contenuto_2 ilnot-entity-placement\"><div class=\"ads-wrapper\">\n<div class=\"ad-slot\">\n   <div id=\"ilnot-4058829751\" style=\"margin-right: auto;margin-left: auto;text-align: center;width: 320px;height: 100px;\"><a href=\"https:\/\/www.scuolasicurezza.it\/\"><img decoding=\"async\" src=\"https:\/\/www.ilnotiziario.net\/wp\/wp-content\/uploads\/2026\/04\/IlNotiziario_banner-sito-e-newsletter-320-x-100-px-1.gif\" alt=\"\"><\/a><\/div>\n  <\/div>\n<div class=\"ad-slot\">\n   <div id=\"ilnot-3686197752\" style=\"margin-right: auto;margin-left: auto;text-align: center;width: 320px;height: 100px;\"><a href=\"https:\/\/purodesignarredamenti.com\/\"><img decoding=\"async\" src=\"https:\/\/www.ilnotiziario.net\/wp\/wp-content\/uploads\/2026\/04\/banner-puro-ok.gif\" alt=\"whatsapp\"><\/a><\/div><\/p><\/div>\n<\/div>\n<\/div>\n<p><a href=\"https:\/\/www.ilnotiziario.net\/wp\/wp-content\/uploads\/2023\/01\/IMG_7375-1.heic\"><img decoding=\"async\" class=\"alignnone size-full wp-image-177151\" src=\"https:\/\/www.ilnotiziario.net\/wp\/wp-content\/uploads\/2023\/01\/IMG_7375-1.heic\" alt=\"\"><\/a> <img decoding=\"async\" class=\"alignnone size-medium wp-image-177152\" src=\"https:\/\/www.ilnotiziario.net\/wp\/wp-content\/uploads\/2023\/01\/IMG_7376.heic\" alt=\"\" width=\"1\" height=\"1\"><img fetchpriority=\"high\" decoding=\"async\" class=\"alignnone size-medium wp-image-177155\" src=\"https:\/\/www.ilnotiziario.net\/wp\/wp-content\/uploads\/2023\/01\/don-bruno-bis-300x168.jpg\" alt=\"\" width=\"300\" height=\"168\" srcset=\"https:\/\/www.ilnotiziario.net\/wp\/wp-content\/uploads\/2023\/01\/don-bruno-bis-300x168.jpg 300w, https:\/\/www.ilnotiziario.net\/wp\/wp-content\/uploads\/2023\/01\/don-bruno-bis-150x84.jpg 150w, https:\/\/www.ilnotiziario.net\/wp\/wp-content\/uploads\/2023\/01\/don-bruno-bis-450x252.jpg 450w, https:\/\/www.ilnotiziario.net\/wp\/wp-content\/uploads\/2023\/01\/don-bruno-bis.jpg 687w\" sizes=\"(max-width: 300px) 100vw, 300px\" \/><\/p>\n<h2>Don Bruno canta: &#8220;Domanderemo al signor curato se \u00e8 peccato far l&#8217;amor&#8221;<\/h2>\n<p>Don Bruno, con grande autoironia, ha scherzato con i suoi parrocchiani, in collegamento video dalla Valsassina. Antonietta, perpetua del sacerdote, spiega: &#8220;Quando il don \u00e8 in casa e io lavoro, canta anche lui&#8221;. Lo stesso sacerdote spiega quale canzone: &#8220;Domanderemo al signor curato se l&#8217;\u00e8 peccato la fare l&#8217;amore: con quelle belle non \u00e8 peccato, con quelle brutte \u00e8 carit\u00e0&#8221;. Risate e simpatia, per don Bruno, che ha ricevuto anche un videomessaggio di Gigi D&#8217;Alessio: &#8220;Non ci siamo girati, in puntata, perch\u00e9 ha stonato leggermente&#8221;, sorride il cantante. &#8220;Ma per me \u00e8 stata un&#8217;esperienza gigantesca&#8221;, spiega ancora Don Bruno. &#8220;Aver contribuito a portare una gioia e serenit\u00e0 in chi ha visto la puntata \u00e8 stata la soddisfazione pi\u00f9 grande&#8221;.<\/p>\n<p>Nato lo stesso giorno di Papa Francesco, don Bruno porta sua semplicit\u00e0 con grande leggerezza: &#8220;Sono terzo figlio, quando ho comunicato ai miei genitori che sarei diventato prete non \u00e8 stato facile. Ho fatto il maestro, poi mi sono laureato in Pedagogia in Cattolica, ho fatto il servizio militare. Poi ho conosciuto i Ricchi e Poveri, mi sono fatto fatto fare un autografo da loro nel 1978, che conservo nel mio breviario. Ho fatto il cameriere, poi la vocazione. Mi sono dato per gli altri, facendomi sacerdote. Ho sempre avuto tanti oratori, sono riuscito a portare a Gardaland sei pullman pieni di ragazzi e non ho perso neanche un ragazzo&#8221;, continua don Bruno.<\/p>\n<h2>Don Bruno e il ricordo da coadiutore a Mozzate: &#8220;Quella volta tra Saronno e Tradate&#8230;&#8221;<\/h2>\n<p>Inevitabile il riferimento a Suor Cristina, altro personaggio reso noto negli scorsi anni a The Voice. Don Bruno guada le immagini in video e non si sottrae anche a riferimenti privati: &#8220;Ho avuto delle fidanzate, all&#8217;asilo mi piaceva una bambina, che oggi ha la mia et\u00e0. E che quando la incontro dice &#8216;io sono la fidanzata del don'&#8221;, racconta ridendo Don Bruno. &#8220;Agli sposi regalo pasta, scolapasta e giuggiole, simboli di fedelt\u00e0 e devozione. Difficilmente trovo qualcosa che mi fa arrabbiare. Una volta a Mozzate, tra Saronno e Tradate, ero coadiutore in oratorio. Alle due di notte i ragazzi facevano schiamazzi, li ho richiamati, mi hanno chiamato a scendere una birra con loro&#8221;.<\/p><div id=\"ilnot-244349753\" class=\"ilnot-contenuto_2-2 ilnot-entity-placement\"><div class=\"gptslot\" data-adunitid=\"2\"><\/div>\n<\/div>\n<p>Messaggi di Celestino, Giuseppe Cionfoli, poi anche un&#8217;esibizione live. Naturalmente &#8220;Mamma Maria&#8221;, cavallo di battaglia di don Bruno. Che ha cantato con il suo sorriso, la sua erre moscia, e ballato al ritmo delle note musicali. Senza evitare salti, picchi di entusiasmo e tanta leggerezza. Ricordando che &#8211; al di l\u00e0 del risultato canoro &#8211; l&#8217;obiettivo resta sempre quello di veicolare un messaggio di gioia. Come quello che, ricorda don Bruno, la musica attraverso di lui cerca di fare.&nbsp;&#8220;Che Ges\u00f9 esaudisca i vostri desideri e li realizzi&#8221;, chiude don Bruno<\/p>\n<p>&nbsp;<\/p>\n<p><strong>Redazione web<br \/>\n<em>Leggi ilNotiziario anche da pc, smartphone e tablet.&nbsp;<\/em><a href=\"http:\/\/edicola.ilnotiziario.net\/\">Clicca qui per la nostra edicola digitale<\/a><\/strong><\/p>\n<p>&nbsp;<\/p>\n","protected":false},"excerpt":{"rendered":"<p>Don Bruno Maggioni dalla Valsassina a The Voice Senior su Rai Uno: dopo essere andato in onda nella puntata di venerd\u00ec 20 gennaio, come annunciato qualche settimana fa,&nbsp;nel pomeriggio di luned\u00ec 23 \u00e8 stato ospite a &#8220;Oggi \u00e8 un altro giorno&#8221; di Serena Bertone, sempre sulla rete ammiraglia della Rai. Don Bruno protagonista in tv:<\/p>\n","protected":false},"author":3,"featured_media":177153,"comment_status":"closed","ping_status":"closed","sticky":false,"template":"","format":"standard","meta":{"footnotes":""},"categories":[3464,20],"tags":[266,6996,78,6525,56,2847,8049,4977],"class_list":{"0":"post-177141","1":"post","2":"type-post","3":"status-publish","4":"format-standard","5":"has-post-thumbnail","7":"category-lombardia","8":"category-prima-pagina","9":"tag-don-bruno","10":"tag-don-bruno-maggioni","11":"tag-mozzate","12":"tag-rai-1","13":"tag-saronno-2","14":"tag-the-voice","15":"tag-the-voice-senior","16":"tag-tradate"},"yoast_head":"<!-- This site is optimized with the Yoast SEO plugin v27.5 - https:\/\/yoast.com\/product\/yoast-seo-wordpress\/ -->\n<title>Don Bruno Maggioni, dopo The Voice di nuovo su Rai 1 da Serena Bortone - Il Notiziario<\/title>\n<meta name=\"description\" content=\"Don Bruno Maggioni da The Voice Senior a Oggi \u00e8 un altro giorno su Rai, con Serena Bertone\" \/>\n<meta name=\"robots\" content=\"index, follow, max-snippet:-1, max-image-preview:large, max-video-preview:-1\" \/>\n<link rel=\"canonical\" href=\"https:\/\/www.ilnotiziario.net\/wp\/lombardia\/don-bruno-maggioni-dopo-the-voice-di-nuovo-su-rai-1-da-serena-bortone\/\" \/>\n<meta property=\"og:locale\" content=\"it_IT\" \/>\n<meta property=\"og:type\" content=\"article\" \/>\n<meta property=\"og:title\" content=\"Don Bruno Maggioni, dopo The Voice di nuovo su Rai 1 da Serena Bortone - Il Notiziario\" \/>\n<meta property=\"og:description\" content=\"Don Bruno Maggioni da The Voice Senior a Oggi \u00e8 un altro giorno su Rai, con Serena Bertone\" \/>\n<meta property=\"og:url\" content=\"https:\/\/www.ilnotiziario.net\/wp\/lombardia\/don-bruno-maggioni-dopo-the-voice-di-nuovo-su-rai-1-da-serena-bortone\/\" \/>\n<meta property=\"og:site_name\" content=\"Il Notiziario\" \/>\n<meta property=\"article:publisher\" content=\"https:\/\/www.facebook.com\/ilnotiziarioind\/\" \/>\n<meta property=\"article:published_time\" content=\"2023-01-23T13:25:36+00:00\" \/>\n<meta property=\"article:modified_time\" content=\"2023-01-23T13:54:27+00:00\" \/>\n<meta property=\"og:image\" content=\"https:\/\/www.ilnotiziario.net\/wp\/wp-content\/uploads\/2023\/01\/Don-Bruno-ok.jpg\" \/>\n\t<meta property=\"og:image:width\" content=\"778\" \/>\n\t<meta property=\"og:image:height\" content=\"448\" \/>\n\t<meta property=\"og:image:type\" content=\"image\/jpeg\" \/>\n<meta name=\"author\" content=\"Gabriele Bassani\" \/>\n<meta name=\"twitter:card\" content=\"summary_large_image\" \/>\n<meta name=\"twitter:creator\" content=\"@ilNotiziarioInd\" \/>\n<meta name=\"twitter:site\" content=\"@ilNotiziarioInd\" \/>\n<meta name=\"twitter:label1\" content=\"Scritto da\" \/>\n\t<meta name=\"twitter:data1\" content=\"Gabriele Bassani\" \/>\n\t<meta name=\"twitter:label2\" content=\"Tempo di lettura stimato\" \/>\n\t<meta name=\"twitter:data2\" content=\"5 minuti\" \/>\n<script type=\"application\/ld+json\" class=\"yoast-schema-graph\">{\"@context\":\"https:\\\/\\\/schema.org\",\"@graph\":[{\"@type\":\"Article\",\"@id\":\"https:\\\/\\\/www.ilnotiziario.net\\\/wp\\\/lombardia\\\/don-bruno-maggioni-dopo-the-voice-di-nuovo-su-rai-1-da-serena-bortone\\\/#article\",\"isPartOf\":{\"@id\":\"https:\\\/\\\/www.ilnotiziario.net\\\/wp\\\/lombardia\\\/don-bruno-maggioni-dopo-the-voice-di-nuovo-su-rai-1-da-serena-bortone\\\/\"},\"author\":{\"name\":\"Gabriele Bassani\",\"@id\":\"https:\\\/\\\/www.ilnotiziario.net\\\/wp\\\/#\\\/schema\\\/person\\\/386e222908f898bb41c033989482bbf2\"},\"headline\":\"Don Bruno Maggioni, dopo The Voice di nuovo su Rai 1 da Serena Bortone\",\"datePublished\":\"2023-01-23T13:25:36+00:00\",\"dateModified\":\"2023-01-23T13:54:27+00:00\",\"mainEntityOfPage\":{\"@id\":\"https:\\\/\\\/www.ilnotiziario.net\\\/wp\\\/lombardia\\\/don-bruno-maggioni-dopo-the-voice-di-nuovo-su-rai-1-da-serena-bortone\\\/\"},\"wordCount\":658,\"publisher\":{\"@id\":\"https:\\\/\\\/www.ilnotiziario.net\\\/wp\\\/#organization\"},\"image\":{\"@id\":\"https:\\\/\\\/www.ilnotiziario.net\\\/wp\\\/lombardia\\\/don-bruno-maggioni-dopo-the-voice-di-nuovo-su-rai-1-da-serena-bortone\\\/#primaryimage\"},\"thumbnailUrl\":\"https:\\\/\\\/www.ilnotiziario.net\\\/wp\\\/wp-content\\\/uploads\\\/2023\\\/01\\\/Don-Bruno-ok.jpg\",\"keywords\":[\"don Bruno\",\"don bruno maggioni\",\"Mozzate\",\"Rai 1\",\"Saronno\",\"The Voice\",\"The voice senior\",\"Tradate\"],\"articleSection\":[\"CRONACA\",\"Prima Pagina\"],\"inLanguage\":\"it-IT\"},{\"@type\":\"WebPage\",\"@id\":\"https:\\\/\\\/www.ilnotiziario.net\\\/wp\\\/lombardia\\\/don-bruno-maggioni-dopo-the-voice-di-nuovo-su-rai-1-da-serena-bortone\\\/\",\"url\":\"https:\\\/\\\/www.ilnotiziario.net\\\/wp\\\/lombardia\\\/don-bruno-maggioni-dopo-the-voice-di-nuovo-su-rai-1-da-serena-bortone\\\/\",\"name\":\"Don Bruno Maggioni, dopo The Voice di nuovo su Rai 1 da Serena Bortone - Il Notiziario\",\"isPartOf\":{\"@id\":\"https:\\\/\\\/www.ilnotiziario.net\\\/wp\\\/#website\"},\"primaryImageOfPage\":{\"@id\":\"https:\\\/\\\/www.ilnotiziario.net\\\/wp\\\/lombardia\\\/don-bruno-maggioni-dopo-the-voice-di-nuovo-su-rai-1-da-serena-bortone\\\/#primaryimage\"},\"image\":{\"@id\":\"https:\\\/\\\/www.ilnotiziario.net\\\/wp\\\/lombardia\\\/don-bruno-maggioni-dopo-the-voice-di-nuovo-su-rai-1-da-serena-bortone\\\/#primaryimage\"},\"thumbnailUrl\":\"https:\\\/\\\/www.ilnotiziario.net\\\/wp\\\/wp-content\\\/uploads\\\/2023\\\/01\\\/Don-Bruno-ok.jpg\",\"datePublished\":\"2023-01-23T13:25:36+00:00\",\"dateModified\":\"2023-01-23T13:54:27+00:00\",\"description\":\"Don Bruno Maggioni da The Voice Senior a Oggi \u00e8 un altro giorno su Rai, con Serena Bertone\",\"breadcrumb\":{\"@id\":\"https:\\\/\\\/www.ilnotiziario.net\\\/wp\\\/lombardia\\\/don-bruno-maggioni-dopo-the-voice-di-nuovo-su-rai-1-da-serena-bortone\\\/#breadcrumb\"},\"inLanguage\":\"it-IT\",\"potentialAction\":[{\"@type\":\"ReadAction\",\"target\":[\"https:\\\/\\\/www.ilnotiziario.net\\\/wp\\\/lombardia\\\/don-bruno-maggioni-dopo-the-voice-di-nuovo-su-rai-1-da-serena-bortone\\\/\"]}]},{\"@type\":\"ImageObject\",\"inLanguage\":\"it-IT\",\"@id\":\"https:\\\/\\\/www.ilnotiziario.net\\\/wp\\\/lombardia\\\/don-bruno-maggioni-dopo-the-voice-di-nuovo-su-rai-1-da-serena-bortone\\\/#primaryimage\",\"url\":\"https:\\\/\\\/www.ilnotiziario.net\\\/wp\\\/wp-content\\\/uploads\\\/2023\\\/01\\\/Don-Bruno-ok.jpg\",\"contentUrl\":\"https:\\\/\\\/www.ilnotiziario.net\\\/wp\\\/wp-content\\\/uploads\\\/2023\\\/01\\\/Don-Bruno-ok.jpg\",\"width\":778,\"height\":448,\"caption\":\"Don Bruno su Rai 1\"},{\"@type\":\"BreadcrumbList\",\"@id\":\"https:\\\/\\\/www.ilnotiziario.net\\\/wp\\\/lombardia\\\/don-bruno-maggioni-dopo-the-voice-di-nuovo-su-rai-1-da-serena-bortone\\\/#breadcrumb\",\"itemListElement\":[{\"@type\":\"ListItem\",\"position\":1,\"name\":\"tds_text_logo_tagline_colortds_text_logo_tagline_colortds_text_logo_tagline_colortds_text_logo_tagline_colortd_module_7_title_excerpttd_module_7_title_excerpttd_module_7_title_excerpttd_module_7_title_excerptHome\",\"item\":\"https:\\\/\\\/www.ilnotiziario.net\\\/wp\\\/\"},{\"@type\":\"ListItem\",\"position\":2,\"name\":\"Don Bruno Maggioni, dopo The Voice di nuovo su Rai 1 da Serena Bortone\"}]},{\"@type\":\"WebSite\",\"@id\":\"https:\\\/\\\/www.ilnotiziario.net\\\/wp\\\/#website\",\"url\":\"https:\\\/\\\/www.ilnotiziario.net\\\/wp\\\/\",\"name\":\"Il Notiziario\",\"description\":\"Per restare sempre connessi alla notizia\",\"publisher\":{\"@id\":\"https:\\\/\\\/www.ilnotiziario.net\\\/wp\\\/#organization\"},\"alternateName\":\"Il Notiziario Bollate\",\"potentialAction\":[{\"@type\":\"SearchAction\",\"target\":{\"@type\":\"EntryPoint\",\"urlTemplate\":\"https:\\\/\\\/www.ilnotiziario.net\\\/wp\\\/?s={search_term_string}\"},\"query-input\":{\"@type\":\"PropertyValueSpecification\",\"valueRequired\":true,\"valueName\":\"search_term_string\"}}],\"inLanguage\":\"it-IT\"},{\"@type\":\"Organization\",\"@id\":\"https:\\\/\\\/www.ilnotiziario.net\\\/wp\\\/#organization\",\"name\":\"Il Notiziario\",\"url\":\"https:\\\/\\\/www.ilnotiziario.net\\\/wp\\\/\",\"logo\":{\"@type\":\"ImageObject\",\"inLanguage\":\"it-IT\",\"@id\":\"https:\\\/\\\/www.ilnotiziario.net\\\/wp\\\/#\\\/schema\\\/logo\\\/image\\\/\",\"url\":\"https:\\\/\\\/www.ilnotiziario.net\\\/wp\\\/wp-content\\\/uploads\\\/2022\\\/06\\\/170x170ilN.png\",\"contentUrl\":\"https:\\\/\\\/www.ilnotiziario.net\\\/wp\\\/wp-content\\\/uploads\\\/2022\\\/06\\\/170x170ilN.png\",\"width\":355,\"height\":355,\"caption\":\"Il Notiziario\"},\"image\":{\"@id\":\"https:\\\/\\\/www.ilnotiziario.net\\\/wp\\\/#\\\/schema\\\/logo\\\/image\\\/\"},\"sameAs\":[\"https:\\\/\\\/www.facebook.com\\\/ilnotiziarioind\\\/\",\"https:\\\/\\\/x.com\\\/ilNotiziarioInd\",\"https:\\\/\\\/www.instagram.com\\\/ilnotiziario_settimanale\\\/\"]},{\"@type\":\"Person\",\"@id\":\"https:\\\/\\\/www.ilnotiziario.net\\\/wp\\\/#\\\/schema\\\/person\\\/386e222908f898bb41c033989482bbf2\",\"name\":\"Gabriele Bassani\",\"image\":{\"@type\":\"ImageObject\",\"inLanguage\":\"it-IT\",\"@id\":\"https:\\\/\\\/secure.gravatar.com\\\/avatar\\\/09274f4a84fa97698bde56f84b3afed61c8492d48b0550db9671b68c177479cb?s=96&d=mm&r=g\",\"url\":\"https:\\\/\\\/secure.gravatar.com\\\/avatar\\\/09274f4a84fa97698bde56f84b3afed61c8492d48b0550db9671b68c177479cb?s=96&d=mm&r=g\",\"contentUrl\":\"https:\\\/\\\/secure.gravatar.com\\\/avatar\\\/09274f4a84fa97698bde56f84b3afed61c8492d48b0550db9671b68c177479cb?s=96&d=mm&r=g\",\"caption\":\"Gabriele Bassani\"},\"sameAs\":[\"http:\\\/\\\/www.ilnotiziario.net\"]}]}<\/script>\n<!-- \/ Yoast SEO plugin. -->","yoast_head_json":{"title":"Don Bruno Maggioni, dopo The Voice di nuovo su Rai 1 da Serena Bortone - Il Notiziario","description":"Don Bruno Maggioni da The Voice Senior a Oggi \u00e8 un altro giorno su Rai, con Serena Bertone","robots":{"index":"index","follow":"follow","max-snippet":"max-snippet:-1","max-image-preview":"max-image-preview:large","max-video-preview":"max-video-preview:-1"},"canonical":"https:\/\/www.ilnotiziario.net\/wp\/lombardia\/don-bruno-maggioni-dopo-the-voice-di-nuovo-su-rai-1-da-serena-bortone\/","og_locale":"it_IT","og_type":"article","og_title":"Don Bruno Maggioni, dopo The Voice di nuovo su Rai 1 da Serena Bortone - Il Notiziario","og_description":"Don Bruno Maggioni da The Voice Senior a Oggi \u00e8 un altro giorno su Rai, con Serena Bertone","og_url":"https:\/\/www.ilnotiziario.net\/wp\/lombardia\/don-bruno-maggioni-dopo-the-voice-di-nuovo-su-rai-1-da-serena-bortone\/","og_site_name":"Il Notiziario","article_publisher":"https:\/\/www.facebook.com\/ilnotiziarioind\/","article_published_time":"2023-01-23T13:25:36+00:00","article_modified_time":"2023-01-23T13:54:27+00:00","og_image":[{"width":778,"height":448,"url":"https:\/\/www.ilnotiziario.net\/wp\/wp-content\/uploads\/2023\/01\/Don-Bruno-ok.jpg","type":"image\/jpeg"}],"author":"Gabriele Bassani","twitter_card":"summary_large_image","twitter_creator":"@ilNotiziarioInd","twitter_site":"@ilNotiziarioInd","twitter_misc":{"Scritto da":"Gabriele Bassani","Tempo di lettura stimato":"5 minuti"},"schema":{"@context":"https:\/\/schema.org","@graph":[{"@type":"Article","@id":"https:\/\/www.ilnotiziario.net\/wp\/lombardia\/don-bruno-maggioni-dopo-the-voice-di-nuovo-su-rai-1-da-serena-bortone\/#article","isPartOf":{"@id":"https:\/\/www.ilnotiziario.net\/wp\/lombardia\/don-bruno-maggioni-dopo-the-voice-di-nuovo-su-rai-1-da-serena-bortone\/"},"author":{"name":"Gabriele Bassani","@id":"https:\/\/www.ilnotiziario.net\/wp\/#\/schema\/person\/386e222908f898bb41c033989482bbf2"},"headline":"Don Bruno Maggioni, dopo The Voice di nuovo su Rai 1 da Serena Bortone","datePublished":"2023-01-23T13:25:36+00:00","dateModified":"2023-01-23T13:54:27+00:00","mainEntityOfPage":{"@id":"https:\/\/www.ilnotiziario.net\/wp\/lombardia\/don-bruno-maggioni-dopo-the-voice-di-nuovo-su-rai-1-da-serena-bortone\/"},"wordCount":658,"publisher":{"@id":"https:\/\/www.ilnotiziario.net\/wp\/#organization"},"image":{"@id":"https:\/\/www.ilnotiziario.net\/wp\/lombardia\/don-bruno-maggioni-dopo-the-voice-di-nuovo-su-rai-1-da-serena-bortone\/#primaryimage"},"thumbnailUrl":"https:\/\/www.ilnotiziario.net\/wp\/wp-content\/uploads\/2023\/01\/Don-Bruno-ok.jpg","keywords":["don Bruno","don bruno maggioni","Mozzate","Rai 1","Saronno","The Voice","The voice senior","Tradate"],"articleSection":["CRONACA","Prima Pagina"],"inLanguage":"it-IT"},{"@type":"WebPage","@id":"https:\/\/www.ilnotiziario.net\/wp\/lombardia\/don-bruno-maggioni-dopo-the-voice-di-nuovo-su-rai-1-da-serena-bortone\/","url":"https:\/\/www.ilnotiziario.net\/wp\/lombardia\/don-bruno-maggioni-dopo-the-voice-di-nuovo-su-rai-1-da-serena-bortone\/","name":"Don Bruno Maggioni, dopo The Voice di nuovo su Rai 1 da Serena Bortone - Il Notiziario","isPartOf":{"@id":"https:\/\/www.ilnotiziario.net\/wp\/#website"},"primaryImageOfPage":{"@id":"https:\/\/www.ilnotiziario.net\/wp\/lombardia\/don-bruno-maggioni-dopo-the-voice-di-nuovo-su-rai-1-da-serena-bortone\/#primaryimage"},"image":{"@id":"https:\/\/www.ilnotiziario.net\/wp\/lombardia\/don-bruno-maggioni-dopo-the-voice-di-nuovo-su-rai-1-da-serena-bortone\/#primaryimage"},"thumbnailUrl":"https:\/\/www.ilnotiziario.net\/wp\/wp-content\/uploads\/2023\/01\/Don-Bruno-ok.jpg","datePublished":"2023-01-23T13:25:36+00:00","dateModified":"2023-01-23T13:54:27+00:00","description":"Don Bruno Maggioni da The Voice Senior a Oggi \u00e8 un altro giorno su Rai, con Serena Bertone","breadcrumb":{"@id":"https:\/\/www.ilnotiziario.net\/wp\/lombardia\/don-bruno-maggioni-dopo-the-voice-di-nuovo-su-rai-1-da-serena-bortone\/#breadcrumb"},"inLanguage":"it-IT","potentialAction":[{"@type":"ReadAction","target":["https:\/\/www.ilnotiziario.net\/wp\/lombardia\/don-bruno-maggioni-dopo-the-voice-di-nuovo-su-rai-1-da-serena-bortone\/"]}]},{"@type":"ImageObject","inLanguage":"it-IT","@id":"https:\/\/www.ilnotiziario.net\/wp\/lombardia\/don-bruno-maggioni-dopo-the-voice-di-nuovo-su-rai-1-da-serena-bortone\/#primaryimage","url":"https:\/\/www.ilnotiziario.net\/wp\/wp-content\/uploads\/2023\/01\/Don-Bruno-ok.jpg","contentUrl":"https:\/\/www.ilnotiziario.net\/wp\/wp-content\/uploads\/2023\/01\/Don-Bruno-ok.jpg","width":778,"height":448,"caption":"Don Bruno su Rai 1"},{"@type":"BreadcrumbList","@id":"https:\/\/www.ilnotiziario.net\/wp\/lombardia\/don-bruno-maggioni-dopo-the-voice-di-nuovo-su-rai-1-da-serena-bortone\/#breadcrumb","itemListElement":[{"@type":"ListItem","position":1,"name":"tds_text_logo_tagline_colortds_text_logo_tagline_colortds_text_logo_tagline_colortds_text_logo_tagline_colortd_module_7_title_excerpttd_module_7_title_excerpttd_module_7_title_excerpttd_module_7_title_excerptHome","item":"https:\/\/www.ilnotiziario.net\/wp\/"},{"@type":"ListItem","position":2,"name":"Don Bruno Maggioni, dopo The Voice di nuovo su Rai 1 da Serena Bortone"}]},{"@type":"WebSite","@id":"https:\/\/www.ilnotiziario.net\/wp\/#website","url":"https:\/\/www.ilnotiziario.net\/wp\/","name":"Il Notiziario","description":"Per restare sempre connessi alla notizia","publisher":{"@id":"https:\/\/www.ilnotiziario.net\/wp\/#organization"},"alternateName":"Il Notiziario Bollate","potentialAction":[{"@type":"SearchAction","target":{"@type":"EntryPoint","urlTemplate":"https:\/\/www.ilnotiziario.net\/wp\/?s={search_term_string}"},"query-input":{"@type":"PropertyValueSpecification","valueRequired":true,"valueName":"search_term_string"}}],"inLanguage":"it-IT"},{"@type":"Organization","@id":"https:\/\/www.ilnotiziario.net\/wp\/#organization","name":"Il Notiziario","url":"https:\/\/www.ilnotiziario.net\/wp\/","logo":{"@type":"ImageObject","inLanguage":"it-IT","@id":"https:\/\/www.ilnotiziario.net\/wp\/#\/schema\/logo\/image\/","url":"https:\/\/www.ilnotiziario.net\/wp\/wp-content\/uploads\/2022\/06\/170x170ilN.png","contentUrl":"https:\/\/www.ilnotiziario.net\/wp\/wp-content\/uploads\/2022\/06\/170x170ilN.png","width":355,"height":355,"caption":"Il Notiziario"},"image":{"@id":"https:\/\/www.ilnotiziario.net\/wp\/#\/schema\/logo\/image\/"},"sameAs":["https:\/\/www.facebook.com\/ilnotiziarioind\/","https:\/\/x.com\/ilNotiziarioInd","https:\/\/www.instagram.com\/ilnotiziario_settimanale\/"]},{"@type":"Person","@id":"https:\/\/www.ilnotiziario.net\/wp\/#\/schema\/person\/386e222908f898bb41c033989482bbf2","name":"Gabriele Bassani","image":{"@type":"ImageObject","inLanguage":"it-IT","@id":"https:\/\/secure.gravatar.com\/avatar\/09274f4a84fa97698bde56f84b3afed61c8492d48b0550db9671b68c177479cb?s=96&d=mm&r=g","url":"https:\/\/secure.gravatar.com\/avatar\/09274f4a84fa97698bde56f84b3afed61c8492d48b0550db9671b68c177479cb?s=96&d=mm&r=g","contentUrl":"https:\/\/secure.gravatar.com\/avatar\/09274f4a84fa97698bde56f84b3afed61c8492d48b0550db9671b68c177479cb?s=96&d=mm&r=g","caption":"Gabriele Bassani"},"sameAs":["http:\/\/www.ilnotiziario.net"]}]}},"_links":{"self":[{"href":"https:\/\/www.ilnotiziario.net\/wp\/wp-json\/wp\/v2\/posts\/177141","targetHints":{"allow":["GET"]}}],"collection":[{"href":"https:\/\/www.ilnotiziario.net\/wp\/wp-json\/wp\/v2\/posts"}],"about":[{"href":"https:\/\/www.ilnotiziario.net\/wp\/wp-json\/wp\/v2\/types\/post"}],"author":[{"embeddable":true,"href":"https:\/\/www.ilnotiziario.net\/wp\/wp-json\/wp\/v2\/users\/3"}],"replies":[{"embeddable":true,"href":"https:\/\/www.ilnotiziario.net\/wp\/wp-json\/wp\/v2\/comments?post=177141"}],"version-history":[{"count":0,"href":"https:\/\/www.ilnotiziario.net\/wp\/wp-json\/wp\/v2\/posts\/177141\/revisions"}],"wp:featuredmedia":[{"embeddable":true,"href":"https:\/\/www.ilnotiziario.net\/wp\/wp-json\/wp\/v2\/media\/177153"}],"wp:attachment":[{"href":"https:\/\/www.ilnotiziario.net\/wp\/wp-json\/wp\/v2\/media?parent=177141"}],"wp:term":[{"taxonomy":"category","embeddable":true,"href":"https:\/\/www.ilnotiziario.net\/wp\/wp-json\/wp\/v2\/categories?post=177141"},{"taxonomy":"post_tag","embeddable":true,"href":"https:\/\/www.ilnotiziario.net\/wp\/wp-json\/wp\/v2\/tags?post=177141"}],"curies":[{"name":"wp","href":"https:\/\/api.w.org\/{rel}","templated":true}]}}