{"id":177414,"date":"2023-01-27T07:00:06","date_gmt":"2023-01-27T06:00:06","guid":{"rendered":"https:\/\/www.ilnotiziario.net\/wp\/?p=177414"},"modified":"2023-01-26T14:26:37","modified_gmt":"2023-01-26T13:26:37","slug":"calcio-ceriano-prima","status":"publish","type":"post","link":"https:\/\/www.ilnotiziario.net\/wp\/sport\/calcio-ceriano-prima\/","title":{"rendered":"Calcio, Prima categoria: Ceriano mai cos\u00ec in alto nella sua storia"},"content":{"rendered":"<p>Nel calcio di Prima categoria, la scorsa domenica scorsa una delle partite nel gruppo B maggiormente sentite e seguite \u00e8 stata quella che ha visto affrontarsi i padroni di casa del <strong>Ceriano <\/strong>e il<strong> Rovellasca,<\/strong>&nbsp;che si trovava al vertice.<\/p><div id=\"ilnot-1580780276\" class=\"ilnot-contenuto ilnot-entity-placement\"><p><!-- incontent_1 --><\/p>\n<div class=\"gptslot\" data-adunitid=\"1\"><\/div>\n<\/div>\n<h2>Calcio, Ceriano mai cos\u00ec in alto nella sua storia: in vetta alla Prima<\/h2>\n<p>Una splendida partita con tanti spettatori sugli spalti e grandi emozioni, conclusa con il successo andato in rimonta a un grande Ceriano. Che, cos\u00ec, per la prima volta nella sua storia si vede cos\u00ec salire in vetta ad un torneo di Prima categoria. Grande soddisfazione per il presidente Basilico, che commenta cos\u00ec: <em>\u201cPer come \u00e8 maturata \u00e8 stata una di quelle vittorie che ti restano per un bel po&#8217;. Sotto di un gol i ragazzi hanno reagito alla grande e trovato prima il pareggio con Vismara e poi il vantaggio grazie ad uno splendido De Giorgi&#8221;. <\/em><\/p>\n<p>Prosegue Basilico: <em>&#8220;Nel finale attimi di paura per un calcio di rigore assegnato agli avversari che per\u00f2 il nostro grande portiere Arrivabeni ha neutralizzato, parando alla grande e salvando questi tre punti alquanto preziosi. Che ci portano anche un po&#8217; nella storia di questa societ\u00e0&#8221;. <\/em><\/p><div id=\"ilnot-1561365126\" class=\"ilnot-contenuto_2 ilnot-entity-placement\"><div class=\"ads-wrapper\">\n<div class=\"ad-slot\">\n   <div id=\"ilnot-2938912695\" style=\"margin-right: auto;margin-left: auto;text-align: center;width: 320px;height: 100px;\"><a href=\"https:\/\/www.scuolasicurezza.it\/\"><img decoding=\"async\" src=\"https:\/\/www.ilnotiziario.net\/wp\/wp-content\/uploads\/2026\/04\/IlNotiziario_banner-sito-e-newsletter-320-x-100-px-1.gif\" alt=\"\"><\/a><\/div>\n  <\/div>\n<div class=\"ad-slot\">\n   <div id=\"ilnot-2378759704\" style=\"margin-right: auto;margin-left: auto;text-align: center;width: 320px;height: 100px;\"><a href=\"https:\/\/purodesignarredamenti.com\/\"><img decoding=\"async\" src=\"https:\/\/www.ilnotiziario.net\/wp\/wp-content\/uploads\/2026\/04\/banner-puro-ok.gif\" alt=\"whatsapp\"><\/a><\/div><\/p><\/div>\n<\/div>\n<\/div>\n<h2>Ceriano, ora la sfida si chiama Cant\u00f9<\/h2>\n<p><em>&#8220;Grazie a tutti per la splendida gara giocata contro un Rovellasca veramente forte in tutti i reparti, un ringraziamento particolare all&#8217;estremo Mauro Arrivabeni e a De Giorgi grandi trascinatori di giornata. Non dobbiamo per\u00f2 ora festeggiare troppo perch\u00e8 in fin dei conti non abbiamo ancora fatto nulla in un girone poi veramente difficile e dove ogni settimana si pu\u00f2 rischiare la caduta contro chiunque. Gi\u00e0 domenica prossima dovremo stare molto attenti alla difficile trasferta in quel di Cant\u00f9 contro una squadra molto scorbutica e che lotta su ogni pallone fino al termine&#8230;\u201d.<br \/>\n<\/em><strong>Paolo Minora<\/strong><br \/>\n<strong><em>Leggi ilNotiziario anche da pc, smartphone e tablet.&nbsp;<\/em><a href=\"http:\/\/edicola.ilnotiziario.net\/\">Clicca qui per la nostra edicola digitale<\/a><\/strong><\/p>\n","protected":false},"excerpt":{"rendered":"<p>Nel calcio di Prima categoria, la scorsa domenica scorsa una delle partite nel gruppo B maggiormente sentite e seguite \u00e8 stata quella che ha visto affrontarsi i padroni di casa del Ceriano e il Rovellasca,&nbsp;che si trovava al vertice. Calcio, Ceriano mai cos\u00ec in alto nella sua storia: in vetta alla Prima Una splendida partita<\/p>\n","protected":false},"author":3,"featured_media":177415,"comment_status":"closed","ping_status":"closed","sticky":false,"template":"","format":"standard","meta":{"footnotes":""},"categories":[20,15],"tags":[12558,12556,112,10668,169,12557],"class_list":{"0":"post-177414","1":"post","2":"type-post","3":"status-publish","4":"format-standard","5":"has-post-thumbnail","7":"category-prima-pagina","8":"category-sport","9":"tag-arrivabeni-ceriano","10":"tag-basilico-ceriano","11":"tag-calcio","12":"tag-calcio-prima-categoria","13":"tag-ceriano","14":"tag-de-giorgi-ceriano"},"yoast_head":"<!-- This site is optimized with the Yoast SEO plugin v27.4 - https:\/\/yoast.com\/product\/yoast-seo-wordpress\/ -->\n<title>Calcio, Ceriano mai cos\u00ec in alto nel campionato di Prima categoria<\/title>\n<meta name=\"description\" content=\"Ceriano mai cos\u00ec in alto nella propria storia nel campionato di Prima categoria: domenica si va a Cant\u00f9, Basilico predica prudenza\" \/>\n<meta name=\"robots\" content=\"index, follow, max-snippet:-1, max-image-preview:large, max-video-preview:-1\" \/>\n<link rel=\"canonical\" href=\"https:\/\/www.ilnotiziario.net\/wp\/sport\/calcio-ceriano-prima\/\" \/>\n<meta property=\"og:locale\" content=\"it_IT\" \/>\n<meta property=\"og:type\" content=\"article\" \/>\n<meta property=\"og:title\" content=\"Calcio, Ceriano mai cos\u00ec in alto nel campionato di Prima categoria\" \/>\n<meta property=\"og:description\" content=\"Ceriano mai cos\u00ec in alto nella propria storia nel campionato di Prima categoria: domenica si va a Cant\u00f9, Basilico predica prudenza\" \/>\n<meta property=\"og:url\" content=\"https:\/\/www.ilnotiziario.net\/wp\/sport\/calcio-ceriano-prima\/\" \/>\n<meta property=\"og:site_name\" content=\"Il Notiziario\" \/>\n<meta property=\"article:publisher\" content=\"https:\/\/www.facebook.com\/ilnotiziarioind\/\" \/>\n<meta property=\"article:published_time\" content=\"2023-01-27T06:00:06+00:00\" \/>\n<meta property=\"og:image\" content=\"https:\/\/www.ilnotiziario.net\/wp\/wp-content\/uploads\/2023\/01\/CALCIO-X-GIORN-Ceriano-Laghetto.png\" \/>\n\t<meta property=\"og:image:width\" content=\"600\" \/>\n\t<meta property=\"og:image:height\" content=\"399\" \/>\n\t<meta property=\"og:image:type\" content=\"image\/png\" \/>\n<meta name=\"author\" content=\"Gabriele Bassani\" \/>\n<meta name=\"twitter:card\" content=\"summary_large_image\" \/>\n<meta name=\"twitter:creator\" content=\"@ilNotiziarioInd\" \/>\n<meta name=\"twitter:site\" content=\"@ilNotiziarioInd\" \/>\n<meta name=\"twitter:label1\" content=\"Scritto da\" \/>\n\t<meta name=\"twitter:data1\" content=\"Gabriele Bassani\" \/>\n\t<meta name=\"twitter:label2\" content=\"Tempo di lettura stimato\" \/>\n\t<meta name=\"twitter:data2\" content=\"2 minuti\" \/>\n<script type=\"application\/ld+json\" class=\"yoast-schema-graph\">{\"@context\":\"https:\\\/\\\/schema.org\",\"@graph\":[{\"@type\":\"Article\",\"@id\":\"https:\\\/\\\/www.ilnotiziario.net\\\/wp\\\/sport\\\/calcio-ceriano-prima\\\/#article\",\"isPartOf\":{\"@id\":\"https:\\\/\\\/www.ilnotiziario.net\\\/wp\\\/sport\\\/calcio-ceriano-prima\\\/\"},\"author\":{\"name\":\"Gabriele Bassani\",\"@id\":\"https:\\\/\\\/www.ilnotiziario.net\\\/wp\\\/#\\\/schema\\\/person\\\/386e222908f898bb41c033989482bbf2\"},\"headline\":\"Calcio, Prima categoria: Ceriano mai cos\u00ec in alto nella sua storia\",\"datePublished\":\"2023-01-27T06:00:06+00:00\",\"mainEntityOfPage\":{\"@id\":\"https:\\\/\\\/www.ilnotiziario.net\\\/wp\\\/sport\\\/calcio-ceriano-prima\\\/\"},\"wordCount\":321,\"publisher\":{\"@id\":\"https:\\\/\\\/www.ilnotiziario.net\\\/wp\\\/#organization\"},\"image\":{\"@id\":\"https:\\\/\\\/www.ilnotiziario.net\\\/wp\\\/sport\\\/calcio-ceriano-prima\\\/#primaryimage\"},\"thumbnailUrl\":\"https:\\\/\\\/www.ilnotiziario.net\\\/wp\\\/wp-content\\\/uploads\\\/2023\\\/01\\\/CALCIO-X-GIORN-Ceriano-Laghetto.png\",\"keywords\":[\"arrivabeni ceriano\",\"basilico ceriano\",\"calcio\",\"calcio prima categoria\",\"Ceriano\",\"de giorgi ceriano\"],\"articleSection\":[\"Prima Pagina\",\"SPORT\"],\"inLanguage\":\"it-IT\"},{\"@type\":\"WebPage\",\"@id\":\"https:\\\/\\\/www.ilnotiziario.net\\\/wp\\\/sport\\\/calcio-ceriano-prima\\\/\",\"url\":\"https:\\\/\\\/www.ilnotiziario.net\\\/wp\\\/sport\\\/calcio-ceriano-prima\\\/\",\"name\":\"Calcio, Ceriano mai cos\u00ec in alto nel campionato di Prima categoria\",\"isPartOf\":{\"@id\":\"https:\\\/\\\/www.ilnotiziario.net\\\/wp\\\/#website\"},\"primaryImageOfPage\":{\"@id\":\"https:\\\/\\\/www.ilnotiziario.net\\\/wp\\\/sport\\\/calcio-ceriano-prima\\\/#primaryimage\"},\"image\":{\"@id\":\"https:\\\/\\\/www.ilnotiziario.net\\\/wp\\\/sport\\\/calcio-ceriano-prima\\\/#primaryimage\"},\"thumbnailUrl\":\"https:\\\/\\\/www.ilnotiziario.net\\\/wp\\\/wp-content\\\/uploads\\\/2023\\\/01\\\/CALCIO-X-GIORN-Ceriano-Laghetto.png\",\"datePublished\":\"2023-01-27T06:00:06+00:00\",\"description\":\"Ceriano mai cos\u00ec in alto nella propria storia nel campionato di Prima categoria: domenica si va a Cant\u00f9, Basilico predica prudenza\",\"breadcrumb\":{\"@id\":\"https:\\\/\\\/www.ilnotiziario.net\\\/wp\\\/sport\\\/calcio-ceriano-prima\\\/#breadcrumb\"},\"inLanguage\":\"it-IT\",\"potentialAction\":[{\"@type\":\"ReadAction\",\"target\":[\"https:\\\/\\\/www.ilnotiziario.net\\\/wp\\\/sport\\\/calcio-ceriano-prima\\\/\"]}]},{\"@type\":\"ImageObject\",\"inLanguage\":\"it-IT\",\"@id\":\"https:\\\/\\\/www.ilnotiziario.net\\\/wp\\\/sport\\\/calcio-ceriano-prima\\\/#primaryimage\",\"url\":\"https:\\\/\\\/www.ilnotiziario.net\\\/wp\\\/wp-content\\\/uploads\\\/2023\\\/01\\\/CALCIO-X-GIORN-Ceriano-Laghetto.png\",\"contentUrl\":\"https:\\\/\\\/www.ilnotiziario.net\\\/wp\\\/wp-content\\\/uploads\\\/2023\\\/01\\\/CALCIO-X-GIORN-Ceriano-Laghetto.png\",\"width\":600,\"height\":399,\"caption\":\"Calcio, Prima categoria: Ceriano mai cos\u00ec in alto nella sua storia\"},{\"@type\":\"BreadcrumbList\",\"@id\":\"https:\\\/\\\/www.ilnotiziario.net\\\/wp\\\/sport\\\/calcio-ceriano-prima\\\/#breadcrumb\",\"itemListElement\":[{\"@type\":\"ListItem\",\"position\":1,\"name\":\"tds_text_logo_tagline_colortds_text_logo_tagline_colortds_text_logo_tagline_colortds_text_logo_tagline_colortd_module_7_title_excerpttd_module_7_title_excerpttd_module_7_title_excerpttd_module_7_title_excerptHome\",\"item\":\"https:\\\/\\\/www.ilnotiziario.net\\\/wp\\\/\"},{\"@type\":\"ListItem\",\"position\":2,\"name\":\"Calcio, Prima categoria: Ceriano mai cos\u00ec in alto nella sua storia\"}]},{\"@type\":\"WebSite\",\"@id\":\"https:\\\/\\\/www.ilnotiziario.net\\\/wp\\\/#website\",\"url\":\"https:\\\/\\\/www.ilnotiziario.net\\\/wp\\\/\",\"name\":\"Il Notiziario\",\"description\":\"Per restare sempre connessi alla notizia\",\"publisher\":{\"@id\":\"https:\\\/\\\/www.ilnotiziario.net\\\/wp\\\/#organization\"},\"alternateName\":\"Il Notiziario Bollate\",\"potentialAction\":[{\"@type\":\"SearchAction\",\"target\":{\"@type\":\"EntryPoint\",\"urlTemplate\":\"https:\\\/\\\/www.ilnotiziario.net\\\/wp\\\/?s={search_term_string}\"},\"query-input\":{\"@type\":\"PropertyValueSpecification\",\"valueRequired\":true,\"valueName\":\"search_term_string\"}}],\"inLanguage\":\"it-IT\"},{\"@type\":\"Organization\",\"@id\":\"https:\\\/\\\/www.ilnotiziario.net\\\/wp\\\/#organization\",\"name\":\"Il Notiziario\",\"url\":\"https:\\\/\\\/www.ilnotiziario.net\\\/wp\\\/\",\"logo\":{\"@type\":\"ImageObject\",\"inLanguage\":\"it-IT\",\"@id\":\"https:\\\/\\\/www.ilnotiziario.net\\\/wp\\\/#\\\/schema\\\/logo\\\/image\\\/\",\"url\":\"https:\\\/\\\/www.ilnotiziario.net\\\/wp\\\/wp-content\\\/uploads\\\/2022\\\/06\\\/170x170ilN.png\",\"contentUrl\":\"https:\\\/\\\/www.ilnotiziario.net\\\/wp\\\/wp-content\\\/uploads\\\/2022\\\/06\\\/170x170ilN.png\",\"width\":355,\"height\":355,\"caption\":\"Il Notiziario\"},\"image\":{\"@id\":\"https:\\\/\\\/www.ilnotiziario.net\\\/wp\\\/#\\\/schema\\\/logo\\\/image\\\/\"},\"sameAs\":[\"https:\\\/\\\/www.facebook.com\\\/ilnotiziarioind\\\/\",\"https:\\\/\\\/x.com\\\/ilNotiziarioInd\",\"https:\\\/\\\/www.instagram.com\\\/ilnotiziario_settimanale\\\/\"]},{\"@type\":\"Person\",\"@id\":\"https:\\\/\\\/www.ilnotiziario.net\\\/wp\\\/#\\\/schema\\\/person\\\/386e222908f898bb41c033989482bbf2\",\"name\":\"Gabriele Bassani\",\"image\":{\"@type\":\"ImageObject\",\"inLanguage\":\"it-IT\",\"@id\":\"https:\\\/\\\/secure.gravatar.com\\\/avatar\\\/09274f4a84fa97698bde56f84b3afed61c8492d48b0550db9671b68c177479cb?s=96&d=mm&r=g\",\"url\":\"https:\\\/\\\/secure.gravatar.com\\\/avatar\\\/09274f4a84fa97698bde56f84b3afed61c8492d48b0550db9671b68c177479cb?s=96&d=mm&r=g\",\"contentUrl\":\"https:\\\/\\\/secure.gravatar.com\\\/avatar\\\/09274f4a84fa97698bde56f84b3afed61c8492d48b0550db9671b68c177479cb?s=96&d=mm&r=g\",\"caption\":\"Gabriele Bassani\"},\"sameAs\":[\"http:\\\/\\\/www.ilnotiziario.net\"]}]}<\/script>\n<!-- \/ Yoast SEO plugin. -->","yoast_head_json":{"title":"Calcio, Ceriano mai cos\u00ec in alto nel campionato di Prima categoria","description":"Ceriano mai cos\u00ec in alto nella propria storia nel campionato di Prima categoria: domenica si va a Cant\u00f9, Basilico predica prudenza","robots":{"index":"index","follow":"follow","max-snippet":"max-snippet:-1","max-image-preview":"max-image-preview:large","max-video-preview":"max-video-preview:-1"},"canonical":"https:\/\/www.ilnotiziario.net\/wp\/sport\/calcio-ceriano-prima\/","og_locale":"it_IT","og_type":"article","og_title":"Calcio, Ceriano mai cos\u00ec in alto nel campionato di Prima categoria","og_description":"Ceriano mai cos\u00ec in alto nella propria storia nel campionato di Prima categoria: domenica si va a Cant\u00f9, Basilico predica prudenza","og_url":"https:\/\/www.ilnotiziario.net\/wp\/sport\/calcio-ceriano-prima\/","og_site_name":"Il Notiziario","article_publisher":"https:\/\/www.facebook.com\/ilnotiziarioind\/","article_published_time":"2023-01-27T06:00:06+00:00","og_image":[{"width":600,"height":399,"url":"https:\/\/www.ilnotiziario.net\/wp\/wp-content\/uploads\/2023\/01\/CALCIO-X-GIORN-Ceriano-Laghetto.png","type":"image\/png"}],"author":"Gabriele Bassani","twitter_card":"summary_large_image","twitter_creator":"@ilNotiziarioInd","twitter_site":"@ilNotiziarioInd","twitter_misc":{"Scritto da":"Gabriele Bassani","Tempo di lettura stimato":"2 minuti"},"schema":{"@context":"https:\/\/schema.org","@graph":[{"@type":"Article","@id":"https:\/\/www.ilnotiziario.net\/wp\/sport\/calcio-ceriano-prima\/#article","isPartOf":{"@id":"https:\/\/www.ilnotiziario.net\/wp\/sport\/calcio-ceriano-prima\/"},"author":{"name":"Gabriele Bassani","@id":"https:\/\/www.ilnotiziario.net\/wp\/#\/schema\/person\/386e222908f898bb41c033989482bbf2"},"headline":"Calcio, Prima categoria: Ceriano mai cos\u00ec in alto nella sua storia","datePublished":"2023-01-27T06:00:06+00:00","mainEntityOfPage":{"@id":"https:\/\/www.ilnotiziario.net\/wp\/sport\/calcio-ceriano-prima\/"},"wordCount":321,"publisher":{"@id":"https:\/\/www.ilnotiziario.net\/wp\/#organization"},"image":{"@id":"https:\/\/www.ilnotiziario.net\/wp\/sport\/calcio-ceriano-prima\/#primaryimage"},"thumbnailUrl":"https:\/\/www.ilnotiziario.net\/wp\/wp-content\/uploads\/2023\/01\/CALCIO-X-GIORN-Ceriano-Laghetto.png","keywords":["arrivabeni ceriano","basilico ceriano","calcio","calcio prima categoria","Ceriano","de giorgi ceriano"],"articleSection":["Prima Pagina","SPORT"],"inLanguage":"it-IT"},{"@type":"WebPage","@id":"https:\/\/www.ilnotiziario.net\/wp\/sport\/calcio-ceriano-prima\/","url":"https:\/\/www.ilnotiziario.net\/wp\/sport\/calcio-ceriano-prima\/","name":"Calcio, Ceriano mai cos\u00ec in alto nel campionato di Prima categoria","isPartOf":{"@id":"https:\/\/www.ilnotiziario.net\/wp\/#website"},"primaryImageOfPage":{"@id":"https:\/\/www.ilnotiziario.net\/wp\/sport\/calcio-ceriano-prima\/#primaryimage"},"image":{"@id":"https:\/\/www.ilnotiziario.net\/wp\/sport\/calcio-ceriano-prima\/#primaryimage"},"thumbnailUrl":"https:\/\/www.ilnotiziario.net\/wp\/wp-content\/uploads\/2023\/01\/CALCIO-X-GIORN-Ceriano-Laghetto.png","datePublished":"2023-01-27T06:00:06+00:00","description":"Ceriano mai cos\u00ec in alto nella propria storia nel campionato di Prima categoria: domenica si va a Cant\u00f9, Basilico predica prudenza","breadcrumb":{"@id":"https:\/\/www.ilnotiziario.net\/wp\/sport\/calcio-ceriano-prima\/#breadcrumb"},"inLanguage":"it-IT","potentialAction":[{"@type":"ReadAction","target":["https:\/\/www.ilnotiziario.net\/wp\/sport\/calcio-ceriano-prima\/"]}]},{"@type":"ImageObject","inLanguage":"it-IT","@id":"https:\/\/www.ilnotiziario.net\/wp\/sport\/calcio-ceriano-prima\/#primaryimage","url":"https:\/\/www.ilnotiziario.net\/wp\/wp-content\/uploads\/2023\/01\/CALCIO-X-GIORN-Ceriano-Laghetto.png","contentUrl":"https:\/\/www.ilnotiziario.net\/wp\/wp-content\/uploads\/2023\/01\/CALCIO-X-GIORN-Ceriano-Laghetto.png","width":600,"height":399,"caption":"Calcio, Prima categoria: Ceriano mai cos\u00ec in alto nella sua storia"},{"@type":"BreadcrumbList","@id":"https:\/\/www.ilnotiziario.net\/wp\/sport\/calcio-ceriano-prima\/#breadcrumb","itemListElement":[{"@type":"ListItem","position":1,"name":"tds_text_logo_tagline_colortds_text_logo_tagline_colortds_text_logo_tagline_colortds_text_logo_tagline_colortd_module_7_title_excerpttd_module_7_title_excerpttd_module_7_title_excerpttd_module_7_title_excerptHome","item":"https:\/\/www.ilnotiziario.net\/wp\/"},{"@type":"ListItem","position":2,"name":"Calcio, Prima categoria: Ceriano mai cos\u00ec in alto nella sua storia"}]},{"@type":"WebSite","@id":"https:\/\/www.ilnotiziario.net\/wp\/#website","url":"https:\/\/www.ilnotiziario.net\/wp\/","name":"Il Notiziario","description":"Per restare sempre connessi alla notizia","publisher":{"@id":"https:\/\/www.ilnotiziario.net\/wp\/#organization"},"alternateName":"Il Notiziario Bollate","potentialAction":[{"@type":"SearchAction","target":{"@type":"EntryPoint","urlTemplate":"https:\/\/www.ilnotiziario.net\/wp\/?s={search_term_string}"},"query-input":{"@type":"PropertyValueSpecification","valueRequired":true,"valueName":"search_term_string"}}],"inLanguage":"it-IT"},{"@type":"Organization","@id":"https:\/\/www.ilnotiziario.net\/wp\/#organization","name":"Il Notiziario","url":"https:\/\/www.ilnotiziario.net\/wp\/","logo":{"@type":"ImageObject","inLanguage":"it-IT","@id":"https:\/\/www.ilnotiziario.net\/wp\/#\/schema\/logo\/image\/","url":"https:\/\/www.ilnotiziario.net\/wp\/wp-content\/uploads\/2022\/06\/170x170ilN.png","contentUrl":"https:\/\/www.ilnotiziario.net\/wp\/wp-content\/uploads\/2022\/06\/170x170ilN.png","width":355,"height":355,"caption":"Il Notiziario"},"image":{"@id":"https:\/\/www.ilnotiziario.net\/wp\/#\/schema\/logo\/image\/"},"sameAs":["https:\/\/www.facebook.com\/ilnotiziarioind\/","https:\/\/x.com\/ilNotiziarioInd","https:\/\/www.instagram.com\/ilnotiziario_settimanale\/"]},{"@type":"Person","@id":"https:\/\/www.ilnotiziario.net\/wp\/#\/schema\/person\/386e222908f898bb41c033989482bbf2","name":"Gabriele Bassani","image":{"@type":"ImageObject","inLanguage":"it-IT","@id":"https:\/\/secure.gravatar.com\/avatar\/09274f4a84fa97698bde56f84b3afed61c8492d48b0550db9671b68c177479cb?s=96&d=mm&r=g","url":"https:\/\/secure.gravatar.com\/avatar\/09274f4a84fa97698bde56f84b3afed61c8492d48b0550db9671b68c177479cb?s=96&d=mm&r=g","contentUrl":"https:\/\/secure.gravatar.com\/avatar\/09274f4a84fa97698bde56f84b3afed61c8492d48b0550db9671b68c177479cb?s=96&d=mm&r=g","caption":"Gabriele Bassani"},"sameAs":["http:\/\/www.ilnotiziario.net"]}]}},"_links":{"self":[{"href":"https:\/\/www.ilnotiziario.net\/wp\/wp-json\/wp\/v2\/posts\/177414","targetHints":{"allow":["GET"]}}],"collection":[{"href":"https:\/\/www.ilnotiziario.net\/wp\/wp-json\/wp\/v2\/posts"}],"about":[{"href":"https:\/\/www.ilnotiziario.net\/wp\/wp-json\/wp\/v2\/types\/post"}],"author":[{"embeddable":true,"href":"https:\/\/www.ilnotiziario.net\/wp\/wp-json\/wp\/v2\/users\/3"}],"replies":[{"embeddable":true,"href":"https:\/\/www.ilnotiziario.net\/wp\/wp-json\/wp\/v2\/comments?post=177414"}],"version-history":[{"count":0,"href":"https:\/\/www.ilnotiziario.net\/wp\/wp-json\/wp\/v2\/posts\/177414\/revisions"}],"wp:featuredmedia":[{"embeddable":true,"href":"https:\/\/www.ilnotiziario.net\/wp\/wp-json\/wp\/v2\/media\/177415"}],"wp:attachment":[{"href":"https:\/\/www.ilnotiziario.net\/wp\/wp-json\/wp\/v2\/media?parent=177414"}],"wp:term":[{"taxonomy":"category","embeddable":true,"href":"https:\/\/www.ilnotiziario.net\/wp\/wp-json\/wp\/v2\/categories?post=177414"},{"taxonomy":"post_tag","embeddable":true,"href":"https:\/\/www.ilnotiziario.net\/wp\/wp-json\/wp\/v2\/tags?post=177414"}],"curies":[{"name":"wp","href":"https:\/\/api.w.org\/{rel}","templated":true}]}}