{"id":177589,"date":"2023-01-30T09:30:18","date_gmt":"2023-01-30T08:30:18","guid":{"rendered":"https:\/\/www.ilnotiziario.net\/wp\/?p=177589"},"modified":"2023-01-30T05:57:24","modified_gmt":"2023-01-30T04:57:24","slug":"bollate-lorto-dei-sogni-e-diventato-realta","status":"publish","type":"post","link":"https:\/\/www.ilnotiziario.net\/wp\/bollatese\/bollate-lorto-dei-sogni-e-diventato-realta\/","title":{"rendered":"Bollate: l\u2019orto dei sogni \u00e8 diventato realt\u00e0"},"content":{"rendered":"<p>Bollate: l\u2019orto dei sogni \u00e8 diventato realt\u00e0.&nbsp;In via De Gasperi, nella zona di Bollate vicina al confine con Cascina del Sole, \u00e8 in corso un\u2019esperienza decisamente bella e innovativa che \u00e8 nata da un\u2019idea del settore Ambiente del Comune e ha visto la collaborazione di due importanti realt\u00e0 del sociale quali sono le cooperative sociali Larcobaleno e Abpsi.<\/p><div id=\"ilnot-1151760389\" class=\"ilnot-contenuto ilnot-entity-placement\"><p><!-- incontent_1 --><\/p>\n<div class=\"gptslot\" data-adunitid=\"1\"><\/div>\n<\/div>\n<p>Di che cosa si tratta? Di un orto collettivo. S\u00ec, un terreno dove coltivare frutta e verdura. Il Comune \u00e8 proprietario di un terreno di circa 750 metri quadri che si trova all\u2019inizio di via De Gasperi, accanto al parcheggio, e che \u00e8 rimasto per molti anni inutilizzato. Ma perch\u00e9 lasciare abbandonato un patrimonio che potrebbe dare benefici sociali? Questa \u00e8 stata l\u2019idea che ha visto lavorare uffici tecnici e ambientali insieme all\u2019assessore e agli uffici finanziari. Un bel lavoro di squadra che ha portato prima a risistemare e attrezzare l\u2019area con risorse interne al Comune, poi a un bando per assegnare tale terreno a chi fosse in grado di dargli un valore sociale. E cos\u00ec \u00e8 stato.<\/p>\n<figure id=\"attachment_177591\" aria-describedby=\"caption-attachment-177591\" style=\"width: 300px\" class=\"wp-caption alignnone\"><img fetchpriority=\"high\" decoding=\"async\" class=\"size-medium wp-image-177591\" src=\"https:\/\/www.ilnotiziario.net\/wp\/wp-content\/uploads\/2023\/01\/Bollate-orto-sogni-realta2-300x205.jpg\" alt=\"\" width=\"300\" height=\"205\" srcset=\"https:\/\/www.ilnotiziario.net\/wp\/wp-content\/uploads\/2023\/01\/Bollate-orto-sogni-realta2-300x205.jpg 300w, https:\/\/www.ilnotiziario.net\/wp\/wp-content\/uploads\/2023\/01\/Bollate-orto-sogni-realta2-768x525.jpg 768w, https:\/\/www.ilnotiziario.net\/wp\/wp-content\/uploads\/2023\/01\/Bollate-orto-sogni-realta2-150x103.jpg 150w, https:\/\/www.ilnotiziario.net\/wp\/wp-content\/uploads\/2023\/01\/Bollate-orto-sogni-realta2-450x308.jpg 450w, https:\/\/www.ilnotiziario.net\/wp\/wp-content\/uploads\/2023\/01\/Bollate-orto-sogni-realta2.jpg 791w\" sizes=\"(max-width: 300px) 100vw, 300px\" \/><figcaption id=\"caption-attachment-177591\" class=\"wp-caption-text\">Bollate, l&#8217;orto dei sogni \u00e8 diventato realt\u00e0<\/figcaption><\/figure>\n<h2>Bollate: l&#8217;orto dei sogni: una realt\u00e0 per il sociale<\/h2>\n<p>Il bando, che si \u00e8 svolto lo scorso anno, ha visto l\u2019assegnazione dell\u2019area dell\u2019orto urbano a due cooperative sociali: in parte a Larcobaleno che da tanti anni si occupa dei ragazzi diversamente abili, e in parte ad Abpsi, che si occupa di psicomotricit\u00e0, Dsa, neuropsicologia, mediazione familiare e altro ancora. Ma perch\u00e9 queste due cooperative hanno partecipato al bando? Perch\u00e8 hanno pensato di creare attivit\u00e0 con i ragazzi legate alla cura di un orto, ovviamente con l\u2019aiuto di alcuni volontari che ne sanno di pi\u00f9 e possono dare una mano a questi giovani.<\/p><div id=\"ilnot-2150041628\" class=\"ilnot-contenuto_2 ilnot-entity-placement\"><div class=\"ads-wrapper\">\n<div class=\"ad-slot\">\n   <div id=\"ilnot-3443512499\" style=\"margin-right: auto;margin-left: auto;text-align: center;width: 320px;height: 100px;\"><a href=\"https:\/\/www.scuolasicurezza.it\/\"><img decoding=\"async\" src=\"https:\/\/www.ilnotiziario.net\/wp\/wp-content\/uploads\/2026\/04\/IlNotiziario_banner-sito-e-newsletter-320-x-100-px-1.gif\" alt=\"\"><\/a><\/div>\n  <\/div>\n<div class=\"ad-slot\">\n   <div id=\"ilnot-3410288307\" style=\"margin-right: auto;margin-left: auto;text-align: center;width: 320px;height: 100px;\"><a href=\"https:\/\/purodesignarredamenti.com\/\"><img decoding=\"async\" src=\"https:\/\/www.ilnotiziario.net\/wp\/wp-content\/uploads\/2026\/04\/banner-puro-ok.gif\" alt=\"whatsapp\"><\/a><\/div><\/p><\/div>\n<\/div>\n<\/div>\n<p>E\u2019 cos\u00ec che dal giugno scorso ragazzi, educatori e volontari hanno cominciato un duro lavoro: hanno tagliato l\u2019erba alta, spianato il terreno della parte a frutteto e cominciato a coltivare. Venerd\u00ec scorso, dopo sei mesi di lavoro, Cinzia Miano presidente de Larcobaleno e Chiara Panseri presidente di Abpsi hanno fatto il punto della situazione col Notiziario, incontrandoci direttamente sul posto insieme ai volontari e ai ragazzi.<\/p>\n<h2>La collaborazione tra le due cooperative<\/h2>\n<p>\u201cLa cosa che ci \u00e8 piaciuta di pi\u00f9 di questo progetto \u2013 ha spiegato Cinzia Miano \u2013 \u00e8 stata quella di riuscire a mettere insieme i ragazzi con gli educatori, i genitori e i volontari. C\u2019\u00e8 una grande condivisione e abbiamo ricevuto un grande aiuto anche dai ragazzi del Servizio formazione all\u2019autonomia, che \u00e8 uno dei due servizi, insieme al Centro socio educativo, che la nostra cooperativa porta avanti. Per i ragazzi del Cse questo progetto serve a metterli in contatto con la natura e a rendersi utili, per i ragazzi dello Sfa serve anche per far emergere le loro competenze\u201d. Chiara Panseri di Abpsi ci spiega invece che la loro cooperativa ha portato all\u2019orto i bimbi per il camp estivo, ma ci sono allo studio anche altri progetti per gli adolescenti; inoltre Abpsi segue un gruppo di persone anziane che stanno svolgendo attivit\u00e0 di riattivazione cognitiva e proprio questo gruppo sta dando una valida mano a portare avanti il progetto.<\/p>\n<p>Ma tra le due cooperative c\u2019\u00e8 una forte collaborazione per sostenere questi progetti sociali, e una mano fondamentale arriva dai volontari. Per chi \u00e8 interessato di pi\u00f9 all\u2019aspetto botanico che non sociale , il frutteto vede la presenza di albicocco, kiwi, nocciolo, ciliegio, pero, susini, melo\u2026 Nella met\u00e0 a orto invece attualmente si stanno coltivando verze, cavolini di Bruxelles e cavolo, ma il grosso si comincer\u00e0 a fare in primavera. E, in vista della primavera, Larcobaleno e Abpsi hanno lanciato un appello alle aziende del territorio che volessero sostenere questa bella esperienza, che per\u00f2 comporta costi non indifferenti: chi volesse dare una mano \u00e8 sempre il benvenuto.<\/p><div id=\"ilnot-3742164283\" class=\"ilnot-contenuto_2-2 ilnot-entity-placement\"><div class=\"gptslot\" data-adunitid=\"2\"><\/div>\n<\/div>\n<p><strong>Redazione web<\/strong><br \/>\n<strong><em>Leggi ilNotiziario anche da pc, smartphone e tablet.&nbsp;<\/em><a href=\"http:\/\/edicola.ilnotiziario.net\/\">Clicca qui per la nostra edicola digitale<\/a><\/strong><\/p>\n","protected":false},"excerpt":{"rendered":"<p>Bollate: l\u2019orto dei sogni \u00e8 diventato realt\u00e0.&nbsp;In via De Gasperi, nella zona di Bollate vicina al confine con Cascina del Sole, \u00e8 in corso un\u2019esperienza decisamente bella e innovativa che \u00e8 nata da un\u2019idea del settore Ambiente del Comune e ha visto la collaborazione di due importanti realt\u00e0 del sociale quali sono le cooperative sociali<\/p>\n","protected":false},"author":14,"featured_media":177590,"comment_status":"closed","ping_status":"closed","sticky":false,"template":"","format":"gallery","meta":{"footnotes":""},"categories":[8,20],"tags":[110,523,2286,12595,12593,12594,12590],"class_list":{"0":"post-177589","1":"post","2":"type-post","3":"status-publish","4":"format-gallery","5":"has-post-thumbnail","7":"category-bollatese","8":"category-prima-pagina","9":"tag-bollate","10":"tag-cascina-del-sole","11":"tag-comune-di-bollate","12":"tag-cooperativa-sociale-abpsi","13":"tag-cooperative-sociali","14":"tag-le-cooperativa-sociale-larcobaleno","15":"tag-orto","16":"post_format-post-format-gallery"},"yoast_head":"<!-- This site is optimized with the Yoast SEO plugin v27.5 - https:\/\/yoast.com\/product\/yoast-seo-wordpress\/ -->\n<title>Bollate, l&#039;orto dei sogni \u00e8 diventato realt\u00e0 - Il Notiziario<\/title>\n<meta name=\"description\" content=\"A Bollate \u00e8 divenuto realt\u00e0 l&#039;orto dei sogni: realizzato su terreno comunale, spazio condiviso per frutta e verdura con cooperative sociali\" \/>\n<meta name=\"robots\" content=\"index, follow, max-snippet:-1, max-image-preview:large, max-video-preview:-1\" \/>\n<link rel=\"canonical\" href=\"https:\/\/www.ilnotiziario.net\/wp\/bollatese\/bollate-lorto-dei-sogni-e-diventato-realta\/\" \/>\n<meta property=\"og:locale\" content=\"it_IT\" \/>\n<meta property=\"og:type\" content=\"article\" \/>\n<meta property=\"og:title\" content=\"Bollate, l&#039;orto dei sogni \u00e8 diventato realt\u00e0 - Il Notiziario\" \/>\n<meta property=\"og:description\" content=\"A Bollate \u00e8 divenuto realt\u00e0 l&#039;orto dei sogni: realizzato su terreno comunale, spazio condiviso per frutta e verdura con cooperative sociali\" \/>\n<meta property=\"og:url\" content=\"https:\/\/www.ilnotiziario.net\/wp\/bollatese\/bollate-lorto-dei-sogni-e-diventato-realta\/\" \/>\n<meta property=\"og:site_name\" content=\"Il Notiziario\" \/>\n<meta property=\"article:publisher\" content=\"https:\/\/www.facebook.com\/ilnotiziarioind\/\" \/>\n<meta property=\"article:published_time\" content=\"2023-01-30T08:30:18+00:00\" \/>\n<meta property=\"og:image\" content=\"https:\/\/www.ilnotiziario.net\/wp\/wp-content\/uploads\/2023\/01\/Bollate-orto-sogni-realta1.jpg\" \/>\n\t<meta property=\"og:image:width\" content=\"1192\" \/>\n\t<meta property=\"og:image:height\" content=\"701\" \/>\n\t<meta property=\"og:image:type\" content=\"image\/jpeg\" \/>\n<meta name=\"author\" content=\"Silvia Citterio\" \/>\n<meta name=\"twitter:card\" content=\"summary_large_image\" \/>\n<meta name=\"twitter:creator\" content=\"@ilNotiziarioInd\" \/>\n<meta name=\"twitter:site\" content=\"@ilNotiziarioInd\" \/>\n<meta name=\"twitter:label1\" content=\"Scritto da\" \/>\n\t<meta name=\"twitter:data1\" content=\"Silvia Citterio\" \/>\n\t<meta name=\"twitter:label2\" content=\"Tempo di lettura stimato\" \/>\n\t<meta name=\"twitter:data2\" content=\"4 minuti\" \/>\n<script type=\"application\/ld+json\" class=\"yoast-schema-graph\">{\"@context\":\"https:\\\/\\\/schema.org\",\"@graph\":[{\"@type\":\"Article\",\"@id\":\"https:\\\/\\\/www.ilnotiziario.net\\\/wp\\\/bollatese\\\/bollate-lorto-dei-sogni-e-diventato-realta\\\/#article\",\"isPartOf\":{\"@id\":\"https:\\\/\\\/www.ilnotiziario.net\\\/wp\\\/bollatese\\\/bollate-lorto-dei-sogni-e-diventato-realta\\\/\"},\"author\":{\"name\":\"Silvia Citterio\",\"@id\":\"https:\\\/\\\/www.ilnotiziario.net\\\/wp\\\/#\\\/schema\\\/person\\\/c5bca2edc3d99d29959f04a6126f687b\"},\"headline\":\"Bollate: l\u2019orto dei sogni \u00e8 diventato realt\u00e0\",\"datePublished\":\"2023-01-30T08:30:18+00:00\",\"mainEntityOfPage\":{\"@id\":\"https:\\\/\\\/www.ilnotiziario.net\\\/wp\\\/bollatese\\\/bollate-lorto-dei-sogni-e-diventato-realta\\\/\"},\"wordCount\":658,\"publisher\":{\"@id\":\"https:\\\/\\\/www.ilnotiziario.net\\\/wp\\\/#organization\"},\"image\":{\"@id\":\"https:\\\/\\\/www.ilnotiziario.net\\\/wp\\\/bollatese\\\/bollate-lorto-dei-sogni-e-diventato-realta\\\/#primaryimage\"},\"thumbnailUrl\":\"https:\\\/\\\/www.ilnotiziario.net\\\/wp\\\/wp-content\\\/uploads\\\/2023\\\/01\\\/Bollate-orto-sogni-realta1.jpg\",\"keywords\":[\"Bollate\",\"cascina del sole\",\"Comune di Bollate\",\"cooperativa sociale Abpsi\",\"cooperative sociali\",\"le cooperativa sociale Larcobaleno\",\"orto\"],\"articleSection\":[\"BOLLATESE\",\"Prima Pagina\"],\"inLanguage\":\"it-IT\"},{\"@type\":\"WebPage\",\"@id\":\"https:\\\/\\\/www.ilnotiziario.net\\\/wp\\\/bollatese\\\/bollate-lorto-dei-sogni-e-diventato-realta\\\/\",\"url\":\"https:\\\/\\\/www.ilnotiziario.net\\\/wp\\\/bollatese\\\/bollate-lorto-dei-sogni-e-diventato-realta\\\/\",\"name\":\"Bollate, l'orto dei sogni \u00e8 diventato realt\u00e0 - Il Notiziario\",\"isPartOf\":{\"@id\":\"https:\\\/\\\/www.ilnotiziario.net\\\/wp\\\/#website\"},\"primaryImageOfPage\":{\"@id\":\"https:\\\/\\\/www.ilnotiziario.net\\\/wp\\\/bollatese\\\/bollate-lorto-dei-sogni-e-diventato-realta\\\/#primaryimage\"},\"image\":{\"@id\":\"https:\\\/\\\/www.ilnotiziario.net\\\/wp\\\/bollatese\\\/bollate-lorto-dei-sogni-e-diventato-realta\\\/#primaryimage\"},\"thumbnailUrl\":\"https:\\\/\\\/www.ilnotiziario.net\\\/wp\\\/wp-content\\\/uploads\\\/2023\\\/01\\\/Bollate-orto-sogni-realta1.jpg\",\"datePublished\":\"2023-01-30T08:30:18+00:00\",\"description\":\"A Bollate \u00e8 divenuto realt\u00e0 l'orto dei sogni: realizzato su terreno comunale, spazio condiviso per frutta e verdura con cooperative sociali\",\"breadcrumb\":{\"@id\":\"https:\\\/\\\/www.ilnotiziario.net\\\/wp\\\/bollatese\\\/bollate-lorto-dei-sogni-e-diventato-realta\\\/#breadcrumb\"},\"inLanguage\":\"it-IT\",\"potentialAction\":[{\"@type\":\"ReadAction\",\"target\":[\"https:\\\/\\\/www.ilnotiziario.net\\\/wp\\\/bollatese\\\/bollate-lorto-dei-sogni-e-diventato-realta\\\/\"]}]},{\"@type\":\"ImageObject\",\"inLanguage\":\"it-IT\",\"@id\":\"https:\\\/\\\/www.ilnotiziario.net\\\/wp\\\/bollatese\\\/bollate-lorto-dei-sogni-e-diventato-realta\\\/#primaryimage\",\"url\":\"https:\\\/\\\/www.ilnotiziario.net\\\/wp\\\/wp-content\\\/uploads\\\/2023\\\/01\\\/Bollate-orto-sogni-realta1.jpg\",\"contentUrl\":\"https:\\\/\\\/www.ilnotiziario.net\\\/wp\\\/wp-content\\\/uploads\\\/2023\\\/01\\\/Bollate-orto-sogni-realta1.jpg\",\"width\":1192,\"height\":701,\"caption\":\"Bollate, l'orto dei sogni \u00e8 diventato realt\u00e0\"},{\"@type\":\"BreadcrumbList\",\"@id\":\"https:\\\/\\\/www.ilnotiziario.net\\\/wp\\\/bollatese\\\/bollate-lorto-dei-sogni-e-diventato-realta\\\/#breadcrumb\",\"itemListElement\":[{\"@type\":\"ListItem\",\"position\":1,\"name\":\"tds_text_logo_tagline_colortds_text_logo_tagline_colortds_text_logo_tagline_colortds_text_logo_tagline_colortd_module_7_title_excerpttd_module_7_title_excerpttd_module_7_title_excerpttd_module_7_title_excerptHome\",\"item\":\"https:\\\/\\\/www.ilnotiziario.net\\\/wp\\\/\"},{\"@type\":\"ListItem\",\"position\":2,\"name\":\"Bollate: l\u2019orto dei sogni \u00e8 diventato realt\u00e0\"}]},{\"@type\":\"WebSite\",\"@id\":\"https:\\\/\\\/www.ilnotiziario.net\\\/wp\\\/#website\",\"url\":\"https:\\\/\\\/www.ilnotiziario.net\\\/wp\\\/\",\"name\":\"Il Notiziario\",\"description\":\"Per restare sempre connessi alla notizia\",\"publisher\":{\"@id\":\"https:\\\/\\\/www.ilnotiziario.net\\\/wp\\\/#organization\"},\"alternateName\":\"Il Notiziario Bollate\",\"potentialAction\":[{\"@type\":\"SearchAction\",\"target\":{\"@type\":\"EntryPoint\",\"urlTemplate\":\"https:\\\/\\\/www.ilnotiziario.net\\\/wp\\\/?s={search_term_string}\"},\"query-input\":{\"@type\":\"PropertyValueSpecification\",\"valueRequired\":true,\"valueName\":\"search_term_string\"}}],\"inLanguage\":\"it-IT\"},{\"@type\":\"Organization\",\"@id\":\"https:\\\/\\\/www.ilnotiziario.net\\\/wp\\\/#organization\",\"name\":\"Il Notiziario\",\"url\":\"https:\\\/\\\/www.ilnotiziario.net\\\/wp\\\/\",\"logo\":{\"@type\":\"ImageObject\",\"inLanguage\":\"it-IT\",\"@id\":\"https:\\\/\\\/www.ilnotiziario.net\\\/wp\\\/#\\\/schema\\\/logo\\\/image\\\/\",\"url\":\"https:\\\/\\\/www.ilnotiziario.net\\\/wp\\\/wp-content\\\/uploads\\\/2022\\\/06\\\/170x170ilN.png\",\"contentUrl\":\"https:\\\/\\\/www.ilnotiziario.net\\\/wp\\\/wp-content\\\/uploads\\\/2022\\\/06\\\/170x170ilN.png\",\"width\":355,\"height\":355,\"caption\":\"Il Notiziario\"},\"image\":{\"@id\":\"https:\\\/\\\/www.ilnotiziario.net\\\/wp\\\/#\\\/schema\\\/logo\\\/image\\\/\"},\"sameAs\":[\"https:\\\/\\\/www.facebook.com\\\/ilnotiziarioind\\\/\",\"https:\\\/\\\/x.com\\\/ilNotiziarioInd\",\"https:\\\/\\\/www.instagram.com\\\/ilnotiziario_settimanale\\\/\"]},{\"@type\":\"Person\",\"@id\":\"https:\\\/\\\/www.ilnotiziario.net\\\/wp\\\/#\\\/schema\\\/person\\\/c5bca2edc3d99d29959f04a6126f687b\",\"name\":\"Silvia Citterio\",\"image\":{\"@type\":\"ImageObject\",\"inLanguage\":\"it-IT\",\"@id\":\"https:\\\/\\\/secure.gravatar.com\\\/avatar\\\/03eb19c63b944e79a9b5ce53ca5d1ca303edcf368a68721ec3ccaae7f98c5afd?s=96&d=mm&r=g\",\"url\":\"https:\\\/\\\/secure.gravatar.com\\\/avatar\\\/03eb19c63b944e79a9b5ce53ca5d1ca303edcf368a68721ec3ccaae7f98c5afd?s=96&d=mm&r=g\",\"contentUrl\":\"https:\\\/\\\/secure.gravatar.com\\\/avatar\\\/03eb19c63b944e79a9b5ce53ca5d1ca303edcf368a68721ec3ccaae7f98c5afd?s=96&d=mm&r=g\",\"caption\":\"Silvia Citterio\"}}]}<\/script>\n<!-- \/ Yoast SEO plugin. -->","yoast_head_json":{"title":"Bollate, l'orto dei sogni \u00e8 diventato realt\u00e0 - Il Notiziario","description":"A Bollate \u00e8 divenuto realt\u00e0 l'orto dei sogni: realizzato su terreno comunale, spazio condiviso per frutta e verdura con cooperative sociali","robots":{"index":"index","follow":"follow","max-snippet":"max-snippet:-1","max-image-preview":"max-image-preview:large","max-video-preview":"max-video-preview:-1"},"canonical":"https:\/\/www.ilnotiziario.net\/wp\/bollatese\/bollate-lorto-dei-sogni-e-diventato-realta\/","og_locale":"it_IT","og_type":"article","og_title":"Bollate, l'orto dei sogni \u00e8 diventato realt\u00e0 - Il Notiziario","og_description":"A Bollate \u00e8 divenuto realt\u00e0 l'orto dei sogni: realizzato su terreno comunale, spazio condiviso per frutta e verdura con cooperative sociali","og_url":"https:\/\/www.ilnotiziario.net\/wp\/bollatese\/bollate-lorto-dei-sogni-e-diventato-realta\/","og_site_name":"Il Notiziario","article_publisher":"https:\/\/www.facebook.com\/ilnotiziarioind\/","article_published_time":"2023-01-30T08:30:18+00:00","og_image":[{"width":1192,"height":701,"url":"https:\/\/www.ilnotiziario.net\/wp\/wp-content\/uploads\/2023\/01\/Bollate-orto-sogni-realta1.jpg","type":"image\/jpeg"}],"author":"Silvia Citterio","twitter_card":"summary_large_image","twitter_creator":"@ilNotiziarioInd","twitter_site":"@ilNotiziarioInd","twitter_misc":{"Scritto da":"Silvia Citterio","Tempo di lettura stimato":"4 minuti"},"schema":{"@context":"https:\/\/schema.org","@graph":[{"@type":"Article","@id":"https:\/\/www.ilnotiziario.net\/wp\/bollatese\/bollate-lorto-dei-sogni-e-diventato-realta\/#article","isPartOf":{"@id":"https:\/\/www.ilnotiziario.net\/wp\/bollatese\/bollate-lorto-dei-sogni-e-diventato-realta\/"},"author":{"name":"Silvia Citterio","@id":"https:\/\/www.ilnotiziario.net\/wp\/#\/schema\/person\/c5bca2edc3d99d29959f04a6126f687b"},"headline":"Bollate: l\u2019orto dei sogni \u00e8 diventato realt\u00e0","datePublished":"2023-01-30T08:30:18+00:00","mainEntityOfPage":{"@id":"https:\/\/www.ilnotiziario.net\/wp\/bollatese\/bollate-lorto-dei-sogni-e-diventato-realta\/"},"wordCount":658,"publisher":{"@id":"https:\/\/www.ilnotiziario.net\/wp\/#organization"},"image":{"@id":"https:\/\/www.ilnotiziario.net\/wp\/bollatese\/bollate-lorto-dei-sogni-e-diventato-realta\/#primaryimage"},"thumbnailUrl":"https:\/\/www.ilnotiziario.net\/wp\/wp-content\/uploads\/2023\/01\/Bollate-orto-sogni-realta1.jpg","keywords":["Bollate","cascina del sole","Comune di Bollate","cooperativa sociale Abpsi","cooperative sociali","le cooperativa sociale Larcobaleno","orto"],"articleSection":["BOLLATESE","Prima Pagina"],"inLanguage":"it-IT"},{"@type":"WebPage","@id":"https:\/\/www.ilnotiziario.net\/wp\/bollatese\/bollate-lorto-dei-sogni-e-diventato-realta\/","url":"https:\/\/www.ilnotiziario.net\/wp\/bollatese\/bollate-lorto-dei-sogni-e-diventato-realta\/","name":"Bollate, l'orto dei sogni \u00e8 diventato realt\u00e0 - Il Notiziario","isPartOf":{"@id":"https:\/\/www.ilnotiziario.net\/wp\/#website"},"primaryImageOfPage":{"@id":"https:\/\/www.ilnotiziario.net\/wp\/bollatese\/bollate-lorto-dei-sogni-e-diventato-realta\/#primaryimage"},"image":{"@id":"https:\/\/www.ilnotiziario.net\/wp\/bollatese\/bollate-lorto-dei-sogni-e-diventato-realta\/#primaryimage"},"thumbnailUrl":"https:\/\/www.ilnotiziario.net\/wp\/wp-content\/uploads\/2023\/01\/Bollate-orto-sogni-realta1.jpg","datePublished":"2023-01-30T08:30:18+00:00","description":"A Bollate \u00e8 divenuto realt\u00e0 l'orto dei sogni: realizzato su terreno comunale, spazio condiviso per frutta e verdura con cooperative sociali","breadcrumb":{"@id":"https:\/\/www.ilnotiziario.net\/wp\/bollatese\/bollate-lorto-dei-sogni-e-diventato-realta\/#breadcrumb"},"inLanguage":"it-IT","potentialAction":[{"@type":"ReadAction","target":["https:\/\/www.ilnotiziario.net\/wp\/bollatese\/bollate-lorto-dei-sogni-e-diventato-realta\/"]}]},{"@type":"ImageObject","inLanguage":"it-IT","@id":"https:\/\/www.ilnotiziario.net\/wp\/bollatese\/bollate-lorto-dei-sogni-e-diventato-realta\/#primaryimage","url":"https:\/\/www.ilnotiziario.net\/wp\/wp-content\/uploads\/2023\/01\/Bollate-orto-sogni-realta1.jpg","contentUrl":"https:\/\/www.ilnotiziario.net\/wp\/wp-content\/uploads\/2023\/01\/Bollate-orto-sogni-realta1.jpg","width":1192,"height":701,"caption":"Bollate, l'orto dei sogni \u00e8 diventato realt\u00e0"},{"@type":"BreadcrumbList","@id":"https:\/\/www.ilnotiziario.net\/wp\/bollatese\/bollate-lorto-dei-sogni-e-diventato-realta\/#breadcrumb","itemListElement":[{"@type":"ListItem","position":1,"name":"tds_text_logo_tagline_colortds_text_logo_tagline_colortds_text_logo_tagline_colortds_text_logo_tagline_colortd_module_7_title_excerpttd_module_7_title_excerpttd_module_7_title_excerpttd_module_7_title_excerptHome","item":"https:\/\/www.ilnotiziario.net\/wp\/"},{"@type":"ListItem","position":2,"name":"Bollate: l\u2019orto dei sogni \u00e8 diventato realt\u00e0"}]},{"@type":"WebSite","@id":"https:\/\/www.ilnotiziario.net\/wp\/#website","url":"https:\/\/www.ilnotiziario.net\/wp\/","name":"Il Notiziario","description":"Per restare sempre connessi alla notizia","publisher":{"@id":"https:\/\/www.ilnotiziario.net\/wp\/#organization"},"alternateName":"Il Notiziario Bollate","potentialAction":[{"@type":"SearchAction","target":{"@type":"EntryPoint","urlTemplate":"https:\/\/www.ilnotiziario.net\/wp\/?s={search_term_string}"},"query-input":{"@type":"PropertyValueSpecification","valueRequired":true,"valueName":"search_term_string"}}],"inLanguage":"it-IT"},{"@type":"Organization","@id":"https:\/\/www.ilnotiziario.net\/wp\/#organization","name":"Il Notiziario","url":"https:\/\/www.ilnotiziario.net\/wp\/","logo":{"@type":"ImageObject","inLanguage":"it-IT","@id":"https:\/\/www.ilnotiziario.net\/wp\/#\/schema\/logo\/image\/","url":"https:\/\/www.ilnotiziario.net\/wp\/wp-content\/uploads\/2022\/06\/170x170ilN.png","contentUrl":"https:\/\/www.ilnotiziario.net\/wp\/wp-content\/uploads\/2022\/06\/170x170ilN.png","width":355,"height":355,"caption":"Il Notiziario"},"image":{"@id":"https:\/\/www.ilnotiziario.net\/wp\/#\/schema\/logo\/image\/"},"sameAs":["https:\/\/www.facebook.com\/ilnotiziarioind\/","https:\/\/x.com\/ilNotiziarioInd","https:\/\/www.instagram.com\/ilnotiziario_settimanale\/"]},{"@type":"Person","@id":"https:\/\/www.ilnotiziario.net\/wp\/#\/schema\/person\/c5bca2edc3d99d29959f04a6126f687b","name":"Silvia Citterio","image":{"@type":"ImageObject","inLanguage":"it-IT","@id":"https:\/\/secure.gravatar.com\/avatar\/03eb19c63b944e79a9b5ce53ca5d1ca303edcf368a68721ec3ccaae7f98c5afd?s=96&d=mm&r=g","url":"https:\/\/secure.gravatar.com\/avatar\/03eb19c63b944e79a9b5ce53ca5d1ca303edcf368a68721ec3ccaae7f98c5afd?s=96&d=mm&r=g","contentUrl":"https:\/\/secure.gravatar.com\/avatar\/03eb19c63b944e79a9b5ce53ca5d1ca303edcf368a68721ec3ccaae7f98c5afd?s=96&d=mm&r=g","caption":"Silvia Citterio"}}]}},"_links":{"self":[{"href":"https:\/\/www.ilnotiziario.net\/wp\/wp-json\/wp\/v2\/posts\/177589","targetHints":{"allow":["GET"]}}],"collection":[{"href":"https:\/\/www.ilnotiziario.net\/wp\/wp-json\/wp\/v2\/posts"}],"about":[{"href":"https:\/\/www.ilnotiziario.net\/wp\/wp-json\/wp\/v2\/types\/post"}],"author":[{"embeddable":true,"href":"https:\/\/www.ilnotiziario.net\/wp\/wp-json\/wp\/v2\/users\/14"}],"replies":[{"embeddable":true,"href":"https:\/\/www.ilnotiziario.net\/wp\/wp-json\/wp\/v2\/comments?post=177589"}],"version-history":[{"count":0,"href":"https:\/\/www.ilnotiziario.net\/wp\/wp-json\/wp\/v2\/posts\/177589\/revisions"}],"wp:featuredmedia":[{"embeddable":true,"href":"https:\/\/www.ilnotiziario.net\/wp\/wp-json\/wp\/v2\/media\/177590"}],"wp:attachment":[{"href":"https:\/\/www.ilnotiziario.net\/wp\/wp-json\/wp\/v2\/media?parent=177589"}],"wp:term":[{"taxonomy":"category","embeddable":true,"href":"https:\/\/www.ilnotiziario.net\/wp\/wp-json\/wp\/v2\/categories?post=177589"},{"taxonomy":"post_tag","embeddable":true,"href":"https:\/\/www.ilnotiziario.net\/wp\/wp-json\/wp\/v2\/tags?post=177589"}],"curies":[{"name":"wp","href":"https:\/\/api.w.org\/{rel}","templated":true}]}}