{"id":177875,"date":"2023-02-03T14:00:42","date_gmt":"2023-02-03T13:00:42","guid":{"rendered":"https:\/\/www.ilnotiziario.net\/wp\/?p=177875"},"modified":"2023-02-03T11:51:20","modified_gmt":"2023-02-03T10:51:20","slug":"caro-bollette-incontro-per-abbassare-i-costi-di-luce-e-gas-appuntamento-ad-arese","status":"publish","type":"post","link":"https:\/\/www.ilnotiziario.net\/wp\/bollatese\/caro-bollette-incontro-per-abbassare-i-costi-di-luce-e-gas-appuntamento-ad-arese\/","title":{"rendered":"Caro bollette, incontro per abbassare i costi di luce e gas: appuntamento ad Arese"},"content":{"rendered":"<p>I prezzi alle stelle di gas e luce richiedono politiche energetiche innovative e incisive e Arese pensa bene di organizzare un incontro per contrastare il caro bollette. L\u2019amministrazione comunale, dando seguito all\u2019impegno assunto in consiglio comunale a novembre, quando erano state approvate all\u2019unanimit\u00e0 due mozioni sulla promozione dell\u2019istituzione di Cer (Comunit\u00e0 energetiche rinnovabili) e di gruppi di autoconsumo energetico, ha promosso un incontro pubblico per avviare un percorso informativo e di accompagnamento dei cittadini interessati a costituire o partecipare alla comunit\u00e0 energetica sul territorio comunale<\/p><div id=\"ilnot-3760813279\" class=\"ilnot-contenuto ilnot-entity-placement\"><p><!-- incontent_1 --><\/p>\n<div class=\"gptslot\" data-adunitid=\"1\"><\/div>\n<\/div>\n<h2>Ad Arese incontro per contrastare il caro bollette di luce e gas<\/h2>\n<p>Per contrastare il caro bollette di luce e gas, Arese organizza un incontro&nbsp;mercoled\u00ec 15 febbraio, alle 21, all\u2019Agor\u00e0 in via Monviso 7. Dario Fusco, l&#8217;ingegnere che sta seguendo il progetto di riqualificazione energetica della casa di riposo Gallazzi Vismara, illustrer\u00e0 gli aspetti tecnici della proposta. Interverranno il sindaco Michela Palestra, gli assessori Veronica Cerea (delega all\u2019ambiente) ed Enrico Ioli (delega alla smart city). Non \u00e8 tutto. Ci saranno anche testimonianze di cittadini che stanno gi\u00e0 intraprendendo questo percorso. Largo spazio verr\u00e0 infine riservato alle domande della cittadinanza.<\/p>\n<h2>Arese e le &#8220;politiche energetiche pulite ed efficienti&#8221;<\/h2>\n<p><em>\u201cL\u2019amministrazione comunale-spiegano in municipio- ha sempre promosso politiche energetiche pulite ed efficienti, puntando sulle fonti rinnovabili per gli edifici pubblici comunali, dalle scuole al centro civico, dalla sede della polizia locale alla casa delle associazioni. Ora si \u00e8 di fronte a una nuova opportunit\u00e0 di cui tutti possono beneficiare, attraverso scelte responsabili di gestione dei nostri consumi energetici domestici e attraverso la condivisione con altri. Il ruolo del Comune \u00e8 sensibilizzare, ma anche di favorire lo sviluppo della Cer sul territorio comunale\u201d.<br \/>\n<\/em><strong>Redazione web<br \/>\n<\/strong><em><strong>Leggi ilNotiziario anche da pc, smartphone e tablet.&nbsp;<a href=\"http:\/\/edicola.ilnotiziario.net\/\">Clicca qui per la nostra edicola digitale<\/a><\/strong><\/em><\/p><div id=\"ilnot-3851701685\" class=\"ilnot-contenuto_2 ilnot-entity-placement\"><div class=\"ads-wrapper\">\n<div class=\"ad-slot\">\n   <div id=\"ilnot-1266743824\" style=\"margin-right: auto;margin-left: auto;text-align: center;width: 320px;height: 100px;\"><a href=\"https:\/\/www.scuolasicurezza.it\/\"><img decoding=\"async\" src=\"https:\/\/www.ilnotiziario.net\/wp\/wp-content\/uploads\/2026\/04\/IlNotiziario_banner-sito-e-newsletter-320-x-100-px-1.gif\" alt=\"\"><\/a><\/div>\n  <\/div>\n<div class=\"ad-slot\">\n   <div id=\"ilnot-2918411641\" style=\"margin-right: auto;margin-left: auto;text-align: center;width: 320px;height: 100px;\"><a href=\"https:\/\/purodesignarredamenti.com\/\"><img decoding=\"async\" src=\"https:\/\/www.ilnotiziario.net\/wp\/wp-content\/uploads\/2026\/04\/banner-puro-ok.gif\" alt=\"whatsapp\"><\/a><\/div><\/p><\/div>\n<\/div>\n<\/div>\n","protected":false},"excerpt":{"rendered":"<p>I prezzi alle stelle di gas e luce richiedono politiche energetiche innovative e incisive e Arese pensa bene di organizzare un incontro per contrastare il caro bollette. L\u2019amministrazione comunale, dando seguito all\u2019impegno assunto in consiglio comunale a novembre, quando erano state approvate all\u2019unanimit\u00e0 due mozioni sulla promozione dell\u2019istituzione di Cer (Comunit\u00e0 energetiche rinnovabili) e di<\/p>\n","protected":false},"author":3,"featured_media":177877,"comment_status":"closed","ping_status":"closed","sticky":false,"template":"","format":"standard","meta":{"footnotes":""},"categories":[8,20],"tags":[115,7069,12728,12727,9858,12724,12726,8073,1705,12725],"class_list":{"0":"post-177875","1":"post","2":"type-post","3":"status-publish","4":"format-standard","5":"has-post-thumbnail","7":"category-bollatese","8":"category-prima-pagina","9":"tag-arese","10":"tag-autocertificazione","11":"tag-bollette-gas","12":"tag-bollette-luce","13":"tag-caro-bollette","14":"tag-cer","15":"tag-enrico-ioli","16":"tag-gallazzi-vismara","17":"tag-michela-palestra","18":"tag-veronica-cerea"},"yoast_head":"<!-- This site is optimized with the Yoast SEO plugin v27.4 - https:\/\/yoast.com\/product\/yoast-seo-wordpress\/ -->\n<title>Ad Arese incontro su caro bollette di luce e gas<\/title>\n<meta name=\"description\" content=\"Mercoled\u00ec 15 febbraio ad Arese incontro sul caro bollette di luce e gas:\" \/>\n<meta name=\"robots\" content=\"index, follow, max-snippet:-1, max-image-preview:large, max-video-preview:-1\" \/>\n<link rel=\"canonical\" href=\"https:\/\/www.ilnotiziario.net\/wp\/bollatese\/caro-bollette-incontro-per-abbassare-i-costi-di-luce-e-gas-appuntamento-ad-arese\/\" \/>\n<meta property=\"og:locale\" content=\"it_IT\" \/>\n<meta property=\"og:type\" content=\"article\" \/>\n<meta property=\"og:title\" content=\"Ad Arese incontro su caro bollette di luce e gas\" \/>\n<meta property=\"og:description\" content=\"Mercoled\u00ec 15 febbraio ad Arese incontro sul caro bollette di luce e gas:\" \/>\n<meta property=\"og:url\" content=\"https:\/\/www.ilnotiziario.net\/wp\/bollatese\/caro-bollette-incontro-per-abbassare-i-costi-di-luce-e-gas-appuntamento-ad-arese\/\" \/>\n<meta property=\"og:site_name\" content=\"Il Notiziario\" \/>\n<meta property=\"article:publisher\" content=\"https:\/\/www.facebook.com\/ilnotiziarioind\/\" \/>\n<meta property=\"article:published_time\" content=\"2023-02-03T13:00:42+00:00\" \/>\n<meta property=\"og:image\" content=\"https:\/\/www.ilnotiziario.net\/wp\/wp-content\/uploads\/2023\/02\/caro_bolletta.jpg\" \/>\n\t<meta property=\"og:image:width\" content=\"656\" \/>\n\t<meta property=\"og:image:height\" content=\"492\" \/>\n\t<meta property=\"og:image:type\" content=\"image\/jpeg\" \/>\n<meta name=\"author\" content=\"Gabriele Bassani\" \/>\n<meta name=\"twitter:card\" content=\"summary_large_image\" \/>\n<meta name=\"twitter:creator\" content=\"@ilNotiziarioInd\" \/>\n<meta name=\"twitter:site\" content=\"@ilNotiziarioInd\" \/>\n<meta name=\"twitter:label1\" content=\"Scritto da\" \/>\n\t<meta name=\"twitter:data1\" content=\"Gabriele Bassani\" \/>\n\t<meta name=\"twitter:label2\" content=\"Tempo di lettura stimato\" \/>\n\t<meta name=\"twitter:data2\" content=\"2 minuti\" \/>\n<script type=\"application\/ld+json\" class=\"yoast-schema-graph\">{\"@context\":\"https:\\\/\\\/schema.org\",\"@graph\":[{\"@type\":\"Article\",\"@id\":\"https:\\\/\\\/www.ilnotiziario.net\\\/wp\\\/bollatese\\\/caro-bollette-incontro-per-abbassare-i-costi-di-luce-e-gas-appuntamento-ad-arese\\\/#article\",\"isPartOf\":{\"@id\":\"https:\\\/\\\/www.ilnotiziario.net\\\/wp\\\/bollatese\\\/caro-bollette-incontro-per-abbassare-i-costi-di-luce-e-gas-appuntamento-ad-arese\\\/\"},\"author\":{\"name\":\"Gabriele Bassani\",\"@id\":\"https:\\\/\\\/www.ilnotiziario.net\\\/wp\\\/#\\\/schema\\\/person\\\/386e222908f898bb41c033989482bbf2\"},\"headline\":\"Caro bollette, incontro per abbassare i costi di luce e gas: appuntamento ad Arese\",\"datePublished\":\"2023-02-03T13:00:42+00:00\",\"mainEntityOfPage\":{\"@id\":\"https:\\\/\\\/www.ilnotiziario.net\\\/wp\\\/bollatese\\\/caro-bollette-incontro-per-abbassare-i-costi-di-luce-e-gas-appuntamento-ad-arese\\\/\"},\"wordCount\":310,\"publisher\":{\"@id\":\"https:\\\/\\\/www.ilnotiziario.net\\\/wp\\\/#organization\"},\"image\":{\"@id\":\"https:\\\/\\\/www.ilnotiziario.net\\\/wp\\\/bollatese\\\/caro-bollette-incontro-per-abbassare-i-costi-di-luce-e-gas-appuntamento-ad-arese\\\/#primaryimage\"},\"thumbnailUrl\":\"https:\\\/\\\/www.ilnotiziario.net\\\/wp\\\/wp-content\\\/uploads\\\/2023\\\/02\\\/caro_bolletta.jpg\",\"keywords\":[\"Arese\",\"autocertificazione\",\"bollette gas\",\"bollette luce\",\"caro bollette\",\"cer\",\"Enrico Ioli\",\"Gallazzi Vismara\",\"Michela Palestra\",\"Veronica Cerea\"],\"articleSection\":[\"BOLLATESE\",\"Prima Pagina\"],\"inLanguage\":\"it-IT\"},{\"@type\":\"WebPage\",\"@id\":\"https:\\\/\\\/www.ilnotiziario.net\\\/wp\\\/bollatese\\\/caro-bollette-incontro-per-abbassare-i-costi-di-luce-e-gas-appuntamento-ad-arese\\\/\",\"url\":\"https:\\\/\\\/www.ilnotiziario.net\\\/wp\\\/bollatese\\\/caro-bollette-incontro-per-abbassare-i-costi-di-luce-e-gas-appuntamento-ad-arese\\\/\",\"name\":\"Ad Arese incontro su caro bollette di luce e gas\",\"isPartOf\":{\"@id\":\"https:\\\/\\\/www.ilnotiziario.net\\\/wp\\\/#website\"},\"primaryImageOfPage\":{\"@id\":\"https:\\\/\\\/www.ilnotiziario.net\\\/wp\\\/bollatese\\\/caro-bollette-incontro-per-abbassare-i-costi-di-luce-e-gas-appuntamento-ad-arese\\\/#primaryimage\"},\"image\":{\"@id\":\"https:\\\/\\\/www.ilnotiziario.net\\\/wp\\\/bollatese\\\/caro-bollette-incontro-per-abbassare-i-costi-di-luce-e-gas-appuntamento-ad-arese\\\/#primaryimage\"},\"thumbnailUrl\":\"https:\\\/\\\/www.ilnotiziario.net\\\/wp\\\/wp-content\\\/uploads\\\/2023\\\/02\\\/caro_bolletta.jpg\",\"datePublished\":\"2023-02-03T13:00:42+00:00\",\"description\":\"Mercoled\u00ec 15 febbraio ad Arese incontro sul caro bollette di luce e gas:\",\"breadcrumb\":{\"@id\":\"https:\\\/\\\/www.ilnotiziario.net\\\/wp\\\/bollatese\\\/caro-bollette-incontro-per-abbassare-i-costi-di-luce-e-gas-appuntamento-ad-arese\\\/#breadcrumb\"},\"inLanguage\":\"it-IT\",\"potentialAction\":[{\"@type\":\"ReadAction\",\"target\":[\"https:\\\/\\\/www.ilnotiziario.net\\\/wp\\\/bollatese\\\/caro-bollette-incontro-per-abbassare-i-costi-di-luce-e-gas-appuntamento-ad-arese\\\/\"]}]},{\"@type\":\"ImageObject\",\"inLanguage\":\"it-IT\",\"@id\":\"https:\\\/\\\/www.ilnotiziario.net\\\/wp\\\/bollatese\\\/caro-bollette-incontro-per-abbassare-i-costi-di-luce-e-gas-appuntamento-ad-arese\\\/#primaryimage\",\"url\":\"https:\\\/\\\/www.ilnotiziario.net\\\/wp\\\/wp-content\\\/uploads\\\/2023\\\/02\\\/caro_bolletta.jpg\",\"contentUrl\":\"https:\\\/\\\/www.ilnotiziario.net\\\/wp\\\/wp-content\\\/uploads\\\/2023\\\/02\\\/caro_bolletta.jpg\",\"width\":656,\"height\":492,\"caption\":\"Caro bollette di luce e gas, incontro ad Arese\"},{\"@type\":\"BreadcrumbList\",\"@id\":\"https:\\\/\\\/www.ilnotiziario.net\\\/wp\\\/bollatese\\\/caro-bollette-incontro-per-abbassare-i-costi-di-luce-e-gas-appuntamento-ad-arese\\\/#breadcrumb\",\"itemListElement\":[{\"@type\":\"ListItem\",\"position\":1,\"name\":\"tds_text_logo_tagline_colortds_text_logo_tagline_colortds_text_logo_tagline_colortds_text_logo_tagline_colortd_module_7_title_excerpttd_module_7_title_excerpttd_module_7_title_excerpttd_module_7_title_excerptHome\",\"item\":\"https:\\\/\\\/www.ilnotiziario.net\\\/wp\\\/\"},{\"@type\":\"ListItem\",\"position\":2,\"name\":\"Caro bollette, incontro per abbassare i costi di luce e gas: appuntamento ad Arese\"}]},{\"@type\":\"WebSite\",\"@id\":\"https:\\\/\\\/www.ilnotiziario.net\\\/wp\\\/#website\",\"url\":\"https:\\\/\\\/www.ilnotiziario.net\\\/wp\\\/\",\"name\":\"Il Notiziario\",\"description\":\"Per restare sempre connessi alla notizia\",\"publisher\":{\"@id\":\"https:\\\/\\\/www.ilnotiziario.net\\\/wp\\\/#organization\"},\"alternateName\":\"Il Notiziario Bollate\",\"potentialAction\":[{\"@type\":\"SearchAction\",\"target\":{\"@type\":\"EntryPoint\",\"urlTemplate\":\"https:\\\/\\\/www.ilnotiziario.net\\\/wp\\\/?s={search_term_string}\"},\"query-input\":{\"@type\":\"PropertyValueSpecification\",\"valueRequired\":true,\"valueName\":\"search_term_string\"}}],\"inLanguage\":\"it-IT\"},{\"@type\":\"Organization\",\"@id\":\"https:\\\/\\\/www.ilnotiziario.net\\\/wp\\\/#organization\",\"name\":\"Il Notiziario\",\"url\":\"https:\\\/\\\/www.ilnotiziario.net\\\/wp\\\/\",\"logo\":{\"@type\":\"ImageObject\",\"inLanguage\":\"it-IT\",\"@id\":\"https:\\\/\\\/www.ilnotiziario.net\\\/wp\\\/#\\\/schema\\\/logo\\\/image\\\/\",\"url\":\"https:\\\/\\\/www.ilnotiziario.net\\\/wp\\\/wp-content\\\/uploads\\\/2022\\\/06\\\/170x170ilN.png\",\"contentUrl\":\"https:\\\/\\\/www.ilnotiziario.net\\\/wp\\\/wp-content\\\/uploads\\\/2022\\\/06\\\/170x170ilN.png\",\"width\":355,\"height\":355,\"caption\":\"Il Notiziario\"},\"image\":{\"@id\":\"https:\\\/\\\/www.ilnotiziario.net\\\/wp\\\/#\\\/schema\\\/logo\\\/image\\\/\"},\"sameAs\":[\"https:\\\/\\\/www.facebook.com\\\/ilnotiziarioind\\\/\",\"https:\\\/\\\/x.com\\\/ilNotiziarioInd\",\"https:\\\/\\\/www.instagram.com\\\/ilnotiziario_settimanale\\\/\"]},{\"@type\":\"Person\",\"@id\":\"https:\\\/\\\/www.ilnotiziario.net\\\/wp\\\/#\\\/schema\\\/person\\\/386e222908f898bb41c033989482bbf2\",\"name\":\"Gabriele Bassani\",\"image\":{\"@type\":\"ImageObject\",\"inLanguage\":\"it-IT\",\"@id\":\"https:\\\/\\\/secure.gravatar.com\\\/avatar\\\/09274f4a84fa97698bde56f84b3afed61c8492d48b0550db9671b68c177479cb?s=96&d=mm&r=g\",\"url\":\"https:\\\/\\\/secure.gravatar.com\\\/avatar\\\/09274f4a84fa97698bde56f84b3afed61c8492d48b0550db9671b68c177479cb?s=96&d=mm&r=g\",\"contentUrl\":\"https:\\\/\\\/secure.gravatar.com\\\/avatar\\\/09274f4a84fa97698bde56f84b3afed61c8492d48b0550db9671b68c177479cb?s=96&d=mm&r=g\",\"caption\":\"Gabriele Bassani\"},\"sameAs\":[\"http:\\\/\\\/www.ilnotiziario.net\"]}]}<\/script>\n<!-- \/ Yoast SEO plugin. -->","yoast_head_json":{"title":"Ad Arese incontro su caro bollette di luce e gas","description":"Mercoled\u00ec 15 febbraio ad Arese incontro sul caro bollette di luce e gas:","robots":{"index":"index","follow":"follow","max-snippet":"max-snippet:-1","max-image-preview":"max-image-preview:large","max-video-preview":"max-video-preview:-1"},"canonical":"https:\/\/www.ilnotiziario.net\/wp\/bollatese\/caro-bollette-incontro-per-abbassare-i-costi-di-luce-e-gas-appuntamento-ad-arese\/","og_locale":"it_IT","og_type":"article","og_title":"Ad Arese incontro su caro bollette di luce e gas","og_description":"Mercoled\u00ec 15 febbraio ad Arese incontro sul caro bollette di luce e gas:","og_url":"https:\/\/www.ilnotiziario.net\/wp\/bollatese\/caro-bollette-incontro-per-abbassare-i-costi-di-luce-e-gas-appuntamento-ad-arese\/","og_site_name":"Il Notiziario","article_publisher":"https:\/\/www.facebook.com\/ilnotiziarioind\/","article_published_time":"2023-02-03T13:00:42+00:00","og_image":[{"width":656,"height":492,"url":"https:\/\/www.ilnotiziario.net\/wp\/wp-content\/uploads\/2023\/02\/caro_bolletta.jpg","type":"image\/jpeg"}],"author":"Gabriele Bassani","twitter_card":"summary_large_image","twitter_creator":"@ilNotiziarioInd","twitter_site":"@ilNotiziarioInd","twitter_misc":{"Scritto da":"Gabriele Bassani","Tempo di lettura stimato":"2 minuti"},"schema":{"@context":"https:\/\/schema.org","@graph":[{"@type":"Article","@id":"https:\/\/www.ilnotiziario.net\/wp\/bollatese\/caro-bollette-incontro-per-abbassare-i-costi-di-luce-e-gas-appuntamento-ad-arese\/#article","isPartOf":{"@id":"https:\/\/www.ilnotiziario.net\/wp\/bollatese\/caro-bollette-incontro-per-abbassare-i-costi-di-luce-e-gas-appuntamento-ad-arese\/"},"author":{"name":"Gabriele Bassani","@id":"https:\/\/www.ilnotiziario.net\/wp\/#\/schema\/person\/386e222908f898bb41c033989482bbf2"},"headline":"Caro bollette, incontro per abbassare i costi di luce e gas: appuntamento ad Arese","datePublished":"2023-02-03T13:00:42+00:00","mainEntityOfPage":{"@id":"https:\/\/www.ilnotiziario.net\/wp\/bollatese\/caro-bollette-incontro-per-abbassare-i-costi-di-luce-e-gas-appuntamento-ad-arese\/"},"wordCount":310,"publisher":{"@id":"https:\/\/www.ilnotiziario.net\/wp\/#organization"},"image":{"@id":"https:\/\/www.ilnotiziario.net\/wp\/bollatese\/caro-bollette-incontro-per-abbassare-i-costi-di-luce-e-gas-appuntamento-ad-arese\/#primaryimage"},"thumbnailUrl":"https:\/\/www.ilnotiziario.net\/wp\/wp-content\/uploads\/2023\/02\/caro_bolletta.jpg","keywords":["Arese","autocertificazione","bollette gas","bollette luce","caro bollette","cer","Enrico Ioli","Gallazzi Vismara","Michela Palestra","Veronica Cerea"],"articleSection":["BOLLATESE","Prima Pagina"],"inLanguage":"it-IT"},{"@type":"WebPage","@id":"https:\/\/www.ilnotiziario.net\/wp\/bollatese\/caro-bollette-incontro-per-abbassare-i-costi-di-luce-e-gas-appuntamento-ad-arese\/","url":"https:\/\/www.ilnotiziario.net\/wp\/bollatese\/caro-bollette-incontro-per-abbassare-i-costi-di-luce-e-gas-appuntamento-ad-arese\/","name":"Ad Arese incontro su caro bollette di luce e gas","isPartOf":{"@id":"https:\/\/www.ilnotiziario.net\/wp\/#website"},"primaryImageOfPage":{"@id":"https:\/\/www.ilnotiziario.net\/wp\/bollatese\/caro-bollette-incontro-per-abbassare-i-costi-di-luce-e-gas-appuntamento-ad-arese\/#primaryimage"},"image":{"@id":"https:\/\/www.ilnotiziario.net\/wp\/bollatese\/caro-bollette-incontro-per-abbassare-i-costi-di-luce-e-gas-appuntamento-ad-arese\/#primaryimage"},"thumbnailUrl":"https:\/\/www.ilnotiziario.net\/wp\/wp-content\/uploads\/2023\/02\/caro_bolletta.jpg","datePublished":"2023-02-03T13:00:42+00:00","description":"Mercoled\u00ec 15 febbraio ad Arese incontro sul caro bollette di luce e gas:","breadcrumb":{"@id":"https:\/\/www.ilnotiziario.net\/wp\/bollatese\/caro-bollette-incontro-per-abbassare-i-costi-di-luce-e-gas-appuntamento-ad-arese\/#breadcrumb"},"inLanguage":"it-IT","potentialAction":[{"@type":"ReadAction","target":["https:\/\/www.ilnotiziario.net\/wp\/bollatese\/caro-bollette-incontro-per-abbassare-i-costi-di-luce-e-gas-appuntamento-ad-arese\/"]}]},{"@type":"ImageObject","inLanguage":"it-IT","@id":"https:\/\/www.ilnotiziario.net\/wp\/bollatese\/caro-bollette-incontro-per-abbassare-i-costi-di-luce-e-gas-appuntamento-ad-arese\/#primaryimage","url":"https:\/\/www.ilnotiziario.net\/wp\/wp-content\/uploads\/2023\/02\/caro_bolletta.jpg","contentUrl":"https:\/\/www.ilnotiziario.net\/wp\/wp-content\/uploads\/2023\/02\/caro_bolletta.jpg","width":656,"height":492,"caption":"Caro bollette di luce e gas, incontro ad Arese"},{"@type":"BreadcrumbList","@id":"https:\/\/www.ilnotiziario.net\/wp\/bollatese\/caro-bollette-incontro-per-abbassare-i-costi-di-luce-e-gas-appuntamento-ad-arese\/#breadcrumb","itemListElement":[{"@type":"ListItem","position":1,"name":"tds_text_logo_tagline_colortds_text_logo_tagline_colortds_text_logo_tagline_colortds_text_logo_tagline_colortd_module_7_title_excerpttd_module_7_title_excerpttd_module_7_title_excerpttd_module_7_title_excerptHome","item":"https:\/\/www.ilnotiziario.net\/wp\/"},{"@type":"ListItem","position":2,"name":"Caro bollette, incontro per abbassare i costi di luce e gas: appuntamento ad Arese"}]},{"@type":"WebSite","@id":"https:\/\/www.ilnotiziario.net\/wp\/#website","url":"https:\/\/www.ilnotiziario.net\/wp\/","name":"Il Notiziario","description":"Per restare sempre connessi alla notizia","publisher":{"@id":"https:\/\/www.ilnotiziario.net\/wp\/#organization"},"alternateName":"Il Notiziario Bollate","potentialAction":[{"@type":"SearchAction","target":{"@type":"EntryPoint","urlTemplate":"https:\/\/www.ilnotiziario.net\/wp\/?s={search_term_string}"},"query-input":{"@type":"PropertyValueSpecification","valueRequired":true,"valueName":"search_term_string"}}],"inLanguage":"it-IT"},{"@type":"Organization","@id":"https:\/\/www.ilnotiziario.net\/wp\/#organization","name":"Il Notiziario","url":"https:\/\/www.ilnotiziario.net\/wp\/","logo":{"@type":"ImageObject","inLanguage":"it-IT","@id":"https:\/\/www.ilnotiziario.net\/wp\/#\/schema\/logo\/image\/","url":"https:\/\/www.ilnotiziario.net\/wp\/wp-content\/uploads\/2022\/06\/170x170ilN.png","contentUrl":"https:\/\/www.ilnotiziario.net\/wp\/wp-content\/uploads\/2022\/06\/170x170ilN.png","width":355,"height":355,"caption":"Il Notiziario"},"image":{"@id":"https:\/\/www.ilnotiziario.net\/wp\/#\/schema\/logo\/image\/"},"sameAs":["https:\/\/www.facebook.com\/ilnotiziarioind\/","https:\/\/x.com\/ilNotiziarioInd","https:\/\/www.instagram.com\/ilnotiziario_settimanale\/"]},{"@type":"Person","@id":"https:\/\/www.ilnotiziario.net\/wp\/#\/schema\/person\/386e222908f898bb41c033989482bbf2","name":"Gabriele Bassani","image":{"@type":"ImageObject","inLanguage":"it-IT","@id":"https:\/\/secure.gravatar.com\/avatar\/09274f4a84fa97698bde56f84b3afed61c8492d48b0550db9671b68c177479cb?s=96&d=mm&r=g","url":"https:\/\/secure.gravatar.com\/avatar\/09274f4a84fa97698bde56f84b3afed61c8492d48b0550db9671b68c177479cb?s=96&d=mm&r=g","contentUrl":"https:\/\/secure.gravatar.com\/avatar\/09274f4a84fa97698bde56f84b3afed61c8492d48b0550db9671b68c177479cb?s=96&d=mm&r=g","caption":"Gabriele Bassani"},"sameAs":["http:\/\/www.ilnotiziario.net"]}]}},"_links":{"self":[{"href":"https:\/\/www.ilnotiziario.net\/wp\/wp-json\/wp\/v2\/posts\/177875","targetHints":{"allow":["GET"]}}],"collection":[{"href":"https:\/\/www.ilnotiziario.net\/wp\/wp-json\/wp\/v2\/posts"}],"about":[{"href":"https:\/\/www.ilnotiziario.net\/wp\/wp-json\/wp\/v2\/types\/post"}],"author":[{"embeddable":true,"href":"https:\/\/www.ilnotiziario.net\/wp\/wp-json\/wp\/v2\/users\/3"}],"replies":[{"embeddable":true,"href":"https:\/\/www.ilnotiziario.net\/wp\/wp-json\/wp\/v2\/comments?post=177875"}],"version-history":[{"count":0,"href":"https:\/\/www.ilnotiziario.net\/wp\/wp-json\/wp\/v2\/posts\/177875\/revisions"}],"wp:featuredmedia":[{"embeddable":true,"href":"https:\/\/www.ilnotiziario.net\/wp\/wp-json\/wp\/v2\/media\/177877"}],"wp:attachment":[{"href":"https:\/\/www.ilnotiziario.net\/wp\/wp-json\/wp\/v2\/media?parent=177875"}],"wp:term":[{"taxonomy":"category","embeddable":true,"href":"https:\/\/www.ilnotiziario.net\/wp\/wp-json\/wp\/v2\/categories?post=177875"},{"taxonomy":"post_tag","embeddable":true,"href":"https:\/\/www.ilnotiziario.net\/wp\/wp-json\/wp\/v2\/tags?post=177875"}],"curies":[{"name":"wp","href":"https:\/\/api.w.org\/{rel}","templated":true}]}}