{"id":178002,"date":"2023-02-06T16:16:20","date_gmt":"2023-02-06T15:16:20","guid":{"rendered":"https:\/\/www.ilnotiziario.net\/wp\/?p=178002"},"modified":"2023-02-06T16:24:00","modified_gmt":"2023-02-06T15:24:00","slug":"zanetti-inter-ceriano-laghetto-padel","status":"publish","type":"post","link":"https:\/\/www.ilnotiziario.net\/wp\/brianza\/zanetti-inter-ceriano-laghetto-padel\/","title":{"rendered":"Zanetti dell&#8217;Inter a Ceriano Laghetto a giocare a padel"},"content":{"rendered":"<p>Javier Zanetti oggi a Ceriano Laghetto per giocare a Padel. L\u2019ex calciatore dell\u2019Inter e oggi vicepresidente della societ\u00e0 di calcio milanese, fresca vincitrice dell\u2019ultima edizione del derby di Milano, ieri sera contro il Milan, era questa mattina a Ceriano Laghetto.<br \/>\nZanetti ha giocato a padel, insieme a tre amici argentini come lui sui nuovi campi della struttura sportiva comunale di via Campaccio, gestita dal Ctc Ceriano Laghetto.<\/p><div id=\"ilnot-1659610199\" class=\"ilnot-contenuto ilnot-entity-placement\"><p><!-- incontent_1 --><\/p>\n<div class=\"gptslot\" data-adunitid=\"1\"><\/div>\n<\/div>\n<p>Una presenza a sorpresa, che si \u00e8 materializzata verso le 9,30 e che non \u00e8 sfuggita ai presenti nell\u2019impianto sportivo dove, accanto ai campi di tennis, dove si allenano e giocano le squadre agonistiche del Ctc, da qualche tempo sono stati realizzati nuovissimi campi da padel, molto apprezzati dai tanti appassionati di questa disciplina dal successo crescente.<\/p>\n<h2>Il vicepresidente dell&#8217;Inter, ex campione di calcio Javier Zanetti oggi a Ceriano Laghetto&nbsp;<\/h2>\n<p>Tra i tanti che praticano questo sport, <a href=\"https:\/\/www.ilnotiziario.net\/wp\/saronnese\/dopo-wanda-nara-javier-zanetti-cena-origgio\/\"><strong>c\u2019\u00e8 anche Javier Zanetti,<\/strong><\/a> che questa mattina era a Ceriano Laghetto. \u201cMi ha chiesto indicazioni per raggiungere il campo e l\u2019ho accompagnato\u201d -racconta Silvano, uno degli operatori del centro sportivo di via Campaccio. \u201cDurante la partita con i suoi amici, pi\u00f9 di qualcuno lo ha riconosciuto e si \u00e8 fermato ad assistere. Alla fine in molti lo hanno salutato, qualcuno ha chiesto una foto e lui si \u00e8 mostrato molto disponibile\u201d.<\/p><div id=\"ilnot-1500144148\" class=\"ilnot-contenuto_2 ilnot-entity-placement\"><div class=\"ads-wrapper\">\n<div class=\"ad-slot\">\n   <div id=\"ilnot-1814743415\" style=\"margin-right: auto;margin-left: auto;text-align: center;width: 320px;height: 100px;\"><a href=\"https:\/\/www.scuolasicurezza.it\/\"><img decoding=\"async\" src=\"https:\/\/www.ilnotiziario.net\/wp\/wp-content\/uploads\/2026\/04\/IlNotiziario_banner-sito-e-newsletter-320-x-100-px-1.gif\" alt=\"\"><\/a><\/div>\n  <\/div>\n<div class=\"ad-slot\">\n   <div id=\"ilnot-1794259469\" style=\"margin-right: auto;margin-left: auto;text-align: center;width: 320px;height: 100px;\"><a href=\"https:\/\/purodesignarredamenti.com\/\"><img decoding=\"async\" src=\"https:\/\/www.ilnotiziario.net\/wp\/wp-content\/uploads\/2026\/04\/banner-puro-ok.gif\" alt=\"whatsapp\"><\/a><\/div><\/p><\/div>\n<\/div>\n<\/div>\n<p>Anche il presidente del Ctc,&nbsp; Severino Rocco, \u00e8 stato informato della presenza del campione argentino, oggi vicepresidente dell\u2019Inter ed \u00e8 passato in sede per un saluto veloce da bordo campo.<\/p>\n<p>\u201cAl termine ci ha ringraziato e ha detto che si \u00e8 trovato molto bene nel nostro impianto e io l\u2019ho invitato a tornare ancora tra noi\u201d -conclude Silvano.<\/p>\n<p>Sfoglia l&#8217;ultima edizione del Notiziario settimanale direttamente dalla <a href=\"http:\/\/edicola.ilnotiziario.net\"><strong>nostra edicola digitale&nbsp;<\/strong><\/a><\/p><div id=\"ilnot-3609746142\" class=\"ilnot-contenuto_2-2 ilnot-entity-placement\"><div class=\"gptslot\" data-adunitid=\"2\"><\/div>\n<\/div>\n","protected":false},"excerpt":{"rendered":"<p>Javier Zanetti oggi a Ceriano Laghetto per giocare a Padel. L\u2019ex calciatore dell\u2019Inter e oggi vicepresidente della societ\u00e0 di calcio milanese, fresca vincitrice dell\u2019ultima edizione del derby di Milano, ieri sera contro il Milan, era questa mattina a Ceriano Laghetto. Zanetti ha giocato a padel, insieme a tre amici argentini come lui sui nuovi campi<\/p>\n","protected":false},"author":3,"featured_media":178003,"comment_status":"closed","ping_status":"closed","sticky":false,"template":"","format":"standard","meta":{"footnotes":""},"categories":[9,20,13],"tags":[169,3604,7942,3240],"class_list":{"0":"post-178002","1":"post","2":"type-post","3":"status-publish","4":"format-standard","5":"has-post-thumbnail","7":"category-brianza","8":"category-prima-pagina","9":"category-saronnese","10":"tag-ceriano","11":"tag-inter","12":"tag-padel","13":"tag-zanetti"},"yoast_head":"<!-- This site is optimized with the Yoast SEO plugin v27.4 - https:\/\/yoast.com\/product\/yoast-seo-wordpress\/ -->\n<title>Zanetti dell&#039;Inter a Ceriano Laghetto a giocare a padel - Il Notiziario<\/title>\n<meta name=\"description\" content=\"Javier Zanetti oggi a Ceriano Laghetto per giocare a Padel sui nuovi campi del Ctc Ceriano di via Campaccio\" \/>\n<meta name=\"robots\" content=\"index, follow, max-snippet:-1, max-image-preview:large, max-video-preview:-1\" \/>\n<link rel=\"canonical\" href=\"https:\/\/www.ilnotiziario.net\/wp\/brianza\/zanetti-inter-ceriano-laghetto-padel\/\" \/>\n<meta property=\"og:locale\" content=\"it_IT\" \/>\n<meta property=\"og:type\" content=\"article\" \/>\n<meta property=\"og:title\" content=\"Zanetti dell&#039;Inter a Ceriano Laghetto a giocare a padel - Il Notiziario\" \/>\n<meta property=\"og:description\" content=\"Javier Zanetti oggi a Ceriano Laghetto per giocare a Padel sui nuovi campi del Ctc Ceriano di via Campaccio\" \/>\n<meta property=\"og:url\" content=\"https:\/\/www.ilnotiziario.net\/wp\/brianza\/zanetti-inter-ceriano-laghetto-padel\/\" \/>\n<meta property=\"og:site_name\" content=\"Il Notiziario\" \/>\n<meta property=\"article:publisher\" content=\"https:\/\/www.facebook.com\/ilnotiziarioind\/\" \/>\n<meta property=\"article:published_time\" content=\"2023-02-06T15:16:20+00:00\" \/>\n<meta property=\"article:modified_time\" content=\"2023-02-06T15:24:00+00:00\" \/>\n<meta property=\"og:image\" content=\"https:\/\/www.ilnotiziario.net\/wp\/wp-content\/uploads\/2023\/02\/1002CerZanettiTennis3.jpg\" \/>\n\t<meta property=\"og:image:width\" content=\"1920\" \/>\n\t<meta property=\"og:image:height\" content=\"1920\" \/>\n\t<meta property=\"og:image:type\" content=\"image\/jpeg\" \/>\n<meta name=\"author\" content=\"Gabriele Bassani\" \/>\n<meta name=\"twitter:card\" content=\"summary_large_image\" \/>\n<meta name=\"twitter:creator\" content=\"@ilNotiziarioInd\" \/>\n<meta name=\"twitter:site\" content=\"@ilNotiziarioInd\" \/>\n<meta name=\"twitter:label1\" content=\"Scritto da\" \/>\n\t<meta name=\"twitter:data1\" content=\"Gabriele Bassani\" \/>\n\t<meta name=\"twitter:label2\" content=\"Tempo di lettura stimato\" \/>\n\t<meta name=\"twitter:data2\" content=\"2 minuti\" \/>\n<script type=\"application\/ld+json\" class=\"yoast-schema-graph\">{\"@context\":\"https:\\\/\\\/schema.org\",\"@graph\":[{\"@type\":\"Article\",\"@id\":\"https:\\\/\\\/www.ilnotiziario.net\\\/wp\\\/brianza\\\/zanetti-inter-ceriano-laghetto-padel\\\/#article\",\"isPartOf\":{\"@id\":\"https:\\\/\\\/www.ilnotiziario.net\\\/wp\\\/brianza\\\/zanetti-inter-ceriano-laghetto-padel\\\/\"},\"author\":{\"name\":\"Gabriele Bassani\",\"@id\":\"https:\\\/\\\/www.ilnotiziario.net\\\/wp\\\/#\\\/schema\\\/person\\\/386e222908f898bb41c033989482bbf2\"},\"headline\":\"Zanetti dell&#8217;Inter a Ceriano Laghetto a giocare a padel\",\"datePublished\":\"2023-02-06T15:16:20+00:00\",\"dateModified\":\"2023-02-06T15:24:00+00:00\",\"mainEntityOfPage\":{\"@id\":\"https:\\\/\\\/www.ilnotiziario.net\\\/wp\\\/brianza\\\/zanetti-inter-ceriano-laghetto-padel\\\/\"},\"wordCount\":298,\"publisher\":{\"@id\":\"https:\\\/\\\/www.ilnotiziario.net\\\/wp\\\/#organization\"},\"image\":{\"@id\":\"https:\\\/\\\/www.ilnotiziario.net\\\/wp\\\/brianza\\\/zanetti-inter-ceriano-laghetto-padel\\\/#primaryimage\"},\"thumbnailUrl\":\"https:\\\/\\\/www.ilnotiziario.net\\\/wp\\\/wp-content\\\/uploads\\\/2023\\\/02\\\/1002CerZanettiTennis3.jpg\",\"keywords\":[\"Ceriano\",\"inter\",\"padel\",\"Zanetti\"],\"articleSection\":[\"BRIANZA\",\"Prima Pagina\",\"SARONNESE\"],\"inLanguage\":\"it-IT\"},{\"@type\":\"WebPage\",\"@id\":\"https:\\\/\\\/www.ilnotiziario.net\\\/wp\\\/brianza\\\/zanetti-inter-ceriano-laghetto-padel\\\/\",\"url\":\"https:\\\/\\\/www.ilnotiziario.net\\\/wp\\\/brianza\\\/zanetti-inter-ceriano-laghetto-padel\\\/\",\"name\":\"Zanetti dell'Inter a Ceriano Laghetto a giocare a padel - Il Notiziario\",\"isPartOf\":{\"@id\":\"https:\\\/\\\/www.ilnotiziario.net\\\/wp\\\/#website\"},\"primaryImageOfPage\":{\"@id\":\"https:\\\/\\\/www.ilnotiziario.net\\\/wp\\\/brianza\\\/zanetti-inter-ceriano-laghetto-padel\\\/#primaryimage\"},\"image\":{\"@id\":\"https:\\\/\\\/www.ilnotiziario.net\\\/wp\\\/brianza\\\/zanetti-inter-ceriano-laghetto-padel\\\/#primaryimage\"},\"thumbnailUrl\":\"https:\\\/\\\/www.ilnotiziario.net\\\/wp\\\/wp-content\\\/uploads\\\/2023\\\/02\\\/1002CerZanettiTennis3.jpg\",\"datePublished\":\"2023-02-06T15:16:20+00:00\",\"dateModified\":\"2023-02-06T15:24:00+00:00\",\"description\":\"Javier Zanetti oggi a Ceriano Laghetto per giocare a Padel sui nuovi campi del Ctc Ceriano di via Campaccio\",\"breadcrumb\":{\"@id\":\"https:\\\/\\\/www.ilnotiziario.net\\\/wp\\\/brianza\\\/zanetti-inter-ceriano-laghetto-padel\\\/#breadcrumb\"},\"inLanguage\":\"it-IT\",\"potentialAction\":[{\"@type\":\"ReadAction\",\"target\":[\"https:\\\/\\\/www.ilnotiziario.net\\\/wp\\\/brianza\\\/zanetti-inter-ceriano-laghetto-padel\\\/\"]}]},{\"@type\":\"ImageObject\",\"inLanguage\":\"it-IT\",\"@id\":\"https:\\\/\\\/www.ilnotiziario.net\\\/wp\\\/brianza\\\/zanetti-inter-ceriano-laghetto-padel\\\/#primaryimage\",\"url\":\"https:\\\/\\\/www.ilnotiziario.net\\\/wp\\\/wp-content\\\/uploads\\\/2023\\\/02\\\/1002CerZanettiTennis3.jpg\",\"contentUrl\":\"https:\\\/\\\/www.ilnotiziario.net\\\/wp\\\/wp-content\\\/uploads\\\/2023\\\/02\\\/1002CerZanettiTennis3.jpg\",\"width\":1920,\"height\":1920,\"caption\":\"Javier Zanetti questa mattina a Ceriano Laghetto\"},{\"@type\":\"BreadcrumbList\",\"@id\":\"https:\\\/\\\/www.ilnotiziario.net\\\/wp\\\/brianza\\\/zanetti-inter-ceriano-laghetto-padel\\\/#breadcrumb\",\"itemListElement\":[{\"@type\":\"ListItem\",\"position\":1,\"name\":\"tds_text_logo_tagline_colortds_text_logo_tagline_colortds_text_logo_tagline_colortds_text_logo_tagline_colortd_module_7_title_excerpttd_module_7_title_excerpttd_module_7_title_excerpttd_module_7_title_excerptHome\",\"item\":\"https:\\\/\\\/www.ilnotiziario.net\\\/wp\\\/\"},{\"@type\":\"ListItem\",\"position\":2,\"name\":\"Zanetti dell&#8217;Inter a Ceriano Laghetto a giocare a padel\"}]},{\"@type\":\"WebSite\",\"@id\":\"https:\\\/\\\/www.ilnotiziario.net\\\/wp\\\/#website\",\"url\":\"https:\\\/\\\/www.ilnotiziario.net\\\/wp\\\/\",\"name\":\"Il Notiziario\",\"description\":\"Per restare sempre connessi alla notizia\",\"publisher\":{\"@id\":\"https:\\\/\\\/www.ilnotiziario.net\\\/wp\\\/#organization\"},\"alternateName\":\"Il Notiziario Bollate\",\"potentialAction\":[{\"@type\":\"SearchAction\",\"target\":{\"@type\":\"EntryPoint\",\"urlTemplate\":\"https:\\\/\\\/www.ilnotiziario.net\\\/wp\\\/?s={search_term_string}\"},\"query-input\":{\"@type\":\"PropertyValueSpecification\",\"valueRequired\":true,\"valueName\":\"search_term_string\"}}],\"inLanguage\":\"it-IT\"},{\"@type\":\"Organization\",\"@id\":\"https:\\\/\\\/www.ilnotiziario.net\\\/wp\\\/#organization\",\"name\":\"Il Notiziario\",\"url\":\"https:\\\/\\\/www.ilnotiziario.net\\\/wp\\\/\",\"logo\":{\"@type\":\"ImageObject\",\"inLanguage\":\"it-IT\",\"@id\":\"https:\\\/\\\/www.ilnotiziario.net\\\/wp\\\/#\\\/schema\\\/logo\\\/image\\\/\",\"url\":\"https:\\\/\\\/www.ilnotiziario.net\\\/wp\\\/wp-content\\\/uploads\\\/2022\\\/06\\\/170x170ilN.png\",\"contentUrl\":\"https:\\\/\\\/www.ilnotiziario.net\\\/wp\\\/wp-content\\\/uploads\\\/2022\\\/06\\\/170x170ilN.png\",\"width\":355,\"height\":355,\"caption\":\"Il Notiziario\"},\"image\":{\"@id\":\"https:\\\/\\\/www.ilnotiziario.net\\\/wp\\\/#\\\/schema\\\/logo\\\/image\\\/\"},\"sameAs\":[\"https:\\\/\\\/www.facebook.com\\\/ilnotiziarioind\\\/\",\"https:\\\/\\\/x.com\\\/ilNotiziarioInd\",\"https:\\\/\\\/www.instagram.com\\\/ilnotiziario_settimanale\\\/\"]},{\"@type\":\"Person\",\"@id\":\"https:\\\/\\\/www.ilnotiziario.net\\\/wp\\\/#\\\/schema\\\/person\\\/386e222908f898bb41c033989482bbf2\",\"name\":\"Gabriele Bassani\",\"image\":{\"@type\":\"ImageObject\",\"inLanguage\":\"it-IT\",\"@id\":\"https:\\\/\\\/secure.gravatar.com\\\/avatar\\\/09274f4a84fa97698bde56f84b3afed61c8492d48b0550db9671b68c177479cb?s=96&d=mm&r=g\",\"url\":\"https:\\\/\\\/secure.gravatar.com\\\/avatar\\\/09274f4a84fa97698bde56f84b3afed61c8492d48b0550db9671b68c177479cb?s=96&d=mm&r=g\",\"contentUrl\":\"https:\\\/\\\/secure.gravatar.com\\\/avatar\\\/09274f4a84fa97698bde56f84b3afed61c8492d48b0550db9671b68c177479cb?s=96&d=mm&r=g\",\"caption\":\"Gabriele Bassani\"},\"sameAs\":[\"http:\\\/\\\/www.ilnotiziario.net\"]}]}<\/script>\n<!-- \/ Yoast SEO plugin. -->","yoast_head_json":{"title":"Zanetti dell'Inter a Ceriano Laghetto a giocare a padel - Il Notiziario","description":"Javier Zanetti oggi a Ceriano Laghetto per giocare a Padel sui nuovi campi del Ctc Ceriano di via Campaccio","robots":{"index":"index","follow":"follow","max-snippet":"max-snippet:-1","max-image-preview":"max-image-preview:large","max-video-preview":"max-video-preview:-1"},"canonical":"https:\/\/www.ilnotiziario.net\/wp\/brianza\/zanetti-inter-ceriano-laghetto-padel\/","og_locale":"it_IT","og_type":"article","og_title":"Zanetti dell'Inter a Ceriano Laghetto a giocare a padel - Il Notiziario","og_description":"Javier Zanetti oggi a Ceriano Laghetto per giocare a Padel sui nuovi campi del Ctc Ceriano di via Campaccio","og_url":"https:\/\/www.ilnotiziario.net\/wp\/brianza\/zanetti-inter-ceriano-laghetto-padel\/","og_site_name":"Il Notiziario","article_publisher":"https:\/\/www.facebook.com\/ilnotiziarioind\/","article_published_time":"2023-02-06T15:16:20+00:00","article_modified_time":"2023-02-06T15:24:00+00:00","og_image":[{"width":1920,"height":1920,"url":"https:\/\/www.ilnotiziario.net\/wp\/wp-content\/uploads\/2023\/02\/1002CerZanettiTennis3.jpg","type":"image\/jpeg"}],"author":"Gabriele Bassani","twitter_card":"summary_large_image","twitter_creator":"@ilNotiziarioInd","twitter_site":"@ilNotiziarioInd","twitter_misc":{"Scritto da":"Gabriele Bassani","Tempo di lettura stimato":"2 minuti"},"schema":{"@context":"https:\/\/schema.org","@graph":[{"@type":"Article","@id":"https:\/\/www.ilnotiziario.net\/wp\/brianza\/zanetti-inter-ceriano-laghetto-padel\/#article","isPartOf":{"@id":"https:\/\/www.ilnotiziario.net\/wp\/brianza\/zanetti-inter-ceriano-laghetto-padel\/"},"author":{"name":"Gabriele Bassani","@id":"https:\/\/www.ilnotiziario.net\/wp\/#\/schema\/person\/386e222908f898bb41c033989482bbf2"},"headline":"Zanetti dell&#8217;Inter a Ceriano Laghetto a giocare a padel","datePublished":"2023-02-06T15:16:20+00:00","dateModified":"2023-02-06T15:24:00+00:00","mainEntityOfPage":{"@id":"https:\/\/www.ilnotiziario.net\/wp\/brianza\/zanetti-inter-ceriano-laghetto-padel\/"},"wordCount":298,"publisher":{"@id":"https:\/\/www.ilnotiziario.net\/wp\/#organization"},"image":{"@id":"https:\/\/www.ilnotiziario.net\/wp\/brianza\/zanetti-inter-ceriano-laghetto-padel\/#primaryimage"},"thumbnailUrl":"https:\/\/www.ilnotiziario.net\/wp\/wp-content\/uploads\/2023\/02\/1002CerZanettiTennis3.jpg","keywords":["Ceriano","inter","padel","Zanetti"],"articleSection":["BRIANZA","Prima Pagina","SARONNESE"],"inLanguage":"it-IT"},{"@type":"WebPage","@id":"https:\/\/www.ilnotiziario.net\/wp\/brianza\/zanetti-inter-ceriano-laghetto-padel\/","url":"https:\/\/www.ilnotiziario.net\/wp\/brianza\/zanetti-inter-ceriano-laghetto-padel\/","name":"Zanetti dell'Inter a Ceriano Laghetto a giocare a padel - Il Notiziario","isPartOf":{"@id":"https:\/\/www.ilnotiziario.net\/wp\/#website"},"primaryImageOfPage":{"@id":"https:\/\/www.ilnotiziario.net\/wp\/brianza\/zanetti-inter-ceriano-laghetto-padel\/#primaryimage"},"image":{"@id":"https:\/\/www.ilnotiziario.net\/wp\/brianza\/zanetti-inter-ceriano-laghetto-padel\/#primaryimage"},"thumbnailUrl":"https:\/\/www.ilnotiziario.net\/wp\/wp-content\/uploads\/2023\/02\/1002CerZanettiTennis3.jpg","datePublished":"2023-02-06T15:16:20+00:00","dateModified":"2023-02-06T15:24:00+00:00","description":"Javier Zanetti oggi a Ceriano Laghetto per giocare a Padel sui nuovi campi del Ctc Ceriano di via Campaccio","breadcrumb":{"@id":"https:\/\/www.ilnotiziario.net\/wp\/brianza\/zanetti-inter-ceriano-laghetto-padel\/#breadcrumb"},"inLanguage":"it-IT","potentialAction":[{"@type":"ReadAction","target":["https:\/\/www.ilnotiziario.net\/wp\/brianza\/zanetti-inter-ceriano-laghetto-padel\/"]}]},{"@type":"ImageObject","inLanguage":"it-IT","@id":"https:\/\/www.ilnotiziario.net\/wp\/brianza\/zanetti-inter-ceriano-laghetto-padel\/#primaryimage","url":"https:\/\/www.ilnotiziario.net\/wp\/wp-content\/uploads\/2023\/02\/1002CerZanettiTennis3.jpg","contentUrl":"https:\/\/www.ilnotiziario.net\/wp\/wp-content\/uploads\/2023\/02\/1002CerZanettiTennis3.jpg","width":1920,"height":1920,"caption":"Javier Zanetti questa mattina a Ceriano Laghetto"},{"@type":"BreadcrumbList","@id":"https:\/\/www.ilnotiziario.net\/wp\/brianza\/zanetti-inter-ceriano-laghetto-padel\/#breadcrumb","itemListElement":[{"@type":"ListItem","position":1,"name":"tds_text_logo_tagline_colortds_text_logo_tagline_colortds_text_logo_tagline_colortds_text_logo_tagline_colortd_module_7_title_excerpttd_module_7_title_excerpttd_module_7_title_excerpttd_module_7_title_excerptHome","item":"https:\/\/www.ilnotiziario.net\/wp\/"},{"@type":"ListItem","position":2,"name":"Zanetti dell&#8217;Inter a Ceriano Laghetto a giocare a padel"}]},{"@type":"WebSite","@id":"https:\/\/www.ilnotiziario.net\/wp\/#website","url":"https:\/\/www.ilnotiziario.net\/wp\/","name":"Il Notiziario","description":"Per restare sempre connessi alla notizia","publisher":{"@id":"https:\/\/www.ilnotiziario.net\/wp\/#organization"},"alternateName":"Il Notiziario Bollate","potentialAction":[{"@type":"SearchAction","target":{"@type":"EntryPoint","urlTemplate":"https:\/\/www.ilnotiziario.net\/wp\/?s={search_term_string}"},"query-input":{"@type":"PropertyValueSpecification","valueRequired":true,"valueName":"search_term_string"}}],"inLanguage":"it-IT"},{"@type":"Organization","@id":"https:\/\/www.ilnotiziario.net\/wp\/#organization","name":"Il Notiziario","url":"https:\/\/www.ilnotiziario.net\/wp\/","logo":{"@type":"ImageObject","inLanguage":"it-IT","@id":"https:\/\/www.ilnotiziario.net\/wp\/#\/schema\/logo\/image\/","url":"https:\/\/www.ilnotiziario.net\/wp\/wp-content\/uploads\/2022\/06\/170x170ilN.png","contentUrl":"https:\/\/www.ilnotiziario.net\/wp\/wp-content\/uploads\/2022\/06\/170x170ilN.png","width":355,"height":355,"caption":"Il Notiziario"},"image":{"@id":"https:\/\/www.ilnotiziario.net\/wp\/#\/schema\/logo\/image\/"},"sameAs":["https:\/\/www.facebook.com\/ilnotiziarioind\/","https:\/\/x.com\/ilNotiziarioInd","https:\/\/www.instagram.com\/ilnotiziario_settimanale\/"]},{"@type":"Person","@id":"https:\/\/www.ilnotiziario.net\/wp\/#\/schema\/person\/386e222908f898bb41c033989482bbf2","name":"Gabriele Bassani","image":{"@type":"ImageObject","inLanguage":"it-IT","@id":"https:\/\/secure.gravatar.com\/avatar\/09274f4a84fa97698bde56f84b3afed61c8492d48b0550db9671b68c177479cb?s=96&d=mm&r=g","url":"https:\/\/secure.gravatar.com\/avatar\/09274f4a84fa97698bde56f84b3afed61c8492d48b0550db9671b68c177479cb?s=96&d=mm&r=g","contentUrl":"https:\/\/secure.gravatar.com\/avatar\/09274f4a84fa97698bde56f84b3afed61c8492d48b0550db9671b68c177479cb?s=96&d=mm&r=g","caption":"Gabriele Bassani"},"sameAs":["http:\/\/www.ilnotiziario.net"]}]}},"_links":{"self":[{"href":"https:\/\/www.ilnotiziario.net\/wp\/wp-json\/wp\/v2\/posts\/178002","targetHints":{"allow":["GET"]}}],"collection":[{"href":"https:\/\/www.ilnotiziario.net\/wp\/wp-json\/wp\/v2\/posts"}],"about":[{"href":"https:\/\/www.ilnotiziario.net\/wp\/wp-json\/wp\/v2\/types\/post"}],"author":[{"embeddable":true,"href":"https:\/\/www.ilnotiziario.net\/wp\/wp-json\/wp\/v2\/users\/3"}],"replies":[{"embeddable":true,"href":"https:\/\/www.ilnotiziario.net\/wp\/wp-json\/wp\/v2\/comments?post=178002"}],"version-history":[{"count":0,"href":"https:\/\/www.ilnotiziario.net\/wp\/wp-json\/wp\/v2\/posts\/178002\/revisions"}],"wp:featuredmedia":[{"embeddable":true,"href":"https:\/\/www.ilnotiziario.net\/wp\/wp-json\/wp\/v2\/media\/178003"}],"wp:attachment":[{"href":"https:\/\/www.ilnotiziario.net\/wp\/wp-json\/wp\/v2\/media?parent=178002"}],"wp:term":[{"taxonomy":"category","embeddable":true,"href":"https:\/\/www.ilnotiziario.net\/wp\/wp-json\/wp\/v2\/categories?post=178002"},{"taxonomy":"post_tag","embeddable":true,"href":"https:\/\/www.ilnotiziario.net\/wp\/wp-json\/wp\/v2\/tags?post=178002"}],"curies":[{"name":"wp","href":"https:\/\/api.w.org\/{rel}","templated":true}]}}