{"id":178447,"date":"2023-02-15T16:00:28","date_gmt":"2023-02-15T15:00:28","guid":{"rendered":"https:\/\/www.ilnotiziario.net\/wp\/?p=178447"},"modified":"2023-02-15T16:40:46","modified_gmt":"2023-02-15T15:40:46","slug":"calendario-eventi-arese","status":"publish","type":"post","link":"https:\/\/www.ilnotiziario.net\/wp\/bollatese\/calendario-eventi-arese\/","title":{"rendered":"Vietato prendere impegni: quanti eventi ad Arese nei prossimi mesi. Ecco quali"},"content":{"rendered":"<p>Un 2023 con tanti eventi e iniziative ad Arese, con l\u2019amministrazione comunale che ha messo a punto il programma di massima delle attivit\u00e0 sportive e del tempo libero per tutto il 2023. Un calendario di iniziative ed eventi che coinvolgono le realt\u00e0 associative e commerciali locali, ma idonee a creare momenti di svago e aggregazione sul territorio di Arese.<\/p><div id=\"ilnot-3779293567\" class=\"ilnot-contenuto ilnot-entity-placement\"><p><!-- incontent_1 --><\/p>\n<div class=\"gptslot\" data-adunitid=\"1\"><\/div>\n<\/div>\n<h2>Il calendario di eventi (gratuiti) ad Arese per il 2023<\/h2>\n<p>Tra gli eventi messi in calendario ad Arese per vivere insieme il 2023, ci sono tante proposte con tagli differenti. E soprattutto calendarizzate nel corso dei mesi, come il Carnevale, la festa patronale santi Pietro e Paolo, la Notte bianca, lo street food, i balli in piazza, la festa di Ferragosto, la festa della birra, la pista di pattinaggio e \u201cAspettando il Natale\u201d.<\/p>\n<p>Tutte iniziative a partecipazione gratuita che comportano un costo di 43.510 euro. Ma quali sono gli eventi in cartellone? Anzitutto i corsi di difesa personale krav maga, feldenkrais e nordic walking, da febbraio ad aprile, volte a creare momenti di attivit\u00e0 motoria e di socializzazione per adulti.<\/p><div id=\"ilnot-48777402\" class=\"ilnot-contenuto_2 ilnot-entity-placement\"><div class=\"ads-wrapper\">\n<div class=\"ad-slot\">\n   <div id=\"ilnot-2935373352\" style=\"margin-right: auto;margin-left: auto;text-align: center;width: 320px;height: 100px;\"><a href=\"https:\/\/www.scuolasicurezza.it\/\"><img decoding=\"async\" src=\"https:\/\/www.ilnotiziario.net\/wp\/wp-content\/uploads\/2026\/04\/IlNotiziario_banner-sito-e-newsletter-320-x-100-px-1.gif\" alt=\"\"><\/a><\/div>\n  <\/div>\n<div class=\"ad-slot\">\n   <div id=\"ilnot-3886307992\" style=\"margin-right: auto;margin-left: auto;text-align: center;width: 320px;height: 100px;\"><a href=\"https:\/\/purodesignarredamenti.com\/\"><img decoding=\"async\" src=\"https:\/\/www.ilnotiziario.net\/wp\/wp-content\/uploads\/2026\/04\/banner-puro-ok.gif\" alt=\"whatsapp\"><\/a><\/div><\/p><\/div>\n<\/div>\n<\/div>\n<h2>Dalla primavera all&#8217;inverno: l&#8217;agenda di eventi ad Arese<\/h2>\n<p>Nell&#8217;immediato, \u00e8 gi\u00e0 tempo di pensare al carnevale, in programma il 25 febbraio. Toccher\u00e0 poi alla Festa di primavera (domenica 19 marzo) e agli appuntamenti nel segno della \u201cCitta\u0300 dei Motori\u201d: Rock biker friends &#8211; Motoraduno (7 maggio) e la \u201cBiker Fest\u201d in aprile. A seguire, in giugno la notte bianca (sabato 24); la festa patronale dei santi Pietro e Paolo (gioved\u00ec 29); balli in piazza (venerd\u00ec 30 e sabato 8 luglio); cinema all\u2019aperto (sabato 1, 15 e 29 luglio, sabato 12 e 26 agosto); festa di Ferragosto (marted\u00ec 15 agosto); Stracada con gli Alpini e festa delle associazioni sportive e del tempo libero (domenica 17 settembre); OktoberFest (29 e 30 ottobre e 1\u00b0 novembre); mercatini in novembre e infine \u201cAspettando Natale\u201d (3 e 17 dicembre) e pista di pattinaggio in dicembre\/gennaio.<\/p>\n<p><strong>Redazione web<br \/>\n<\/strong><strong><em>Leggi ilNotiziario anche da pc, smartphone e tablet.&nbsp;<\/em><a href=\"http:\/\/edicola.ilnotiziario.net\/\">Clicca qui per la nostra edicola digitale<\/a><\/strong><\/p>\n","protected":false},"excerpt":{"rendered":"<p>Un 2023 con tanti eventi e iniziative ad Arese, con l\u2019amministrazione comunale che ha messo a punto il programma di massima delle attivit\u00e0 sportive e del tempo libero per tutto il 2023. Un calendario di iniziative ed eventi che coinvolgono le realt\u00e0 associative e commerciali locali, ma idonee a creare momenti di svago e aggregazione<\/p>\n","protected":false},"author":3,"featured_media":172728,"comment_status":"closed","ping_status":"closed","sticky":false,"template":"","format":"standard","meta":{"footnotes":""},"categories":[8,20],"tags":[115,2012,12961,12958,12959,12960],"class_list":{"0":"post-178447","1":"post","2":"type-post","3":"status-publish","4":"format-standard","5":"has-post-thumbnail","7":"category-bollatese","8":"category-prima-pagina","9":"tag-arese","10":"tag-carnevale","11":"tag-carnevale-arese","12":"tag-eventi-arese","13":"tag-eventi-gratuiti","14":"tag-eventi-gratuti-arese"},"yoast_head":"<!-- This site is optimized with the Yoast SEO plugin v27.4 - https:\/\/yoast.com\/product\/yoast-seo-wordpress\/ -->\n<title>Stilato il calendario eventi 2023 ad Arese: tutte le proposte<\/title>\n<meta name=\"description\" content=\"Stilato il calendario degli eventi gratuiti ad Arese per il 2023: si parte con il carnevale e si arriva agli appuntametni di Natale\" \/>\n<meta name=\"robots\" content=\"index, follow, max-snippet:-1, max-image-preview:large, max-video-preview:-1\" \/>\n<link rel=\"canonical\" href=\"https:\/\/www.ilnotiziario.net\/wp\/bollatese\/calendario-eventi-arese\/\" \/>\n<meta property=\"og:locale\" content=\"it_IT\" \/>\n<meta property=\"og:type\" content=\"article\" \/>\n<meta property=\"og:title\" content=\"Stilato il calendario eventi 2023 ad Arese: tutte le proposte\" \/>\n<meta property=\"og:description\" content=\"Stilato il calendario degli eventi gratuiti ad Arese per il 2023: si parte con il carnevale e si arriva agli appuntametni di Natale\" \/>\n<meta property=\"og:url\" content=\"https:\/\/www.ilnotiziario.net\/wp\/bollatese\/calendario-eventi-arese\/\" \/>\n<meta property=\"og:site_name\" content=\"Il Notiziario\" \/>\n<meta property=\"article:publisher\" content=\"https:\/\/www.facebook.com\/ilnotiziarioind\/\" \/>\n<meta property=\"article:published_time\" content=\"2023-02-15T15:00:28+00:00\" \/>\n<meta property=\"article:modified_time\" content=\"2023-02-15T15:40:46+00:00\" \/>\n<meta property=\"og:image\" content=\"https:\/\/www.ilnotiziario.net\/wp\/wp-content\/uploads\/2022\/10\/Arese-Agora.jpg\" \/>\n\t<meta property=\"og:image:width\" content=\"932\" \/>\n\t<meta property=\"og:image:height\" content=\"549\" \/>\n\t<meta property=\"og:image:type\" content=\"image\/jpeg\" \/>\n<meta name=\"author\" content=\"Gabriele Bassani\" \/>\n<meta name=\"twitter:card\" content=\"summary_large_image\" \/>\n<meta name=\"twitter:creator\" content=\"@ilNotiziarioInd\" \/>\n<meta name=\"twitter:site\" content=\"@ilNotiziarioInd\" \/>\n<meta name=\"twitter:label1\" content=\"Scritto da\" \/>\n\t<meta name=\"twitter:data1\" content=\"Gabriele Bassani\" \/>\n\t<meta name=\"twitter:label2\" content=\"Tempo di lettura stimato\" \/>\n\t<meta name=\"twitter:data2\" content=\"2 minuti\" \/>\n<script type=\"application\/ld+json\" class=\"yoast-schema-graph\">{\"@context\":\"https:\\\/\\\/schema.org\",\"@graph\":[{\"@type\":\"Article\",\"@id\":\"https:\\\/\\\/www.ilnotiziario.net\\\/wp\\\/bollatese\\\/calendario-eventi-arese\\\/#article\",\"isPartOf\":{\"@id\":\"https:\\\/\\\/www.ilnotiziario.net\\\/wp\\\/bollatese\\\/calendario-eventi-arese\\\/\"},\"author\":{\"name\":\"Gabriele Bassani\",\"@id\":\"https:\\\/\\\/www.ilnotiziario.net\\\/wp\\\/#\\\/schema\\\/person\\\/386e222908f898bb41c033989482bbf2\"},\"headline\":\"Vietato prendere impegni: quanti eventi ad Arese nei prossimi mesi. Ecco quali\",\"datePublished\":\"2023-02-15T15:00:28+00:00\",\"dateModified\":\"2023-02-15T15:40:46+00:00\",\"mainEntityOfPage\":{\"@id\":\"https:\\\/\\\/www.ilnotiziario.net\\\/wp\\\/bollatese\\\/calendario-eventi-arese\\\/\"},\"wordCount\":330,\"publisher\":{\"@id\":\"https:\\\/\\\/www.ilnotiziario.net\\\/wp\\\/#organization\"},\"image\":{\"@id\":\"https:\\\/\\\/www.ilnotiziario.net\\\/wp\\\/bollatese\\\/calendario-eventi-arese\\\/#primaryimage\"},\"thumbnailUrl\":\"https:\\\/\\\/www.ilnotiziario.net\\\/wp\\\/wp-content\\\/uploads\\\/2022\\\/10\\\/Arese-Agora-e1682082263362.jpg\",\"keywords\":[\"Arese\",\"carnevale\",\"carnevale arese\",\"eventi arese\",\"eventi gratuiti\",\"eventi gratuti arese\"],\"articleSection\":[\"BOLLATESE\",\"Prima Pagina\"],\"inLanguage\":\"it-IT\"},{\"@type\":\"WebPage\",\"@id\":\"https:\\\/\\\/www.ilnotiziario.net\\\/wp\\\/bollatese\\\/calendario-eventi-arese\\\/\",\"url\":\"https:\\\/\\\/www.ilnotiziario.net\\\/wp\\\/bollatese\\\/calendario-eventi-arese\\\/\",\"name\":\"Stilato il calendario eventi 2023 ad Arese: tutte le proposte\",\"isPartOf\":{\"@id\":\"https:\\\/\\\/www.ilnotiziario.net\\\/wp\\\/#website\"},\"primaryImageOfPage\":{\"@id\":\"https:\\\/\\\/www.ilnotiziario.net\\\/wp\\\/bollatese\\\/calendario-eventi-arese\\\/#primaryimage\"},\"image\":{\"@id\":\"https:\\\/\\\/www.ilnotiziario.net\\\/wp\\\/bollatese\\\/calendario-eventi-arese\\\/#primaryimage\"},\"thumbnailUrl\":\"https:\\\/\\\/www.ilnotiziario.net\\\/wp\\\/wp-content\\\/uploads\\\/2022\\\/10\\\/Arese-Agora-e1682082263362.jpg\",\"datePublished\":\"2023-02-15T15:00:28+00:00\",\"dateModified\":\"2023-02-15T15:40:46+00:00\",\"description\":\"Stilato il calendario degli eventi gratuiti ad Arese per il 2023: si parte con il carnevale e si arriva agli appuntametni di Natale\",\"breadcrumb\":{\"@id\":\"https:\\\/\\\/www.ilnotiziario.net\\\/wp\\\/bollatese\\\/calendario-eventi-arese\\\/#breadcrumb\"},\"inLanguage\":\"it-IT\",\"potentialAction\":[{\"@type\":\"ReadAction\",\"target\":[\"https:\\\/\\\/www.ilnotiziario.net\\\/wp\\\/bollatese\\\/calendario-eventi-arese\\\/\"]}]},{\"@type\":\"ImageObject\",\"inLanguage\":\"it-IT\",\"@id\":\"https:\\\/\\\/www.ilnotiziario.net\\\/wp\\\/bollatese\\\/calendario-eventi-arese\\\/#primaryimage\",\"url\":\"https:\\\/\\\/www.ilnotiziario.net\\\/wp\\\/wp-content\\\/uploads\\\/2022\\\/10\\\/Arese-Agora-e1682082263362.jpg\",\"contentUrl\":\"https:\\\/\\\/www.ilnotiziario.net\\\/wp\\\/wp-content\\\/uploads\\\/2022\\\/10\\\/Arese-Agora-e1682082263362.jpg\",\"width\":932,\"height\":410,\"caption\":\"Il centro civico Agor\u00e0 di Arese\"},{\"@type\":\"BreadcrumbList\",\"@id\":\"https:\\\/\\\/www.ilnotiziario.net\\\/wp\\\/bollatese\\\/calendario-eventi-arese\\\/#breadcrumb\",\"itemListElement\":[{\"@type\":\"ListItem\",\"position\":1,\"name\":\"tds_text_logo_tagline_colortds_text_logo_tagline_colortds_text_logo_tagline_colortds_text_logo_tagline_colortd_module_7_title_excerpttd_module_7_title_excerpttd_module_7_title_excerpttd_module_7_title_excerptHome\",\"item\":\"https:\\\/\\\/www.ilnotiziario.net\\\/wp\\\/\"},{\"@type\":\"ListItem\",\"position\":2,\"name\":\"Vietato prendere impegni: quanti eventi ad Arese nei prossimi mesi. Ecco quali\"}]},{\"@type\":\"WebSite\",\"@id\":\"https:\\\/\\\/www.ilnotiziario.net\\\/wp\\\/#website\",\"url\":\"https:\\\/\\\/www.ilnotiziario.net\\\/wp\\\/\",\"name\":\"Il Notiziario\",\"description\":\"Per restare sempre connessi alla notizia\",\"publisher\":{\"@id\":\"https:\\\/\\\/www.ilnotiziario.net\\\/wp\\\/#organization\"},\"alternateName\":\"Il Notiziario Bollate\",\"potentialAction\":[{\"@type\":\"SearchAction\",\"target\":{\"@type\":\"EntryPoint\",\"urlTemplate\":\"https:\\\/\\\/www.ilnotiziario.net\\\/wp\\\/?s={search_term_string}\"},\"query-input\":{\"@type\":\"PropertyValueSpecification\",\"valueRequired\":true,\"valueName\":\"search_term_string\"}}],\"inLanguage\":\"it-IT\"},{\"@type\":\"Organization\",\"@id\":\"https:\\\/\\\/www.ilnotiziario.net\\\/wp\\\/#organization\",\"name\":\"Il Notiziario\",\"url\":\"https:\\\/\\\/www.ilnotiziario.net\\\/wp\\\/\",\"logo\":{\"@type\":\"ImageObject\",\"inLanguage\":\"it-IT\",\"@id\":\"https:\\\/\\\/www.ilnotiziario.net\\\/wp\\\/#\\\/schema\\\/logo\\\/image\\\/\",\"url\":\"https:\\\/\\\/www.ilnotiziario.net\\\/wp\\\/wp-content\\\/uploads\\\/2022\\\/06\\\/170x170ilN.png\",\"contentUrl\":\"https:\\\/\\\/www.ilnotiziario.net\\\/wp\\\/wp-content\\\/uploads\\\/2022\\\/06\\\/170x170ilN.png\",\"width\":355,\"height\":355,\"caption\":\"Il Notiziario\"},\"image\":{\"@id\":\"https:\\\/\\\/www.ilnotiziario.net\\\/wp\\\/#\\\/schema\\\/logo\\\/image\\\/\"},\"sameAs\":[\"https:\\\/\\\/www.facebook.com\\\/ilnotiziarioind\\\/\",\"https:\\\/\\\/x.com\\\/ilNotiziarioInd\",\"https:\\\/\\\/www.instagram.com\\\/ilnotiziario_settimanale\\\/\"]},{\"@type\":\"Person\",\"@id\":\"https:\\\/\\\/www.ilnotiziario.net\\\/wp\\\/#\\\/schema\\\/person\\\/386e222908f898bb41c033989482bbf2\",\"name\":\"Gabriele Bassani\",\"image\":{\"@type\":\"ImageObject\",\"inLanguage\":\"it-IT\",\"@id\":\"https:\\\/\\\/secure.gravatar.com\\\/avatar\\\/09274f4a84fa97698bde56f84b3afed61c8492d48b0550db9671b68c177479cb?s=96&d=mm&r=g\",\"url\":\"https:\\\/\\\/secure.gravatar.com\\\/avatar\\\/09274f4a84fa97698bde56f84b3afed61c8492d48b0550db9671b68c177479cb?s=96&d=mm&r=g\",\"contentUrl\":\"https:\\\/\\\/secure.gravatar.com\\\/avatar\\\/09274f4a84fa97698bde56f84b3afed61c8492d48b0550db9671b68c177479cb?s=96&d=mm&r=g\",\"caption\":\"Gabriele Bassani\"},\"sameAs\":[\"http:\\\/\\\/www.ilnotiziario.net\"]}]}<\/script>\n<!-- \/ Yoast SEO plugin. -->","yoast_head_json":{"title":"Stilato il calendario eventi 2023 ad Arese: tutte le proposte","description":"Stilato il calendario degli eventi gratuiti ad Arese per il 2023: si parte con il carnevale e si arriva agli appuntametni di Natale","robots":{"index":"index","follow":"follow","max-snippet":"max-snippet:-1","max-image-preview":"max-image-preview:large","max-video-preview":"max-video-preview:-1"},"canonical":"https:\/\/www.ilnotiziario.net\/wp\/bollatese\/calendario-eventi-arese\/","og_locale":"it_IT","og_type":"article","og_title":"Stilato il calendario eventi 2023 ad Arese: tutte le proposte","og_description":"Stilato il calendario degli eventi gratuiti ad Arese per il 2023: si parte con il carnevale e si arriva agli appuntametni di Natale","og_url":"https:\/\/www.ilnotiziario.net\/wp\/bollatese\/calendario-eventi-arese\/","og_site_name":"Il Notiziario","article_publisher":"https:\/\/www.facebook.com\/ilnotiziarioind\/","article_published_time":"2023-02-15T15:00:28+00:00","article_modified_time":"2023-02-15T15:40:46+00:00","og_image":[{"width":932,"height":549,"url":"https:\/\/www.ilnotiziario.net\/wp\/wp-content\/uploads\/2022\/10\/Arese-Agora.jpg","type":"image\/jpeg"}],"author":"Gabriele Bassani","twitter_card":"summary_large_image","twitter_creator":"@ilNotiziarioInd","twitter_site":"@ilNotiziarioInd","twitter_misc":{"Scritto da":"Gabriele Bassani","Tempo di lettura stimato":"2 minuti"},"schema":{"@context":"https:\/\/schema.org","@graph":[{"@type":"Article","@id":"https:\/\/www.ilnotiziario.net\/wp\/bollatese\/calendario-eventi-arese\/#article","isPartOf":{"@id":"https:\/\/www.ilnotiziario.net\/wp\/bollatese\/calendario-eventi-arese\/"},"author":{"name":"Gabriele Bassani","@id":"https:\/\/www.ilnotiziario.net\/wp\/#\/schema\/person\/386e222908f898bb41c033989482bbf2"},"headline":"Vietato prendere impegni: quanti eventi ad Arese nei prossimi mesi. Ecco quali","datePublished":"2023-02-15T15:00:28+00:00","dateModified":"2023-02-15T15:40:46+00:00","mainEntityOfPage":{"@id":"https:\/\/www.ilnotiziario.net\/wp\/bollatese\/calendario-eventi-arese\/"},"wordCount":330,"publisher":{"@id":"https:\/\/www.ilnotiziario.net\/wp\/#organization"},"image":{"@id":"https:\/\/www.ilnotiziario.net\/wp\/bollatese\/calendario-eventi-arese\/#primaryimage"},"thumbnailUrl":"https:\/\/www.ilnotiziario.net\/wp\/wp-content\/uploads\/2022\/10\/Arese-Agora-e1682082263362.jpg","keywords":["Arese","carnevale","carnevale arese","eventi arese","eventi gratuiti","eventi gratuti arese"],"articleSection":["BOLLATESE","Prima Pagina"],"inLanguage":"it-IT"},{"@type":"WebPage","@id":"https:\/\/www.ilnotiziario.net\/wp\/bollatese\/calendario-eventi-arese\/","url":"https:\/\/www.ilnotiziario.net\/wp\/bollatese\/calendario-eventi-arese\/","name":"Stilato il calendario eventi 2023 ad Arese: tutte le proposte","isPartOf":{"@id":"https:\/\/www.ilnotiziario.net\/wp\/#website"},"primaryImageOfPage":{"@id":"https:\/\/www.ilnotiziario.net\/wp\/bollatese\/calendario-eventi-arese\/#primaryimage"},"image":{"@id":"https:\/\/www.ilnotiziario.net\/wp\/bollatese\/calendario-eventi-arese\/#primaryimage"},"thumbnailUrl":"https:\/\/www.ilnotiziario.net\/wp\/wp-content\/uploads\/2022\/10\/Arese-Agora-e1682082263362.jpg","datePublished":"2023-02-15T15:00:28+00:00","dateModified":"2023-02-15T15:40:46+00:00","description":"Stilato il calendario degli eventi gratuiti ad Arese per il 2023: si parte con il carnevale e si arriva agli appuntametni di Natale","breadcrumb":{"@id":"https:\/\/www.ilnotiziario.net\/wp\/bollatese\/calendario-eventi-arese\/#breadcrumb"},"inLanguage":"it-IT","potentialAction":[{"@type":"ReadAction","target":["https:\/\/www.ilnotiziario.net\/wp\/bollatese\/calendario-eventi-arese\/"]}]},{"@type":"ImageObject","inLanguage":"it-IT","@id":"https:\/\/www.ilnotiziario.net\/wp\/bollatese\/calendario-eventi-arese\/#primaryimage","url":"https:\/\/www.ilnotiziario.net\/wp\/wp-content\/uploads\/2022\/10\/Arese-Agora-e1682082263362.jpg","contentUrl":"https:\/\/www.ilnotiziario.net\/wp\/wp-content\/uploads\/2022\/10\/Arese-Agora-e1682082263362.jpg","width":932,"height":410,"caption":"Il centro civico Agor\u00e0 di Arese"},{"@type":"BreadcrumbList","@id":"https:\/\/www.ilnotiziario.net\/wp\/bollatese\/calendario-eventi-arese\/#breadcrumb","itemListElement":[{"@type":"ListItem","position":1,"name":"tds_text_logo_tagline_colortds_text_logo_tagline_colortds_text_logo_tagline_colortds_text_logo_tagline_colortd_module_7_title_excerpttd_module_7_title_excerpttd_module_7_title_excerpttd_module_7_title_excerptHome","item":"https:\/\/www.ilnotiziario.net\/wp\/"},{"@type":"ListItem","position":2,"name":"Vietato prendere impegni: quanti eventi ad Arese nei prossimi mesi. Ecco quali"}]},{"@type":"WebSite","@id":"https:\/\/www.ilnotiziario.net\/wp\/#website","url":"https:\/\/www.ilnotiziario.net\/wp\/","name":"Il Notiziario","description":"Per restare sempre connessi alla notizia","publisher":{"@id":"https:\/\/www.ilnotiziario.net\/wp\/#organization"},"alternateName":"Il Notiziario Bollate","potentialAction":[{"@type":"SearchAction","target":{"@type":"EntryPoint","urlTemplate":"https:\/\/www.ilnotiziario.net\/wp\/?s={search_term_string}"},"query-input":{"@type":"PropertyValueSpecification","valueRequired":true,"valueName":"search_term_string"}}],"inLanguage":"it-IT"},{"@type":"Organization","@id":"https:\/\/www.ilnotiziario.net\/wp\/#organization","name":"Il Notiziario","url":"https:\/\/www.ilnotiziario.net\/wp\/","logo":{"@type":"ImageObject","inLanguage":"it-IT","@id":"https:\/\/www.ilnotiziario.net\/wp\/#\/schema\/logo\/image\/","url":"https:\/\/www.ilnotiziario.net\/wp\/wp-content\/uploads\/2022\/06\/170x170ilN.png","contentUrl":"https:\/\/www.ilnotiziario.net\/wp\/wp-content\/uploads\/2022\/06\/170x170ilN.png","width":355,"height":355,"caption":"Il Notiziario"},"image":{"@id":"https:\/\/www.ilnotiziario.net\/wp\/#\/schema\/logo\/image\/"},"sameAs":["https:\/\/www.facebook.com\/ilnotiziarioind\/","https:\/\/x.com\/ilNotiziarioInd","https:\/\/www.instagram.com\/ilnotiziario_settimanale\/"]},{"@type":"Person","@id":"https:\/\/www.ilnotiziario.net\/wp\/#\/schema\/person\/386e222908f898bb41c033989482bbf2","name":"Gabriele Bassani","image":{"@type":"ImageObject","inLanguage":"it-IT","@id":"https:\/\/secure.gravatar.com\/avatar\/09274f4a84fa97698bde56f84b3afed61c8492d48b0550db9671b68c177479cb?s=96&d=mm&r=g","url":"https:\/\/secure.gravatar.com\/avatar\/09274f4a84fa97698bde56f84b3afed61c8492d48b0550db9671b68c177479cb?s=96&d=mm&r=g","contentUrl":"https:\/\/secure.gravatar.com\/avatar\/09274f4a84fa97698bde56f84b3afed61c8492d48b0550db9671b68c177479cb?s=96&d=mm&r=g","caption":"Gabriele Bassani"},"sameAs":["http:\/\/www.ilnotiziario.net"]}]}},"_links":{"self":[{"href":"https:\/\/www.ilnotiziario.net\/wp\/wp-json\/wp\/v2\/posts\/178447","targetHints":{"allow":["GET"]}}],"collection":[{"href":"https:\/\/www.ilnotiziario.net\/wp\/wp-json\/wp\/v2\/posts"}],"about":[{"href":"https:\/\/www.ilnotiziario.net\/wp\/wp-json\/wp\/v2\/types\/post"}],"author":[{"embeddable":true,"href":"https:\/\/www.ilnotiziario.net\/wp\/wp-json\/wp\/v2\/users\/3"}],"replies":[{"embeddable":true,"href":"https:\/\/www.ilnotiziario.net\/wp\/wp-json\/wp\/v2\/comments?post=178447"}],"version-history":[{"count":0,"href":"https:\/\/www.ilnotiziario.net\/wp\/wp-json\/wp\/v2\/posts\/178447\/revisions"}],"wp:featuredmedia":[{"embeddable":true,"href":"https:\/\/www.ilnotiziario.net\/wp\/wp-json\/wp\/v2\/media\/172728"}],"wp:attachment":[{"href":"https:\/\/www.ilnotiziario.net\/wp\/wp-json\/wp\/v2\/media?parent=178447"}],"wp:term":[{"taxonomy":"category","embeddable":true,"href":"https:\/\/www.ilnotiziario.net\/wp\/wp-json\/wp\/v2\/categories?post=178447"},{"taxonomy":"post_tag","embeddable":true,"href":"https:\/\/www.ilnotiziario.net\/wp\/wp-json\/wp\/v2\/tags?post=178447"}],"curies":[{"name":"wp","href":"https:\/\/api.w.org\/{rel}","templated":true}]}}