{"id":178602,"date":"2023-02-18T08:17:27","date_gmt":"2023-02-18T07:17:27","guid":{"rendered":"https:\/\/www.ilnotiziario.net\/wp\/?p=178602"},"modified":"2023-02-18T08:17:27","modified_gmt":"2023-02-18T07:17:27","slug":"superbonus-incentivi-sconto-fattura-cessione-credito","status":"publish","type":"post","link":"https:\/\/www.ilnotiziario.net\/wp\/buonoasapersi\/superbonus-incentivi-sconto-fattura-cessione-credito\/","title":{"rendered":"Stop a superbonus e incentivi con sconto in fattura e cessione del credito"},"content":{"rendered":"<p>Stop a superbonus e altri incentivi con sconto in fattura e cessione del credito. Il Governo ha deciso con un atto urgente ed immediatamente esecutivo, di interrompere lo strumento della cessione del credito e dello sconto in fattura per il superbonus e tutti gli incentivi in materia di ristrutturazioni edilizie. Resta in vigore solo il sistema delle detrazioni fiscali, che consente ai beneficiari di ricevere uno \u201csconto\u201d equivalente al bonus, da scalare in 4, 5 o 10 anni, a seconda del tipo di incentivo, dall\u2019Irpef.<\/p><div id=\"ilnot-3211001154\" class=\"ilnot-contenuto ilnot-entity-placement\"><p><!-- incontent_1 --><\/p>\n<div class=\"gptslot\" data-adunitid=\"1\"><\/div>\n<\/div>\n<p>Il secondo articolo del Dl \u201cMisure urgenti in materia di cessione di crediti d&#8217;imposta relativi agli incentivi fiscali\u201d emanato gioved\u00ec dal Governo \u00e8 chiaro: &#8220;Dall&#8217;entrata in vigore del decreto per gli interventi legati ai bonus edilizi non potranno pi\u00f9 essere utilizzate le opzioni dello sconto in fattura e della cessione del credito al posto della detrazione. Fanno eccezione gli interventi per cui sia gi\u00e0 stata presentata la Cila prima dell&#8217;entrata in vigore del decreto&#8221;.<\/p>\n<h2>Addio sconto in fattura e cessione del credito per le ristrutturazioni edilizie<\/h2>\n<p>L&#8217;intervento, ha spiegato il ministro dell&#8217;Economia, Giancarlo Giorgetti, &#8220;\u00e8 una misura di impatto ma necessaria per bloccare gli effetti di una politica scellerata utilizzata anche in campagna elettorale&#8221;. Con un ammontare dei crediti arrivato a circa 110 miliardi. Una politica &#8220;che ha prodotto un beneficio per alcuni cittadini ma ha posto in carico a ciascuno italiano un onere di 2000 euro a testa&#8221;<\/p><div id=\"ilnot-2859813144\" class=\"ilnot-contenuto_2 ilnot-entity-placement\"><div class=\"ads-wrapper\">\n<div class=\"ad-slot\">\n   <div id=\"ilnot-2478260181\" style=\"margin-right: auto;margin-left: auto;text-align: center;width: 320px;height: 100px;\"><a href=\"https:\/\/www.scuolasicurezza.it\/\"><img decoding=\"async\" src=\"https:\/\/www.ilnotiziario.net\/wp\/wp-content\/uploads\/2026\/04\/IlNotiziario_banner-sito-e-newsletter-320-x-100-px-1.gif\" alt=\"\"><\/a><\/div>\n  <\/div>\n<div class=\"ad-slot\">\n   <div id=\"ilnot-981941890\" style=\"margin-right: auto;margin-left: auto;text-align: center;width: 320px;height: 100px;\"><a href=\"https:\/\/purodesignarredamenti.com\/\"><img decoding=\"async\" src=\"https:\/\/www.ilnotiziario.net\/wp\/wp-content\/uploads\/2026\/04\/banner-puro-ok.gif\" alt=\"whatsapp\"><\/a><\/div><\/p><\/div>\n<\/div>\n<\/div>\n<h2>Dal 17 febbraio non si pu\u00f2 pi\u00f9 ottenere sconto in fattura o cessione del credito&nbsp; per superbonus<\/h2>\n<p>Dal 17 febbraio quindi non esiste pi\u00f9 la possibilit\u00e0 di cedere il credito o di avere lo sconto in fattura. Il Superbonus, che dal 2023 \u00e8 passato dal 110% al 90% per tutti, rimane comunque in vigore, ma per chi non ha gi\u00e0 deliberato e presentato la Cila, rimarr\u00e0 solo come detrazione in 4 anni. Per gli altri c\u2019\u00e8 tempo fino al 31 marzo per comunicare le cessioni del credito e gli sconti in fattura fatti nel 2022.<\/p>\n<p>Gi\u00e0 a fine 2022 il Superbonus era stato ridimensionato con la riduzione della detrazione da 110% a 90% per i lavori iniziati dopo il 1\u00b0 gennaio 2023.<\/p>\n<p>Sfoglia l&#8217;ultima edizione del notiziario settimanale direttamente dalla <a href=\"http:\/\/edicola.ilnotiziario.net\"><strong>nostra edicola digitale&nbsp;<\/strong><\/a><\/p><div id=\"ilnot-4067192527\" class=\"ilnot-contenuto_2-2 ilnot-entity-placement\"><div class=\"gptslot\" data-adunitid=\"2\"><\/div>\n<\/div>\n","protected":false},"excerpt":{"rendered":"<p>Stop a superbonus e altri incentivi con sconto in fattura e cessione del credito. Il Governo ha deciso con un atto urgente ed immediatamente esecutivo, di interrompere lo strumento della cessione del credito e dello sconto in fattura per il superbonus e tutti gli incentivi in materia di ristrutturazioni edilizie. Resta in vigore solo il<\/p>\n","protected":false},"author":3,"featured_media":178603,"comment_status":"closed","ping_status":"closed","sticky":false,"template":"","format":"standard","meta":{"footnotes":""},"categories":[4193],"tags":[4273,5662,10051,13014],"class_list":{"0":"post-178602","1":"post","2":"type-post","3":"status-publish","4":"format-standard","5":"has-post-thumbnail","7":"category-buonoasapersi","8":"tag-credito","9":"tag-fattura","10":"tag-sconto","11":"tag-superbonus"},"yoast_head":"<!-- This site is optimized with the Yoast SEO plugin v27.4 - https:\/\/yoast.com\/product\/yoast-seo-wordpress\/ -->\n<title>Stop a superbonus e incentivi con sconto in fattura e cessione del credito - Il Notiziario<\/title>\n<meta name=\"description\" content=\"Stop a superbonus e altri incentivi con sconto in fattura e cessione del credito: lo ha deciso il Governo con l&#039;ultimo decreto\" \/>\n<meta name=\"robots\" content=\"index, follow, max-snippet:-1, max-image-preview:large, max-video-preview:-1\" \/>\n<link rel=\"canonical\" href=\"https:\/\/www.ilnotiziario.net\/wp\/buonoasapersi\/superbonus-incentivi-sconto-fattura-cessione-credito\/\" \/>\n<meta property=\"og:locale\" content=\"it_IT\" \/>\n<meta property=\"og:type\" content=\"article\" \/>\n<meta property=\"og:title\" content=\"Stop a superbonus e incentivi con sconto in fattura e cessione del credito - Il Notiziario\" \/>\n<meta property=\"og:description\" content=\"Stop a superbonus e altri incentivi con sconto in fattura e cessione del credito: lo ha deciso il Governo con l&#039;ultimo decreto\" \/>\n<meta property=\"og:url\" content=\"https:\/\/www.ilnotiziario.net\/wp\/buonoasapersi\/superbonus-incentivi-sconto-fattura-cessione-credito\/\" \/>\n<meta property=\"og:site_name\" content=\"Il Notiziario\" \/>\n<meta property=\"article:publisher\" content=\"https:\/\/www.facebook.com\/ilnotiziarioind\/\" \/>\n<meta property=\"article:published_time\" content=\"2023-02-18T07:17:27+00:00\" \/>\n<meta property=\"og:image\" content=\"https:\/\/www.ilnotiziario.net\/wp\/wp-content\/uploads\/2023\/02\/cantiere-edile-bonus.jpg\" \/>\n\t<meta property=\"og:image:width\" content=\"640\" \/>\n\t<meta property=\"og:image:height\" content=\"407\" \/>\n\t<meta property=\"og:image:type\" content=\"image\/jpeg\" \/>\n<meta name=\"author\" content=\"Gabriele Bassani\" \/>\n<meta name=\"twitter:card\" content=\"summary_large_image\" \/>\n<meta name=\"twitter:creator\" content=\"@ilNotiziarioInd\" \/>\n<meta name=\"twitter:site\" content=\"@ilNotiziarioInd\" \/>\n<meta name=\"twitter:label1\" content=\"Scritto da\" \/>\n\t<meta name=\"twitter:data1\" content=\"Gabriele Bassani\" \/>\n\t<meta name=\"twitter:label2\" content=\"Tempo di lettura stimato\" \/>\n\t<meta name=\"twitter:data2\" content=\"2 minuti\" \/>\n<script type=\"application\/ld+json\" class=\"yoast-schema-graph\">{\"@context\":\"https:\\\/\\\/schema.org\",\"@graph\":[{\"@type\":\"Article\",\"@id\":\"https:\\\/\\\/www.ilnotiziario.net\\\/wp\\\/buonoasapersi\\\/superbonus-incentivi-sconto-fattura-cessione-credito\\\/#article\",\"isPartOf\":{\"@id\":\"https:\\\/\\\/www.ilnotiziario.net\\\/wp\\\/buonoasapersi\\\/superbonus-incentivi-sconto-fattura-cessione-credito\\\/\"},\"author\":{\"name\":\"Gabriele Bassani\",\"@id\":\"https:\\\/\\\/www.ilnotiziario.net\\\/wp\\\/#\\\/schema\\\/person\\\/386e222908f898bb41c033989482bbf2\"},\"headline\":\"Stop a superbonus e incentivi con sconto in fattura e cessione del credito\",\"datePublished\":\"2023-02-18T07:17:27+00:00\",\"mainEntityOfPage\":{\"@id\":\"https:\\\/\\\/www.ilnotiziario.net\\\/wp\\\/buonoasapersi\\\/superbonus-incentivi-sconto-fattura-cessione-credito\\\/\"},\"wordCount\":368,\"publisher\":{\"@id\":\"https:\\\/\\\/www.ilnotiziario.net\\\/wp\\\/#organization\"},\"image\":{\"@id\":\"https:\\\/\\\/www.ilnotiziario.net\\\/wp\\\/buonoasapersi\\\/superbonus-incentivi-sconto-fattura-cessione-credito\\\/#primaryimage\"},\"thumbnailUrl\":\"https:\\\/\\\/www.ilnotiziario.net\\\/wp\\\/wp-content\\\/uploads\\\/2023\\\/02\\\/cantiere-edile-bonus.jpg\",\"keywords\":[\"credito\",\"fattura\",\"sconto\",\"superbonus\"],\"articleSection\":[\"BUONO A SAPERSI\"],\"inLanguage\":\"it-IT\"},{\"@type\":\"WebPage\",\"@id\":\"https:\\\/\\\/www.ilnotiziario.net\\\/wp\\\/buonoasapersi\\\/superbonus-incentivi-sconto-fattura-cessione-credito\\\/\",\"url\":\"https:\\\/\\\/www.ilnotiziario.net\\\/wp\\\/buonoasapersi\\\/superbonus-incentivi-sconto-fattura-cessione-credito\\\/\",\"name\":\"Stop a superbonus e incentivi con sconto in fattura e cessione del credito - Il Notiziario\",\"isPartOf\":{\"@id\":\"https:\\\/\\\/www.ilnotiziario.net\\\/wp\\\/#website\"},\"primaryImageOfPage\":{\"@id\":\"https:\\\/\\\/www.ilnotiziario.net\\\/wp\\\/buonoasapersi\\\/superbonus-incentivi-sconto-fattura-cessione-credito\\\/#primaryimage\"},\"image\":{\"@id\":\"https:\\\/\\\/www.ilnotiziario.net\\\/wp\\\/buonoasapersi\\\/superbonus-incentivi-sconto-fattura-cessione-credito\\\/#primaryimage\"},\"thumbnailUrl\":\"https:\\\/\\\/www.ilnotiziario.net\\\/wp\\\/wp-content\\\/uploads\\\/2023\\\/02\\\/cantiere-edile-bonus.jpg\",\"datePublished\":\"2023-02-18T07:17:27+00:00\",\"description\":\"Stop a superbonus e altri incentivi con sconto in fattura e cessione del credito: lo ha deciso il Governo con l'ultimo decreto\",\"breadcrumb\":{\"@id\":\"https:\\\/\\\/www.ilnotiziario.net\\\/wp\\\/buonoasapersi\\\/superbonus-incentivi-sconto-fattura-cessione-credito\\\/#breadcrumb\"},\"inLanguage\":\"it-IT\",\"potentialAction\":[{\"@type\":\"ReadAction\",\"target\":[\"https:\\\/\\\/www.ilnotiziario.net\\\/wp\\\/buonoasapersi\\\/superbonus-incentivi-sconto-fattura-cessione-credito\\\/\"]}]},{\"@type\":\"ImageObject\",\"inLanguage\":\"it-IT\",\"@id\":\"https:\\\/\\\/www.ilnotiziario.net\\\/wp\\\/buonoasapersi\\\/superbonus-incentivi-sconto-fattura-cessione-credito\\\/#primaryimage\",\"url\":\"https:\\\/\\\/www.ilnotiziario.net\\\/wp\\\/wp-content\\\/uploads\\\/2023\\\/02\\\/cantiere-edile-bonus.jpg\",\"contentUrl\":\"https:\\\/\\\/www.ilnotiziario.net\\\/wp\\\/wp-content\\\/uploads\\\/2023\\\/02\\\/cantiere-edile-bonus.jpg\",\"width\":640,\"height\":407,\"caption\":\"Foto di PIRO da Pixabay\"},{\"@type\":\"BreadcrumbList\",\"@id\":\"https:\\\/\\\/www.ilnotiziario.net\\\/wp\\\/buonoasapersi\\\/superbonus-incentivi-sconto-fattura-cessione-credito\\\/#breadcrumb\",\"itemListElement\":[{\"@type\":\"ListItem\",\"position\":1,\"name\":\"tds_text_logo_tagline_colortds_text_logo_tagline_colortds_text_logo_tagline_colortds_text_logo_tagline_colortd_module_7_title_excerpttd_module_7_title_excerpttd_module_7_title_excerpttd_module_7_title_excerptHome\",\"item\":\"https:\\\/\\\/www.ilnotiziario.net\\\/wp\\\/\"},{\"@type\":\"ListItem\",\"position\":2,\"name\":\"Stop a superbonus e incentivi con sconto in fattura e cessione del credito\"}]},{\"@type\":\"WebSite\",\"@id\":\"https:\\\/\\\/www.ilnotiziario.net\\\/wp\\\/#website\",\"url\":\"https:\\\/\\\/www.ilnotiziario.net\\\/wp\\\/\",\"name\":\"Il Notiziario\",\"description\":\"Per restare sempre connessi alla notizia\",\"publisher\":{\"@id\":\"https:\\\/\\\/www.ilnotiziario.net\\\/wp\\\/#organization\"},\"alternateName\":\"Il Notiziario Bollate\",\"potentialAction\":[{\"@type\":\"SearchAction\",\"target\":{\"@type\":\"EntryPoint\",\"urlTemplate\":\"https:\\\/\\\/www.ilnotiziario.net\\\/wp\\\/?s={search_term_string}\"},\"query-input\":{\"@type\":\"PropertyValueSpecification\",\"valueRequired\":true,\"valueName\":\"search_term_string\"}}],\"inLanguage\":\"it-IT\"},{\"@type\":\"Organization\",\"@id\":\"https:\\\/\\\/www.ilnotiziario.net\\\/wp\\\/#organization\",\"name\":\"Il Notiziario\",\"url\":\"https:\\\/\\\/www.ilnotiziario.net\\\/wp\\\/\",\"logo\":{\"@type\":\"ImageObject\",\"inLanguage\":\"it-IT\",\"@id\":\"https:\\\/\\\/www.ilnotiziario.net\\\/wp\\\/#\\\/schema\\\/logo\\\/image\\\/\",\"url\":\"https:\\\/\\\/www.ilnotiziario.net\\\/wp\\\/wp-content\\\/uploads\\\/2022\\\/06\\\/170x170ilN.png\",\"contentUrl\":\"https:\\\/\\\/www.ilnotiziario.net\\\/wp\\\/wp-content\\\/uploads\\\/2022\\\/06\\\/170x170ilN.png\",\"width\":355,\"height\":355,\"caption\":\"Il Notiziario\"},\"image\":{\"@id\":\"https:\\\/\\\/www.ilnotiziario.net\\\/wp\\\/#\\\/schema\\\/logo\\\/image\\\/\"},\"sameAs\":[\"https:\\\/\\\/www.facebook.com\\\/ilnotiziarioind\\\/\",\"https:\\\/\\\/x.com\\\/ilNotiziarioInd\",\"https:\\\/\\\/www.instagram.com\\\/ilnotiziario_settimanale\\\/\"]},{\"@type\":\"Person\",\"@id\":\"https:\\\/\\\/www.ilnotiziario.net\\\/wp\\\/#\\\/schema\\\/person\\\/386e222908f898bb41c033989482bbf2\",\"name\":\"Gabriele Bassani\",\"image\":{\"@type\":\"ImageObject\",\"inLanguage\":\"it-IT\",\"@id\":\"https:\\\/\\\/secure.gravatar.com\\\/avatar\\\/09274f4a84fa97698bde56f84b3afed61c8492d48b0550db9671b68c177479cb?s=96&d=mm&r=g\",\"url\":\"https:\\\/\\\/secure.gravatar.com\\\/avatar\\\/09274f4a84fa97698bde56f84b3afed61c8492d48b0550db9671b68c177479cb?s=96&d=mm&r=g\",\"contentUrl\":\"https:\\\/\\\/secure.gravatar.com\\\/avatar\\\/09274f4a84fa97698bde56f84b3afed61c8492d48b0550db9671b68c177479cb?s=96&d=mm&r=g\",\"caption\":\"Gabriele Bassani\"},\"sameAs\":[\"http:\\\/\\\/www.ilnotiziario.net\"]}]}<\/script>\n<!-- \/ Yoast SEO plugin. -->","yoast_head_json":{"title":"Stop a superbonus e incentivi con sconto in fattura e cessione del credito - Il Notiziario","description":"Stop a superbonus e altri incentivi con sconto in fattura e cessione del credito: lo ha deciso il Governo con l'ultimo decreto","robots":{"index":"index","follow":"follow","max-snippet":"max-snippet:-1","max-image-preview":"max-image-preview:large","max-video-preview":"max-video-preview:-1"},"canonical":"https:\/\/www.ilnotiziario.net\/wp\/buonoasapersi\/superbonus-incentivi-sconto-fattura-cessione-credito\/","og_locale":"it_IT","og_type":"article","og_title":"Stop a superbonus e incentivi con sconto in fattura e cessione del credito - Il Notiziario","og_description":"Stop a superbonus e altri incentivi con sconto in fattura e cessione del credito: lo ha deciso il Governo con l'ultimo decreto","og_url":"https:\/\/www.ilnotiziario.net\/wp\/buonoasapersi\/superbonus-incentivi-sconto-fattura-cessione-credito\/","og_site_name":"Il Notiziario","article_publisher":"https:\/\/www.facebook.com\/ilnotiziarioind\/","article_published_time":"2023-02-18T07:17:27+00:00","og_image":[{"width":640,"height":407,"url":"https:\/\/www.ilnotiziario.net\/wp\/wp-content\/uploads\/2023\/02\/cantiere-edile-bonus.jpg","type":"image\/jpeg"}],"author":"Gabriele Bassani","twitter_card":"summary_large_image","twitter_creator":"@ilNotiziarioInd","twitter_site":"@ilNotiziarioInd","twitter_misc":{"Scritto da":"Gabriele Bassani","Tempo di lettura stimato":"2 minuti"},"schema":{"@context":"https:\/\/schema.org","@graph":[{"@type":"Article","@id":"https:\/\/www.ilnotiziario.net\/wp\/buonoasapersi\/superbonus-incentivi-sconto-fattura-cessione-credito\/#article","isPartOf":{"@id":"https:\/\/www.ilnotiziario.net\/wp\/buonoasapersi\/superbonus-incentivi-sconto-fattura-cessione-credito\/"},"author":{"name":"Gabriele Bassani","@id":"https:\/\/www.ilnotiziario.net\/wp\/#\/schema\/person\/386e222908f898bb41c033989482bbf2"},"headline":"Stop a superbonus e incentivi con sconto in fattura e cessione del credito","datePublished":"2023-02-18T07:17:27+00:00","mainEntityOfPage":{"@id":"https:\/\/www.ilnotiziario.net\/wp\/buonoasapersi\/superbonus-incentivi-sconto-fattura-cessione-credito\/"},"wordCount":368,"publisher":{"@id":"https:\/\/www.ilnotiziario.net\/wp\/#organization"},"image":{"@id":"https:\/\/www.ilnotiziario.net\/wp\/buonoasapersi\/superbonus-incentivi-sconto-fattura-cessione-credito\/#primaryimage"},"thumbnailUrl":"https:\/\/www.ilnotiziario.net\/wp\/wp-content\/uploads\/2023\/02\/cantiere-edile-bonus.jpg","keywords":["credito","fattura","sconto","superbonus"],"articleSection":["BUONO A SAPERSI"],"inLanguage":"it-IT"},{"@type":"WebPage","@id":"https:\/\/www.ilnotiziario.net\/wp\/buonoasapersi\/superbonus-incentivi-sconto-fattura-cessione-credito\/","url":"https:\/\/www.ilnotiziario.net\/wp\/buonoasapersi\/superbonus-incentivi-sconto-fattura-cessione-credito\/","name":"Stop a superbonus e incentivi con sconto in fattura e cessione del credito - Il Notiziario","isPartOf":{"@id":"https:\/\/www.ilnotiziario.net\/wp\/#website"},"primaryImageOfPage":{"@id":"https:\/\/www.ilnotiziario.net\/wp\/buonoasapersi\/superbonus-incentivi-sconto-fattura-cessione-credito\/#primaryimage"},"image":{"@id":"https:\/\/www.ilnotiziario.net\/wp\/buonoasapersi\/superbonus-incentivi-sconto-fattura-cessione-credito\/#primaryimage"},"thumbnailUrl":"https:\/\/www.ilnotiziario.net\/wp\/wp-content\/uploads\/2023\/02\/cantiere-edile-bonus.jpg","datePublished":"2023-02-18T07:17:27+00:00","description":"Stop a superbonus e altri incentivi con sconto in fattura e cessione del credito: lo ha deciso il Governo con l'ultimo decreto","breadcrumb":{"@id":"https:\/\/www.ilnotiziario.net\/wp\/buonoasapersi\/superbonus-incentivi-sconto-fattura-cessione-credito\/#breadcrumb"},"inLanguage":"it-IT","potentialAction":[{"@type":"ReadAction","target":["https:\/\/www.ilnotiziario.net\/wp\/buonoasapersi\/superbonus-incentivi-sconto-fattura-cessione-credito\/"]}]},{"@type":"ImageObject","inLanguage":"it-IT","@id":"https:\/\/www.ilnotiziario.net\/wp\/buonoasapersi\/superbonus-incentivi-sconto-fattura-cessione-credito\/#primaryimage","url":"https:\/\/www.ilnotiziario.net\/wp\/wp-content\/uploads\/2023\/02\/cantiere-edile-bonus.jpg","contentUrl":"https:\/\/www.ilnotiziario.net\/wp\/wp-content\/uploads\/2023\/02\/cantiere-edile-bonus.jpg","width":640,"height":407,"caption":"Foto di PIRO da Pixabay"},{"@type":"BreadcrumbList","@id":"https:\/\/www.ilnotiziario.net\/wp\/buonoasapersi\/superbonus-incentivi-sconto-fattura-cessione-credito\/#breadcrumb","itemListElement":[{"@type":"ListItem","position":1,"name":"tds_text_logo_tagline_colortds_text_logo_tagline_colortds_text_logo_tagline_colortds_text_logo_tagline_colortd_module_7_title_excerpttd_module_7_title_excerpttd_module_7_title_excerpttd_module_7_title_excerptHome","item":"https:\/\/www.ilnotiziario.net\/wp\/"},{"@type":"ListItem","position":2,"name":"Stop a superbonus e incentivi con sconto in fattura e cessione del credito"}]},{"@type":"WebSite","@id":"https:\/\/www.ilnotiziario.net\/wp\/#website","url":"https:\/\/www.ilnotiziario.net\/wp\/","name":"Il Notiziario","description":"Per restare sempre connessi alla notizia","publisher":{"@id":"https:\/\/www.ilnotiziario.net\/wp\/#organization"},"alternateName":"Il Notiziario Bollate","potentialAction":[{"@type":"SearchAction","target":{"@type":"EntryPoint","urlTemplate":"https:\/\/www.ilnotiziario.net\/wp\/?s={search_term_string}"},"query-input":{"@type":"PropertyValueSpecification","valueRequired":true,"valueName":"search_term_string"}}],"inLanguage":"it-IT"},{"@type":"Organization","@id":"https:\/\/www.ilnotiziario.net\/wp\/#organization","name":"Il Notiziario","url":"https:\/\/www.ilnotiziario.net\/wp\/","logo":{"@type":"ImageObject","inLanguage":"it-IT","@id":"https:\/\/www.ilnotiziario.net\/wp\/#\/schema\/logo\/image\/","url":"https:\/\/www.ilnotiziario.net\/wp\/wp-content\/uploads\/2022\/06\/170x170ilN.png","contentUrl":"https:\/\/www.ilnotiziario.net\/wp\/wp-content\/uploads\/2022\/06\/170x170ilN.png","width":355,"height":355,"caption":"Il Notiziario"},"image":{"@id":"https:\/\/www.ilnotiziario.net\/wp\/#\/schema\/logo\/image\/"},"sameAs":["https:\/\/www.facebook.com\/ilnotiziarioind\/","https:\/\/x.com\/ilNotiziarioInd","https:\/\/www.instagram.com\/ilnotiziario_settimanale\/"]},{"@type":"Person","@id":"https:\/\/www.ilnotiziario.net\/wp\/#\/schema\/person\/386e222908f898bb41c033989482bbf2","name":"Gabriele Bassani","image":{"@type":"ImageObject","inLanguage":"it-IT","@id":"https:\/\/secure.gravatar.com\/avatar\/09274f4a84fa97698bde56f84b3afed61c8492d48b0550db9671b68c177479cb?s=96&d=mm&r=g","url":"https:\/\/secure.gravatar.com\/avatar\/09274f4a84fa97698bde56f84b3afed61c8492d48b0550db9671b68c177479cb?s=96&d=mm&r=g","contentUrl":"https:\/\/secure.gravatar.com\/avatar\/09274f4a84fa97698bde56f84b3afed61c8492d48b0550db9671b68c177479cb?s=96&d=mm&r=g","caption":"Gabriele Bassani"},"sameAs":["http:\/\/www.ilnotiziario.net"]}]}},"_links":{"self":[{"href":"https:\/\/www.ilnotiziario.net\/wp\/wp-json\/wp\/v2\/posts\/178602","targetHints":{"allow":["GET"]}}],"collection":[{"href":"https:\/\/www.ilnotiziario.net\/wp\/wp-json\/wp\/v2\/posts"}],"about":[{"href":"https:\/\/www.ilnotiziario.net\/wp\/wp-json\/wp\/v2\/types\/post"}],"author":[{"embeddable":true,"href":"https:\/\/www.ilnotiziario.net\/wp\/wp-json\/wp\/v2\/users\/3"}],"replies":[{"embeddable":true,"href":"https:\/\/www.ilnotiziario.net\/wp\/wp-json\/wp\/v2\/comments?post=178602"}],"version-history":[{"count":0,"href":"https:\/\/www.ilnotiziario.net\/wp\/wp-json\/wp\/v2\/posts\/178602\/revisions"}],"wp:featuredmedia":[{"embeddable":true,"href":"https:\/\/www.ilnotiziario.net\/wp\/wp-json\/wp\/v2\/media\/178603"}],"wp:attachment":[{"href":"https:\/\/www.ilnotiziario.net\/wp\/wp-json\/wp\/v2\/media?parent=178602"}],"wp:term":[{"taxonomy":"category","embeddable":true,"href":"https:\/\/www.ilnotiziario.net\/wp\/wp-json\/wp\/v2\/categories?post=178602"},{"taxonomy":"post_tag","embeddable":true,"href":"https:\/\/www.ilnotiziario.net\/wp\/wp-json\/wp\/v2\/tags?post=178602"}],"curies":[{"name":"wp","href":"https:\/\/api.w.org\/{rel}","templated":true}]}}