{"id":179108,"date":"2023-03-01T09:52:26","date_gmt":"2023-03-01T08:52:26","guid":{"rendered":"https:\/\/www.ilnotiziario.net\/wp\/?p=179108"},"modified":"2023-03-01T09:52:26","modified_gmt":"2023-03-01T08:52:26","slug":"calcio-il-mascagni-ora-fa-paura-al-dal-pozzo-campionato-riaperto-in-terza","status":"publish","type":"post","link":"https:\/\/www.ilnotiziario.net\/wp\/sport\/calcio-il-mascagni-ora-fa-paura-al-dal-pozzo-campionato-riaperto-in-terza\/","title":{"rendered":"Calcio, il Mascagni ora fa paura al Dal Pozzo: campionato riaperto in Terza"},"content":{"rendered":"<p>Il Mascagni approfitta dello scivolone della capolista Dal Pozzo e cerca di riaprire il campionato di calcio di Terza categoria del Comitato di Legnano:&nbsp;lo scorso turno ha infatti segnalato la caduta dei cerianesi del Dal Pozzo, che sul terreno amico di Limbiate hanno perso malamente per 2-3 con la Nervianese, ora a centroclassifica. Di questo sono state subito brave le dirette rivali San Giorgio e Mascagni, con il team di Senago bravo ad approfittare dell&#8217;occasione e a portarsi in scia proprio del Dal Pozzo.<\/p><div id=\"ilnot-633760226\" class=\"ilnot-contenuto ilnot-entity-placement\"><p><!-- incontent_1 --><\/p>\n<div class=\"gptslot\" data-adunitid=\"1\"><\/div>\n<\/div>\n<h2>Terza categoria, il Mascagni riapre il campionato: \u00e8 in scia al Dal Pozzo<\/h2>\n<p>In particolare i senaghesi del Mascagni vincono ancora una volta e convincono in quel di Sedriano per 2-4 con doppietta di Rojas e reti di Aguirre ed Esposito.&nbsp;E domenica prossima sar\u00e0 la resa dei conti nella sfida di San Giorgio come ci ha raccontato lo stesso tecnico del Mascagni Maurizio Trovato: \u201c<em>Direi che stiamo giocando molto bene e dobbiamo ritenerci ora di nuovo in piena corsa per la possibilit\u00e0 di vincere addirittura questo campionato. Certo in casa del San Giorgio non sar\u00e0 di certo una passeggiata visto che poi abbiamo gi\u00e0 perso nell&#8217;andata per 0-2 in casa da noi. Ma stavolta saremo al gran completo e sicuramente l&#8217;entusiasmo \u00e8 ben diverso da qualche mese fa, vedremo ce la giocheremo e poi si vedr\u00e0&#8230;.<\/em>\u201d.<\/p>\n<p><em><strong>Classifica<\/strong><\/em>: Dal Pozzo 40; S.Giorgio 39; Mascagni 37; Legnanese 29; SG Arese 26; Legnarello 24; Nervianese 23; S.Vittore 21; V.Sedriano 16; O.Passirana 15; S.Lorenzo 8; S.Luigi 8; Rescalda 8.<br \/>\n<strong>Paolo Minora<br \/>\n<em>Leggi ilNotiziario anche da pc, smartphone e tablet.&nbsp;<\/em><a href=\"http:\/\/edicola.ilnotiziario.net\/\">Clicca qui per la nostra edicola digitale<\/a><br \/>\n<\/strong><\/p><div id=\"ilnot-2221341462\" class=\"ilnot-contenuto_2 ilnot-entity-placement\"><div class=\"ads-wrapper\">\n<div class=\"ad-slot\">\n   <div id=\"ilnot-2894869794\" style=\"margin-right: auto;margin-left: auto;text-align: center;width: 320px;height: 100px;\"><a href=\"https:\/\/www.scuolasicurezza.it\/\"><img decoding=\"async\" src=\"https:\/\/www.ilnotiziario.net\/wp\/wp-content\/uploads\/2026\/04\/IlNotiziario_banner-sito-e-newsletter-320-x-100-px-1.gif\" alt=\"\"><\/a><\/div>\n  <\/div>\n<div class=\"ad-slot\">\n   <div id=\"ilnot-3920079203\" style=\"margin-right: auto;margin-left: auto;text-align: center;width: 320px;height: 100px;\"><a href=\"https:\/\/purodesignarredamenti.com\/\"><img decoding=\"async\" src=\"https:\/\/www.ilnotiziario.net\/wp\/wp-content\/uploads\/2026\/04\/banner-puro-ok.gif\" alt=\"whatsapp\"><\/a><\/div><\/p><\/div>\n<\/div>\n<\/div>\n","protected":false},"excerpt":{"rendered":"<p>Il Mascagni approfitta dello scivolone della capolista Dal Pozzo e cerca di riaprire il campionato di calcio di Terza categoria del Comitato di Legnano:&nbsp;lo scorso turno ha infatti segnalato la caduta dei cerianesi del Dal Pozzo, che sul terreno amico di Limbiate hanno perso malamente per 2-3 con la Nervianese, ora a centroclassifica. Di questo<\/p>\n","protected":false},"author":3,"featured_media":179109,"comment_status":"closed","ping_status":"closed","sticky":false,"template":"","format":"standard","meta":{"footnotes":""},"categories":[15],"tags":[112,11033,856,12993,9447,47,11269,13243,13245,13244,13246],"class_list":{"0":"post-179108","1":"post","2":"type-post","3":"status-publish","4":"format-standard","5":"has-post-thumbnail","7":"category-sport","8":"tag-calcio","9":"tag-calcio-terza-categoria","10":"tag-ceriano-laghetto","11":"tag-comitato-legnano","12":"tag-dal-pozzo","13":"tag-limbiate","14":"tag-mascagni","15":"tag-mascagni-calcio","16":"tag-maurizio-trovato","17":"tag-rojas","18":"tag-terza-categoria-legnano"},"yoast_head":"<!-- This site is optimized with the Yoast SEO plugin v27.4 - https:\/\/yoast.com\/product\/yoast-seo-wordpress\/ -->\n<title>Terza categoria, Mascagni riapre il campionato dietro al Dal Pozzo<\/title>\n<meta name=\"description\" content=\"Calcio, Terza categoria del comitato di Legnano: i senaghesi del Mascagni riaprono il campionato dopo il ko dei cerianesi del Dal Pozzo\" \/>\n<meta name=\"robots\" content=\"index, follow, max-snippet:-1, max-image-preview:large, max-video-preview:-1\" \/>\n<link rel=\"canonical\" href=\"https:\/\/www.ilnotiziario.net\/wp\/sport\/calcio-il-mascagni-ora-fa-paura-al-dal-pozzo-campionato-riaperto-in-terza\/\" \/>\n<meta property=\"og:locale\" content=\"it_IT\" \/>\n<meta property=\"og:type\" content=\"article\" \/>\n<meta property=\"og:title\" content=\"Terza categoria, Mascagni riapre il campionato dietro al Dal Pozzo\" \/>\n<meta property=\"og:description\" content=\"Calcio, Terza categoria del comitato di Legnano: i senaghesi del Mascagni riaprono il campionato dopo il ko dei cerianesi del Dal Pozzo\" \/>\n<meta property=\"og:url\" content=\"https:\/\/www.ilnotiziario.net\/wp\/sport\/calcio-il-mascagni-ora-fa-paura-al-dal-pozzo-campionato-riaperto-in-terza\/\" \/>\n<meta property=\"og:site_name\" content=\"Il Notiziario\" \/>\n<meta property=\"article:publisher\" content=\"https:\/\/www.facebook.com\/ilnotiziarioind\/\" \/>\n<meta property=\"article:published_time\" content=\"2023-03-01T08:52:26+00:00\" \/>\n<meta property=\"og:image\" content=\"https:\/\/www.ilnotiziario.net\/wp\/wp-content\/uploads\/2023\/03\/CALCIO-Mascagni-la-punta-Rojas-X-SITO-e1677660609764.png\" \/>\n\t<meta property=\"og:image:width\" content=\"1271\" \/>\n\t<meta property=\"og:image:height\" content=\"798\" \/>\n\t<meta property=\"og:image:type\" content=\"image\/png\" \/>\n<meta name=\"author\" content=\"Gabriele Bassani\" \/>\n<meta name=\"twitter:card\" content=\"summary_large_image\" \/>\n<meta name=\"twitter:creator\" content=\"@ilNotiziarioInd\" \/>\n<meta name=\"twitter:site\" content=\"@ilNotiziarioInd\" \/>\n<meta name=\"twitter:label1\" content=\"Scritto da\" \/>\n\t<meta name=\"twitter:data1\" content=\"Gabriele Bassani\" \/>\n\t<meta name=\"twitter:label2\" content=\"Tempo di lettura stimato\" \/>\n\t<meta name=\"twitter:data2\" content=\"2 minuti\" \/>\n<script type=\"application\/ld+json\" class=\"yoast-schema-graph\">{\"@context\":\"https:\\\/\\\/schema.org\",\"@graph\":[{\"@type\":\"Article\",\"@id\":\"https:\\\/\\\/www.ilnotiziario.net\\\/wp\\\/sport\\\/calcio-il-mascagni-ora-fa-paura-al-dal-pozzo-campionato-riaperto-in-terza\\\/#article\",\"isPartOf\":{\"@id\":\"https:\\\/\\\/www.ilnotiziario.net\\\/wp\\\/sport\\\/calcio-il-mascagni-ora-fa-paura-al-dal-pozzo-campionato-riaperto-in-terza\\\/\"},\"author\":{\"name\":\"Gabriele Bassani\",\"@id\":\"https:\\\/\\\/www.ilnotiziario.net\\\/wp\\\/#\\\/schema\\\/person\\\/386e222908f898bb41c033989482bbf2\"},\"headline\":\"Calcio, il Mascagni ora fa paura al Dal Pozzo: campionato riaperto in Terza\",\"datePublished\":\"2023-03-01T08:52:26+00:00\",\"mainEntityOfPage\":{\"@id\":\"https:\\\/\\\/www.ilnotiziario.net\\\/wp\\\/sport\\\/calcio-il-mascagni-ora-fa-paura-al-dal-pozzo-campionato-riaperto-in-terza\\\/\"},\"wordCount\":278,\"publisher\":{\"@id\":\"https:\\\/\\\/www.ilnotiziario.net\\\/wp\\\/#organization\"},\"image\":{\"@id\":\"https:\\\/\\\/www.ilnotiziario.net\\\/wp\\\/sport\\\/calcio-il-mascagni-ora-fa-paura-al-dal-pozzo-campionato-riaperto-in-terza\\\/#primaryimage\"},\"thumbnailUrl\":\"https:\\\/\\\/www.ilnotiziario.net\\\/wp\\\/wp-content\\\/uploads\\\/2023\\\/03\\\/CALCIO-Mascagni-la-punta-Rojas-X-SITO-e1677660609764.png\",\"keywords\":[\"calcio\",\"calcio terza categoria\",\"Ceriano Laghetto\",\"comitato legnano\",\"Dal Pozzo\",\"Limbiate\",\"mascagni\",\"mascagni calcio\",\"maurizio trovato\",\"rojas\",\"terza categoria legnano\"],\"articleSection\":[\"SPORT\"],\"inLanguage\":\"it-IT\"},{\"@type\":\"WebPage\",\"@id\":\"https:\\\/\\\/www.ilnotiziario.net\\\/wp\\\/sport\\\/calcio-il-mascagni-ora-fa-paura-al-dal-pozzo-campionato-riaperto-in-terza\\\/\",\"url\":\"https:\\\/\\\/www.ilnotiziario.net\\\/wp\\\/sport\\\/calcio-il-mascagni-ora-fa-paura-al-dal-pozzo-campionato-riaperto-in-terza\\\/\",\"name\":\"Terza categoria, Mascagni riapre il campionato dietro al Dal Pozzo\",\"isPartOf\":{\"@id\":\"https:\\\/\\\/www.ilnotiziario.net\\\/wp\\\/#website\"},\"primaryImageOfPage\":{\"@id\":\"https:\\\/\\\/www.ilnotiziario.net\\\/wp\\\/sport\\\/calcio-il-mascagni-ora-fa-paura-al-dal-pozzo-campionato-riaperto-in-terza\\\/#primaryimage\"},\"image\":{\"@id\":\"https:\\\/\\\/www.ilnotiziario.net\\\/wp\\\/sport\\\/calcio-il-mascagni-ora-fa-paura-al-dal-pozzo-campionato-riaperto-in-terza\\\/#primaryimage\"},\"thumbnailUrl\":\"https:\\\/\\\/www.ilnotiziario.net\\\/wp\\\/wp-content\\\/uploads\\\/2023\\\/03\\\/CALCIO-Mascagni-la-punta-Rojas-X-SITO-e1677660609764.png\",\"datePublished\":\"2023-03-01T08:52:26+00:00\",\"description\":\"Calcio, Terza categoria del comitato di Legnano: i senaghesi del Mascagni riaprono il campionato dopo il ko dei cerianesi del Dal Pozzo\",\"breadcrumb\":{\"@id\":\"https:\\\/\\\/www.ilnotiziario.net\\\/wp\\\/sport\\\/calcio-il-mascagni-ora-fa-paura-al-dal-pozzo-campionato-riaperto-in-terza\\\/#breadcrumb\"},\"inLanguage\":\"it-IT\",\"potentialAction\":[{\"@type\":\"ReadAction\",\"target\":[\"https:\\\/\\\/www.ilnotiziario.net\\\/wp\\\/sport\\\/calcio-il-mascagni-ora-fa-paura-al-dal-pozzo-campionato-riaperto-in-terza\\\/\"]}]},{\"@type\":\"ImageObject\",\"inLanguage\":\"it-IT\",\"@id\":\"https:\\\/\\\/www.ilnotiziario.net\\\/wp\\\/sport\\\/calcio-il-mascagni-ora-fa-paura-al-dal-pozzo-campionato-riaperto-in-terza\\\/#primaryimage\",\"url\":\"https:\\\/\\\/www.ilnotiziario.net\\\/wp\\\/wp-content\\\/uploads\\\/2023\\\/03\\\/CALCIO-Mascagni-la-punta-Rojas-X-SITO-e1677660609764.png\",\"contentUrl\":\"https:\\\/\\\/www.ilnotiziario.net\\\/wp\\\/wp-content\\\/uploads\\\/2023\\\/03\\\/CALCIO-Mascagni-la-punta-Rojas-X-SITO-e1677660609764.png\",\"width\":1271,\"height\":798,\"caption\":\"Mascagni la punta Rojas del Mascagni: campionato riaperto in Terza categoria\"},{\"@type\":\"BreadcrumbList\",\"@id\":\"https:\\\/\\\/www.ilnotiziario.net\\\/wp\\\/sport\\\/calcio-il-mascagni-ora-fa-paura-al-dal-pozzo-campionato-riaperto-in-terza\\\/#breadcrumb\",\"itemListElement\":[{\"@type\":\"ListItem\",\"position\":1,\"name\":\"tds_text_logo_tagline_colortds_text_logo_tagline_colortds_text_logo_tagline_colortds_text_logo_tagline_colortd_module_7_title_excerpttd_module_7_title_excerpttd_module_7_title_excerpttd_module_7_title_excerptHome\",\"item\":\"https:\\\/\\\/www.ilnotiziario.net\\\/wp\\\/\"},{\"@type\":\"ListItem\",\"position\":2,\"name\":\"Calcio, il Mascagni ora fa paura al Dal Pozzo: campionato riaperto in Terza\"}]},{\"@type\":\"WebSite\",\"@id\":\"https:\\\/\\\/www.ilnotiziario.net\\\/wp\\\/#website\",\"url\":\"https:\\\/\\\/www.ilnotiziario.net\\\/wp\\\/\",\"name\":\"Il Notiziario\",\"description\":\"Per restare sempre connessi alla notizia\",\"publisher\":{\"@id\":\"https:\\\/\\\/www.ilnotiziario.net\\\/wp\\\/#organization\"},\"alternateName\":\"Il Notiziario Bollate\",\"potentialAction\":[{\"@type\":\"SearchAction\",\"target\":{\"@type\":\"EntryPoint\",\"urlTemplate\":\"https:\\\/\\\/www.ilnotiziario.net\\\/wp\\\/?s={search_term_string}\"},\"query-input\":{\"@type\":\"PropertyValueSpecification\",\"valueRequired\":true,\"valueName\":\"search_term_string\"}}],\"inLanguage\":\"it-IT\"},{\"@type\":\"Organization\",\"@id\":\"https:\\\/\\\/www.ilnotiziario.net\\\/wp\\\/#organization\",\"name\":\"Il Notiziario\",\"url\":\"https:\\\/\\\/www.ilnotiziario.net\\\/wp\\\/\",\"logo\":{\"@type\":\"ImageObject\",\"inLanguage\":\"it-IT\",\"@id\":\"https:\\\/\\\/www.ilnotiziario.net\\\/wp\\\/#\\\/schema\\\/logo\\\/image\\\/\",\"url\":\"https:\\\/\\\/www.ilnotiziario.net\\\/wp\\\/wp-content\\\/uploads\\\/2022\\\/06\\\/170x170ilN.png\",\"contentUrl\":\"https:\\\/\\\/www.ilnotiziario.net\\\/wp\\\/wp-content\\\/uploads\\\/2022\\\/06\\\/170x170ilN.png\",\"width\":355,\"height\":355,\"caption\":\"Il Notiziario\"},\"image\":{\"@id\":\"https:\\\/\\\/www.ilnotiziario.net\\\/wp\\\/#\\\/schema\\\/logo\\\/image\\\/\"},\"sameAs\":[\"https:\\\/\\\/www.facebook.com\\\/ilnotiziarioind\\\/\",\"https:\\\/\\\/x.com\\\/ilNotiziarioInd\",\"https:\\\/\\\/www.instagram.com\\\/ilnotiziario_settimanale\\\/\"]},{\"@type\":\"Person\",\"@id\":\"https:\\\/\\\/www.ilnotiziario.net\\\/wp\\\/#\\\/schema\\\/person\\\/386e222908f898bb41c033989482bbf2\",\"name\":\"Gabriele Bassani\",\"image\":{\"@type\":\"ImageObject\",\"inLanguage\":\"it-IT\",\"@id\":\"https:\\\/\\\/secure.gravatar.com\\\/avatar\\\/09274f4a84fa97698bde56f84b3afed61c8492d48b0550db9671b68c177479cb?s=96&d=mm&r=g\",\"url\":\"https:\\\/\\\/secure.gravatar.com\\\/avatar\\\/09274f4a84fa97698bde56f84b3afed61c8492d48b0550db9671b68c177479cb?s=96&d=mm&r=g\",\"contentUrl\":\"https:\\\/\\\/secure.gravatar.com\\\/avatar\\\/09274f4a84fa97698bde56f84b3afed61c8492d48b0550db9671b68c177479cb?s=96&d=mm&r=g\",\"caption\":\"Gabriele Bassani\"},\"sameAs\":[\"http:\\\/\\\/www.ilnotiziario.net\"]}]}<\/script>\n<!-- \/ Yoast SEO plugin. -->","yoast_head_json":{"title":"Terza categoria, Mascagni riapre il campionato dietro al Dal Pozzo","description":"Calcio, Terza categoria del comitato di Legnano: i senaghesi del Mascagni riaprono il campionato dopo il ko dei cerianesi del Dal Pozzo","robots":{"index":"index","follow":"follow","max-snippet":"max-snippet:-1","max-image-preview":"max-image-preview:large","max-video-preview":"max-video-preview:-1"},"canonical":"https:\/\/www.ilnotiziario.net\/wp\/sport\/calcio-il-mascagni-ora-fa-paura-al-dal-pozzo-campionato-riaperto-in-terza\/","og_locale":"it_IT","og_type":"article","og_title":"Terza categoria, Mascagni riapre il campionato dietro al Dal Pozzo","og_description":"Calcio, Terza categoria del comitato di Legnano: i senaghesi del Mascagni riaprono il campionato dopo il ko dei cerianesi del Dal Pozzo","og_url":"https:\/\/www.ilnotiziario.net\/wp\/sport\/calcio-il-mascagni-ora-fa-paura-al-dal-pozzo-campionato-riaperto-in-terza\/","og_site_name":"Il Notiziario","article_publisher":"https:\/\/www.facebook.com\/ilnotiziarioind\/","article_published_time":"2023-03-01T08:52:26+00:00","og_image":[{"width":1271,"height":798,"url":"https:\/\/www.ilnotiziario.net\/wp\/wp-content\/uploads\/2023\/03\/CALCIO-Mascagni-la-punta-Rojas-X-SITO-e1677660609764.png","type":"image\/png"}],"author":"Gabriele Bassani","twitter_card":"summary_large_image","twitter_creator":"@ilNotiziarioInd","twitter_site":"@ilNotiziarioInd","twitter_misc":{"Scritto da":"Gabriele Bassani","Tempo di lettura stimato":"2 minuti"},"schema":{"@context":"https:\/\/schema.org","@graph":[{"@type":"Article","@id":"https:\/\/www.ilnotiziario.net\/wp\/sport\/calcio-il-mascagni-ora-fa-paura-al-dal-pozzo-campionato-riaperto-in-terza\/#article","isPartOf":{"@id":"https:\/\/www.ilnotiziario.net\/wp\/sport\/calcio-il-mascagni-ora-fa-paura-al-dal-pozzo-campionato-riaperto-in-terza\/"},"author":{"name":"Gabriele Bassani","@id":"https:\/\/www.ilnotiziario.net\/wp\/#\/schema\/person\/386e222908f898bb41c033989482bbf2"},"headline":"Calcio, il Mascagni ora fa paura al Dal Pozzo: campionato riaperto in Terza","datePublished":"2023-03-01T08:52:26+00:00","mainEntityOfPage":{"@id":"https:\/\/www.ilnotiziario.net\/wp\/sport\/calcio-il-mascagni-ora-fa-paura-al-dal-pozzo-campionato-riaperto-in-terza\/"},"wordCount":278,"publisher":{"@id":"https:\/\/www.ilnotiziario.net\/wp\/#organization"},"image":{"@id":"https:\/\/www.ilnotiziario.net\/wp\/sport\/calcio-il-mascagni-ora-fa-paura-al-dal-pozzo-campionato-riaperto-in-terza\/#primaryimage"},"thumbnailUrl":"https:\/\/www.ilnotiziario.net\/wp\/wp-content\/uploads\/2023\/03\/CALCIO-Mascagni-la-punta-Rojas-X-SITO-e1677660609764.png","keywords":["calcio","calcio terza categoria","Ceriano Laghetto","comitato legnano","Dal Pozzo","Limbiate","mascagni","mascagni calcio","maurizio trovato","rojas","terza categoria legnano"],"articleSection":["SPORT"],"inLanguage":"it-IT"},{"@type":"WebPage","@id":"https:\/\/www.ilnotiziario.net\/wp\/sport\/calcio-il-mascagni-ora-fa-paura-al-dal-pozzo-campionato-riaperto-in-terza\/","url":"https:\/\/www.ilnotiziario.net\/wp\/sport\/calcio-il-mascagni-ora-fa-paura-al-dal-pozzo-campionato-riaperto-in-terza\/","name":"Terza categoria, Mascagni riapre il campionato dietro al Dal Pozzo","isPartOf":{"@id":"https:\/\/www.ilnotiziario.net\/wp\/#website"},"primaryImageOfPage":{"@id":"https:\/\/www.ilnotiziario.net\/wp\/sport\/calcio-il-mascagni-ora-fa-paura-al-dal-pozzo-campionato-riaperto-in-terza\/#primaryimage"},"image":{"@id":"https:\/\/www.ilnotiziario.net\/wp\/sport\/calcio-il-mascagni-ora-fa-paura-al-dal-pozzo-campionato-riaperto-in-terza\/#primaryimage"},"thumbnailUrl":"https:\/\/www.ilnotiziario.net\/wp\/wp-content\/uploads\/2023\/03\/CALCIO-Mascagni-la-punta-Rojas-X-SITO-e1677660609764.png","datePublished":"2023-03-01T08:52:26+00:00","description":"Calcio, Terza categoria del comitato di Legnano: i senaghesi del Mascagni riaprono il campionato dopo il ko dei cerianesi del Dal Pozzo","breadcrumb":{"@id":"https:\/\/www.ilnotiziario.net\/wp\/sport\/calcio-il-mascagni-ora-fa-paura-al-dal-pozzo-campionato-riaperto-in-terza\/#breadcrumb"},"inLanguage":"it-IT","potentialAction":[{"@type":"ReadAction","target":["https:\/\/www.ilnotiziario.net\/wp\/sport\/calcio-il-mascagni-ora-fa-paura-al-dal-pozzo-campionato-riaperto-in-terza\/"]}]},{"@type":"ImageObject","inLanguage":"it-IT","@id":"https:\/\/www.ilnotiziario.net\/wp\/sport\/calcio-il-mascagni-ora-fa-paura-al-dal-pozzo-campionato-riaperto-in-terza\/#primaryimage","url":"https:\/\/www.ilnotiziario.net\/wp\/wp-content\/uploads\/2023\/03\/CALCIO-Mascagni-la-punta-Rojas-X-SITO-e1677660609764.png","contentUrl":"https:\/\/www.ilnotiziario.net\/wp\/wp-content\/uploads\/2023\/03\/CALCIO-Mascagni-la-punta-Rojas-X-SITO-e1677660609764.png","width":1271,"height":798,"caption":"Mascagni la punta Rojas del Mascagni: campionato riaperto in Terza categoria"},{"@type":"BreadcrumbList","@id":"https:\/\/www.ilnotiziario.net\/wp\/sport\/calcio-il-mascagni-ora-fa-paura-al-dal-pozzo-campionato-riaperto-in-terza\/#breadcrumb","itemListElement":[{"@type":"ListItem","position":1,"name":"tds_text_logo_tagline_colortds_text_logo_tagline_colortds_text_logo_tagline_colortds_text_logo_tagline_colortd_module_7_title_excerpttd_module_7_title_excerpttd_module_7_title_excerpttd_module_7_title_excerptHome","item":"https:\/\/www.ilnotiziario.net\/wp\/"},{"@type":"ListItem","position":2,"name":"Calcio, il Mascagni ora fa paura al Dal Pozzo: campionato riaperto in Terza"}]},{"@type":"WebSite","@id":"https:\/\/www.ilnotiziario.net\/wp\/#website","url":"https:\/\/www.ilnotiziario.net\/wp\/","name":"Il Notiziario","description":"Per restare sempre connessi alla notizia","publisher":{"@id":"https:\/\/www.ilnotiziario.net\/wp\/#organization"},"alternateName":"Il Notiziario Bollate","potentialAction":[{"@type":"SearchAction","target":{"@type":"EntryPoint","urlTemplate":"https:\/\/www.ilnotiziario.net\/wp\/?s={search_term_string}"},"query-input":{"@type":"PropertyValueSpecification","valueRequired":true,"valueName":"search_term_string"}}],"inLanguage":"it-IT"},{"@type":"Organization","@id":"https:\/\/www.ilnotiziario.net\/wp\/#organization","name":"Il Notiziario","url":"https:\/\/www.ilnotiziario.net\/wp\/","logo":{"@type":"ImageObject","inLanguage":"it-IT","@id":"https:\/\/www.ilnotiziario.net\/wp\/#\/schema\/logo\/image\/","url":"https:\/\/www.ilnotiziario.net\/wp\/wp-content\/uploads\/2022\/06\/170x170ilN.png","contentUrl":"https:\/\/www.ilnotiziario.net\/wp\/wp-content\/uploads\/2022\/06\/170x170ilN.png","width":355,"height":355,"caption":"Il Notiziario"},"image":{"@id":"https:\/\/www.ilnotiziario.net\/wp\/#\/schema\/logo\/image\/"},"sameAs":["https:\/\/www.facebook.com\/ilnotiziarioind\/","https:\/\/x.com\/ilNotiziarioInd","https:\/\/www.instagram.com\/ilnotiziario_settimanale\/"]},{"@type":"Person","@id":"https:\/\/www.ilnotiziario.net\/wp\/#\/schema\/person\/386e222908f898bb41c033989482bbf2","name":"Gabriele Bassani","image":{"@type":"ImageObject","inLanguage":"it-IT","@id":"https:\/\/secure.gravatar.com\/avatar\/09274f4a84fa97698bde56f84b3afed61c8492d48b0550db9671b68c177479cb?s=96&d=mm&r=g","url":"https:\/\/secure.gravatar.com\/avatar\/09274f4a84fa97698bde56f84b3afed61c8492d48b0550db9671b68c177479cb?s=96&d=mm&r=g","contentUrl":"https:\/\/secure.gravatar.com\/avatar\/09274f4a84fa97698bde56f84b3afed61c8492d48b0550db9671b68c177479cb?s=96&d=mm&r=g","caption":"Gabriele Bassani"},"sameAs":["http:\/\/www.ilnotiziario.net"]}]}},"_links":{"self":[{"href":"https:\/\/www.ilnotiziario.net\/wp\/wp-json\/wp\/v2\/posts\/179108","targetHints":{"allow":["GET"]}}],"collection":[{"href":"https:\/\/www.ilnotiziario.net\/wp\/wp-json\/wp\/v2\/posts"}],"about":[{"href":"https:\/\/www.ilnotiziario.net\/wp\/wp-json\/wp\/v2\/types\/post"}],"author":[{"embeddable":true,"href":"https:\/\/www.ilnotiziario.net\/wp\/wp-json\/wp\/v2\/users\/3"}],"replies":[{"embeddable":true,"href":"https:\/\/www.ilnotiziario.net\/wp\/wp-json\/wp\/v2\/comments?post=179108"}],"version-history":[{"count":0,"href":"https:\/\/www.ilnotiziario.net\/wp\/wp-json\/wp\/v2\/posts\/179108\/revisions"}],"wp:featuredmedia":[{"embeddable":true,"href":"https:\/\/www.ilnotiziario.net\/wp\/wp-json\/wp\/v2\/media\/179109"}],"wp:attachment":[{"href":"https:\/\/www.ilnotiziario.net\/wp\/wp-json\/wp\/v2\/media?parent=179108"}],"wp:term":[{"taxonomy":"category","embeddable":true,"href":"https:\/\/www.ilnotiziario.net\/wp\/wp-json\/wp\/v2\/categories?post=179108"},{"taxonomy":"post_tag","embeddable":true,"href":"https:\/\/www.ilnotiziario.net\/wp\/wp-json\/wp\/v2\/tags?post=179108"}],"curies":[{"name":"wp","href":"https:\/\/api.w.org\/{rel}","templated":true}]}}