{"id":179373,"date":"2023-03-06T15:08:20","date_gmt":"2023-03-06T14:08:20","guid":{"rendered":"https:\/\/www.ilnotiziario.net\/wp\/?p=179373"},"modified":"2023-03-06T15:08:20","modified_gmt":"2023-03-06T14:08:20","slug":"sergio-bardotti-stefano-la-via-recensione-libro-poeta-canzone","status":"publish","type":"post","link":"https:\/\/www.ilnotiziario.net\/wp\/libri\/sergio-bardotti-stefano-la-via-recensione-libro-poeta-canzone\/","title":{"rendered":"\u201cSergio Bardotti\u201d di Stefano La Via \u2013 Recensione \u2013 Un libro per ricordare un grande poeta della canzone"},"content":{"rendered":"<p>Mi fa molto piacere recensire un libro in cui si parla di Sergio Bardotti, un grande poeta della canzone, un traduttore e un produttore di talenti passati, col tempo, alla storia della musica leggera nazionale.<\/p><div id=\"ilnot-3019906039\" class=\"ilnot-contenuto ilnot-entity-placement\"><p><!-- incontent_1 --><\/p>\n<div class=\"gptslot\" data-adunitid=\"1\"><\/div>\n<\/div>\n<h2>Recensione del libro dedicato a Sergio Bardotti&nbsp;<\/h2>\n<p>Chi scrive ha avuto la fortuna di conoscerlo, prima in un pomeriggio di tarda estate degli anni \u201870 qui a Milano, in una situazione musicale insieme a Umberto Bindi, Sergio Endrigo, Gino Paoli e un esordiente Paolo Conte. Ricordo molto bene la conversazione che, in quella circostanza, ci fu tra di noi. Nulla in confronto al rapporto che ebbi proprio con lui alla fine degli anni \u201980, quando, chi scrive, ebbe la fortuna di lavorare alle edizioni musicali della Rca (per chi non fosse addentro alle cose musicali, diciamo che la Rca \u00e8 stata, dal \u201960 all\u201980, la pi\u00f9 potente e famosa casa discografica italiana, proprio gli anni migliori per la nostra musica leggera). La Rca era la sua stessa casa discografica.<\/p>\n<h2>Sergio Bardotti poeta della canzone italiana&nbsp;<\/h2>\n<p>Ricordo anche un pranzo insieme con lui alla mensa della multinazionale, nella sede romana storica di via Tiburtina. Lo so che questo conta ben poco per la recensione del libro, tuttavia il fatto che gli venga dedicato un libro, dal titolo \u201cSergio Bardotti, il poeta per musica, il traduttore, il produttore\u201d a cura di Stefano La Via e Claudio Cosi (edizioni Squilibri) che \u00e8 poi la sintesi di un convegno, di alcune serate fatte al conservatorio di Trento, mi rende veramente contento. Mi rende contento perch\u00e9 Bardotti \u00e8 stato un grande poeta e traduttore. Assunto pe caso alla RCA nel \u201962 (\u00e8 proprio il caso di dirlo, grazie ad un docente della stessa universit\u00e0 dove si era laureato, a Pavia) inizia subito, con il beneplacito di Nanni Ricordi, appena arrivato a Roma dalla\u2026 Ricordi di Milano, facendo una collana di dischi dedicati alla poesia chiamando negli studi di registrazione poeti del calibro di Montale, Ungaretti, Quasimodo, Pasolini e Saba.<\/p><div id=\"ilnot-484560614\" class=\"ilnot-contenuto_2 ilnot-entity-placement\"><div class=\"ads-wrapper\">\n<div class=\"ad-slot\">\n   <div id=\"ilnot-908656736\" style=\"margin-right: auto;margin-left: auto;text-align: center;width: 320px;height: 100px;\"><a href=\"https:\/\/www.scuolasicurezza.it\/\"><img decoding=\"async\" src=\"https:\/\/www.ilnotiziario.net\/wp\/wp-content\/uploads\/2026\/04\/IlNotiziario_banner-sito-e-newsletter-320-x-100-px-1.gif\" alt=\"\"><\/a><\/div>\n  <\/div>\n<div class=\"ad-slot\">\n   <div id=\"ilnot-1613514214\" style=\"margin-right: auto;margin-left: auto;text-align: center;width: 320px;height: 100px;\"><a href=\"https:\/\/purodesignarredamenti.com\/\"><img decoding=\"async\" src=\"https:\/\/www.ilnotiziario.net\/wp\/wp-content\/uploads\/2026\/04\/banner-puro-ok.gif\" alt=\"whatsapp\"><\/a><\/div><\/p><\/div>\n<\/div>\n<\/div>\n<h2>Sergio Bardotti autore de La nostra casa, lato B di Sapore di Sale di Gino Paoli&nbsp;<\/h2>\n<p>&nbsp;<\/p>\n<p>Nel \u201963 firma il retro di \u201cSapore di sale\u201d (il lato B dei dischi) con \u201cLa nostra casa\u201d, interpretata dallo stesso Paoli, cominciando a guadagnare parecchio in diritti d\u2019autore Siae, visto che il disco vendette circa un milione di copie. Ma sar\u00e0 con Endrigo che comincer\u00e0 fortemente a lavorare e a vincere: da \u201cEra d\u2019estate\u201d, \u201cPerch\u00e9 non dormi fratello\u201d sono solo dei titoli che portano al trionfo di Sanremo con \u201cCanzone per te\u201d nel \u201968, canzone interpretata anche dal gi\u00e0 famoso, in Brasile, Roberto Carlos. Lavora con Luigi Tenco nella ben nota \u201cYeeeeh\u201d di Mal dei Primitives (per la cronaca scritta esattamente un anno prima della sua presenza nella Hit Parade luttazziana) e poi Lucio Dalla con \u201cIl cielo\u201d. Con Dalla scriver\u00e0 anche \u201cOcchi di ragazza\u201d (che diventer\u00e0 un successo per Gianni Morandi) e \u201cPiazza Grande\u201d, tra le pi\u00f9 conosciute.<\/p>\n<h2>La firma di Bardotti anche su Piazza Grande di Lucio Dalla&nbsp;<\/h2>\n<p>Sarebbe lungo parlare del Bardotti paroliere (termine assolutamente e giustamente non accettato da Giulio Rapetti Mogol in quanto si deve dire: \u201cautore della parte letteraria\u201d). C\u2019\u00e8 poi il Bardotti traduttore dei testi in lingua portoghese-brasiliana. Diventa amico (e sar\u00e0 un\u2019amicizia che durer\u00e0 quarant\u2019anni) con Chico Barque de Hollanda e Vinicius de Moraes (che lo chiameranno Bardocci). Non erano traduzione le sue. Erano, e qui c\u2019\u00e8 un termine particolare, transcreazioni.<\/p>\n<p>&nbsp;<\/p>\n<p>Non \u00e8 facile, e lo diciamo per esperienza personale, rendere una canzone in un\u2019altra lingua in italiano. Non si tratta assolutamente di fare la traduzione ma di rendere la stessa atmosfera, lo stesso feeling curando gli accenti musicali che devono essere perfetti e, ancor di pi\u00f9, la metrica che deve essere identica. Una cosa che \u00e8 molto pi\u00f9 facile a scriversi, come sto facendo ora io, che a farsi. Sergio Bardotti era un maestro in questo. Il mestiere lo aveva portato a raggiungere livelli altissimi di questa arte (tra l\u2019altro, c\u2019\u00e8 da dire che il portoghese o meglio il brasileiro non lo conosceva molto). Lo stesso discorso valeva per le versioni italiane di canzoni straniere: ad esempio \u201cSe perdo te\u201d di Patty Pravo ebbe molto pi\u00f9 successo in Italia che la stessa versione originale inglese. Le sue sono traduzioni poetico-musicali come, appunto, una transcreazione narrativa. Il libro parla di tanti personaggi famosi musicali, non ultimo Mia Martini e Loredana Bert\u00e8. Vorremmo, tuttavia, fare una considerazione.<\/p><div id=\"ilnot-1389948971\" class=\"ilnot-contenuto_2-2 ilnot-entity-placement\"><div class=\"gptslot\" data-adunitid=\"2\"><\/div>\n<\/div>\n<p>&nbsp;<\/p>\n<p>Questa: i vari Nanni Ricordi, Paoli, Tenco, Endrigo, Bardotti e poi De Gregori, Venditti, ecc, tutti tipicamente di sinistra, chi pi\u00f9 chi meno, hanno trovato lavoro e successo grazie alla Rca, multinazionale che pi\u00f9 americana di cos\u00ec si moriva. E hanno avuto carta bianca. Possiamo testimoniare che le case discografiche di sinistra (e ce n\u2019erano, all\u2019epoca) se capivano che eri di destra non potevi lavorare con loro. Questo alla faccia della democrazia di cui tanto la sinistra si riempie la bocca.. Ritornando a noi, questo dedicato a Bardotti \u00e8 un libro che vorremmo consigliare a chi ama la musica leggera degli anni passati: il lavoro di Bardotti \u00e8 stato proprio quello di artigiano ma parliamo di un un artigiano che, per la maggior parte delle volte, ha colto nel segno. Il libro nasce grazie alla partecipazione, tra gli altri, di Vittorio De Scalzi dei New Trolls, che tutti ricordiamo come mente e anima dello stesso complesso, ma anche dei Tete de bois e di Dario Baldan Bembo. Non vogliamo scrivere di pi\u00f9 per non svelare segreti e aneddoti riferiti a canzoni di cui il libro parla. Da leggere tutto d\u2019un fiato, per capire quanto sia lontana da certi livelli e totalmente priva di contenuti, oltrech\u00e9 di emozioni, la musica leggera di oggi. E questo non \u00e8 un parere ma una constatazione di fatto.<\/p>\n<p><strong>Enrico Borroni<\/strong><\/p>\n<p>&nbsp;<\/p>\n<p>Sfoglia l&#8217;ultima edizione del notiziario settimanale direttamente dalla<a href=\"http:\/\/edicola.ilnotiziario.net\"><strong> nostra edicola digitale&nbsp;<\/strong><\/a><\/p><div id=\"ilnot-3558216847\" class=\"ilnot-contenuto_2-2-2 ilnot-entity-placement\"><div class=\"gptslot\" data-adunitid=\"3\"><\/div>\n<\/div>\n","protected":false},"excerpt":{"rendered":"<p>Mi fa molto piacere recensire un libro in cui si parla di Sergio Bardotti, un grande poeta della canzone, un traduttore e un produttore di talenti passati, col tempo, alla storia della musica leggera nazionale. Recensione del libro dedicato a Sergio Bardotti&nbsp; Chi scrive ha avuto la fortuna di conoscerlo, prima in un pomeriggio di<\/p>\n","protected":false},"author":3,"featured_media":179374,"comment_status":"closed","ping_status":"closed","sticky":false,"template":"","format":"standard","meta":{"footnotes":""},"categories":[12473],"tags":[13359,3871,744,13360,7900,13358],"class_list":{"0":"post-179373","1":"post","2":"type-post","3":"status-publish","4":"format-standard","5":"has-post-thumbnail","7":"category-libri","8":"tag-bardotti","9":"tag-libri","10":"tag-musica","11":"tag-poeta","12":"tag-recensione","13":"tag-sergio"},"yoast_head":"<!-- This site is optimized with the Yoast SEO plugin v27.4 - https:\/\/yoast.com\/product\/yoast-seo-wordpress\/ -->\n<title>\u201cSergio Bardotti\u201d di Stefano La Via \u2013 Recensione \u2013 Un libro per ricordare un grande poeta della canzone - Il Notiziario<\/title>\n<meta name=\"description\" content=\"Mi fa molto piacere recensire un libro in cui si parla di Sergio Bardotti, un grande poeta della canzone, un traduttore e un produttore di talenti\" \/>\n<meta name=\"robots\" content=\"index, follow, max-snippet:-1, max-image-preview:large, max-video-preview:-1\" \/>\n<link rel=\"canonical\" href=\"https:\/\/www.ilnotiziario.net\/wp\/libri\/sergio-bardotti-stefano-la-via-recensione-libro-poeta-canzone\/\" \/>\n<meta property=\"og:locale\" content=\"it_IT\" \/>\n<meta property=\"og:type\" content=\"article\" \/>\n<meta property=\"og:title\" content=\"\u201cSergio Bardotti\u201d di Stefano La Via \u2013 Recensione \u2013 Un libro per ricordare un grande poeta della canzone - Il Notiziario\" \/>\n<meta property=\"og:description\" content=\"Mi fa molto piacere recensire un libro in cui si parla di Sergio Bardotti, un grande poeta della canzone, un traduttore e un produttore di talenti\" \/>\n<meta property=\"og:url\" content=\"https:\/\/www.ilnotiziario.net\/wp\/libri\/sergio-bardotti-stefano-la-via-recensione-libro-poeta-canzone\/\" \/>\n<meta property=\"og:site_name\" content=\"Il Notiziario\" \/>\n<meta property=\"article:publisher\" content=\"https:\/\/www.facebook.com\/ilnotiziarioind\/\" \/>\n<meta property=\"article:published_time\" content=\"2023-03-06T14:08:20+00:00\" \/>\n<meta property=\"og:image\" content=\"https:\/\/www.ilnotiziario.net\/wp\/wp-content\/uploads\/2023\/03\/sergio-bardotti-libro-recensione.jpg\" \/>\n\t<meta property=\"og:image:width\" content=\"709\" \/>\n\t<meta property=\"og:image:height\" content=\"666\" \/>\n\t<meta property=\"og:image:type\" content=\"image\/jpeg\" \/>\n<meta name=\"author\" content=\"Gabriele Bassani\" \/>\n<meta name=\"twitter:card\" content=\"summary_large_image\" \/>\n<meta name=\"twitter:creator\" content=\"@ilNotiziarioInd\" \/>\n<meta name=\"twitter:site\" content=\"@ilNotiziarioInd\" \/>\n<meta name=\"twitter:label1\" content=\"Scritto da\" \/>\n\t<meta name=\"twitter:data1\" content=\"Gabriele Bassani\" \/>\n\t<meta name=\"twitter:label2\" content=\"Tempo di lettura stimato\" \/>\n\t<meta name=\"twitter:data2\" content=\"6 minuti\" \/>\n<script type=\"application\/ld+json\" class=\"yoast-schema-graph\">{\"@context\":\"https:\\\/\\\/schema.org\",\"@graph\":[{\"@type\":\"Article\",\"@id\":\"https:\\\/\\\/www.ilnotiziario.net\\\/wp\\\/libri\\\/sergio-bardotti-stefano-la-via-recensione-libro-poeta-canzone\\\/#article\",\"isPartOf\":{\"@id\":\"https:\\\/\\\/www.ilnotiziario.net\\\/wp\\\/libri\\\/sergio-bardotti-stefano-la-via-recensione-libro-poeta-canzone\\\/\"},\"author\":{\"name\":\"Gabriele Bassani\",\"@id\":\"https:\\\/\\\/www.ilnotiziario.net\\\/wp\\\/#\\\/schema\\\/person\\\/386e222908f898bb41c033989482bbf2\"},\"headline\":\"\u201cSergio Bardotti\u201d di Stefano La Via \u2013 Recensione \u2013 Un libro per ricordare un grande poeta della canzone\",\"datePublished\":\"2023-03-06T14:08:20+00:00\",\"mainEntityOfPage\":{\"@id\":\"https:\\\/\\\/www.ilnotiziario.net\\\/wp\\\/libri\\\/sergio-bardotti-stefano-la-via-recensione-libro-poeta-canzone\\\/\"},\"wordCount\":986,\"publisher\":{\"@id\":\"https:\\\/\\\/www.ilnotiziario.net\\\/wp\\\/#organization\"},\"image\":{\"@id\":\"https:\\\/\\\/www.ilnotiziario.net\\\/wp\\\/libri\\\/sergio-bardotti-stefano-la-via-recensione-libro-poeta-canzone\\\/#primaryimage\"},\"thumbnailUrl\":\"https:\\\/\\\/www.ilnotiziario.net\\\/wp\\\/wp-content\\\/uploads\\\/2023\\\/03\\\/sergio-bardotti-libro-recensione.jpg\",\"keywords\":[\"Bardotti\",\"libri\",\"musica\",\"poeta\",\"recensione\",\"Sergio\"],\"articleSection\":[\"LIBRI\"],\"inLanguage\":\"it-IT\"},{\"@type\":\"WebPage\",\"@id\":\"https:\\\/\\\/www.ilnotiziario.net\\\/wp\\\/libri\\\/sergio-bardotti-stefano-la-via-recensione-libro-poeta-canzone\\\/\",\"url\":\"https:\\\/\\\/www.ilnotiziario.net\\\/wp\\\/libri\\\/sergio-bardotti-stefano-la-via-recensione-libro-poeta-canzone\\\/\",\"name\":\"\u201cSergio Bardotti\u201d di Stefano La Via \u2013 Recensione \u2013 Un libro per ricordare un grande poeta della canzone - Il Notiziario\",\"isPartOf\":{\"@id\":\"https:\\\/\\\/www.ilnotiziario.net\\\/wp\\\/#website\"},\"primaryImageOfPage\":{\"@id\":\"https:\\\/\\\/www.ilnotiziario.net\\\/wp\\\/libri\\\/sergio-bardotti-stefano-la-via-recensione-libro-poeta-canzone\\\/#primaryimage\"},\"image\":{\"@id\":\"https:\\\/\\\/www.ilnotiziario.net\\\/wp\\\/libri\\\/sergio-bardotti-stefano-la-via-recensione-libro-poeta-canzone\\\/#primaryimage\"},\"thumbnailUrl\":\"https:\\\/\\\/www.ilnotiziario.net\\\/wp\\\/wp-content\\\/uploads\\\/2023\\\/03\\\/sergio-bardotti-libro-recensione.jpg\",\"datePublished\":\"2023-03-06T14:08:20+00:00\",\"description\":\"Mi fa molto piacere recensire un libro in cui si parla di Sergio Bardotti, un grande poeta della canzone, un traduttore e un produttore di talenti\",\"breadcrumb\":{\"@id\":\"https:\\\/\\\/www.ilnotiziario.net\\\/wp\\\/libri\\\/sergio-bardotti-stefano-la-via-recensione-libro-poeta-canzone\\\/#breadcrumb\"},\"inLanguage\":\"it-IT\",\"potentialAction\":[{\"@type\":\"ReadAction\",\"target\":[\"https:\\\/\\\/www.ilnotiziario.net\\\/wp\\\/libri\\\/sergio-bardotti-stefano-la-via-recensione-libro-poeta-canzone\\\/\"]}]},{\"@type\":\"ImageObject\",\"inLanguage\":\"it-IT\",\"@id\":\"https:\\\/\\\/www.ilnotiziario.net\\\/wp\\\/libri\\\/sergio-bardotti-stefano-la-via-recensione-libro-poeta-canzone\\\/#primaryimage\",\"url\":\"https:\\\/\\\/www.ilnotiziario.net\\\/wp\\\/wp-content\\\/uploads\\\/2023\\\/03\\\/sergio-bardotti-libro-recensione.jpg\",\"contentUrl\":\"https:\\\/\\\/www.ilnotiziario.net\\\/wp\\\/wp-content\\\/uploads\\\/2023\\\/03\\\/sergio-bardotti-libro-recensione.jpg\",\"width\":709,\"height\":666,\"caption\":\"sergio bardotti recensione libro\"},{\"@type\":\"BreadcrumbList\",\"@id\":\"https:\\\/\\\/www.ilnotiziario.net\\\/wp\\\/libri\\\/sergio-bardotti-stefano-la-via-recensione-libro-poeta-canzone\\\/#breadcrumb\",\"itemListElement\":[{\"@type\":\"ListItem\",\"position\":1,\"name\":\"tds_text_logo_tagline_colortds_text_logo_tagline_colortds_text_logo_tagline_colortds_text_logo_tagline_colortd_module_7_title_excerpttd_module_7_title_excerpttd_module_7_title_excerpttd_module_7_title_excerptHome\",\"item\":\"https:\\\/\\\/www.ilnotiziario.net\\\/wp\\\/\"},{\"@type\":\"ListItem\",\"position\":2,\"name\":\"\u201cSergio Bardotti\u201d di Stefano La Via \u2013 Recensione \u2013 Un libro per ricordare un grande poeta della canzone\"}]},{\"@type\":\"WebSite\",\"@id\":\"https:\\\/\\\/www.ilnotiziario.net\\\/wp\\\/#website\",\"url\":\"https:\\\/\\\/www.ilnotiziario.net\\\/wp\\\/\",\"name\":\"Il Notiziario\",\"description\":\"Per restare sempre connessi alla notizia\",\"publisher\":{\"@id\":\"https:\\\/\\\/www.ilnotiziario.net\\\/wp\\\/#organization\"},\"alternateName\":\"Il Notiziario Bollate\",\"potentialAction\":[{\"@type\":\"SearchAction\",\"target\":{\"@type\":\"EntryPoint\",\"urlTemplate\":\"https:\\\/\\\/www.ilnotiziario.net\\\/wp\\\/?s={search_term_string}\"},\"query-input\":{\"@type\":\"PropertyValueSpecification\",\"valueRequired\":true,\"valueName\":\"search_term_string\"}}],\"inLanguage\":\"it-IT\"},{\"@type\":\"Organization\",\"@id\":\"https:\\\/\\\/www.ilnotiziario.net\\\/wp\\\/#organization\",\"name\":\"Il Notiziario\",\"url\":\"https:\\\/\\\/www.ilnotiziario.net\\\/wp\\\/\",\"logo\":{\"@type\":\"ImageObject\",\"inLanguage\":\"it-IT\",\"@id\":\"https:\\\/\\\/www.ilnotiziario.net\\\/wp\\\/#\\\/schema\\\/logo\\\/image\\\/\",\"url\":\"https:\\\/\\\/www.ilnotiziario.net\\\/wp\\\/wp-content\\\/uploads\\\/2022\\\/06\\\/170x170ilN.png\",\"contentUrl\":\"https:\\\/\\\/www.ilnotiziario.net\\\/wp\\\/wp-content\\\/uploads\\\/2022\\\/06\\\/170x170ilN.png\",\"width\":355,\"height\":355,\"caption\":\"Il Notiziario\"},\"image\":{\"@id\":\"https:\\\/\\\/www.ilnotiziario.net\\\/wp\\\/#\\\/schema\\\/logo\\\/image\\\/\"},\"sameAs\":[\"https:\\\/\\\/www.facebook.com\\\/ilnotiziarioind\\\/\",\"https:\\\/\\\/x.com\\\/ilNotiziarioInd\",\"https:\\\/\\\/www.instagram.com\\\/ilnotiziario_settimanale\\\/\"]},{\"@type\":\"Person\",\"@id\":\"https:\\\/\\\/www.ilnotiziario.net\\\/wp\\\/#\\\/schema\\\/person\\\/386e222908f898bb41c033989482bbf2\",\"name\":\"Gabriele Bassani\",\"image\":{\"@type\":\"ImageObject\",\"inLanguage\":\"it-IT\",\"@id\":\"https:\\\/\\\/secure.gravatar.com\\\/avatar\\\/09274f4a84fa97698bde56f84b3afed61c8492d48b0550db9671b68c177479cb?s=96&d=mm&r=g\",\"url\":\"https:\\\/\\\/secure.gravatar.com\\\/avatar\\\/09274f4a84fa97698bde56f84b3afed61c8492d48b0550db9671b68c177479cb?s=96&d=mm&r=g\",\"contentUrl\":\"https:\\\/\\\/secure.gravatar.com\\\/avatar\\\/09274f4a84fa97698bde56f84b3afed61c8492d48b0550db9671b68c177479cb?s=96&d=mm&r=g\",\"caption\":\"Gabriele Bassani\"},\"sameAs\":[\"http:\\\/\\\/www.ilnotiziario.net\"]}]}<\/script>\n<!-- \/ Yoast SEO plugin. -->","yoast_head_json":{"title":"\u201cSergio Bardotti\u201d di Stefano La Via \u2013 Recensione \u2013 Un libro per ricordare un grande poeta della canzone - Il Notiziario","description":"Mi fa molto piacere recensire un libro in cui si parla di Sergio Bardotti, un grande poeta della canzone, un traduttore e un produttore di talenti","robots":{"index":"index","follow":"follow","max-snippet":"max-snippet:-1","max-image-preview":"max-image-preview:large","max-video-preview":"max-video-preview:-1"},"canonical":"https:\/\/www.ilnotiziario.net\/wp\/libri\/sergio-bardotti-stefano-la-via-recensione-libro-poeta-canzone\/","og_locale":"it_IT","og_type":"article","og_title":"\u201cSergio Bardotti\u201d di Stefano La Via \u2013 Recensione \u2013 Un libro per ricordare un grande poeta della canzone - Il Notiziario","og_description":"Mi fa molto piacere recensire un libro in cui si parla di Sergio Bardotti, un grande poeta della canzone, un traduttore e un produttore di talenti","og_url":"https:\/\/www.ilnotiziario.net\/wp\/libri\/sergio-bardotti-stefano-la-via-recensione-libro-poeta-canzone\/","og_site_name":"Il Notiziario","article_publisher":"https:\/\/www.facebook.com\/ilnotiziarioind\/","article_published_time":"2023-03-06T14:08:20+00:00","og_image":[{"width":709,"height":666,"url":"https:\/\/www.ilnotiziario.net\/wp\/wp-content\/uploads\/2023\/03\/sergio-bardotti-libro-recensione.jpg","type":"image\/jpeg"}],"author":"Gabriele Bassani","twitter_card":"summary_large_image","twitter_creator":"@ilNotiziarioInd","twitter_site":"@ilNotiziarioInd","twitter_misc":{"Scritto da":"Gabriele Bassani","Tempo di lettura stimato":"6 minuti"},"schema":{"@context":"https:\/\/schema.org","@graph":[{"@type":"Article","@id":"https:\/\/www.ilnotiziario.net\/wp\/libri\/sergio-bardotti-stefano-la-via-recensione-libro-poeta-canzone\/#article","isPartOf":{"@id":"https:\/\/www.ilnotiziario.net\/wp\/libri\/sergio-bardotti-stefano-la-via-recensione-libro-poeta-canzone\/"},"author":{"name":"Gabriele Bassani","@id":"https:\/\/www.ilnotiziario.net\/wp\/#\/schema\/person\/386e222908f898bb41c033989482bbf2"},"headline":"\u201cSergio Bardotti\u201d di Stefano La Via \u2013 Recensione \u2013 Un libro per ricordare un grande poeta della canzone","datePublished":"2023-03-06T14:08:20+00:00","mainEntityOfPage":{"@id":"https:\/\/www.ilnotiziario.net\/wp\/libri\/sergio-bardotti-stefano-la-via-recensione-libro-poeta-canzone\/"},"wordCount":986,"publisher":{"@id":"https:\/\/www.ilnotiziario.net\/wp\/#organization"},"image":{"@id":"https:\/\/www.ilnotiziario.net\/wp\/libri\/sergio-bardotti-stefano-la-via-recensione-libro-poeta-canzone\/#primaryimage"},"thumbnailUrl":"https:\/\/www.ilnotiziario.net\/wp\/wp-content\/uploads\/2023\/03\/sergio-bardotti-libro-recensione.jpg","keywords":["Bardotti","libri","musica","poeta","recensione","Sergio"],"articleSection":["LIBRI"],"inLanguage":"it-IT"},{"@type":"WebPage","@id":"https:\/\/www.ilnotiziario.net\/wp\/libri\/sergio-bardotti-stefano-la-via-recensione-libro-poeta-canzone\/","url":"https:\/\/www.ilnotiziario.net\/wp\/libri\/sergio-bardotti-stefano-la-via-recensione-libro-poeta-canzone\/","name":"\u201cSergio Bardotti\u201d di Stefano La Via \u2013 Recensione \u2013 Un libro per ricordare un grande poeta della canzone - Il Notiziario","isPartOf":{"@id":"https:\/\/www.ilnotiziario.net\/wp\/#website"},"primaryImageOfPage":{"@id":"https:\/\/www.ilnotiziario.net\/wp\/libri\/sergio-bardotti-stefano-la-via-recensione-libro-poeta-canzone\/#primaryimage"},"image":{"@id":"https:\/\/www.ilnotiziario.net\/wp\/libri\/sergio-bardotti-stefano-la-via-recensione-libro-poeta-canzone\/#primaryimage"},"thumbnailUrl":"https:\/\/www.ilnotiziario.net\/wp\/wp-content\/uploads\/2023\/03\/sergio-bardotti-libro-recensione.jpg","datePublished":"2023-03-06T14:08:20+00:00","description":"Mi fa molto piacere recensire un libro in cui si parla di Sergio Bardotti, un grande poeta della canzone, un traduttore e un produttore di talenti","breadcrumb":{"@id":"https:\/\/www.ilnotiziario.net\/wp\/libri\/sergio-bardotti-stefano-la-via-recensione-libro-poeta-canzone\/#breadcrumb"},"inLanguage":"it-IT","potentialAction":[{"@type":"ReadAction","target":["https:\/\/www.ilnotiziario.net\/wp\/libri\/sergio-bardotti-stefano-la-via-recensione-libro-poeta-canzone\/"]}]},{"@type":"ImageObject","inLanguage":"it-IT","@id":"https:\/\/www.ilnotiziario.net\/wp\/libri\/sergio-bardotti-stefano-la-via-recensione-libro-poeta-canzone\/#primaryimage","url":"https:\/\/www.ilnotiziario.net\/wp\/wp-content\/uploads\/2023\/03\/sergio-bardotti-libro-recensione.jpg","contentUrl":"https:\/\/www.ilnotiziario.net\/wp\/wp-content\/uploads\/2023\/03\/sergio-bardotti-libro-recensione.jpg","width":709,"height":666,"caption":"sergio bardotti recensione libro"},{"@type":"BreadcrumbList","@id":"https:\/\/www.ilnotiziario.net\/wp\/libri\/sergio-bardotti-stefano-la-via-recensione-libro-poeta-canzone\/#breadcrumb","itemListElement":[{"@type":"ListItem","position":1,"name":"tds_text_logo_tagline_colortds_text_logo_tagline_colortds_text_logo_tagline_colortds_text_logo_tagline_colortd_module_7_title_excerpttd_module_7_title_excerpttd_module_7_title_excerpttd_module_7_title_excerptHome","item":"https:\/\/www.ilnotiziario.net\/wp\/"},{"@type":"ListItem","position":2,"name":"\u201cSergio Bardotti\u201d di Stefano La Via \u2013 Recensione \u2013 Un libro per ricordare un grande poeta della canzone"}]},{"@type":"WebSite","@id":"https:\/\/www.ilnotiziario.net\/wp\/#website","url":"https:\/\/www.ilnotiziario.net\/wp\/","name":"Il Notiziario","description":"Per restare sempre connessi alla notizia","publisher":{"@id":"https:\/\/www.ilnotiziario.net\/wp\/#organization"},"alternateName":"Il Notiziario Bollate","potentialAction":[{"@type":"SearchAction","target":{"@type":"EntryPoint","urlTemplate":"https:\/\/www.ilnotiziario.net\/wp\/?s={search_term_string}"},"query-input":{"@type":"PropertyValueSpecification","valueRequired":true,"valueName":"search_term_string"}}],"inLanguage":"it-IT"},{"@type":"Organization","@id":"https:\/\/www.ilnotiziario.net\/wp\/#organization","name":"Il Notiziario","url":"https:\/\/www.ilnotiziario.net\/wp\/","logo":{"@type":"ImageObject","inLanguage":"it-IT","@id":"https:\/\/www.ilnotiziario.net\/wp\/#\/schema\/logo\/image\/","url":"https:\/\/www.ilnotiziario.net\/wp\/wp-content\/uploads\/2022\/06\/170x170ilN.png","contentUrl":"https:\/\/www.ilnotiziario.net\/wp\/wp-content\/uploads\/2022\/06\/170x170ilN.png","width":355,"height":355,"caption":"Il Notiziario"},"image":{"@id":"https:\/\/www.ilnotiziario.net\/wp\/#\/schema\/logo\/image\/"},"sameAs":["https:\/\/www.facebook.com\/ilnotiziarioind\/","https:\/\/x.com\/ilNotiziarioInd","https:\/\/www.instagram.com\/ilnotiziario_settimanale\/"]},{"@type":"Person","@id":"https:\/\/www.ilnotiziario.net\/wp\/#\/schema\/person\/386e222908f898bb41c033989482bbf2","name":"Gabriele Bassani","image":{"@type":"ImageObject","inLanguage":"it-IT","@id":"https:\/\/secure.gravatar.com\/avatar\/09274f4a84fa97698bde56f84b3afed61c8492d48b0550db9671b68c177479cb?s=96&d=mm&r=g","url":"https:\/\/secure.gravatar.com\/avatar\/09274f4a84fa97698bde56f84b3afed61c8492d48b0550db9671b68c177479cb?s=96&d=mm&r=g","contentUrl":"https:\/\/secure.gravatar.com\/avatar\/09274f4a84fa97698bde56f84b3afed61c8492d48b0550db9671b68c177479cb?s=96&d=mm&r=g","caption":"Gabriele Bassani"},"sameAs":["http:\/\/www.ilnotiziario.net"]}]}},"_links":{"self":[{"href":"https:\/\/www.ilnotiziario.net\/wp\/wp-json\/wp\/v2\/posts\/179373","targetHints":{"allow":["GET"]}}],"collection":[{"href":"https:\/\/www.ilnotiziario.net\/wp\/wp-json\/wp\/v2\/posts"}],"about":[{"href":"https:\/\/www.ilnotiziario.net\/wp\/wp-json\/wp\/v2\/types\/post"}],"author":[{"embeddable":true,"href":"https:\/\/www.ilnotiziario.net\/wp\/wp-json\/wp\/v2\/users\/3"}],"replies":[{"embeddable":true,"href":"https:\/\/www.ilnotiziario.net\/wp\/wp-json\/wp\/v2\/comments?post=179373"}],"version-history":[{"count":0,"href":"https:\/\/www.ilnotiziario.net\/wp\/wp-json\/wp\/v2\/posts\/179373\/revisions"}],"wp:featuredmedia":[{"embeddable":true,"href":"https:\/\/www.ilnotiziario.net\/wp\/wp-json\/wp\/v2\/media\/179374"}],"wp:attachment":[{"href":"https:\/\/www.ilnotiziario.net\/wp\/wp-json\/wp\/v2\/media?parent=179373"}],"wp:term":[{"taxonomy":"category","embeddable":true,"href":"https:\/\/www.ilnotiziario.net\/wp\/wp-json\/wp\/v2\/categories?post=179373"},{"taxonomy":"post_tag","embeddable":true,"href":"https:\/\/www.ilnotiziario.net\/wp\/wp-json\/wp\/v2\/tags?post=179373"}],"curies":[{"name":"wp","href":"https:\/\/api.w.org\/{rel}","templated":true}]}}