{"id":179706,"date":"2023-03-13T15:00:32","date_gmt":"2023-03-13T14:00:32","guid":{"rendered":"https:\/\/www.ilnotiziario.net\/wp\/?p=179706"},"modified":"2023-03-13T20:33:33","modified_gmt":"2023-03-13T19:33:33","slug":"in-settimana-alla-scoperta-di-castellazzo-le-inedite-visite-guidate-a-villa-arconati","status":"publish","type":"post","link":"https:\/\/www.ilnotiziario.net\/wp\/bollatese\/in-settimana-alla-scoperta-di-castellazzo-le-inedite-visite-guidate-a-villa-arconati\/","title":{"rendered":"In settimana alla scoperta di Castellazzo: le (inedite) visite guidate a Villa Arconati"},"content":{"rendered":"<p>Scoprire i segreti di Castellazzo di Bollate e della sua Villa Arconati di marted\u00ec e di gioved\u00ec: un doppio appuntamento di visite guidate, per marted\u00ec 14 marzo alle 11 e gioved\u00ec 16 alle 15, in occasione della Giornata nazionale del Paesaggio 2023 promossa dal Mic \u2013 Ministero della Cultura, la Fondazione Augusto Rancilio organizza una esclusiva visita guidata alla scoperta delle meraviglie del Giardino monumentale di Villa Arconati.<\/p><div id=\"ilnot-116208225\" class=\"ilnot-contenuto ilnot-entity-placement\"><p><!-- incontent_1 --><\/p>\n<div class=\"gptslot\" data-adunitid=\"1\"><\/div>\n<\/div>\n<h2>Marted\u00ec e gioved\u00ec alla scoperta di Villa Arconati a Castellazzo di Bollate<\/h2>\n<p>Passeggiate di visite guidate, quelle a Villa Arconati di Castellazzo di Bollate, da effettuare accompagnati dalle guide Far, per godere del fascino del giardino che si sta risvegliando con l\u2019arrivo della primavera, con i suoni, i colori, i profumi della natura, come i nobili ospiti in visita dagli Arconati nel Settecento.<\/p>\n<h2>Come degli ospiti del Settecento, visite guidate a Villa Arconati<\/h2>\n<p>Il percorso di visita pi\u00f9 ampio mai proposto, che permetter\u00e0 di visitare quasi tutti i dodici ettari del giardino, alla scoperta degli ambienti pi\u00f9 ricchi dal punto di vista storico-artistico e architettonico del giardino all\u2019italiana. La visita permetter\u00e0, inoltre, ai visitatori di scoprire gli ambienti che saranno interessati, tra il 2023 e il 2024, dagli interventi di restauro finanziati dalla vincita del bando Pnrr dell\u2019Unione Europea, volto a rigenerare e riqualificare i parchi e giardini italiani di interesse culturale.<\/p><div id=\"ilnot-1219399604\" class=\"ilnot-contenuto_2 ilnot-entity-placement\"><div class=\"ads-wrapper\">\n<div class=\"ad-slot\">\n   <div id=\"ilnot-1468776361\" style=\"margin-right: auto;margin-left: auto;text-align: center;width: 320px;height: 100px;\"><a href=\"https:\/\/www.scuolasicurezza.it\/\"><img decoding=\"async\" src=\"https:\/\/www.ilnotiziario.net\/wp\/wp-content\/uploads\/2026\/04\/IlNotiziario_banner-sito-e-newsletter-320-x-100-px-1.gif\" alt=\"\"><\/a><\/div>\n  <\/div>\n<div class=\"ad-slot\">\n   <div id=\"ilnot-777053382\" style=\"margin-right: auto;margin-left: auto;text-align: center;width: 320px;height: 100px;\"><a href=\"https:\/\/purodesignarredamenti.com\/\"><img decoding=\"async\" src=\"https:\/\/www.ilnotiziario.net\/wp\/wp-content\/uploads\/2026\/04\/banner-puro-ok.gif\" alt=\"whatsapp\"><\/a><\/div><\/p><\/div>\n<\/div>\n<\/div>\n<p>La visita guidata, della durata di circa un\u2019ora, si snoda su un percorso di circa 1 km di viali in ghiaia e terra battuta, solo parzialmente accessibili a persone con ridotta capacit\u00e0 motoria. Il costo \u00e8 di 8 euro a persona. <a href=\"https:\/\/www.villaarconati-far.it\/ita\/\" target=\"_blank\" rel=\"noopener\">Prenotazioni on-line<\/a> oppure in loco, fino ad esaurimento posti.<br \/>\n<strong>Redazione web<\/strong><br \/>\n<strong><em>Leggi ilNotiziario anche da pc, smartphone e tablet.\u00a0<\/em><a href=\"http:\/\/edicola.ilnotiziario.net\/\">Clicca qui per la nostra edicola digitale<\/a><\/strong>.<\/p>\n<p>&nbsp;<\/p>\n","protected":false},"excerpt":{"rendered":"<p>Scoprire i segreti di Castellazzo di Bollate e della sua Villa Arconati di marted\u00ec e di gioved\u00ec: un doppio appuntamento di visite guidate, per marted\u00ec 14 marzo alle 11 e gioved\u00ec 16 alle 15, in occasione della Giornata nazionale del Paesaggio 2023 promossa dal Mic \u2013 Ministero della Cultura, la Fondazione Augusto Rancilio organizza una<\/p>\n","protected":false},"author":3,"featured_media":151642,"comment_status":"closed","ping_status":"closed","sticky":false,"template":"","format":"standard","meta":{"footnotes":""},"categories":[8,20],"tags":[110,1033,13241,13531,13532,625],"class_list":{"0":"post-179706","1":"post","2":"type-post","3":"status-publish","4":"format-standard","5":"has-post-thumbnail","7":"category-bollatese","8":"category-prima-pagina","9":"tag-bollate","10":"tag-castellazzo","11":"tag-fondazione-augusto-rancilio","12":"tag-giardini-villa-arconati","13":"tag-ministero-della-cultura","14":"tag-villa-arconati"},"yoast_head":"<!-- This site is optimized with the Yoast SEO plugin v27.4 - https:\/\/yoast.com\/product\/yoast-seo-wordpress\/ -->\n<title>In settimana alla scoperta di Castellazzo: le (inedite) visite guidate a Villa Arconati - Il Notiziario<\/title>\n<meta name=\"description\" content=\"Visite guidate a Villa Arconati di Castellazzo di Bollate, il marted\u00ec e il gioved\u00ec: percorsi inediti alla scoperta dei giardini\" \/>\n<meta name=\"robots\" content=\"index, follow, max-snippet:-1, max-image-preview:large, max-video-preview:-1\" \/>\n<link rel=\"canonical\" href=\"https:\/\/www.ilnotiziario.net\/wp\/bollatese\/in-settimana-alla-scoperta-di-castellazzo-le-inedite-visite-guidate-a-villa-arconati\/\" \/>\n<meta property=\"og:locale\" content=\"it_IT\" \/>\n<meta property=\"og:type\" content=\"article\" \/>\n<meta property=\"og:title\" content=\"In settimana alla scoperta di Castellazzo: le (inedite) visite guidate a Villa Arconati - Il Notiziario\" \/>\n<meta property=\"og:description\" content=\"Visite guidate a Villa Arconati di Castellazzo di Bollate, il marted\u00ec e il gioved\u00ec: percorsi inediti alla scoperta dei giardini\" \/>\n<meta property=\"og:url\" content=\"https:\/\/www.ilnotiziario.net\/wp\/bollatese\/in-settimana-alla-scoperta-di-castellazzo-le-inedite-visite-guidate-a-villa-arconati\/\" \/>\n<meta property=\"og:site_name\" content=\"Il Notiziario\" \/>\n<meta property=\"article:publisher\" content=\"https:\/\/www.facebook.com\/ilnotiziarioind\/\" \/>\n<meta property=\"article:published_time\" content=\"2023-03-13T14:00:32+00:00\" \/>\n<meta property=\"article:modified_time\" content=\"2023-03-13T19:33:33+00:00\" \/>\n<meta property=\"og:image\" content=\"https:\/\/www.ilnotiziario.net\/wp\/wp-content\/uploads\/2021\/05\/Villa-Arconati-Bollate-Castellazzo.jpg\" \/>\n\t<meta property=\"og:image:width\" content=\"765\" \/>\n\t<meta property=\"og:image:height\" content=\"374\" \/>\n\t<meta property=\"og:image:type\" content=\"image\/jpeg\" \/>\n<meta name=\"author\" content=\"Gabriele Bassani\" \/>\n<meta name=\"twitter:card\" content=\"summary_large_image\" \/>\n<meta name=\"twitter:creator\" content=\"@ilNotiziarioInd\" \/>\n<meta name=\"twitter:site\" content=\"@ilNotiziarioInd\" \/>\n<meta name=\"twitter:label1\" content=\"Scritto da\" \/>\n\t<meta name=\"twitter:data1\" content=\"Gabriele Bassani\" \/>\n\t<meta name=\"twitter:label2\" content=\"Tempo di lettura stimato\" \/>\n\t<meta name=\"twitter:data2\" content=\"2 minuti\" \/>\n<script type=\"application\/ld+json\" class=\"yoast-schema-graph\">{\"@context\":\"https:\\\/\\\/schema.org\",\"@graph\":[{\"@type\":\"Article\",\"@id\":\"https:\\\/\\\/www.ilnotiziario.net\\\/wp\\\/bollatese\\\/in-settimana-alla-scoperta-di-castellazzo-le-inedite-visite-guidate-a-villa-arconati\\\/#article\",\"isPartOf\":{\"@id\":\"https:\\\/\\\/www.ilnotiziario.net\\\/wp\\\/bollatese\\\/in-settimana-alla-scoperta-di-castellazzo-le-inedite-visite-guidate-a-villa-arconati\\\/\"},\"author\":{\"name\":\"Gabriele Bassani\",\"@id\":\"https:\\\/\\\/www.ilnotiziario.net\\\/wp\\\/#\\\/schema\\\/person\\\/386e222908f898bb41c033989482bbf2\"},\"headline\":\"In settimana alla scoperta di Castellazzo: le (inedite) visite guidate a Villa Arconati\",\"datePublished\":\"2023-03-13T14:00:32+00:00\",\"dateModified\":\"2023-03-13T19:33:33+00:00\",\"mainEntityOfPage\":{\"@id\":\"https:\\\/\\\/www.ilnotiziario.net\\\/wp\\\/bollatese\\\/in-settimana-alla-scoperta-di-castellazzo-le-inedite-visite-guidate-a-villa-arconati\\\/\"},\"wordCount\":294,\"publisher\":{\"@id\":\"https:\\\/\\\/www.ilnotiziario.net\\\/wp\\\/#organization\"},\"image\":{\"@id\":\"https:\\\/\\\/www.ilnotiziario.net\\\/wp\\\/bollatese\\\/in-settimana-alla-scoperta-di-castellazzo-le-inedite-visite-guidate-a-villa-arconati\\\/#primaryimage\"},\"thumbnailUrl\":\"https:\\\/\\\/www.ilnotiziario.net\\\/wp\\\/wp-content\\\/uploads\\\/2021\\\/05\\\/Villa-Arconati-Bollate-Castellazzo.jpg\",\"keywords\":[\"Bollate\",\"castellazzo\",\"fondazione augusto rancilio\",\"giardini villa arconati\",\"ministero della cultura\",\"Villa Arconati\"],\"articleSection\":[\"BOLLATESE\",\"Prima Pagina\"],\"inLanguage\":\"it-IT\"},{\"@type\":\"WebPage\",\"@id\":\"https:\\\/\\\/www.ilnotiziario.net\\\/wp\\\/bollatese\\\/in-settimana-alla-scoperta-di-castellazzo-le-inedite-visite-guidate-a-villa-arconati\\\/\",\"url\":\"https:\\\/\\\/www.ilnotiziario.net\\\/wp\\\/bollatese\\\/in-settimana-alla-scoperta-di-castellazzo-le-inedite-visite-guidate-a-villa-arconati\\\/\",\"name\":\"In settimana alla scoperta di Castellazzo: le (inedite) visite guidate a Villa Arconati - Il Notiziario\",\"isPartOf\":{\"@id\":\"https:\\\/\\\/www.ilnotiziario.net\\\/wp\\\/#website\"},\"primaryImageOfPage\":{\"@id\":\"https:\\\/\\\/www.ilnotiziario.net\\\/wp\\\/bollatese\\\/in-settimana-alla-scoperta-di-castellazzo-le-inedite-visite-guidate-a-villa-arconati\\\/#primaryimage\"},\"image\":{\"@id\":\"https:\\\/\\\/www.ilnotiziario.net\\\/wp\\\/bollatese\\\/in-settimana-alla-scoperta-di-castellazzo-le-inedite-visite-guidate-a-villa-arconati\\\/#primaryimage\"},\"thumbnailUrl\":\"https:\\\/\\\/www.ilnotiziario.net\\\/wp\\\/wp-content\\\/uploads\\\/2021\\\/05\\\/Villa-Arconati-Bollate-Castellazzo.jpg\",\"datePublished\":\"2023-03-13T14:00:32+00:00\",\"dateModified\":\"2023-03-13T19:33:33+00:00\",\"description\":\"Visite guidate a Villa Arconati di Castellazzo di Bollate, il marted\u00ec e il gioved\u00ec: percorsi inediti alla scoperta dei giardini\",\"breadcrumb\":{\"@id\":\"https:\\\/\\\/www.ilnotiziario.net\\\/wp\\\/bollatese\\\/in-settimana-alla-scoperta-di-castellazzo-le-inedite-visite-guidate-a-villa-arconati\\\/#breadcrumb\"},\"inLanguage\":\"it-IT\",\"potentialAction\":[{\"@type\":\"ReadAction\",\"target\":[\"https:\\\/\\\/www.ilnotiziario.net\\\/wp\\\/bollatese\\\/in-settimana-alla-scoperta-di-castellazzo-le-inedite-visite-guidate-a-villa-arconati\\\/\"]}]},{\"@type\":\"ImageObject\",\"inLanguage\":\"it-IT\",\"@id\":\"https:\\\/\\\/www.ilnotiziario.net\\\/wp\\\/bollatese\\\/in-settimana-alla-scoperta-di-castellazzo-le-inedite-visite-guidate-a-villa-arconati\\\/#primaryimage\",\"url\":\"https:\\\/\\\/www.ilnotiziario.net\\\/wp\\\/wp-content\\\/uploads\\\/2021\\\/05\\\/Villa-Arconati-Bollate-Castellazzo.jpg\",\"contentUrl\":\"https:\\\/\\\/www.ilnotiziario.net\\\/wp\\\/wp-content\\\/uploads\\\/2021\\\/05\\\/Villa-Arconati-Bollate-Castellazzo.jpg\",\"width\":765,\"height\":374,\"caption\":\"ville aperte bollate\"},{\"@type\":\"BreadcrumbList\",\"@id\":\"https:\\\/\\\/www.ilnotiziario.net\\\/wp\\\/bollatese\\\/in-settimana-alla-scoperta-di-castellazzo-le-inedite-visite-guidate-a-villa-arconati\\\/#breadcrumb\",\"itemListElement\":[{\"@type\":\"ListItem\",\"position\":1,\"name\":\"tds_text_logo_tagline_colortds_text_logo_tagline_colortds_text_logo_tagline_colortds_text_logo_tagline_colortd_module_7_title_excerpttd_module_7_title_excerpttd_module_7_title_excerpttd_module_7_title_excerptHome\",\"item\":\"https:\\\/\\\/www.ilnotiziario.net\\\/wp\\\/\"},{\"@type\":\"ListItem\",\"position\":2,\"name\":\"In settimana alla scoperta di Castellazzo: le (inedite) visite guidate a Villa Arconati\"}]},{\"@type\":\"WebSite\",\"@id\":\"https:\\\/\\\/www.ilnotiziario.net\\\/wp\\\/#website\",\"url\":\"https:\\\/\\\/www.ilnotiziario.net\\\/wp\\\/\",\"name\":\"Il Notiziario\",\"description\":\"Per restare sempre connessi alla notizia\",\"publisher\":{\"@id\":\"https:\\\/\\\/www.ilnotiziario.net\\\/wp\\\/#organization\"},\"alternateName\":\"Il Notiziario Bollate\",\"potentialAction\":[{\"@type\":\"SearchAction\",\"target\":{\"@type\":\"EntryPoint\",\"urlTemplate\":\"https:\\\/\\\/www.ilnotiziario.net\\\/wp\\\/?s={search_term_string}\"},\"query-input\":{\"@type\":\"PropertyValueSpecification\",\"valueRequired\":true,\"valueName\":\"search_term_string\"}}],\"inLanguage\":\"it-IT\"},{\"@type\":\"Organization\",\"@id\":\"https:\\\/\\\/www.ilnotiziario.net\\\/wp\\\/#organization\",\"name\":\"Il Notiziario\",\"url\":\"https:\\\/\\\/www.ilnotiziario.net\\\/wp\\\/\",\"logo\":{\"@type\":\"ImageObject\",\"inLanguage\":\"it-IT\",\"@id\":\"https:\\\/\\\/www.ilnotiziario.net\\\/wp\\\/#\\\/schema\\\/logo\\\/image\\\/\",\"url\":\"https:\\\/\\\/www.ilnotiziario.net\\\/wp\\\/wp-content\\\/uploads\\\/2022\\\/06\\\/170x170ilN.png\",\"contentUrl\":\"https:\\\/\\\/www.ilnotiziario.net\\\/wp\\\/wp-content\\\/uploads\\\/2022\\\/06\\\/170x170ilN.png\",\"width\":355,\"height\":355,\"caption\":\"Il Notiziario\"},\"image\":{\"@id\":\"https:\\\/\\\/www.ilnotiziario.net\\\/wp\\\/#\\\/schema\\\/logo\\\/image\\\/\"},\"sameAs\":[\"https:\\\/\\\/www.facebook.com\\\/ilnotiziarioind\\\/\",\"https:\\\/\\\/x.com\\\/ilNotiziarioInd\",\"https:\\\/\\\/www.instagram.com\\\/ilnotiziario_settimanale\\\/\"]},{\"@type\":\"Person\",\"@id\":\"https:\\\/\\\/www.ilnotiziario.net\\\/wp\\\/#\\\/schema\\\/person\\\/386e222908f898bb41c033989482bbf2\",\"name\":\"Gabriele Bassani\",\"image\":{\"@type\":\"ImageObject\",\"inLanguage\":\"it-IT\",\"@id\":\"https:\\\/\\\/secure.gravatar.com\\\/avatar\\\/09274f4a84fa97698bde56f84b3afed61c8492d48b0550db9671b68c177479cb?s=96&d=mm&r=g\",\"url\":\"https:\\\/\\\/secure.gravatar.com\\\/avatar\\\/09274f4a84fa97698bde56f84b3afed61c8492d48b0550db9671b68c177479cb?s=96&d=mm&r=g\",\"contentUrl\":\"https:\\\/\\\/secure.gravatar.com\\\/avatar\\\/09274f4a84fa97698bde56f84b3afed61c8492d48b0550db9671b68c177479cb?s=96&d=mm&r=g\",\"caption\":\"Gabriele Bassani\"},\"sameAs\":[\"http:\\\/\\\/www.ilnotiziario.net\"]}]}<\/script>\n<!-- \/ Yoast SEO plugin. -->","yoast_head_json":{"title":"In settimana alla scoperta di Castellazzo: le (inedite) visite guidate a Villa Arconati - Il Notiziario","description":"Visite guidate a Villa Arconati di Castellazzo di Bollate, il marted\u00ec e il gioved\u00ec: percorsi inediti alla scoperta dei giardini","robots":{"index":"index","follow":"follow","max-snippet":"max-snippet:-1","max-image-preview":"max-image-preview:large","max-video-preview":"max-video-preview:-1"},"canonical":"https:\/\/www.ilnotiziario.net\/wp\/bollatese\/in-settimana-alla-scoperta-di-castellazzo-le-inedite-visite-guidate-a-villa-arconati\/","og_locale":"it_IT","og_type":"article","og_title":"In settimana alla scoperta di Castellazzo: le (inedite) visite guidate a Villa Arconati - Il Notiziario","og_description":"Visite guidate a Villa Arconati di Castellazzo di Bollate, il marted\u00ec e il gioved\u00ec: percorsi inediti alla scoperta dei giardini","og_url":"https:\/\/www.ilnotiziario.net\/wp\/bollatese\/in-settimana-alla-scoperta-di-castellazzo-le-inedite-visite-guidate-a-villa-arconati\/","og_site_name":"Il Notiziario","article_publisher":"https:\/\/www.facebook.com\/ilnotiziarioind\/","article_published_time":"2023-03-13T14:00:32+00:00","article_modified_time":"2023-03-13T19:33:33+00:00","og_image":[{"width":765,"height":374,"url":"https:\/\/www.ilnotiziario.net\/wp\/wp-content\/uploads\/2021\/05\/Villa-Arconati-Bollate-Castellazzo.jpg","type":"image\/jpeg"}],"author":"Gabriele Bassani","twitter_card":"summary_large_image","twitter_creator":"@ilNotiziarioInd","twitter_site":"@ilNotiziarioInd","twitter_misc":{"Scritto da":"Gabriele Bassani","Tempo di lettura stimato":"2 minuti"},"schema":{"@context":"https:\/\/schema.org","@graph":[{"@type":"Article","@id":"https:\/\/www.ilnotiziario.net\/wp\/bollatese\/in-settimana-alla-scoperta-di-castellazzo-le-inedite-visite-guidate-a-villa-arconati\/#article","isPartOf":{"@id":"https:\/\/www.ilnotiziario.net\/wp\/bollatese\/in-settimana-alla-scoperta-di-castellazzo-le-inedite-visite-guidate-a-villa-arconati\/"},"author":{"name":"Gabriele Bassani","@id":"https:\/\/www.ilnotiziario.net\/wp\/#\/schema\/person\/386e222908f898bb41c033989482bbf2"},"headline":"In settimana alla scoperta di Castellazzo: le (inedite) visite guidate a Villa Arconati","datePublished":"2023-03-13T14:00:32+00:00","dateModified":"2023-03-13T19:33:33+00:00","mainEntityOfPage":{"@id":"https:\/\/www.ilnotiziario.net\/wp\/bollatese\/in-settimana-alla-scoperta-di-castellazzo-le-inedite-visite-guidate-a-villa-arconati\/"},"wordCount":294,"publisher":{"@id":"https:\/\/www.ilnotiziario.net\/wp\/#organization"},"image":{"@id":"https:\/\/www.ilnotiziario.net\/wp\/bollatese\/in-settimana-alla-scoperta-di-castellazzo-le-inedite-visite-guidate-a-villa-arconati\/#primaryimage"},"thumbnailUrl":"https:\/\/www.ilnotiziario.net\/wp\/wp-content\/uploads\/2021\/05\/Villa-Arconati-Bollate-Castellazzo.jpg","keywords":["Bollate","castellazzo","fondazione augusto rancilio","giardini villa arconati","ministero della cultura","Villa Arconati"],"articleSection":["BOLLATESE","Prima Pagina"],"inLanguage":"it-IT"},{"@type":"WebPage","@id":"https:\/\/www.ilnotiziario.net\/wp\/bollatese\/in-settimana-alla-scoperta-di-castellazzo-le-inedite-visite-guidate-a-villa-arconati\/","url":"https:\/\/www.ilnotiziario.net\/wp\/bollatese\/in-settimana-alla-scoperta-di-castellazzo-le-inedite-visite-guidate-a-villa-arconati\/","name":"In settimana alla scoperta di Castellazzo: le (inedite) visite guidate a Villa Arconati - Il Notiziario","isPartOf":{"@id":"https:\/\/www.ilnotiziario.net\/wp\/#website"},"primaryImageOfPage":{"@id":"https:\/\/www.ilnotiziario.net\/wp\/bollatese\/in-settimana-alla-scoperta-di-castellazzo-le-inedite-visite-guidate-a-villa-arconati\/#primaryimage"},"image":{"@id":"https:\/\/www.ilnotiziario.net\/wp\/bollatese\/in-settimana-alla-scoperta-di-castellazzo-le-inedite-visite-guidate-a-villa-arconati\/#primaryimage"},"thumbnailUrl":"https:\/\/www.ilnotiziario.net\/wp\/wp-content\/uploads\/2021\/05\/Villa-Arconati-Bollate-Castellazzo.jpg","datePublished":"2023-03-13T14:00:32+00:00","dateModified":"2023-03-13T19:33:33+00:00","description":"Visite guidate a Villa Arconati di Castellazzo di Bollate, il marted\u00ec e il gioved\u00ec: percorsi inediti alla scoperta dei giardini","breadcrumb":{"@id":"https:\/\/www.ilnotiziario.net\/wp\/bollatese\/in-settimana-alla-scoperta-di-castellazzo-le-inedite-visite-guidate-a-villa-arconati\/#breadcrumb"},"inLanguage":"it-IT","potentialAction":[{"@type":"ReadAction","target":["https:\/\/www.ilnotiziario.net\/wp\/bollatese\/in-settimana-alla-scoperta-di-castellazzo-le-inedite-visite-guidate-a-villa-arconati\/"]}]},{"@type":"ImageObject","inLanguage":"it-IT","@id":"https:\/\/www.ilnotiziario.net\/wp\/bollatese\/in-settimana-alla-scoperta-di-castellazzo-le-inedite-visite-guidate-a-villa-arconati\/#primaryimage","url":"https:\/\/www.ilnotiziario.net\/wp\/wp-content\/uploads\/2021\/05\/Villa-Arconati-Bollate-Castellazzo.jpg","contentUrl":"https:\/\/www.ilnotiziario.net\/wp\/wp-content\/uploads\/2021\/05\/Villa-Arconati-Bollate-Castellazzo.jpg","width":765,"height":374,"caption":"ville aperte bollate"},{"@type":"BreadcrumbList","@id":"https:\/\/www.ilnotiziario.net\/wp\/bollatese\/in-settimana-alla-scoperta-di-castellazzo-le-inedite-visite-guidate-a-villa-arconati\/#breadcrumb","itemListElement":[{"@type":"ListItem","position":1,"name":"tds_text_logo_tagline_colortds_text_logo_tagline_colortds_text_logo_tagline_colortds_text_logo_tagline_colortd_module_7_title_excerpttd_module_7_title_excerpttd_module_7_title_excerpttd_module_7_title_excerptHome","item":"https:\/\/www.ilnotiziario.net\/wp\/"},{"@type":"ListItem","position":2,"name":"In settimana alla scoperta di Castellazzo: le (inedite) visite guidate a Villa Arconati"}]},{"@type":"WebSite","@id":"https:\/\/www.ilnotiziario.net\/wp\/#website","url":"https:\/\/www.ilnotiziario.net\/wp\/","name":"Il Notiziario","description":"Per restare sempre connessi alla notizia","publisher":{"@id":"https:\/\/www.ilnotiziario.net\/wp\/#organization"},"alternateName":"Il Notiziario Bollate","potentialAction":[{"@type":"SearchAction","target":{"@type":"EntryPoint","urlTemplate":"https:\/\/www.ilnotiziario.net\/wp\/?s={search_term_string}"},"query-input":{"@type":"PropertyValueSpecification","valueRequired":true,"valueName":"search_term_string"}}],"inLanguage":"it-IT"},{"@type":"Organization","@id":"https:\/\/www.ilnotiziario.net\/wp\/#organization","name":"Il Notiziario","url":"https:\/\/www.ilnotiziario.net\/wp\/","logo":{"@type":"ImageObject","inLanguage":"it-IT","@id":"https:\/\/www.ilnotiziario.net\/wp\/#\/schema\/logo\/image\/","url":"https:\/\/www.ilnotiziario.net\/wp\/wp-content\/uploads\/2022\/06\/170x170ilN.png","contentUrl":"https:\/\/www.ilnotiziario.net\/wp\/wp-content\/uploads\/2022\/06\/170x170ilN.png","width":355,"height":355,"caption":"Il Notiziario"},"image":{"@id":"https:\/\/www.ilnotiziario.net\/wp\/#\/schema\/logo\/image\/"},"sameAs":["https:\/\/www.facebook.com\/ilnotiziarioind\/","https:\/\/x.com\/ilNotiziarioInd","https:\/\/www.instagram.com\/ilnotiziario_settimanale\/"]},{"@type":"Person","@id":"https:\/\/www.ilnotiziario.net\/wp\/#\/schema\/person\/386e222908f898bb41c033989482bbf2","name":"Gabriele Bassani","image":{"@type":"ImageObject","inLanguage":"it-IT","@id":"https:\/\/secure.gravatar.com\/avatar\/09274f4a84fa97698bde56f84b3afed61c8492d48b0550db9671b68c177479cb?s=96&d=mm&r=g","url":"https:\/\/secure.gravatar.com\/avatar\/09274f4a84fa97698bde56f84b3afed61c8492d48b0550db9671b68c177479cb?s=96&d=mm&r=g","contentUrl":"https:\/\/secure.gravatar.com\/avatar\/09274f4a84fa97698bde56f84b3afed61c8492d48b0550db9671b68c177479cb?s=96&d=mm&r=g","caption":"Gabriele Bassani"},"sameAs":["http:\/\/www.ilnotiziario.net"]}]}},"_links":{"self":[{"href":"https:\/\/www.ilnotiziario.net\/wp\/wp-json\/wp\/v2\/posts\/179706","targetHints":{"allow":["GET"]}}],"collection":[{"href":"https:\/\/www.ilnotiziario.net\/wp\/wp-json\/wp\/v2\/posts"}],"about":[{"href":"https:\/\/www.ilnotiziario.net\/wp\/wp-json\/wp\/v2\/types\/post"}],"author":[{"embeddable":true,"href":"https:\/\/www.ilnotiziario.net\/wp\/wp-json\/wp\/v2\/users\/3"}],"replies":[{"embeddable":true,"href":"https:\/\/www.ilnotiziario.net\/wp\/wp-json\/wp\/v2\/comments?post=179706"}],"version-history":[{"count":0,"href":"https:\/\/www.ilnotiziario.net\/wp\/wp-json\/wp\/v2\/posts\/179706\/revisions"}],"wp:featuredmedia":[{"embeddable":true,"href":"https:\/\/www.ilnotiziario.net\/wp\/wp-json\/wp\/v2\/media\/151642"}],"wp:attachment":[{"href":"https:\/\/www.ilnotiziario.net\/wp\/wp-json\/wp\/v2\/media?parent=179706"}],"wp:term":[{"taxonomy":"category","embeddable":true,"href":"https:\/\/www.ilnotiziario.net\/wp\/wp-json\/wp\/v2\/categories?post=179706"},{"taxonomy":"post_tag","embeddable":true,"href":"https:\/\/www.ilnotiziario.net\/wp\/wp-json\/wp\/v2\/tags?post=179706"}],"curies":[{"name":"wp","href":"https:\/\/api.w.org\/{rel}","templated":true}]}}