{"id":179848,"date":"2023-03-16T16:00:48","date_gmt":"2023-03-16T15:00:48","guid":{"rendered":"https:\/\/www.ilnotiziario.net\/wp\/?p=179848"},"modified":"2023-03-16T12:01:26","modified_gmt":"2023-03-16T11:01:26","slug":"twirling-cormano","status":"publish","type":"post","link":"https:\/\/www.ilnotiziario.net\/wp\/sport\/twirling-cormano\/","title":{"rendered":"Il twirling conquista Cormano: presenti societ\u00e0 da tutta la Lombardia"},"content":{"rendered":"<p>Riflettori accesi sul Twirling Cormano, in un Palacormano vestito a festa e al completo in ogni ordine di posti, per la competizione che ha ufficialmente aperto la stagione sportiva 2023 con la prima gara del settore Propaganda, dedicato alle atlete pi\u00f9 giovani, che si sono appena avvicinate a questa disciplina sportiva.<\/p><div id=\"ilnot-1860078031\" class=\"ilnot-contenuto ilnot-entity-placement\"><p><!-- incontent_1 --><\/p>\n<div class=\"gptslot\" data-adunitid=\"1\"><\/div>\n<\/div>\n<h2>Twirling protagonista a Cormano con societ\u00e0 da tutta la Lombardia<\/h2>\n<p>La giornata del twirling a Cormano \u00e8 stata incorniciata da un sole splendente che ha accolto le piccole atlete di societ\u00e0 provenienti da tutta la Lombardia, accompagnate dalle loro famiglie. Il clima di festa \u00e8 stato palpabile in ogni momento della giornata, grazie anche alla preziosa collaborazione delle atlete pi\u00f9 esperte e dei tecnici della societ\u00e0 di Cormano che, insieme al direttivo che si \u00e8 occupato dell\u2019organizzazione, si sono messe a disposizione per creare un clima accogliente e gioioso.<\/p>\n<p>Fondamentale \u00e8 stato anche l\u2019aiuto dei familiari e amici volontari che hanno contribuito all\u2019ottima riuscita dell\u2019evento. La gara ha coinvolto atlete e atleti dai 3 anni di et\u00e0, impegnati in competizioni singole, di coppia, trio, quartetto e squadre. Anche esibizioni non in gara hanno allietato la giornata, tra queste quella delle nuove leve del Twirling Cormano, emozionante e felici di potersi esibire di fronte ad un pubblico tanto caloroso.<\/p><div id=\"ilnot-2294827857\" class=\"ilnot-contenuto_2 ilnot-entity-placement\"><div class=\"ads-wrapper\">\n<div class=\"ad-slot\">\n   <div id=\"ilnot-3375164907\" style=\"margin-right: auto;margin-left: auto;text-align: center;width: 320px;height: 100px;\"><a href=\"https:\/\/www.scuolasicurezza.it\/\"><img decoding=\"async\" src=\"https:\/\/www.ilnotiziario.net\/wp\/wp-content\/uploads\/2026\/04\/IlNotiziario_banner-sito-e-newsletter-320-x-100-px-1.gif\" alt=\"\"><\/a><\/div>\n  <\/div>\n<div class=\"ad-slot\">\n   <div id=\"ilnot-4140519397\" style=\"margin-right: auto;margin-left: auto;text-align: center;width: 320px;height: 100px;\"><a href=\"https:\/\/purodesignarredamenti.com\/\"><img decoding=\"async\" src=\"https:\/\/www.ilnotiziario.net\/wp\/wp-content\/uploads\/2026\/04\/banner-puro-ok.gif\" alt=\"whatsapp\"><\/a><\/div><\/p><\/div>\n<\/div>\n<\/div>\n<figure id=\"attachment_179851\" aria-describedby=\"caption-attachment-179851\" style=\"width: 300px\" class=\"wp-caption alignnone\"><img fetchpriority=\"high\" decoding=\"async\" class=\"size-medium wp-image-179851\" src=\"https:\/\/www.ilnotiziario.net\/wp\/wp-content\/uploads\/2023\/03\/X-CORM-La-giornata-del-Twirling-300x225.jpg\" alt=\"\" width=\"300\" height=\"225\" srcset=\"https:\/\/www.ilnotiziario.net\/wp\/wp-content\/uploads\/2023\/03\/X-CORM-La-giornata-del-Twirling-300x225.jpg 300w, https:\/\/www.ilnotiziario.net\/wp\/wp-content\/uploads\/2023\/03\/X-CORM-La-giornata-del-Twirling-1024x768.jpg 1024w, https:\/\/www.ilnotiziario.net\/wp\/wp-content\/uploads\/2023\/03\/X-CORM-La-giornata-del-Twirling-768x576.jpg 768w, https:\/\/www.ilnotiziario.net\/wp\/wp-content\/uploads\/2023\/03\/X-CORM-La-giornata-del-Twirling-150x113.jpg 150w, https:\/\/www.ilnotiziario.net\/wp\/wp-content\/uploads\/2023\/03\/X-CORM-La-giornata-del-Twirling-450x338.jpg 450w, https:\/\/www.ilnotiziario.net\/wp\/wp-content\/uploads\/2023\/03\/X-CORM-La-giornata-del-Twirling.jpg 1080w\" sizes=\"(max-width: 300px) 100vw, 300px\" \/><figcaption id=\"caption-attachment-179851\" class=\"wp-caption-text\">Twirling protagonista a Cormano<\/figcaption><\/figure>\n<h2>Il Comitato regionale twirling presente a Cormano<\/h2>\n<p>Le premiazioni si sono svolte alla presenza del presidente del Comitato regionale, Daniele Seren, e del sindaco di Cormano, Luigi Magistro. Che ha approfittato del suo intervento per intervistare Asia Falcone e Aurora Martinazzoli. Le due campionesse cormanesi, presenti come volontarie e tecnici della societ\u00e0, hanno ricordato alle piccole che le ascoltavano, come impegno e passione possano portare a grandissimi risultati. E come l\u2019amicizia sia il valore aggiunto dell\u2019esperienza dello sport. Il sindaco Magistro ha chiuso dicendo: \u201c<em>\u00c8 stata una bellissima festa, una di quelle giornate in cui lo sport ci ricorda ed esprime il meglio di s\u00e9, passando dall\u2019agonismo alla condivisione, attraverso il colore della musica e il calore degli applausi, per manifestarsi infine nei volti sorridenti di tutti, soprattutto delle nostre piccole atlete e dei nostri piccoli atleti\u201d<\/em>.<br \/>\n<strong>Paolo Minora<\/strong><br \/>\n<strong><em>Leggi ilNotiziario anche da pc, smartphone e tablet.&nbsp;<\/em><a href=\"http:\/\/edicola.ilnotiziario.net\/\">Clicca qui per la nostra edicola digitale<\/a><\/strong><\/p>\n","protected":false},"excerpt":{"rendered":"<p>Riflettori accesi sul Twirling Cormano, in un Palacormano vestito a festa e al completo in ogni ordine di posti, per la competizione che ha ufficialmente aperto la stagione sportiva 2023 con la prima gara del settore Propaganda, dedicato alle atlete pi\u00f9 giovani, che si sono appena avvicinate a questa disciplina sportiva. Twirling protagonista a Cormano<\/p>\n","protected":false},"author":3,"featured_media":179849,"comment_status":"closed","ping_status":"closed","sticky":false,"template":"","format":"standard","meta":{"footnotes":""},"categories":[11,15],"tags":[13615,13616,13614,13617,6199,733,13613],"class_list":{"0":"post-179848","1":"post","2":"type-post","3":"status-publish","4":"format-standard","5":"has-post-thumbnail","7":"category-nord-milano","8":"category-sport","9":"tag-asia-falcone","10":"tag-aurora-martinazzoli","11":"tag-comitato-regionale-twirling","12":"tag-daniele-seren","13":"tag-luigi-magistro","14":"tag-twirling","15":"tag-twirling-cormano"},"yoast_head":"<!-- This site is optimized with the Yoast SEO plugin v27.4 - https:\/\/yoast.com\/product\/yoast-seo-wordpress\/ -->\n<title>Twirling protagonista a Cormano - Il Notiziario<\/title>\n<meta name=\"description\" content=\"Twirling protagonista a Cormano con atlete provenienti da tutta la Lombardia: le premiazioni del Comitato regionale\" \/>\n<meta name=\"robots\" content=\"index, follow, max-snippet:-1, max-image-preview:large, max-video-preview:-1\" \/>\n<link rel=\"canonical\" href=\"https:\/\/www.ilnotiziario.net\/wp\/sport\/twirling-cormano\/\" \/>\n<meta property=\"og:locale\" content=\"it_IT\" \/>\n<meta property=\"og:type\" content=\"article\" \/>\n<meta property=\"og:title\" content=\"Twirling protagonista a Cormano - Il Notiziario\" \/>\n<meta property=\"og:description\" content=\"Twirling protagonista a Cormano con atlete provenienti da tutta la Lombardia: le premiazioni del Comitato regionale\" \/>\n<meta property=\"og:url\" content=\"https:\/\/www.ilnotiziario.net\/wp\/sport\/twirling-cormano\/\" \/>\n<meta property=\"og:site_name\" content=\"Il Notiziario\" \/>\n<meta property=\"article:publisher\" content=\"https:\/\/www.facebook.com\/ilnotiziarioind\/\" \/>\n<meta property=\"article:published_time\" content=\"2023-03-16T15:00:48+00:00\" \/>\n<meta property=\"og:image\" content=\"https:\/\/www.ilnotiziario.net\/wp\/wp-content\/uploads\/2023\/03\/X-CORM-TWIRLING-MOMENTI-DI-ESIBIZIONE.jpg\" \/>\n\t<meta property=\"og:image:width\" content=\"1024\" \/>\n\t<meta property=\"og:image:height\" content=\"576\" \/>\n\t<meta property=\"og:image:type\" content=\"image\/jpeg\" \/>\n<meta name=\"author\" content=\"Gabriele Bassani\" \/>\n<meta name=\"twitter:card\" content=\"summary_large_image\" \/>\n<meta name=\"twitter:creator\" content=\"@ilNotiziarioInd\" \/>\n<meta name=\"twitter:site\" content=\"@ilNotiziarioInd\" \/>\n<meta name=\"twitter:label1\" content=\"Scritto da\" \/>\n\t<meta name=\"twitter:data1\" content=\"Gabriele Bassani\" \/>\n\t<meta name=\"twitter:label2\" content=\"Tempo di lettura stimato\" \/>\n\t<meta name=\"twitter:data2\" content=\"3 minuti\" \/>\n<script type=\"application\/ld+json\" class=\"yoast-schema-graph\">{\"@context\":\"https:\\\/\\\/schema.org\",\"@graph\":[{\"@type\":\"Article\",\"@id\":\"https:\\\/\\\/www.ilnotiziario.net\\\/wp\\\/sport\\\/twirling-cormano\\\/#article\",\"isPartOf\":{\"@id\":\"https:\\\/\\\/www.ilnotiziario.net\\\/wp\\\/sport\\\/twirling-cormano\\\/\"},\"author\":{\"name\":\"Gabriele Bassani\",\"@id\":\"https:\\\/\\\/www.ilnotiziario.net\\\/wp\\\/#\\\/schema\\\/person\\\/386e222908f898bb41c033989482bbf2\"},\"headline\":\"Il twirling conquista Cormano: presenti societ\u00e0 da tutta la Lombardia\",\"datePublished\":\"2023-03-16T15:00:48+00:00\",\"mainEntityOfPage\":{\"@id\":\"https:\\\/\\\/www.ilnotiziario.net\\\/wp\\\/sport\\\/twirling-cormano\\\/\"},\"wordCount\":385,\"publisher\":{\"@id\":\"https:\\\/\\\/www.ilnotiziario.net\\\/wp\\\/#organization\"},\"image\":{\"@id\":\"https:\\\/\\\/www.ilnotiziario.net\\\/wp\\\/sport\\\/twirling-cormano\\\/#primaryimage\"},\"thumbnailUrl\":\"https:\\\/\\\/www.ilnotiziario.net\\\/wp\\\/wp-content\\\/uploads\\\/2023\\\/03\\\/X-CORM-TWIRLING-MOMENTI-DI-ESIBIZIONE.jpg\",\"keywords\":[\"Asia Falcone\",\"Aurora Martinazzoli\",\"comitato regionale twirling\",\"Daniele Seren\",\"Luigi Magistro\",\"Twirling\",\"twirling cormano\"],\"articleSection\":[\"NORD MILANO\",\"SPORT\"],\"inLanguage\":\"it-IT\"},{\"@type\":\"WebPage\",\"@id\":\"https:\\\/\\\/www.ilnotiziario.net\\\/wp\\\/sport\\\/twirling-cormano\\\/\",\"url\":\"https:\\\/\\\/www.ilnotiziario.net\\\/wp\\\/sport\\\/twirling-cormano\\\/\",\"name\":\"Twirling protagonista a Cormano - Il Notiziario\",\"isPartOf\":{\"@id\":\"https:\\\/\\\/www.ilnotiziario.net\\\/wp\\\/#website\"},\"primaryImageOfPage\":{\"@id\":\"https:\\\/\\\/www.ilnotiziario.net\\\/wp\\\/sport\\\/twirling-cormano\\\/#primaryimage\"},\"image\":{\"@id\":\"https:\\\/\\\/www.ilnotiziario.net\\\/wp\\\/sport\\\/twirling-cormano\\\/#primaryimage\"},\"thumbnailUrl\":\"https:\\\/\\\/www.ilnotiziario.net\\\/wp\\\/wp-content\\\/uploads\\\/2023\\\/03\\\/X-CORM-TWIRLING-MOMENTI-DI-ESIBIZIONE.jpg\",\"datePublished\":\"2023-03-16T15:00:48+00:00\",\"description\":\"Twirling protagonista a Cormano con atlete provenienti da tutta la Lombardia: le premiazioni del Comitato regionale\",\"breadcrumb\":{\"@id\":\"https:\\\/\\\/www.ilnotiziario.net\\\/wp\\\/sport\\\/twirling-cormano\\\/#breadcrumb\"},\"inLanguage\":\"it-IT\",\"potentialAction\":[{\"@type\":\"ReadAction\",\"target\":[\"https:\\\/\\\/www.ilnotiziario.net\\\/wp\\\/sport\\\/twirling-cormano\\\/\"]}]},{\"@type\":\"ImageObject\",\"inLanguage\":\"it-IT\",\"@id\":\"https:\\\/\\\/www.ilnotiziario.net\\\/wp\\\/sport\\\/twirling-cormano\\\/#primaryimage\",\"url\":\"https:\\\/\\\/www.ilnotiziario.net\\\/wp\\\/wp-content\\\/uploads\\\/2023\\\/03\\\/X-CORM-TWIRLING-MOMENTI-DI-ESIBIZIONE.jpg\",\"contentUrl\":\"https:\\\/\\\/www.ilnotiziario.net\\\/wp\\\/wp-content\\\/uploads\\\/2023\\\/03\\\/X-CORM-TWIRLING-MOMENTI-DI-ESIBIZIONE.jpg\",\"width\":1024,\"height\":576,\"caption\":\"La giornata del twirling a Cormano\"},{\"@type\":\"BreadcrumbList\",\"@id\":\"https:\\\/\\\/www.ilnotiziario.net\\\/wp\\\/sport\\\/twirling-cormano\\\/#breadcrumb\",\"itemListElement\":[{\"@type\":\"ListItem\",\"position\":1,\"name\":\"tds_text_logo_tagline_colortds_text_logo_tagline_colortds_text_logo_tagline_colortds_text_logo_tagline_colortd_module_7_title_excerpttd_module_7_title_excerpttd_module_7_title_excerpttd_module_7_title_excerptHome\",\"item\":\"https:\\\/\\\/www.ilnotiziario.net\\\/wp\\\/\"},{\"@type\":\"ListItem\",\"position\":2,\"name\":\"Il twirling conquista Cormano: presenti societ\u00e0 da tutta la Lombardia\"}]},{\"@type\":\"WebSite\",\"@id\":\"https:\\\/\\\/www.ilnotiziario.net\\\/wp\\\/#website\",\"url\":\"https:\\\/\\\/www.ilnotiziario.net\\\/wp\\\/\",\"name\":\"Il Notiziario\",\"description\":\"Per restare sempre connessi alla notizia\",\"publisher\":{\"@id\":\"https:\\\/\\\/www.ilnotiziario.net\\\/wp\\\/#organization\"},\"alternateName\":\"Il Notiziario Bollate\",\"potentialAction\":[{\"@type\":\"SearchAction\",\"target\":{\"@type\":\"EntryPoint\",\"urlTemplate\":\"https:\\\/\\\/www.ilnotiziario.net\\\/wp\\\/?s={search_term_string}\"},\"query-input\":{\"@type\":\"PropertyValueSpecification\",\"valueRequired\":true,\"valueName\":\"search_term_string\"}}],\"inLanguage\":\"it-IT\"},{\"@type\":\"Organization\",\"@id\":\"https:\\\/\\\/www.ilnotiziario.net\\\/wp\\\/#organization\",\"name\":\"Il Notiziario\",\"url\":\"https:\\\/\\\/www.ilnotiziario.net\\\/wp\\\/\",\"logo\":{\"@type\":\"ImageObject\",\"inLanguage\":\"it-IT\",\"@id\":\"https:\\\/\\\/www.ilnotiziario.net\\\/wp\\\/#\\\/schema\\\/logo\\\/image\\\/\",\"url\":\"https:\\\/\\\/www.ilnotiziario.net\\\/wp\\\/wp-content\\\/uploads\\\/2022\\\/06\\\/170x170ilN.png\",\"contentUrl\":\"https:\\\/\\\/www.ilnotiziario.net\\\/wp\\\/wp-content\\\/uploads\\\/2022\\\/06\\\/170x170ilN.png\",\"width\":355,\"height\":355,\"caption\":\"Il Notiziario\"},\"image\":{\"@id\":\"https:\\\/\\\/www.ilnotiziario.net\\\/wp\\\/#\\\/schema\\\/logo\\\/image\\\/\"},\"sameAs\":[\"https:\\\/\\\/www.facebook.com\\\/ilnotiziarioind\\\/\",\"https:\\\/\\\/x.com\\\/ilNotiziarioInd\",\"https:\\\/\\\/www.instagram.com\\\/ilnotiziario_settimanale\\\/\"]},{\"@type\":\"Person\",\"@id\":\"https:\\\/\\\/www.ilnotiziario.net\\\/wp\\\/#\\\/schema\\\/person\\\/386e222908f898bb41c033989482bbf2\",\"name\":\"Gabriele Bassani\",\"image\":{\"@type\":\"ImageObject\",\"inLanguage\":\"it-IT\",\"@id\":\"https:\\\/\\\/secure.gravatar.com\\\/avatar\\\/09274f4a84fa97698bde56f84b3afed61c8492d48b0550db9671b68c177479cb?s=96&d=mm&r=g\",\"url\":\"https:\\\/\\\/secure.gravatar.com\\\/avatar\\\/09274f4a84fa97698bde56f84b3afed61c8492d48b0550db9671b68c177479cb?s=96&d=mm&r=g\",\"contentUrl\":\"https:\\\/\\\/secure.gravatar.com\\\/avatar\\\/09274f4a84fa97698bde56f84b3afed61c8492d48b0550db9671b68c177479cb?s=96&d=mm&r=g\",\"caption\":\"Gabriele Bassani\"},\"sameAs\":[\"http:\\\/\\\/www.ilnotiziario.net\"]}]}<\/script>\n<!-- \/ Yoast SEO plugin. -->","yoast_head_json":{"title":"Twirling protagonista a Cormano - Il Notiziario","description":"Twirling protagonista a Cormano con atlete provenienti da tutta la Lombardia: le premiazioni del Comitato regionale","robots":{"index":"index","follow":"follow","max-snippet":"max-snippet:-1","max-image-preview":"max-image-preview:large","max-video-preview":"max-video-preview:-1"},"canonical":"https:\/\/www.ilnotiziario.net\/wp\/sport\/twirling-cormano\/","og_locale":"it_IT","og_type":"article","og_title":"Twirling protagonista a Cormano - Il Notiziario","og_description":"Twirling protagonista a Cormano con atlete provenienti da tutta la Lombardia: le premiazioni del Comitato regionale","og_url":"https:\/\/www.ilnotiziario.net\/wp\/sport\/twirling-cormano\/","og_site_name":"Il Notiziario","article_publisher":"https:\/\/www.facebook.com\/ilnotiziarioind\/","article_published_time":"2023-03-16T15:00:48+00:00","og_image":[{"width":1024,"height":576,"url":"https:\/\/www.ilnotiziario.net\/wp\/wp-content\/uploads\/2023\/03\/X-CORM-TWIRLING-MOMENTI-DI-ESIBIZIONE.jpg","type":"image\/jpeg"}],"author":"Gabriele Bassani","twitter_card":"summary_large_image","twitter_creator":"@ilNotiziarioInd","twitter_site":"@ilNotiziarioInd","twitter_misc":{"Scritto da":"Gabriele Bassani","Tempo di lettura stimato":"3 minuti"},"schema":{"@context":"https:\/\/schema.org","@graph":[{"@type":"Article","@id":"https:\/\/www.ilnotiziario.net\/wp\/sport\/twirling-cormano\/#article","isPartOf":{"@id":"https:\/\/www.ilnotiziario.net\/wp\/sport\/twirling-cormano\/"},"author":{"name":"Gabriele Bassani","@id":"https:\/\/www.ilnotiziario.net\/wp\/#\/schema\/person\/386e222908f898bb41c033989482bbf2"},"headline":"Il twirling conquista Cormano: presenti societ\u00e0 da tutta la Lombardia","datePublished":"2023-03-16T15:00:48+00:00","mainEntityOfPage":{"@id":"https:\/\/www.ilnotiziario.net\/wp\/sport\/twirling-cormano\/"},"wordCount":385,"publisher":{"@id":"https:\/\/www.ilnotiziario.net\/wp\/#organization"},"image":{"@id":"https:\/\/www.ilnotiziario.net\/wp\/sport\/twirling-cormano\/#primaryimage"},"thumbnailUrl":"https:\/\/www.ilnotiziario.net\/wp\/wp-content\/uploads\/2023\/03\/X-CORM-TWIRLING-MOMENTI-DI-ESIBIZIONE.jpg","keywords":["Asia Falcone","Aurora Martinazzoli","comitato regionale twirling","Daniele Seren","Luigi Magistro","Twirling","twirling cormano"],"articleSection":["NORD MILANO","SPORT"],"inLanguage":"it-IT"},{"@type":"WebPage","@id":"https:\/\/www.ilnotiziario.net\/wp\/sport\/twirling-cormano\/","url":"https:\/\/www.ilnotiziario.net\/wp\/sport\/twirling-cormano\/","name":"Twirling protagonista a Cormano - Il Notiziario","isPartOf":{"@id":"https:\/\/www.ilnotiziario.net\/wp\/#website"},"primaryImageOfPage":{"@id":"https:\/\/www.ilnotiziario.net\/wp\/sport\/twirling-cormano\/#primaryimage"},"image":{"@id":"https:\/\/www.ilnotiziario.net\/wp\/sport\/twirling-cormano\/#primaryimage"},"thumbnailUrl":"https:\/\/www.ilnotiziario.net\/wp\/wp-content\/uploads\/2023\/03\/X-CORM-TWIRLING-MOMENTI-DI-ESIBIZIONE.jpg","datePublished":"2023-03-16T15:00:48+00:00","description":"Twirling protagonista a Cormano con atlete provenienti da tutta la Lombardia: le premiazioni del Comitato regionale","breadcrumb":{"@id":"https:\/\/www.ilnotiziario.net\/wp\/sport\/twirling-cormano\/#breadcrumb"},"inLanguage":"it-IT","potentialAction":[{"@type":"ReadAction","target":["https:\/\/www.ilnotiziario.net\/wp\/sport\/twirling-cormano\/"]}]},{"@type":"ImageObject","inLanguage":"it-IT","@id":"https:\/\/www.ilnotiziario.net\/wp\/sport\/twirling-cormano\/#primaryimage","url":"https:\/\/www.ilnotiziario.net\/wp\/wp-content\/uploads\/2023\/03\/X-CORM-TWIRLING-MOMENTI-DI-ESIBIZIONE.jpg","contentUrl":"https:\/\/www.ilnotiziario.net\/wp\/wp-content\/uploads\/2023\/03\/X-CORM-TWIRLING-MOMENTI-DI-ESIBIZIONE.jpg","width":1024,"height":576,"caption":"La giornata del twirling a Cormano"},{"@type":"BreadcrumbList","@id":"https:\/\/www.ilnotiziario.net\/wp\/sport\/twirling-cormano\/#breadcrumb","itemListElement":[{"@type":"ListItem","position":1,"name":"tds_text_logo_tagline_colortds_text_logo_tagline_colortds_text_logo_tagline_colortds_text_logo_tagline_colortd_module_7_title_excerpttd_module_7_title_excerpttd_module_7_title_excerpttd_module_7_title_excerptHome","item":"https:\/\/www.ilnotiziario.net\/wp\/"},{"@type":"ListItem","position":2,"name":"Il twirling conquista Cormano: presenti societ\u00e0 da tutta la Lombardia"}]},{"@type":"WebSite","@id":"https:\/\/www.ilnotiziario.net\/wp\/#website","url":"https:\/\/www.ilnotiziario.net\/wp\/","name":"Il Notiziario","description":"Per restare sempre connessi alla notizia","publisher":{"@id":"https:\/\/www.ilnotiziario.net\/wp\/#organization"},"alternateName":"Il Notiziario Bollate","potentialAction":[{"@type":"SearchAction","target":{"@type":"EntryPoint","urlTemplate":"https:\/\/www.ilnotiziario.net\/wp\/?s={search_term_string}"},"query-input":{"@type":"PropertyValueSpecification","valueRequired":true,"valueName":"search_term_string"}}],"inLanguage":"it-IT"},{"@type":"Organization","@id":"https:\/\/www.ilnotiziario.net\/wp\/#organization","name":"Il Notiziario","url":"https:\/\/www.ilnotiziario.net\/wp\/","logo":{"@type":"ImageObject","inLanguage":"it-IT","@id":"https:\/\/www.ilnotiziario.net\/wp\/#\/schema\/logo\/image\/","url":"https:\/\/www.ilnotiziario.net\/wp\/wp-content\/uploads\/2022\/06\/170x170ilN.png","contentUrl":"https:\/\/www.ilnotiziario.net\/wp\/wp-content\/uploads\/2022\/06\/170x170ilN.png","width":355,"height":355,"caption":"Il Notiziario"},"image":{"@id":"https:\/\/www.ilnotiziario.net\/wp\/#\/schema\/logo\/image\/"},"sameAs":["https:\/\/www.facebook.com\/ilnotiziarioind\/","https:\/\/x.com\/ilNotiziarioInd","https:\/\/www.instagram.com\/ilnotiziario_settimanale\/"]},{"@type":"Person","@id":"https:\/\/www.ilnotiziario.net\/wp\/#\/schema\/person\/386e222908f898bb41c033989482bbf2","name":"Gabriele Bassani","image":{"@type":"ImageObject","inLanguage":"it-IT","@id":"https:\/\/secure.gravatar.com\/avatar\/09274f4a84fa97698bde56f84b3afed61c8492d48b0550db9671b68c177479cb?s=96&d=mm&r=g","url":"https:\/\/secure.gravatar.com\/avatar\/09274f4a84fa97698bde56f84b3afed61c8492d48b0550db9671b68c177479cb?s=96&d=mm&r=g","contentUrl":"https:\/\/secure.gravatar.com\/avatar\/09274f4a84fa97698bde56f84b3afed61c8492d48b0550db9671b68c177479cb?s=96&d=mm&r=g","caption":"Gabriele Bassani"},"sameAs":["http:\/\/www.ilnotiziario.net"]}]}},"_links":{"self":[{"href":"https:\/\/www.ilnotiziario.net\/wp\/wp-json\/wp\/v2\/posts\/179848","targetHints":{"allow":["GET"]}}],"collection":[{"href":"https:\/\/www.ilnotiziario.net\/wp\/wp-json\/wp\/v2\/posts"}],"about":[{"href":"https:\/\/www.ilnotiziario.net\/wp\/wp-json\/wp\/v2\/types\/post"}],"author":[{"embeddable":true,"href":"https:\/\/www.ilnotiziario.net\/wp\/wp-json\/wp\/v2\/users\/3"}],"replies":[{"embeddable":true,"href":"https:\/\/www.ilnotiziario.net\/wp\/wp-json\/wp\/v2\/comments?post=179848"}],"version-history":[{"count":0,"href":"https:\/\/www.ilnotiziario.net\/wp\/wp-json\/wp\/v2\/posts\/179848\/revisions"}],"wp:featuredmedia":[{"embeddable":true,"href":"https:\/\/www.ilnotiziario.net\/wp\/wp-json\/wp\/v2\/media\/179849"}],"wp:attachment":[{"href":"https:\/\/www.ilnotiziario.net\/wp\/wp-json\/wp\/v2\/media?parent=179848"}],"wp:term":[{"taxonomy":"category","embeddable":true,"href":"https:\/\/www.ilnotiziario.net\/wp\/wp-json\/wp\/v2\/categories?post=179848"},{"taxonomy":"post_tag","embeddable":true,"href":"https:\/\/www.ilnotiziario.net\/wp\/wp-json\/wp\/v2\/tags?post=179848"}],"curies":[{"name":"wp","href":"https:\/\/api.w.org\/{rel}","templated":true}]}}