{"id":180227,"date":"2023-03-24T11:02:46","date_gmt":"2023-03-24T10:02:46","guid":{"rendered":"https:\/\/www.ilnotiziario.net\/wp\/?p=180227"},"modified":"2023-03-24T09:06:25","modified_gmt":"2023-03-24T08:06:25","slug":"a-paderno-torna-la-fiera-di-primavera-domani-sera-apre-ledizione-numero-42","status":"publish","type":"post","link":"https:\/\/www.ilnotiziario.net\/wp\/nord-milano\/a-paderno-torna-la-fiera-di-primavera-domani-sera-apre-ledizione-numero-42\/","title":{"rendered":"A Paderno torna la Fiera di Primavera: domani sera apre l\u2019edizione numero 42"},"content":{"rendered":"<p>A Paderno Dugnano torna la Fiera di Primavera, in occasione dell\u2019ultimo fine settimana di marzo: come da tradizione, anche la 42esima edizione inizier\u00e0 dal sabato sera e uno dei primi appuntamenti a cui si taglier\u00e0 il nastro sar\u00e0 quello con la mostra \u201cPaderno Dugnano ricorda il pittore Arturo Galli\u201d.<\/p><div id=\"ilnot-2706853061\" class=\"ilnot-contenuto ilnot-entity-placement\"><p><!-- incontent_1 --><\/p>\n<div class=\"gptslot\" data-adunitid=\"1\"><\/div>\n<\/div>\n<h2>Fiera di Primavera a Paderno, la mostra su Arturo Galli<\/h2>\n<p>La mostra per il pittore Arturo Galli, all\u2019interno degli eventi della Fiera di Primavera a Paderno Dugnano, verr\u00e0 allestita nella cappellina della chiesa Santa Maria Nascente in collaborazione con La Compagnia Del Pilastrello, e che rimarr\u00e0 aperta fino al 2 aprile. In pi\u00f9, in questa edizione il Gor avvier\u00e0 i festeggiamenti per i suoi 40 anni: la palestra dell&#8217;oratorio don Bosco ospiter\u00e0 la mostra che racconter\u00e0 questo traguardo attraverso volti e attivit\u00e0 di chi ha fatto la protezione civile padernese.<\/p>\n<h2>Domenica i 300 espositori nel centro storico<\/h2>\n<p>Saranno 600 metri quadrati dedicati alle attivit\u00e0 con l\u2019esposizione dei mezzi di soccorso principali, il racconto per immagini delle missioni degli ultimi quattro decenni e un percorso per bambini. La giornata clou sar\u00e0 quella di domenica con oltre 300 espositori presenti nelle vie del centro storico che ospiter\u00e0 hobbisti, artigiani, pittori, aziende agricole. Il programma completo sar\u00e0 pubblicato la prossima settimana.<br \/>\n<strong>Redazione web<br \/>\n<em>Leggi ilNotiziario anche da pc, smartphone e tablet.&nbsp;<\/em><a href=\"http:\/\/edicola.ilnotiziario.net\/\">Clicca qui per la nostra edicola digitale<\/a><\/strong><\/p><div id=\"ilnot-2735843358\" class=\"ilnot-contenuto_2 ilnot-entity-placement\"><div class=\"ads-wrapper\">\n<div class=\"ad-slot\">\n   <div id=\"ilnot-3304065871\" style=\"margin-right: auto;margin-left: auto;text-align: center;width: 320px;height: 100px;\"><a href=\"https:\/\/www.scuolasicurezza.it\/\"><img decoding=\"async\" src=\"https:\/\/www.ilnotiziario.net\/wp\/wp-content\/uploads\/2026\/04\/IlNotiziario_banner-sito-e-newsletter-320-x-100-px-1.gif\" alt=\"\"><\/a><\/div>\n  <\/div>\n<div class=\"ad-slot\">\n   <div id=\"ilnot-941667329\" style=\"margin-right: auto;margin-left: auto;text-align: center;width: 320px;height: 100px;\"><a href=\"https:\/\/purodesignarredamenti.com\/\"><img decoding=\"async\" src=\"https:\/\/www.ilnotiziario.net\/wp\/wp-content\/uploads\/2026\/04\/banner-puro-ok.gif\" alt=\"whatsapp\"><\/a><\/div><\/p><\/div>\n<\/div>\n<\/div>\n<p>&nbsp;<\/p>\n","protected":false},"excerpt":{"rendered":"<p>A Paderno Dugnano torna la Fiera di Primavera, in occasione dell\u2019ultimo fine settimana di marzo: come da tradizione, anche la 42esima edizione inizier\u00e0 dal sabato sera e uno dei primi appuntamenti a cui si taglier\u00e0 il nastro sar\u00e0 quello con la mostra \u201cPaderno Dugnano ricorda il pittore Arturo Galli\u201d. Fiera di Primavera a Paderno, la<\/p>\n","protected":false},"author":3,"featured_media":23844,"comment_status":"closed","ping_status":"closed","sticky":false,"template":"","format":"standard","meta":{"footnotes":""},"categories":[8,11,20],"tags":[13733,13734,2976,39],"class_list":{"0":"post-180227","1":"post","2":"type-post","3":"status-publish","4":"format-standard","5":"has-post-thumbnail","7":"category-bollatese","8":"category-nord-milano","9":"category-prima-pagina","10":"tag-arturo-galli","11":"tag-compagnia-del-pilastrello","12":"tag-fiera-di-primavera","13":"tag-paderno-dugnano"},"yoast_head":"<!-- This site is optimized with the Yoast SEO plugin v27.4 - https:\/\/yoast.com\/product\/yoast-seo-wordpress\/ -->\n<title>A Paderno torna la Fiera di Primavera, mostra su Arturo Galli<\/title>\n<meta name=\"description\" content=\"Nel fine settimana di Paderno Dugnano torna la Fiera di Primavera: edizione numero 42, con la mostra sul pittore Arturo Galli\" \/>\n<meta name=\"robots\" content=\"index, follow, max-snippet:-1, max-image-preview:large, max-video-preview:-1\" \/>\n<link rel=\"canonical\" href=\"https:\/\/www.ilnotiziario.net\/wp\/nord-milano\/a-paderno-torna-la-fiera-di-primavera-domani-sera-apre-ledizione-numero-42\/\" \/>\n<meta property=\"og:locale\" content=\"it_IT\" \/>\n<meta property=\"og:type\" content=\"article\" \/>\n<meta property=\"og:title\" content=\"A Paderno torna la Fiera di Primavera, mostra su Arturo Galli\" \/>\n<meta property=\"og:description\" content=\"Nel fine settimana di Paderno Dugnano torna la Fiera di Primavera: edizione numero 42, con la mostra sul pittore Arturo Galli\" \/>\n<meta property=\"og:url\" content=\"https:\/\/www.ilnotiziario.net\/wp\/nord-milano\/a-paderno-torna-la-fiera-di-primavera-domani-sera-apre-ledizione-numero-42\/\" \/>\n<meta property=\"og:site_name\" content=\"Il Notiziario\" \/>\n<meta property=\"article:publisher\" content=\"https:\/\/www.facebook.com\/ilnotiziarioind\/\" \/>\n<meta property=\"article:published_time\" content=\"2023-03-24T10:02:46+00:00\" \/>\n<meta property=\"og:image\" content=\"https:\/\/www.ilnotiziario.net\/wp\/wp-content\/uploads\/2018\/03\/fiera-primavera-paderno.jpg\" \/>\n\t<meta property=\"og:image:width\" content=\"1024\" \/>\n\t<meta property=\"og:image:height\" content=\"680\" \/>\n\t<meta property=\"og:image:type\" content=\"image\/jpeg\" \/>\n<meta name=\"author\" content=\"Gabriele Bassani\" \/>\n<meta name=\"twitter:card\" content=\"summary_large_image\" \/>\n<meta name=\"twitter:creator\" content=\"@ilNotiziarioInd\" \/>\n<meta name=\"twitter:site\" content=\"@ilNotiziarioInd\" \/>\n<meta name=\"twitter:label1\" content=\"Scritto da\" \/>\n\t<meta name=\"twitter:data1\" content=\"Gabriele Bassani\" \/>\n\t<meta name=\"twitter:label2\" content=\"Tempo di lettura stimato\" \/>\n\t<meta name=\"twitter:data2\" content=\"2 minuti\" \/>\n<script type=\"application\/ld+json\" class=\"yoast-schema-graph\">{\"@context\":\"https:\\\/\\\/schema.org\",\"@graph\":[{\"@type\":\"Article\",\"@id\":\"https:\\\/\\\/www.ilnotiziario.net\\\/wp\\\/nord-milano\\\/a-paderno-torna-la-fiera-di-primavera-domani-sera-apre-ledizione-numero-42\\\/#article\",\"isPartOf\":{\"@id\":\"https:\\\/\\\/www.ilnotiziario.net\\\/wp\\\/nord-milano\\\/a-paderno-torna-la-fiera-di-primavera-domani-sera-apre-ledizione-numero-42\\\/\"},\"author\":{\"name\":\"Gabriele Bassani\",\"@id\":\"https:\\\/\\\/www.ilnotiziario.net\\\/wp\\\/#\\\/schema\\\/person\\\/386e222908f898bb41c033989482bbf2\"},\"headline\":\"A Paderno torna la Fiera di Primavera: domani sera apre l\u2019edizione numero 42\",\"datePublished\":\"2023-03-24T10:02:46+00:00\",\"mainEntityOfPage\":{\"@id\":\"https:\\\/\\\/www.ilnotiziario.net\\\/wp\\\/nord-milano\\\/a-paderno-torna-la-fiera-di-primavera-domani-sera-apre-ledizione-numero-42\\\/\"},\"wordCount\":238,\"publisher\":{\"@id\":\"https:\\\/\\\/www.ilnotiziario.net\\\/wp\\\/#organization\"},\"image\":{\"@id\":\"https:\\\/\\\/www.ilnotiziario.net\\\/wp\\\/nord-milano\\\/a-paderno-torna-la-fiera-di-primavera-domani-sera-apre-ledizione-numero-42\\\/#primaryimage\"},\"thumbnailUrl\":\"https:\\\/\\\/www.ilnotiziario.net\\\/wp\\\/wp-content\\\/uploads\\\/2018\\\/03\\\/fiera-primavera-paderno.jpg\",\"keywords\":[\"arturo galli\",\"compagnia del pilastrello\",\"Fiera di Primavera\",\"Paderno Dugnano\"],\"articleSection\":[\"BOLLATESE\",\"NORD MILANO\",\"Prima Pagina\"],\"inLanguage\":\"it-IT\"},{\"@type\":\"WebPage\",\"@id\":\"https:\\\/\\\/www.ilnotiziario.net\\\/wp\\\/nord-milano\\\/a-paderno-torna-la-fiera-di-primavera-domani-sera-apre-ledizione-numero-42\\\/\",\"url\":\"https:\\\/\\\/www.ilnotiziario.net\\\/wp\\\/nord-milano\\\/a-paderno-torna-la-fiera-di-primavera-domani-sera-apre-ledizione-numero-42\\\/\",\"name\":\"A Paderno torna la Fiera di Primavera, mostra su Arturo Galli\",\"isPartOf\":{\"@id\":\"https:\\\/\\\/www.ilnotiziario.net\\\/wp\\\/#website\"},\"primaryImageOfPage\":{\"@id\":\"https:\\\/\\\/www.ilnotiziario.net\\\/wp\\\/nord-milano\\\/a-paderno-torna-la-fiera-di-primavera-domani-sera-apre-ledizione-numero-42\\\/#primaryimage\"},\"image\":{\"@id\":\"https:\\\/\\\/www.ilnotiziario.net\\\/wp\\\/nord-milano\\\/a-paderno-torna-la-fiera-di-primavera-domani-sera-apre-ledizione-numero-42\\\/#primaryimage\"},\"thumbnailUrl\":\"https:\\\/\\\/www.ilnotiziario.net\\\/wp\\\/wp-content\\\/uploads\\\/2018\\\/03\\\/fiera-primavera-paderno.jpg\",\"datePublished\":\"2023-03-24T10:02:46+00:00\",\"description\":\"Nel fine settimana di Paderno Dugnano torna la Fiera di Primavera: edizione numero 42, con la mostra sul pittore Arturo Galli\",\"breadcrumb\":{\"@id\":\"https:\\\/\\\/www.ilnotiziario.net\\\/wp\\\/nord-milano\\\/a-paderno-torna-la-fiera-di-primavera-domani-sera-apre-ledizione-numero-42\\\/#breadcrumb\"},\"inLanguage\":\"it-IT\",\"potentialAction\":[{\"@type\":\"ReadAction\",\"target\":[\"https:\\\/\\\/www.ilnotiziario.net\\\/wp\\\/nord-milano\\\/a-paderno-torna-la-fiera-di-primavera-domani-sera-apre-ledizione-numero-42\\\/\"]}]},{\"@type\":\"ImageObject\",\"inLanguage\":\"it-IT\",\"@id\":\"https:\\\/\\\/www.ilnotiziario.net\\\/wp\\\/nord-milano\\\/a-paderno-torna-la-fiera-di-primavera-domani-sera-apre-ledizione-numero-42\\\/#primaryimage\",\"url\":\"https:\\\/\\\/www.ilnotiziario.net\\\/wp\\\/wp-content\\\/uploads\\\/2018\\\/03\\\/fiera-primavera-paderno.jpg\",\"contentUrl\":\"https:\\\/\\\/www.ilnotiziario.net\\\/wp\\\/wp-content\\\/uploads\\\/2018\\\/03\\\/fiera-primavera-paderno.jpg\",\"width\":1024,\"height\":680,\"caption\":\"Una passata edizione della Fiera di Primavera a Paderno Dugnano\"},{\"@type\":\"BreadcrumbList\",\"@id\":\"https:\\\/\\\/www.ilnotiziario.net\\\/wp\\\/nord-milano\\\/a-paderno-torna-la-fiera-di-primavera-domani-sera-apre-ledizione-numero-42\\\/#breadcrumb\",\"itemListElement\":[{\"@type\":\"ListItem\",\"position\":1,\"name\":\"tds_text_logo_tagline_colortds_text_logo_tagline_colortds_text_logo_tagline_colortds_text_logo_tagline_colortd_module_7_title_excerpttd_module_7_title_excerpttd_module_7_title_excerpttd_module_7_title_excerptHome\",\"item\":\"https:\\\/\\\/www.ilnotiziario.net\\\/wp\\\/\"},{\"@type\":\"ListItem\",\"position\":2,\"name\":\"A Paderno torna la Fiera di Primavera: domani sera apre l\u2019edizione numero 42\"}]},{\"@type\":\"WebSite\",\"@id\":\"https:\\\/\\\/www.ilnotiziario.net\\\/wp\\\/#website\",\"url\":\"https:\\\/\\\/www.ilnotiziario.net\\\/wp\\\/\",\"name\":\"Il Notiziario\",\"description\":\"Per restare sempre connessi alla notizia\",\"publisher\":{\"@id\":\"https:\\\/\\\/www.ilnotiziario.net\\\/wp\\\/#organization\"},\"alternateName\":\"Il Notiziario Bollate\",\"potentialAction\":[{\"@type\":\"SearchAction\",\"target\":{\"@type\":\"EntryPoint\",\"urlTemplate\":\"https:\\\/\\\/www.ilnotiziario.net\\\/wp\\\/?s={search_term_string}\"},\"query-input\":{\"@type\":\"PropertyValueSpecification\",\"valueRequired\":true,\"valueName\":\"search_term_string\"}}],\"inLanguage\":\"it-IT\"},{\"@type\":\"Organization\",\"@id\":\"https:\\\/\\\/www.ilnotiziario.net\\\/wp\\\/#organization\",\"name\":\"Il Notiziario\",\"url\":\"https:\\\/\\\/www.ilnotiziario.net\\\/wp\\\/\",\"logo\":{\"@type\":\"ImageObject\",\"inLanguage\":\"it-IT\",\"@id\":\"https:\\\/\\\/www.ilnotiziario.net\\\/wp\\\/#\\\/schema\\\/logo\\\/image\\\/\",\"url\":\"https:\\\/\\\/www.ilnotiziario.net\\\/wp\\\/wp-content\\\/uploads\\\/2022\\\/06\\\/170x170ilN.png\",\"contentUrl\":\"https:\\\/\\\/www.ilnotiziario.net\\\/wp\\\/wp-content\\\/uploads\\\/2022\\\/06\\\/170x170ilN.png\",\"width\":355,\"height\":355,\"caption\":\"Il Notiziario\"},\"image\":{\"@id\":\"https:\\\/\\\/www.ilnotiziario.net\\\/wp\\\/#\\\/schema\\\/logo\\\/image\\\/\"},\"sameAs\":[\"https:\\\/\\\/www.facebook.com\\\/ilnotiziarioind\\\/\",\"https:\\\/\\\/x.com\\\/ilNotiziarioInd\",\"https:\\\/\\\/www.instagram.com\\\/ilnotiziario_settimanale\\\/\"]},{\"@type\":\"Person\",\"@id\":\"https:\\\/\\\/www.ilnotiziario.net\\\/wp\\\/#\\\/schema\\\/person\\\/386e222908f898bb41c033989482bbf2\",\"name\":\"Gabriele Bassani\",\"image\":{\"@type\":\"ImageObject\",\"inLanguage\":\"it-IT\",\"@id\":\"https:\\\/\\\/secure.gravatar.com\\\/avatar\\\/09274f4a84fa97698bde56f84b3afed61c8492d48b0550db9671b68c177479cb?s=96&d=mm&r=g\",\"url\":\"https:\\\/\\\/secure.gravatar.com\\\/avatar\\\/09274f4a84fa97698bde56f84b3afed61c8492d48b0550db9671b68c177479cb?s=96&d=mm&r=g\",\"contentUrl\":\"https:\\\/\\\/secure.gravatar.com\\\/avatar\\\/09274f4a84fa97698bde56f84b3afed61c8492d48b0550db9671b68c177479cb?s=96&d=mm&r=g\",\"caption\":\"Gabriele Bassani\"},\"sameAs\":[\"http:\\\/\\\/www.ilnotiziario.net\"]}]}<\/script>\n<!-- \/ Yoast SEO plugin. -->","yoast_head_json":{"title":"A Paderno torna la Fiera di Primavera, mostra su Arturo Galli","description":"Nel fine settimana di Paderno Dugnano torna la Fiera di Primavera: edizione numero 42, con la mostra sul pittore Arturo Galli","robots":{"index":"index","follow":"follow","max-snippet":"max-snippet:-1","max-image-preview":"max-image-preview:large","max-video-preview":"max-video-preview:-1"},"canonical":"https:\/\/www.ilnotiziario.net\/wp\/nord-milano\/a-paderno-torna-la-fiera-di-primavera-domani-sera-apre-ledizione-numero-42\/","og_locale":"it_IT","og_type":"article","og_title":"A Paderno torna la Fiera di Primavera, mostra su Arturo Galli","og_description":"Nel fine settimana di Paderno Dugnano torna la Fiera di Primavera: edizione numero 42, con la mostra sul pittore Arturo Galli","og_url":"https:\/\/www.ilnotiziario.net\/wp\/nord-milano\/a-paderno-torna-la-fiera-di-primavera-domani-sera-apre-ledizione-numero-42\/","og_site_name":"Il Notiziario","article_publisher":"https:\/\/www.facebook.com\/ilnotiziarioind\/","article_published_time":"2023-03-24T10:02:46+00:00","og_image":[{"width":1024,"height":680,"url":"https:\/\/www.ilnotiziario.net\/wp\/wp-content\/uploads\/2018\/03\/fiera-primavera-paderno.jpg","type":"image\/jpeg"}],"author":"Gabriele Bassani","twitter_card":"summary_large_image","twitter_creator":"@ilNotiziarioInd","twitter_site":"@ilNotiziarioInd","twitter_misc":{"Scritto da":"Gabriele Bassani","Tempo di lettura stimato":"2 minuti"},"schema":{"@context":"https:\/\/schema.org","@graph":[{"@type":"Article","@id":"https:\/\/www.ilnotiziario.net\/wp\/nord-milano\/a-paderno-torna-la-fiera-di-primavera-domani-sera-apre-ledizione-numero-42\/#article","isPartOf":{"@id":"https:\/\/www.ilnotiziario.net\/wp\/nord-milano\/a-paderno-torna-la-fiera-di-primavera-domani-sera-apre-ledizione-numero-42\/"},"author":{"name":"Gabriele Bassani","@id":"https:\/\/www.ilnotiziario.net\/wp\/#\/schema\/person\/386e222908f898bb41c033989482bbf2"},"headline":"A Paderno torna la Fiera di Primavera: domani sera apre l\u2019edizione numero 42","datePublished":"2023-03-24T10:02:46+00:00","mainEntityOfPage":{"@id":"https:\/\/www.ilnotiziario.net\/wp\/nord-milano\/a-paderno-torna-la-fiera-di-primavera-domani-sera-apre-ledizione-numero-42\/"},"wordCount":238,"publisher":{"@id":"https:\/\/www.ilnotiziario.net\/wp\/#organization"},"image":{"@id":"https:\/\/www.ilnotiziario.net\/wp\/nord-milano\/a-paderno-torna-la-fiera-di-primavera-domani-sera-apre-ledizione-numero-42\/#primaryimage"},"thumbnailUrl":"https:\/\/www.ilnotiziario.net\/wp\/wp-content\/uploads\/2018\/03\/fiera-primavera-paderno.jpg","keywords":["arturo galli","compagnia del pilastrello","Fiera di Primavera","Paderno Dugnano"],"articleSection":["BOLLATESE","NORD MILANO","Prima Pagina"],"inLanguage":"it-IT"},{"@type":"WebPage","@id":"https:\/\/www.ilnotiziario.net\/wp\/nord-milano\/a-paderno-torna-la-fiera-di-primavera-domani-sera-apre-ledizione-numero-42\/","url":"https:\/\/www.ilnotiziario.net\/wp\/nord-milano\/a-paderno-torna-la-fiera-di-primavera-domani-sera-apre-ledizione-numero-42\/","name":"A Paderno torna la Fiera di Primavera, mostra su Arturo Galli","isPartOf":{"@id":"https:\/\/www.ilnotiziario.net\/wp\/#website"},"primaryImageOfPage":{"@id":"https:\/\/www.ilnotiziario.net\/wp\/nord-milano\/a-paderno-torna-la-fiera-di-primavera-domani-sera-apre-ledizione-numero-42\/#primaryimage"},"image":{"@id":"https:\/\/www.ilnotiziario.net\/wp\/nord-milano\/a-paderno-torna-la-fiera-di-primavera-domani-sera-apre-ledizione-numero-42\/#primaryimage"},"thumbnailUrl":"https:\/\/www.ilnotiziario.net\/wp\/wp-content\/uploads\/2018\/03\/fiera-primavera-paderno.jpg","datePublished":"2023-03-24T10:02:46+00:00","description":"Nel fine settimana di Paderno Dugnano torna la Fiera di Primavera: edizione numero 42, con la mostra sul pittore Arturo Galli","breadcrumb":{"@id":"https:\/\/www.ilnotiziario.net\/wp\/nord-milano\/a-paderno-torna-la-fiera-di-primavera-domani-sera-apre-ledizione-numero-42\/#breadcrumb"},"inLanguage":"it-IT","potentialAction":[{"@type":"ReadAction","target":["https:\/\/www.ilnotiziario.net\/wp\/nord-milano\/a-paderno-torna-la-fiera-di-primavera-domani-sera-apre-ledizione-numero-42\/"]}]},{"@type":"ImageObject","inLanguage":"it-IT","@id":"https:\/\/www.ilnotiziario.net\/wp\/nord-milano\/a-paderno-torna-la-fiera-di-primavera-domani-sera-apre-ledizione-numero-42\/#primaryimage","url":"https:\/\/www.ilnotiziario.net\/wp\/wp-content\/uploads\/2018\/03\/fiera-primavera-paderno.jpg","contentUrl":"https:\/\/www.ilnotiziario.net\/wp\/wp-content\/uploads\/2018\/03\/fiera-primavera-paderno.jpg","width":1024,"height":680,"caption":"Una passata edizione della Fiera di Primavera a Paderno Dugnano"},{"@type":"BreadcrumbList","@id":"https:\/\/www.ilnotiziario.net\/wp\/nord-milano\/a-paderno-torna-la-fiera-di-primavera-domani-sera-apre-ledizione-numero-42\/#breadcrumb","itemListElement":[{"@type":"ListItem","position":1,"name":"tds_text_logo_tagline_colortds_text_logo_tagline_colortds_text_logo_tagline_colortds_text_logo_tagline_colortd_module_7_title_excerpttd_module_7_title_excerpttd_module_7_title_excerpttd_module_7_title_excerptHome","item":"https:\/\/www.ilnotiziario.net\/wp\/"},{"@type":"ListItem","position":2,"name":"A Paderno torna la Fiera di Primavera: domani sera apre l\u2019edizione numero 42"}]},{"@type":"WebSite","@id":"https:\/\/www.ilnotiziario.net\/wp\/#website","url":"https:\/\/www.ilnotiziario.net\/wp\/","name":"Il Notiziario","description":"Per restare sempre connessi alla notizia","publisher":{"@id":"https:\/\/www.ilnotiziario.net\/wp\/#organization"},"alternateName":"Il Notiziario Bollate","potentialAction":[{"@type":"SearchAction","target":{"@type":"EntryPoint","urlTemplate":"https:\/\/www.ilnotiziario.net\/wp\/?s={search_term_string}"},"query-input":{"@type":"PropertyValueSpecification","valueRequired":true,"valueName":"search_term_string"}}],"inLanguage":"it-IT"},{"@type":"Organization","@id":"https:\/\/www.ilnotiziario.net\/wp\/#organization","name":"Il Notiziario","url":"https:\/\/www.ilnotiziario.net\/wp\/","logo":{"@type":"ImageObject","inLanguage":"it-IT","@id":"https:\/\/www.ilnotiziario.net\/wp\/#\/schema\/logo\/image\/","url":"https:\/\/www.ilnotiziario.net\/wp\/wp-content\/uploads\/2022\/06\/170x170ilN.png","contentUrl":"https:\/\/www.ilnotiziario.net\/wp\/wp-content\/uploads\/2022\/06\/170x170ilN.png","width":355,"height":355,"caption":"Il Notiziario"},"image":{"@id":"https:\/\/www.ilnotiziario.net\/wp\/#\/schema\/logo\/image\/"},"sameAs":["https:\/\/www.facebook.com\/ilnotiziarioind\/","https:\/\/x.com\/ilNotiziarioInd","https:\/\/www.instagram.com\/ilnotiziario_settimanale\/"]},{"@type":"Person","@id":"https:\/\/www.ilnotiziario.net\/wp\/#\/schema\/person\/386e222908f898bb41c033989482bbf2","name":"Gabriele Bassani","image":{"@type":"ImageObject","inLanguage":"it-IT","@id":"https:\/\/secure.gravatar.com\/avatar\/09274f4a84fa97698bde56f84b3afed61c8492d48b0550db9671b68c177479cb?s=96&d=mm&r=g","url":"https:\/\/secure.gravatar.com\/avatar\/09274f4a84fa97698bde56f84b3afed61c8492d48b0550db9671b68c177479cb?s=96&d=mm&r=g","contentUrl":"https:\/\/secure.gravatar.com\/avatar\/09274f4a84fa97698bde56f84b3afed61c8492d48b0550db9671b68c177479cb?s=96&d=mm&r=g","caption":"Gabriele Bassani"},"sameAs":["http:\/\/www.ilnotiziario.net"]}]}},"_links":{"self":[{"href":"https:\/\/www.ilnotiziario.net\/wp\/wp-json\/wp\/v2\/posts\/180227","targetHints":{"allow":["GET"]}}],"collection":[{"href":"https:\/\/www.ilnotiziario.net\/wp\/wp-json\/wp\/v2\/posts"}],"about":[{"href":"https:\/\/www.ilnotiziario.net\/wp\/wp-json\/wp\/v2\/types\/post"}],"author":[{"embeddable":true,"href":"https:\/\/www.ilnotiziario.net\/wp\/wp-json\/wp\/v2\/users\/3"}],"replies":[{"embeddable":true,"href":"https:\/\/www.ilnotiziario.net\/wp\/wp-json\/wp\/v2\/comments?post=180227"}],"version-history":[{"count":0,"href":"https:\/\/www.ilnotiziario.net\/wp\/wp-json\/wp\/v2\/posts\/180227\/revisions"}],"wp:featuredmedia":[{"embeddable":true,"href":"https:\/\/www.ilnotiziario.net\/wp\/wp-json\/wp\/v2\/media\/23844"}],"wp:attachment":[{"href":"https:\/\/www.ilnotiziario.net\/wp\/wp-json\/wp\/v2\/media?parent=180227"}],"wp:term":[{"taxonomy":"category","embeddable":true,"href":"https:\/\/www.ilnotiziario.net\/wp\/wp-json\/wp\/v2\/categories?post=180227"},{"taxonomy":"post_tag","embeddable":true,"href":"https:\/\/www.ilnotiziario.net\/wp\/wp-json\/wp\/v2\/tags?post=180227"}],"curies":[{"name":"wp","href":"https:\/\/api.w.org\/{rel}","templated":true}]}}