{"id":180622,"date":"2023-04-01T11:15:03","date_gmt":"2023-04-01T09:15:03","guid":{"rendered":"https:\/\/www.ilnotiziario.net\/wp\/?p=180622"},"modified":"2023-04-01T07:42:23","modified_gmt":"2023-04-01T05:42:23","slug":"baranzate-scoppia-una-lite-uomo-finisce-accoltellato","status":"publish","type":"post","link":"https:\/\/www.ilnotiziario.net\/wp\/bollatese\/baranzate-scoppia-una-lite-uomo-finisce-accoltellato\/","title":{"rendered":"Baranzate: scoppia una lite, uomo finisce accoltellato"},"content":{"rendered":"<p>Baranzate, via Palmanova: scoppia una lite, un uomo finisce accoltellato.<br \/>\nUna lite scoppiata per cause al momento sconosciute si \u00e8 trasformata in un accoltellamento, con un uomo che \u00e8 finito in ospedale trasportato in codice rosso. E\u2019 accaduto a met\u00e0 della scorsa settimana verso le 6 e mezza del pomeriggio in via Palmanova, nel quartiere di via Gorizia.<\/p><div id=\"ilnot-2388993\" class=\"ilnot-contenuto ilnot-entity-placement\"><p><!-- incontent_1 --><\/p>\n<div class=\"gptslot\" data-adunitid=\"1\"><\/div>\n<\/div>\n<p>Due stranieri, un brasiliano di 50 anni e un georgiano di 37, si sono messi a litigare animatamente e ad un certo punto il brasiliano ha estratto un coltellino, colpendo pi\u00f9 volte il rivale e procurandogli diverse ferite. Sul posto sono accorse l\u2019automedica del vicinissimo ospedale Sacco e un\u2019ambulanza della Sos di Novate Milanese, oltre a una pattuglia dei Carabinieri della Tenenza di Bollate.<\/p>\n<h2>Uomo accoltellato a Baranzate durante una lite&nbsp;<\/h2>\n<p>Viste le numerose ferite, lo straniero \u00e8 stato trasportato in ospedale al Sacco di Milano, dove per fortuna si \u00e8 rilevato che le ferite che gli aveva causato il rivale non erano molto profonde proprio perch\u00e9 il coltello che le aveva provocate era di piccole dimensioni, altrimenti l\u2019esito della vicenda avrebbe potuto essere decisamente pi\u00f9 grave. I Carabinieri hanno denunciato il brasiliano per lesioni.<\/p><div id=\"ilnot-2515092224\" class=\"ilnot-contenuto_2 ilnot-entity-placement\"><div class=\"ads-wrapper\">\n<div class=\"ad-slot\">\n   <div id=\"ilnot-90744784\" style=\"margin-right: auto;margin-left: auto;text-align: center;width: 320px;height: 100px;\"><a href=\"https:\/\/www.scuolasicurezza.it\/\"><img decoding=\"async\" src=\"https:\/\/www.ilnotiziario.net\/wp\/wp-content\/uploads\/2026\/04\/IlNotiziario_banner-sito-e-newsletter-320-x-100-px-1.gif\" alt=\"\"><\/a><\/div>\n  <\/div>\n<div class=\"ad-slot\">\n   <div id=\"ilnot-3872297367\" style=\"margin-right: auto;margin-left: auto;text-align: center;width: 320px;height: 100px;\"><a href=\"https:\/\/purodesignarredamenti.com\/\"><img decoding=\"async\" src=\"https:\/\/www.ilnotiziario.net\/wp\/wp-content\/uploads\/2026\/04\/banner-puro-ok.gif\" alt=\"whatsapp\"><\/a><\/div><\/p><\/div>\n<\/div>\n<\/div>\n<p>Sfoglia il notiziario in formato digitale direttamente dal nostro sito <a href=\"https:\/\/edicola.ilnotiziario.net\/citterioeditoresrl\/newsstand\">edicola.ilnotiziario.net<\/a><\/p>\n","protected":false},"excerpt":{"rendered":"<p>Baranzate, via Palmanova: scoppia una lite, un uomo finisce accoltellato. Una lite scoppiata per cause al momento sconosciute si \u00e8 trasformata in un accoltellamento, con un uomo che \u00e8 finito in ospedale trasportato in codice rosso. E\u2019 accaduto a met\u00e0 della scorsa settimana verso le 6 e mezza del pomeriggio in via Palmanova, nel quartiere<\/p>\n","protected":false},"author":14,"featured_media":180623,"comment_status":"closed","ping_status":"closed","sticky":false,"template":"","format":"standard","meta":{"footnotes":""},"categories":[8,11,20],"tags":[4345,29,1855],"class_list":{"0":"post-180622","1":"post","2":"type-post","3":"status-publish","4":"format-standard","5":"has-post-thumbnail","7":"category-bollatese","8":"category-nord-milano","9":"category-prima-pagina","10":"tag-accoltellato","11":"tag-baranzate","12":"tag-lite"},"yoast_head":"<!-- This site is optimized with the Yoast SEO plugin v27.4 - https:\/\/yoast.com\/product\/yoast-seo-wordpress\/ -->\n<title>Baranzate: scoppia una lite, uomo finisce accoltellato - Il Notiziario<\/title>\n<meta name=\"description\" content=\"Baranzate, via Palmanova: scoppia una lite, un uomo finisce accoltellato. Una lite scoppiata per cause al momento sconosciute si \u00e8 trasformata in un\" \/>\n<meta name=\"robots\" content=\"index, follow, max-snippet:-1, max-image-preview:large, max-video-preview:-1\" \/>\n<link rel=\"canonical\" href=\"https:\/\/www.ilnotiziario.net\/wp\/bollatese\/baranzate-scoppia-una-lite-uomo-finisce-accoltellato\/\" \/>\n<meta property=\"og:locale\" content=\"it_IT\" \/>\n<meta property=\"og:type\" content=\"article\" \/>\n<meta property=\"og:title\" content=\"Baranzate: scoppia una lite, uomo finisce accoltellato - Il Notiziario\" \/>\n<meta property=\"og:description\" content=\"Baranzate, via Palmanova: scoppia una lite, un uomo finisce accoltellato. Una lite scoppiata per cause al momento sconosciute si \u00e8 trasformata in un\" \/>\n<meta property=\"og:url\" content=\"https:\/\/www.ilnotiziario.net\/wp\/bollatese\/baranzate-scoppia-una-lite-uomo-finisce-accoltellato\/\" \/>\n<meta property=\"og:site_name\" content=\"Il Notiziario\" \/>\n<meta property=\"article:publisher\" content=\"https:\/\/www.facebook.com\/ilnotiziarioind\/\" \/>\n<meta property=\"article:published_time\" content=\"2023-04-01T09:15:03+00:00\" \/>\n<meta property=\"og:image\" content=\"https:\/\/www.ilnotiziario.net\/wp\/wp-content\/uploads\/2023\/03\/Baranzate-lite-uomo-accoltellato.jpg\" \/>\n\t<meta property=\"og:image:width\" content=\"709\" \/>\n\t<meta property=\"og:image:height\" content=\"709\" \/>\n\t<meta property=\"og:image:type\" content=\"image\/jpeg\" \/>\n<meta name=\"author\" content=\"Silvia Citterio\" \/>\n<meta name=\"twitter:card\" content=\"summary_large_image\" \/>\n<meta name=\"twitter:creator\" content=\"@ilNotiziarioInd\" \/>\n<meta name=\"twitter:site\" content=\"@ilNotiziarioInd\" \/>\n<meta name=\"twitter:label1\" content=\"Scritto da\" \/>\n\t<meta name=\"twitter:data1\" content=\"Silvia Citterio\" \/>\n\t<meta name=\"twitter:label2\" content=\"Tempo di lettura stimato\" \/>\n\t<meta name=\"twitter:data2\" content=\"2 minuti\" \/>\n<script type=\"application\/ld+json\" class=\"yoast-schema-graph\">{\"@context\":\"https:\\\/\\\/schema.org\",\"@graph\":[{\"@type\":\"Article\",\"@id\":\"https:\\\/\\\/www.ilnotiziario.net\\\/wp\\\/bollatese\\\/baranzate-scoppia-una-lite-uomo-finisce-accoltellato\\\/#article\",\"isPartOf\":{\"@id\":\"https:\\\/\\\/www.ilnotiziario.net\\\/wp\\\/bollatese\\\/baranzate-scoppia-una-lite-uomo-finisce-accoltellato\\\/\"},\"author\":{\"name\":\"Silvia Citterio\",\"@id\":\"https:\\\/\\\/www.ilnotiziario.net\\\/wp\\\/#\\\/schema\\\/person\\\/c5bca2edc3d99d29959f04a6126f687b\"},\"headline\":\"Baranzate: scoppia una lite, uomo finisce accoltellato\",\"datePublished\":\"2023-04-01T09:15:03+00:00\",\"mainEntityOfPage\":{\"@id\":\"https:\\\/\\\/www.ilnotiziario.net\\\/wp\\\/bollatese\\\/baranzate-scoppia-una-lite-uomo-finisce-accoltellato\\\/\"},\"wordCount\":210,\"publisher\":{\"@id\":\"https:\\\/\\\/www.ilnotiziario.net\\\/wp\\\/#organization\"},\"image\":{\"@id\":\"https:\\\/\\\/www.ilnotiziario.net\\\/wp\\\/bollatese\\\/baranzate-scoppia-una-lite-uomo-finisce-accoltellato\\\/#primaryimage\"},\"thumbnailUrl\":\"https:\\\/\\\/www.ilnotiziario.net\\\/wp\\\/wp-content\\\/uploads\\\/2023\\\/03\\\/Baranzate-lite-uomo-accoltellato.jpg\",\"keywords\":[\"accoltellato\",\"Baranzate\",\"lite\"],\"articleSection\":[\"BOLLATESE\",\"NORD MILANO\",\"Prima Pagina\"],\"inLanguage\":\"it-IT\"},{\"@type\":\"WebPage\",\"@id\":\"https:\\\/\\\/www.ilnotiziario.net\\\/wp\\\/bollatese\\\/baranzate-scoppia-una-lite-uomo-finisce-accoltellato\\\/\",\"url\":\"https:\\\/\\\/www.ilnotiziario.net\\\/wp\\\/bollatese\\\/baranzate-scoppia-una-lite-uomo-finisce-accoltellato\\\/\",\"name\":\"Baranzate: scoppia una lite, uomo finisce accoltellato - Il Notiziario\",\"isPartOf\":{\"@id\":\"https:\\\/\\\/www.ilnotiziario.net\\\/wp\\\/#website\"},\"primaryImageOfPage\":{\"@id\":\"https:\\\/\\\/www.ilnotiziario.net\\\/wp\\\/bollatese\\\/baranzate-scoppia-una-lite-uomo-finisce-accoltellato\\\/#primaryimage\"},\"image\":{\"@id\":\"https:\\\/\\\/www.ilnotiziario.net\\\/wp\\\/bollatese\\\/baranzate-scoppia-una-lite-uomo-finisce-accoltellato\\\/#primaryimage\"},\"thumbnailUrl\":\"https:\\\/\\\/www.ilnotiziario.net\\\/wp\\\/wp-content\\\/uploads\\\/2023\\\/03\\\/Baranzate-lite-uomo-accoltellato.jpg\",\"datePublished\":\"2023-04-01T09:15:03+00:00\",\"description\":\"Baranzate, via Palmanova: scoppia una lite, un uomo finisce accoltellato. Una lite scoppiata per cause al momento sconosciute si \u00e8 trasformata in un\",\"breadcrumb\":{\"@id\":\"https:\\\/\\\/www.ilnotiziario.net\\\/wp\\\/bollatese\\\/baranzate-scoppia-una-lite-uomo-finisce-accoltellato\\\/#breadcrumb\"},\"inLanguage\":\"it-IT\",\"potentialAction\":[{\"@type\":\"ReadAction\",\"target\":[\"https:\\\/\\\/www.ilnotiziario.net\\\/wp\\\/bollatese\\\/baranzate-scoppia-una-lite-uomo-finisce-accoltellato\\\/\"]}]},{\"@type\":\"ImageObject\",\"inLanguage\":\"it-IT\",\"@id\":\"https:\\\/\\\/www.ilnotiziario.net\\\/wp\\\/bollatese\\\/baranzate-scoppia-una-lite-uomo-finisce-accoltellato\\\/#primaryimage\",\"url\":\"https:\\\/\\\/www.ilnotiziario.net\\\/wp\\\/wp-content\\\/uploads\\\/2023\\\/03\\\/Baranzate-lite-uomo-accoltellato.jpg\",\"contentUrl\":\"https:\\\/\\\/www.ilnotiziario.net\\\/wp\\\/wp-content\\\/uploads\\\/2023\\\/03\\\/Baranzate-lite-uomo-accoltellato.jpg\",\"width\":709,\"height\":709,\"caption\":\"Baranzate lite uomo accoltellato\"},{\"@type\":\"BreadcrumbList\",\"@id\":\"https:\\\/\\\/www.ilnotiziario.net\\\/wp\\\/bollatese\\\/baranzate-scoppia-una-lite-uomo-finisce-accoltellato\\\/#breadcrumb\",\"itemListElement\":[{\"@type\":\"ListItem\",\"position\":1,\"name\":\"tds_text_logo_tagline_colortds_text_logo_tagline_colortds_text_logo_tagline_colortds_text_logo_tagline_colortd_module_7_title_excerpttd_module_7_title_excerpttd_module_7_title_excerpttd_module_7_title_excerptHome\",\"item\":\"https:\\\/\\\/www.ilnotiziario.net\\\/wp\\\/\"},{\"@type\":\"ListItem\",\"position\":2,\"name\":\"Baranzate: scoppia una lite, uomo finisce accoltellato\"}]},{\"@type\":\"WebSite\",\"@id\":\"https:\\\/\\\/www.ilnotiziario.net\\\/wp\\\/#website\",\"url\":\"https:\\\/\\\/www.ilnotiziario.net\\\/wp\\\/\",\"name\":\"Il Notiziario\",\"description\":\"Per restare sempre connessi alla notizia\",\"publisher\":{\"@id\":\"https:\\\/\\\/www.ilnotiziario.net\\\/wp\\\/#organization\"},\"alternateName\":\"Il Notiziario Bollate\",\"potentialAction\":[{\"@type\":\"SearchAction\",\"target\":{\"@type\":\"EntryPoint\",\"urlTemplate\":\"https:\\\/\\\/www.ilnotiziario.net\\\/wp\\\/?s={search_term_string}\"},\"query-input\":{\"@type\":\"PropertyValueSpecification\",\"valueRequired\":true,\"valueName\":\"search_term_string\"}}],\"inLanguage\":\"it-IT\"},{\"@type\":\"Organization\",\"@id\":\"https:\\\/\\\/www.ilnotiziario.net\\\/wp\\\/#organization\",\"name\":\"Il Notiziario\",\"url\":\"https:\\\/\\\/www.ilnotiziario.net\\\/wp\\\/\",\"logo\":{\"@type\":\"ImageObject\",\"inLanguage\":\"it-IT\",\"@id\":\"https:\\\/\\\/www.ilnotiziario.net\\\/wp\\\/#\\\/schema\\\/logo\\\/image\\\/\",\"url\":\"https:\\\/\\\/www.ilnotiziario.net\\\/wp\\\/wp-content\\\/uploads\\\/2022\\\/06\\\/170x170ilN.png\",\"contentUrl\":\"https:\\\/\\\/www.ilnotiziario.net\\\/wp\\\/wp-content\\\/uploads\\\/2022\\\/06\\\/170x170ilN.png\",\"width\":355,\"height\":355,\"caption\":\"Il Notiziario\"},\"image\":{\"@id\":\"https:\\\/\\\/www.ilnotiziario.net\\\/wp\\\/#\\\/schema\\\/logo\\\/image\\\/\"},\"sameAs\":[\"https:\\\/\\\/www.facebook.com\\\/ilnotiziarioind\\\/\",\"https:\\\/\\\/x.com\\\/ilNotiziarioInd\",\"https:\\\/\\\/www.instagram.com\\\/ilnotiziario_settimanale\\\/\"]},{\"@type\":\"Person\",\"@id\":\"https:\\\/\\\/www.ilnotiziario.net\\\/wp\\\/#\\\/schema\\\/person\\\/c5bca2edc3d99d29959f04a6126f687b\",\"name\":\"Silvia Citterio\",\"image\":{\"@type\":\"ImageObject\",\"inLanguage\":\"it-IT\",\"@id\":\"https:\\\/\\\/secure.gravatar.com\\\/avatar\\\/03eb19c63b944e79a9b5ce53ca5d1ca303edcf368a68721ec3ccaae7f98c5afd?s=96&d=mm&r=g\",\"url\":\"https:\\\/\\\/secure.gravatar.com\\\/avatar\\\/03eb19c63b944e79a9b5ce53ca5d1ca303edcf368a68721ec3ccaae7f98c5afd?s=96&d=mm&r=g\",\"contentUrl\":\"https:\\\/\\\/secure.gravatar.com\\\/avatar\\\/03eb19c63b944e79a9b5ce53ca5d1ca303edcf368a68721ec3ccaae7f98c5afd?s=96&d=mm&r=g\",\"caption\":\"Silvia Citterio\"}}]}<\/script>\n<!-- \/ Yoast SEO plugin. -->","yoast_head_json":{"title":"Baranzate: scoppia una lite, uomo finisce accoltellato - Il Notiziario","description":"Baranzate, via Palmanova: scoppia una lite, un uomo finisce accoltellato. Una lite scoppiata per cause al momento sconosciute si \u00e8 trasformata in un","robots":{"index":"index","follow":"follow","max-snippet":"max-snippet:-1","max-image-preview":"max-image-preview:large","max-video-preview":"max-video-preview:-1"},"canonical":"https:\/\/www.ilnotiziario.net\/wp\/bollatese\/baranzate-scoppia-una-lite-uomo-finisce-accoltellato\/","og_locale":"it_IT","og_type":"article","og_title":"Baranzate: scoppia una lite, uomo finisce accoltellato - Il Notiziario","og_description":"Baranzate, via Palmanova: scoppia una lite, un uomo finisce accoltellato. Una lite scoppiata per cause al momento sconosciute si \u00e8 trasformata in un","og_url":"https:\/\/www.ilnotiziario.net\/wp\/bollatese\/baranzate-scoppia-una-lite-uomo-finisce-accoltellato\/","og_site_name":"Il Notiziario","article_publisher":"https:\/\/www.facebook.com\/ilnotiziarioind\/","article_published_time":"2023-04-01T09:15:03+00:00","og_image":[{"width":709,"height":709,"url":"https:\/\/www.ilnotiziario.net\/wp\/wp-content\/uploads\/2023\/03\/Baranzate-lite-uomo-accoltellato.jpg","type":"image\/jpeg"}],"author":"Silvia Citterio","twitter_card":"summary_large_image","twitter_creator":"@ilNotiziarioInd","twitter_site":"@ilNotiziarioInd","twitter_misc":{"Scritto da":"Silvia Citterio","Tempo di lettura stimato":"2 minuti"},"schema":{"@context":"https:\/\/schema.org","@graph":[{"@type":"Article","@id":"https:\/\/www.ilnotiziario.net\/wp\/bollatese\/baranzate-scoppia-una-lite-uomo-finisce-accoltellato\/#article","isPartOf":{"@id":"https:\/\/www.ilnotiziario.net\/wp\/bollatese\/baranzate-scoppia-una-lite-uomo-finisce-accoltellato\/"},"author":{"name":"Silvia Citterio","@id":"https:\/\/www.ilnotiziario.net\/wp\/#\/schema\/person\/c5bca2edc3d99d29959f04a6126f687b"},"headline":"Baranzate: scoppia una lite, uomo finisce accoltellato","datePublished":"2023-04-01T09:15:03+00:00","mainEntityOfPage":{"@id":"https:\/\/www.ilnotiziario.net\/wp\/bollatese\/baranzate-scoppia-una-lite-uomo-finisce-accoltellato\/"},"wordCount":210,"publisher":{"@id":"https:\/\/www.ilnotiziario.net\/wp\/#organization"},"image":{"@id":"https:\/\/www.ilnotiziario.net\/wp\/bollatese\/baranzate-scoppia-una-lite-uomo-finisce-accoltellato\/#primaryimage"},"thumbnailUrl":"https:\/\/www.ilnotiziario.net\/wp\/wp-content\/uploads\/2023\/03\/Baranzate-lite-uomo-accoltellato.jpg","keywords":["accoltellato","Baranzate","lite"],"articleSection":["BOLLATESE","NORD MILANO","Prima Pagina"],"inLanguage":"it-IT"},{"@type":"WebPage","@id":"https:\/\/www.ilnotiziario.net\/wp\/bollatese\/baranzate-scoppia-una-lite-uomo-finisce-accoltellato\/","url":"https:\/\/www.ilnotiziario.net\/wp\/bollatese\/baranzate-scoppia-una-lite-uomo-finisce-accoltellato\/","name":"Baranzate: scoppia una lite, uomo finisce accoltellato - Il Notiziario","isPartOf":{"@id":"https:\/\/www.ilnotiziario.net\/wp\/#website"},"primaryImageOfPage":{"@id":"https:\/\/www.ilnotiziario.net\/wp\/bollatese\/baranzate-scoppia-una-lite-uomo-finisce-accoltellato\/#primaryimage"},"image":{"@id":"https:\/\/www.ilnotiziario.net\/wp\/bollatese\/baranzate-scoppia-una-lite-uomo-finisce-accoltellato\/#primaryimage"},"thumbnailUrl":"https:\/\/www.ilnotiziario.net\/wp\/wp-content\/uploads\/2023\/03\/Baranzate-lite-uomo-accoltellato.jpg","datePublished":"2023-04-01T09:15:03+00:00","description":"Baranzate, via Palmanova: scoppia una lite, un uomo finisce accoltellato. Una lite scoppiata per cause al momento sconosciute si \u00e8 trasformata in un","breadcrumb":{"@id":"https:\/\/www.ilnotiziario.net\/wp\/bollatese\/baranzate-scoppia-una-lite-uomo-finisce-accoltellato\/#breadcrumb"},"inLanguage":"it-IT","potentialAction":[{"@type":"ReadAction","target":["https:\/\/www.ilnotiziario.net\/wp\/bollatese\/baranzate-scoppia-una-lite-uomo-finisce-accoltellato\/"]}]},{"@type":"ImageObject","inLanguage":"it-IT","@id":"https:\/\/www.ilnotiziario.net\/wp\/bollatese\/baranzate-scoppia-una-lite-uomo-finisce-accoltellato\/#primaryimage","url":"https:\/\/www.ilnotiziario.net\/wp\/wp-content\/uploads\/2023\/03\/Baranzate-lite-uomo-accoltellato.jpg","contentUrl":"https:\/\/www.ilnotiziario.net\/wp\/wp-content\/uploads\/2023\/03\/Baranzate-lite-uomo-accoltellato.jpg","width":709,"height":709,"caption":"Baranzate lite uomo accoltellato"},{"@type":"BreadcrumbList","@id":"https:\/\/www.ilnotiziario.net\/wp\/bollatese\/baranzate-scoppia-una-lite-uomo-finisce-accoltellato\/#breadcrumb","itemListElement":[{"@type":"ListItem","position":1,"name":"tds_text_logo_tagline_colortds_text_logo_tagline_colortds_text_logo_tagline_colortds_text_logo_tagline_colortd_module_7_title_excerpttd_module_7_title_excerpttd_module_7_title_excerpttd_module_7_title_excerptHome","item":"https:\/\/www.ilnotiziario.net\/wp\/"},{"@type":"ListItem","position":2,"name":"Baranzate: scoppia una lite, uomo finisce accoltellato"}]},{"@type":"WebSite","@id":"https:\/\/www.ilnotiziario.net\/wp\/#website","url":"https:\/\/www.ilnotiziario.net\/wp\/","name":"Il Notiziario","description":"Per restare sempre connessi alla notizia","publisher":{"@id":"https:\/\/www.ilnotiziario.net\/wp\/#organization"},"alternateName":"Il Notiziario Bollate","potentialAction":[{"@type":"SearchAction","target":{"@type":"EntryPoint","urlTemplate":"https:\/\/www.ilnotiziario.net\/wp\/?s={search_term_string}"},"query-input":{"@type":"PropertyValueSpecification","valueRequired":true,"valueName":"search_term_string"}}],"inLanguage":"it-IT"},{"@type":"Organization","@id":"https:\/\/www.ilnotiziario.net\/wp\/#organization","name":"Il Notiziario","url":"https:\/\/www.ilnotiziario.net\/wp\/","logo":{"@type":"ImageObject","inLanguage":"it-IT","@id":"https:\/\/www.ilnotiziario.net\/wp\/#\/schema\/logo\/image\/","url":"https:\/\/www.ilnotiziario.net\/wp\/wp-content\/uploads\/2022\/06\/170x170ilN.png","contentUrl":"https:\/\/www.ilnotiziario.net\/wp\/wp-content\/uploads\/2022\/06\/170x170ilN.png","width":355,"height":355,"caption":"Il Notiziario"},"image":{"@id":"https:\/\/www.ilnotiziario.net\/wp\/#\/schema\/logo\/image\/"},"sameAs":["https:\/\/www.facebook.com\/ilnotiziarioind\/","https:\/\/x.com\/ilNotiziarioInd","https:\/\/www.instagram.com\/ilnotiziario_settimanale\/"]},{"@type":"Person","@id":"https:\/\/www.ilnotiziario.net\/wp\/#\/schema\/person\/c5bca2edc3d99d29959f04a6126f687b","name":"Silvia Citterio","image":{"@type":"ImageObject","inLanguage":"it-IT","@id":"https:\/\/secure.gravatar.com\/avatar\/03eb19c63b944e79a9b5ce53ca5d1ca303edcf368a68721ec3ccaae7f98c5afd?s=96&d=mm&r=g","url":"https:\/\/secure.gravatar.com\/avatar\/03eb19c63b944e79a9b5ce53ca5d1ca303edcf368a68721ec3ccaae7f98c5afd?s=96&d=mm&r=g","contentUrl":"https:\/\/secure.gravatar.com\/avatar\/03eb19c63b944e79a9b5ce53ca5d1ca303edcf368a68721ec3ccaae7f98c5afd?s=96&d=mm&r=g","caption":"Silvia Citterio"}}]}},"_links":{"self":[{"href":"https:\/\/www.ilnotiziario.net\/wp\/wp-json\/wp\/v2\/posts\/180622","targetHints":{"allow":["GET"]}}],"collection":[{"href":"https:\/\/www.ilnotiziario.net\/wp\/wp-json\/wp\/v2\/posts"}],"about":[{"href":"https:\/\/www.ilnotiziario.net\/wp\/wp-json\/wp\/v2\/types\/post"}],"author":[{"embeddable":true,"href":"https:\/\/www.ilnotiziario.net\/wp\/wp-json\/wp\/v2\/users\/14"}],"replies":[{"embeddable":true,"href":"https:\/\/www.ilnotiziario.net\/wp\/wp-json\/wp\/v2\/comments?post=180622"}],"version-history":[{"count":0,"href":"https:\/\/www.ilnotiziario.net\/wp\/wp-json\/wp\/v2\/posts\/180622\/revisions"}],"wp:featuredmedia":[{"embeddable":true,"href":"https:\/\/www.ilnotiziario.net\/wp\/wp-json\/wp\/v2\/media\/180623"}],"wp:attachment":[{"href":"https:\/\/www.ilnotiziario.net\/wp\/wp-json\/wp\/v2\/media?parent=180622"}],"wp:term":[{"taxonomy":"category","embeddable":true,"href":"https:\/\/www.ilnotiziario.net\/wp\/wp-json\/wp\/v2\/categories?post=180622"},{"taxonomy":"post_tag","embeddable":true,"href":"https:\/\/www.ilnotiziario.net\/wp\/wp-json\/wp\/v2\/tags?post=180622"}],"curies":[{"name":"wp","href":"https:\/\/api.w.org\/{rel}","templated":true}]}}