{"id":180688,"date":"2023-04-02T13:06:38","date_gmt":"2023-04-02T11:06:38","guid":{"rendered":"https:\/\/www.ilnotiziario.net\/wp\/?p=180688"},"modified":"2023-04-02T13:06:38","modified_gmt":"2023-04-02T11:06:38","slug":"cormano-polemica-politica-ospedale-casa-comunita","status":"publish","type":"post","link":"https:\/\/www.ilnotiziario.net\/wp\/bollatese\/cormano-polemica-politica-ospedale-casa-comunita\/","title":{"rendered":"Cormano: polemica politica su Ospedale e Casa di Comunit\u00e0"},"content":{"rendered":"<p>Cormano: polemica politica su Ospedale e Casa di Comunit\u00e0.<br \/>\nPresidio medico-sanitario s\u00ec, ma dove? In citt\u00e0 \u00e8 scoppiata una grossa polemica tra l\u2019amministrazione comunale di centrodestra, che ha scelto di collocarlo nel parco pubblico di via Tobagi, e la minoranza di centrosinistra, che considera questa scelta sbagliata.<\/p><div id=\"ilnot-401037514\" class=\"ilnot-contenuto ilnot-entity-placement\"><p><!-- incontent_1 --><\/p>\n<div class=\"gptslot\" data-adunitid=\"1\"><\/div>\n<\/div>\n<p>Una cosa \u00e8 certa, per\u00f2, Cormano avr\u00e0 sia l\u2019Ospedale che la Casa di Comunit\u00e0: la doppia struttura sar\u00e0 realizzata nell\u2019area verde pubblica appunto di via Tobagi, in fondo al quartiere di Fornas\u00e8, su una superficie di mille e 800 metri quadrati di spazio verde a prato.<br \/>\nFatto sta che i primi interventi dei carotaggi e delle verifiche tecniche del terreno sono stati eseguiti due settimane fa. Intanto, nel mese di aprile, in un evento pubblico i cittadini potranno conoscere le caratteristiche del progetto della Casa e dell\u2019Ospedale, con la presentazione da parte di Asst Nord Milano e di Regione Lombardia.<\/p>\n<h2>Cormano, polemica politica su Ospedale eCasa di Comunit\u00e0: le posizioni<\/h2>\n<p>Ma, ora, a tenere banco \u00e8 proprio la polemica; da una parte la giunta di centrodestra, guidata dal sindaco Luigi Magistro, ritiene che \u201cla scelta di via Tobagi era e rimane, una scelta profondamente ponderata e convinta. \u2013 scrive la giunta in una lunga nota su Giunta Magistro Informa \u2013 Non si poteva e non si doveva perdere l\u2019opportunit\u00e0 unica di avere sul territorio una struttura sanitaria pubblica con un\u2019offerta articolata e indispensabile, soprattutto alla luce della situazione pregressa con le sue enormi carenze\u201d.<\/p><div id=\"ilnot-1174941719\" class=\"ilnot-contenuto_2 ilnot-entity-placement\"><div class=\"ads-wrapper\">\n<div class=\"ad-slot\">\n   <div id=\"ilnot-1000180746\" style=\"margin-right: auto;margin-left: auto;text-align: center;width: 320px;height: 100px;\"><a href=\"https:\/\/www.scuolasicurezza.it\/\"><img decoding=\"async\" src=\"https:\/\/www.ilnotiziario.net\/wp\/wp-content\/uploads\/2026\/04\/IlNotiziario_banner-sito-e-newsletter-320-x-100-px-1.gif\" alt=\"\"><\/a><\/div>\n  <\/div>\n<div class=\"ad-slot\">\n   <div id=\"ilnot-2206443851\" style=\"margin-right: auto;margin-left: auto;text-align: center;width: 320px;height: 100px;\"><a href=\"https:\/\/purodesignarredamenti.com\/\"><img decoding=\"async\" src=\"https:\/\/www.ilnotiziario.net\/wp\/wp-content\/uploads\/2026\/04\/banner-puro-ok.gif\" alt=\"whatsapp\"><\/a><\/div><\/p><\/div>\n<\/div>\n<\/div>\n<p>Dall\u2019altra, invece, il Partito democratico locale rilancia che \u201cla scelta di collocare l\u2019Ospedale di Comunit\u00e0 sia una scelta completamente sbagliata. Lo diciamo dal 2021, quando il Comune di Cormano ha indicato le aree a Regione Lombardia. \u2013 spiega Marco Pilotti, consigliere comunale e segretario Dem di Cormano \u2013 Abbiamo come Pd chiesto pi\u00f9 volte al sindaco che ci fosse un confronto con i cittadini: era importante confrontarsi prima di decidere dove destinare la struttura. Ma non \u00e8 stato cos\u00ec. Continuiamo ancora a dire che quello non \u00e8 il luogo adatto dove costruirlo. Adesso rischiamo di averlo in mezzo a un parco!\u201d.<\/p>\n<p>Sfoglia il notiziario in formato digitale direttamente dal nostro sito <a href=\"https:\/\/edicola.ilnotiziario.net\/citterioeditoresrl\/newsstand\">edicola.ilnotiziario.net<\/a><\/p>\n","protected":false},"excerpt":{"rendered":"<p>Cormano: polemica politica su Ospedale e Casa di Comunit\u00e0. Presidio medico-sanitario s\u00ec, ma dove? In citt\u00e0 \u00e8 scoppiata una grossa polemica tra l\u2019amministrazione comunale di centrodestra, che ha scelto di collocarlo nel parco pubblico di via Tobagi, e la minoranza di centrosinistra, che considera questa scelta sbagliata. Una cosa \u00e8 certa, per\u00f2, Cormano avr\u00e0 sia<\/p>\n","protected":false},"author":14,"featured_media":180689,"comment_status":"closed","ping_status":"closed","sticky":false,"template":"","format":"standard","meta":{"footnotes":""},"categories":[8,11],"tags":[102,13885,868],"class_list":{"0":"post-180688","1":"post","2":"type-post","3":"status-publish","4":"format-standard","5":"has-post-thumbnail","7":"category-bollatese","8":"category-nord-milano","9":"tag-cormano","10":"tag-ospedale-comunita","11":"tag-polemica"},"yoast_head":"<!-- This site is optimized with the Yoast SEO plugin v27.4 - https:\/\/yoast.com\/product\/yoast-seo-wordpress\/ -->\n<title>Cormano: polemica politica su Ospedale e Casa di Comunit\u00e0 - Il Notiziario<\/title>\n<meta name=\"description\" content=\"Cormano: polemica politica su Ospedale e Casa di Comunit\u00e0. Presidio medico-sanitario s\u00ec, ma dove? In citt\u00e0 \u00e8 scoppiata una grossa polemica tra\" \/>\n<meta name=\"robots\" content=\"index, follow, max-snippet:-1, max-image-preview:large, max-video-preview:-1\" \/>\n<link rel=\"canonical\" href=\"https:\/\/www.ilnotiziario.net\/wp\/bollatese\/cormano-polemica-politica-ospedale-casa-comunita\/\" \/>\n<meta property=\"og:locale\" content=\"it_IT\" \/>\n<meta property=\"og:type\" content=\"article\" \/>\n<meta property=\"og:title\" content=\"Cormano: polemica politica su Ospedale e Casa di Comunit\u00e0 - Il Notiziario\" \/>\n<meta property=\"og:description\" content=\"Cormano: polemica politica su Ospedale e Casa di Comunit\u00e0. Presidio medico-sanitario s\u00ec, ma dove? In citt\u00e0 \u00e8 scoppiata una grossa polemica tra\" \/>\n<meta property=\"og:url\" content=\"https:\/\/www.ilnotiziario.net\/wp\/bollatese\/cormano-polemica-politica-ospedale-casa-comunita\/\" \/>\n<meta property=\"og:site_name\" content=\"Il Notiziario\" \/>\n<meta property=\"article:publisher\" content=\"https:\/\/www.facebook.com\/ilnotiziarioind\/\" \/>\n<meta property=\"article:published_time\" content=\"2023-04-02T11:06:38+00:00\" \/>\n<meta property=\"og:image\" content=\"https:\/\/www.ilnotiziario.net\/wp\/wp-content\/uploads\/2023\/04\/Cormano-polemica-Ospedale-Comunita.jpg\" \/>\n\t<meta property=\"og:image:width\" content=\"850\" \/>\n\t<meta property=\"og:image:height\" content=\"566\" \/>\n\t<meta property=\"og:image:type\" content=\"image\/jpeg\" \/>\n<meta name=\"author\" content=\"Silvia Citterio\" \/>\n<meta name=\"twitter:card\" content=\"summary_large_image\" \/>\n<meta name=\"twitter:creator\" content=\"@ilNotiziarioInd\" \/>\n<meta name=\"twitter:site\" content=\"@ilNotiziarioInd\" \/>\n<meta name=\"twitter:label1\" content=\"Scritto da\" \/>\n\t<meta name=\"twitter:data1\" content=\"Silvia Citterio\" \/>\n\t<meta name=\"twitter:label2\" content=\"Tempo di lettura stimato\" \/>\n\t<meta name=\"twitter:data2\" content=\"2 minuti\" \/>\n<script type=\"application\/ld+json\" class=\"yoast-schema-graph\">{\"@context\":\"https:\\\/\\\/schema.org\",\"@graph\":[{\"@type\":\"Article\",\"@id\":\"https:\\\/\\\/www.ilnotiziario.net\\\/wp\\\/bollatese\\\/cormano-polemica-politica-ospedale-casa-comunita\\\/#article\",\"isPartOf\":{\"@id\":\"https:\\\/\\\/www.ilnotiziario.net\\\/wp\\\/bollatese\\\/cormano-polemica-politica-ospedale-casa-comunita\\\/\"},\"author\":{\"name\":\"Silvia Citterio\",\"@id\":\"https:\\\/\\\/www.ilnotiziario.net\\\/wp\\\/#\\\/schema\\\/person\\\/c5bca2edc3d99d29959f04a6126f687b\"},\"headline\":\"Cormano: polemica politica su Ospedale e Casa di Comunit\u00e0\",\"datePublished\":\"2023-04-02T11:06:38+00:00\",\"mainEntityOfPage\":{\"@id\":\"https:\\\/\\\/www.ilnotiziario.net\\\/wp\\\/bollatese\\\/cormano-polemica-politica-ospedale-casa-comunita\\\/\"},\"wordCount\":361,\"publisher\":{\"@id\":\"https:\\\/\\\/www.ilnotiziario.net\\\/wp\\\/#organization\"},\"image\":{\"@id\":\"https:\\\/\\\/www.ilnotiziario.net\\\/wp\\\/bollatese\\\/cormano-polemica-politica-ospedale-casa-comunita\\\/#primaryimage\"},\"thumbnailUrl\":\"https:\\\/\\\/www.ilnotiziario.net\\\/wp\\\/wp-content\\\/uploads\\\/2023\\\/04\\\/Cormano-polemica-Ospedale-Comunita.jpg\",\"keywords\":[\"Cormano\",\"Ospedale Comunit\u00e0\",\"polemica\"],\"articleSection\":[\"BOLLATESE\",\"NORD MILANO\"],\"inLanguage\":\"it-IT\"},{\"@type\":\"WebPage\",\"@id\":\"https:\\\/\\\/www.ilnotiziario.net\\\/wp\\\/bollatese\\\/cormano-polemica-politica-ospedale-casa-comunita\\\/\",\"url\":\"https:\\\/\\\/www.ilnotiziario.net\\\/wp\\\/bollatese\\\/cormano-polemica-politica-ospedale-casa-comunita\\\/\",\"name\":\"Cormano: polemica politica su Ospedale e Casa di Comunit\u00e0 - Il Notiziario\",\"isPartOf\":{\"@id\":\"https:\\\/\\\/www.ilnotiziario.net\\\/wp\\\/#website\"},\"primaryImageOfPage\":{\"@id\":\"https:\\\/\\\/www.ilnotiziario.net\\\/wp\\\/bollatese\\\/cormano-polemica-politica-ospedale-casa-comunita\\\/#primaryimage\"},\"image\":{\"@id\":\"https:\\\/\\\/www.ilnotiziario.net\\\/wp\\\/bollatese\\\/cormano-polemica-politica-ospedale-casa-comunita\\\/#primaryimage\"},\"thumbnailUrl\":\"https:\\\/\\\/www.ilnotiziario.net\\\/wp\\\/wp-content\\\/uploads\\\/2023\\\/04\\\/Cormano-polemica-Ospedale-Comunita.jpg\",\"datePublished\":\"2023-04-02T11:06:38+00:00\",\"description\":\"Cormano: polemica politica su Ospedale e Casa di Comunit\u00e0. Presidio medico-sanitario s\u00ec, ma dove? In citt\u00e0 \u00e8 scoppiata una grossa polemica tra\",\"breadcrumb\":{\"@id\":\"https:\\\/\\\/www.ilnotiziario.net\\\/wp\\\/bollatese\\\/cormano-polemica-politica-ospedale-casa-comunita\\\/#breadcrumb\"},\"inLanguage\":\"it-IT\",\"potentialAction\":[{\"@type\":\"ReadAction\",\"target\":[\"https:\\\/\\\/www.ilnotiziario.net\\\/wp\\\/bollatese\\\/cormano-polemica-politica-ospedale-casa-comunita\\\/\"]}]},{\"@type\":\"ImageObject\",\"inLanguage\":\"it-IT\",\"@id\":\"https:\\\/\\\/www.ilnotiziario.net\\\/wp\\\/bollatese\\\/cormano-polemica-politica-ospedale-casa-comunita\\\/#primaryimage\",\"url\":\"https:\\\/\\\/www.ilnotiziario.net\\\/wp\\\/wp-content\\\/uploads\\\/2023\\\/04\\\/Cormano-polemica-Ospedale-Comunita.jpg\",\"contentUrl\":\"https:\\\/\\\/www.ilnotiziario.net\\\/wp\\\/wp-content\\\/uploads\\\/2023\\\/04\\\/Cormano-polemica-Ospedale-Comunita.jpg\",\"width\":850,\"height\":566,\"caption\":\"Il sindaco Luigi Magistro\"},{\"@type\":\"BreadcrumbList\",\"@id\":\"https:\\\/\\\/www.ilnotiziario.net\\\/wp\\\/bollatese\\\/cormano-polemica-politica-ospedale-casa-comunita\\\/#breadcrumb\",\"itemListElement\":[{\"@type\":\"ListItem\",\"position\":1,\"name\":\"tds_text_logo_tagline_colortds_text_logo_tagline_colortds_text_logo_tagline_colortds_text_logo_tagline_colortd_module_7_title_excerpttd_module_7_title_excerpttd_module_7_title_excerpttd_module_7_title_excerptHome\",\"item\":\"https:\\\/\\\/www.ilnotiziario.net\\\/wp\\\/\"},{\"@type\":\"ListItem\",\"position\":2,\"name\":\"Cormano: polemica politica su Ospedale e Casa di Comunit\u00e0\"}]},{\"@type\":\"WebSite\",\"@id\":\"https:\\\/\\\/www.ilnotiziario.net\\\/wp\\\/#website\",\"url\":\"https:\\\/\\\/www.ilnotiziario.net\\\/wp\\\/\",\"name\":\"Il Notiziario\",\"description\":\"Per restare sempre connessi alla notizia\",\"publisher\":{\"@id\":\"https:\\\/\\\/www.ilnotiziario.net\\\/wp\\\/#organization\"},\"alternateName\":\"Il Notiziario Bollate\",\"potentialAction\":[{\"@type\":\"SearchAction\",\"target\":{\"@type\":\"EntryPoint\",\"urlTemplate\":\"https:\\\/\\\/www.ilnotiziario.net\\\/wp\\\/?s={search_term_string}\"},\"query-input\":{\"@type\":\"PropertyValueSpecification\",\"valueRequired\":true,\"valueName\":\"search_term_string\"}}],\"inLanguage\":\"it-IT\"},{\"@type\":\"Organization\",\"@id\":\"https:\\\/\\\/www.ilnotiziario.net\\\/wp\\\/#organization\",\"name\":\"Il Notiziario\",\"url\":\"https:\\\/\\\/www.ilnotiziario.net\\\/wp\\\/\",\"logo\":{\"@type\":\"ImageObject\",\"inLanguage\":\"it-IT\",\"@id\":\"https:\\\/\\\/www.ilnotiziario.net\\\/wp\\\/#\\\/schema\\\/logo\\\/image\\\/\",\"url\":\"https:\\\/\\\/www.ilnotiziario.net\\\/wp\\\/wp-content\\\/uploads\\\/2022\\\/06\\\/170x170ilN.png\",\"contentUrl\":\"https:\\\/\\\/www.ilnotiziario.net\\\/wp\\\/wp-content\\\/uploads\\\/2022\\\/06\\\/170x170ilN.png\",\"width\":355,\"height\":355,\"caption\":\"Il Notiziario\"},\"image\":{\"@id\":\"https:\\\/\\\/www.ilnotiziario.net\\\/wp\\\/#\\\/schema\\\/logo\\\/image\\\/\"},\"sameAs\":[\"https:\\\/\\\/www.facebook.com\\\/ilnotiziarioind\\\/\",\"https:\\\/\\\/x.com\\\/ilNotiziarioInd\",\"https:\\\/\\\/www.instagram.com\\\/ilnotiziario_settimanale\\\/\"]},{\"@type\":\"Person\",\"@id\":\"https:\\\/\\\/www.ilnotiziario.net\\\/wp\\\/#\\\/schema\\\/person\\\/c5bca2edc3d99d29959f04a6126f687b\",\"name\":\"Silvia Citterio\",\"image\":{\"@type\":\"ImageObject\",\"inLanguage\":\"it-IT\",\"@id\":\"https:\\\/\\\/secure.gravatar.com\\\/avatar\\\/03eb19c63b944e79a9b5ce53ca5d1ca303edcf368a68721ec3ccaae7f98c5afd?s=96&d=mm&r=g\",\"url\":\"https:\\\/\\\/secure.gravatar.com\\\/avatar\\\/03eb19c63b944e79a9b5ce53ca5d1ca303edcf368a68721ec3ccaae7f98c5afd?s=96&d=mm&r=g\",\"contentUrl\":\"https:\\\/\\\/secure.gravatar.com\\\/avatar\\\/03eb19c63b944e79a9b5ce53ca5d1ca303edcf368a68721ec3ccaae7f98c5afd?s=96&d=mm&r=g\",\"caption\":\"Silvia Citterio\"}}]}<\/script>\n<!-- \/ Yoast SEO plugin. -->","yoast_head_json":{"title":"Cormano: polemica politica su Ospedale e Casa di Comunit\u00e0 - Il Notiziario","description":"Cormano: polemica politica su Ospedale e Casa di Comunit\u00e0. Presidio medico-sanitario s\u00ec, ma dove? In citt\u00e0 \u00e8 scoppiata una grossa polemica tra","robots":{"index":"index","follow":"follow","max-snippet":"max-snippet:-1","max-image-preview":"max-image-preview:large","max-video-preview":"max-video-preview:-1"},"canonical":"https:\/\/www.ilnotiziario.net\/wp\/bollatese\/cormano-polemica-politica-ospedale-casa-comunita\/","og_locale":"it_IT","og_type":"article","og_title":"Cormano: polemica politica su Ospedale e Casa di Comunit\u00e0 - Il Notiziario","og_description":"Cormano: polemica politica su Ospedale e Casa di Comunit\u00e0. Presidio medico-sanitario s\u00ec, ma dove? In citt\u00e0 \u00e8 scoppiata una grossa polemica tra","og_url":"https:\/\/www.ilnotiziario.net\/wp\/bollatese\/cormano-polemica-politica-ospedale-casa-comunita\/","og_site_name":"Il Notiziario","article_publisher":"https:\/\/www.facebook.com\/ilnotiziarioind\/","article_published_time":"2023-04-02T11:06:38+00:00","og_image":[{"width":850,"height":566,"url":"https:\/\/www.ilnotiziario.net\/wp\/wp-content\/uploads\/2023\/04\/Cormano-polemica-Ospedale-Comunita.jpg","type":"image\/jpeg"}],"author":"Silvia Citterio","twitter_card":"summary_large_image","twitter_creator":"@ilNotiziarioInd","twitter_site":"@ilNotiziarioInd","twitter_misc":{"Scritto da":"Silvia Citterio","Tempo di lettura stimato":"2 minuti"},"schema":{"@context":"https:\/\/schema.org","@graph":[{"@type":"Article","@id":"https:\/\/www.ilnotiziario.net\/wp\/bollatese\/cormano-polemica-politica-ospedale-casa-comunita\/#article","isPartOf":{"@id":"https:\/\/www.ilnotiziario.net\/wp\/bollatese\/cormano-polemica-politica-ospedale-casa-comunita\/"},"author":{"name":"Silvia Citterio","@id":"https:\/\/www.ilnotiziario.net\/wp\/#\/schema\/person\/c5bca2edc3d99d29959f04a6126f687b"},"headline":"Cormano: polemica politica su Ospedale e Casa di Comunit\u00e0","datePublished":"2023-04-02T11:06:38+00:00","mainEntityOfPage":{"@id":"https:\/\/www.ilnotiziario.net\/wp\/bollatese\/cormano-polemica-politica-ospedale-casa-comunita\/"},"wordCount":361,"publisher":{"@id":"https:\/\/www.ilnotiziario.net\/wp\/#organization"},"image":{"@id":"https:\/\/www.ilnotiziario.net\/wp\/bollatese\/cormano-polemica-politica-ospedale-casa-comunita\/#primaryimage"},"thumbnailUrl":"https:\/\/www.ilnotiziario.net\/wp\/wp-content\/uploads\/2023\/04\/Cormano-polemica-Ospedale-Comunita.jpg","keywords":["Cormano","Ospedale Comunit\u00e0","polemica"],"articleSection":["BOLLATESE","NORD MILANO"],"inLanguage":"it-IT"},{"@type":"WebPage","@id":"https:\/\/www.ilnotiziario.net\/wp\/bollatese\/cormano-polemica-politica-ospedale-casa-comunita\/","url":"https:\/\/www.ilnotiziario.net\/wp\/bollatese\/cormano-polemica-politica-ospedale-casa-comunita\/","name":"Cormano: polemica politica su Ospedale e Casa di Comunit\u00e0 - Il Notiziario","isPartOf":{"@id":"https:\/\/www.ilnotiziario.net\/wp\/#website"},"primaryImageOfPage":{"@id":"https:\/\/www.ilnotiziario.net\/wp\/bollatese\/cormano-polemica-politica-ospedale-casa-comunita\/#primaryimage"},"image":{"@id":"https:\/\/www.ilnotiziario.net\/wp\/bollatese\/cormano-polemica-politica-ospedale-casa-comunita\/#primaryimage"},"thumbnailUrl":"https:\/\/www.ilnotiziario.net\/wp\/wp-content\/uploads\/2023\/04\/Cormano-polemica-Ospedale-Comunita.jpg","datePublished":"2023-04-02T11:06:38+00:00","description":"Cormano: polemica politica su Ospedale e Casa di Comunit\u00e0. Presidio medico-sanitario s\u00ec, ma dove? In citt\u00e0 \u00e8 scoppiata una grossa polemica tra","breadcrumb":{"@id":"https:\/\/www.ilnotiziario.net\/wp\/bollatese\/cormano-polemica-politica-ospedale-casa-comunita\/#breadcrumb"},"inLanguage":"it-IT","potentialAction":[{"@type":"ReadAction","target":["https:\/\/www.ilnotiziario.net\/wp\/bollatese\/cormano-polemica-politica-ospedale-casa-comunita\/"]}]},{"@type":"ImageObject","inLanguage":"it-IT","@id":"https:\/\/www.ilnotiziario.net\/wp\/bollatese\/cormano-polemica-politica-ospedale-casa-comunita\/#primaryimage","url":"https:\/\/www.ilnotiziario.net\/wp\/wp-content\/uploads\/2023\/04\/Cormano-polemica-Ospedale-Comunita.jpg","contentUrl":"https:\/\/www.ilnotiziario.net\/wp\/wp-content\/uploads\/2023\/04\/Cormano-polemica-Ospedale-Comunita.jpg","width":850,"height":566,"caption":"Il sindaco Luigi Magistro"},{"@type":"BreadcrumbList","@id":"https:\/\/www.ilnotiziario.net\/wp\/bollatese\/cormano-polemica-politica-ospedale-casa-comunita\/#breadcrumb","itemListElement":[{"@type":"ListItem","position":1,"name":"tds_text_logo_tagline_colortds_text_logo_tagline_colortds_text_logo_tagline_colortds_text_logo_tagline_colortd_module_7_title_excerpttd_module_7_title_excerpttd_module_7_title_excerpttd_module_7_title_excerptHome","item":"https:\/\/www.ilnotiziario.net\/wp\/"},{"@type":"ListItem","position":2,"name":"Cormano: polemica politica su Ospedale e Casa di Comunit\u00e0"}]},{"@type":"WebSite","@id":"https:\/\/www.ilnotiziario.net\/wp\/#website","url":"https:\/\/www.ilnotiziario.net\/wp\/","name":"Il Notiziario","description":"Per restare sempre connessi alla notizia","publisher":{"@id":"https:\/\/www.ilnotiziario.net\/wp\/#organization"},"alternateName":"Il Notiziario Bollate","potentialAction":[{"@type":"SearchAction","target":{"@type":"EntryPoint","urlTemplate":"https:\/\/www.ilnotiziario.net\/wp\/?s={search_term_string}"},"query-input":{"@type":"PropertyValueSpecification","valueRequired":true,"valueName":"search_term_string"}}],"inLanguage":"it-IT"},{"@type":"Organization","@id":"https:\/\/www.ilnotiziario.net\/wp\/#organization","name":"Il Notiziario","url":"https:\/\/www.ilnotiziario.net\/wp\/","logo":{"@type":"ImageObject","inLanguage":"it-IT","@id":"https:\/\/www.ilnotiziario.net\/wp\/#\/schema\/logo\/image\/","url":"https:\/\/www.ilnotiziario.net\/wp\/wp-content\/uploads\/2022\/06\/170x170ilN.png","contentUrl":"https:\/\/www.ilnotiziario.net\/wp\/wp-content\/uploads\/2022\/06\/170x170ilN.png","width":355,"height":355,"caption":"Il Notiziario"},"image":{"@id":"https:\/\/www.ilnotiziario.net\/wp\/#\/schema\/logo\/image\/"},"sameAs":["https:\/\/www.facebook.com\/ilnotiziarioind\/","https:\/\/x.com\/ilNotiziarioInd","https:\/\/www.instagram.com\/ilnotiziario_settimanale\/"]},{"@type":"Person","@id":"https:\/\/www.ilnotiziario.net\/wp\/#\/schema\/person\/c5bca2edc3d99d29959f04a6126f687b","name":"Silvia Citterio","image":{"@type":"ImageObject","inLanguage":"it-IT","@id":"https:\/\/secure.gravatar.com\/avatar\/03eb19c63b944e79a9b5ce53ca5d1ca303edcf368a68721ec3ccaae7f98c5afd?s=96&d=mm&r=g","url":"https:\/\/secure.gravatar.com\/avatar\/03eb19c63b944e79a9b5ce53ca5d1ca303edcf368a68721ec3ccaae7f98c5afd?s=96&d=mm&r=g","contentUrl":"https:\/\/secure.gravatar.com\/avatar\/03eb19c63b944e79a9b5ce53ca5d1ca303edcf368a68721ec3ccaae7f98c5afd?s=96&d=mm&r=g","caption":"Silvia Citterio"}}]}},"_links":{"self":[{"href":"https:\/\/www.ilnotiziario.net\/wp\/wp-json\/wp\/v2\/posts\/180688","targetHints":{"allow":["GET"]}}],"collection":[{"href":"https:\/\/www.ilnotiziario.net\/wp\/wp-json\/wp\/v2\/posts"}],"about":[{"href":"https:\/\/www.ilnotiziario.net\/wp\/wp-json\/wp\/v2\/types\/post"}],"author":[{"embeddable":true,"href":"https:\/\/www.ilnotiziario.net\/wp\/wp-json\/wp\/v2\/users\/14"}],"replies":[{"embeddable":true,"href":"https:\/\/www.ilnotiziario.net\/wp\/wp-json\/wp\/v2\/comments?post=180688"}],"version-history":[{"count":0,"href":"https:\/\/www.ilnotiziario.net\/wp\/wp-json\/wp\/v2\/posts\/180688\/revisions"}],"wp:featuredmedia":[{"embeddable":true,"href":"https:\/\/www.ilnotiziario.net\/wp\/wp-json\/wp\/v2\/media\/180689"}],"wp:attachment":[{"href":"https:\/\/www.ilnotiziario.net\/wp\/wp-json\/wp\/v2\/media?parent=180688"}],"wp:term":[{"taxonomy":"category","embeddable":true,"href":"https:\/\/www.ilnotiziario.net\/wp\/wp-json\/wp\/v2\/categories?post=180688"},{"taxonomy":"post_tag","embeddable":true,"href":"https:\/\/www.ilnotiziario.net\/wp\/wp-json\/wp\/v2\/tags?post=180688"}],"curies":[{"name":"wp","href":"https:\/\/api.w.org\/{rel}","templated":true}]}}