{"id":180749,"date":"2023-04-03T15:37:58","date_gmt":"2023-04-03T13:37:58","guid":{"rendered":"https:\/\/www.ilnotiziario.net\/wp\/?p=180749"},"modified":"2023-04-03T15:37:58","modified_gmt":"2023-04-03T13:37:58","slug":"giorni-versi-festival-poesia-saronno","status":"publish","type":"post","link":"https:\/\/www.ilnotiziario.net\/wp\/prima-pagina\/giorni-versi-festival-poesia-saronno\/","title":{"rendered":"Giorni di Versi, bilancio entusiasmante per il festival di poesia di Saronno"},"content":{"rendered":"<p>Si \u00e8 chiusa in bellezza la seconda edizione di Giorni di Versi, il festival di poesia che per una decina di giorni ha attraversato e allietato la citt\u00e0 di Saronno. Nel pomeriggio di domenica 2 aprile, nella sala del cinema-teatro Prealpi gremita fino all\u2019ultima poltrona disponibile, il poeta, scrittore, <strong>\u201cpaesologo\u201d Franco Arminio<\/strong> ha intrattenuto, coinvolto ed emozionato tutti i presenti, con le sue parole e le sue poesie ma anche con quelle scritte e recitate da alcune persone del pubblico, e con alcune canzoni cantate assieme da tutta la sala. Insomma, una performance ad alto tasso emotivo.<\/p><div id=\"ilnot-1883922177\" class=\"ilnot-contenuto ilnot-entity-placement\"><p><!-- incontent_1 --><\/p>\n<div class=\"gptslot\" data-adunitid=\"1\"><\/div>\n<\/div>\n<p>Il pomeriggio con Franco Arminio \u00e8 stato la ciliegina sulla torta, la degna conclusione di un festival aperto dall\u2019urbanista e poeta Giancarlo Consonni e seguito dal rapper Murubutu, da Beatrice Zerbini, Nicoletta Bortolotti, Antonella Monti, Silvio Raffo, Pietro Berra.<\/p>\n<h2>Chiusura con Franco Arminio per il Festival di poesia di Saronno&nbsp;<\/h2>\n<p>Nei nove giorni del festival i readings poetici di singoli autori si sono intrecciati con le rassegne sulla poesia ucraina, su Islam e poesia, su calcio e poesia, con una \u201cpasseggiate poetica\u201d al Parco Lura, con la \u201ccompetizione\u201d poetica poetry slam, con i flash mob nei luoghi della citt\u00e0 e altro ancora.<\/p><div id=\"ilnot-869199935\" class=\"ilnot-contenuto_2 ilnot-entity-placement\"><div class=\"ads-wrapper\">\n<div class=\"ad-slot\">\n   <div id=\"ilnot-1173499204\" style=\"margin-right: auto;margin-left: auto;text-align: center;width: 320px;height: 100px;\"><a href=\"https:\/\/www.scuolasicurezza.it\/\"><img decoding=\"async\" src=\"https:\/\/www.ilnotiziario.net\/wp\/wp-content\/uploads\/2026\/04\/IlNotiziario_banner-sito-e-newsletter-320-x-100-px-1.gif\" alt=\"\"><\/a><\/div>\n  <\/div>\n<div class=\"ad-slot\">\n   <div id=\"ilnot-2071129945\" style=\"margin-right: auto;margin-left: auto;text-align: center;width: 320px;height: 100px;\"><a href=\"https:\/\/purodesignarredamenti.com\/\"><img decoding=\"async\" src=\"https:\/\/www.ilnotiziario.net\/wp\/wp-content\/uploads\/2026\/04\/banner-puro-ok.gif\" alt=\"whatsapp\"><\/a><\/div><\/p><\/div>\n<\/div>\n<\/div>\n<p><em>&#8220;Il valore aggiunto di questa seconda edizione<\/em> -spiegano Chiara Angaroni, Graziella Buzzi, Giovanna Galli, Chiara Pozzi, Marina Virgili, componenti del Comitato scientifico del festival-&nbsp; <em>\u00e8 stato senza dubbio il coinvolgimento di tante associazioni saronnesi che hanno organizzato e gestito diverse iniziative e che ringraziamo: Unitre, il Centro Culturale Islamico, UFO, Il Tassello, l\u2019Ambasciata della Repubblica di Uzupis, l\u2019Isola che non c\u2019\u00e8, CulturalMente&amp;Musicalmente, As.V.A.P., il clan\/Destino, Auser Saronno, Helianto, le societ\u00e0 sportive Amor, Robur ed FBC Saronno, nonch\u00e9 il Liceo Legnani, la Biblioteca Civica.<\/em><br \/>\n<em>Cos\u00ec come ringraziamo l\u2019Amministrazione Comunale di Saronno, che ha fortemente voluto questo festival, a partire dal Sindaco Augusto Airoldi, l\u2019Assessore Laura Succi e i suoi colleghi Franco Casali e Gabriele Musar\u00f2, e tutto l\u2019Ufficio Cultura del Comune di Saronno.<\/em><\/p>\n<p><em>Ringraziamo infine i tanti esercizi commerciali saronnesi che hanno ornato le loro vetrine con versi poetici, e ospitato i flash mob, e il M.E.P., Movimento per l\u2019emancipazione della poesia, che ha diffuso per la citt\u00e0 tantissimi foglietti bianchi o colorati, stampati ognuno con una poesia.<\/em><br \/>\n<em>Questo festival, cos\u00ec come l\u2019edizione del 2022, aveva un obiettivo, dimostrare che la poesia non \u00e8 cosa per pochi ma, al contrario, \u00e8 una modalit\u00e0 espressiva forte, aperta a tutti, capace di dare voce alle emozioni e creare bellezza. L\u2019ampia partecipazione agli eventi, superiore anche a quella della prima edizione, dimostra che l\u2019obiettivo \u00e8 stato raggiunto.<\/em> <em>Arrivederci al 2024!<\/em> &#8220;<\/p>\n","protected":false},"excerpt":{"rendered":"<p>Si \u00e8 chiusa in bellezza la seconda edizione di Giorni di Versi, il festival di poesia che per una decina di giorni ha attraversato e allietato la citt\u00e0 di Saronno. Nel pomeriggio di domenica 2 aprile, nella sala del cinema-teatro Prealpi gremita fino all\u2019ultima poltrona disponibile, il poeta, scrittore, \u201cpaesologo\u201d Franco Arminio ha intrattenuto, coinvolto<\/p>\n","protected":false},"author":3,"featured_media":180751,"comment_status":"closed","ping_status":"closed","sticky":false,"template":"","format":"standard","meta":{"footnotes":""},"categories":[20,13,14],"tags":[122,13910,8467,56,13909],"class_list":{"0":"post-180749","1":"post","2":"type-post","3":"status-publish","4":"format-standard","5":"has-post-thumbnail","7":"category-prima-pagina","8":"category-saronnese","9":"category-saronno","10":"tag-festival","11":"tag-giorni","12":"tag-poesia","13":"tag-saronno-2","14":"tag-versi"},"yoast_head":"<!-- This site is optimized with the Yoast SEO plugin v27.5 - https:\/\/yoast.com\/product\/yoast-seo-wordpress\/ -->\n<title>Giorni di Versi, bilancio entusiasmante per il festival di poesia di Saronno - Il Notiziario<\/title>\n<meta name=\"description\" content=\"Si \u00e8 chiusa in bellezza la seconda edizione di Giorni di Versi, il festival di poesia che i ha allietato la citt\u00e0 di Saronno.\" \/>\n<meta name=\"robots\" content=\"index, follow, max-snippet:-1, max-image-preview:large, max-video-preview:-1\" \/>\n<link rel=\"canonical\" href=\"https:\/\/www.ilnotiziario.net\/wp\/prima-pagina\/giorni-versi-festival-poesia-saronno\/\" \/>\n<meta property=\"og:locale\" content=\"it_IT\" \/>\n<meta property=\"og:type\" content=\"article\" \/>\n<meta property=\"og:title\" content=\"Giorni di Versi, bilancio entusiasmante per il festival di poesia di Saronno - Il Notiziario\" \/>\n<meta property=\"og:description\" content=\"Si \u00e8 chiusa in bellezza la seconda edizione di Giorni di Versi, il festival di poesia che i ha allietato la citt\u00e0 di Saronno.\" \/>\n<meta property=\"og:url\" content=\"https:\/\/www.ilnotiziario.net\/wp\/prima-pagina\/giorni-versi-festival-poesia-saronno\/\" \/>\n<meta property=\"og:site_name\" content=\"Il Notiziario\" \/>\n<meta property=\"article:publisher\" content=\"https:\/\/www.facebook.com\/ilnotiziarioind\/\" \/>\n<meta property=\"article:published_time\" content=\"2023-04-03T13:37:58+00:00\" \/>\n<meta property=\"og:image\" content=\"https:\/\/www.ilnotiziario.net\/wp\/wp-content\/uploads\/2023\/04\/Saronno-Giorni-DIversi.jpg\" \/>\n\t<meta property=\"og:image:width\" content=\"709\" \/>\n\t<meta property=\"og:image:height\" content=\"532\" \/>\n\t<meta property=\"og:image:type\" content=\"image\/jpeg\" \/>\n<meta name=\"author\" content=\"Gabriele Bassani\" \/>\n<meta name=\"twitter:card\" content=\"summary_large_image\" \/>\n<meta name=\"twitter:creator\" content=\"@ilNotiziarioInd\" \/>\n<meta name=\"twitter:site\" content=\"@ilNotiziarioInd\" \/>\n<meta name=\"twitter:label1\" content=\"Scritto da\" \/>\n\t<meta name=\"twitter:data1\" content=\"Gabriele Bassani\" \/>\n\t<meta name=\"twitter:label2\" content=\"Tempo di lettura stimato\" \/>\n\t<meta name=\"twitter:data2\" content=\"3 minuti\" \/>\n<script type=\"application\/ld+json\" class=\"yoast-schema-graph\">{\"@context\":\"https:\\\/\\\/schema.org\",\"@graph\":[{\"@type\":\"Article\",\"@id\":\"https:\\\/\\\/www.ilnotiziario.net\\\/wp\\\/prima-pagina\\\/giorni-versi-festival-poesia-saronno\\\/#article\",\"isPartOf\":{\"@id\":\"https:\\\/\\\/www.ilnotiziario.net\\\/wp\\\/prima-pagina\\\/giorni-versi-festival-poesia-saronno\\\/\"},\"author\":{\"name\":\"Gabriele Bassani\",\"@id\":\"https:\\\/\\\/www.ilnotiziario.net\\\/wp\\\/#\\\/schema\\\/person\\\/386e222908f898bb41c033989482bbf2\"},\"headline\":\"Giorni di Versi, bilancio entusiasmante per il festival di poesia di Saronno\",\"datePublished\":\"2023-04-03T13:37:58+00:00\",\"mainEntityOfPage\":{\"@id\":\"https:\\\/\\\/www.ilnotiziario.net\\\/wp\\\/prima-pagina\\\/giorni-versi-festival-poesia-saronno\\\/\"},\"wordCount\":449,\"publisher\":{\"@id\":\"https:\\\/\\\/www.ilnotiziario.net\\\/wp\\\/#organization\"},\"image\":{\"@id\":\"https:\\\/\\\/www.ilnotiziario.net\\\/wp\\\/prima-pagina\\\/giorni-versi-festival-poesia-saronno\\\/#primaryimage\"},\"thumbnailUrl\":\"https:\\\/\\\/www.ilnotiziario.net\\\/wp\\\/wp-content\\\/uploads\\\/2023\\\/04\\\/Saronno-Giorni-DIversi.jpg\",\"keywords\":[\"Festival\",\"giorni\",\"poesia\",\"Saronno\",\"versi\"],\"articleSection\":[\"Prima Pagina\",\"SARONNESE\",\"SARONNO\"],\"inLanguage\":\"it-IT\"},{\"@type\":\"WebPage\",\"@id\":\"https:\\\/\\\/www.ilnotiziario.net\\\/wp\\\/prima-pagina\\\/giorni-versi-festival-poesia-saronno\\\/\",\"url\":\"https:\\\/\\\/www.ilnotiziario.net\\\/wp\\\/prima-pagina\\\/giorni-versi-festival-poesia-saronno\\\/\",\"name\":\"Giorni di Versi, bilancio entusiasmante per il festival di poesia di Saronno - Il Notiziario\",\"isPartOf\":{\"@id\":\"https:\\\/\\\/www.ilnotiziario.net\\\/wp\\\/#website\"},\"primaryImageOfPage\":{\"@id\":\"https:\\\/\\\/www.ilnotiziario.net\\\/wp\\\/prima-pagina\\\/giorni-versi-festival-poesia-saronno\\\/#primaryimage\"},\"image\":{\"@id\":\"https:\\\/\\\/www.ilnotiziario.net\\\/wp\\\/prima-pagina\\\/giorni-versi-festival-poesia-saronno\\\/#primaryimage\"},\"thumbnailUrl\":\"https:\\\/\\\/www.ilnotiziario.net\\\/wp\\\/wp-content\\\/uploads\\\/2023\\\/04\\\/Saronno-Giorni-DIversi.jpg\",\"datePublished\":\"2023-04-03T13:37:58+00:00\",\"description\":\"Si \u00e8 chiusa in bellezza la seconda edizione di Giorni di Versi, il festival di poesia che i ha allietato la citt\u00e0 di Saronno.\",\"breadcrumb\":{\"@id\":\"https:\\\/\\\/www.ilnotiziario.net\\\/wp\\\/prima-pagina\\\/giorni-versi-festival-poesia-saronno\\\/#breadcrumb\"},\"inLanguage\":\"it-IT\",\"potentialAction\":[{\"@type\":\"ReadAction\",\"target\":[\"https:\\\/\\\/www.ilnotiziario.net\\\/wp\\\/prima-pagina\\\/giorni-versi-festival-poesia-saronno\\\/\"]}]},{\"@type\":\"ImageObject\",\"inLanguage\":\"it-IT\",\"@id\":\"https:\\\/\\\/www.ilnotiziario.net\\\/wp\\\/prima-pagina\\\/giorni-versi-festival-poesia-saronno\\\/#primaryimage\",\"url\":\"https:\\\/\\\/www.ilnotiziario.net\\\/wp\\\/wp-content\\\/uploads\\\/2023\\\/04\\\/Saronno-Giorni-DIversi.jpg\",\"contentUrl\":\"https:\\\/\\\/www.ilnotiziario.net\\\/wp\\\/wp-content\\\/uploads\\\/2023\\\/04\\\/Saronno-Giorni-DIversi.jpg\",\"width\":709,\"height\":532,\"caption\":\"Saronno giorni versi poesia\"},{\"@type\":\"BreadcrumbList\",\"@id\":\"https:\\\/\\\/www.ilnotiziario.net\\\/wp\\\/prima-pagina\\\/giorni-versi-festival-poesia-saronno\\\/#breadcrumb\",\"itemListElement\":[{\"@type\":\"ListItem\",\"position\":1,\"name\":\"tds_text_logo_tagline_colortds_text_logo_tagline_colortds_text_logo_tagline_colortds_text_logo_tagline_colortd_module_7_title_excerpttd_module_7_title_excerpttd_module_7_title_excerpttd_module_7_title_excerptHome\",\"item\":\"https:\\\/\\\/www.ilnotiziario.net\\\/wp\\\/\"},{\"@type\":\"ListItem\",\"position\":2,\"name\":\"Giorni di Versi, bilancio entusiasmante per il festival di poesia di Saronno\"}]},{\"@type\":\"WebSite\",\"@id\":\"https:\\\/\\\/www.ilnotiziario.net\\\/wp\\\/#website\",\"url\":\"https:\\\/\\\/www.ilnotiziario.net\\\/wp\\\/\",\"name\":\"Il Notiziario\",\"description\":\"Per restare sempre connessi alla notizia\",\"publisher\":{\"@id\":\"https:\\\/\\\/www.ilnotiziario.net\\\/wp\\\/#organization\"},\"alternateName\":\"Il Notiziario Bollate\",\"potentialAction\":[{\"@type\":\"SearchAction\",\"target\":{\"@type\":\"EntryPoint\",\"urlTemplate\":\"https:\\\/\\\/www.ilnotiziario.net\\\/wp\\\/?s={search_term_string}\"},\"query-input\":{\"@type\":\"PropertyValueSpecification\",\"valueRequired\":true,\"valueName\":\"search_term_string\"}}],\"inLanguage\":\"it-IT\"},{\"@type\":\"Organization\",\"@id\":\"https:\\\/\\\/www.ilnotiziario.net\\\/wp\\\/#organization\",\"name\":\"Il Notiziario\",\"url\":\"https:\\\/\\\/www.ilnotiziario.net\\\/wp\\\/\",\"logo\":{\"@type\":\"ImageObject\",\"inLanguage\":\"it-IT\",\"@id\":\"https:\\\/\\\/www.ilnotiziario.net\\\/wp\\\/#\\\/schema\\\/logo\\\/image\\\/\",\"url\":\"https:\\\/\\\/www.ilnotiziario.net\\\/wp\\\/wp-content\\\/uploads\\\/2022\\\/06\\\/170x170ilN.png\",\"contentUrl\":\"https:\\\/\\\/www.ilnotiziario.net\\\/wp\\\/wp-content\\\/uploads\\\/2022\\\/06\\\/170x170ilN.png\",\"width\":355,\"height\":355,\"caption\":\"Il Notiziario\"},\"image\":{\"@id\":\"https:\\\/\\\/www.ilnotiziario.net\\\/wp\\\/#\\\/schema\\\/logo\\\/image\\\/\"},\"sameAs\":[\"https:\\\/\\\/www.facebook.com\\\/ilnotiziarioind\\\/\",\"https:\\\/\\\/x.com\\\/ilNotiziarioInd\",\"https:\\\/\\\/www.instagram.com\\\/ilnotiziario_settimanale\\\/\"]},{\"@type\":\"Person\",\"@id\":\"https:\\\/\\\/www.ilnotiziario.net\\\/wp\\\/#\\\/schema\\\/person\\\/386e222908f898bb41c033989482bbf2\",\"name\":\"Gabriele Bassani\",\"image\":{\"@type\":\"ImageObject\",\"inLanguage\":\"it-IT\",\"@id\":\"https:\\\/\\\/secure.gravatar.com\\\/avatar\\\/09274f4a84fa97698bde56f84b3afed61c8492d48b0550db9671b68c177479cb?s=96&d=mm&r=g\",\"url\":\"https:\\\/\\\/secure.gravatar.com\\\/avatar\\\/09274f4a84fa97698bde56f84b3afed61c8492d48b0550db9671b68c177479cb?s=96&d=mm&r=g\",\"contentUrl\":\"https:\\\/\\\/secure.gravatar.com\\\/avatar\\\/09274f4a84fa97698bde56f84b3afed61c8492d48b0550db9671b68c177479cb?s=96&d=mm&r=g\",\"caption\":\"Gabriele Bassani\"},\"sameAs\":[\"http:\\\/\\\/www.ilnotiziario.net\"]}]}<\/script>\n<!-- \/ Yoast SEO plugin. -->","yoast_head_json":{"title":"Giorni di Versi, bilancio entusiasmante per il festival di poesia di Saronno - Il Notiziario","description":"Si \u00e8 chiusa in bellezza la seconda edizione di Giorni di Versi, il festival di poesia che i ha allietato la citt\u00e0 di Saronno.","robots":{"index":"index","follow":"follow","max-snippet":"max-snippet:-1","max-image-preview":"max-image-preview:large","max-video-preview":"max-video-preview:-1"},"canonical":"https:\/\/www.ilnotiziario.net\/wp\/prima-pagina\/giorni-versi-festival-poesia-saronno\/","og_locale":"it_IT","og_type":"article","og_title":"Giorni di Versi, bilancio entusiasmante per il festival di poesia di Saronno - Il Notiziario","og_description":"Si \u00e8 chiusa in bellezza la seconda edizione di Giorni di Versi, il festival di poesia che i ha allietato la citt\u00e0 di Saronno.","og_url":"https:\/\/www.ilnotiziario.net\/wp\/prima-pagina\/giorni-versi-festival-poesia-saronno\/","og_site_name":"Il Notiziario","article_publisher":"https:\/\/www.facebook.com\/ilnotiziarioind\/","article_published_time":"2023-04-03T13:37:58+00:00","og_image":[{"width":709,"height":532,"url":"https:\/\/www.ilnotiziario.net\/wp\/wp-content\/uploads\/2023\/04\/Saronno-Giorni-DIversi.jpg","type":"image\/jpeg"}],"author":"Gabriele Bassani","twitter_card":"summary_large_image","twitter_creator":"@ilNotiziarioInd","twitter_site":"@ilNotiziarioInd","twitter_misc":{"Scritto da":"Gabriele Bassani","Tempo di lettura stimato":"3 minuti"},"schema":{"@context":"https:\/\/schema.org","@graph":[{"@type":"Article","@id":"https:\/\/www.ilnotiziario.net\/wp\/prima-pagina\/giorni-versi-festival-poesia-saronno\/#article","isPartOf":{"@id":"https:\/\/www.ilnotiziario.net\/wp\/prima-pagina\/giorni-versi-festival-poesia-saronno\/"},"author":{"name":"Gabriele Bassani","@id":"https:\/\/www.ilnotiziario.net\/wp\/#\/schema\/person\/386e222908f898bb41c033989482bbf2"},"headline":"Giorni di Versi, bilancio entusiasmante per il festival di poesia di Saronno","datePublished":"2023-04-03T13:37:58+00:00","mainEntityOfPage":{"@id":"https:\/\/www.ilnotiziario.net\/wp\/prima-pagina\/giorni-versi-festival-poesia-saronno\/"},"wordCount":449,"publisher":{"@id":"https:\/\/www.ilnotiziario.net\/wp\/#organization"},"image":{"@id":"https:\/\/www.ilnotiziario.net\/wp\/prima-pagina\/giorni-versi-festival-poesia-saronno\/#primaryimage"},"thumbnailUrl":"https:\/\/www.ilnotiziario.net\/wp\/wp-content\/uploads\/2023\/04\/Saronno-Giorni-DIversi.jpg","keywords":["Festival","giorni","poesia","Saronno","versi"],"articleSection":["Prima Pagina","SARONNESE","SARONNO"],"inLanguage":"it-IT"},{"@type":"WebPage","@id":"https:\/\/www.ilnotiziario.net\/wp\/prima-pagina\/giorni-versi-festival-poesia-saronno\/","url":"https:\/\/www.ilnotiziario.net\/wp\/prima-pagina\/giorni-versi-festival-poesia-saronno\/","name":"Giorni di Versi, bilancio entusiasmante per il festival di poesia di Saronno - Il Notiziario","isPartOf":{"@id":"https:\/\/www.ilnotiziario.net\/wp\/#website"},"primaryImageOfPage":{"@id":"https:\/\/www.ilnotiziario.net\/wp\/prima-pagina\/giorni-versi-festival-poesia-saronno\/#primaryimage"},"image":{"@id":"https:\/\/www.ilnotiziario.net\/wp\/prima-pagina\/giorni-versi-festival-poesia-saronno\/#primaryimage"},"thumbnailUrl":"https:\/\/www.ilnotiziario.net\/wp\/wp-content\/uploads\/2023\/04\/Saronno-Giorni-DIversi.jpg","datePublished":"2023-04-03T13:37:58+00:00","description":"Si \u00e8 chiusa in bellezza la seconda edizione di Giorni di Versi, il festival di poesia che i ha allietato la citt\u00e0 di Saronno.","breadcrumb":{"@id":"https:\/\/www.ilnotiziario.net\/wp\/prima-pagina\/giorni-versi-festival-poesia-saronno\/#breadcrumb"},"inLanguage":"it-IT","potentialAction":[{"@type":"ReadAction","target":["https:\/\/www.ilnotiziario.net\/wp\/prima-pagina\/giorni-versi-festival-poesia-saronno\/"]}]},{"@type":"ImageObject","inLanguage":"it-IT","@id":"https:\/\/www.ilnotiziario.net\/wp\/prima-pagina\/giorni-versi-festival-poesia-saronno\/#primaryimage","url":"https:\/\/www.ilnotiziario.net\/wp\/wp-content\/uploads\/2023\/04\/Saronno-Giorni-DIversi.jpg","contentUrl":"https:\/\/www.ilnotiziario.net\/wp\/wp-content\/uploads\/2023\/04\/Saronno-Giorni-DIversi.jpg","width":709,"height":532,"caption":"Saronno giorni versi poesia"},{"@type":"BreadcrumbList","@id":"https:\/\/www.ilnotiziario.net\/wp\/prima-pagina\/giorni-versi-festival-poesia-saronno\/#breadcrumb","itemListElement":[{"@type":"ListItem","position":1,"name":"tds_text_logo_tagline_colortds_text_logo_tagline_colortds_text_logo_tagline_colortds_text_logo_tagline_colortd_module_7_title_excerpttd_module_7_title_excerpttd_module_7_title_excerpttd_module_7_title_excerptHome","item":"https:\/\/www.ilnotiziario.net\/wp\/"},{"@type":"ListItem","position":2,"name":"Giorni di Versi, bilancio entusiasmante per il festival di poesia di Saronno"}]},{"@type":"WebSite","@id":"https:\/\/www.ilnotiziario.net\/wp\/#website","url":"https:\/\/www.ilnotiziario.net\/wp\/","name":"Il Notiziario","description":"Per restare sempre connessi alla notizia","publisher":{"@id":"https:\/\/www.ilnotiziario.net\/wp\/#organization"},"alternateName":"Il Notiziario Bollate","potentialAction":[{"@type":"SearchAction","target":{"@type":"EntryPoint","urlTemplate":"https:\/\/www.ilnotiziario.net\/wp\/?s={search_term_string}"},"query-input":{"@type":"PropertyValueSpecification","valueRequired":true,"valueName":"search_term_string"}}],"inLanguage":"it-IT"},{"@type":"Organization","@id":"https:\/\/www.ilnotiziario.net\/wp\/#organization","name":"Il Notiziario","url":"https:\/\/www.ilnotiziario.net\/wp\/","logo":{"@type":"ImageObject","inLanguage":"it-IT","@id":"https:\/\/www.ilnotiziario.net\/wp\/#\/schema\/logo\/image\/","url":"https:\/\/www.ilnotiziario.net\/wp\/wp-content\/uploads\/2022\/06\/170x170ilN.png","contentUrl":"https:\/\/www.ilnotiziario.net\/wp\/wp-content\/uploads\/2022\/06\/170x170ilN.png","width":355,"height":355,"caption":"Il Notiziario"},"image":{"@id":"https:\/\/www.ilnotiziario.net\/wp\/#\/schema\/logo\/image\/"},"sameAs":["https:\/\/www.facebook.com\/ilnotiziarioind\/","https:\/\/x.com\/ilNotiziarioInd","https:\/\/www.instagram.com\/ilnotiziario_settimanale\/"]},{"@type":"Person","@id":"https:\/\/www.ilnotiziario.net\/wp\/#\/schema\/person\/386e222908f898bb41c033989482bbf2","name":"Gabriele Bassani","image":{"@type":"ImageObject","inLanguage":"it-IT","@id":"https:\/\/secure.gravatar.com\/avatar\/09274f4a84fa97698bde56f84b3afed61c8492d48b0550db9671b68c177479cb?s=96&d=mm&r=g","url":"https:\/\/secure.gravatar.com\/avatar\/09274f4a84fa97698bde56f84b3afed61c8492d48b0550db9671b68c177479cb?s=96&d=mm&r=g","contentUrl":"https:\/\/secure.gravatar.com\/avatar\/09274f4a84fa97698bde56f84b3afed61c8492d48b0550db9671b68c177479cb?s=96&d=mm&r=g","caption":"Gabriele Bassani"},"sameAs":["http:\/\/www.ilnotiziario.net"]}]}},"_links":{"self":[{"href":"https:\/\/www.ilnotiziario.net\/wp\/wp-json\/wp\/v2\/posts\/180749","targetHints":{"allow":["GET"]}}],"collection":[{"href":"https:\/\/www.ilnotiziario.net\/wp\/wp-json\/wp\/v2\/posts"}],"about":[{"href":"https:\/\/www.ilnotiziario.net\/wp\/wp-json\/wp\/v2\/types\/post"}],"author":[{"embeddable":true,"href":"https:\/\/www.ilnotiziario.net\/wp\/wp-json\/wp\/v2\/users\/3"}],"replies":[{"embeddable":true,"href":"https:\/\/www.ilnotiziario.net\/wp\/wp-json\/wp\/v2\/comments?post=180749"}],"version-history":[{"count":0,"href":"https:\/\/www.ilnotiziario.net\/wp\/wp-json\/wp\/v2\/posts\/180749\/revisions"}],"wp:featuredmedia":[{"embeddable":true,"href":"https:\/\/www.ilnotiziario.net\/wp\/wp-json\/wp\/v2\/media\/180751"}],"wp:attachment":[{"href":"https:\/\/www.ilnotiziario.net\/wp\/wp-json\/wp\/v2\/media?parent=180749"}],"wp:term":[{"taxonomy":"category","embeddable":true,"href":"https:\/\/www.ilnotiziario.net\/wp\/wp-json\/wp\/v2\/categories?post=180749"},{"taxonomy":"post_tag","embeddable":true,"href":"https:\/\/www.ilnotiziario.net\/wp\/wp-json\/wp\/v2\/tags?post=180749"}],"curies":[{"name":"wp","href":"https:\/\/api.w.org\/{rel}","templated":true}]}}