{"id":180938,"date":"2023-04-06T08:27:39","date_gmt":"2023-04-06T06:27:39","guid":{"rendered":"https:\/\/www.ilnotiziario.net\/wp\/?p=180938"},"modified":"2023-04-06T08:30:25","modified_gmt":"2023-04-06T06:30:25","slug":"ragazza-violentata-sul-treno-a-milano-in-pieno-mattino","status":"publish","type":"post","link":"https:\/\/www.ilnotiziario.net\/wp\/lombardia\/ragazza-violentata-sul-treno-a-milano-in-pieno-mattino\/","title":{"rendered":"Ragazza violentata sul treno a Milano in pieno mattino"},"content":{"rendered":"<p>Una ragazza di 21 anni \u00e8 stata violentata su un treno a Milano alle 10,30 del mattino.<\/p><div id=\"ilnot-3740611122\" class=\"ilnot-contenuto ilnot-entity-placement\"><p><!-- incontent_1 --><\/p>\n<div class=\"gptslot\" data-adunitid=\"1\"><\/div>\n<\/div>\n<p>Lo sconcertante episodio si \u00e8 verificato ieri, mercoled\u00ec 5 aprile sul treno che collega Varese a Bergamo. La ragazza di 21 anni che \u00e8 stata violentata ha raccontato di avere perso conoscenza per lo shock dopo l\u2019aggressione avvenuta all\u2019interno del vagone del treno.<br \/>\nLa vittima, subito dopo la violenza, \u00e8 stata portata in ospedale a Treviglio dove ha ricevuto tutte le cure del caso. Il responsabile sarebbe un uomo di quarant&#8217;anni che \u00e8 ricercato dalla polizia.<\/p>\n<p>Secondo quanto ricostruito dalla ragazza, il fatto \u00e8 avvenuto sul treno regionale 24531 che collega Varese a Milano. L&#8217;uomo l&#8217;avrebbe avvicinata nel sottopasso della stazione di Porta Garibaldi.<\/p><div id=\"ilnot-3163090817\" class=\"ilnot-contenuto_2 ilnot-entity-placement\"><div class=\"ads-wrapper\">\n<div class=\"ad-slot\">\n   <div id=\"ilnot-332638679\" style=\"margin-right: auto;margin-left: auto;text-align: center;width: 320px;height: 100px;\"><a href=\"https:\/\/www.scuolasicurezza.it\/\"><img decoding=\"async\" src=\"https:\/\/www.ilnotiziario.net\/wp\/wp-content\/uploads\/2026\/04\/IlNotiziario_banner-sito-e-newsletter-320-x-100-px-1.gif\" alt=\"\"><\/a><\/div>\n  <\/div>\n<div class=\"ad-slot\">\n   <div id=\"ilnot-875323469\" style=\"margin-right: auto;margin-left: auto;text-align: center;width: 320px;height: 100px;\"><a href=\"https:\/\/purodesignarredamenti.com\/\"><img decoding=\"async\" src=\"https:\/\/www.ilnotiziario.net\/wp\/wp-content\/uploads\/2026\/04\/banner-puro-ok.gif\" alt=\"whatsapp\"><\/a><\/div><\/p><\/div>\n<\/div>\n<\/div>\n<h2>Violentata sul treno a Milano tra Porta Vittoria e Forlanini<\/h2>\n<p>La ragazza aveva chiesto alcune informazioni per raggiungere Bergamo, dove avrebbe dovuto incontrare il fidanzato per recuperare una borsa che aveva dimenticato nel suo appartamento.<\/p>\n<p>Alle 10.26, la ragazza \u00e8 salita sul treno e si \u00e8 accorta che anche l&#8217;uomo \u00e8 salito.<\/p>\n<p>&#8220;Mi ha afferrata e tirata verso di s\u00e9, facendomi stendere con forza sui sedili&#8221;, spiega la giovane che \u00e8 stata poi immobilizzata e stretta &#8220;tra il finestrino e un sedile&#8221;. Una violenza tale da farle perdere conoscenza.<\/p><div id=\"ilnot-1447186140\" class=\"ilnot-contenuto_2-2 ilnot-entity-placement\"><div class=\"gptslot\" data-adunitid=\"2\"><\/div>\n<\/div>\n<p>&#8220;Quando ho ripreso conoscenza, ho urlato pi\u00f9 forte che potevo e gli ho sferrato un colpo sotto il mento. Sono scappata finch\u00e9 ho trovato il controllore e con lui siamo corsi fino in cima al treno dove c&#8217;era la polizia. Mi ha salvato l&#8217;istinto di sopravvivenza&#8221;. Il 40enne \u00e8 riuscito a scappare tra le fermate di Porta Vittoria e Forlanini a Milano, dove \u00e8 tuttora ricercato.<\/p>\n","protected":false},"excerpt":{"rendered":"<p>Una ragazza di 21 anni \u00e8 stata violentata su un treno a Milano alle 10,30 del mattino. Lo sconcertante episodio si \u00e8 verificato ieri, mercoled\u00ec 5 aprile sul treno che collega Varese a Bergamo. La ragazza di 21 anni che \u00e8 stata violentata ha raccontato di avere perso conoscenza per lo shock dopo l\u2019aggressione avvenuta<\/p>\n","protected":false},"author":3,"featured_media":49755,"comment_status":"closed","ping_status":"closed","sticky":false,"template":"","format":"standard","meta":{"footnotes":""},"categories":[3464,20],"tags":[13962,38,456,35,5494],"class_list":{"0":"post-180938","1":"post","2":"type-post","3":"status-publish","4":"format-standard","5":"has-post-thumbnail","7":"category-lombardia","8":"category-prima-pagina","9":"tag-mattino","10":"tag-milano","11":"tag-ragazza","12":"tag-treno","13":"tag-violentata"},"yoast_head":"<!-- This site is optimized with the Yoast SEO plugin v27.4 - https:\/\/yoast.com\/product\/yoast-seo-wordpress\/ -->\n<title>Ragazza violentata sul treno a Milano in pieno mattino - Il Notiziario<\/title>\n<meta name=\"description\" content=\"Una ragazza di 21 anni \u00e8 stata violentata su un treno a Milano alle 10,30 del mattino mentre viaggiava verso Bergamo\" \/>\n<meta name=\"robots\" content=\"index, follow, max-snippet:-1, max-image-preview:large, max-video-preview:-1\" \/>\n<link rel=\"canonical\" href=\"https:\/\/www.ilnotiziario.net\/wp\/lombardia\/ragazza-violentata-sul-treno-a-milano-in-pieno-mattino\/\" \/>\n<meta property=\"og:locale\" content=\"it_IT\" \/>\n<meta property=\"og:type\" content=\"article\" \/>\n<meta property=\"og:title\" content=\"Ragazza violentata sul treno a Milano in pieno mattino - Il Notiziario\" \/>\n<meta property=\"og:description\" content=\"Una ragazza di 21 anni \u00e8 stata violentata su un treno a Milano alle 10,30 del mattino mentre viaggiava verso Bergamo\" \/>\n<meta property=\"og:url\" content=\"https:\/\/www.ilnotiziario.net\/wp\/lombardia\/ragazza-violentata-sul-treno-a-milano-in-pieno-mattino\/\" \/>\n<meta property=\"og:site_name\" content=\"Il Notiziario\" \/>\n<meta property=\"article:publisher\" content=\"https:\/\/www.facebook.com\/ilnotiziarioind\/\" \/>\n<meta property=\"article:published_time\" content=\"2023-04-06T06:27:39+00:00\" \/>\n<meta property=\"article:modified_time\" content=\"2023-04-06T06:30:25+00:00\" \/>\n<meta property=\"og:image\" content=\"https:\/\/www.ilnotiziario.net\/wp\/wp-content\/uploads\/2020\/02\/Treno-vuoto.jpg\" \/>\n\t<meta property=\"og:image:width\" content=\"960\" \/>\n\t<meta property=\"og:image:height\" content=\"540\" \/>\n\t<meta property=\"og:image:type\" content=\"image\/jpeg\" \/>\n<meta name=\"author\" content=\"Gabriele Bassani\" \/>\n<meta name=\"twitter:card\" content=\"summary_large_image\" \/>\n<meta name=\"twitter:creator\" content=\"@ilNotiziarioInd\" \/>\n<meta name=\"twitter:site\" content=\"@ilNotiziarioInd\" \/>\n<meta name=\"twitter:label1\" content=\"Scritto da\" \/>\n\t<meta name=\"twitter:data1\" content=\"Gabriele Bassani\" \/>\n\t<meta name=\"twitter:label2\" content=\"Tempo di lettura stimato\" \/>\n\t<meta name=\"twitter:data2\" content=\"2 minuti\" \/>\n<script type=\"application\/ld+json\" class=\"yoast-schema-graph\">{\"@context\":\"https:\\\/\\\/schema.org\",\"@graph\":[{\"@type\":\"Article\",\"@id\":\"https:\\\/\\\/www.ilnotiziario.net\\\/wp\\\/lombardia\\\/ragazza-violentata-sul-treno-a-milano-in-pieno-mattino\\\/#article\",\"isPartOf\":{\"@id\":\"https:\\\/\\\/www.ilnotiziario.net\\\/wp\\\/lombardia\\\/ragazza-violentata-sul-treno-a-milano-in-pieno-mattino\\\/\"},\"author\":{\"name\":\"Gabriele Bassani\",\"@id\":\"https:\\\/\\\/www.ilnotiziario.net\\\/wp\\\/#\\\/schema\\\/person\\\/386e222908f898bb41c033989482bbf2\"},\"headline\":\"Ragazza violentata sul treno a Milano in pieno mattino\",\"datePublished\":\"2023-04-06T06:27:39+00:00\",\"dateModified\":\"2023-04-06T06:30:25+00:00\",\"mainEntityOfPage\":{\"@id\":\"https:\\\/\\\/www.ilnotiziario.net\\\/wp\\\/lombardia\\\/ragazza-violentata-sul-treno-a-milano-in-pieno-mattino\\\/\"},\"wordCount\":275,\"publisher\":{\"@id\":\"https:\\\/\\\/www.ilnotiziario.net\\\/wp\\\/#organization\"},\"image\":{\"@id\":\"https:\\\/\\\/www.ilnotiziario.net\\\/wp\\\/lombardia\\\/ragazza-violentata-sul-treno-a-milano-in-pieno-mattino\\\/#primaryimage\"},\"thumbnailUrl\":\"https:\\\/\\\/www.ilnotiziario.net\\\/wp\\\/wp-content\\\/uploads\\\/2020\\\/02\\\/Treno-vuoto.jpg\",\"keywords\":[\"mattino\",\"Milano\",\"ragazza\",\"treno\",\"violentata\"],\"articleSection\":[\"CRONACA\",\"Prima Pagina\"],\"inLanguage\":\"it-IT\"},{\"@type\":\"WebPage\",\"@id\":\"https:\\\/\\\/www.ilnotiziario.net\\\/wp\\\/lombardia\\\/ragazza-violentata-sul-treno-a-milano-in-pieno-mattino\\\/\",\"url\":\"https:\\\/\\\/www.ilnotiziario.net\\\/wp\\\/lombardia\\\/ragazza-violentata-sul-treno-a-milano-in-pieno-mattino\\\/\",\"name\":\"Ragazza violentata sul treno a Milano in pieno mattino - Il Notiziario\",\"isPartOf\":{\"@id\":\"https:\\\/\\\/www.ilnotiziario.net\\\/wp\\\/#website\"},\"primaryImageOfPage\":{\"@id\":\"https:\\\/\\\/www.ilnotiziario.net\\\/wp\\\/lombardia\\\/ragazza-violentata-sul-treno-a-milano-in-pieno-mattino\\\/#primaryimage\"},\"image\":{\"@id\":\"https:\\\/\\\/www.ilnotiziario.net\\\/wp\\\/lombardia\\\/ragazza-violentata-sul-treno-a-milano-in-pieno-mattino\\\/#primaryimage\"},\"thumbnailUrl\":\"https:\\\/\\\/www.ilnotiziario.net\\\/wp\\\/wp-content\\\/uploads\\\/2020\\\/02\\\/Treno-vuoto.jpg\",\"datePublished\":\"2023-04-06T06:27:39+00:00\",\"dateModified\":\"2023-04-06T06:30:25+00:00\",\"description\":\"Una ragazza di 21 anni \u00e8 stata violentata su un treno a Milano alle 10,30 del mattino mentre viaggiava verso Bergamo\",\"breadcrumb\":{\"@id\":\"https:\\\/\\\/www.ilnotiziario.net\\\/wp\\\/lombardia\\\/ragazza-violentata-sul-treno-a-milano-in-pieno-mattino\\\/#breadcrumb\"},\"inLanguage\":\"it-IT\",\"potentialAction\":[{\"@type\":\"ReadAction\",\"target\":[\"https:\\\/\\\/www.ilnotiziario.net\\\/wp\\\/lombardia\\\/ragazza-violentata-sul-treno-a-milano-in-pieno-mattino\\\/\"]}]},{\"@type\":\"ImageObject\",\"inLanguage\":\"it-IT\",\"@id\":\"https:\\\/\\\/www.ilnotiziario.net\\\/wp\\\/lombardia\\\/ragazza-violentata-sul-treno-a-milano-in-pieno-mattino\\\/#primaryimage\",\"url\":\"https:\\\/\\\/www.ilnotiziario.net\\\/wp\\\/wp-content\\\/uploads\\\/2020\\\/02\\\/Treno-vuoto.jpg\",\"contentUrl\":\"https:\\\/\\\/www.ilnotiziario.net\\\/wp\\\/wp-content\\\/uploads\\\/2020\\\/02\\\/Treno-vuoto.jpg\",\"width\":960,\"height\":540,\"caption\":\"treno ragazza violentata milano\"},{\"@type\":\"BreadcrumbList\",\"@id\":\"https:\\\/\\\/www.ilnotiziario.net\\\/wp\\\/lombardia\\\/ragazza-violentata-sul-treno-a-milano-in-pieno-mattino\\\/#breadcrumb\",\"itemListElement\":[{\"@type\":\"ListItem\",\"position\":1,\"name\":\"tds_text_logo_tagline_colortds_text_logo_tagline_colortds_text_logo_tagline_colortds_text_logo_tagline_colortd_module_7_title_excerpttd_module_7_title_excerpttd_module_7_title_excerpttd_module_7_title_excerptHome\",\"item\":\"https:\\\/\\\/www.ilnotiziario.net\\\/wp\\\/\"},{\"@type\":\"ListItem\",\"position\":2,\"name\":\"Ragazza violentata sul treno a Milano in pieno mattino\"}]},{\"@type\":\"WebSite\",\"@id\":\"https:\\\/\\\/www.ilnotiziario.net\\\/wp\\\/#website\",\"url\":\"https:\\\/\\\/www.ilnotiziario.net\\\/wp\\\/\",\"name\":\"Il Notiziario\",\"description\":\"Per restare sempre connessi alla notizia\",\"publisher\":{\"@id\":\"https:\\\/\\\/www.ilnotiziario.net\\\/wp\\\/#organization\"},\"alternateName\":\"Il Notiziario Bollate\",\"potentialAction\":[{\"@type\":\"SearchAction\",\"target\":{\"@type\":\"EntryPoint\",\"urlTemplate\":\"https:\\\/\\\/www.ilnotiziario.net\\\/wp\\\/?s={search_term_string}\"},\"query-input\":{\"@type\":\"PropertyValueSpecification\",\"valueRequired\":true,\"valueName\":\"search_term_string\"}}],\"inLanguage\":\"it-IT\"},{\"@type\":\"Organization\",\"@id\":\"https:\\\/\\\/www.ilnotiziario.net\\\/wp\\\/#organization\",\"name\":\"Il Notiziario\",\"url\":\"https:\\\/\\\/www.ilnotiziario.net\\\/wp\\\/\",\"logo\":{\"@type\":\"ImageObject\",\"inLanguage\":\"it-IT\",\"@id\":\"https:\\\/\\\/www.ilnotiziario.net\\\/wp\\\/#\\\/schema\\\/logo\\\/image\\\/\",\"url\":\"https:\\\/\\\/www.ilnotiziario.net\\\/wp\\\/wp-content\\\/uploads\\\/2022\\\/06\\\/170x170ilN.png\",\"contentUrl\":\"https:\\\/\\\/www.ilnotiziario.net\\\/wp\\\/wp-content\\\/uploads\\\/2022\\\/06\\\/170x170ilN.png\",\"width\":355,\"height\":355,\"caption\":\"Il Notiziario\"},\"image\":{\"@id\":\"https:\\\/\\\/www.ilnotiziario.net\\\/wp\\\/#\\\/schema\\\/logo\\\/image\\\/\"},\"sameAs\":[\"https:\\\/\\\/www.facebook.com\\\/ilnotiziarioind\\\/\",\"https:\\\/\\\/x.com\\\/ilNotiziarioInd\",\"https:\\\/\\\/www.instagram.com\\\/ilnotiziario_settimanale\\\/\"]},{\"@type\":\"Person\",\"@id\":\"https:\\\/\\\/www.ilnotiziario.net\\\/wp\\\/#\\\/schema\\\/person\\\/386e222908f898bb41c033989482bbf2\",\"name\":\"Gabriele Bassani\",\"image\":{\"@type\":\"ImageObject\",\"inLanguage\":\"it-IT\",\"@id\":\"https:\\\/\\\/secure.gravatar.com\\\/avatar\\\/09274f4a84fa97698bde56f84b3afed61c8492d48b0550db9671b68c177479cb?s=96&d=mm&r=g\",\"url\":\"https:\\\/\\\/secure.gravatar.com\\\/avatar\\\/09274f4a84fa97698bde56f84b3afed61c8492d48b0550db9671b68c177479cb?s=96&d=mm&r=g\",\"contentUrl\":\"https:\\\/\\\/secure.gravatar.com\\\/avatar\\\/09274f4a84fa97698bde56f84b3afed61c8492d48b0550db9671b68c177479cb?s=96&d=mm&r=g\",\"caption\":\"Gabriele Bassani\"},\"sameAs\":[\"http:\\\/\\\/www.ilnotiziario.net\"]}]}<\/script>\n<!-- \/ Yoast SEO plugin. -->","yoast_head_json":{"title":"Ragazza violentata sul treno a Milano in pieno mattino - Il Notiziario","description":"Una ragazza di 21 anni \u00e8 stata violentata su un treno a Milano alle 10,30 del mattino mentre viaggiava verso Bergamo","robots":{"index":"index","follow":"follow","max-snippet":"max-snippet:-1","max-image-preview":"max-image-preview:large","max-video-preview":"max-video-preview:-1"},"canonical":"https:\/\/www.ilnotiziario.net\/wp\/lombardia\/ragazza-violentata-sul-treno-a-milano-in-pieno-mattino\/","og_locale":"it_IT","og_type":"article","og_title":"Ragazza violentata sul treno a Milano in pieno mattino - Il Notiziario","og_description":"Una ragazza di 21 anni \u00e8 stata violentata su un treno a Milano alle 10,30 del mattino mentre viaggiava verso Bergamo","og_url":"https:\/\/www.ilnotiziario.net\/wp\/lombardia\/ragazza-violentata-sul-treno-a-milano-in-pieno-mattino\/","og_site_name":"Il Notiziario","article_publisher":"https:\/\/www.facebook.com\/ilnotiziarioind\/","article_published_time":"2023-04-06T06:27:39+00:00","article_modified_time":"2023-04-06T06:30:25+00:00","og_image":[{"width":960,"height":540,"url":"https:\/\/www.ilnotiziario.net\/wp\/wp-content\/uploads\/2020\/02\/Treno-vuoto.jpg","type":"image\/jpeg"}],"author":"Gabriele Bassani","twitter_card":"summary_large_image","twitter_creator":"@ilNotiziarioInd","twitter_site":"@ilNotiziarioInd","twitter_misc":{"Scritto da":"Gabriele Bassani","Tempo di lettura stimato":"2 minuti"},"schema":{"@context":"https:\/\/schema.org","@graph":[{"@type":"Article","@id":"https:\/\/www.ilnotiziario.net\/wp\/lombardia\/ragazza-violentata-sul-treno-a-milano-in-pieno-mattino\/#article","isPartOf":{"@id":"https:\/\/www.ilnotiziario.net\/wp\/lombardia\/ragazza-violentata-sul-treno-a-milano-in-pieno-mattino\/"},"author":{"name":"Gabriele Bassani","@id":"https:\/\/www.ilnotiziario.net\/wp\/#\/schema\/person\/386e222908f898bb41c033989482bbf2"},"headline":"Ragazza violentata sul treno a Milano in pieno mattino","datePublished":"2023-04-06T06:27:39+00:00","dateModified":"2023-04-06T06:30:25+00:00","mainEntityOfPage":{"@id":"https:\/\/www.ilnotiziario.net\/wp\/lombardia\/ragazza-violentata-sul-treno-a-milano-in-pieno-mattino\/"},"wordCount":275,"publisher":{"@id":"https:\/\/www.ilnotiziario.net\/wp\/#organization"},"image":{"@id":"https:\/\/www.ilnotiziario.net\/wp\/lombardia\/ragazza-violentata-sul-treno-a-milano-in-pieno-mattino\/#primaryimage"},"thumbnailUrl":"https:\/\/www.ilnotiziario.net\/wp\/wp-content\/uploads\/2020\/02\/Treno-vuoto.jpg","keywords":["mattino","Milano","ragazza","treno","violentata"],"articleSection":["CRONACA","Prima Pagina"],"inLanguage":"it-IT"},{"@type":"WebPage","@id":"https:\/\/www.ilnotiziario.net\/wp\/lombardia\/ragazza-violentata-sul-treno-a-milano-in-pieno-mattino\/","url":"https:\/\/www.ilnotiziario.net\/wp\/lombardia\/ragazza-violentata-sul-treno-a-milano-in-pieno-mattino\/","name":"Ragazza violentata sul treno a Milano in pieno mattino - Il Notiziario","isPartOf":{"@id":"https:\/\/www.ilnotiziario.net\/wp\/#website"},"primaryImageOfPage":{"@id":"https:\/\/www.ilnotiziario.net\/wp\/lombardia\/ragazza-violentata-sul-treno-a-milano-in-pieno-mattino\/#primaryimage"},"image":{"@id":"https:\/\/www.ilnotiziario.net\/wp\/lombardia\/ragazza-violentata-sul-treno-a-milano-in-pieno-mattino\/#primaryimage"},"thumbnailUrl":"https:\/\/www.ilnotiziario.net\/wp\/wp-content\/uploads\/2020\/02\/Treno-vuoto.jpg","datePublished":"2023-04-06T06:27:39+00:00","dateModified":"2023-04-06T06:30:25+00:00","description":"Una ragazza di 21 anni \u00e8 stata violentata su un treno a Milano alle 10,30 del mattino mentre viaggiava verso Bergamo","breadcrumb":{"@id":"https:\/\/www.ilnotiziario.net\/wp\/lombardia\/ragazza-violentata-sul-treno-a-milano-in-pieno-mattino\/#breadcrumb"},"inLanguage":"it-IT","potentialAction":[{"@type":"ReadAction","target":["https:\/\/www.ilnotiziario.net\/wp\/lombardia\/ragazza-violentata-sul-treno-a-milano-in-pieno-mattino\/"]}]},{"@type":"ImageObject","inLanguage":"it-IT","@id":"https:\/\/www.ilnotiziario.net\/wp\/lombardia\/ragazza-violentata-sul-treno-a-milano-in-pieno-mattino\/#primaryimage","url":"https:\/\/www.ilnotiziario.net\/wp\/wp-content\/uploads\/2020\/02\/Treno-vuoto.jpg","contentUrl":"https:\/\/www.ilnotiziario.net\/wp\/wp-content\/uploads\/2020\/02\/Treno-vuoto.jpg","width":960,"height":540,"caption":"treno ragazza violentata milano"},{"@type":"BreadcrumbList","@id":"https:\/\/www.ilnotiziario.net\/wp\/lombardia\/ragazza-violentata-sul-treno-a-milano-in-pieno-mattino\/#breadcrumb","itemListElement":[{"@type":"ListItem","position":1,"name":"tds_text_logo_tagline_colortds_text_logo_tagline_colortds_text_logo_tagline_colortds_text_logo_tagline_colortd_module_7_title_excerpttd_module_7_title_excerpttd_module_7_title_excerpttd_module_7_title_excerptHome","item":"https:\/\/www.ilnotiziario.net\/wp\/"},{"@type":"ListItem","position":2,"name":"Ragazza violentata sul treno a Milano in pieno mattino"}]},{"@type":"WebSite","@id":"https:\/\/www.ilnotiziario.net\/wp\/#website","url":"https:\/\/www.ilnotiziario.net\/wp\/","name":"Il Notiziario","description":"Per restare sempre connessi alla notizia","publisher":{"@id":"https:\/\/www.ilnotiziario.net\/wp\/#organization"},"alternateName":"Il Notiziario Bollate","potentialAction":[{"@type":"SearchAction","target":{"@type":"EntryPoint","urlTemplate":"https:\/\/www.ilnotiziario.net\/wp\/?s={search_term_string}"},"query-input":{"@type":"PropertyValueSpecification","valueRequired":true,"valueName":"search_term_string"}}],"inLanguage":"it-IT"},{"@type":"Organization","@id":"https:\/\/www.ilnotiziario.net\/wp\/#organization","name":"Il Notiziario","url":"https:\/\/www.ilnotiziario.net\/wp\/","logo":{"@type":"ImageObject","inLanguage":"it-IT","@id":"https:\/\/www.ilnotiziario.net\/wp\/#\/schema\/logo\/image\/","url":"https:\/\/www.ilnotiziario.net\/wp\/wp-content\/uploads\/2022\/06\/170x170ilN.png","contentUrl":"https:\/\/www.ilnotiziario.net\/wp\/wp-content\/uploads\/2022\/06\/170x170ilN.png","width":355,"height":355,"caption":"Il Notiziario"},"image":{"@id":"https:\/\/www.ilnotiziario.net\/wp\/#\/schema\/logo\/image\/"},"sameAs":["https:\/\/www.facebook.com\/ilnotiziarioind\/","https:\/\/x.com\/ilNotiziarioInd","https:\/\/www.instagram.com\/ilnotiziario_settimanale\/"]},{"@type":"Person","@id":"https:\/\/www.ilnotiziario.net\/wp\/#\/schema\/person\/386e222908f898bb41c033989482bbf2","name":"Gabriele Bassani","image":{"@type":"ImageObject","inLanguage":"it-IT","@id":"https:\/\/secure.gravatar.com\/avatar\/09274f4a84fa97698bde56f84b3afed61c8492d48b0550db9671b68c177479cb?s=96&d=mm&r=g","url":"https:\/\/secure.gravatar.com\/avatar\/09274f4a84fa97698bde56f84b3afed61c8492d48b0550db9671b68c177479cb?s=96&d=mm&r=g","contentUrl":"https:\/\/secure.gravatar.com\/avatar\/09274f4a84fa97698bde56f84b3afed61c8492d48b0550db9671b68c177479cb?s=96&d=mm&r=g","caption":"Gabriele Bassani"},"sameAs":["http:\/\/www.ilnotiziario.net"]}]}},"_links":{"self":[{"href":"https:\/\/www.ilnotiziario.net\/wp\/wp-json\/wp\/v2\/posts\/180938","targetHints":{"allow":["GET"]}}],"collection":[{"href":"https:\/\/www.ilnotiziario.net\/wp\/wp-json\/wp\/v2\/posts"}],"about":[{"href":"https:\/\/www.ilnotiziario.net\/wp\/wp-json\/wp\/v2\/types\/post"}],"author":[{"embeddable":true,"href":"https:\/\/www.ilnotiziario.net\/wp\/wp-json\/wp\/v2\/users\/3"}],"replies":[{"embeddable":true,"href":"https:\/\/www.ilnotiziario.net\/wp\/wp-json\/wp\/v2\/comments?post=180938"}],"version-history":[{"count":0,"href":"https:\/\/www.ilnotiziario.net\/wp\/wp-json\/wp\/v2\/posts\/180938\/revisions"}],"wp:featuredmedia":[{"embeddable":true,"href":"https:\/\/www.ilnotiziario.net\/wp\/wp-json\/wp\/v2\/media\/49755"}],"wp:attachment":[{"href":"https:\/\/www.ilnotiziario.net\/wp\/wp-json\/wp\/v2\/media?parent=180938"}],"wp:term":[{"taxonomy":"category","embeddable":true,"href":"https:\/\/www.ilnotiziario.net\/wp\/wp-json\/wp\/v2\/categories?post=180938"},{"taxonomy":"post_tag","embeddable":true,"href":"https:\/\/www.ilnotiziario.net\/wp\/wp-json\/wp\/v2\/tags?post=180938"}],"curies":[{"name":"wp","href":"https:\/\/api.w.org\/{rel}","templated":true}]}}