{"id":181173,"date":"2023-04-12T08:39:33","date_gmt":"2023-04-12T06:39:33","guid":{"rendered":"https:\/\/www.ilnotiziario.net\/wp\/?p=181173"},"modified":"2023-04-12T09:38:12","modified_gmt":"2023-04-12T07:38:12","slug":"arese-bambino-di-11-anni-ferito-alla-mano-dalla-bacchetta-magica","status":"publish","type":"post","link":"https:\/\/www.ilnotiziario.net\/wp\/prima-pagina\/arese-bambino-di-11-anni-ferito-alla-mano-dalla-bacchetta-magica\/","title":{"rendered":"Arese, bambino di 11 anni ferito alla mano dalla &#8220;bacchetta magica&#8221;"},"content":{"rendered":"<p>Un bambino di 11 anni di Arese \u00e8 finito in ospedale col rischio di perdere la falange del dito di una mano dopo aver giocato con la bacchetta magica di Harry Potter.<\/p><div id=\"ilnot-199591975\" class=\"ilnot-contenuto ilnot-entity-placement\"><p><!-- incontent_1 --><\/p>\n<div class=\"gptslot\" data-adunitid=\"1\"><\/div>\n<\/div>\n<p>Dal giocattolo avrebbe dovuto partire una fiammata (come nella celebre saga fantasy) ma qualcosa \u00e8 andato storto.<\/p>\n<p>Si \u00e8 sfiorata la tragedia luned\u00ec sera, nell\u2019appartamento di Arese dove il bambino stava giocando insieme ai due genitori 52enni, mostrando il trucco della bacchetta magica, che loro stessi gli avevano regalato. Qualcosa \u00e8 andato storto e il giocattolo \u00e8 letteralmente scoppiato tra le mani del ragazzino, ferendolo seriamente.<\/p><div id=\"ilnot-510887455\" class=\"ilnot-contenuto_2 ilnot-entity-placement\"><div class=\"ads-wrapper\">\n<div class=\"ad-slot\">\n   <div id=\"ilnot-787642031\" style=\"margin-right: auto;margin-left: auto;text-align: center;width: 320px;height: 100px;\"><a href=\"https:\/\/www.scuolasicurezza.it\/\"><img decoding=\"async\" src=\"https:\/\/www.ilnotiziario.net\/wp\/wp-content\/uploads\/2026\/04\/IlNotiziario_banner-sito-e-newsletter-320-x-100-px-1.gif\" alt=\"\"><\/a><\/div>\n  <\/div>\n<div class=\"ad-slot\">\n   <div id=\"ilnot-1230398663\" style=\"margin-right: auto;margin-left: auto;text-align: center;width: 320px;height: 100px;\"><a href=\"https:\/\/purodesignarredamenti.com\/\"><img decoding=\"async\" src=\"https:\/\/www.ilnotiziario.net\/wp\/wp-content\/uploads\/2026\/04\/banner-puro-ok.gif\" alt=\"whatsapp\"><\/a><\/div><\/p><\/div>\n<\/div>\n<\/div>\n<p>E\u2019 successo poco dopo le 21 e il bambino \u00e8 stato soccorso da un\u2019ambulanza che lo ha trasportato al San Gerardo di Monza in codice giallo.<\/p>\n<p>Il ragazzino rischia di perdere la falange del dito medio della mano sinistra e ha riportato escoriazioni ad entrambe le mani.<\/p>\n<p>Sull\u2019episodio indagano i carabinieri della stazione di Garbagnate Milanese, intervenuti sul posto. I genitori hanno raccontato di avere acquistato online il giocattolo, denominato fireball wand, sul quale sono in corso accertamenti.<\/p><div id=\"ilnot-235752979\" class=\"ilnot-contenuto_2-2 ilnot-entity-placement\"><div class=\"gptslot\" data-adunitid=\"2\"><\/div>\n<\/div>\n","protected":false},"excerpt":{"rendered":"<p>Un bambino di 11 anni di Arese \u00e8 finito in ospedale col rischio di perdere la falange del dito di una mano dopo aver giocato con la bacchetta magica di Harry Potter. Dal giocattolo avrebbe dovuto partire una fiammata (come nella celebre saga fantasy) ma qualcosa \u00e8 andato storto. Si \u00e8 sfiorata la tragedia luned\u00ec<\/p>\n","protected":false},"author":3,"featured_media":166126,"comment_status":"closed","ping_status":"closed","sticky":false,"template":"","format":"standard","meta":{"footnotes":""},"categories":[8,11,20],"tags":[115,14032,2104,820,14033],"class_list":{"0":"post-181173","1":"post","2":"type-post","3":"status-publish","4":"format-standard","5":"has-post-thumbnail","7":"category-bollatese","8":"category-nord-milano","9":"category-prima-pagina","10":"tag-arese","11":"tag-bacchetta","12":"tag-bambino","13":"tag-ferito","14":"tag-magica"},"yoast_head":"<!-- This site is optimized with the Yoast SEO plugin v27.4 - https:\/\/yoast.com\/product\/yoast-seo-wordpress\/ -->\n<title>Arese, bambino di 11 anni ferito alla mano dalla &quot;bacchetta magica&quot; - Il Notiziario<\/title>\n<meta name=\"description\" content=\"Un bambino di 11 anni di Arese \u00e8 finito in ospedale col rischio di perdere la falange del dito di una mano dopo aver giocato con la bacchetta magica di\" \/>\n<meta name=\"robots\" content=\"index, follow, max-snippet:-1, max-image-preview:large, max-video-preview:-1\" \/>\n<link rel=\"canonical\" href=\"https:\/\/www.ilnotiziario.net\/wp\/prima-pagina\/arese-bambino-di-11-anni-ferito-alla-mano-dalla-bacchetta-magica\/\" \/>\n<meta property=\"og:locale\" content=\"it_IT\" \/>\n<meta property=\"og:type\" content=\"article\" \/>\n<meta property=\"og:title\" content=\"Arese, bambino di 11 anni ferito alla mano dalla &quot;bacchetta magica&quot; - Il Notiziario\" \/>\n<meta property=\"og:description\" content=\"Un bambino di 11 anni di Arese \u00e8 finito in ospedale col rischio di perdere la falange del dito di una mano dopo aver giocato con la bacchetta magica di\" \/>\n<meta property=\"og:url\" content=\"https:\/\/www.ilnotiziario.net\/wp\/prima-pagina\/arese-bambino-di-11-anni-ferito-alla-mano-dalla-bacchetta-magica\/\" \/>\n<meta property=\"og:site_name\" content=\"Il Notiziario\" \/>\n<meta property=\"article:publisher\" content=\"https:\/\/www.facebook.com\/ilnotiziarioind\/\" \/>\n<meta property=\"article:published_time\" content=\"2023-04-12T06:39:33+00:00\" \/>\n<meta property=\"article:modified_time\" content=\"2023-04-12T07:38:12+00:00\" \/>\n<meta property=\"og:image\" content=\"https:\/\/www.ilnotiziario.net\/wp\/wp-content\/uploads\/2022\/05\/ambulanza-barella.jpg\" \/>\n\t<meta property=\"og:image:width\" content=\"1000\" \/>\n\t<meta property=\"og:image:height\" content=\"666\" \/>\n\t<meta property=\"og:image:type\" content=\"image\/jpeg\" \/>\n<meta name=\"author\" content=\"Gabriele Bassani\" \/>\n<meta name=\"twitter:card\" content=\"summary_large_image\" \/>\n<meta name=\"twitter:creator\" content=\"@ilNotiziarioInd\" \/>\n<meta name=\"twitter:site\" content=\"@ilNotiziarioInd\" \/>\n<meta name=\"twitter:label1\" content=\"Scritto da\" \/>\n\t<meta name=\"twitter:data1\" content=\"Gabriele Bassani\" \/>\n\t<meta name=\"twitter:label2\" content=\"Tempo di lettura stimato\" \/>\n\t<meta name=\"twitter:data2\" content=\"1 minuto\" \/>\n<script type=\"application\/ld+json\" class=\"yoast-schema-graph\">{\"@context\":\"https:\\\/\\\/schema.org\",\"@graph\":[{\"@type\":\"Article\",\"@id\":\"https:\\\/\\\/www.ilnotiziario.net\\\/wp\\\/prima-pagina\\\/arese-bambino-di-11-anni-ferito-alla-mano-dalla-bacchetta-magica\\\/#article\",\"isPartOf\":{\"@id\":\"https:\\\/\\\/www.ilnotiziario.net\\\/wp\\\/prima-pagina\\\/arese-bambino-di-11-anni-ferito-alla-mano-dalla-bacchetta-magica\\\/\"},\"author\":{\"name\":\"Gabriele Bassani\",\"@id\":\"https:\\\/\\\/www.ilnotiziario.net\\\/wp\\\/#\\\/schema\\\/person\\\/386e222908f898bb41c033989482bbf2\"},\"headline\":\"Arese, bambino di 11 anni ferito alla mano dalla &#8220;bacchetta magica&#8221;\",\"datePublished\":\"2023-04-12T06:39:33+00:00\",\"dateModified\":\"2023-04-12T07:38:12+00:00\",\"mainEntityOfPage\":{\"@id\":\"https:\\\/\\\/www.ilnotiziario.net\\\/wp\\\/prima-pagina\\\/arese-bambino-di-11-anni-ferito-alla-mano-dalla-bacchetta-magica\\\/\"},\"wordCount\":181,\"publisher\":{\"@id\":\"https:\\\/\\\/www.ilnotiziario.net\\\/wp\\\/#organization\"},\"image\":{\"@id\":\"https:\\\/\\\/www.ilnotiziario.net\\\/wp\\\/prima-pagina\\\/arese-bambino-di-11-anni-ferito-alla-mano-dalla-bacchetta-magica\\\/#primaryimage\"},\"thumbnailUrl\":\"https:\\\/\\\/www.ilnotiziario.net\\\/wp\\\/wp-content\\\/uploads\\\/2022\\\/05\\\/ambulanza-barella.jpg\",\"keywords\":[\"Arese\",\"bacchetta\",\"bambino\",\"ferito\",\"magica\"],\"articleSection\":[\"BOLLATESE\",\"NORD MILANO\",\"Prima Pagina\"],\"inLanguage\":\"it-IT\"},{\"@type\":\"WebPage\",\"@id\":\"https:\\\/\\\/www.ilnotiziario.net\\\/wp\\\/prima-pagina\\\/arese-bambino-di-11-anni-ferito-alla-mano-dalla-bacchetta-magica\\\/\",\"url\":\"https:\\\/\\\/www.ilnotiziario.net\\\/wp\\\/prima-pagina\\\/arese-bambino-di-11-anni-ferito-alla-mano-dalla-bacchetta-magica\\\/\",\"name\":\"Arese, bambino di 11 anni ferito alla mano dalla \\\"bacchetta magica\\\" - Il Notiziario\",\"isPartOf\":{\"@id\":\"https:\\\/\\\/www.ilnotiziario.net\\\/wp\\\/#website\"},\"primaryImageOfPage\":{\"@id\":\"https:\\\/\\\/www.ilnotiziario.net\\\/wp\\\/prima-pagina\\\/arese-bambino-di-11-anni-ferito-alla-mano-dalla-bacchetta-magica\\\/#primaryimage\"},\"image\":{\"@id\":\"https:\\\/\\\/www.ilnotiziario.net\\\/wp\\\/prima-pagina\\\/arese-bambino-di-11-anni-ferito-alla-mano-dalla-bacchetta-magica\\\/#primaryimage\"},\"thumbnailUrl\":\"https:\\\/\\\/www.ilnotiziario.net\\\/wp\\\/wp-content\\\/uploads\\\/2022\\\/05\\\/ambulanza-barella.jpg\",\"datePublished\":\"2023-04-12T06:39:33+00:00\",\"dateModified\":\"2023-04-12T07:38:12+00:00\",\"description\":\"Un bambino di 11 anni di Arese \u00e8 finito in ospedale col rischio di perdere la falange del dito di una mano dopo aver giocato con la bacchetta magica di\",\"breadcrumb\":{\"@id\":\"https:\\\/\\\/www.ilnotiziario.net\\\/wp\\\/prima-pagina\\\/arese-bambino-di-11-anni-ferito-alla-mano-dalla-bacchetta-magica\\\/#breadcrumb\"},\"inLanguage\":\"it-IT\",\"potentialAction\":[{\"@type\":\"ReadAction\",\"target\":[\"https:\\\/\\\/www.ilnotiziario.net\\\/wp\\\/prima-pagina\\\/arese-bambino-di-11-anni-ferito-alla-mano-dalla-bacchetta-magica\\\/\"]}]},{\"@type\":\"ImageObject\",\"inLanguage\":\"it-IT\",\"@id\":\"https:\\\/\\\/www.ilnotiziario.net\\\/wp\\\/prima-pagina\\\/arese-bambino-di-11-anni-ferito-alla-mano-dalla-bacchetta-magica\\\/#primaryimage\",\"url\":\"https:\\\/\\\/www.ilnotiziario.net\\\/wp\\\/wp-content\\\/uploads\\\/2022\\\/05\\\/ambulanza-barella.jpg\",\"contentUrl\":\"https:\\\/\\\/www.ilnotiziario.net\\\/wp\\\/wp-content\\\/uploads\\\/2022\\\/05\\\/ambulanza-barella.jpg\",\"width\":1000,\"height\":666,\"caption\":\"immagine di repertorio\"},{\"@type\":\"BreadcrumbList\",\"@id\":\"https:\\\/\\\/www.ilnotiziario.net\\\/wp\\\/prima-pagina\\\/arese-bambino-di-11-anni-ferito-alla-mano-dalla-bacchetta-magica\\\/#breadcrumb\",\"itemListElement\":[{\"@type\":\"ListItem\",\"position\":1,\"name\":\"tds_text_logo_tagline_colortds_text_logo_tagline_colortds_text_logo_tagline_colortds_text_logo_tagline_colortd_module_7_title_excerpttd_module_7_title_excerpttd_module_7_title_excerpttd_module_7_title_excerptHome\",\"item\":\"https:\\\/\\\/www.ilnotiziario.net\\\/wp\\\/\"},{\"@type\":\"ListItem\",\"position\":2,\"name\":\"Arese, bambino di 11 anni ferito alla mano dalla &#8220;bacchetta magica&#8221;\"}]},{\"@type\":\"WebSite\",\"@id\":\"https:\\\/\\\/www.ilnotiziario.net\\\/wp\\\/#website\",\"url\":\"https:\\\/\\\/www.ilnotiziario.net\\\/wp\\\/\",\"name\":\"Il Notiziario\",\"description\":\"Per restare sempre connessi alla notizia\",\"publisher\":{\"@id\":\"https:\\\/\\\/www.ilnotiziario.net\\\/wp\\\/#organization\"},\"alternateName\":\"Il Notiziario Bollate\",\"potentialAction\":[{\"@type\":\"SearchAction\",\"target\":{\"@type\":\"EntryPoint\",\"urlTemplate\":\"https:\\\/\\\/www.ilnotiziario.net\\\/wp\\\/?s={search_term_string}\"},\"query-input\":{\"@type\":\"PropertyValueSpecification\",\"valueRequired\":true,\"valueName\":\"search_term_string\"}}],\"inLanguage\":\"it-IT\"},{\"@type\":\"Organization\",\"@id\":\"https:\\\/\\\/www.ilnotiziario.net\\\/wp\\\/#organization\",\"name\":\"Il Notiziario\",\"url\":\"https:\\\/\\\/www.ilnotiziario.net\\\/wp\\\/\",\"logo\":{\"@type\":\"ImageObject\",\"inLanguage\":\"it-IT\",\"@id\":\"https:\\\/\\\/www.ilnotiziario.net\\\/wp\\\/#\\\/schema\\\/logo\\\/image\\\/\",\"url\":\"https:\\\/\\\/www.ilnotiziario.net\\\/wp\\\/wp-content\\\/uploads\\\/2022\\\/06\\\/170x170ilN.png\",\"contentUrl\":\"https:\\\/\\\/www.ilnotiziario.net\\\/wp\\\/wp-content\\\/uploads\\\/2022\\\/06\\\/170x170ilN.png\",\"width\":355,\"height\":355,\"caption\":\"Il Notiziario\"},\"image\":{\"@id\":\"https:\\\/\\\/www.ilnotiziario.net\\\/wp\\\/#\\\/schema\\\/logo\\\/image\\\/\"},\"sameAs\":[\"https:\\\/\\\/www.facebook.com\\\/ilnotiziarioind\\\/\",\"https:\\\/\\\/x.com\\\/ilNotiziarioInd\",\"https:\\\/\\\/www.instagram.com\\\/ilnotiziario_settimanale\\\/\"]},{\"@type\":\"Person\",\"@id\":\"https:\\\/\\\/www.ilnotiziario.net\\\/wp\\\/#\\\/schema\\\/person\\\/386e222908f898bb41c033989482bbf2\",\"name\":\"Gabriele Bassani\",\"image\":{\"@type\":\"ImageObject\",\"inLanguage\":\"it-IT\",\"@id\":\"https:\\\/\\\/secure.gravatar.com\\\/avatar\\\/09274f4a84fa97698bde56f84b3afed61c8492d48b0550db9671b68c177479cb?s=96&d=mm&r=g\",\"url\":\"https:\\\/\\\/secure.gravatar.com\\\/avatar\\\/09274f4a84fa97698bde56f84b3afed61c8492d48b0550db9671b68c177479cb?s=96&d=mm&r=g\",\"contentUrl\":\"https:\\\/\\\/secure.gravatar.com\\\/avatar\\\/09274f4a84fa97698bde56f84b3afed61c8492d48b0550db9671b68c177479cb?s=96&d=mm&r=g\",\"caption\":\"Gabriele Bassani\"},\"sameAs\":[\"http:\\\/\\\/www.ilnotiziario.net\"]}]}<\/script>\n<!-- \/ Yoast SEO plugin. -->","yoast_head_json":{"title":"Arese, bambino di 11 anni ferito alla mano dalla \"bacchetta magica\" - Il Notiziario","description":"Un bambino di 11 anni di Arese \u00e8 finito in ospedale col rischio di perdere la falange del dito di una mano dopo aver giocato con la bacchetta magica di","robots":{"index":"index","follow":"follow","max-snippet":"max-snippet:-1","max-image-preview":"max-image-preview:large","max-video-preview":"max-video-preview:-1"},"canonical":"https:\/\/www.ilnotiziario.net\/wp\/prima-pagina\/arese-bambino-di-11-anni-ferito-alla-mano-dalla-bacchetta-magica\/","og_locale":"it_IT","og_type":"article","og_title":"Arese, bambino di 11 anni ferito alla mano dalla \"bacchetta magica\" - Il Notiziario","og_description":"Un bambino di 11 anni di Arese \u00e8 finito in ospedale col rischio di perdere la falange del dito di una mano dopo aver giocato con la bacchetta magica di","og_url":"https:\/\/www.ilnotiziario.net\/wp\/prima-pagina\/arese-bambino-di-11-anni-ferito-alla-mano-dalla-bacchetta-magica\/","og_site_name":"Il Notiziario","article_publisher":"https:\/\/www.facebook.com\/ilnotiziarioind\/","article_published_time":"2023-04-12T06:39:33+00:00","article_modified_time":"2023-04-12T07:38:12+00:00","og_image":[{"width":1000,"height":666,"url":"https:\/\/www.ilnotiziario.net\/wp\/wp-content\/uploads\/2022\/05\/ambulanza-barella.jpg","type":"image\/jpeg"}],"author":"Gabriele Bassani","twitter_card":"summary_large_image","twitter_creator":"@ilNotiziarioInd","twitter_site":"@ilNotiziarioInd","twitter_misc":{"Scritto da":"Gabriele Bassani","Tempo di lettura stimato":"1 minuto"},"schema":{"@context":"https:\/\/schema.org","@graph":[{"@type":"Article","@id":"https:\/\/www.ilnotiziario.net\/wp\/prima-pagina\/arese-bambino-di-11-anni-ferito-alla-mano-dalla-bacchetta-magica\/#article","isPartOf":{"@id":"https:\/\/www.ilnotiziario.net\/wp\/prima-pagina\/arese-bambino-di-11-anni-ferito-alla-mano-dalla-bacchetta-magica\/"},"author":{"name":"Gabriele Bassani","@id":"https:\/\/www.ilnotiziario.net\/wp\/#\/schema\/person\/386e222908f898bb41c033989482bbf2"},"headline":"Arese, bambino di 11 anni ferito alla mano dalla &#8220;bacchetta magica&#8221;","datePublished":"2023-04-12T06:39:33+00:00","dateModified":"2023-04-12T07:38:12+00:00","mainEntityOfPage":{"@id":"https:\/\/www.ilnotiziario.net\/wp\/prima-pagina\/arese-bambino-di-11-anni-ferito-alla-mano-dalla-bacchetta-magica\/"},"wordCount":181,"publisher":{"@id":"https:\/\/www.ilnotiziario.net\/wp\/#organization"},"image":{"@id":"https:\/\/www.ilnotiziario.net\/wp\/prima-pagina\/arese-bambino-di-11-anni-ferito-alla-mano-dalla-bacchetta-magica\/#primaryimage"},"thumbnailUrl":"https:\/\/www.ilnotiziario.net\/wp\/wp-content\/uploads\/2022\/05\/ambulanza-barella.jpg","keywords":["Arese","bacchetta","bambino","ferito","magica"],"articleSection":["BOLLATESE","NORD MILANO","Prima Pagina"],"inLanguage":"it-IT"},{"@type":"WebPage","@id":"https:\/\/www.ilnotiziario.net\/wp\/prima-pagina\/arese-bambino-di-11-anni-ferito-alla-mano-dalla-bacchetta-magica\/","url":"https:\/\/www.ilnotiziario.net\/wp\/prima-pagina\/arese-bambino-di-11-anni-ferito-alla-mano-dalla-bacchetta-magica\/","name":"Arese, bambino di 11 anni ferito alla mano dalla \"bacchetta magica\" - Il Notiziario","isPartOf":{"@id":"https:\/\/www.ilnotiziario.net\/wp\/#website"},"primaryImageOfPage":{"@id":"https:\/\/www.ilnotiziario.net\/wp\/prima-pagina\/arese-bambino-di-11-anni-ferito-alla-mano-dalla-bacchetta-magica\/#primaryimage"},"image":{"@id":"https:\/\/www.ilnotiziario.net\/wp\/prima-pagina\/arese-bambino-di-11-anni-ferito-alla-mano-dalla-bacchetta-magica\/#primaryimage"},"thumbnailUrl":"https:\/\/www.ilnotiziario.net\/wp\/wp-content\/uploads\/2022\/05\/ambulanza-barella.jpg","datePublished":"2023-04-12T06:39:33+00:00","dateModified":"2023-04-12T07:38:12+00:00","description":"Un bambino di 11 anni di Arese \u00e8 finito in ospedale col rischio di perdere la falange del dito di una mano dopo aver giocato con la bacchetta magica di","breadcrumb":{"@id":"https:\/\/www.ilnotiziario.net\/wp\/prima-pagina\/arese-bambino-di-11-anni-ferito-alla-mano-dalla-bacchetta-magica\/#breadcrumb"},"inLanguage":"it-IT","potentialAction":[{"@type":"ReadAction","target":["https:\/\/www.ilnotiziario.net\/wp\/prima-pagina\/arese-bambino-di-11-anni-ferito-alla-mano-dalla-bacchetta-magica\/"]}]},{"@type":"ImageObject","inLanguage":"it-IT","@id":"https:\/\/www.ilnotiziario.net\/wp\/prima-pagina\/arese-bambino-di-11-anni-ferito-alla-mano-dalla-bacchetta-magica\/#primaryimage","url":"https:\/\/www.ilnotiziario.net\/wp\/wp-content\/uploads\/2022\/05\/ambulanza-barella.jpg","contentUrl":"https:\/\/www.ilnotiziario.net\/wp\/wp-content\/uploads\/2022\/05\/ambulanza-barella.jpg","width":1000,"height":666,"caption":"immagine di repertorio"},{"@type":"BreadcrumbList","@id":"https:\/\/www.ilnotiziario.net\/wp\/prima-pagina\/arese-bambino-di-11-anni-ferito-alla-mano-dalla-bacchetta-magica\/#breadcrumb","itemListElement":[{"@type":"ListItem","position":1,"name":"tds_text_logo_tagline_colortds_text_logo_tagline_colortds_text_logo_tagline_colortds_text_logo_tagline_colortd_module_7_title_excerpttd_module_7_title_excerpttd_module_7_title_excerpttd_module_7_title_excerptHome","item":"https:\/\/www.ilnotiziario.net\/wp\/"},{"@type":"ListItem","position":2,"name":"Arese, bambino di 11 anni ferito alla mano dalla &#8220;bacchetta magica&#8221;"}]},{"@type":"WebSite","@id":"https:\/\/www.ilnotiziario.net\/wp\/#website","url":"https:\/\/www.ilnotiziario.net\/wp\/","name":"Il Notiziario","description":"Per restare sempre connessi alla notizia","publisher":{"@id":"https:\/\/www.ilnotiziario.net\/wp\/#organization"},"alternateName":"Il Notiziario Bollate","potentialAction":[{"@type":"SearchAction","target":{"@type":"EntryPoint","urlTemplate":"https:\/\/www.ilnotiziario.net\/wp\/?s={search_term_string}"},"query-input":{"@type":"PropertyValueSpecification","valueRequired":true,"valueName":"search_term_string"}}],"inLanguage":"it-IT"},{"@type":"Organization","@id":"https:\/\/www.ilnotiziario.net\/wp\/#organization","name":"Il Notiziario","url":"https:\/\/www.ilnotiziario.net\/wp\/","logo":{"@type":"ImageObject","inLanguage":"it-IT","@id":"https:\/\/www.ilnotiziario.net\/wp\/#\/schema\/logo\/image\/","url":"https:\/\/www.ilnotiziario.net\/wp\/wp-content\/uploads\/2022\/06\/170x170ilN.png","contentUrl":"https:\/\/www.ilnotiziario.net\/wp\/wp-content\/uploads\/2022\/06\/170x170ilN.png","width":355,"height":355,"caption":"Il Notiziario"},"image":{"@id":"https:\/\/www.ilnotiziario.net\/wp\/#\/schema\/logo\/image\/"},"sameAs":["https:\/\/www.facebook.com\/ilnotiziarioind\/","https:\/\/x.com\/ilNotiziarioInd","https:\/\/www.instagram.com\/ilnotiziario_settimanale\/"]},{"@type":"Person","@id":"https:\/\/www.ilnotiziario.net\/wp\/#\/schema\/person\/386e222908f898bb41c033989482bbf2","name":"Gabriele Bassani","image":{"@type":"ImageObject","inLanguage":"it-IT","@id":"https:\/\/secure.gravatar.com\/avatar\/09274f4a84fa97698bde56f84b3afed61c8492d48b0550db9671b68c177479cb?s=96&d=mm&r=g","url":"https:\/\/secure.gravatar.com\/avatar\/09274f4a84fa97698bde56f84b3afed61c8492d48b0550db9671b68c177479cb?s=96&d=mm&r=g","contentUrl":"https:\/\/secure.gravatar.com\/avatar\/09274f4a84fa97698bde56f84b3afed61c8492d48b0550db9671b68c177479cb?s=96&d=mm&r=g","caption":"Gabriele Bassani"},"sameAs":["http:\/\/www.ilnotiziario.net"]}]}},"_links":{"self":[{"href":"https:\/\/www.ilnotiziario.net\/wp\/wp-json\/wp\/v2\/posts\/181173","targetHints":{"allow":["GET"]}}],"collection":[{"href":"https:\/\/www.ilnotiziario.net\/wp\/wp-json\/wp\/v2\/posts"}],"about":[{"href":"https:\/\/www.ilnotiziario.net\/wp\/wp-json\/wp\/v2\/types\/post"}],"author":[{"embeddable":true,"href":"https:\/\/www.ilnotiziario.net\/wp\/wp-json\/wp\/v2\/users\/3"}],"replies":[{"embeddable":true,"href":"https:\/\/www.ilnotiziario.net\/wp\/wp-json\/wp\/v2\/comments?post=181173"}],"version-history":[{"count":0,"href":"https:\/\/www.ilnotiziario.net\/wp\/wp-json\/wp\/v2\/posts\/181173\/revisions"}],"wp:featuredmedia":[{"embeddable":true,"href":"https:\/\/www.ilnotiziario.net\/wp\/wp-json\/wp\/v2\/media\/166126"}],"wp:attachment":[{"href":"https:\/\/www.ilnotiziario.net\/wp\/wp-json\/wp\/v2\/media?parent=181173"}],"wp:term":[{"taxonomy":"category","embeddable":true,"href":"https:\/\/www.ilnotiziario.net\/wp\/wp-json\/wp\/v2\/categories?post=181173"},{"taxonomy":"post_tag","embeddable":true,"href":"https:\/\/www.ilnotiziario.net\/wp\/wp-json\/wp\/v2\/tags?post=181173"}],"curies":[{"name":"wp","href":"https:\/\/api.w.org\/{rel}","templated":true}]}}