{"id":181806,"date":"2023-04-25T11:00:19","date_gmt":"2023-04-25T09:00:19","guid":{"rendered":"https:\/\/www.ilnotiziario.net\/wp\/?p=181806"},"modified":"2023-04-25T07:46:51","modified_gmt":"2023-04-25T05:46:51","slug":"bis-del-tennis-ceriano-il-passaggio-alla-fase-regionale-e-cosa-fatta","status":"publish","type":"post","link":"https:\/\/www.ilnotiziario.net\/wp\/brianza\/bis-del-tennis-ceriano-il-passaggio-alla-fase-regionale-e-cosa-fatta\/","title":{"rendered":"Bis del Tennis Ceriano, il passaggio alla fase regionale \u00e8 cosa fatta"},"content":{"rendered":"<p>Con il secondo successo in due partite, la formazione femminile del Club Tennis Ceriano si \u00e8 gi\u00e0 messa in tasca il passaggio alla fase regionale ad eliminazione diretta del Campionato di Serie C 2023.<\/p><div id=\"ilnot-2027851164\" class=\"ilnot-contenuto ilnot-entity-placement\"><p><!-- incontent_1 --><\/p>\n<div class=\"gptslot\" data-adunitid=\"1\"><\/div>\n<\/div>\n<h2>Tennis Ceriano, il passaggio alla fase regionale<\/h2>\n<p>Domenica 23 aprile, nella trasferta di Buccinasco contro il Milago Tennis Center, la formazione brianzola \u00e8 passata per 3-1 grazie ai successi di Maria Aurelia Scotti e Irene Almasio nei singolari e a quello della coppia formata da Scotti e Alice Dell\u2019Orto nel doppio decisivo (6-3 7-5 il punteggio). Una vittoria che assicura alla formazione capitanata da Silverio Basilico almeno il secondo posto nel girone 4 della prima fase della competizione.<\/p>\n<h2>Ceriano subito sotto rete: domenica la sfida al Tc Milano<\/h2>\n<p>Il regolamento prevede infatti che le prime due squadre di ogni raggruppamento accedano al tabellone di qualificazione alla fase nazionale che inizier\u00e0 il 28 maggio prossimo. Domenica 30 aprile per\u00f2 ci sar\u00e0 la sfida fondamentale contro il Tc Milano A. Bonacossa sui campi di via Arimondi nel capoluogo lombardo. Un confronto importante perch\u00e9 decider\u00e0 i primi due posti del girone: passare da prima o seconda non \u00e8 solo un dettaglio perch\u00e9 le prime classificate accederanno direttamente al match decisivo per la qualificazione al tabellone nazionale mentre le seconde dovranno disputare un incontro in pi\u00f9. Nemmeno il tempo di festeggiare, che il CTC dovr\u00e0 gi\u00e0 pensare a un altro crocevia fondamentale della propria stagione.<br \/>\n<strong>Redazione web<\/strong><\/p><div id=\"ilnot-4025095612\" class=\"ilnot-contenuto_2 ilnot-entity-placement\"><div class=\"ads-wrapper\">\n<div class=\"ad-slot\">\n   <div id=\"ilnot-1391245704\" style=\"margin-right: auto;margin-left: auto;text-align: center;width: 320px;height: 100px;\"><a href=\"https:\/\/www.scuolasicurezza.it\/\"><img decoding=\"async\" src=\"https:\/\/www.ilnotiziario.net\/wp\/wp-content\/uploads\/2026\/04\/IlNotiziario_banner-sito-e-newsletter-320-x-100-px-1.gif\" alt=\"\"><\/a><\/div>\n  <\/div>\n<div class=\"ad-slot\">\n   <div id=\"ilnot-4042803384\" style=\"margin-right: auto;margin-left: auto;text-align: center;width: 320px;height: 100px;\"><a href=\"https:\/\/purodesignarredamenti.com\/\"><img decoding=\"async\" src=\"https:\/\/www.ilnotiziario.net\/wp\/wp-content\/uploads\/2026\/04\/banner-puro-ok.gif\" alt=\"whatsapp\"><\/a><\/div><\/p><\/div>\n<\/div>\n<\/div>\n","protected":false},"excerpt":{"rendered":"<p>Con il secondo successo in due partite, la formazione femminile del Club Tennis Ceriano si \u00e8 gi\u00e0 messa in tasca il passaggio alla fase regionale ad eliminazione diretta del Campionato di Serie C 2023. Tennis Ceriano, il passaggio alla fase regionale Domenica 23 aprile, nella trasferta di Buccinasco contro il Milago Tennis Center, la formazione<\/p>\n","protected":false},"author":3,"featured_media":181807,"comment_status":"closed","ping_status":"closed","sticky":false,"template":"","format":"standard","meta":{"footnotes":""},"categories":[9,20,15],"tags":[169,11070,11808,11069],"class_list":{"0":"post-181806","1":"post","2":"type-post","3":"status-publish","4":"format-standard","5":"has-post-thumbnail","7":"category-brianza","8":"category-prima-pagina","9":"category-sport","10":"tag-ceriano","11":"tag-club-tennis-ceriano","12":"tag-silverio-basilico","13":"tag-tennis-ceriano"},"yoast_head":"<!-- This site is optimized with the Yoast SEO plugin v27.4 - https:\/\/yoast.com\/product\/yoast-seo-wordpress\/ -->\n<title>Tennis Ceriano alla fase regionale - Il Notiziario<\/title>\n<meta name=\"description\" content=\"Tennis Ceriano gi\u00e0 alla fase regionale di serie C e intanto impegnato, domenica 30 aprile, contro il Tc Milano\" \/>\n<meta name=\"robots\" content=\"index, follow, max-snippet:-1, max-image-preview:large, max-video-preview:-1\" \/>\n<link rel=\"canonical\" href=\"https:\/\/www.ilnotiziario.net\/wp\/brianza\/bis-del-tennis-ceriano-il-passaggio-alla-fase-regionale-e-cosa-fatta\/\" \/>\n<meta property=\"og:locale\" content=\"it_IT\" \/>\n<meta property=\"og:type\" content=\"article\" \/>\n<meta property=\"og:title\" content=\"Tennis Ceriano alla fase regionale - Il Notiziario\" \/>\n<meta property=\"og:description\" content=\"Tennis Ceriano gi\u00e0 alla fase regionale di serie C e intanto impegnato, domenica 30 aprile, contro il Tc Milano\" \/>\n<meta property=\"og:url\" content=\"https:\/\/www.ilnotiziario.net\/wp\/brianza\/bis-del-tennis-ceriano-il-passaggio-alla-fase-regionale-e-cosa-fatta\/\" \/>\n<meta property=\"og:site_name\" content=\"Il Notiziario\" \/>\n<meta property=\"article:publisher\" content=\"https:\/\/www.facebook.com\/ilnotiziarioind\/\" \/>\n<meta property=\"article:published_time\" content=\"2023-04-25T09:00:19+00:00\" \/>\n<meta property=\"og:image\" content=\"https:\/\/www.ilnotiziario.net\/wp\/wp-content\/uploads\/2023\/04\/ceriano-tennis.jpg\" \/>\n\t<meta property=\"og:image:width\" content=\"1320\" \/>\n\t<meta property=\"og:image:height\" content=\"880\" \/>\n\t<meta property=\"og:image:type\" content=\"image\/jpeg\" \/>\n<meta name=\"author\" content=\"Gabriele Bassani\" \/>\n<meta name=\"twitter:card\" content=\"summary_large_image\" \/>\n<meta name=\"twitter:creator\" content=\"@ilNotiziarioInd\" \/>\n<meta name=\"twitter:site\" content=\"@ilNotiziarioInd\" \/>\n<meta name=\"twitter:label1\" content=\"Scritto da\" \/>\n\t<meta name=\"twitter:data1\" content=\"Gabriele Bassani\" \/>\n\t<meta name=\"twitter:label2\" content=\"Tempo di lettura stimato\" \/>\n\t<meta name=\"twitter:data2\" content=\"2 minuti\" \/>\n<script type=\"application\/ld+json\" class=\"yoast-schema-graph\">{\"@context\":\"https:\\\/\\\/schema.org\",\"@graph\":[{\"@type\":\"Article\",\"@id\":\"https:\\\/\\\/www.ilnotiziario.net\\\/wp\\\/brianza\\\/bis-del-tennis-ceriano-il-passaggio-alla-fase-regionale-e-cosa-fatta\\\/#article\",\"isPartOf\":{\"@id\":\"https:\\\/\\\/www.ilnotiziario.net\\\/wp\\\/brianza\\\/bis-del-tennis-ceriano-il-passaggio-alla-fase-regionale-e-cosa-fatta\\\/\"},\"author\":{\"name\":\"Gabriele Bassani\",\"@id\":\"https:\\\/\\\/www.ilnotiziario.net\\\/wp\\\/#\\\/schema\\\/person\\\/386e222908f898bb41c033989482bbf2\"},\"headline\":\"Bis del Tennis Ceriano, il passaggio alla fase regionale \u00e8 cosa fatta\",\"datePublished\":\"2023-04-25T09:00:19+00:00\",\"mainEntityOfPage\":{\"@id\":\"https:\\\/\\\/www.ilnotiziario.net\\\/wp\\\/brianza\\\/bis-del-tennis-ceriano-il-passaggio-alla-fase-regionale-e-cosa-fatta\\\/\"},\"wordCount\":241,\"publisher\":{\"@id\":\"https:\\\/\\\/www.ilnotiziario.net\\\/wp\\\/#organization\"},\"image\":{\"@id\":\"https:\\\/\\\/www.ilnotiziario.net\\\/wp\\\/brianza\\\/bis-del-tennis-ceriano-il-passaggio-alla-fase-regionale-e-cosa-fatta\\\/#primaryimage\"},\"thumbnailUrl\":\"https:\\\/\\\/www.ilnotiziario.net\\\/wp\\\/wp-content\\\/uploads\\\/2023\\\/04\\\/ceriano-tennis.jpg\",\"keywords\":[\"Ceriano\",\"club tennis ceriano\",\"silverio basilico\",\"tennis ceriano\"],\"articleSection\":[\"BRIANZA\",\"Prima Pagina\",\"SPORT\"],\"inLanguage\":\"it-IT\"},{\"@type\":\"WebPage\",\"@id\":\"https:\\\/\\\/www.ilnotiziario.net\\\/wp\\\/brianza\\\/bis-del-tennis-ceriano-il-passaggio-alla-fase-regionale-e-cosa-fatta\\\/\",\"url\":\"https:\\\/\\\/www.ilnotiziario.net\\\/wp\\\/brianza\\\/bis-del-tennis-ceriano-il-passaggio-alla-fase-regionale-e-cosa-fatta\\\/\",\"name\":\"Tennis Ceriano alla fase regionale - Il Notiziario\",\"isPartOf\":{\"@id\":\"https:\\\/\\\/www.ilnotiziario.net\\\/wp\\\/#website\"},\"primaryImageOfPage\":{\"@id\":\"https:\\\/\\\/www.ilnotiziario.net\\\/wp\\\/brianza\\\/bis-del-tennis-ceriano-il-passaggio-alla-fase-regionale-e-cosa-fatta\\\/#primaryimage\"},\"image\":{\"@id\":\"https:\\\/\\\/www.ilnotiziario.net\\\/wp\\\/brianza\\\/bis-del-tennis-ceriano-il-passaggio-alla-fase-regionale-e-cosa-fatta\\\/#primaryimage\"},\"thumbnailUrl\":\"https:\\\/\\\/www.ilnotiziario.net\\\/wp\\\/wp-content\\\/uploads\\\/2023\\\/04\\\/ceriano-tennis.jpg\",\"datePublished\":\"2023-04-25T09:00:19+00:00\",\"description\":\"Tennis Ceriano gi\u00e0 alla fase regionale di serie C e intanto impegnato, domenica 30 aprile, contro il Tc Milano\",\"breadcrumb\":{\"@id\":\"https:\\\/\\\/www.ilnotiziario.net\\\/wp\\\/brianza\\\/bis-del-tennis-ceriano-il-passaggio-alla-fase-regionale-e-cosa-fatta\\\/#breadcrumb\"},\"inLanguage\":\"it-IT\",\"potentialAction\":[{\"@type\":\"ReadAction\",\"target\":[\"https:\\\/\\\/www.ilnotiziario.net\\\/wp\\\/brianza\\\/bis-del-tennis-ceriano-il-passaggio-alla-fase-regionale-e-cosa-fatta\\\/\"]}]},{\"@type\":\"ImageObject\",\"inLanguage\":\"it-IT\",\"@id\":\"https:\\\/\\\/www.ilnotiziario.net\\\/wp\\\/brianza\\\/bis-del-tennis-ceriano-il-passaggio-alla-fase-regionale-e-cosa-fatta\\\/#primaryimage\",\"url\":\"https:\\\/\\\/www.ilnotiziario.net\\\/wp\\\/wp-content\\\/uploads\\\/2023\\\/04\\\/ceriano-tennis.jpg\",\"contentUrl\":\"https:\\\/\\\/www.ilnotiziario.net\\\/wp\\\/wp-content\\\/uploads\\\/2023\\\/04\\\/ceriano-tennis.jpg\",\"width\":1320,\"height\":880},{\"@type\":\"BreadcrumbList\",\"@id\":\"https:\\\/\\\/www.ilnotiziario.net\\\/wp\\\/brianza\\\/bis-del-tennis-ceriano-il-passaggio-alla-fase-regionale-e-cosa-fatta\\\/#breadcrumb\",\"itemListElement\":[{\"@type\":\"ListItem\",\"position\":1,\"name\":\"tds_text_logo_tagline_colortds_text_logo_tagline_colortds_text_logo_tagline_colortds_text_logo_tagline_colortd_module_7_title_excerpttd_module_7_title_excerpttd_module_7_title_excerpttd_module_7_title_excerptHome\",\"item\":\"https:\\\/\\\/www.ilnotiziario.net\\\/wp\\\/\"},{\"@type\":\"ListItem\",\"position\":2,\"name\":\"Bis del Tennis Ceriano, il passaggio alla fase regionale \u00e8 cosa fatta\"}]},{\"@type\":\"WebSite\",\"@id\":\"https:\\\/\\\/www.ilnotiziario.net\\\/wp\\\/#website\",\"url\":\"https:\\\/\\\/www.ilnotiziario.net\\\/wp\\\/\",\"name\":\"Il Notiziario\",\"description\":\"Per restare sempre connessi alla notizia\",\"publisher\":{\"@id\":\"https:\\\/\\\/www.ilnotiziario.net\\\/wp\\\/#organization\"},\"alternateName\":\"Il Notiziario Bollate\",\"potentialAction\":[{\"@type\":\"SearchAction\",\"target\":{\"@type\":\"EntryPoint\",\"urlTemplate\":\"https:\\\/\\\/www.ilnotiziario.net\\\/wp\\\/?s={search_term_string}\"},\"query-input\":{\"@type\":\"PropertyValueSpecification\",\"valueRequired\":true,\"valueName\":\"search_term_string\"}}],\"inLanguage\":\"it-IT\"},{\"@type\":\"Organization\",\"@id\":\"https:\\\/\\\/www.ilnotiziario.net\\\/wp\\\/#organization\",\"name\":\"Il Notiziario\",\"url\":\"https:\\\/\\\/www.ilnotiziario.net\\\/wp\\\/\",\"logo\":{\"@type\":\"ImageObject\",\"inLanguage\":\"it-IT\",\"@id\":\"https:\\\/\\\/www.ilnotiziario.net\\\/wp\\\/#\\\/schema\\\/logo\\\/image\\\/\",\"url\":\"https:\\\/\\\/www.ilnotiziario.net\\\/wp\\\/wp-content\\\/uploads\\\/2022\\\/06\\\/170x170ilN.png\",\"contentUrl\":\"https:\\\/\\\/www.ilnotiziario.net\\\/wp\\\/wp-content\\\/uploads\\\/2022\\\/06\\\/170x170ilN.png\",\"width\":355,\"height\":355,\"caption\":\"Il Notiziario\"},\"image\":{\"@id\":\"https:\\\/\\\/www.ilnotiziario.net\\\/wp\\\/#\\\/schema\\\/logo\\\/image\\\/\"},\"sameAs\":[\"https:\\\/\\\/www.facebook.com\\\/ilnotiziarioind\\\/\",\"https:\\\/\\\/x.com\\\/ilNotiziarioInd\",\"https:\\\/\\\/www.instagram.com\\\/ilnotiziario_settimanale\\\/\"]},{\"@type\":\"Person\",\"@id\":\"https:\\\/\\\/www.ilnotiziario.net\\\/wp\\\/#\\\/schema\\\/person\\\/386e222908f898bb41c033989482bbf2\",\"name\":\"Gabriele Bassani\",\"image\":{\"@type\":\"ImageObject\",\"inLanguage\":\"it-IT\",\"@id\":\"https:\\\/\\\/secure.gravatar.com\\\/avatar\\\/09274f4a84fa97698bde56f84b3afed61c8492d48b0550db9671b68c177479cb?s=96&d=mm&r=g\",\"url\":\"https:\\\/\\\/secure.gravatar.com\\\/avatar\\\/09274f4a84fa97698bde56f84b3afed61c8492d48b0550db9671b68c177479cb?s=96&d=mm&r=g\",\"contentUrl\":\"https:\\\/\\\/secure.gravatar.com\\\/avatar\\\/09274f4a84fa97698bde56f84b3afed61c8492d48b0550db9671b68c177479cb?s=96&d=mm&r=g\",\"caption\":\"Gabriele Bassani\"},\"sameAs\":[\"http:\\\/\\\/www.ilnotiziario.net\"]}]}<\/script>\n<!-- \/ Yoast SEO plugin. -->","yoast_head_json":{"title":"Tennis Ceriano alla fase regionale - Il Notiziario","description":"Tennis Ceriano gi\u00e0 alla fase regionale di serie C e intanto impegnato, domenica 30 aprile, contro il Tc Milano","robots":{"index":"index","follow":"follow","max-snippet":"max-snippet:-1","max-image-preview":"max-image-preview:large","max-video-preview":"max-video-preview:-1"},"canonical":"https:\/\/www.ilnotiziario.net\/wp\/brianza\/bis-del-tennis-ceriano-il-passaggio-alla-fase-regionale-e-cosa-fatta\/","og_locale":"it_IT","og_type":"article","og_title":"Tennis Ceriano alla fase regionale - Il Notiziario","og_description":"Tennis Ceriano gi\u00e0 alla fase regionale di serie C e intanto impegnato, domenica 30 aprile, contro il Tc Milano","og_url":"https:\/\/www.ilnotiziario.net\/wp\/brianza\/bis-del-tennis-ceriano-il-passaggio-alla-fase-regionale-e-cosa-fatta\/","og_site_name":"Il Notiziario","article_publisher":"https:\/\/www.facebook.com\/ilnotiziarioind\/","article_published_time":"2023-04-25T09:00:19+00:00","og_image":[{"width":1320,"height":880,"url":"https:\/\/www.ilnotiziario.net\/wp\/wp-content\/uploads\/2023\/04\/ceriano-tennis.jpg","type":"image\/jpeg"}],"author":"Gabriele Bassani","twitter_card":"summary_large_image","twitter_creator":"@ilNotiziarioInd","twitter_site":"@ilNotiziarioInd","twitter_misc":{"Scritto da":"Gabriele Bassani","Tempo di lettura stimato":"2 minuti"},"schema":{"@context":"https:\/\/schema.org","@graph":[{"@type":"Article","@id":"https:\/\/www.ilnotiziario.net\/wp\/brianza\/bis-del-tennis-ceriano-il-passaggio-alla-fase-regionale-e-cosa-fatta\/#article","isPartOf":{"@id":"https:\/\/www.ilnotiziario.net\/wp\/brianza\/bis-del-tennis-ceriano-il-passaggio-alla-fase-regionale-e-cosa-fatta\/"},"author":{"name":"Gabriele Bassani","@id":"https:\/\/www.ilnotiziario.net\/wp\/#\/schema\/person\/386e222908f898bb41c033989482bbf2"},"headline":"Bis del Tennis Ceriano, il passaggio alla fase regionale \u00e8 cosa fatta","datePublished":"2023-04-25T09:00:19+00:00","mainEntityOfPage":{"@id":"https:\/\/www.ilnotiziario.net\/wp\/brianza\/bis-del-tennis-ceriano-il-passaggio-alla-fase-regionale-e-cosa-fatta\/"},"wordCount":241,"publisher":{"@id":"https:\/\/www.ilnotiziario.net\/wp\/#organization"},"image":{"@id":"https:\/\/www.ilnotiziario.net\/wp\/brianza\/bis-del-tennis-ceriano-il-passaggio-alla-fase-regionale-e-cosa-fatta\/#primaryimage"},"thumbnailUrl":"https:\/\/www.ilnotiziario.net\/wp\/wp-content\/uploads\/2023\/04\/ceriano-tennis.jpg","keywords":["Ceriano","club tennis ceriano","silverio basilico","tennis ceriano"],"articleSection":["BRIANZA","Prima Pagina","SPORT"],"inLanguage":"it-IT"},{"@type":"WebPage","@id":"https:\/\/www.ilnotiziario.net\/wp\/brianza\/bis-del-tennis-ceriano-il-passaggio-alla-fase-regionale-e-cosa-fatta\/","url":"https:\/\/www.ilnotiziario.net\/wp\/brianza\/bis-del-tennis-ceriano-il-passaggio-alla-fase-regionale-e-cosa-fatta\/","name":"Tennis Ceriano alla fase regionale - Il Notiziario","isPartOf":{"@id":"https:\/\/www.ilnotiziario.net\/wp\/#website"},"primaryImageOfPage":{"@id":"https:\/\/www.ilnotiziario.net\/wp\/brianza\/bis-del-tennis-ceriano-il-passaggio-alla-fase-regionale-e-cosa-fatta\/#primaryimage"},"image":{"@id":"https:\/\/www.ilnotiziario.net\/wp\/brianza\/bis-del-tennis-ceriano-il-passaggio-alla-fase-regionale-e-cosa-fatta\/#primaryimage"},"thumbnailUrl":"https:\/\/www.ilnotiziario.net\/wp\/wp-content\/uploads\/2023\/04\/ceriano-tennis.jpg","datePublished":"2023-04-25T09:00:19+00:00","description":"Tennis Ceriano gi\u00e0 alla fase regionale di serie C e intanto impegnato, domenica 30 aprile, contro il Tc Milano","breadcrumb":{"@id":"https:\/\/www.ilnotiziario.net\/wp\/brianza\/bis-del-tennis-ceriano-il-passaggio-alla-fase-regionale-e-cosa-fatta\/#breadcrumb"},"inLanguage":"it-IT","potentialAction":[{"@type":"ReadAction","target":["https:\/\/www.ilnotiziario.net\/wp\/brianza\/bis-del-tennis-ceriano-il-passaggio-alla-fase-regionale-e-cosa-fatta\/"]}]},{"@type":"ImageObject","inLanguage":"it-IT","@id":"https:\/\/www.ilnotiziario.net\/wp\/brianza\/bis-del-tennis-ceriano-il-passaggio-alla-fase-regionale-e-cosa-fatta\/#primaryimage","url":"https:\/\/www.ilnotiziario.net\/wp\/wp-content\/uploads\/2023\/04\/ceriano-tennis.jpg","contentUrl":"https:\/\/www.ilnotiziario.net\/wp\/wp-content\/uploads\/2023\/04\/ceriano-tennis.jpg","width":1320,"height":880},{"@type":"BreadcrumbList","@id":"https:\/\/www.ilnotiziario.net\/wp\/brianza\/bis-del-tennis-ceriano-il-passaggio-alla-fase-regionale-e-cosa-fatta\/#breadcrumb","itemListElement":[{"@type":"ListItem","position":1,"name":"tds_text_logo_tagline_colortds_text_logo_tagline_colortds_text_logo_tagline_colortds_text_logo_tagline_colortd_module_7_title_excerpttd_module_7_title_excerpttd_module_7_title_excerpttd_module_7_title_excerptHome","item":"https:\/\/www.ilnotiziario.net\/wp\/"},{"@type":"ListItem","position":2,"name":"Bis del Tennis Ceriano, il passaggio alla fase regionale \u00e8 cosa fatta"}]},{"@type":"WebSite","@id":"https:\/\/www.ilnotiziario.net\/wp\/#website","url":"https:\/\/www.ilnotiziario.net\/wp\/","name":"Il Notiziario","description":"Per restare sempre connessi alla notizia","publisher":{"@id":"https:\/\/www.ilnotiziario.net\/wp\/#organization"},"alternateName":"Il Notiziario Bollate","potentialAction":[{"@type":"SearchAction","target":{"@type":"EntryPoint","urlTemplate":"https:\/\/www.ilnotiziario.net\/wp\/?s={search_term_string}"},"query-input":{"@type":"PropertyValueSpecification","valueRequired":true,"valueName":"search_term_string"}}],"inLanguage":"it-IT"},{"@type":"Organization","@id":"https:\/\/www.ilnotiziario.net\/wp\/#organization","name":"Il Notiziario","url":"https:\/\/www.ilnotiziario.net\/wp\/","logo":{"@type":"ImageObject","inLanguage":"it-IT","@id":"https:\/\/www.ilnotiziario.net\/wp\/#\/schema\/logo\/image\/","url":"https:\/\/www.ilnotiziario.net\/wp\/wp-content\/uploads\/2022\/06\/170x170ilN.png","contentUrl":"https:\/\/www.ilnotiziario.net\/wp\/wp-content\/uploads\/2022\/06\/170x170ilN.png","width":355,"height":355,"caption":"Il Notiziario"},"image":{"@id":"https:\/\/www.ilnotiziario.net\/wp\/#\/schema\/logo\/image\/"},"sameAs":["https:\/\/www.facebook.com\/ilnotiziarioind\/","https:\/\/x.com\/ilNotiziarioInd","https:\/\/www.instagram.com\/ilnotiziario_settimanale\/"]},{"@type":"Person","@id":"https:\/\/www.ilnotiziario.net\/wp\/#\/schema\/person\/386e222908f898bb41c033989482bbf2","name":"Gabriele Bassani","image":{"@type":"ImageObject","inLanguage":"it-IT","@id":"https:\/\/secure.gravatar.com\/avatar\/09274f4a84fa97698bde56f84b3afed61c8492d48b0550db9671b68c177479cb?s=96&d=mm&r=g","url":"https:\/\/secure.gravatar.com\/avatar\/09274f4a84fa97698bde56f84b3afed61c8492d48b0550db9671b68c177479cb?s=96&d=mm&r=g","contentUrl":"https:\/\/secure.gravatar.com\/avatar\/09274f4a84fa97698bde56f84b3afed61c8492d48b0550db9671b68c177479cb?s=96&d=mm&r=g","caption":"Gabriele Bassani"},"sameAs":["http:\/\/www.ilnotiziario.net"]}]}},"_links":{"self":[{"href":"https:\/\/www.ilnotiziario.net\/wp\/wp-json\/wp\/v2\/posts\/181806","targetHints":{"allow":["GET"]}}],"collection":[{"href":"https:\/\/www.ilnotiziario.net\/wp\/wp-json\/wp\/v2\/posts"}],"about":[{"href":"https:\/\/www.ilnotiziario.net\/wp\/wp-json\/wp\/v2\/types\/post"}],"author":[{"embeddable":true,"href":"https:\/\/www.ilnotiziario.net\/wp\/wp-json\/wp\/v2\/users\/3"}],"replies":[{"embeddable":true,"href":"https:\/\/www.ilnotiziario.net\/wp\/wp-json\/wp\/v2\/comments?post=181806"}],"version-history":[{"count":0,"href":"https:\/\/www.ilnotiziario.net\/wp\/wp-json\/wp\/v2\/posts\/181806\/revisions"}],"wp:featuredmedia":[{"embeddable":true,"href":"https:\/\/www.ilnotiziario.net\/wp\/wp-json\/wp\/v2\/media\/181807"}],"wp:attachment":[{"href":"https:\/\/www.ilnotiziario.net\/wp\/wp-json\/wp\/v2\/media?parent=181806"}],"wp:term":[{"taxonomy":"category","embeddable":true,"href":"https:\/\/www.ilnotiziario.net\/wp\/wp-json\/wp\/v2\/categories?post=181806"},{"taxonomy":"post_tag","embeddable":true,"href":"https:\/\/www.ilnotiziario.net\/wp\/wp-json\/wp\/v2\/tags?post=181806"}],"curies":[{"name":"wp","href":"https:\/\/api.w.org\/{rel}","templated":true}]}}