{"id":181881,"date":"2023-04-27T10:00:54","date_gmt":"2023-04-27T08:00:54","guid":{"rendered":"https:\/\/www.ilnotiziario.net\/wp\/?p=181881"},"modified":"2023-04-27T08:58:55","modified_gmt":"2023-04-27T06:58:55","slug":"arese-punta-al-risparmio-nuova-rete-con-impianti-a-basso-consumo","status":"publish","type":"post","link":"https:\/\/www.ilnotiziario.net\/wp\/bollatese\/arese-punta-al-risparmio-nuova-rete-con-impianti-a-basso-consumo\/","title":{"rendered":"Arese punta al risparmio: nuova rete con impianti a basso consumo"},"content":{"rendered":"<p>Efficientamento energetico ad Arese, nuovo corso ad Arese: con il mese di aprile che va concludendosi hanno preso il via gli interventi per incrementare l\u2019efficienza energetica della rete, con la predilezione di impianti a basso consumo.<\/p><div id=\"ilnot-2854713537\" class=\"ilnot-contenuto ilnot-entity-placement\"><p><!-- incontent_1 --><\/p>\n<div class=\"gptslot\" data-adunitid=\"1\"><\/div>\n<\/div>\n<p><strong>Leggi anche <a href=\"https:\/\/www.ilnotiziario.net\/wp\/nord-milano\/cormano-led-75-risparmi\/\" target=\"_blank\" rel=\"noopener\">Cormano e il led: &#8220;In un anno risparmi del 75%&#8221;<\/a><\/strong><\/p>\n<h2><b>Arese e i nuovi pali dell\u2019illuminazione pubblica a basso consumo<\/b><\/h2>\n<p>Il Comune di Arese, proprietario di tutti i pali di illuminazione pubblica, ed Enel X hanno infatti sottoscritto un\u2019apposita convenzione per sostituire le lampade a led di nuova generazione ad alta efficienza e basso consumo di tutte quelle obsolete, ormai fuori norma e non efficienti.<\/p><div id=\"ilnot-1146965155\" class=\"ilnot-contenuto_2 ilnot-entity-placement\"><div class=\"ads-wrapper\">\n<div class=\"ad-slot\">\n   <div id=\"ilnot-1157647642\" style=\"margin-right: auto;margin-left: auto;text-align: center;width: 320px;height: 100px;\"><a href=\"https:\/\/www.scuolasicurezza.it\/\"><img decoding=\"async\" src=\"https:\/\/www.ilnotiziario.net\/wp\/wp-content\/uploads\/2026\/04\/IlNotiziario_banner-sito-e-newsletter-320-x-100-px-1.gif\" alt=\"\"><\/a><\/div>\n  <\/div>\n<div class=\"ad-slot\">\n   <div id=\"ilnot-4275236644\" style=\"margin-right: auto;margin-left: auto;text-align: center;width: 320px;height: 100px;\"><a href=\"https:\/\/purodesignarredamenti.com\/\"><img decoding=\"async\" src=\"https:\/\/www.ilnotiziario.net\/wp\/wp-content\/uploads\/2026\/04\/banner-puro-ok.gif\" alt=\"whatsapp\"><\/a><\/div><\/p><\/div>\n<\/div>\n<\/div>\n<p><strong>Leggi anche <a href=\"https:\/\/www.ilnotiziario.net\/wp\/nord-milano\/cusano-led\/\" target=\"_blank\" rel=\"noopener\">Cusano come Cormano: accordo di 9 anni per l&#8217;illuminazione al led<\/a><\/strong><\/p>\n<p>L\u2019obiettivo \u00e8 ottimizzare al massimo il risparmio energetico e migliorare il livello di illuminazione di strade, piazze e luoghi pubblici. Tutti gli oneri per realizzare gli interventi, grazie al criterio del project financing, vengono compresi nel canone (corrispondente alla spesa storica per la fornitura di energia elettrica e per la manutenzione), che verr\u00e0 pagato dal Comune al concessionario, al quale spetter\u00e0 anche la fornitura di energia elettrica.<\/p>\n<h2><b>Risparmio energetico, Arese e il piano di efficientamento energetico<\/b><\/h2>\n<p>Il risparmio energetico, tenendo conto delle indicazioni contenute nel Pte (Piano tecnico economico), \u00e8 stimato in 52,422 KW\/h con una riduzione del 62% rispetto agli attuali consumi. Il progetto, previsto dalla convenzione Consip Servizio Luce 4, fa s\u00ec che Arese diventi ancor di pi\u00f9 una smart city mediante l\u2019installazione sugli assi della viabilit\u00e0 principale (oltre a quelle gi\u00e0 presenti agli ingressi della citt\u00e0) di telecamere \u201cintelligenti\u201d, programmabili per vari servizi tra i quali la lettura targhe e del contesto, per il monitoraggio degli assi principali di viabilit\u00e0, per monitorare il flusso veicolare, la velocit\u00e0 dei veicoli e lo stato delle assicurazioni, per servizi di sicurezza per l\u2019utenza debole.<\/p><div id=\"ilnot-50890794\" class=\"ilnot-contenuto_2-2 ilnot-entity-placement\"><div class=\"gptslot\" data-adunitid=\"2\"><\/div>\n<\/div>\n<p>Infine tramite il portale predisposto da Enel X \u201cYouUrban\u201d \u00e8 possibile scaricare l\u2019apposita App e segnalare eventuali disservizi e facilitare cos\u00ec gli interventi di sistemazione. In alternativa \u00e8 attivo 24 h su 24 il numero verde 800.901.050, oppure l\u2019indirizzo mail sole.segnalazione@enel.com.<br \/>\n<strong>Redazione web<\/strong><\/p>\n","protected":false},"excerpt":{"rendered":"<p>Efficientamento energetico ad Arese, nuovo corso ad Arese: con il mese di aprile che va concludendosi hanno preso il via gli interventi per incrementare l\u2019efficienza energetica della rete, con la predilezione di impianti a basso consumo. Leggi anche Cormano e il led: &#8220;In un anno risparmi del 75%&#8221; Arese e i nuovi pali dell\u2019illuminazione pubblica<\/p>\n","protected":false},"author":3,"featured_media":181882,"comment_status":"closed","ping_status":"closed","sticky":false,"template":"","format":"standard","meta":{"footnotes":""},"categories":[8,20],"tags":[115,14285,11435,13564],"class_list":{"0":"post-181881","1":"post","2":"type-post","3":"status-publish","4":"format-standard","5":"has-post-thumbnail","7":"category-bollatese","8":"category-prima-pagina","9":"tag-arese","10":"tag-basso-consumo","11":"tag-efficientamento-energetico","12":"tag-enel-x"},"yoast_head":"<!-- This site is optimized with the Yoast SEO plugin v27.4 - https:\/\/yoast.com\/product\/yoast-seo-wordpress\/ -->\n<title>Arese e la nuova rete energetica a basso consumo - Il Notiziario<\/title>\n<meta name=\"description\" content=\"Partiti gli interventi di efficientamento energetico: nuova rete a basso consumo ad Arese\" \/>\n<meta name=\"robots\" content=\"index, follow, max-snippet:-1, max-image-preview:large, max-video-preview:-1\" \/>\n<link rel=\"canonical\" href=\"https:\/\/www.ilnotiziario.net\/wp\/bollatese\/arese-punta-al-risparmio-nuova-rete-con-impianti-a-basso-consumo\/\" \/>\n<meta property=\"og:locale\" content=\"it_IT\" \/>\n<meta property=\"og:type\" content=\"article\" \/>\n<meta property=\"og:title\" content=\"Arese e la nuova rete energetica a basso consumo - Il Notiziario\" \/>\n<meta property=\"og:description\" content=\"Partiti gli interventi di efficientamento energetico: nuova rete a basso consumo ad Arese\" \/>\n<meta property=\"og:url\" content=\"https:\/\/www.ilnotiziario.net\/wp\/bollatese\/arese-punta-al-risparmio-nuova-rete-con-impianti-a-basso-consumo\/\" \/>\n<meta property=\"og:site_name\" content=\"Il Notiziario\" \/>\n<meta property=\"article:publisher\" content=\"https:\/\/www.facebook.com\/ilnotiziarioind\/\" \/>\n<meta property=\"article:published_time\" content=\"2023-04-27T08:00:54+00:00\" \/>\n<meta property=\"og:image\" content=\"https:\/\/www.ilnotiziario.net\/wp\/wp-content\/uploads\/2023\/04\/Arese-piazza-XI-Settembre.jpg\" \/>\n\t<meta property=\"og:image:width\" content=\"1021\" \/>\n\t<meta property=\"og:image:height\" content=\"546\" \/>\n\t<meta property=\"og:image:type\" content=\"image\/jpeg\" \/>\n<meta name=\"author\" content=\"Gabriele Bassani\" \/>\n<meta name=\"twitter:card\" content=\"summary_large_image\" \/>\n<meta name=\"twitter:creator\" content=\"@ilNotiziarioInd\" \/>\n<meta name=\"twitter:site\" content=\"@ilNotiziarioInd\" \/>\n<meta name=\"twitter:label1\" content=\"Scritto da\" \/>\n\t<meta name=\"twitter:data1\" content=\"Gabriele Bassani\" \/>\n\t<meta name=\"twitter:label2\" content=\"Tempo di lettura stimato\" \/>\n\t<meta name=\"twitter:data2\" content=\"2 minuti\" \/>\n<script type=\"application\/ld+json\" class=\"yoast-schema-graph\">{\"@context\":\"https:\\\/\\\/schema.org\",\"@graph\":[{\"@type\":\"Article\",\"@id\":\"https:\\\/\\\/www.ilnotiziario.net\\\/wp\\\/bollatese\\\/arese-punta-al-risparmio-nuova-rete-con-impianti-a-basso-consumo\\\/#article\",\"isPartOf\":{\"@id\":\"https:\\\/\\\/www.ilnotiziario.net\\\/wp\\\/bollatese\\\/arese-punta-al-risparmio-nuova-rete-con-impianti-a-basso-consumo\\\/\"},\"author\":{\"name\":\"Gabriele Bassani\",\"@id\":\"https:\\\/\\\/www.ilnotiziario.net\\\/wp\\\/#\\\/schema\\\/person\\\/386e222908f898bb41c033989482bbf2\"},\"headline\":\"Arese punta al risparmio: nuova rete con impianti a basso consumo\",\"datePublished\":\"2023-04-27T08:00:54+00:00\",\"mainEntityOfPage\":{\"@id\":\"https:\\\/\\\/www.ilnotiziario.net\\\/wp\\\/bollatese\\\/arese-punta-al-risparmio-nuova-rete-con-impianti-a-basso-consumo\\\/\"},\"wordCount\":355,\"publisher\":{\"@id\":\"https:\\\/\\\/www.ilnotiziario.net\\\/wp\\\/#organization\"},\"image\":{\"@id\":\"https:\\\/\\\/www.ilnotiziario.net\\\/wp\\\/bollatese\\\/arese-punta-al-risparmio-nuova-rete-con-impianti-a-basso-consumo\\\/#primaryimage\"},\"thumbnailUrl\":\"https:\\\/\\\/www.ilnotiziario.net\\\/wp\\\/wp-content\\\/uploads\\\/2023\\\/04\\\/Arese-piazza-XI-Settembre.jpg\",\"keywords\":[\"Arese\",\"basso consumo\",\"efficientamento energetico\",\"enel x\"],\"articleSection\":[\"BOLLATESE\",\"Prima Pagina\"],\"inLanguage\":\"it-IT\"},{\"@type\":\"WebPage\",\"@id\":\"https:\\\/\\\/www.ilnotiziario.net\\\/wp\\\/bollatese\\\/arese-punta-al-risparmio-nuova-rete-con-impianti-a-basso-consumo\\\/\",\"url\":\"https:\\\/\\\/www.ilnotiziario.net\\\/wp\\\/bollatese\\\/arese-punta-al-risparmio-nuova-rete-con-impianti-a-basso-consumo\\\/\",\"name\":\"Arese e la nuova rete energetica a basso consumo - Il Notiziario\",\"isPartOf\":{\"@id\":\"https:\\\/\\\/www.ilnotiziario.net\\\/wp\\\/#website\"},\"primaryImageOfPage\":{\"@id\":\"https:\\\/\\\/www.ilnotiziario.net\\\/wp\\\/bollatese\\\/arese-punta-al-risparmio-nuova-rete-con-impianti-a-basso-consumo\\\/#primaryimage\"},\"image\":{\"@id\":\"https:\\\/\\\/www.ilnotiziario.net\\\/wp\\\/bollatese\\\/arese-punta-al-risparmio-nuova-rete-con-impianti-a-basso-consumo\\\/#primaryimage\"},\"thumbnailUrl\":\"https:\\\/\\\/www.ilnotiziario.net\\\/wp\\\/wp-content\\\/uploads\\\/2023\\\/04\\\/Arese-piazza-XI-Settembre.jpg\",\"datePublished\":\"2023-04-27T08:00:54+00:00\",\"description\":\"Partiti gli interventi di efficientamento energetico: nuova rete a basso consumo ad Arese\",\"breadcrumb\":{\"@id\":\"https:\\\/\\\/www.ilnotiziario.net\\\/wp\\\/bollatese\\\/arese-punta-al-risparmio-nuova-rete-con-impianti-a-basso-consumo\\\/#breadcrumb\"},\"inLanguage\":\"it-IT\",\"potentialAction\":[{\"@type\":\"ReadAction\",\"target\":[\"https:\\\/\\\/www.ilnotiziario.net\\\/wp\\\/bollatese\\\/arese-punta-al-risparmio-nuova-rete-con-impianti-a-basso-consumo\\\/\"]}]},{\"@type\":\"ImageObject\",\"inLanguage\":\"it-IT\",\"@id\":\"https:\\\/\\\/www.ilnotiziario.net\\\/wp\\\/bollatese\\\/arese-punta-al-risparmio-nuova-rete-con-impianti-a-basso-consumo\\\/#primaryimage\",\"url\":\"https:\\\/\\\/www.ilnotiziario.net\\\/wp\\\/wp-content\\\/uploads\\\/2023\\\/04\\\/Arese-piazza-XI-Settembre.jpg\",\"contentUrl\":\"https:\\\/\\\/www.ilnotiziario.net\\\/wp\\\/wp-content\\\/uploads\\\/2023\\\/04\\\/Arese-piazza-XI-Settembre.jpg\",\"width\":1021,\"height\":546,\"caption\":\"Efficientamento energetico, Arese: piazza XI Settembre\"},{\"@type\":\"BreadcrumbList\",\"@id\":\"https:\\\/\\\/www.ilnotiziario.net\\\/wp\\\/bollatese\\\/arese-punta-al-risparmio-nuova-rete-con-impianti-a-basso-consumo\\\/#breadcrumb\",\"itemListElement\":[{\"@type\":\"ListItem\",\"position\":1,\"name\":\"tds_text_logo_tagline_colortds_text_logo_tagline_colortds_text_logo_tagline_colortds_text_logo_tagline_colortd_module_7_title_excerpttd_module_7_title_excerpttd_module_7_title_excerpttd_module_7_title_excerptHome\",\"item\":\"https:\\\/\\\/www.ilnotiziario.net\\\/wp\\\/\"},{\"@type\":\"ListItem\",\"position\":2,\"name\":\"Arese punta al risparmio: nuova rete con impianti a basso consumo\"}]},{\"@type\":\"WebSite\",\"@id\":\"https:\\\/\\\/www.ilnotiziario.net\\\/wp\\\/#website\",\"url\":\"https:\\\/\\\/www.ilnotiziario.net\\\/wp\\\/\",\"name\":\"Il Notiziario\",\"description\":\"Per restare sempre connessi alla notizia\",\"publisher\":{\"@id\":\"https:\\\/\\\/www.ilnotiziario.net\\\/wp\\\/#organization\"},\"alternateName\":\"Il Notiziario Bollate\",\"potentialAction\":[{\"@type\":\"SearchAction\",\"target\":{\"@type\":\"EntryPoint\",\"urlTemplate\":\"https:\\\/\\\/www.ilnotiziario.net\\\/wp\\\/?s={search_term_string}\"},\"query-input\":{\"@type\":\"PropertyValueSpecification\",\"valueRequired\":true,\"valueName\":\"search_term_string\"}}],\"inLanguage\":\"it-IT\"},{\"@type\":\"Organization\",\"@id\":\"https:\\\/\\\/www.ilnotiziario.net\\\/wp\\\/#organization\",\"name\":\"Il Notiziario\",\"url\":\"https:\\\/\\\/www.ilnotiziario.net\\\/wp\\\/\",\"logo\":{\"@type\":\"ImageObject\",\"inLanguage\":\"it-IT\",\"@id\":\"https:\\\/\\\/www.ilnotiziario.net\\\/wp\\\/#\\\/schema\\\/logo\\\/image\\\/\",\"url\":\"https:\\\/\\\/www.ilnotiziario.net\\\/wp\\\/wp-content\\\/uploads\\\/2022\\\/06\\\/170x170ilN.png\",\"contentUrl\":\"https:\\\/\\\/www.ilnotiziario.net\\\/wp\\\/wp-content\\\/uploads\\\/2022\\\/06\\\/170x170ilN.png\",\"width\":355,\"height\":355,\"caption\":\"Il Notiziario\"},\"image\":{\"@id\":\"https:\\\/\\\/www.ilnotiziario.net\\\/wp\\\/#\\\/schema\\\/logo\\\/image\\\/\"},\"sameAs\":[\"https:\\\/\\\/www.facebook.com\\\/ilnotiziarioind\\\/\",\"https:\\\/\\\/x.com\\\/ilNotiziarioInd\",\"https:\\\/\\\/www.instagram.com\\\/ilnotiziario_settimanale\\\/\"]},{\"@type\":\"Person\",\"@id\":\"https:\\\/\\\/www.ilnotiziario.net\\\/wp\\\/#\\\/schema\\\/person\\\/386e222908f898bb41c033989482bbf2\",\"name\":\"Gabriele Bassani\",\"image\":{\"@type\":\"ImageObject\",\"inLanguage\":\"it-IT\",\"@id\":\"https:\\\/\\\/secure.gravatar.com\\\/avatar\\\/09274f4a84fa97698bde56f84b3afed61c8492d48b0550db9671b68c177479cb?s=96&d=mm&r=g\",\"url\":\"https:\\\/\\\/secure.gravatar.com\\\/avatar\\\/09274f4a84fa97698bde56f84b3afed61c8492d48b0550db9671b68c177479cb?s=96&d=mm&r=g\",\"contentUrl\":\"https:\\\/\\\/secure.gravatar.com\\\/avatar\\\/09274f4a84fa97698bde56f84b3afed61c8492d48b0550db9671b68c177479cb?s=96&d=mm&r=g\",\"caption\":\"Gabriele Bassani\"},\"sameAs\":[\"http:\\\/\\\/www.ilnotiziario.net\"]}]}<\/script>\n<!-- \/ Yoast SEO plugin. -->","yoast_head_json":{"title":"Arese e la nuova rete energetica a basso consumo - Il Notiziario","description":"Partiti gli interventi di efficientamento energetico: nuova rete a basso consumo ad Arese","robots":{"index":"index","follow":"follow","max-snippet":"max-snippet:-1","max-image-preview":"max-image-preview:large","max-video-preview":"max-video-preview:-1"},"canonical":"https:\/\/www.ilnotiziario.net\/wp\/bollatese\/arese-punta-al-risparmio-nuova-rete-con-impianti-a-basso-consumo\/","og_locale":"it_IT","og_type":"article","og_title":"Arese e la nuova rete energetica a basso consumo - Il Notiziario","og_description":"Partiti gli interventi di efficientamento energetico: nuova rete a basso consumo ad Arese","og_url":"https:\/\/www.ilnotiziario.net\/wp\/bollatese\/arese-punta-al-risparmio-nuova-rete-con-impianti-a-basso-consumo\/","og_site_name":"Il Notiziario","article_publisher":"https:\/\/www.facebook.com\/ilnotiziarioind\/","article_published_time":"2023-04-27T08:00:54+00:00","og_image":[{"width":1021,"height":546,"url":"https:\/\/www.ilnotiziario.net\/wp\/wp-content\/uploads\/2023\/04\/Arese-piazza-XI-Settembre.jpg","type":"image\/jpeg"}],"author":"Gabriele Bassani","twitter_card":"summary_large_image","twitter_creator":"@ilNotiziarioInd","twitter_site":"@ilNotiziarioInd","twitter_misc":{"Scritto da":"Gabriele Bassani","Tempo di lettura stimato":"2 minuti"},"schema":{"@context":"https:\/\/schema.org","@graph":[{"@type":"Article","@id":"https:\/\/www.ilnotiziario.net\/wp\/bollatese\/arese-punta-al-risparmio-nuova-rete-con-impianti-a-basso-consumo\/#article","isPartOf":{"@id":"https:\/\/www.ilnotiziario.net\/wp\/bollatese\/arese-punta-al-risparmio-nuova-rete-con-impianti-a-basso-consumo\/"},"author":{"name":"Gabriele Bassani","@id":"https:\/\/www.ilnotiziario.net\/wp\/#\/schema\/person\/386e222908f898bb41c033989482bbf2"},"headline":"Arese punta al risparmio: nuova rete con impianti a basso consumo","datePublished":"2023-04-27T08:00:54+00:00","mainEntityOfPage":{"@id":"https:\/\/www.ilnotiziario.net\/wp\/bollatese\/arese-punta-al-risparmio-nuova-rete-con-impianti-a-basso-consumo\/"},"wordCount":355,"publisher":{"@id":"https:\/\/www.ilnotiziario.net\/wp\/#organization"},"image":{"@id":"https:\/\/www.ilnotiziario.net\/wp\/bollatese\/arese-punta-al-risparmio-nuova-rete-con-impianti-a-basso-consumo\/#primaryimage"},"thumbnailUrl":"https:\/\/www.ilnotiziario.net\/wp\/wp-content\/uploads\/2023\/04\/Arese-piazza-XI-Settembre.jpg","keywords":["Arese","basso consumo","efficientamento energetico","enel x"],"articleSection":["BOLLATESE","Prima Pagina"],"inLanguage":"it-IT"},{"@type":"WebPage","@id":"https:\/\/www.ilnotiziario.net\/wp\/bollatese\/arese-punta-al-risparmio-nuova-rete-con-impianti-a-basso-consumo\/","url":"https:\/\/www.ilnotiziario.net\/wp\/bollatese\/arese-punta-al-risparmio-nuova-rete-con-impianti-a-basso-consumo\/","name":"Arese e la nuova rete energetica a basso consumo - Il Notiziario","isPartOf":{"@id":"https:\/\/www.ilnotiziario.net\/wp\/#website"},"primaryImageOfPage":{"@id":"https:\/\/www.ilnotiziario.net\/wp\/bollatese\/arese-punta-al-risparmio-nuova-rete-con-impianti-a-basso-consumo\/#primaryimage"},"image":{"@id":"https:\/\/www.ilnotiziario.net\/wp\/bollatese\/arese-punta-al-risparmio-nuova-rete-con-impianti-a-basso-consumo\/#primaryimage"},"thumbnailUrl":"https:\/\/www.ilnotiziario.net\/wp\/wp-content\/uploads\/2023\/04\/Arese-piazza-XI-Settembre.jpg","datePublished":"2023-04-27T08:00:54+00:00","description":"Partiti gli interventi di efficientamento energetico: nuova rete a basso consumo ad Arese","breadcrumb":{"@id":"https:\/\/www.ilnotiziario.net\/wp\/bollatese\/arese-punta-al-risparmio-nuova-rete-con-impianti-a-basso-consumo\/#breadcrumb"},"inLanguage":"it-IT","potentialAction":[{"@type":"ReadAction","target":["https:\/\/www.ilnotiziario.net\/wp\/bollatese\/arese-punta-al-risparmio-nuova-rete-con-impianti-a-basso-consumo\/"]}]},{"@type":"ImageObject","inLanguage":"it-IT","@id":"https:\/\/www.ilnotiziario.net\/wp\/bollatese\/arese-punta-al-risparmio-nuova-rete-con-impianti-a-basso-consumo\/#primaryimage","url":"https:\/\/www.ilnotiziario.net\/wp\/wp-content\/uploads\/2023\/04\/Arese-piazza-XI-Settembre.jpg","contentUrl":"https:\/\/www.ilnotiziario.net\/wp\/wp-content\/uploads\/2023\/04\/Arese-piazza-XI-Settembre.jpg","width":1021,"height":546,"caption":"Efficientamento energetico, Arese: piazza XI Settembre"},{"@type":"BreadcrumbList","@id":"https:\/\/www.ilnotiziario.net\/wp\/bollatese\/arese-punta-al-risparmio-nuova-rete-con-impianti-a-basso-consumo\/#breadcrumb","itemListElement":[{"@type":"ListItem","position":1,"name":"tds_text_logo_tagline_colortds_text_logo_tagline_colortds_text_logo_tagline_colortds_text_logo_tagline_colortd_module_7_title_excerpttd_module_7_title_excerpttd_module_7_title_excerpttd_module_7_title_excerptHome","item":"https:\/\/www.ilnotiziario.net\/wp\/"},{"@type":"ListItem","position":2,"name":"Arese punta al risparmio: nuova rete con impianti a basso consumo"}]},{"@type":"WebSite","@id":"https:\/\/www.ilnotiziario.net\/wp\/#website","url":"https:\/\/www.ilnotiziario.net\/wp\/","name":"Il Notiziario","description":"Per restare sempre connessi alla notizia","publisher":{"@id":"https:\/\/www.ilnotiziario.net\/wp\/#organization"},"alternateName":"Il Notiziario Bollate","potentialAction":[{"@type":"SearchAction","target":{"@type":"EntryPoint","urlTemplate":"https:\/\/www.ilnotiziario.net\/wp\/?s={search_term_string}"},"query-input":{"@type":"PropertyValueSpecification","valueRequired":true,"valueName":"search_term_string"}}],"inLanguage":"it-IT"},{"@type":"Organization","@id":"https:\/\/www.ilnotiziario.net\/wp\/#organization","name":"Il Notiziario","url":"https:\/\/www.ilnotiziario.net\/wp\/","logo":{"@type":"ImageObject","inLanguage":"it-IT","@id":"https:\/\/www.ilnotiziario.net\/wp\/#\/schema\/logo\/image\/","url":"https:\/\/www.ilnotiziario.net\/wp\/wp-content\/uploads\/2022\/06\/170x170ilN.png","contentUrl":"https:\/\/www.ilnotiziario.net\/wp\/wp-content\/uploads\/2022\/06\/170x170ilN.png","width":355,"height":355,"caption":"Il Notiziario"},"image":{"@id":"https:\/\/www.ilnotiziario.net\/wp\/#\/schema\/logo\/image\/"},"sameAs":["https:\/\/www.facebook.com\/ilnotiziarioind\/","https:\/\/x.com\/ilNotiziarioInd","https:\/\/www.instagram.com\/ilnotiziario_settimanale\/"]},{"@type":"Person","@id":"https:\/\/www.ilnotiziario.net\/wp\/#\/schema\/person\/386e222908f898bb41c033989482bbf2","name":"Gabriele Bassani","image":{"@type":"ImageObject","inLanguage":"it-IT","@id":"https:\/\/secure.gravatar.com\/avatar\/09274f4a84fa97698bde56f84b3afed61c8492d48b0550db9671b68c177479cb?s=96&d=mm&r=g","url":"https:\/\/secure.gravatar.com\/avatar\/09274f4a84fa97698bde56f84b3afed61c8492d48b0550db9671b68c177479cb?s=96&d=mm&r=g","contentUrl":"https:\/\/secure.gravatar.com\/avatar\/09274f4a84fa97698bde56f84b3afed61c8492d48b0550db9671b68c177479cb?s=96&d=mm&r=g","caption":"Gabriele Bassani"},"sameAs":["http:\/\/www.ilnotiziario.net"]}]}},"_links":{"self":[{"href":"https:\/\/www.ilnotiziario.net\/wp\/wp-json\/wp\/v2\/posts\/181881","targetHints":{"allow":["GET"]}}],"collection":[{"href":"https:\/\/www.ilnotiziario.net\/wp\/wp-json\/wp\/v2\/posts"}],"about":[{"href":"https:\/\/www.ilnotiziario.net\/wp\/wp-json\/wp\/v2\/types\/post"}],"author":[{"embeddable":true,"href":"https:\/\/www.ilnotiziario.net\/wp\/wp-json\/wp\/v2\/users\/3"}],"replies":[{"embeddable":true,"href":"https:\/\/www.ilnotiziario.net\/wp\/wp-json\/wp\/v2\/comments?post=181881"}],"version-history":[{"count":0,"href":"https:\/\/www.ilnotiziario.net\/wp\/wp-json\/wp\/v2\/posts\/181881\/revisions"}],"wp:featuredmedia":[{"embeddable":true,"href":"https:\/\/www.ilnotiziario.net\/wp\/wp-json\/wp\/v2\/media\/181882"}],"wp:attachment":[{"href":"https:\/\/www.ilnotiziario.net\/wp\/wp-json\/wp\/v2\/media?parent=181881"}],"wp:term":[{"taxonomy":"category","embeddable":true,"href":"https:\/\/www.ilnotiziario.net\/wp\/wp-json\/wp\/v2\/categories?post=181881"},{"taxonomy":"post_tag","embeddable":true,"href":"https:\/\/www.ilnotiziario.net\/wp\/wp-json\/wp\/v2\/tags?post=181881"}],"curies":[{"name":"wp","href":"https:\/\/api.w.org\/{rel}","templated":true}]}}