{"id":181941,"date":"2023-04-28T09:05:45","date_gmt":"2023-04-28T07:05:45","guid":{"rendered":"https:\/\/www.ilnotiziario.net\/wp\/?p=181941"},"modified":"2023-04-29T14:13:12","modified_gmt":"2023-04-29T12:13:12","slug":"rifiuti-asilo-valera","status":"publish","type":"post","link":"https:\/\/www.ilnotiziario.net\/wp\/bollatese\/rifiuti-asilo-valera\/","title":{"rendered":"Piattaforma rifiuti accanto all&#8217;asilo di Valera: Arese dopo la lettera ad Ats, palla al Comune"},"content":{"rendered":"<p>Cassonetti di rifiuti strapieni con sacchi appoggiati sui coperchi, contenitori dell\u2019umido con il coperchio aperto alla merc\u00e9 di uccelli e topi e tutt\u2019attorno per terra una grande quantit\u00e0 di carta usata, plastica, bottiglie di vetro, apparecchiature varie e altri ingombranti come tavoli e sedie: questa \u00e8 la situazione dell\u2019area ecologica all\u2019interno del comprensorio scolastico della frazione Valera di Arese, cui afferiscono i rifiuti dell&#8217;asilo, elementare, media e del liceo artistico.<\/p><div id=\"ilnot-2276319588\" class=\"ilnot-contenuto ilnot-entity-placement\"><p><!-- incontent_1 --><\/p>\n<div class=\"gptslot\" data-adunitid=\"1\"><\/div>\n<\/div>\n<h2>La piattaforma rifiuti accanto all&#8217;asilo di Valera<\/h2>\n<p>L\u2019area, senza copertura, costituita da paratie e con una pavimentazione in parte cementata e in parte a terreno, si trova all\u2019interno dell\u2019area verde della scuola media. Per un lato \u00e8 appoggiata alla rete metallica dell\u2019asilo, al di l\u00e0 della quale vi \u00e8 il giardino dove giocano i bambini piccoli. Da maggio dello scorso anno i cittadini aresini hanno segnalato ripetutamente, verbalmente e per iscritto, la situazione agli uffici comunali. Ma senza veder risolta la questione.<\/p>\n<p>A febbraio di quest\u2019anno si sono quindi risolti a scrivere un esposto all\u2019Ats MetroMilano che, nello stesso mese ha, a sua volta, prontamente scritto al sindaco rimettendo la questione agli uffici comunali in quanto a norma di legge sono quelli preposti alle valutazioni e verifiche dell\u2019area ecologica nonch\u00e9 \u201call\u2019eventuale adozione di ogni atto provvedimentale utile ad evitare l\u2019insorgere degli inconvenienti segnalati\u201d.<\/p><div id=\"ilnot-3828329329\" class=\"ilnot-contenuto_2 ilnot-entity-placement\"><div class=\"ads-wrapper\">\n<div class=\"ad-slot\">\n   <div id=\"ilnot-522017258\" style=\"margin-right: auto;margin-left: auto;text-align: center;width: 320px;height: 100px;\"><a href=\"https:\/\/www.scuolasicurezza.it\/\"><img decoding=\"async\" src=\"https:\/\/www.ilnotiziario.net\/wp\/wp-content\/uploads\/2026\/04\/IlNotiziario_banner-sito-e-newsletter-320-x-100-px-1.gif\" alt=\"\"><\/a><\/div>\n  <\/div>\n<div class=\"ad-slot\">\n   <div id=\"ilnot-1662456071\" style=\"margin-right: auto;margin-left: auto;text-align: center;width: 320px;height: 100px;\"><a href=\"https:\/\/purodesignarredamenti.com\/\"><img decoding=\"async\" src=\"https:\/\/www.ilnotiziario.net\/wp\/wp-content\/uploads\/2026\/04\/banner-puro-ok.gif\" alt=\"whatsapp\"><\/a><\/div><\/p><\/div>\n<\/div>\n<\/div>\n<h2>I contatti tra Ats e Comune sul caso piattaforma rifiuti<\/h2>\n<p>L\u2019Ats ha richiamato gli uffici comunali anche ad applicare il regolamento di Arese per la gestione dei rifiuti urbani e assimilati della raccolta differenziata e di igiene ambientale per quanto attiene le tempistiche di raccolta, le inadempienze e le sanzioni. Ma chi deve tenere pulita l\u2019area? Chi provvede alla separazione dei rifiuti? Chi alla raccolta? La frequenza settimanale delle varie tipologie di rifiuti in un complesso scolastico con cos\u00ec tanti utenti \u00e8 adeguata? La stessa piattaforma ecologica \u00e8 realizzata a regola d\u2019arte? E chi deve controllare che tutto si svolga correttamente? I soggetti coinvolti sono diversi. Le scuole per quanto attiene il conferimento e la separazione dei rifiuti. La multiservizi Gesem per quanto attiene alla gestione della raccolta che materialmente viene eseguita dagli operatori della societ\u00e0 Econord.<\/p>\n<p>Il Comune che, avendo sottoscritto il contratto di appalto con Gesem, ha stabilito la frequenza settimanale della raccolta differenziata e che definisce il perimetro dello spazzamento delle aree pubbliche o a uso pubblico (articoli 33 e 34 del regolamento). Peraltro, il problema, sta addirittura a monte. Ossia per come \u00e8 realizzata in s\u00e9 l\u2019area ecologica del complesso scolastico. Per esempio, stando alle normative igieniche che Ats ha inviato agli uffici, \u201ci cassonetti dovrebbero essere ubicati su aree preferibilmente coperte, con platea impermeabile, servita da lancia per il lavaggio, sistema di raccolta e regolamentare smaltimento delle acque, distanti al massimo possibile dai locali abitati\u201d per almeno dieci metri.<\/p>\n<h1>Il tavolo di lavoro con i soggetti coinvolti<\/h1>\n<p>Ora, \u00e8 successo che a giugno dell\u2019anno scorso la dirigente dell\u2019ufficio Ambiente del comune di Arese si \u00e8 trasferita altrove ed evidentemente la pratica \u00e8 rimasta in un cassetto, visto che la nuova responsabile contattata settimana scorsa non ne era al corrente e ha dovuto recuperare tutte le segnalazioni e le lettere dell\u2019Ats. Ma, pare, che dopo l\u2019elezione del sindaco Michela Palestra a consigliere di Regione Lombardia, non lo era neppure il vice sindaco Luca Nuvoli che ne sta facendo le funzioni in attesa dell\u2019elezione a maggio del nuovo primo cittadino.<\/p><div id=\"ilnot-2245248889\" class=\"ilnot-contenuto_2-2 ilnot-entity-placement\"><div class=\"gptslot\" data-adunitid=\"2\"><\/div>\n<\/div>\n<p>Nuvoli ha quindi annunciato la prossima costituzione di un tavolo di lavoro con tutti i soggetti coinvolti \u201ccos\u00ec da affrontare congiuntamente il tema e da mettere ordine a questa situazione che ovviamente \u00e8 di degrado e non va bene\u201d. Intanto ha annunciato che chieder\u00e0 a Gesem di intervenire con una pulizia straordinaria dell\u2019area. La situazione, a norma di regolamento comunale, si presta a pesantissime sanzioni. L\u2019abbandono di ingombranti prevede una multa da 200 a 500 euro. Stessa sanzione per il conferimento di rifiuti speciali, pericolosi e non assimilabili. Da 100 a 500 euro per il conferimento dei rifiuti non differenziato o difforme dalle prescrizioni.&nbsp;<br \/>\n<strong>Ombretta T. Rinieri<\/strong><\/p>\n","protected":false},"excerpt":{"rendered":"<p>Cassonetti di rifiuti strapieni con sacchi appoggiati sui coperchi, contenitori dell\u2019umido con il coperchio aperto alla merc\u00e9 di uccelli e topi e tutt\u2019attorno per terra una grande quantit\u00e0 di carta usata, plastica, bottiglie di vetro, apparecchiature varie e altri ingombranti come tavoli e sedie: questa \u00e8 la situazione dell\u2019area ecologica all\u2019interno del comprensorio scolastico della<\/p>\n","protected":false},"author":3,"featured_media":181942,"comment_status":"closed","ping_status":"closed","sticky":false,"template":"","format":"standard","meta":{"footnotes":""},"categories":[8,20],"tags":[115,14302,5147,14305,13314,960,14304,14303,12714],"class_list":{"0":"post-181941","1":"post","2":"type-post","3":"status-publish","4":"format-standard","5":"has-post-thumbnail","7":"category-bollatese","8":"category-prima-pagina","9":"tag-arese","10":"tag-asilo-valera","11":"tag-ats","12":"tag-comune-di-arese","13":"tag-luca-nuvoli","14":"tag-piattaforma-ecologica","15":"tag-rifiuti-valera","16":"tag-scuola-valera","17":"tag-valera"},"yoast_head":"<!-- This site is optimized with the Yoast SEO plugin v27.5 - https:\/\/yoast.com\/product\/yoast-seo-wordpress\/ -->\n<title>Piattaforma rifiuti accanto all&#039;asilo di Valera<\/title>\n<meta name=\"description\" content=\"La piattaforma rifiuti attaccata all&#039;asilo di Valera, dopo la lettera dei genitori di Arese all&#039;Ats, la palla al Comune\" \/>\n<meta name=\"robots\" content=\"index, follow, max-snippet:-1, max-image-preview:large, max-video-preview:-1\" \/>\n<link rel=\"canonical\" href=\"https:\/\/www.ilnotiziario.net\/wp\/bollatese\/rifiuti-asilo-valera\/\" \/>\n<meta property=\"og:locale\" content=\"it_IT\" \/>\n<meta property=\"og:type\" content=\"article\" \/>\n<meta property=\"og:title\" content=\"Piattaforma rifiuti accanto all&#039;asilo di Valera\" \/>\n<meta property=\"og:description\" content=\"La piattaforma rifiuti attaccata all&#039;asilo di Valera, dopo la lettera dei genitori di Arese all&#039;Ats, la palla al Comune\" \/>\n<meta property=\"og:url\" content=\"https:\/\/www.ilnotiziario.net\/wp\/bollatese\/rifiuti-asilo-valera\/\" \/>\n<meta property=\"og:site_name\" content=\"Il Notiziario\" \/>\n<meta property=\"article:publisher\" content=\"https:\/\/www.facebook.com\/ilnotiziarioind\/\" \/>\n<meta property=\"article:published_time\" content=\"2023-04-28T07:05:45+00:00\" \/>\n<meta property=\"article:modified_time\" content=\"2023-04-29T12:13:12+00:00\" \/>\n<meta property=\"og:image\" content=\"https:\/\/www.ilnotiziario.net\/wp\/wp-content\/uploads\/2023\/04\/asilo-valera.jpg\" \/>\n\t<meta property=\"og:image:width\" content=\"682\" \/>\n\t<meta property=\"og:image:height\" content=\"436\" \/>\n\t<meta property=\"og:image:type\" content=\"image\/jpeg\" \/>\n<meta name=\"author\" content=\"Gabriele Bassani\" \/>\n<meta name=\"twitter:card\" content=\"summary_large_image\" \/>\n<meta name=\"twitter:creator\" content=\"@ilNotiziarioInd\" \/>\n<meta name=\"twitter:site\" content=\"@ilNotiziarioInd\" \/>\n<meta name=\"twitter:label1\" content=\"Scritto da\" \/>\n\t<meta name=\"twitter:data1\" content=\"Gabriele Bassani\" \/>\n\t<meta name=\"twitter:label2\" content=\"Tempo di lettura stimato\" \/>\n\t<meta name=\"twitter:data2\" content=\"4 minuti\" \/>\n<script type=\"application\/ld+json\" class=\"yoast-schema-graph\">{\"@context\":\"https:\\\/\\\/schema.org\",\"@graph\":[{\"@type\":\"Article\",\"@id\":\"https:\\\/\\\/www.ilnotiziario.net\\\/wp\\\/bollatese\\\/rifiuti-asilo-valera\\\/#article\",\"isPartOf\":{\"@id\":\"https:\\\/\\\/www.ilnotiziario.net\\\/wp\\\/bollatese\\\/rifiuti-asilo-valera\\\/\"},\"author\":{\"name\":\"Gabriele Bassani\",\"@id\":\"https:\\\/\\\/www.ilnotiziario.net\\\/wp\\\/#\\\/schema\\\/person\\\/386e222908f898bb41c033989482bbf2\"},\"headline\":\"Piattaforma rifiuti accanto all&#8217;asilo di Valera: Arese dopo la lettera ad Ats, palla al Comune\",\"datePublished\":\"2023-04-28T07:05:45+00:00\",\"dateModified\":\"2023-04-29T12:13:12+00:00\",\"mainEntityOfPage\":{\"@id\":\"https:\\\/\\\/www.ilnotiziario.net\\\/wp\\\/bollatese\\\/rifiuti-asilo-valera\\\/\"},\"wordCount\":690,\"publisher\":{\"@id\":\"https:\\\/\\\/www.ilnotiziario.net\\\/wp\\\/#organization\"},\"image\":{\"@id\":\"https:\\\/\\\/www.ilnotiziario.net\\\/wp\\\/bollatese\\\/rifiuti-asilo-valera\\\/#primaryimage\"},\"thumbnailUrl\":\"https:\\\/\\\/www.ilnotiziario.net\\\/wp\\\/wp-content\\\/uploads\\\/2023\\\/04\\\/asilo-valera.jpg\",\"keywords\":[\"Arese\",\"asilo valera\",\"Ats\",\"comune di arese\",\"luca nuvoli\",\"piattaforma ecologica\",\"rifiuti valera\",\"scuola valera\",\"valera\"],\"articleSection\":[\"BOLLATESE\",\"Prima Pagina\"],\"inLanguage\":\"it-IT\"},{\"@type\":\"WebPage\",\"@id\":\"https:\\\/\\\/www.ilnotiziario.net\\\/wp\\\/bollatese\\\/rifiuti-asilo-valera\\\/\",\"url\":\"https:\\\/\\\/www.ilnotiziario.net\\\/wp\\\/bollatese\\\/rifiuti-asilo-valera\\\/\",\"name\":\"Piattaforma rifiuti accanto all'asilo di Valera\",\"isPartOf\":{\"@id\":\"https:\\\/\\\/www.ilnotiziario.net\\\/wp\\\/#website\"},\"primaryImageOfPage\":{\"@id\":\"https:\\\/\\\/www.ilnotiziario.net\\\/wp\\\/bollatese\\\/rifiuti-asilo-valera\\\/#primaryimage\"},\"image\":{\"@id\":\"https:\\\/\\\/www.ilnotiziario.net\\\/wp\\\/bollatese\\\/rifiuti-asilo-valera\\\/#primaryimage\"},\"thumbnailUrl\":\"https:\\\/\\\/www.ilnotiziario.net\\\/wp\\\/wp-content\\\/uploads\\\/2023\\\/04\\\/asilo-valera.jpg\",\"datePublished\":\"2023-04-28T07:05:45+00:00\",\"dateModified\":\"2023-04-29T12:13:12+00:00\",\"description\":\"La piattaforma rifiuti attaccata all'asilo di Valera, dopo la lettera dei genitori di Arese all'Ats, la palla al Comune\",\"breadcrumb\":{\"@id\":\"https:\\\/\\\/www.ilnotiziario.net\\\/wp\\\/bollatese\\\/rifiuti-asilo-valera\\\/#breadcrumb\"},\"inLanguage\":\"it-IT\",\"potentialAction\":[{\"@type\":\"ReadAction\",\"target\":[\"https:\\\/\\\/www.ilnotiziario.net\\\/wp\\\/bollatese\\\/rifiuti-asilo-valera\\\/\"]}]},{\"@type\":\"ImageObject\",\"inLanguage\":\"it-IT\",\"@id\":\"https:\\\/\\\/www.ilnotiziario.net\\\/wp\\\/bollatese\\\/rifiuti-asilo-valera\\\/#primaryimage\",\"url\":\"https:\\\/\\\/www.ilnotiziario.net\\\/wp\\\/wp-content\\\/uploads\\\/2023\\\/04\\\/asilo-valera.jpg\",\"contentUrl\":\"https:\\\/\\\/www.ilnotiziario.net\\\/wp\\\/wp-content\\\/uploads\\\/2023\\\/04\\\/asilo-valera.jpg\",\"width\":682,\"height\":436,\"caption\":\"L'asilo di Valera\"},{\"@type\":\"BreadcrumbList\",\"@id\":\"https:\\\/\\\/www.ilnotiziario.net\\\/wp\\\/bollatese\\\/rifiuti-asilo-valera\\\/#breadcrumb\",\"itemListElement\":[{\"@type\":\"ListItem\",\"position\":1,\"name\":\"tds_text_logo_tagline_colortds_text_logo_tagline_colortds_text_logo_tagline_colortds_text_logo_tagline_colortd_module_7_title_excerpttd_module_7_title_excerpttd_module_7_title_excerpttd_module_7_title_excerptHome\",\"item\":\"https:\\\/\\\/www.ilnotiziario.net\\\/wp\\\/\"},{\"@type\":\"ListItem\",\"position\":2,\"name\":\"Piattaforma rifiuti accanto all&#8217;asilo di Valera: Arese dopo la lettera ad Ats, palla al Comune\"}]},{\"@type\":\"WebSite\",\"@id\":\"https:\\\/\\\/www.ilnotiziario.net\\\/wp\\\/#website\",\"url\":\"https:\\\/\\\/www.ilnotiziario.net\\\/wp\\\/\",\"name\":\"Il Notiziario\",\"description\":\"Per restare sempre connessi alla notizia\",\"publisher\":{\"@id\":\"https:\\\/\\\/www.ilnotiziario.net\\\/wp\\\/#organization\"},\"alternateName\":\"Il Notiziario Bollate\",\"potentialAction\":[{\"@type\":\"SearchAction\",\"target\":{\"@type\":\"EntryPoint\",\"urlTemplate\":\"https:\\\/\\\/www.ilnotiziario.net\\\/wp\\\/?s={search_term_string}\"},\"query-input\":{\"@type\":\"PropertyValueSpecification\",\"valueRequired\":true,\"valueName\":\"search_term_string\"}}],\"inLanguage\":\"it-IT\"},{\"@type\":\"Organization\",\"@id\":\"https:\\\/\\\/www.ilnotiziario.net\\\/wp\\\/#organization\",\"name\":\"Il Notiziario\",\"url\":\"https:\\\/\\\/www.ilnotiziario.net\\\/wp\\\/\",\"logo\":{\"@type\":\"ImageObject\",\"inLanguage\":\"it-IT\",\"@id\":\"https:\\\/\\\/www.ilnotiziario.net\\\/wp\\\/#\\\/schema\\\/logo\\\/image\\\/\",\"url\":\"https:\\\/\\\/www.ilnotiziario.net\\\/wp\\\/wp-content\\\/uploads\\\/2022\\\/06\\\/170x170ilN.png\",\"contentUrl\":\"https:\\\/\\\/www.ilnotiziario.net\\\/wp\\\/wp-content\\\/uploads\\\/2022\\\/06\\\/170x170ilN.png\",\"width\":355,\"height\":355,\"caption\":\"Il Notiziario\"},\"image\":{\"@id\":\"https:\\\/\\\/www.ilnotiziario.net\\\/wp\\\/#\\\/schema\\\/logo\\\/image\\\/\"},\"sameAs\":[\"https:\\\/\\\/www.facebook.com\\\/ilnotiziarioind\\\/\",\"https:\\\/\\\/x.com\\\/ilNotiziarioInd\",\"https:\\\/\\\/www.instagram.com\\\/ilnotiziario_settimanale\\\/\"]},{\"@type\":\"Person\",\"@id\":\"https:\\\/\\\/www.ilnotiziario.net\\\/wp\\\/#\\\/schema\\\/person\\\/386e222908f898bb41c033989482bbf2\",\"name\":\"Gabriele Bassani\",\"image\":{\"@type\":\"ImageObject\",\"inLanguage\":\"it-IT\",\"@id\":\"https:\\\/\\\/secure.gravatar.com\\\/avatar\\\/09274f4a84fa97698bde56f84b3afed61c8492d48b0550db9671b68c177479cb?s=96&d=mm&r=g\",\"url\":\"https:\\\/\\\/secure.gravatar.com\\\/avatar\\\/09274f4a84fa97698bde56f84b3afed61c8492d48b0550db9671b68c177479cb?s=96&d=mm&r=g\",\"contentUrl\":\"https:\\\/\\\/secure.gravatar.com\\\/avatar\\\/09274f4a84fa97698bde56f84b3afed61c8492d48b0550db9671b68c177479cb?s=96&d=mm&r=g\",\"caption\":\"Gabriele Bassani\"},\"sameAs\":[\"http:\\\/\\\/www.ilnotiziario.net\"]}]}<\/script>\n<!-- \/ Yoast SEO plugin. -->","yoast_head_json":{"title":"Piattaforma rifiuti accanto all'asilo di Valera","description":"La piattaforma rifiuti attaccata all'asilo di Valera, dopo la lettera dei genitori di Arese all'Ats, la palla al Comune","robots":{"index":"index","follow":"follow","max-snippet":"max-snippet:-1","max-image-preview":"max-image-preview:large","max-video-preview":"max-video-preview:-1"},"canonical":"https:\/\/www.ilnotiziario.net\/wp\/bollatese\/rifiuti-asilo-valera\/","og_locale":"it_IT","og_type":"article","og_title":"Piattaforma rifiuti accanto all'asilo di Valera","og_description":"La piattaforma rifiuti attaccata all'asilo di Valera, dopo la lettera dei genitori di Arese all'Ats, la palla al Comune","og_url":"https:\/\/www.ilnotiziario.net\/wp\/bollatese\/rifiuti-asilo-valera\/","og_site_name":"Il Notiziario","article_publisher":"https:\/\/www.facebook.com\/ilnotiziarioind\/","article_published_time":"2023-04-28T07:05:45+00:00","article_modified_time":"2023-04-29T12:13:12+00:00","og_image":[{"width":682,"height":436,"url":"https:\/\/www.ilnotiziario.net\/wp\/wp-content\/uploads\/2023\/04\/asilo-valera.jpg","type":"image\/jpeg"}],"author":"Gabriele Bassani","twitter_card":"summary_large_image","twitter_creator":"@ilNotiziarioInd","twitter_site":"@ilNotiziarioInd","twitter_misc":{"Scritto da":"Gabriele Bassani","Tempo di lettura stimato":"4 minuti"},"schema":{"@context":"https:\/\/schema.org","@graph":[{"@type":"Article","@id":"https:\/\/www.ilnotiziario.net\/wp\/bollatese\/rifiuti-asilo-valera\/#article","isPartOf":{"@id":"https:\/\/www.ilnotiziario.net\/wp\/bollatese\/rifiuti-asilo-valera\/"},"author":{"name":"Gabriele Bassani","@id":"https:\/\/www.ilnotiziario.net\/wp\/#\/schema\/person\/386e222908f898bb41c033989482bbf2"},"headline":"Piattaforma rifiuti accanto all&#8217;asilo di Valera: Arese dopo la lettera ad Ats, palla al Comune","datePublished":"2023-04-28T07:05:45+00:00","dateModified":"2023-04-29T12:13:12+00:00","mainEntityOfPage":{"@id":"https:\/\/www.ilnotiziario.net\/wp\/bollatese\/rifiuti-asilo-valera\/"},"wordCount":690,"publisher":{"@id":"https:\/\/www.ilnotiziario.net\/wp\/#organization"},"image":{"@id":"https:\/\/www.ilnotiziario.net\/wp\/bollatese\/rifiuti-asilo-valera\/#primaryimage"},"thumbnailUrl":"https:\/\/www.ilnotiziario.net\/wp\/wp-content\/uploads\/2023\/04\/asilo-valera.jpg","keywords":["Arese","asilo valera","Ats","comune di arese","luca nuvoli","piattaforma ecologica","rifiuti valera","scuola valera","valera"],"articleSection":["BOLLATESE","Prima Pagina"],"inLanguage":"it-IT"},{"@type":"WebPage","@id":"https:\/\/www.ilnotiziario.net\/wp\/bollatese\/rifiuti-asilo-valera\/","url":"https:\/\/www.ilnotiziario.net\/wp\/bollatese\/rifiuti-asilo-valera\/","name":"Piattaforma rifiuti accanto all'asilo di Valera","isPartOf":{"@id":"https:\/\/www.ilnotiziario.net\/wp\/#website"},"primaryImageOfPage":{"@id":"https:\/\/www.ilnotiziario.net\/wp\/bollatese\/rifiuti-asilo-valera\/#primaryimage"},"image":{"@id":"https:\/\/www.ilnotiziario.net\/wp\/bollatese\/rifiuti-asilo-valera\/#primaryimage"},"thumbnailUrl":"https:\/\/www.ilnotiziario.net\/wp\/wp-content\/uploads\/2023\/04\/asilo-valera.jpg","datePublished":"2023-04-28T07:05:45+00:00","dateModified":"2023-04-29T12:13:12+00:00","description":"La piattaforma rifiuti attaccata all'asilo di Valera, dopo la lettera dei genitori di Arese all'Ats, la palla al Comune","breadcrumb":{"@id":"https:\/\/www.ilnotiziario.net\/wp\/bollatese\/rifiuti-asilo-valera\/#breadcrumb"},"inLanguage":"it-IT","potentialAction":[{"@type":"ReadAction","target":["https:\/\/www.ilnotiziario.net\/wp\/bollatese\/rifiuti-asilo-valera\/"]}]},{"@type":"ImageObject","inLanguage":"it-IT","@id":"https:\/\/www.ilnotiziario.net\/wp\/bollatese\/rifiuti-asilo-valera\/#primaryimage","url":"https:\/\/www.ilnotiziario.net\/wp\/wp-content\/uploads\/2023\/04\/asilo-valera.jpg","contentUrl":"https:\/\/www.ilnotiziario.net\/wp\/wp-content\/uploads\/2023\/04\/asilo-valera.jpg","width":682,"height":436,"caption":"L'asilo di Valera"},{"@type":"BreadcrumbList","@id":"https:\/\/www.ilnotiziario.net\/wp\/bollatese\/rifiuti-asilo-valera\/#breadcrumb","itemListElement":[{"@type":"ListItem","position":1,"name":"tds_text_logo_tagline_colortds_text_logo_tagline_colortds_text_logo_tagline_colortds_text_logo_tagline_colortd_module_7_title_excerpttd_module_7_title_excerpttd_module_7_title_excerpttd_module_7_title_excerptHome","item":"https:\/\/www.ilnotiziario.net\/wp\/"},{"@type":"ListItem","position":2,"name":"Piattaforma rifiuti accanto all&#8217;asilo di Valera: Arese dopo la lettera ad Ats, palla al Comune"}]},{"@type":"WebSite","@id":"https:\/\/www.ilnotiziario.net\/wp\/#website","url":"https:\/\/www.ilnotiziario.net\/wp\/","name":"Il Notiziario","description":"Per restare sempre connessi alla notizia","publisher":{"@id":"https:\/\/www.ilnotiziario.net\/wp\/#organization"},"alternateName":"Il Notiziario Bollate","potentialAction":[{"@type":"SearchAction","target":{"@type":"EntryPoint","urlTemplate":"https:\/\/www.ilnotiziario.net\/wp\/?s={search_term_string}"},"query-input":{"@type":"PropertyValueSpecification","valueRequired":true,"valueName":"search_term_string"}}],"inLanguage":"it-IT"},{"@type":"Organization","@id":"https:\/\/www.ilnotiziario.net\/wp\/#organization","name":"Il Notiziario","url":"https:\/\/www.ilnotiziario.net\/wp\/","logo":{"@type":"ImageObject","inLanguage":"it-IT","@id":"https:\/\/www.ilnotiziario.net\/wp\/#\/schema\/logo\/image\/","url":"https:\/\/www.ilnotiziario.net\/wp\/wp-content\/uploads\/2022\/06\/170x170ilN.png","contentUrl":"https:\/\/www.ilnotiziario.net\/wp\/wp-content\/uploads\/2022\/06\/170x170ilN.png","width":355,"height":355,"caption":"Il Notiziario"},"image":{"@id":"https:\/\/www.ilnotiziario.net\/wp\/#\/schema\/logo\/image\/"},"sameAs":["https:\/\/www.facebook.com\/ilnotiziarioind\/","https:\/\/x.com\/ilNotiziarioInd","https:\/\/www.instagram.com\/ilnotiziario_settimanale\/"]},{"@type":"Person","@id":"https:\/\/www.ilnotiziario.net\/wp\/#\/schema\/person\/386e222908f898bb41c033989482bbf2","name":"Gabriele Bassani","image":{"@type":"ImageObject","inLanguage":"it-IT","@id":"https:\/\/secure.gravatar.com\/avatar\/09274f4a84fa97698bde56f84b3afed61c8492d48b0550db9671b68c177479cb?s=96&d=mm&r=g","url":"https:\/\/secure.gravatar.com\/avatar\/09274f4a84fa97698bde56f84b3afed61c8492d48b0550db9671b68c177479cb?s=96&d=mm&r=g","contentUrl":"https:\/\/secure.gravatar.com\/avatar\/09274f4a84fa97698bde56f84b3afed61c8492d48b0550db9671b68c177479cb?s=96&d=mm&r=g","caption":"Gabriele Bassani"},"sameAs":["http:\/\/www.ilnotiziario.net"]}]}},"_links":{"self":[{"href":"https:\/\/www.ilnotiziario.net\/wp\/wp-json\/wp\/v2\/posts\/181941","targetHints":{"allow":["GET"]}}],"collection":[{"href":"https:\/\/www.ilnotiziario.net\/wp\/wp-json\/wp\/v2\/posts"}],"about":[{"href":"https:\/\/www.ilnotiziario.net\/wp\/wp-json\/wp\/v2\/types\/post"}],"author":[{"embeddable":true,"href":"https:\/\/www.ilnotiziario.net\/wp\/wp-json\/wp\/v2\/users\/3"}],"replies":[{"embeddable":true,"href":"https:\/\/www.ilnotiziario.net\/wp\/wp-json\/wp\/v2\/comments?post=181941"}],"version-history":[{"count":0,"href":"https:\/\/www.ilnotiziario.net\/wp\/wp-json\/wp\/v2\/posts\/181941\/revisions"}],"wp:featuredmedia":[{"embeddable":true,"href":"https:\/\/www.ilnotiziario.net\/wp\/wp-json\/wp\/v2\/media\/181942"}],"wp:attachment":[{"href":"https:\/\/www.ilnotiziario.net\/wp\/wp-json\/wp\/v2\/media?parent=181941"}],"wp:term":[{"taxonomy":"category","embeddable":true,"href":"https:\/\/www.ilnotiziario.net\/wp\/wp-json\/wp\/v2\/categories?post=181941"},{"taxonomy":"post_tag","embeddable":true,"href":"https:\/\/www.ilnotiziario.net\/wp\/wp-json\/wp\/v2\/tags?post=181941"}],"curies":[{"name":"wp","href":"https:\/\/api.w.org\/{rel}","templated":true}]}}