{"id":181947,"date":"2023-04-28T10:15:40","date_gmt":"2023-04-28T08:15:40","guid":{"rendered":"https:\/\/www.ilnotiziario.net\/wp\/?p=181947"},"modified":"2023-04-28T10:32:00","modified_gmt":"2023-04-28T08:32:00","slug":"distretto-del-commercio-a-paderno-dugnano-30-domande-per-il-contributo","status":"publish","type":"post","link":"https:\/\/www.ilnotiziario.net\/wp\/nord-milano\/distretto-del-commercio-a-paderno-dugnano-30-domande-per-il-contributo\/","title":{"rendered":"Distretto del commercio a Paderno Dugnano, domande per il contributo sino a 10mila euro"},"content":{"rendered":"<p>L&#8217;adesione c&#8217;\u00e8 stata, anche se per l&#8217;ufficialit\u00e0 dei numeri bisogner\u00e0 attendere ancora: le attivit\u00e0 commerciali hanno comunque risposto all&#8217;invito di presentare domanda per ricevere un contributo fino a 10mila euro. I dati ufficiali sono attesi a giorni per mettere a fuoco la prima iniziativa del Distretto urbano del commercio a Paderno Dugnano.<\/p><div id=\"ilnot-2499247280\" class=\"ilnot-contenuto ilnot-entity-placement\"><p><!-- incontent_1 --><\/p>\n<div class=\"gptslot\" data-adunitid=\"1\"><\/div>\n<\/div>\n<h2>Innovazione, sostenibilit\u00e0 e subentro nuovi titolari<\/h2>\n<p>Complessivamente sul tavolo per i commercianti ci sono 200mila euro in un pi\u00f9 ampio finanziamento di 630mila euro per rilanciare il commercio locale.<em> \u201cIl comune di Milano ha ottenuto un finanziamento di 162mila euro, quello di Paderno \u00e8 di 630mila. Significa che la proposta \u00e8 assolutamente migliore\u201d,<\/em> aveva detto Marco Barbieri, segretario generale di Confcommercio, alla vigilia dell\u2019apertura del bando.<\/p>\n<p>Sono due i filoni di interventi per cui \u00e8 stato possibile chiedere un contributo. Negli investimenti in spesa capitale rientrano la riqualificazione e l\u2019ammodernamento in una prospettiva di innovazione e sostenibilit\u00e0 delle attivit\u00e0 gi\u00e0 esistenti. Ma anche l\u2019avvio di nuove oppure il subentro di nuovi titolari presso un\u2019attivit\u00e0 esistente. Hanno potuto chiedere un contributo chi ha eseguito opere edili, nuovi arredi e strutture temporanee oppure l\u2019acquisto di macchinari, attrezzature e veicoli a uso commerciale.<\/p><div id=\"ilnot-3926882859\" class=\"ilnot-contenuto_2 ilnot-entity-placement\"><div class=\"ads-wrapper\">\n<div class=\"ad-slot\">\n   <div id=\"ilnot-2580851529\" style=\"margin-right: auto;margin-left: auto;text-align: center;width: 320px;height: 100px;\"><a href=\"https:\/\/www.scuolasicurezza.it\/\"><img decoding=\"async\" src=\"https:\/\/www.ilnotiziario.net\/wp\/wp-content\/uploads\/2026\/04\/IlNotiziario_banner-sito-e-newsletter-320-x-100-px-1.gif\" alt=\"\"><\/a><\/div>\n  <\/div>\n<div class=\"ad-slot\">\n   <div id=\"ilnot-3435728022\" style=\"margin-right: auto;margin-left: auto;text-align: center;width: 320px;height: 100px;\"><a href=\"https:\/\/purodesignarredamenti.com\/\"><img decoding=\"async\" src=\"https:\/\/www.ilnotiziario.net\/wp\/wp-content\/uploads\/2026\/04\/banner-puro-ok.gif\" alt=\"whatsapp\"><\/a><\/div><\/p><\/div>\n<\/div>\n<\/div>\n<h2>Distretto del commercio a Paderno: cosa \u00e8 previsto dal bando<\/h2>\n<p>Sono compresi anche interventi di efficientamento energetico, lavori a impianti di allarme e sicurezza, investimenti per applicazione e siti internet. Invece nel filone delle spese correnti sono comprese consulenze, canoni annuali per l\u2019utilizzo di software e piattaforme informatiche, siti web ed eventi. Ma anche le attivit\u00e0 di formazione del titolare e dei lavoratori, l\u2019affitto dei locali per le attivit\u00e0 di impresa. Il bando era retroattivo, quindi ha potuto partecipare chi ha gi\u00e0 fatto questi investimenti purch\u00e9 possa dimostrarli con fatture datate dal 28 marzo 2022 ed entro il 30 marzo 2024.<\/p>\n<p>L\u2019agevolazione viene erogata da parte del comune di Paderno Dugnano che sar\u00e0 pari al 50% della spesa ammissibile totale. In questi giorni sono in corso le verifiche di ogni singola domanda. Poi sar\u00e0 stilata una graduatoria con i punteggi.<\/p>\n","protected":false},"excerpt":{"rendered":"<p>L&#8217;adesione c&#8217;\u00e8 stata, anche se per l&#8217;ufficialit\u00e0 dei numeri bisogner\u00e0 attendere ancora: le attivit\u00e0 commerciali hanno comunque risposto all&#8217;invito di presentare domanda per ricevere un contributo fino a 10mila euro. I dati ufficiali sono attesi a giorni per mettere a fuoco la prima iniziativa del Distretto urbano del commercio a Paderno Dugnano. Innovazione, sostenibilit\u00e0 e<\/p>\n","protected":false},"author":3,"featured_media":181948,"comment_status":"closed","ping_status":"closed","sticky":false,"template":"","format":"standard","meta":{"footnotes":""},"categories":[11,20],"tags":[14313,14312,488,6150,14314,39],"class_list":{"0":"post-181947","1":"post","2":"type-post","3":"status-publish","4":"format-standard","5":"has-post-thumbnail","7":"category-nord-milano","8":"category-prima-pagina","9":"tag-bando-paderno","10":"tag-commercio-paderno","11":"tag-confcommercio","12":"tag-distretto-del-commercio","13":"tag-marco-barbieri","14":"tag-paderno-dugnano"},"yoast_head":"<!-- This site is optimized with the Yoast SEO plugin v27.4 - https:\/\/yoast.com\/product\/yoast-seo-wordpress\/ -->\n<title>Paderno, distretto del commercio: 30 domande per il bando<\/title>\n<meta name=\"description\" content=\"Sono state presentate una trentina di domande per il primo del Distretto del commercio a Paderno Dugnano: contributi sino a 10mila euro\" \/>\n<meta name=\"robots\" content=\"index, follow, max-snippet:-1, max-image-preview:large, max-video-preview:-1\" \/>\n<link rel=\"canonical\" href=\"https:\/\/www.ilnotiziario.net\/wp\/nord-milano\/distretto-del-commercio-a-paderno-dugnano-30-domande-per-il-contributo\/\" \/>\n<meta property=\"og:locale\" content=\"it_IT\" \/>\n<meta property=\"og:type\" content=\"article\" \/>\n<meta property=\"og:title\" content=\"Paderno, distretto del commercio: 30 domande per il bando\" \/>\n<meta property=\"og:description\" content=\"Sono state presentate una trentina di domande per il primo del Distretto del commercio a Paderno Dugnano: contributi sino a 10mila euro\" \/>\n<meta property=\"og:url\" content=\"https:\/\/www.ilnotiziario.net\/wp\/nord-milano\/distretto-del-commercio-a-paderno-dugnano-30-domande-per-il-contributo\/\" \/>\n<meta property=\"og:site_name\" content=\"Il Notiziario\" \/>\n<meta property=\"article:publisher\" content=\"https:\/\/www.facebook.com\/ilnotiziarioind\/\" \/>\n<meta property=\"article:published_time\" content=\"2023-04-28T08:15:40+00:00\" \/>\n<meta property=\"article:modified_time\" content=\"2023-04-28T08:32:00+00:00\" \/>\n<meta property=\"og:image\" content=\"https:\/\/www.ilnotiziario.net\/wp\/wp-content\/uploads\/2023\/04\/paderno-dugnano.jpg\" \/>\n\t<meta property=\"og:image:width\" content=\"2048\" \/>\n\t<meta property=\"og:image:height\" content=\"1060\" \/>\n\t<meta property=\"og:image:type\" content=\"image\/jpeg\" \/>\n<meta name=\"author\" content=\"Gabriele Bassani\" \/>\n<meta name=\"twitter:card\" content=\"summary_large_image\" \/>\n<meta name=\"twitter:creator\" content=\"@ilNotiziarioInd\" \/>\n<meta name=\"twitter:site\" content=\"@ilNotiziarioInd\" \/>\n<meta name=\"twitter:label1\" content=\"Scritto da\" \/>\n\t<meta name=\"twitter:data1\" content=\"Gabriele Bassani\" \/>\n\t<meta name=\"twitter:label2\" content=\"Tempo di lettura stimato\" \/>\n\t<meta name=\"twitter:data2\" content=\"2 minuti\" \/>\n<script type=\"application\/ld+json\" class=\"yoast-schema-graph\">{\"@context\":\"https:\\\/\\\/schema.org\",\"@graph\":[{\"@type\":\"Article\",\"@id\":\"https:\\\/\\\/www.ilnotiziario.net\\\/wp\\\/nord-milano\\\/distretto-del-commercio-a-paderno-dugnano-30-domande-per-il-contributo\\\/#article\",\"isPartOf\":{\"@id\":\"https:\\\/\\\/www.ilnotiziario.net\\\/wp\\\/nord-milano\\\/distretto-del-commercio-a-paderno-dugnano-30-domande-per-il-contributo\\\/\"},\"author\":{\"name\":\"Gabriele Bassani\",\"@id\":\"https:\\\/\\\/www.ilnotiziario.net\\\/wp\\\/#\\\/schema\\\/person\\\/386e222908f898bb41c033989482bbf2\"},\"headline\":\"Distretto del commercio a Paderno Dugnano, domande per il contributo sino a 10mila euro\",\"datePublished\":\"2023-04-28T08:15:40+00:00\",\"dateModified\":\"2023-04-28T08:32:00+00:00\",\"mainEntityOfPage\":{\"@id\":\"https:\\\/\\\/www.ilnotiziario.net\\\/wp\\\/nord-milano\\\/distretto-del-commercio-a-paderno-dugnano-30-domande-per-il-contributo\\\/\"},\"wordCount\":348,\"publisher\":{\"@id\":\"https:\\\/\\\/www.ilnotiziario.net\\\/wp\\\/#organization\"},\"image\":{\"@id\":\"https:\\\/\\\/www.ilnotiziario.net\\\/wp\\\/nord-milano\\\/distretto-del-commercio-a-paderno-dugnano-30-domande-per-il-contributo\\\/#primaryimage\"},\"thumbnailUrl\":\"https:\\\/\\\/www.ilnotiziario.net\\\/wp\\\/wp-content\\\/uploads\\\/2023\\\/04\\\/paderno-dugnano.jpg\",\"keywords\":[\"bando paderno\",\"commercio paderno\",\"Confcommercio\",\"Distretto del commercio\",\"marco barbieri\",\"Paderno Dugnano\"],\"articleSection\":[\"NORD MILANO\",\"Prima Pagina\"],\"inLanguage\":\"it-IT\"},{\"@type\":\"WebPage\",\"@id\":\"https:\\\/\\\/www.ilnotiziario.net\\\/wp\\\/nord-milano\\\/distretto-del-commercio-a-paderno-dugnano-30-domande-per-il-contributo\\\/\",\"url\":\"https:\\\/\\\/www.ilnotiziario.net\\\/wp\\\/nord-milano\\\/distretto-del-commercio-a-paderno-dugnano-30-domande-per-il-contributo\\\/\",\"name\":\"Paderno, distretto del commercio: 30 domande per il bando\",\"isPartOf\":{\"@id\":\"https:\\\/\\\/www.ilnotiziario.net\\\/wp\\\/#website\"},\"primaryImageOfPage\":{\"@id\":\"https:\\\/\\\/www.ilnotiziario.net\\\/wp\\\/nord-milano\\\/distretto-del-commercio-a-paderno-dugnano-30-domande-per-il-contributo\\\/#primaryimage\"},\"image\":{\"@id\":\"https:\\\/\\\/www.ilnotiziario.net\\\/wp\\\/nord-milano\\\/distretto-del-commercio-a-paderno-dugnano-30-domande-per-il-contributo\\\/#primaryimage\"},\"thumbnailUrl\":\"https:\\\/\\\/www.ilnotiziario.net\\\/wp\\\/wp-content\\\/uploads\\\/2023\\\/04\\\/paderno-dugnano.jpg\",\"datePublished\":\"2023-04-28T08:15:40+00:00\",\"dateModified\":\"2023-04-28T08:32:00+00:00\",\"description\":\"Sono state presentate una trentina di domande per il primo del Distretto del commercio a Paderno Dugnano: contributi sino a 10mila euro\",\"breadcrumb\":{\"@id\":\"https:\\\/\\\/www.ilnotiziario.net\\\/wp\\\/nord-milano\\\/distretto-del-commercio-a-paderno-dugnano-30-domande-per-il-contributo\\\/#breadcrumb\"},\"inLanguage\":\"it-IT\",\"potentialAction\":[{\"@type\":\"ReadAction\",\"target\":[\"https:\\\/\\\/www.ilnotiziario.net\\\/wp\\\/nord-milano\\\/distretto-del-commercio-a-paderno-dugnano-30-domande-per-il-contributo\\\/\"]}]},{\"@type\":\"ImageObject\",\"inLanguage\":\"it-IT\",\"@id\":\"https:\\\/\\\/www.ilnotiziario.net\\\/wp\\\/nord-milano\\\/distretto-del-commercio-a-paderno-dugnano-30-domande-per-il-contributo\\\/#primaryimage\",\"url\":\"https:\\\/\\\/www.ilnotiziario.net\\\/wp\\\/wp-content\\\/uploads\\\/2023\\\/04\\\/paderno-dugnano.jpg\",\"contentUrl\":\"https:\\\/\\\/www.ilnotiziario.net\\\/wp\\\/wp-content\\\/uploads\\\/2023\\\/04\\\/paderno-dugnano.jpg\",\"width\":2048,\"height\":1060},{\"@type\":\"BreadcrumbList\",\"@id\":\"https:\\\/\\\/www.ilnotiziario.net\\\/wp\\\/nord-milano\\\/distretto-del-commercio-a-paderno-dugnano-30-domande-per-il-contributo\\\/#breadcrumb\",\"itemListElement\":[{\"@type\":\"ListItem\",\"position\":1,\"name\":\"tds_text_logo_tagline_colortds_text_logo_tagline_colortds_text_logo_tagline_colortds_text_logo_tagline_colortd_module_7_title_excerpttd_module_7_title_excerpttd_module_7_title_excerpttd_module_7_title_excerptHome\",\"item\":\"https:\\\/\\\/www.ilnotiziario.net\\\/wp\\\/\"},{\"@type\":\"ListItem\",\"position\":2,\"name\":\"Distretto del commercio a Paderno Dugnano, domande per il contributo sino a 10mila euro\"}]},{\"@type\":\"WebSite\",\"@id\":\"https:\\\/\\\/www.ilnotiziario.net\\\/wp\\\/#website\",\"url\":\"https:\\\/\\\/www.ilnotiziario.net\\\/wp\\\/\",\"name\":\"Il Notiziario\",\"description\":\"Per restare sempre connessi alla notizia\",\"publisher\":{\"@id\":\"https:\\\/\\\/www.ilnotiziario.net\\\/wp\\\/#organization\"},\"alternateName\":\"Il Notiziario Bollate\",\"potentialAction\":[{\"@type\":\"SearchAction\",\"target\":{\"@type\":\"EntryPoint\",\"urlTemplate\":\"https:\\\/\\\/www.ilnotiziario.net\\\/wp\\\/?s={search_term_string}\"},\"query-input\":{\"@type\":\"PropertyValueSpecification\",\"valueRequired\":true,\"valueName\":\"search_term_string\"}}],\"inLanguage\":\"it-IT\"},{\"@type\":\"Organization\",\"@id\":\"https:\\\/\\\/www.ilnotiziario.net\\\/wp\\\/#organization\",\"name\":\"Il Notiziario\",\"url\":\"https:\\\/\\\/www.ilnotiziario.net\\\/wp\\\/\",\"logo\":{\"@type\":\"ImageObject\",\"inLanguage\":\"it-IT\",\"@id\":\"https:\\\/\\\/www.ilnotiziario.net\\\/wp\\\/#\\\/schema\\\/logo\\\/image\\\/\",\"url\":\"https:\\\/\\\/www.ilnotiziario.net\\\/wp\\\/wp-content\\\/uploads\\\/2022\\\/06\\\/170x170ilN.png\",\"contentUrl\":\"https:\\\/\\\/www.ilnotiziario.net\\\/wp\\\/wp-content\\\/uploads\\\/2022\\\/06\\\/170x170ilN.png\",\"width\":355,\"height\":355,\"caption\":\"Il Notiziario\"},\"image\":{\"@id\":\"https:\\\/\\\/www.ilnotiziario.net\\\/wp\\\/#\\\/schema\\\/logo\\\/image\\\/\"},\"sameAs\":[\"https:\\\/\\\/www.facebook.com\\\/ilnotiziarioind\\\/\",\"https:\\\/\\\/x.com\\\/ilNotiziarioInd\",\"https:\\\/\\\/www.instagram.com\\\/ilnotiziario_settimanale\\\/\"]},{\"@type\":\"Person\",\"@id\":\"https:\\\/\\\/www.ilnotiziario.net\\\/wp\\\/#\\\/schema\\\/person\\\/386e222908f898bb41c033989482bbf2\",\"name\":\"Gabriele Bassani\",\"image\":{\"@type\":\"ImageObject\",\"inLanguage\":\"it-IT\",\"@id\":\"https:\\\/\\\/secure.gravatar.com\\\/avatar\\\/09274f4a84fa97698bde56f84b3afed61c8492d48b0550db9671b68c177479cb?s=96&d=mm&r=g\",\"url\":\"https:\\\/\\\/secure.gravatar.com\\\/avatar\\\/09274f4a84fa97698bde56f84b3afed61c8492d48b0550db9671b68c177479cb?s=96&d=mm&r=g\",\"contentUrl\":\"https:\\\/\\\/secure.gravatar.com\\\/avatar\\\/09274f4a84fa97698bde56f84b3afed61c8492d48b0550db9671b68c177479cb?s=96&d=mm&r=g\",\"caption\":\"Gabriele Bassani\"},\"sameAs\":[\"http:\\\/\\\/www.ilnotiziario.net\"]}]}<\/script>\n<!-- \/ Yoast SEO plugin. -->","yoast_head_json":{"title":"Paderno, distretto del commercio: 30 domande per il bando","description":"Sono state presentate una trentina di domande per il primo del Distretto del commercio a Paderno Dugnano: contributi sino a 10mila euro","robots":{"index":"index","follow":"follow","max-snippet":"max-snippet:-1","max-image-preview":"max-image-preview:large","max-video-preview":"max-video-preview:-1"},"canonical":"https:\/\/www.ilnotiziario.net\/wp\/nord-milano\/distretto-del-commercio-a-paderno-dugnano-30-domande-per-il-contributo\/","og_locale":"it_IT","og_type":"article","og_title":"Paderno, distretto del commercio: 30 domande per il bando","og_description":"Sono state presentate una trentina di domande per il primo del Distretto del commercio a Paderno Dugnano: contributi sino a 10mila euro","og_url":"https:\/\/www.ilnotiziario.net\/wp\/nord-milano\/distretto-del-commercio-a-paderno-dugnano-30-domande-per-il-contributo\/","og_site_name":"Il Notiziario","article_publisher":"https:\/\/www.facebook.com\/ilnotiziarioind\/","article_published_time":"2023-04-28T08:15:40+00:00","article_modified_time":"2023-04-28T08:32:00+00:00","og_image":[{"width":2048,"height":1060,"url":"https:\/\/www.ilnotiziario.net\/wp\/wp-content\/uploads\/2023\/04\/paderno-dugnano.jpg","type":"image\/jpeg"}],"author":"Gabriele Bassani","twitter_card":"summary_large_image","twitter_creator":"@ilNotiziarioInd","twitter_site":"@ilNotiziarioInd","twitter_misc":{"Scritto da":"Gabriele Bassani","Tempo di lettura stimato":"2 minuti"},"schema":{"@context":"https:\/\/schema.org","@graph":[{"@type":"Article","@id":"https:\/\/www.ilnotiziario.net\/wp\/nord-milano\/distretto-del-commercio-a-paderno-dugnano-30-domande-per-il-contributo\/#article","isPartOf":{"@id":"https:\/\/www.ilnotiziario.net\/wp\/nord-milano\/distretto-del-commercio-a-paderno-dugnano-30-domande-per-il-contributo\/"},"author":{"name":"Gabriele Bassani","@id":"https:\/\/www.ilnotiziario.net\/wp\/#\/schema\/person\/386e222908f898bb41c033989482bbf2"},"headline":"Distretto del commercio a Paderno Dugnano, domande per il contributo sino a 10mila euro","datePublished":"2023-04-28T08:15:40+00:00","dateModified":"2023-04-28T08:32:00+00:00","mainEntityOfPage":{"@id":"https:\/\/www.ilnotiziario.net\/wp\/nord-milano\/distretto-del-commercio-a-paderno-dugnano-30-domande-per-il-contributo\/"},"wordCount":348,"publisher":{"@id":"https:\/\/www.ilnotiziario.net\/wp\/#organization"},"image":{"@id":"https:\/\/www.ilnotiziario.net\/wp\/nord-milano\/distretto-del-commercio-a-paderno-dugnano-30-domande-per-il-contributo\/#primaryimage"},"thumbnailUrl":"https:\/\/www.ilnotiziario.net\/wp\/wp-content\/uploads\/2023\/04\/paderno-dugnano.jpg","keywords":["bando paderno","commercio paderno","Confcommercio","Distretto del commercio","marco barbieri","Paderno Dugnano"],"articleSection":["NORD MILANO","Prima Pagina"],"inLanguage":"it-IT"},{"@type":"WebPage","@id":"https:\/\/www.ilnotiziario.net\/wp\/nord-milano\/distretto-del-commercio-a-paderno-dugnano-30-domande-per-il-contributo\/","url":"https:\/\/www.ilnotiziario.net\/wp\/nord-milano\/distretto-del-commercio-a-paderno-dugnano-30-domande-per-il-contributo\/","name":"Paderno, distretto del commercio: 30 domande per il bando","isPartOf":{"@id":"https:\/\/www.ilnotiziario.net\/wp\/#website"},"primaryImageOfPage":{"@id":"https:\/\/www.ilnotiziario.net\/wp\/nord-milano\/distretto-del-commercio-a-paderno-dugnano-30-domande-per-il-contributo\/#primaryimage"},"image":{"@id":"https:\/\/www.ilnotiziario.net\/wp\/nord-milano\/distretto-del-commercio-a-paderno-dugnano-30-domande-per-il-contributo\/#primaryimage"},"thumbnailUrl":"https:\/\/www.ilnotiziario.net\/wp\/wp-content\/uploads\/2023\/04\/paderno-dugnano.jpg","datePublished":"2023-04-28T08:15:40+00:00","dateModified":"2023-04-28T08:32:00+00:00","description":"Sono state presentate una trentina di domande per il primo del Distretto del commercio a Paderno Dugnano: contributi sino a 10mila euro","breadcrumb":{"@id":"https:\/\/www.ilnotiziario.net\/wp\/nord-milano\/distretto-del-commercio-a-paderno-dugnano-30-domande-per-il-contributo\/#breadcrumb"},"inLanguage":"it-IT","potentialAction":[{"@type":"ReadAction","target":["https:\/\/www.ilnotiziario.net\/wp\/nord-milano\/distretto-del-commercio-a-paderno-dugnano-30-domande-per-il-contributo\/"]}]},{"@type":"ImageObject","inLanguage":"it-IT","@id":"https:\/\/www.ilnotiziario.net\/wp\/nord-milano\/distretto-del-commercio-a-paderno-dugnano-30-domande-per-il-contributo\/#primaryimage","url":"https:\/\/www.ilnotiziario.net\/wp\/wp-content\/uploads\/2023\/04\/paderno-dugnano.jpg","contentUrl":"https:\/\/www.ilnotiziario.net\/wp\/wp-content\/uploads\/2023\/04\/paderno-dugnano.jpg","width":2048,"height":1060},{"@type":"BreadcrumbList","@id":"https:\/\/www.ilnotiziario.net\/wp\/nord-milano\/distretto-del-commercio-a-paderno-dugnano-30-domande-per-il-contributo\/#breadcrumb","itemListElement":[{"@type":"ListItem","position":1,"name":"tds_text_logo_tagline_colortds_text_logo_tagline_colortds_text_logo_tagline_colortds_text_logo_tagline_colortd_module_7_title_excerpttd_module_7_title_excerpttd_module_7_title_excerpttd_module_7_title_excerptHome","item":"https:\/\/www.ilnotiziario.net\/wp\/"},{"@type":"ListItem","position":2,"name":"Distretto del commercio a Paderno Dugnano, domande per il contributo sino a 10mila euro"}]},{"@type":"WebSite","@id":"https:\/\/www.ilnotiziario.net\/wp\/#website","url":"https:\/\/www.ilnotiziario.net\/wp\/","name":"Il Notiziario","description":"Per restare sempre connessi alla notizia","publisher":{"@id":"https:\/\/www.ilnotiziario.net\/wp\/#organization"},"alternateName":"Il Notiziario Bollate","potentialAction":[{"@type":"SearchAction","target":{"@type":"EntryPoint","urlTemplate":"https:\/\/www.ilnotiziario.net\/wp\/?s={search_term_string}"},"query-input":{"@type":"PropertyValueSpecification","valueRequired":true,"valueName":"search_term_string"}}],"inLanguage":"it-IT"},{"@type":"Organization","@id":"https:\/\/www.ilnotiziario.net\/wp\/#organization","name":"Il Notiziario","url":"https:\/\/www.ilnotiziario.net\/wp\/","logo":{"@type":"ImageObject","inLanguage":"it-IT","@id":"https:\/\/www.ilnotiziario.net\/wp\/#\/schema\/logo\/image\/","url":"https:\/\/www.ilnotiziario.net\/wp\/wp-content\/uploads\/2022\/06\/170x170ilN.png","contentUrl":"https:\/\/www.ilnotiziario.net\/wp\/wp-content\/uploads\/2022\/06\/170x170ilN.png","width":355,"height":355,"caption":"Il Notiziario"},"image":{"@id":"https:\/\/www.ilnotiziario.net\/wp\/#\/schema\/logo\/image\/"},"sameAs":["https:\/\/www.facebook.com\/ilnotiziarioind\/","https:\/\/x.com\/ilNotiziarioInd","https:\/\/www.instagram.com\/ilnotiziario_settimanale\/"]},{"@type":"Person","@id":"https:\/\/www.ilnotiziario.net\/wp\/#\/schema\/person\/386e222908f898bb41c033989482bbf2","name":"Gabriele Bassani","image":{"@type":"ImageObject","inLanguage":"it-IT","@id":"https:\/\/secure.gravatar.com\/avatar\/09274f4a84fa97698bde56f84b3afed61c8492d48b0550db9671b68c177479cb?s=96&d=mm&r=g","url":"https:\/\/secure.gravatar.com\/avatar\/09274f4a84fa97698bde56f84b3afed61c8492d48b0550db9671b68c177479cb?s=96&d=mm&r=g","contentUrl":"https:\/\/secure.gravatar.com\/avatar\/09274f4a84fa97698bde56f84b3afed61c8492d48b0550db9671b68c177479cb?s=96&d=mm&r=g","caption":"Gabriele Bassani"},"sameAs":["http:\/\/www.ilnotiziario.net"]}]}},"_links":{"self":[{"href":"https:\/\/www.ilnotiziario.net\/wp\/wp-json\/wp\/v2\/posts\/181947","targetHints":{"allow":["GET"]}}],"collection":[{"href":"https:\/\/www.ilnotiziario.net\/wp\/wp-json\/wp\/v2\/posts"}],"about":[{"href":"https:\/\/www.ilnotiziario.net\/wp\/wp-json\/wp\/v2\/types\/post"}],"author":[{"embeddable":true,"href":"https:\/\/www.ilnotiziario.net\/wp\/wp-json\/wp\/v2\/users\/3"}],"replies":[{"embeddable":true,"href":"https:\/\/www.ilnotiziario.net\/wp\/wp-json\/wp\/v2\/comments?post=181947"}],"version-history":[{"count":0,"href":"https:\/\/www.ilnotiziario.net\/wp\/wp-json\/wp\/v2\/posts\/181947\/revisions"}],"wp:featuredmedia":[{"embeddable":true,"href":"https:\/\/www.ilnotiziario.net\/wp\/wp-json\/wp\/v2\/media\/181948"}],"wp:attachment":[{"href":"https:\/\/www.ilnotiziario.net\/wp\/wp-json\/wp\/v2\/media?parent=181947"}],"wp:term":[{"taxonomy":"category","embeddable":true,"href":"https:\/\/www.ilnotiziario.net\/wp\/wp-json\/wp\/v2\/categories?post=181947"},{"taxonomy":"post_tag","embeddable":true,"href":"https:\/\/www.ilnotiziario.net\/wp\/wp-json\/wp\/v2\/tags?post=181947"}],"curies":[{"name":"wp","href":"https:\/\/api.w.org\/{rel}","templated":true}]}}