{"id":183102,"date":"2023-05-23T11:00:36","date_gmt":"2023-05-23T09:00:36","guid":{"rendered":"https:\/\/www.ilnotiziario.net\/wp\/?p=183102"},"modified":"2023-05-23T10:12:29","modified_gmt":"2023-05-23T08:12:29","slug":"senago-zuccotti-cavaliere-della-repubblica","status":"publish","type":"post","link":"https:\/\/www.ilnotiziario.net\/wp\/bollatese\/senago-zuccotti-cavaliere-della-repubblica\/","title":{"rendered":"Senago, Zuccotti Cavaliere della Repubblica"},"content":{"rendered":"<p>Senago, il professor Gian Vincenzo Zuccotti insignito di Cavaliere della Repubblica: preside della facolt\u00e0 di Medicina della Statale e direttore della Pediatria dell\u2019ospedale Buzzi, Zuccotti riceve l&#8217;onorificenza di Cavaliere al Merito della Repubblica Italiana.<\/p><div id=\"ilnot-3208435696\" class=\"ilnot-contenuto ilnot-entity-placement\"><p><!-- incontent_1 --><\/p>\n<div class=\"gptslot\" data-adunitid=\"1\"><\/div>\n<\/div>\n<h2>Senago, Zuccotti \u00e8 Cavaliere della Repubblica<\/h2>\n<p>La prestigiosa onorificenza, conferita dal Presidente della Repubblica con decreto del 27 dicembre scorso, \u00e8 stata consegnata al medico senaghese nella mattinata di gioved\u00ec 11 nella Sala Verdi del Conservatorio di Milano.<\/p>\n<p>\u201c<em>E\u2019 stato un onore e un\u2019emozione consegnare questo cavalierato al professor Zuccotti<\/em> \u2013 ha spiegato il sindaco Magda Beretta &#8211;<em>&nbsp;Ancora una volta il Cavaliere Professore Gian Vincenzo Zuccotti ha reso grande il nome di Senago. La sua brillante carriera e i suoi riconoscimenti lo precedono. E\u2019 grande motivo di vanto per la nostra comunit\u00e0, non smetter\u00f2 mai di ringraziarlo per essere un esempio per il nostro territorio\u201d.<\/em><\/p><div id=\"ilnot-4267764253\" class=\"ilnot-contenuto_2 ilnot-entity-placement\"><div class=\"ads-wrapper\">\n<div class=\"ad-slot\">\n   <div id=\"ilnot-3903056375\" style=\"margin-right: auto;margin-left: auto;text-align: center;width: 320px;height: 100px;\"><a href=\"https:\/\/www.scuolasicurezza.it\/\"><img decoding=\"async\" src=\"https:\/\/www.ilnotiziario.net\/wp\/wp-content\/uploads\/2026\/04\/IlNotiziario_banner-sito-e-newsletter-320-x-100-px-1.gif\" alt=\"\"><\/a><\/div>\n  <\/div>\n<div class=\"ad-slot\">\n   <div id=\"ilnot-860992822\" style=\"margin-right: auto;margin-left: auto;text-align: center;width: 320px;height: 100px;\"><a href=\"https:\/\/purodesignarredamenti.com\/\"><img decoding=\"async\" src=\"https:\/\/www.ilnotiziario.net\/wp\/wp-content\/uploads\/2026\/04\/banner-puro-ok.gif\" alt=\"whatsapp\"><\/a><\/div><\/p><\/div>\n<\/div>\n<\/div>\n<h2>Senago, Zuccotti e l&#8217;Ambrogino d&#8217;oro<\/h2>\n<p>Medico stimato e conosciutissimo in citt\u00e0 \u00e8 diventato un punto di riferimento nel periodo critico della pandemia.&nbsp;Pi\u00f9 volte accanto alla Giunta Regionale con il suo prezioso lavoro di ricerca e di analisi, vicino alle scuole con gli incontri organizzati dagli istituti da remoto per approfondire le tematiche mediche o fugare dubbi di insegnanti e genitori.<\/p>\n<p>Ma anche attento al territorio, con l\u2019avvio a Senago di uno dei pi\u00f9 importanti screening della popolazione scolastica, un progetto di ricerca promosso proprio da Zuccotti organizzato in sinergia con l\u2019Universit\u00e0 degli Studi di Milano e la Clinica Pediatrica del Buzzi, che ha coinvolto ben 11 istituti cittadini. <a href=\"https:\/\/www.ilnotiziario.net\/wp\/bollatese\/ambrogino-doro-a-gianvincenzo-zuccotti-di-senago\/\" target=\"_blank\" rel=\"noopener\">Lo scorso anno \u00e8 stato tra i destinatari dell\u2019Ambrogino d\u2019Oro 2022<\/a> massima onorificenza meneghina consegnata il 7 dicembre in occasione della ricorrenza di Sant\u2019Ambrogio.<br \/>\n<strong>Redazione web<\/strong><\/p>\n","protected":false},"excerpt":{"rendered":"<p>Senago, il professor Gian Vincenzo Zuccotti insignito di Cavaliere della Repubblica: preside della facolt\u00e0 di Medicina della Statale e direttore della Pediatria dell\u2019ospedale Buzzi, Zuccotti riceve l&#8217;onorificenza di Cavaliere al Merito della Repubblica Italiana. Senago, Zuccotti \u00e8 Cavaliere della Repubblica La prestigiosa onorificenza, conferita dal Presidente della Repubblica con decreto del 27 dicembre scorso, \u00e8<\/p>\n","protected":false},"author":14,"featured_media":183103,"comment_status":"closed","ping_status":"closed","sticky":false,"template":"","format":"standard","meta":{"footnotes":""},"categories":[8,20],"tags":[8478,14693,3992,183,11289],"class_list":{"0":"post-183102","1":"post","2":"type-post","3":"status-publish","4":"format-standard","5":"has-post-thumbnail","7":"category-bollatese","8":"category-prima-pagina","9":"tag-ambrogino-doro","10":"tag-cavaliere-repubblica","11":"tag-magda-beretta","12":"tag-senago","13":"tag-zuccotti"},"yoast_head":"<!-- This site is optimized with the Yoast SEO plugin v27.5 - https:\/\/yoast.com\/product\/yoast-seo-wordpress\/ -->\n<title>Senago, il medico Zuccotti \u00e8 cavaliere della RepubblicaIl Notiziario<\/title>\n<meta name=\"description\" content=\"Il medico Gian Vincenzo Zuccotti di Senago, premiato con l&#039;Ambrogino d&#039;oro, \u00e8 stato insignito dell&#039;onorificenza di Cavaliere della Repubblica\" \/>\n<meta name=\"robots\" content=\"index, follow, max-snippet:-1, max-image-preview:large, max-video-preview:-1\" \/>\n<link rel=\"canonical\" href=\"https:\/\/www.ilnotiziario.net\/wp\/bollatese\/senago-zuccotti-cavaliere-della-repubblica\/\" \/>\n<meta property=\"og:locale\" content=\"it_IT\" \/>\n<meta property=\"og:type\" content=\"article\" \/>\n<meta property=\"og:title\" content=\"Senago, il medico Zuccotti \u00e8 cavaliere della RepubblicaIl Notiziario\" \/>\n<meta property=\"og:description\" content=\"Il medico Gian Vincenzo Zuccotti di Senago, premiato con l&#039;Ambrogino d&#039;oro, \u00e8 stato insignito dell&#039;onorificenza di Cavaliere della Repubblica\" \/>\n<meta property=\"og:url\" content=\"https:\/\/www.ilnotiziario.net\/wp\/bollatese\/senago-zuccotti-cavaliere-della-repubblica\/\" \/>\n<meta property=\"og:site_name\" content=\"Il Notiziario\" \/>\n<meta property=\"article:publisher\" content=\"https:\/\/www.facebook.com\/ilnotiziarioind\/\" \/>\n<meta property=\"article:published_time\" content=\"2023-05-23T09:00:36+00:00\" \/>\n<meta property=\"og:image\" content=\"https:\/\/www.ilnotiziario.net\/wp\/wp-content\/uploads\/2023\/05\/Senago-Zuccotti-Cavaliere-Repubblica.jpg\" \/>\n\t<meta property=\"og:image:width\" content=\"842\" \/>\n\t<meta property=\"og:image:height\" content=\"917\" \/>\n\t<meta property=\"og:image:type\" content=\"image\/jpeg\" \/>\n<meta name=\"author\" content=\"Silvia Citterio\" \/>\n<meta name=\"twitter:card\" content=\"summary_large_image\" \/>\n<meta name=\"twitter:creator\" content=\"@ilNotiziarioInd\" \/>\n<meta name=\"twitter:site\" content=\"@ilNotiziarioInd\" \/>\n<meta name=\"twitter:label1\" content=\"Scritto da\" \/>\n\t<meta name=\"twitter:data1\" content=\"Silvia Citterio\" \/>\n\t<meta name=\"twitter:label2\" content=\"Tempo di lettura stimato\" \/>\n\t<meta name=\"twitter:data2\" content=\"2 minuti\" \/>\n<script type=\"application\/ld+json\" class=\"yoast-schema-graph\">{\"@context\":\"https:\\\/\\\/schema.org\",\"@graph\":[{\"@type\":\"Article\",\"@id\":\"https:\\\/\\\/www.ilnotiziario.net\\\/wp\\\/bollatese\\\/senago-zuccotti-cavaliere-della-repubblica\\\/#article\",\"isPartOf\":{\"@id\":\"https:\\\/\\\/www.ilnotiziario.net\\\/wp\\\/bollatese\\\/senago-zuccotti-cavaliere-della-repubblica\\\/\"},\"author\":{\"name\":\"Silvia Citterio\",\"@id\":\"https:\\\/\\\/www.ilnotiziario.net\\\/wp\\\/#\\\/schema\\\/person\\\/c5bca2edc3d99d29959f04a6126f687b\"},\"headline\":\"Senago, Zuccotti Cavaliere della Repubblica\",\"datePublished\":\"2023-05-23T09:00:36+00:00\",\"mainEntityOfPage\":{\"@id\":\"https:\\\/\\\/www.ilnotiziario.net\\\/wp\\\/bollatese\\\/senago-zuccotti-cavaliere-della-repubblica\\\/\"},\"wordCount\":282,\"publisher\":{\"@id\":\"https:\\\/\\\/www.ilnotiziario.net\\\/wp\\\/#organization\"},\"image\":{\"@id\":\"https:\\\/\\\/www.ilnotiziario.net\\\/wp\\\/bollatese\\\/senago-zuccotti-cavaliere-della-repubblica\\\/#primaryimage\"},\"thumbnailUrl\":\"https:\\\/\\\/www.ilnotiziario.net\\\/wp\\\/wp-content\\\/uploads\\\/2023\\\/05\\\/Senago-Zuccotti-Cavaliere-Repubblica.jpg\",\"keywords\":[\"ambrogino doro\",\"Cavaliere Repubblica\",\"Magda Beretta\",\"Senago\",\"zuccotti\"],\"articleSection\":[\"BOLLATESE\",\"Prima Pagina\"],\"inLanguage\":\"it-IT\"},{\"@type\":\"WebPage\",\"@id\":\"https:\\\/\\\/www.ilnotiziario.net\\\/wp\\\/bollatese\\\/senago-zuccotti-cavaliere-della-repubblica\\\/\",\"url\":\"https:\\\/\\\/www.ilnotiziario.net\\\/wp\\\/bollatese\\\/senago-zuccotti-cavaliere-della-repubblica\\\/\",\"name\":\"Senago, il medico Zuccotti \u00e8 cavaliere della RepubblicaIl Notiziario\",\"isPartOf\":{\"@id\":\"https:\\\/\\\/www.ilnotiziario.net\\\/wp\\\/#website\"},\"primaryImageOfPage\":{\"@id\":\"https:\\\/\\\/www.ilnotiziario.net\\\/wp\\\/bollatese\\\/senago-zuccotti-cavaliere-della-repubblica\\\/#primaryimage\"},\"image\":{\"@id\":\"https:\\\/\\\/www.ilnotiziario.net\\\/wp\\\/bollatese\\\/senago-zuccotti-cavaliere-della-repubblica\\\/#primaryimage\"},\"thumbnailUrl\":\"https:\\\/\\\/www.ilnotiziario.net\\\/wp\\\/wp-content\\\/uploads\\\/2023\\\/05\\\/Senago-Zuccotti-Cavaliere-Repubblica.jpg\",\"datePublished\":\"2023-05-23T09:00:36+00:00\",\"description\":\"Il medico Gian Vincenzo Zuccotti di Senago, premiato con l'Ambrogino d'oro, \u00e8 stato insignito dell'onorificenza di Cavaliere della Repubblica\",\"breadcrumb\":{\"@id\":\"https:\\\/\\\/www.ilnotiziario.net\\\/wp\\\/bollatese\\\/senago-zuccotti-cavaliere-della-repubblica\\\/#breadcrumb\"},\"inLanguage\":\"it-IT\",\"potentialAction\":[{\"@type\":\"ReadAction\",\"target\":[\"https:\\\/\\\/www.ilnotiziario.net\\\/wp\\\/bollatese\\\/senago-zuccotti-cavaliere-della-repubblica\\\/\"]}]},{\"@type\":\"ImageObject\",\"inLanguage\":\"it-IT\",\"@id\":\"https:\\\/\\\/www.ilnotiziario.net\\\/wp\\\/bollatese\\\/senago-zuccotti-cavaliere-della-repubblica\\\/#primaryimage\",\"url\":\"https:\\\/\\\/www.ilnotiziario.net\\\/wp\\\/wp-content\\\/uploads\\\/2023\\\/05\\\/Senago-Zuccotti-Cavaliere-Repubblica.jpg\",\"contentUrl\":\"https:\\\/\\\/www.ilnotiziario.net\\\/wp\\\/wp-content\\\/uploads\\\/2023\\\/05\\\/Senago-Zuccotti-Cavaliere-Repubblica.jpg\",\"width\":842,\"height\":917,\"caption\":\"Il professor Gian Vincenzo Zuccotti con il sindaco Magda Beretta\"},{\"@type\":\"BreadcrumbList\",\"@id\":\"https:\\\/\\\/www.ilnotiziario.net\\\/wp\\\/bollatese\\\/senago-zuccotti-cavaliere-della-repubblica\\\/#breadcrumb\",\"itemListElement\":[{\"@type\":\"ListItem\",\"position\":1,\"name\":\"tds_text_logo_tagline_colortds_text_logo_tagline_colortds_text_logo_tagline_colortds_text_logo_tagline_colortd_module_7_title_excerpttd_module_7_title_excerpttd_module_7_title_excerpttd_module_7_title_excerptHome\",\"item\":\"https:\\\/\\\/www.ilnotiziario.net\\\/wp\\\/\"},{\"@type\":\"ListItem\",\"position\":2,\"name\":\"Senago, Zuccotti Cavaliere della Repubblica\"}]},{\"@type\":\"WebSite\",\"@id\":\"https:\\\/\\\/www.ilnotiziario.net\\\/wp\\\/#website\",\"url\":\"https:\\\/\\\/www.ilnotiziario.net\\\/wp\\\/\",\"name\":\"Il Notiziario\",\"description\":\"Per restare sempre connessi alla notizia\",\"publisher\":{\"@id\":\"https:\\\/\\\/www.ilnotiziario.net\\\/wp\\\/#organization\"},\"alternateName\":\"Il Notiziario Bollate\",\"potentialAction\":[{\"@type\":\"SearchAction\",\"target\":{\"@type\":\"EntryPoint\",\"urlTemplate\":\"https:\\\/\\\/www.ilnotiziario.net\\\/wp\\\/?s={search_term_string}\"},\"query-input\":{\"@type\":\"PropertyValueSpecification\",\"valueRequired\":true,\"valueName\":\"search_term_string\"}}],\"inLanguage\":\"it-IT\"},{\"@type\":\"Organization\",\"@id\":\"https:\\\/\\\/www.ilnotiziario.net\\\/wp\\\/#organization\",\"name\":\"Il Notiziario\",\"url\":\"https:\\\/\\\/www.ilnotiziario.net\\\/wp\\\/\",\"logo\":{\"@type\":\"ImageObject\",\"inLanguage\":\"it-IT\",\"@id\":\"https:\\\/\\\/www.ilnotiziario.net\\\/wp\\\/#\\\/schema\\\/logo\\\/image\\\/\",\"url\":\"https:\\\/\\\/www.ilnotiziario.net\\\/wp\\\/wp-content\\\/uploads\\\/2022\\\/06\\\/170x170ilN.png\",\"contentUrl\":\"https:\\\/\\\/www.ilnotiziario.net\\\/wp\\\/wp-content\\\/uploads\\\/2022\\\/06\\\/170x170ilN.png\",\"width\":355,\"height\":355,\"caption\":\"Il Notiziario\"},\"image\":{\"@id\":\"https:\\\/\\\/www.ilnotiziario.net\\\/wp\\\/#\\\/schema\\\/logo\\\/image\\\/\"},\"sameAs\":[\"https:\\\/\\\/www.facebook.com\\\/ilnotiziarioind\\\/\",\"https:\\\/\\\/x.com\\\/ilNotiziarioInd\",\"https:\\\/\\\/www.instagram.com\\\/ilnotiziario_settimanale\\\/\"]},{\"@type\":\"Person\",\"@id\":\"https:\\\/\\\/www.ilnotiziario.net\\\/wp\\\/#\\\/schema\\\/person\\\/c5bca2edc3d99d29959f04a6126f687b\",\"name\":\"Silvia Citterio\",\"image\":{\"@type\":\"ImageObject\",\"inLanguage\":\"it-IT\",\"@id\":\"https:\\\/\\\/secure.gravatar.com\\\/avatar\\\/03eb19c63b944e79a9b5ce53ca5d1ca303edcf368a68721ec3ccaae7f98c5afd?s=96&d=mm&r=g\",\"url\":\"https:\\\/\\\/secure.gravatar.com\\\/avatar\\\/03eb19c63b944e79a9b5ce53ca5d1ca303edcf368a68721ec3ccaae7f98c5afd?s=96&d=mm&r=g\",\"contentUrl\":\"https:\\\/\\\/secure.gravatar.com\\\/avatar\\\/03eb19c63b944e79a9b5ce53ca5d1ca303edcf368a68721ec3ccaae7f98c5afd?s=96&d=mm&r=g\",\"caption\":\"Silvia Citterio\"}}]}<\/script>\n<!-- \/ Yoast SEO plugin. -->","yoast_head_json":{"title":"Senago, il medico Zuccotti \u00e8 cavaliere della RepubblicaIl Notiziario","description":"Il medico Gian Vincenzo Zuccotti di Senago, premiato con l'Ambrogino d'oro, \u00e8 stato insignito dell'onorificenza di Cavaliere della Repubblica","robots":{"index":"index","follow":"follow","max-snippet":"max-snippet:-1","max-image-preview":"max-image-preview:large","max-video-preview":"max-video-preview:-1"},"canonical":"https:\/\/www.ilnotiziario.net\/wp\/bollatese\/senago-zuccotti-cavaliere-della-repubblica\/","og_locale":"it_IT","og_type":"article","og_title":"Senago, il medico Zuccotti \u00e8 cavaliere della RepubblicaIl Notiziario","og_description":"Il medico Gian Vincenzo Zuccotti di Senago, premiato con l'Ambrogino d'oro, \u00e8 stato insignito dell'onorificenza di Cavaliere della Repubblica","og_url":"https:\/\/www.ilnotiziario.net\/wp\/bollatese\/senago-zuccotti-cavaliere-della-repubblica\/","og_site_name":"Il Notiziario","article_publisher":"https:\/\/www.facebook.com\/ilnotiziarioind\/","article_published_time":"2023-05-23T09:00:36+00:00","og_image":[{"width":842,"height":917,"url":"https:\/\/www.ilnotiziario.net\/wp\/wp-content\/uploads\/2023\/05\/Senago-Zuccotti-Cavaliere-Repubblica.jpg","type":"image\/jpeg"}],"author":"Silvia Citterio","twitter_card":"summary_large_image","twitter_creator":"@ilNotiziarioInd","twitter_site":"@ilNotiziarioInd","twitter_misc":{"Scritto da":"Silvia Citterio","Tempo di lettura stimato":"2 minuti"},"schema":{"@context":"https:\/\/schema.org","@graph":[{"@type":"Article","@id":"https:\/\/www.ilnotiziario.net\/wp\/bollatese\/senago-zuccotti-cavaliere-della-repubblica\/#article","isPartOf":{"@id":"https:\/\/www.ilnotiziario.net\/wp\/bollatese\/senago-zuccotti-cavaliere-della-repubblica\/"},"author":{"name":"Silvia Citterio","@id":"https:\/\/www.ilnotiziario.net\/wp\/#\/schema\/person\/c5bca2edc3d99d29959f04a6126f687b"},"headline":"Senago, Zuccotti Cavaliere della Repubblica","datePublished":"2023-05-23T09:00:36+00:00","mainEntityOfPage":{"@id":"https:\/\/www.ilnotiziario.net\/wp\/bollatese\/senago-zuccotti-cavaliere-della-repubblica\/"},"wordCount":282,"publisher":{"@id":"https:\/\/www.ilnotiziario.net\/wp\/#organization"},"image":{"@id":"https:\/\/www.ilnotiziario.net\/wp\/bollatese\/senago-zuccotti-cavaliere-della-repubblica\/#primaryimage"},"thumbnailUrl":"https:\/\/www.ilnotiziario.net\/wp\/wp-content\/uploads\/2023\/05\/Senago-Zuccotti-Cavaliere-Repubblica.jpg","keywords":["ambrogino doro","Cavaliere Repubblica","Magda Beretta","Senago","zuccotti"],"articleSection":["BOLLATESE","Prima Pagina"],"inLanguage":"it-IT"},{"@type":"WebPage","@id":"https:\/\/www.ilnotiziario.net\/wp\/bollatese\/senago-zuccotti-cavaliere-della-repubblica\/","url":"https:\/\/www.ilnotiziario.net\/wp\/bollatese\/senago-zuccotti-cavaliere-della-repubblica\/","name":"Senago, il medico Zuccotti \u00e8 cavaliere della RepubblicaIl Notiziario","isPartOf":{"@id":"https:\/\/www.ilnotiziario.net\/wp\/#website"},"primaryImageOfPage":{"@id":"https:\/\/www.ilnotiziario.net\/wp\/bollatese\/senago-zuccotti-cavaliere-della-repubblica\/#primaryimage"},"image":{"@id":"https:\/\/www.ilnotiziario.net\/wp\/bollatese\/senago-zuccotti-cavaliere-della-repubblica\/#primaryimage"},"thumbnailUrl":"https:\/\/www.ilnotiziario.net\/wp\/wp-content\/uploads\/2023\/05\/Senago-Zuccotti-Cavaliere-Repubblica.jpg","datePublished":"2023-05-23T09:00:36+00:00","description":"Il medico Gian Vincenzo Zuccotti di Senago, premiato con l'Ambrogino d'oro, \u00e8 stato insignito dell'onorificenza di Cavaliere della Repubblica","breadcrumb":{"@id":"https:\/\/www.ilnotiziario.net\/wp\/bollatese\/senago-zuccotti-cavaliere-della-repubblica\/#breadcrumb"},"inLanguage":"it-IT","potentialAction":[{"@type":"ReadAction","target":["https:\/\/www.ilnotiziario.net\/wp\/bollatese\/senago-zuccotti-cavaliere-della-repubblica\/"]}]},{"@type":"ImageObject","inLanguage":"it-IT","@id":"https:\/\/www.ilnotiziario.net\/wp\/bollatese\/senago-zuccotti-cavaliere-della-repubblica\/#primaryimage","url":"https:\/\/www.ilnotiziario.net\/wp\/wp-content\/uploads\/2023\/05\/Senago-Zuccotti-Cavaliere-Repubblica.jpg","contentUrl":"https:\/\/www.ilnotiziario.net\/wp\/wp-content\/uploads\/2023\/05\/Senago-Zuccotti-Cavaliere-Repubblica.jpg","width":842,"height":917,"caption":"Il professor Gian Vincenzo Zuccotti con il sindaco Magda Beretta"},{"@type":"BreadcrumbList","@id":"https:\/\/www.ilnotiziario.net\/wp\/bollatese\/senago-zuccotti-cavaliere-della-repubblica\/#breadcrumb","itemListElement":[{"@type":"ListItem","position":1,"name":"tds_text_logo_tagline_colortds_text_logo_tagline_colortds_text_logo_tagline_colortds_text_logo_tagline_colortd_module_7_title_excerpttd_module_7_title_excerpttd_module_7_title_excerpttd_module_7_title_excerptHome","item":"https:\/\/www.ilnotiziario.net\/wp\/"},{"@type":"ListItem","position":2,"name":"Senago, Zuccotti Cavaliere della Repubblica"}]},{"@type":"WebSite","@id":"https:\/\/www.ilnotiziario.net\/wp\/#website","url":"https:\/\/www.ilnotiziario.net\/wp\/","name":"Il Notiziario","description":"Per restare sempre connessi alla notizia","publisher":{"@id":"https:\/\/www.ilnotiziario.net\/wp\/#organization"},"alternateName":"Il Notiziario Bollate","potentialAction":[{"@type":"SearchAction","target":{"@type":"EntryPoint","urlTemplate":"https:\/\/www.ilnotiziario.net\/wp\/?s={search_term_string}"},"query-input":{"@type":"PropertyValueSpecification","valueRequired":true,"valueName":"search_term_string"}}],"inLanguage":"it-IT"},{"@type":"Organization","@id":"https:\/\/www.ilnotiziario.net\/wp\/#organization","name":"Il Notiziario","url":"https:\/\/www.ilnotiziario.net\/wp\/","logo":{"@type":"ImageObject","inLanguage":"it-IT","@id":"https:\/\/www.ilnotiziario.net\/wp\/#\/schema\/logo\/image\/","url":"https:\/\/www.ilnotiziario.net\/wp\/wp-content\/uploads\/2022\/06\/170x170ilN.png","contentUrl":"https:\/\/www.ilnotiziario.net\/wp\/wp-content\/uploads\/2022\/06\/170x170ilN.png","width":355,"height":355,"caption":"Il Notiziario"},"image":{"@id":"https:\/\/www.ilnotiziario.net\/wp\/#\/schema\/logo\/image\/"},"sameAs":["https:\/\/www.facebook.com\/ilnotiziarioind\/","https:\/\/x.com\/ilNotiziarioInd","https:\/\/www.instagram.com\/ilnotiziario_settimanale\/"]},{"@type":"Person","@id":"https:\/\/www.ilnotiziario.net\/wp\/#\/schema\/person\/c5bca2edc3d99d29959f04a6126f687b","name":"Silvia Citterio","image":{"@type":"ImageObject","inLanguage":"it-IT","@id":"https:\/\/secure.gravatar.com\/avatar\/03eb19c63b944e79a9b5ce53ca5d1ca303edcf368a68721ec3ccaae7f98c5afd?s=96&d=mm&r=g","url":"https:\/\/secure.gravatar.com\/avatar\/03eb19c63b944e79a9b5ce53ca5d1ca303edcf368a68721ec3ccaae7f98c5afd?s=96&d=mm&r=g","contentUrl":"https:\/\/secure.gravatar.com\/avatar\/03eb19c63b944e79a9b5ce53ca5d1ca303edcf368a68721ec3ccaae7f98c5afd?s=96&d=mm&r=g","caption":"Silvia Citterio"}}]}},"_links":{"self":[{"href":"https:\/\/www.ilnotiziario.net\/wp\/wp-json\/wp\/v2\/posts\/183102","targetHints":{"allow":["GET"]}}],"collection":[{"href":"https:\/\/www.ilnotiziario.net\/wp\/wp-json\/wp\/v2\/posts"}],"about":[{"href":"https:\/\/www.ilnotiziario.net\/wp\/wp-json\/wp\/v2\/types\/post"}],"author":[{"embeddable":true,"href":"https:\/\/www.ilnotiziario.net\/wp\/wp-json\/wp\/v2\/users\/14"}],"replies":[{"embeddable":true,"href":"https:\/\/www.ilnotiziario.net\/wp\/wp-json\/wp\/v2\/comments?post=183102"}],"version-history":[{"count":0,"href":"https:\/\/www.ilnotiziario.net\/wp\/wp-json\/wp\/v2\/posts\/183102\/revisions"}],"wp:featuredmedia":[{"embeddable":true,"href":"https:\/\/www.ilnotiziario.net\/wp\/wp-json\/wp\/v2\/media\/183103"}],"wp:attachment":[{"href":"https:\/\/www.ilnotiziario.net\/wp\/wp-json\/wp\/v2\/media?parent=183102"}],"wp:term":[{"taxonomy":"category","embeddable":true,"href":"https:\/\/www.ilnotiziario.net\/wp\/wp-json\/wp\/v2\/categories?post=183102"},{"taxonomy":"post_tag","embeddable":true,"href":"https:\/\/www.ilnotiziario.net\/wp\/wp-json\/wp\/v2\/tags?post=183102"}],"curies":[{"name":"wp","href":"https:\/\/api.w.org\/{rel}","templated":true}]}}