{"id":183272,"date":"2023-05-26T13:45:39","date_gmt":"2023-05-26T11:45:39","guid":{"rendered":"https:\/\/www.ilnotiziario.net\/wp\/?p=183272"},"modified":"2023-05-26T14:25:47","modified_gmt":"2023-05-26T12:25:47","slug":"omicidio-suicidio-a-quarto-oggiaro-luomo-ritrovato-nellappartamento-e-luigi-corsini","status":"publish","type":"post","link":"https:\/\/www.ilnotiziario.net\/wp\/lombardia\/omicidio-suicidio-a-quarto-oggiaro-luomo-ritrovato-nellappartamento-e-luigi-corsini\/","title":{"rendered":"Omicidio-suicidio a Quarto Oggiaro: l&#8217;uomo ritrovato nell&#8217;appartamento \u00e8 Luigi Corsini"},"content":{"rendered":"<p>Il corpo di Luigi Corsini, scomparso nei giorni scorsi a Quarto Oggiaro, \u00e8 quello dell&#8217;<a href=\"https:\/\/www.ilnotiziario.net\/wp\/bollatese\/omicidio-suicidio-vicino-al-confine-con-baranzate-e-novate-milanese\/\" target=\"_blank\" rel=\"noopener\">uomo rinvenuto nella serata di domenica nell&#8217;appartamento di Quarto Oggiaro<\/a> di Claudio Giannuario, il 51enne morto suicida dopo essersi lasciato cadere dal settimo piano del palazzo, in quello che era stato subito definito un caso di omicidio suicidio.<\/p><div id=\"ilnot-2431201741\" class=\"ilnot-contenuto ilnot-entity-placement\"><p><!-- incontent_1 --><\/p>\n<div class=\"gptslot\" data-adunitid=\"1\"><\/div>\n<\/div>\n<h2><strong>L&#8217;omicidio &#8211; suicidio di Quarto Oggiaro e le ricerche a &#8216;Chi l&#8217;ha visto?&#8217;<\/strong><\/h2>\n<p>Questa la conclusione a cui sarebbero arrivati gli inquirenti, al lavoro gi\u00e0 nei giorni scorsi per ricostruire le dinamiche dell&#8217;accaduto e dare un&#8217;identit\u00e0 all&#8217;uomo rinvenuto senza vita nell&#8217;appartamento di Giannuario. Un caso di omicidio suicidio, quello di Quarto Oggiaro, che ha avuto nelle ultime ore l&#8217;epilogo con l&#8217;indicazione che la vittima era proprio Corsini.<br \/>\nLa famiglia di Corsini aveva denunciato la scomparsa dell&#8217;uomo, 34 anni, e anche la trasmissione &#8220;Chi l&#8217;ha visto?&#8221; si era occupata del caso. <a href=\"https:\/\/www.ilnotiziario.net\/wp\/bollatese\/scomparso-quarto-oggiaro\/\" target=\"_blank\" rel=\"noopener\">Le ricerche si erano concentrate anche nei comuni limitrofi, da Baranzate a Novate Milanese e Cormano.<\/a><\/p>\n<h2>Il rinvenimento dei corpi nella serata di domenica<\/h2>\n<p>Domenica, attorno alle 23.30, le forze dell&#8217;ordine erano giunta a Milano, in via Cogne a Quarto Oggiaro, rinvenendo il corpo di Giannuario e un paio di forbici, probabilmente utilizzate per uccidere l&#8217;uomo rinvenuto nel suo appartamento. La vittima presentava diverse ferite da armi da taglio e da subito si era ipotizzato lo scenario dell&#8217;omicidio-suicidio.<br \/>\n<strong>Redazione web<\/strong><\/p><div id=\"ilnot-1273134951\" class=\"ilnot-contenuto_2 ilnot-entity-placement\"><div class=\"ads-wrapper\">\n<div class=\"ad-slot\">\n   <div id=\"ilnot-1251629114\" style=\"margin-right: auto;margin-left: auto;text-align: center;width: 320px;height: 100px;\"><a href=\"https:\/\/www.scuolasicurezza.it\/\"><img decoding=\"async\" src=\"https:\/\/www.ilnotiziario.net\/wp\/wp-content\/uploads\/2026\/04\/IlNotiziario_banner-sito-e-newsletter-320-x-100-px-1.gif\" alt=\"\"><\/a><\/div>\n  <\/div>\n<div class=\"ad-slot\">\n   <div id=\"ilnot-2175910812\" style=\"margin-right: auto;margin-left: auto;text-align: center;width: 320px;height: 100px;\"><a href=\"https:\/\/purodesignarredamenti.com\/\"><img decoding=\"async\" src=\"https:\/\/www.ilnotiziario.net\/wp\/wp-content\/uploads\/2026\/04\/banner-puro-ok.gif\" alt=\"whatsapp\"><\/a><\/div><\/p><\/div>\n<\/div>\n<\/div>\n","protected":false},"excerpt":{"rendered":"<p>Il corpo di Luigi Corsini, scomparso nei giorni scorsi a Quarto Oggiaro, \u00e8 quello dell&#8217;uomo rinvenuto nella serata di domenica nell&#8217;appartamento di Quarto Oggiaro di Claudio Giannuario, il 51enne morto suicida dopo essersi lasciato cadere dal settimo piano del palazzo, in quello che era stato subito definito un caso di omicidio suicidio. L&#8217;omicidio &#8211; suicidio<\/p>\n","protected":false},"author":3,"featured_media":183248,"comment_status":"closed","ping_status":"closed","sticky":false,"template":"","format":"standard","meta":{"footnotes":""},"categories":[8,3464,11,20],"tags":[29,1054,102,14743,172,735],"class_list":{"0":"post-183272","1":"post","2":"type-post","3":"status-publish","4":"format-standard","5":"has-post-thumbnail","7":"category-bollatese","8":"category-lombardia","9":"category-nord-milano","10":"category-prima-pagina","11":"tag-baranzate","12":"tag-chi-lha-visto","13":"tag-cormano","14":"tag-luigi-corsini","15":"tag-novate","16":"tag-quarto-oggiaro"},"yoast_head":"<!-- This site is optimized with the Yoast SEO plugin v27.4 - https:\/\/yoast.com\/product\/yoast-seo-wordpress\/ -->\n<title>Omicidio-suicidio a Quarto Oggiaro: l&#039;uomo ritrovato nell&#039;appartamento \u00e8 Luigi Corsini<\/title>\n<meta name=\"description\" content=\"Ha un&#039;identit\u00e0 la vittima dell&#039;omicidio suicidio di Quarto Oggiaro: \u00e8 di Luigi Corsini, della cui scomparsa si era occupato Chi l&#039;ha visto?\" \/>\n<meta name=\"robots\" content=\"index, follow, max-snippet:-1, max-image-preview:large, max-video-preview:-1\" \/>\n<link rel=\"canonical\" href=\"https:\/\/www.ilnotiziario.net\/wp\/lombardia\/omicidio-suicidio-a-quarto-oggiaro-luomo-ritrovato-nellappartamento-e-luigi-corsini\/\" \/>\n<meta property=\"og:locale\" content=\"it_IT\" \/>\n<meta property=\"og:type\" content=\"article\" \/>\n<meta property=\"og:title\" content=\"Omicidio-suicidio a Quarto Oggiaro: l&#039;uomo ritrovato nell&#039;appartamento \u00e8 Luigi Corsini\" \/>\n<meta property=\"og:description\" content=\"Ha un&#039;identit\u00e0 la vittima dell&#039;omicidio suicidio di Quarto Oggiaro: \u00e8 di Luigi Corsini, della cui scomparsa si era occupato Chi l&#039;ha visto?\" \/>\n<meta property=\"og:url\" content=\"https:\/\/www.ilnotiziario.net\/wp\/lombardia\/omicidio-suicidio-a-quarto-oggiaro-luomo-ritrovato-nellappartamento-e-luigi-corsini\/\" \/>\n<meta property=\"og:site_name\" content=\"Il Notiziario\" \/>\n<meta property=\"article:publisher\" content=\"https:\/\/www.facebook.com\/ilnotiziarioind\/\" \/>\n<meta property=\"article:published_time\" content=\"2023-05-26T11:45:39+00:00\" \/>\n<meta property=\"article:modified_time\" content=\"2023-05-26T12:25:47+00:00\" \/>\n<meta property=\"og:image\" content=\"https:\/\/www.ilnotiziario.net\/wp\/wp-content\/uploads\/2023\/05\/scomparso-quarto-oggiaro.jpg\" \/>\n\t<meta property=\"og:image:width\" content=\"1080\" \/>\n\t<meta property=\"og:image:height\" content=\"673\" \/>\n\t<meta property=\"og:image:type\" content=\"image\/jpeg\" \/>\n<meta name=\"author\" content=\"Gabriele Bassani\" \/>\n<meta name=\"twitter:card\" content=\"summary_large_image\" \/>\n<meta name=\"twitter:creator\" content=\"@ilNotiziarioInd\" \/>\n<meta name=\"twitter:site\" content=\"@ilNotiziarioInd\" \/>\n<meta name=\"twitter:label1\" content=\"Scritto da\" \/>\n\t<meta name=\"twitter:data1\" content=\"Gabriele Bassani\" \/>\n\t<meta name=\"twitter:label2\" content=\"Tempo di lettura stimato\" \/>\n\t<meta name=\"twitter:data2\" content=\"2 minuti\" \/>\n<script type=\"application\/ld+json\" class=\"yoast-schema-graph\">{\"@context\":\"https:\\\/\\\/schema.org\",\"@graph\":[{\"@type\":\"Article\",\"@id\":\"https:\\\/\\\/www.ilnotiziario.net\\\/wp\\\/lombardia\\\/omicidio-suicidio-a-quarto-oggiaro-luomo-ritrovato-nellappartamento-e-luigi-corsini\\\/#article\",\"isPartOf\":{\"@id\":\"https:\\\/\\\/www.ilnotiziario.net\\\/wp\\\/lombardia\\\/omicidio-suicidio-a-quarto-oggiaro-luomo-ritrovato-nellappartamento-e-luigi-corsini\\\/\"},\"author\":{\"name\":\"Gabriele Bassani\",\"@id\":\"https:\\\/\\\/www.ilnotiziario.net\\\/wp\\\/#\\\/schema\\\/person\\\/386e222908f898bb41c033989482bbf2\"},\"headline\":\"Omicidio-suicidio a Quarto Oggiaro: l&#8217;uomo ritrovato nell&#8217;appartamento \u00e8 Luigi Corsini\",\"datePublished\":\"2023-05-26T11:45:39+00:00\",\"dateModified\":\"2023-05-26T12:25:47+00:00\",\"mainEntityOfPage\":{\"@id\":\"https:\\\/\\\/www.ilnotiziario.net\\\/wp\\\/lombardia\\\/omicidio-suicidio-a-quarto-oggiaro-luomo-ritrovato-nellappartamento-e-luigi-corsini\\\/\"},\"wordCount\":245,\"publisher\":{\"@id\":\"https:\\\/\\\/www.ilnotiziario.net\\\/wp\\\/#organization\"},\"image\":{\"@id\":\"https:\\\/\\\/www.ilnotiziario.net\\\/wp\\\/lombardia\\\/omicidio-suicidio-a-quarto-oggiaro-luomo-ritrovato-nellappartamento-e-luigi-corsini\\\/#primaryimage\"},\"thumbnailUrl\":\"https:\\\/\\\/www.ilnotiziario.net\\\/wp\\\/wp-content\\\/uploads\\\/2023\\\/05\\\/scomparso-quarto-oggiaro.jpg\",\"keywords\":[\"Baranzate\",\"Chi l'ha visto\",\"Cormano\",\"luigi corsini\",\"novate\",\"Quarto Oggiaro\"],\"articleSection\":[\"BOLLATESE\",\"CRONACA\",\"NORD MILANO\",\"Prima Pagina\"],\"inLanguage\":\"it-IT\"},{\"@type\":\"WebPage\",\"@id\":\"https:\\\/\\\/www.ilnotiziario.net\\\/wp\\\/lombardia\\\/omicidio-suicidio-a-quarto-oggiaro-luomo-ritrovato-nellappartamento-e-luigi-corsini\\\/\",\"url\":\"https:\\\/\\\/www.ilnotiziario.net\\\/wp\\\/lombardia\\\/omicidio-suicidio-a-quarto-oggiaro-luomo-ritrovato-nellappartamento-e-luigi-corsini\\\/\",\"name\":\"Omicidio-suicidio a Quarto Oggiaro: l'uomo ritrovato nell'appartamento \u00e8 Luigi Corsini\",\"isPartOf\":{\"@id\":\"https:\\\/\\\/www.ilnotiziario.net\\\/wp\\\/#website\"},\"primaryImageOfPage\":{\"@id\":\"https:\\\/\\\/www.ilnotiziario.net\\\/wp\\\/lombardia\\\/omicidio-suicidio-a-quarto-oggiaro-luomo-ritrovato-nellappartamento-e-luigi-corsini\\\/#primaryimage\"},\"image\":{\"@id\":\"https:\\\/\\\/www.ilnotiziario.net\\\/wp\\\/lombardia\\\/omicidio-suicidio-a-quarto-oggiaro-luomo-ritrovato-nellappartamento-e-luigi-corsini\\\/#primaryimage\"},\"thumbnailUrl\":\"https:\\\/\\\/www.ilnotiziario.net\\\/wp\\\/wp-content\\\/uploads\\\/2023\\\/05\\\/scomparso-quarto-oggiaro.jpg\",\"datePublished\":\"2023-05-26T11:45:39+00:00\",\"dateModified\":\"2023-05-26T12:25:47+00:00\",\"description\":\"Ha un'identit\u00e0 la vittima dell'omicidio suicidio di Quarto Oggiaro: \u00e8 di Luigi Corsini, della cui scomparsa si era occupato Chi l'ha visto?\",\"breadcrumb\":{\"@id\":\"https:\\\/\\\/www.ilnotiziario.net\\\/wp\\\/lombardia\\\/omicidio-suicidio-a-quarto-oggiaro-luomo-ritrovato-nellappartamento-e-luigi-corsini\\\/#breadcrumb\"},\"inLanguage\":\"it-IT\",\"potentialAction\":[{\"@type\":\"ReadAction\",\"target\":[\"https:\\\/\\\/www.ilnotiziario.net\\\/wp\\\/lombardia\\\/omicidio-suicidio-a-quarto-oggiaro-luomo-ritrovato-nellappartamento-e-luigi-corsini\\\/\"]}]},{\"@type\":\"ImageObject\",\"inLanguage\":\"it-IT\",\"@id\":\"https:\\\/\\\/www.ilnotiziario.net\\\/wp\\\/lombardia\\\/omicidio-suicidio-a-quarto-oggiaro-luomo-ritrovato-nellappartamento-e-luigi-corsini\\\/#primaryimage\",\"url\":\"https:\\\/\\\/www.ilnotiziario.net\\\/wp\\\/wp-content\\\/uploads\\\/2023\\\/05\\\/scomparso-quarto-oggiaro.jpg\",\"contentUrl\":\"https:\\\/\\\/www.ilnotiziario.net\\\/wp\\\/wp-content\\\/uploads\\\/2023\\\/05\\\/scomparso-quarto-oggiaro.jpg\",\"width\":1080,\"height\":673},{\"@type\":\"BreadcrumbList\",\"@id\":\"https:\\\/\\\/www.ilnotiziario.net\\\/wp\\\/lombardia\\\/omicidio-suicidio-a-quarto-oggiaro-luomo-ritrovato-nellappartamento-e-luigi-corsini\\\/#breadcrumb\",\"itemListElement\":[{\"@type\":\"ListItem\",\"position\":1,\"name\":\"tds_text_logo_tagline_colortds_text_logo_tagline_colortds_text_logo_tagline_colortds_text_logo_tagline_colortd_module_7_title_excerpttd_module_7_title_excerpttd_module_7_title_excerpttd_module_7_title_excerptHome\",\"item\":\"https:\\\/\\\/www.ilnotiziario.net\\\/wp\\\/\"},{\"@type\":\"ListItem\",\"position\":2,\"name\":\"Omicidio-suicidio a Quarto Oggiaro: l&#8217;uomo ritrovato nell&#8217;appartamento \u00e8 Luigi Corsini\"}]},{\"@type\":\"WebSite\",\"@id\":\"https:\\\/\\\/www.ilnotiziario.net\\\/wp\\\/#website\",\"url\":\"https:\\\/\\\/www.ilnotiziario.net\\\/wp\\\/\",\"name\":\"Il Notiziario\",\"description\":\"Per restare sempre connessi alla notizia\",\"publisher\":{\"@id\":\"https:\\\/\\\/www.ilnotiziario.net\\\/wp\\\/#organization\"},\"alternateName\":\"Il Notiziario Bollate\",\"potentialAction\":[{\"@type\":\"SearchAction\",\"target\":{\"@type\":\"EntryPoint\",\"urlTemplate\":\"https:\\\/\\\/www.ilnotiziario.net\\\/wp\\\/?s={search_term_string}\"},\"query-input\":{\"@type\":\"PropertyValueSpecification\",\"valueRequired\":true,\"valueName\":\"search_term_string\"}}],\"inLanguage\":\"it-IT\"},{\"@type\":\"Organization\",\"@id\":\"https:\\\/\\\/www.ilnotiziario.net\\\/wp\\\/#organization\",\"name\":\"Il Notiziario\",\"url\":\"https:\\\/\\\/www.ilnotiziario.net\\\/wp\\\/\",\"logo\":{\"@type\":\"ImageObject\",\"inLanguage\":\"it-IT\",\"@id\":\"https:\\\/\\\/www.ilnotiziario.net\\\/wp\\\/#\\\/schema\\\/logo\\\/image\\\/\",\"url\":\"https:\\\/\\\/www.ilnotiziario.net\\\/wp\\\/wp-content\\\/uploads\\\/2022\\\/06\\\/170x170ilN.png\",\"contentUrl\":\"https:\\\/\\\/www.ilnotiziario.net\\\/wp\\\/wp-content\\\/uploads\\\/2022\\\/06\\\/170x170ilN.png\",\"width\":355,\"height\":355,\"caption\":\"Il Notiziario\"},\"image\":{\"@id\":\"https:\\\/\\\/www.ilnotiziario.net\\\/wp\\\/#\\\/schema\\\/logo\\\/image\\\/\"},\"sameAs\":[\"https:\\\/\\\/www.facebook.com\\\/ilnotiziarioind\\\/\",\"https:\\\/\\\/x.com\\\/ilNotiziarioInd\",\"https:\\\/\\\/www.instagram.com\\\/ilnotiziario_settimanale\\\/\"]},{\"@type\":\"Person\",\"@id\":\"https:\\\/\\\/www.ilnotiziario.net\\\/wp\\\/#\\\/schema\\\/person\\\/386e222908f898bb41c033989482bbf2\",\"name\":\"Gabriele Bassani\",\"image\":{\"@type\":\"ImageObject\",\"inLanguage\":\"it-IT\",\"@id\":\"https:\\\/\\\/secure.gravatar.com\\\/avatar\\\/09274f4a84fa97698bde56f84b3afed61c8492d48b0550db9671b68c177479cb?s=96&d=mm&r=g\",\"url\":\"https:\\\/\\\/secure.gravatar.com\\\/avatar\\\/09274f4a84fa97698bde56f84b3afed61c8492d48b0550db9671b68c177479cb?s=96&d=mm&r=g\",\"contentUrl\":\"https:\\\/\\\/secure.gravatar.com\\\/avatar\\\/09274f4a84fa97698bde56f84b3afed61c8492d48b0550db9671b68c177479cb?s=96&d=mm&r=g\",\"caption\":\"Gabriele Bassani\"},\"sameAs\":[\"http:\\\/\\\/www.ilnotiziario.net\"]}]}<\/script>\n<!-- \/ Yoast SEO plugin. -->","yoast_head_json":{"title":"Omicidio-suicidio a Quarto Oggiaro: l'uomo ritrovato nell'appartamento \u00e8 Luigi Corsini","description":"Ha un'identit\u00e0 la vittima dell'omicidio suicidio di Quarto Oggiaro: \u00e8 di Luigi Corsini, della cui scomparsa si era occupato Chi l'ha visto?","robots":{"index":"index","follow":"follow","max-snippet":"max-snippet:-1","max-image-preview":"max-image-preview:large","max-video-preview":"max-video-preview:-1"},"canonical":"https:\/\/www.ilnotiziario.net\/wp\/lombardia\/omicidio-suicidio-a-quarto-oggiaro-luomo-ritrovato-nellappartamento-e-luigi-corsini\/","og_locale":"it_IT","og_type":"article","og_title":"Omicidio-suicidio a Quarto Oggiaro: l'uomo ritrovato nell'appartamento \u00e8 Luigi Corsini","og_description":"Ha un'identit\u00e0 la vittima dell'omicidio suicidio di Quarto Oggiaro: \u00e8 di Luigi Corsini, della cui scomparsa si era occupato Chi l'ha visto?","og_url":"https:\/\/www.ilnotiziario.net\/wp\/lombardia\/omicidio-suicidio-a-quarto-oggiaro-luomo-ritrovato-nellappartamento-e-luigi-corsini\/","og_site_name":"Il Notiziario","article_publisher":"https:\/\/www.facebook.com\/ilnotiziarioind\/","article_published_time":"2023-05-26T11:45:39+00:00","article_modified_time":"2023-05-26T12:25:47+00:00","og_image":[{"width":1080,"height":673,"url":"https:\/\/www.ilnotiziario.net\/wp\/wp-content\/uploads\/2023\/05\/scomparso-quarto-oggiaro.jpg","type":"image\/jpeg"}],"author":"Gabriele Bassani","twitter_card":"summary_large_image","twitter_creator":"@ilNotiziarioInd","twitter_site":"@ilNotiziarioInd","twitter_misc":{"Scritto da":"Gabriele Bassani","Tempo di lettura stimato":"2 minuti"},"schema":{"@context":"https:\/\/schema.org","@graph":[{"@type":"Article","@id":"https:\/\/www.ilnotiziario.net\/wp\/lombardia\/omicidio-suicidio-a-quarto-oggiaro-luomo-ritrovato-nellappartamento-e-luigi-corsini\/#article","isPartOf":{"@id":"https:\/\/www.ilnotiziario.net\/wp\/lombardia\/omicidio-suicidio-a-quarto-oggiaro-luomo-ritrovato-nellappartamento-e-luigi-corsini\/"},"author":{"name":"Gabriele Bassani","@id":"https:\/\/www.ilnotiziario.net\/wp\/#\/schema\/person\/386e222908f898bb41c033989482bbf2"},"headline":"Omicidio-suicidio a Quarto Oggiaro: l&#8217;uomo ritrovato nell&#8217;appartamento \u00e8 Luigi Corsini","datePublished":"2023-05-26T11:45:39+00:00","dateModified":"2023-05-26T12:25:47+00:00","mainEntityOfPage":{"@id":"https:\/\/www.ilnotiziario.net\/wp\/lombardia\/omicidio-suicidio-a-quarto-oggiaro-luomo-ritrovato-nellappartamento-e-luigi-corsini\/"},"wordCount":245,"publisher":{"@id":"https:\/\/www.ilnotiziario.net\/wp\/#organization"},"image":{"@id":"https:\/\/www.ilnotiziario.net\/wp\/lombardia\/omicidio-suicidio-a-quarto-oggiaro-luomo-ritrovato-nellappartamento-e-luigi-corsini\/#primaryimage"},"thumbnailUrl":"https:\/\/www.ilnotiziario.net\/wp\/wp-content\/uploads\/2023\/05\/scomparso-quarto-oggiaro.jpg","keywords":["Baranzate","Chi l'ha visto","Cormano","luigi corsini","novate","Quarto Oggiaro"],"articleSection":["BOLLATESE","CRONACA","NORD MILANO","Prima Pagina"],"inLanguage":"it-IT"},{"@type":"WebPage","@id":"https:\/\/www.ilnotiziario.net\/wp\/lombardia\/omicidio-suicidio-a-quarto-oggiaro-luomo-ritrovato-nellappartamento-e-luigi-corsini\/","url":"https:\/\/www.ilnotiziario.net\/wp\/lombardia\/omicidio-suicidio-a-quarto-oggiaro-luomo-ritrovato-nellappartamento-e-luigi-corsini\/","name":"Omicidio-suicidio a Quarto Oggiaro: l'uomo ritrovato nell'appartamento \u00e8 Luigi Corsini","isPartOf":{"@id":"https:\/\/www.ilnotiziario.net\/wp\/#website"},"primaryImageOfPage":{"@id":"https:\/\/www.ilnotiziario.net\/wp\/lombardia\/omicidio-suicidio-a-quarto-oggiaro-luomo-ritrovato-nellappartamento-e-luigi-corsini\/#primaryimage"},"image":{"@id":"https:\/\/www.ilnotiziario.net\/wp\/lombardia\/omicidio-suicidio-a-quarto-oggiaro-luomo-ritrovato-nellappartamento-e-luigi-corsini\/#primaryimage"},"thumbnailUrl":"https:\/\/www.ilnotiziario.net\/wp\/wp-content\/uploads\/2023\/05\/scomparso-quarto-oggiaro.jpg","datePublished":"2023-05-26T11:45:39+00:00","dateModified":"2023-05-26T12:25:47+00:00","description":"Ha un'identit\u00e0 la vittima dell'omicidio suicidio di Quarto Oggiaro: \u00e8 di Luigi Corsini, della cui scomparsa si era occupato Chi l'ha visto?","breadcrumb":{"@id":"https:\/\/www.ilnotiziario.net\/wp\/lombardia\/omicidio-suicidio-a-quarto-oggiaro-luomo-ritrovato-nellappartamento-e-luigi-corsini\/#breadcrumb"},"inLanguage":"it-IT","potentialAction":[{"@type":"ReadAction","target":["https:\/\/www.ilnotiziario.net\/wp\/lombardia\/omicidio-suicidio-a-quarto-oggiaro-luomo-ritrovato-nellappartamento-e-luigi-corsini\/"]}]},{"@type":"ImageObject","inLanguage":"it-IT","@id":"https:\/\/www.ilnotiziario.net\/wp\/lombardia\/omicidio-suicidio-a-quarto-oggiaro-luomo-ritrovato-nellappartamento-e-luigi-corsini\/#primaryimage","url":"https:\/\/www.ilnotiziario.net\/wp\/wp-content\/uploads\/2023\/05\/scomparso-quarto-oggiaro.jpg","contentUrl":"https:\/\/www.ilnotiziario.net\/wp\/wp-content\/uploads\/2023\/05\/scomparso-quarto-oggiaro.jpg","width":1080,"height":673},{"@type":"BreadcrumbList","@id":"https:\/\/www.ilnotiziario.net\/wp\/lombardia\/omicidio-suicidio-a-quarto-oggiaro-luomo-ritrovato-nellappartamento-e-luigi-corsini\/#breadcrumb","itemListElement":[{"@type":"ListItem","position":1,"name":"tds_text_logo_tagline_colortds_text_logo_tagline_colortds_text_logo_tagline_colortds_text_logo_tagline_colortd_module_7_title_excerpttd_module_7_title_excerpttd_module_7_title_excerpttd_module_7_title_excerptHome","item":"https:\/\/www.ilnotiziario.net\/wp\/"},{"@type":"ListItem","position":2,"name":"Omicidio-suicidio a Quarto Oggiaro: l&#8217;uomo ritrovato nell&#8217;appartamento \u00e8 Luigi Corsini"}]},{"@type":"WebSite","@id":"https:\/\/www.ilnotiziario.net\/wp\/#website","url":"https:\/\/www.ilnotiziario.net\/wp\/","name":"Il Notiziario","description":"Per restare sempre connessi alla notizia","publisher":{"@id":"https:\/\/www.ilnotiziario.net\/wp\/#organization"},"alternateName":"Il Notiziario Bollate","potentialAction":[{"@type":"SearchAction","target":{"@type":"EntryPoint","urlTemplate":"https:\/\/www.ilnotiziario.net\/wp\/?s={search_term_string}"},"query-input":{"@type":"PropertyValueSpecification","valueRequired":true,"valueName":"search_term_string"}}],"inLanguage":"it-IT"},{"@type":"Organization","@id":"https:\/\/www.ilnotiziario.net\/wp\/#organization","name":"Il Notiziario","url":"https:\/\/www.ilnotiziario.net\/wp\/","logo":{"@type":"ImageObject","inLanguage":"it-IT","@id":"https:\/\/www.ilnotiziario.net\/wp\/#\/schema\/logo\/image\/","url":"https:\/\/www.ilnotiziario.net\/wp\/wp-content\/uploads\/2022\/06\/170x170ilN.png","contentUrl":"https:\/\/www.ilnotiziario.net\/wp\/wp-content\/uploads\/2022\/06\/170x170ilN.png","width":355,"height":355,"caption":"Il Notiziario"},"image":{"@id":"https:\/\/www.ilnotiziario.net\/wp\/#\/schema\/logo\/image\/"},"sameAs":["https:\/\/www.facebook.com\/ilnotiziarioind\/","https:\/\/x.com\/ilNotiziarioInd","https:\/\/www.instagram.com\/ilnotiziario_settimanale\/"]},{"@type":"Person","@id":"https:\/\/www.ilnotiziario.net\/wp\/#\/schema\/person\/386e222908f898bb41c033989482bbf2","name":"Gabriele Bassani","image":{"@type":"ImageObject","inLanguage":"it-IT","@id":"https:\/\/secure.gravatar.com\/avatar\/09274f4a84fa97698bde56f84b3afed61c8492d48b0550db9671b68c177479cb?s=96&d=mm&r=g","url":"https:\/\/secure.gravatar.com\/avatar\/09274f4a84fa97698bde56f84b3afed61c8492d48b0550db9671b68c177479cb?s=96&d=mm&r=g","contentUrl":"https:\/\/secure.gravatar.com\/avatar\/09274f4a84fa97698bde56f84b3afed61c8492d48b0550db9671b68c177479cb?s=96&d=mm&r=g","caption":"Gabriele Bassani"},"sameAs":["http:\/\/www.ilnotiziario.net"]}]}},"_links":{"self":[{"href":"https:\/\/www.ilnotiziario.net\/wp\/wp-json\/wp\/v2\/posts\/183272","targetHints":{"allow":["GET"]}}],"collection":[{"href":"https:\/\/www.ilnotiziario.net\/wp\/wp-json\/wp\/v2\/posts"}],"about":[{"href":"https:\/\/www.ilnotiziario.net\/wp\/wp-json\/wp\/v2\/types\/post"}],"author":[{"embeddable":true,"href":"https:\/\/www.ilnotiziario.net\/wp\/wp-json\/wp\/v2\/users\/3"}],"replies":[{"embeddable":true,"href":"https:\/\/www.ilnotiziario.net\/wp\/wp-json\/wp\/v2\/comments?post=183272"}],"version-history":[{"count":0,"href":"https:\/\/www.ilnotiziario.net\/wp\/wp-json\/wp\/v2\/posts\/183272\/revisions"}],"wp:featuredmedia":[{"embeddable":true,"href":"https:\/\/www.ilnotiziario.net\/wp\/wp-json\/wp\/v2\/media\/183248"}],"wp:attachment":[{"href":"https:\/\/www.ilnotiziario.net\/wp\/wp-json\/wp\/v2\/media?parent=183272"}],"wp:term":[{"taxonomy":"category","embeddable":true,"href":"https:\/\/www.ilnotiziario.net\/wp\/wp-json\/wp\/v2\/categories?post=183272"},{"taxonomy":"post_tag","embeddable":true,"href":"https:\/\/www.ilnotiziario.net\/wp\/wp-json\/wp\/v2\/tags?post=183272"}],"curies":[{"name":"wp","href":"https:\/\/api.w.org\/{rel}","templated":true}]}}