{"id":183469,"date":"2023-05-31T18:32:15","date_gmt":"2023-05-31T16:32:15","guid":{"rendered":"https:\/\/www.ilnotiziario.net\/wp\/?p=183469"},"modified":"2023-05-31T18:32:15","modified_gmt":"2023-05-31T16:32:15","slug":"a-senago-nuove-ricerche-piu-circoscritte-per-giulia-tramontano","status":"publish","type":"post","link":"https:\/\/www.ilnotiziario.net\/wp\/prima-pagina\/a-senago-nuove-ricerche-piu-circoscritte-per-giulia-tramontano\/","title":{"rendered":"A Senago nuove ricerche pi\u00f9 circoscritte per Giulia Tramontano"},"content":{"rendered":"<p>Nuove ricerche specifiche partiranno verso le 19 di oggi per risolvere il giallo di Giulia Tramontano, la 29enne di Senago, incinta di 7 mesi,<a href=\"https:\/\/www.ilnotiziario.net\/wp\/bollatese\/giulia-sparita-senago-fidanzato-relazione\/\"><strong> di cui non si hanno pi\u00f9 notizie certe da sabato sera<\/strong><\/a>. Le ricerche si concentreranno in un&#8217;area pi\u00f9 circoscritta vicino ad un campo da baseball che dista poco pi\u00f9 di un km dall\u2019abitazione in cui Giulia viveva con il fidanzato Alessandro.<br \/>\nDavanti alle palazzine di via Novella, da diverse ore c\u2019\u00e8 un assedio di giornalisti e operatori dell\u2019informazione con telecamere e collegamenti in diretta da diverse trasmissioni tv.<\/p><div id=\"ilnot-1850497301\" class=\"ilnot-contenuto ilnot-entity-placement\"><p><!-- incontent_1 --><\/p>\n<div class=\"gptslot\" data-adunitid=\"1\"><\/div>\n<\/div>\n<p>Per le ricerche saranno utilizzati anche cani molecolari.<\/p>\n<p>Sabato sera l\u2019ultimo messaggio whatsApp di Giulia ad una amica. La 29enne, originaria della provincia di Napoli, da 5 anni a Senago, con un lavoro nel settore immobiliare, scriveva all&#8217;amica di sentirsi molto scossa e turbata dopo una lite col compagno, con cui convive.<\/p><div id=\"ilnot-691006946\" class=\"ilnot-contenuto_2 ilnot-entity-placement\"><div class=\"ads-wrapper\">\n<div class=\"ad-slot\">\n   <div id=\"ilnot-1057222173\" style=\"margin-right: auto;margin-left: auto;text-align: center;width: 320px;height: 100px;\"><a href=\"https:\/\/www.scuolasicurezza.it\/\"><img decoding=\"async\" src=\"https:\/\/www.ilnotiziario.net\/wp\/wp-content\/uploads\/2026\/04\/IlNotiziario_banner-sito-e-newsletter-320-x-100-px-1.gif\" alt=\"\"><\/a><\/div>\n  <\/div>\n<div class=\"ad-slot\">\n   <div id=\"ilnot-3797789406\" style=\"margin-right: auto;margin-left: auto;text-align: center;width: 320px;height: 100px;\"><a href=\"https:\/\/purodesignarredamenti.com\/\"><img decoding=\"async\" src=\"https:\/\/www.ilnotiziario.net\/wp\/wp-content\/uploads\/2026\/04\/banner-puro-ok.gif\" alt=\"whatsapp\"><\/a><\/div><\/p><\/div>\n<\/div>\n<\/div>\n<p>Si indaga a ritmi serrati, con l&#8217;acquisizione delle telecamere attorno alla casa della coppia e non solo e con l&#8217;audizione di testimoni, su una vicenda che potrebbe essere finita tragicamente. Il fidanzato, 30 anni, ha raccontato nella sua denuncia di essere andato al lavoro domenica mattina (fa il barman in un albergo di lusso a Milano), di essere rientrato nel pomeriggio e di non averla trovata a casa. Da qui, stando alla sua versione, la decisione di allertare le forze dell&#8217;ordine.<\/p>\n<h2>Ricerche vicino al campo da baseball di Senago per Giulia Tramontano&nbsp;<\/h2>\n<p>Nell&#8217;abitazione, da quanto si \u00e8 appreso, non sono stati trovati il passaporto e il bancomat della donna. E nemmeno il suo telefono, che sarebbe risultato non attivo dalla tarda serata di sabato. Quando domenica, poi, la mamma ha provato a chiamarla risultava spento. Per la famiglia la giovane non avrebbe avuto alcun motivo per sparire nel nulla volontariamente. In questi tre giorni attraverso la trasmissione &#8216;Chi l&#8217;ha visto?&#8217; e l&#8217;associazione Penelope, che si occupa di persone scomparse, sono stati rilanciati via social numerosi appelli per ritrovare Giulia, ma tutte le segnalazioni arrivate non hanno avuto alcun effetto concreto. &#8220;L&#8217;ultimo contatto con la famiglia risale alla serata di sabato 27 maggio&#8221;, hanno scritto i familiari.<\/p>\n<p>La sorella Chiara oggi ha postato un&#8217;altra fotografia di Giulia sulla battigia del mare.<br \/>\nIn un nuovo post sui social la sorella scrive: &#8220;Se non abbiamo ancora trovato Giulia \u00e8 perch\u00e9 non ho fatto abbastanza. Vi chiedo di fare ancora uno sforzo&#8221;. E anche: &#8220;Noi cerchiamo Giulia. Stop. Noi non indaghiamo, non accusiamo, non creiamo storie. Fate altrettanto per favore&#8221;. &#8220;Vi chiedo la cortesia &#8211; si legge ancora nel messaggio &#8211; di far girare solo i nostri appelli, solo quello autorizzato da noi familiari&#8221;.<\/p><div id=\"ilnot-3091144871\" class=\"ilnot-contenuto_2-2 ilnot-entity-placement\"><div class=\"gptslot\" data-adunitid=\"2\"><\/div>\n<\/div>\n","protected":false},"excerpt":{"rendered":"<p>Nuove ricerche specifiche partiranno verso le 19 di oggi per risolvere il giallo di Giulia Tramontano, la 29enne di Senago, incinta di 7 mesi, di cui non si hanno pi\u00f9 notizie certe da sabato sera. Le ricerche si concentreranno in un&#8217;area pi\u00f9 circoscritta vicino ad un campo da baseball che dista poco pi\u00f9 di un<\/p>\n","protected":false},"author":3,"featured_media":183470,"comment_status":"closed","ping_status":"closed","sticky":false,"template":"","format":"standard","meta":{"footnotes":""},"categories":[8,11,20],"tags":[14778,5182,183],"class_list":{"0":"post-183469","1":"post","2":"type-post","3":"status-publish","4":"format-standard","5":"has-post-thumbnail","7":"category-bollatese","8":"category-nord-milano","9":"category-prima-pagina","10":"tag-giulia-tramontano","11":"tag-ricerche","12":"tag-senago"},"yoast_head":"<!-- This site is optimized with the Yoast SEO plugin v27.4 - https:\/\/yoast.com\/product\/yoast-seo-wordpress\/ -->\n<title>A Senago nuove ricerche pi\u00f9 circoscritte per Giulia Tramontano - Il Notiziario<\/title>\n<meta name=\"description\" content=\"Nuove ricerche specifiche partiranno verso le 19 di oggi per risolvere il giallo di Giulia Tramontano, la 29enne di Senago, incinta di 7 mesi, di cui non\" \/>\n<meta name=\"robots\" content=\"index, follow, max-snippet:-1, max-image-preview:large, max-video-preview:-1\" \/>\n<link rel=\"canonical\" href=\"https:\/\/www.ilnotiziario.net\/wp\/prima-pagina\/a-senago-nuove-ricerche-piu-circoscritte-per-giulia-tramontano\/\" \/>\n<meta property=\"og:locale\" content=\"it_IT\" \/>\n<meta property=\"og:type\" content=\"article\" \/>\n<meta property=\"og:title\" content=\"A Senago nuove ricerche pi\u00f9 circoscritte per Giulia Tramontano - Il Notiziario\" \/>\n<meta property=\"og:description\" content=\"Nuove ricerche specifiche partiranno verso le 19 di oggi per risolvere il giallo di Giulia Tramontano, la 29enne di Senago, incinta di 7 mesi, di cui non\" \/>\n<meta property=\"og:url\" content=\"https:\/\/www.ilnotiziario.net\/wp\/prima-pagina\/a-senago-nuove-ricerche-piu-circoscritte-per-giulia-tramontano\/\" \/>\n<meta property=\"og:site_name\" content=\"Il Notiziario\" \/>\n<meta property=\"article:publisher\" content=\"https:\/\/www.facebook.com\/ilnotiziarioind\/\" \/>\n<meta property=\"article:published_time\" content=\"2023-05-31T16:32:15+00:00\" \/>\n<meta property=\"og:image\" content=\"https:\/\/www.ilnotiziario.net\/wp\/wp-content\/uploads\/2023\/05\/Senago-Villette-Giulia-Tramontano.jpg\" \/>\n\t<meta property=\"og:image:width\" content=\"1600\" \/>\n\t<meta property=\"og:image:height\" content=\"1200\" \/>\n\t<meta property=\"og:image:type\" content=\"image\/jpeg\" \/>\n<meta name=\"author\" content=\"Gabriele Bassani\" \/>\n<meta name=\"twitter:card\" content=\"summary_large_image\" \/>\n<meta name=\"twitter:creator\" content=\"@ilNotiziarioInd\" \/>\n<meta name=\"twitter:site\" content=\"@ilNotiziarioInd\" \/>\n<meta name=\"twitter:label1\" content=\"Scritto da\" \/>\n\t<meta name=\"twitter:data1\" content=\"Gabriele Bassani\" \/>\n\t<meta name=\"twitter:label2\" content=\"Tempo di lettura stimato\" \/>\n\t<meta name=\"twitter:data2\" content=\"3 minuti\" \/>\n<script type=\"application\/ld+json\" class=\"yoast-schema-graph\">{\"@context\":\"https:\\\/\\\/schema.org\",\"@graph\":[{\"@type\":\"Article\",\"@id\":\"https:\\\/\\\/www.ilnotiziario.net\\\/wp\\\/prima-pagina\\\/a-senago-nuove-ricerche-piu-circoscritte-per-giulia-tramontano\\\/#article\",\"isPartOf\":{\"@id\":\"https:\\\/\\\/www.ilnotiziario.net\\\/wp\\\/prima-pagina\\\/a-senago-nuove-ricerche-piu-circoscritte-per-giulia-tramontano\\\/\"},\"author\":{\"name\":\"Gabriele Bassani\",\"@id\":\"https:\\\/\\\/www.ilnotiziario.net\\\/wp\\\/#\\\/schema\\\/person\\\/386e222908f898bb41c033989482bbf2\"},\"headline\":\"A Senago nuove ricerche pi\u00f9 circoscritte per Giulia Tramontano\",\"datePublished\":\"2023-05-31T16:32:15+00:00\",\"mainEntityOfPage\":{\"@id\":\"https:\\\/\\\/www.ilnotiziario.net\\\/wp\\\/prima-pagina\\\/a-senago-nuove-ricerche-piu-circoscritte-per-giulia-tramontano\\\/\"},\"wordCount\":450,\"publisher\":{\"@id\":\"https:\\\/\\\/www.ilnotiziario.net\\\/wp\\\/#organization\"},\"image\":{\"@id\":\"https:\\\/\\\/www.ilnotiziario.net\\\/wp\\\/prima-pagina\\\/a-senago-nuove-ricerche-piu-circoscritte-per-giulia-tramontano\\\/#primaryimage\"},\"thumbnailUrl\":\"https:\\\/\\\/www.ilnotiziario.net\\\/wp\\\/wp-content\\\/uploads\\\/2023\\\/05\\\/Senago-Villette-Giulia-Tramontano.jpg\",\"keywords\":[\"giulia tramontano\",\"Ricerche\",\"Senago\"],\"articleSection\":[\"BOLLATESE\",\"NORD MILANO\",\"Prima Pagina\"],\"inLanguage\":\"it-IT\"},{\"@type\":\"WebPage\",\"@id\":\"https:\\\/\\\/www.ilnotiziario.net\\\/wp\\\/prima-pagina\\\/a-senago-nuove-ricerche-piu-circoscritte-per-giulia-tramontano\\\/\",\"url\":\"https:\\\/\\\/www.ilnotiziario.net\\\/wp\\\/prima-pagina\\\/a-senago-nuove-ricerche-piu-circoscritte-per-giulia-tramontano\\\/\",\"name\":\"A Senago nuove ricerche pi\u00f9 circoscritte per Giulia Tramontano - Il Notiziario\",\"isPartOf\":{\"@id\":\"https:\\\/\\\/www.ilnotiziario.net\\\/wp\\\/#website\"},\"primaryImageOfPage\":{\"@id\":\"https:\\\/\\\/www.ilnotiziario.net\\\/wp\\\/prima-pagina\\\/a-senago-nuove-ricerche-piu-circoscritte-per-giulia-tramontano\\\/#primaryimage\"},\"image\":{\"@id\":\"https:\\\/\\\/www.ilnotiziario.net\\\/wp\\\/prima-pagina\\\/a-senago-nuove-ricerche-piu-circoscritte-per-giulia-tramontano\\\/#primaryimage\"},\"thumbnailUrl\":\"https:\\\/\\\/www.ilnotiziario.net\\\/wp\\\/wp-content\\\/uploads\\\/2023\\\/05\\\/Senago-Villette-Giulia-Tramontano.jpg\",\"datePublished\":\"2023-05-31T16:32:15+00:00\",\"description\":\"Nuove ricerche specifiche partiranno verso le 19 di oggi per risolvere il giallo di Giulia Tramontano, la 29enne di Senago, incinta di 7 mesi, di cui non\",\"breadcrumb\":{\"@id\":\"https:\\\/\\\/www.ilnotiziario.net\\\/wp\\\/prima-pagina\\\/a-senago-nuove-ricerche-piu-circoscritte-per-giulia-tramontano\\\/#breadcrumb\"},\"inLanguage\":\"it-IT\",\"potentialAction\":[{\"@type\":\"ReadAction\",\"target\":[\"https:\\\/\\\/www.ilnotiziario.net\\\/wp\\\/prima-pagina\\\/a-senago-nuove-ricerche-piu-circoscritte-per-giulia-tramontano\\\/\"]}]},{\"@type\":\"ImageObject\",\"inLanguage\":\"it-IT\",\"@id\":\"https:\\\/\\\/www.ilnotiziario.net\\\/wp\\\/prima-pagina\\\/a-senago-nuove-ricerche-piu-circoscritte-per-giulia-tramontano\\\/#primaryimage\",\"url\":\"https:\\\/\\\/www.ilnotiziario.net\\\/wp\\\/wp-content\\\/uploads\\\/2023\\\/05\\\/Senago-Villette-Giulia-Tramontano.jpg\",\"contentUrl\":\"https:\\\/\\\/www.ilnotiziario.net\\\/wp\\\/wp-content\\\/uploads\\\/2023\\\/05\\\/Senago-Villette-Giulia-Tramontano.jpg\",\"width\":1600,\"height\":1200,\"caption\":\"senago giulia ricerche\"},{\"@type\":\"BreadcrumbList\",\"@id\":\"https:\\\/\\\/www.ilnotiziario.net\\\/wp\\\/prima-pagina\\\/a-senago-nuove-ricerche-piu-circoscritte-per-giulia-tramontano\\\/#breadcrumb\",\"itemListElement\":[{\"@type\":\"ListItem\",\"position\":1,\"name\":\"tds_text_logo_tagline_colortds_text_logo_tagline_colortds_text_logo_tagline_colortds_text_logo_tagline_colortd_module_7_title_excerpttd_module_7_title_excerpttd_module_7_title_excerpttd_module_7_title_excerptHome\",\"item\":\"https:\\\/\\\/www.ilnotiziario.net\\\/wp\\\/\"},{\"@type\":\"ListItem\",\"position\":2,\"name\":\"A Senago nuove ricerche pi\u00f9 circoscritte per Giulia Tramontano\"}]},{\"@type\":\"WebSite\",\"@id\":\"https:\\\/\\\/www.ilnotiziario.net\\\/wp\\\/#website\",\"url\":\"https:\\\/\\\/www.ilnotiziario.net\\\/wp\\\/\",\"name\":\"Il Notiziario\",\"description\":\"Per restare sempre connessi alla notizia\",\"publisher\":{\"@id\":\"https:\\\/\\\/www.ilnotiziario.net\\\/wp\\\/#organization\"},\"alternateName\":\"Il Notiziario Bollate\",\"potentialAction\":[{\"@type\":\"SearchAction\",\"target\":{\"@type\":\"EntryPoint\",\"urlTemplate\":\"https:\\\/\\\/www.ilnotiziario.net\\\/wp\\\/?s={search_term_string}\"},\"query-input\":{\"@type\":\"PropertyValueSpecification\",\"valueRequired\":true,\"valueName\":\"search_term_string\"}}],\"inLanguage\":\"it-IT\"},{\"@type\":\"Organization\",\"@id\":\"https:\\\/\\\/www.ilnotiziario.net\\\/wp\\\/#organization\",\"name\":\"Il Notiziario\",\"url\":\"https:\\\/\\\/www.ilnotiziario.net\\\/wp\\\/\",\"logo\":{\"@type\":\"ImageObject\",\"inLanguage\":\"it-IT\",\"@id\":\"https:\\\/\\\/www.ilnotiziario.net\\\/wp\\\/#\\\/schema\\\/logo\\\/image\\\/\",\"url\":\"https:\\\/\\\/www.ilnotiziario.net\\\/wp\\\/wp-content\\\/uploads\\\/2022\\\/06\\\/170x170ilN.png\",\"contentUrl\":\"https:\\\/\\\/www.ilnotiziario.net\\\/wp\\\/wp-content\\\/uploads\\\/2022\\\/06\\\/170x170ilN.png\",\"width\":355,\"height\":355,\"caption\":\"Il Notiziario\"},\"image\":{\"@id\":\"https:\\\/\\\/www.ilnotiziario.net\\\/wp\\\/#\\\/schema\\\/logo\\\/image\\\/\"},\"sameAs\":[\"https:\\\/\\\/www.facebook.com\\\/ilnotiziarioind\\\/\",\"https:\\\/\\\/x.com\\\/ilNotiziarioInd\",\"https:\\\/\\\/www.instagram.com\\\/ilnotiziario_settimanale\\\/\"]},{\"@type\":\"Person\",\"@id\":\"https:\\\/\\\/www.ilnotiziario.net\\\/wp\\\/#\\\/schema\\\/person\\\/386e222908f898bb41c033989482bbf2\",\"name\":\"Gabriele Bassani\",\"image\":{\"@type\":\"ImageObject\",\"inLanguage\":\"it-IT\",\"@id\":\"https:\\\/\\\/secure.gravatar.com\\\/avatar\\\/09274f4a84fa97698bde56f84b3afed61c8492d48b0550db9671b68c177479cb?s=96&d=mm&r=g\",\"url\":\"https:\\\/\\\/secure.gravatar.com\\\/avatar\\\/09274f4a84fa97698bde56f84b3afed61c8492d48b0550db9671b68c177479cb?s=96&d=mm&r=g\",\"contentUrl\":\"https:\\\/\\\/secure.gravatar.com\\\/avatar\\\/09274f4a84fa97698bde56f84b3afed61c8492d48b0550db9671b68c177479cb?s=96&d=mm&r=g\",\"caption\":\"Gabriele Bassani\"},\"sameAs\":[\"http:\\\/\\\/www.ilnotiziario.net\"]}]}<\/script>\n<!-- \/ Yoast SEO plugin. -->","yoast_head_json":{"title":"A Senago nuove ricerche pi\u00f9 circoscritte per Giulia Tramontano - Il Notiziario","description":"Nuove ricerche specifiche partiranno verso le 19 di oggi per risolvere il giallo di Giulia Tramontano, la 29enne di Senago, incinta di 7 mesi, di cui non","robots":{"index":"index","follow":"follow","max-snippet":"max-snippet:-1","max-image-preview":"max-image-preview:large","max-video-preview":"max-video-preview:-1"},"canonical":"https:\/\/www.ilnotiziario.net\/wp\/prima-pagina\/a-senago-nuove-ricerche-piu-circoscritte-per-giulia-tramontano\/","og_locale":"it_IT","og_type":"article","og_title":"A Senago nuove ricerche pi\u00f9 circoscritte per Giulia Tramontano - Il Notiziario","og_description":"Nuove ricerche specifiche partiranno verso le 19 di oggi per risolvere il giallo di Giulia Tramontano, la 29enne di Senago, incinta di 7 mesi, di cui non","og_url":"https:\/\/www.ilnotiziario.net\/wp\/prima-pagina\/a-senago-nuove-ricerche-piu-circoscritte-per-giulia-tramontano\/","og_site_name":"Il Notiziario","article_publisher":"https:\/\/www.facebook.com\/ilnotiziarioind\/","article_published_time":"2023-05-31T16:32:15+00:00","og_image":[{"width":1600,"height":1200,"url":"https:\/\/www.ilnotiziario.net\/wp\/wp-content\/uploads\/2023\/05\/Senago-Villette-Giulia-Tramontano.jpg","type":"image\/jpeg"}],"author":"Gabriele Bassani","twitter_card":"summary_large_image","twitter_creator":"@ilNotiziarioInd","twitter_site":"@ilNotiziarioInd","twitter_misc":{"Scritto da":"Gabriele Bassani","Tempo di lettura stimato":"3 minuti"},"schema":{"@context":"https:\/\/schema.org","@graph":[{"@type":"Article","@id":"https:\/\/www.ilnotiziario.net\/wp\/prima-pagina\/a-senago-nuove-ricerche-piu-circoscritte-per-giulia-tramontano\/#article","isPartOf":{"@id":"https:\/\/www.ilnotiziario.net\/wp\/prima-pagina\/a-senago-nuove-ricerche-piu-circoscritte-per-giulia-tramontano\/"},"author":{"name":"Gabriele Bassani","@id":"https:\/\/www.ilnotiziario.net\/wp\/#\/schema\/person\/386e222908f898bb41c033989482bbf2"},"headline":"A Senago nuove ricerche pi\u00f9 circoscritte per Giulia Tramontano","datePublished":"2023-05-31T16:32:15+00:00","mainEntityOfPage":{"@id":"https:\/\/www.ilnotiziario.net\/wp\/prima-pagina\/a-senago-nuove-ricerche-piu-circoscritte-per-giulia-tramontano\/"},"wordCount":450,"publisher":{"@id":"https:\/\/www.ilnotiziario.net\/wp\/#organization"},"image":{"@id":"https:\/\/www.ilnotiziario.net\/wp\/prima-pagina\/a-senago-nuove-ricerche-piu-circoscritte-per-giulia-tramontano\/#primaryimage"},"thumbnailUrl":"https:\/\/www.ilnotiziario.net\/wp\/wp-content\/uploads\/2023\/05\/Senago-Villette-Giulia-Tramontano.jpg","keywords":["giulia tramontano","Ricerche","Senago"],"articleSection":["BOLLATESE","NORD MILANO","Prima Pagina"],"inLanguage":"it-IT"},{"@type":"WebPage","@id":"https:\/\/www.ilnotiziario.net\/wp\/prima-pagina\/a-senago-nuove-ricerche-piu-circoscritte-per-giulia-tramontano\/","url":"https:\/\/www.ilnotiziario.net\/wp\/prima-pagina\/a-senago-nuove-ricerche-piu-circoscritte-per-giulia-tramontano\/","name":"A Senago nuove ricerche pi\u00f9 circoscritte per Giulia Tramontano - Il Notiziario","isPartOf":{"@id":"https:\/\/www.ilnotiziario.net\/wp\/#website"},"primaryImageOfPage":{"@id":"https:\/\/www.ilnotiziario.net\/wp\/prima-pagina\/a-senago-nuove-ricerche-piu-circoscritte-per-giulia-tramontano\/#primaryimage"},"image":{"@id":"https:\/\/www.ilnotiziario.net\/wp\/prima-pagina\/a-senago-nuove-ricerche-piu-circoscritte-per-giulia-tramontano\/#primaryimage"},"thumbnailUrl":"https:\/\/www.ilnotiziario.net\/wp\/wp-content\/uploads\/2023\/05\/Senago-Villette-Giulia-Tramontano.jpg","datePublished":"2023-05-31T16:32:15+00:00","description":"Nuove ricerche specifiche partiranno verso le 19 di oggi per risolvere il giallo di Giulia Tramontano, la 29enne di Senago, incinta di 7 mesi, di cui non","breadcrumb":{"@id":"https:\/\/www.ilnotiziario.net\/wp\/prima-pagina\/a-senago-nuove-ricerche-piu-circoscritte-per-giulia-tramontano\/#breadcrumb"},"inLanguage":"it-IT","potentialAction":[{"@type":"ReadAction","target":["https:\/\/www.ilnotiziario.net\/wp\/prima-pagina\/a-senago-nuove-ricerche-piu-circoscritte-per-giulia-tramontano\/"]}]},{"@type":"ImageObject","inLanguage":"it-IT","@id":"https:\/\/www.ilnotiziario.net\/wp\/prima-pagina\/a-senago-nuove-ricerche-piu-circoscritte-per-giulia-tramontano\/#primaryimage","url":"https:\/\/www.ilnotiziario.net\/wp\/wp-content\/uploads\/2023\/05\/Senago-Villette-Giulia-Tramontano.jpg","contentUrl":"https:\/\/www.ilnotiziario.net\/wp\/wp-content\/uploads\/2023\/05\/Senago-Villette-Giulia-Tramontano.jpg","width":1600,"height":1200,"caption":"senago giulia ricerche"},{"@type":"BreadcrumbList","@id":"https:\/\/www.ilnotiziario.net\/wp\/prima-pagina\/a-senago-nuove-ricerche-piu-circoscritte-per-giulia-tramontano\/#breadcrumb","itemListElement":[{"@type":"ListItem","position":1,"name":"tds_text_logo_tagline_colortds_text_logo_tagline_colortds_text_logo_tagline_colortds_text_logo_tagline_colortd_module_7_title_excerpttd_module_7_title_excerpttd_module_7_title_excerpttd_module_7_title_excerptHome","item":"https:\/\/www.ilnotiziario.net\/wp\/"},{"@type":"ListItem","position":2,"name":"A Senago nuove ricerche pi\u00f9 circoscritte per Giulia Tramontano"}]},{"@type":"WebSite","@id":"https:\/\/www.ilnotiziario.net\/wp\/#website","url":"https:\/\/www.ilnotiziario.net\/wp\/","name":"Il Notiziario","description":"Per restare sempre connessi alla notizia","publisher":{"@id":"https:\/\/www.ilnotiziario.net\/wp\/#organization"},"alternateName":"Il Notiziario Bollate","potentialAction":[{"@type":"SearchAction","target":{"@type":"EntryPoint","urlTemplate":"https:\/\/www.ilnotiziario.net\/wp\/?s={search_term_string}"},"query-input":{"@type":"PropertyValueSpecification","valueRequired":true,"valueName":"search_term_string"}}],"inLanguage":"it-IT"},{"@type":"Organization","@id":"https:\/\/www.ilnotiziario.net\/wp\/#organization","name":"Il Notiziario","url":"https:\/\/www.ilnotiziario.net\/wp\/","logo":{"@type":"ImageObject","inLanguage":"it-IT","@id":"https:\/\/www.ilnotiziario.net\/wp\/#\/schema\/logo\/image\/","url":"https:\/\/www.ilnotiziario.net\/wp\/wp-content\/uploads\/2022\/06\/170x170ilN.png","contentUrl":"https:\/\/www.ilnotiziario.net\/wp\/wp-content\/uploads\/2022\/06\/170x170ilN.png","width":355,"height":355,"caption":"Il Notiziario"},"image":{"@id":"https:\/\/www.ilnotiziario.net\/wp\/#\/schema\/logo\/image\/"},"sameAs":["https:\/\/www.facebook.com\/ilnotiziarioind\/","https:\/\/x.com\/ilNotiziarioInd","https:\/\/www.instagram.com\/ilnotiziario_settimanale\/"]},{"@type":"Person","@id":"https:\/\/www.ilnotiziario.net\/wp\/#\/schema\/person\/386e222908f898bb41c033989482bbf2","name":"Gabriele Bassani","image":{"@type":"ImageObject","inLanguage":"it-IT","@id":"https:\/\/secure.gravatar.com\/avatar\/09274f4a84fa97698bde56f84b3afed61c8492d48b0550db9671b68c177479cb?s=96&d=mm&r=g","url":"https:\/\/secure.gravatar.com\/avatar\/09274f4a84fa97698bde56f84b3afed61c8492d48b0550db9671b68c177479cb?s=96&d=mm&r=g","contentUrl":"https:\/\/secure.gravatar.com\/avatar\/09274f4a84fa97698bde56f84b3afed61c8492d48b0550db9671b68c177479cb?s=96&d=mm&r=g","caption":"Gabriele Bassani"},"sameAs":["http:\/\/www.ilnotiziario.net"]}]}},"_links":{"self":[{"href":"https:\/\/www.ilnotiziario.net\/wp\/wp-json\/wp\/v2\/posts\/183469","targetHints":{"allow":["GET"]}}],"collection":[{"href":"https:\/\/www.ilnotiziario.net\/wp\/wp-json\/wp\/v2\/posts"}],"about":[{"href":"https:\/\/www.ilnotiziario.net\/wp\/wp-json\/wp\/v2\/types\/post"}],"author":[{"embeddable":true,"href":"https:\/\/www.ilnotiziario.net\/wp\/wp-json\/wp\/v2\/users\/3"}],"replies":[{"embeddable":true,"href":"https:\/\/www.ilnotiziario.net\/wp\/wp-json\/wp\/v2\/comments?post=183469"}],"version-history":[{"count":0,"href":"https:\/\/www.ilnotiziario.net\/wp\/wp-json\/wp\/v2\/posts\/183469\/revisions"}],"wp:featuredmedia":[{"embeddable":true,"href":"https:\/\/www.ilnotiziario.net\/wp\/wp-json\/wp\/v2\/media\/183470"}],"wp:attachment":[{"href":"https:\/\/www.ilnotiziario.net\/wp\/wp-json\/wp\/v2\/media?parent=183469"}],"wp:term":[{"taxonomy":"category","embeddable":true,"href":"https:\/\/www.ilnotiziario.net\/wp\/wp-json\/wp\/v2\/categories?post=183469"},{"taxonomy":"post_tag","embeddable":true,"href":"https:\/\/www.ilnotiziario.net\/wp\/wp-json\/wp\/v2\/tags?post=183469"}],"curies":[{"name":"wp","href":"https:\/\/api.w.org\/{rel}","templated":true}]}}