{"id":183623,"date":"2023-06-02T15:22:06","date_gmt":"2023-06-02T13:22:06","guid":{"rendered":"https:\/\/www.ilnotiziario.net\/wp\/?p=183623"},"modified":"2023-06-02T15:22:06","modified_gmt":"2023-06-02T13:22:06","slug":"leconomia-e-il-negozio-di-cristalli","status":"publish","type":"post","link":"https:\/\/www.ilnotiziario.net\/wp\/editoriali\/leconomia-e-il-negozio-di-cristalli\/","title":{"rendered":"L&#8217;economia e il negozio di cristalli"},"content":{"rendered":"<p>All\u2019universit\u00e0 io non ho studiato giornalismo n\u00e9 comunicazione, ho studiato economia. E da quegli studi ho imparato una cosa di cui voglio farvi partecipi: il nostro sistema economico (quello che garantisce a tutti noi stipendi, pensioni e benessere) \u00e8 come un negozio di cristalli affollato di gente. Basta che un soggetto si agiti, che fa subito danni a catena.<\/p><div id=\"ilnot-2731418490\" class=\"ilnot-contenuto ilnot-entity-placement\"><p><!-- incontent_1 --><\/p>\n<div class=\"gptslot\" data-adunitid=\"1\"><\/div>\n<\/div>\n<p>&nbsp;<\/p>\n<p>E\u2019 un sistema fragilissimo, lo abbiamo visto di recente: basta una guerra locale per far impazzire i mercati e scatenare l\u2019inflazione. Ma quella \u00e8 solo una guerra locale, in realt\u00e0 ci sono pericoli ben maggiori. Quali? I debiti pubblici di alcune grosse nazioni. S\u00ec, perch\u00e9 dovete sapere che l\u2019intero mondo economico \u00e8 fondato sui debiti. Ogni Paese \u00e8 indebitato e se un bel giorno i creditori chiedessero ai vari Stati di pagare, il nostro mondo andrebbe in briciole, crollerebbe tutto.<\/p>\n<p>Ma quali sono i Paesi pi\u00f9 indebitati (in rapporto al Pil)? Il Giappone \u00e8 quello nella situazione pi\u00f9 drammatica, seconda la Grecia, quinta l\u2019Italia, settimi gli Usa. Proprio qui voglio arrivare: gli Usa negli ultimi anni hanno visto, tra Covid e finanziamento della guerra, esplodere il loro debito, al punto che \u201cdal 1\u00b0 giugno potrebbero andare in default\u201d (ossia non pagare i debiti) come ha detto il segretario al Tesoro Janet Yellen. Sapete cosa vuol dire? Che nel negozio di cristalli rischia di crollare il soffitto. Immaginatevi le conseguenze se quella situazione dovesse realizzarsi davvero e durare a lungo.<\/p><div id=\"ilnot-1008854817\" class=\"ilnot-contenuto_2 ilnot-entity-placement\"><div class=\"ads-wrapper\">\n<div class=\"ad-slot\">\n   <div id=\"ilnot-2982358664\" style=\"margin-right: auto;margin-left: auto;text-align: center;width: 320px;height: 100px;\"><a href=\"https:\/\/www.scuolasicurezza.it\/\"><img decoding=\"async\" src=\"https:\/\/www.ilnotiziario.net\/wp\/wp-content\/uploads\/2026\/04\/IlNotiziario_banner-sito-e-newsletter-320-x-100-px-1.gif\" alt=\"\"><\/a><\/div>\n  <\/div>\n<div class=\"ad-slot\">\n   <div id=\"ilnot-1798272364\" style=\"margin-right: auto;margin-left: auto;text-align: center;width: 320px;height: 100px;\"><a href=\"https:\/\/purodesignarredamenti.com\/\"><img decoding=\"async\" src=\"https:\/\/www.ilnotiziario.net\/wp\/wp-content\/uploads\/2026\/04\/banner-puro-ok.gif\" alt=\"whatsapp\"><\/a><\/div><\/p><\/div>\n<\/div>\n<\/div>\n<p><strong>Piero Uboldi&nbsp;<\/strong><\/p>\n","protected":false},"excerpt":{"rendered":"<p>All\u2019universit\u00e0 io non ho studiato giornalismo n\u00e9 comunicazione, ho studiato economia. E da quegli studi ho imparato una cosa di cui voglio farvi partecipi: il nostro sistema economico (quello che garantisce a tutti noi stipendi, pensioni e benessere) \u00e8 come un negozio di cristalli affollato di gente. Basta che un soggetto si agiti, che fa<\/p>\n","protected":false},"author":3,"featured_media":183624,"comment_status":"closed","ping_status":"closed","sticky":false,"template":"","format":"standard","meta":{"footnotes":""},"categories":[3431],"tags":[14838,2271,61,2187,62],"class_list":{"0":"post-183623","1":"post","2":"type-post","3":"status-publish","4":"format-standard","5":"has-post-thumbnail","7":"category-editoriali","8":"tag-cristalli","9":"tag-economia","10":"tag-editoriale","11":"tag-negozio","12":"tag-uboldi"},"yoast_head":"<!-- This site is optimized with the Yoast SEO plugin v27.5 - https:\/\/yoast.com\/product\/yoast-seo-wordpress\/ -->\n<title>L&#039;economia e il negozio di cristalli - Il Notiziario<\/title>\n<meta name=\"description\" content=\"All\u2019universit\u00e0 io non ho studiato giornalismo n\u00e9 comunicazione, ho studiato economia. E da quegli studi ho imparato una cosa di cui voglio farvi\" \/>\n<meta name=\"robots\" content=\"index, follow, max-snippet:-1, max-image-preview:large, max-video-preview:-1\" \/>\n<link rel=\"canonical\" href=\"https:\/\/www.ilnotiziario.net\/wp\/editoriali\/leconomia-e-il-negozio-di-cristalli\/\" \/>\n<meta property=\"og:locale\" content=\"it_IT\" \/>\n<meta property=\"og:type\" content=\"article\" \/>\n<meta property=\"og:title\" content=\"L&#039;economia e il negozio di cristalli - Il Notiziario\" \/>\n<meta property=\"og:description\" content=\"All\u2019universit\u00e0 io non ho studiato giornalismo n\u00e9 comunicazione, ho studiato economia. E da quegli studi ho imparato una cosa di cui voglio farvi\" \/>\n<meta property=\"og:url\" content=\"https:\/\/www.ilnotiziario.net\/wp\/editoriali\/leconomia-e-il-negozio-di-cristalli\/\" \/>\n<meta property=\"og:site_name\" content=\"Il Notiziario\" \/>\n<meta property=\"article:publisher\" content=\"https:\/\/www.facebook.com\/ilnotiziarioind\/\" \/>\n<meta property=\"article:published_time\" content=\"2023-06-02T13:22:06+00:00\" \/>\n<meta property=\"og:image\" content=\"https:\/\/www.ilnotiziario.net\/wp\/wp-content\/uploads\/2023\/06\/economia-negozio-cristalli.jpg\" \/>\n\t<meta property=\"og:image:width\" content=\"640\" \/>\n\t<meta property=\"og:image:height\" content=\"427\" \/>\n\t<meta property=\"og:image:type\" content=\"image\/jpeg\" \/>\n<meta name=\"author\" content=\"Gabriele Bassani\" \/>\n<meta name=\"twitter:card\" content=\"summary_large_image\" \/>\n<meta name=\"twitter:creator\" content=\"@ilNotiziarioInd\" \/>\n<meta name=\"twitter:site\" content=\"@ilNotiziarioInd\" \/>\n<meta name=\"twitter:label1\" content=\"Scritto da\" \/>\n\t<meta name=\"twitter:data1\" content=\"Gabriele Bassani\" \/>\n\t<meta name=\"twitter:label2\" content=\"Tempo di lettura stimato\" \/>\n\t<meta name=\"twitter:data2\" content=\"2 minuti\" \/>\n<script type=\"application\/ld+json\" class=\"yoast-schema-graph\">{\"@context\":\"https:\\\/\\\/schema.org\",\"@graph\":[{\"@type\":\"Article\",\"@id\":\"https:\\\/\\\/www.ilnotiziario.net\\\/wp\\\/editoriali\\\/leconomia-e-il-negozio-di-cristalli\\\/#article\",\"isPartOf\":{\"@id\":\"https:\\\/\\\/www.ilnotiziario.net\\\/wp\\\/editoriali\\\/leconomia-e-il-negozio-di-cristalli\\\/\"},\"author\":{\"name\":\"Gabriele Bassani\",\"@id\":\"https:\\\/\\\/www.ilnotiziario.net\\\/wp\\\/#\\\/schema\\\/person\\\/386e222908f898bb41c033989482bbf2\"},\"headline\":\"L&#8217;economia e il negozio di cristalli\",\"datePublished\":\"2023-06-02T13:22:06+00:00\",\"mainEntityOfPage\":{\"@id\":\"https:\\\/\\\/www.ilnotiziario.net\\\/wp\\\/editoriali\\\/leconomia-e-il-negozio-di-cristalli\\\/\"},\"wordCount\":247,\"publisher\":{\"@id\":\"https:\\\/\\\/www.ilnotiziario.net\\\/wp\\\/#organization\"},\"image\":{\"@id\":\"https:\\\/\\\/www.ilnotiziario.net\\\/wp\\\/editoriali\\\/leconomia-e-il-negozio-di-cristalli\\\/#primaryimage\"},\"thumbnailUrl\":\"https:\\\/\\\/www.ilnotiziario.net\\\/wp\\\/wp-content\\\/uploads\\\/2023\\\/06\\\/economia-negozio-cristalli.jpg\",\"keywords\":[\"cristalli\",\"economia\",\"editoriale\",\"negozio\",\"Uboldi\"],\"articleSection\":[\"EDITORIALI\"],\"inLanguage\":\"it-IT\"},{\"@type\":\"WebPage\",\"@id\":\"https:\\\/\\\/www.ilnotiziario.net\\\/wp\\\/editoriali\\\/leconomia-e-il-negozio-di-cristalli\\\/\",\"url\":\"https:\\\/\\\/www.ilnotiziario.net\\\/wp\\\/editoriali\\\/leconomia-e-il-negozio-di-cristalli\\\/\",\"name\":\"L'economia e il negozio di cristalli - Il Notiziario\",\"isPartOf\":{\"@id\":\"https:\\\/\\\/www.ilnotiziario.net\\\/wp\\\/#website\"},\"primaryImageOfPage\":{\"@id\":\"https:\\\/\\\/www.ilnotiziario.net\\\/wp\\\/editoriali\\\/leconomia-e-il-negozio-di-cristalli\\\/#primaryimage\"},\"image\":{\"@id\":\"https:\\\/\\\/www.ilnotiziario.net\\\/wp\\\/editoriali\\\/leconomia-e-il-negozio-di-cristalli\\\/#primaryimage\"},\"thumbnailUrl\":\"https:\\\/\\\/www.ilnotiziario.net\\\/wp\\\/wp-content\\\/uploads\\\/2023\\\/06\\\/economia-negozio-cristalli.jpg\",\"datePublished\":\"2023-06-02T13:22:06+00:00\",\"description\":\"All\u2019universit\u00e0 io non ho studiato giornalismo n\u00e9 comunicazione, ho studiato economia. E da quegli studi ho imparato una cosa di cui voglio farvi\",\"breadcrumb\":{\"@id\":\"https:\\\/\\\/www.ilnotiziario.net\\\/wp\\\/editoriali\\\/leconomia-e-il-negozio-di-cristalli\\\/#breadcrumb\"},\"inLanguage\":\"it-IT\",\"potentialAction\":[{\"@type\":\"ReadAction\",\"target\":[\"https:\\\/\\\/www.ilnotiziario.net\\\/wp\\\/editoriali\\\/leconomia-e-il-negozio-di-cristalli\\\/\"]}]},{\"@type\":\"ImageObject\",\"inLanguage\":\"it-IT\",\"@id\":\"https:\\\/\\\/www.ilnotiziario.net\\\/wp\\\/editoriali\\\/leconomia-e-il-negozio-di-cristalli\\\/#primaryimage\",\"url\":\"https:\\\/\\\/www.ilnotiziario.net\\\/wp\\\/wp-content\\\/uploads\\\/2023\\\/06\\\/economia-negozio-cristalli.jpg\",\"contentUrl\":\"https:\\\/\\\/www.ilnotiziario.net\\\/wp\\\/wp-content\\\/uploads\\\/2023\\\/06\\\/economia-negozio-cristalli.jpg\",\"width\":640,\"height\":427,\"caption\":\"Foto di Ri Butov da Pixabay\"},{\"@type\":\"BreadcrumbList\",\"@id\":\"https:\\\/\\\/www.ilnotiziario.net\\\/wp\\\/editoriali\\\/leconomia-e-il-negozio-di-cristalli\\\/#breadcrumb\",\"itemListElement\":[{\"@type\":\"ListItem\",\"position\":1,\"name\":\"tds_text_logo_tagline_colortds_text_logo_tagline_colortds_text_logo_tagline_colortds_text_logo_tagline_colortd_module_7_title_excerpttd_module_7_title_excerpttd_module_7_title_excerpttd_module_7_title_excerptHome\",\"item\":\"https:\\\/\\\/www.ilnotiziario.net\\\/wp\\\/\"},{\"@type\":\"ListItem\",\"position\":2,\"name\":\"L&#8217;economia e il negozio di cristalli\"}]},{\"@type\":\"WebSite\",\"@id\":\"https:\\\/\\\/www.ilnotiziario.net\\\/wp\\\/#website\",\"url\":\"https:\\\/\\\/www.ilnotiziario.net\\\/wp\\\/\",\"name\":\"Il Notiziario\",\"description\":\"Per restare sempre connessi alla notizia\",\"publisher\":{\"@id\":\"https:\\\/\\\/www.ilnotiziario.net\\\/wp\\\/#organization\"},\"alternateName\":\"Il Notiziario Bollate\",\"potentialAction\":[{\"@type\":\"SearchAction\",\"target\":{\"@type\":\"EntryPoint\",\"urlTemplate\":\"https:\\\/\\\/www.ilnotiziario.net\\\/wp\\\/?s={search_term_string}\"},\"query-input\":{\"@type\":\"PropertyValueSpecification\",\"valueRequired\":true,\"valueName\":\"search_term_string\"}}],\"inLanguage\":\"it-IT\"},{\"@type\":\"Organization\",\"@id\":\"https:\\\/\\\/www.ilnotiziario.net\\\/wp\\\/#organization\",\"name\":\"Il Notiziario\",\"url\":\"https:\\\/\\\/www.ilnotiziario.net\\\/wp\\\/\",\"logo\":{\"@type\":\"ImageObject\",\"inLanguage\":\"it-IT\",\"@id\":\"https:\\\/\\\/www.ilnotiziario.net\\\/wp\\\/#\\\/schema\\\/logo\\\/image\\\/\",\"url\":\"https:\\\/\\\/www.ilnotiziario.net\\\/wp\\\/wp-content\\\/uploads\\\/2022\\\/06\\\/170x170ilN.png\",\"contentUrl\":\"https:\\\/\\\/www.ilnotiziario.net\\\/wp\\\/wp-content\\\/uploads\\\/2022\\\/06\\\/170x170ilN.png\",\"width\":355,\"height\":355,\"caption\":\"Il Notiziario\"},\"image\":{\"@id\":\"https:\\\/\\\/www.ilnotiziario.net\\\/wp\\\/#\\\/schema\\\/logo\\\/image\\\/\"},\"sameAs\":[\"https:\\\/\\\/www.facebook.com\\\/ilnotiziarioind\\\/\",\"https:\\\/\\\/x.com\\\/ilNotiziarioInd\",\"https:\\\/\\\/www.instagram.com\\\/ilnotiziario_settimanale\\\/\"]},{\"@type\":\"Person\",\"@id\":\"https:\\\/\\\/www.ilnotiziario.net\\\/wp\\\/#\\\/schema\\\/person\\\/386e222908f898bb41c033989482bbf2\",\"name\":\"Gabriele Bassani\",\"image\":{\"@type\":\"ImageObject\",\"inLanguage\":\"it-IT\",\"@id\":\"https:\\\/\\\/secure.gravatar.com\\\/avatar\\\/09274f4a84fa97698bde56f84b3afed61c8492d48b0550db9671b68c177479cb?s=96&d=mm&r=g\",\"url\":\"https:\\\/\\\/secure.gravatar.com\\\/avatar\\\/09274f4a84fa97698bde56f84b3afed61c8492d48b0550db9671b68c177479cb?s=96&d=mm&r=g\",\"contentUrl\":\"https:\\\/\\\/secure.gravatar.com\\\/avatar\\\/09274f4a84fa97698bde56f84b3afed61c8492d48b0550db9671b68c177479cb?s=96&d=mm&r=g\",\"caption\":\"Gabriele Bassani\"},\"sameAs\":[\"http:\\\/\\\/www.ilnotiziario.net\"]}]}<\/script>\n<!-- \/ Yoast SEO plugin. -->","yoast_head_json":{"title":"L'economia e il negozio di cristalli - Il Notiziario","description":"All\u2019universit\u00e0 io non ho studiato giornalismo n\u00e9 comunicazione, ho studiato economia. E da quegli studi ho imparato una cosa di cui voglio farvi","robots":{"index":"index","follow":"follow","max-snippet":"max-snippet:-1","max-image-preview":"max-image-preview:large","max-video-preview":"max-video-preview:-1"},"canonical":"https:\/\/www.ilnotiziario.net\/wp\/editoriali\/leconomia-e-il-negozio-di-cristalli\/","og_locale":"it_IT","og_type":"article","og_title":"L'economia e il negozio di cristalli - Il Notiziario","og_description":"All\u2019universit\u00e0 io non ho studiato giornalismo n\u00e9 comunicazione, ho studiato economia. E da quegli studi ho imparato una cosa di cui voglio farvi","og_url":"https:\/\/www.ilnotiziario.net\/wp\/editoriali\/leconomia-e-il-negozio-di-cristalli\/","og_site_name":"Il Notiziario","article_publisher":"https:\/\/www.facebook.com\/ilnotiziarioind\/","article_published_time":"2023-06-02T13:22:06+00:00","og_image":[{"width":640,"height":427,"url":"https:\/\/www.ilnotiziario.net\/wp\/wp-content\/uploads\/2023\/06\/economia-negozio-cristalli.jpg","type":"image\/jpeg"}],"author":"Gabriele Bassani","twitter_card":"summary_large_image","twitter_creator":"@ilNotiziarioInd","twitter_site":"@ilNotiziarioInd","twitter_misc":{"Scritto da":"Gabriele Bassani","Tempo di lettura stimato":"2 minuti"},"schema":{"@context":"https:\/\/schema.org","@graph":[{"@type":"Article","@id":"https:\/\/www.ilnotiziario.net\/wp\/editoriali\/leconomia-e-il-negozio-di-cristalli\/#article","isPartOf":{"@id":"https:\/\/www.ilnotiziario.net\/wp\/editoriali\/leconomia-e-il-negozio-di-cristalli\/"},"author":{"name":"Gabriele Bassani","@id":"https:\/\/www.ilnotiziario.net\/wp\/#\/schema\/person\/386e222908f898bb41c033989482bbf2"},"headline":"L&#8217;economia e il negozio di cristalli","datePublished":"2023-06-02T13:22:06+00:00","mainEntityOfPage":{"@id":"https:\/\/www.ilnotiziario.net\/wp\/editoriali\/leconomia-e-il-negozio-di-cristalli\/"},"wordCount":247,"publisher":{"@id":"https:\/\/www.ilnotiziario.net\/wp\/#organization"},"image":{"@id":"https:\/\/www.ilnotiziario.net\/wp\/editoriali\/leconomia-e-il-negozio-di-cristalli\/#primaryimage"},"thumbnailUrl":"https:\/\/www.ilnotiziario.net\/wp\/wp-content\/uploads\/2023\/06\/economia-negozio-cristalli.jpg","keywords":["cristalli","economia","editoriale","negozio","Uboldi"],"articleSection":["EDITORIALI"],"inLanguage":"it-IT"},{"@type":"WebPage","@id":"https:\/\/www.ilnotiziario.net\/wp\/editoriali\/leconomia-e-il-negozio-di-cristalli\/","url":"https:\/\/www.ilnotiziario.net\/wp\/editoriali\/leconomia-e-il-negozio-di-cristalli\/","name":"L'economia e il negozio di cristalli - Il Notiziario","isPartOf":{"@id":"https:\/\/www.ilnotiziario.net\/wp\/#website"},"primaryImageOfPage":{"@id":"https:\/\/www.ilnotiziario.net\/wp\/editoriali\/leconomia-e-il-negozio-di-cristalli\/#primaryimage"},"image":{"@id":"https:\/\/www.ilnotiziario.net\/wp\/editoriali\/leconomia-e-il-negozio-di-cristalli\/#primaryimage"},"thumbnailUrl":"https:\/\/www.ilnotiziario.net\/wp\/wp-content\/uploads\/2023\/06\/economia-negozio-cristalli.jpg","datePublished":"2023-06-02T13:22:06+00:00","description":"All\u2019universit\u00e0 io non ho studiato giornalismo n\u00e9 comunicazione, ho studiato economia. E da quegli studi ho imparato una cosa di cui voglio farvi","breadcrumb":{"@id":"https:\/\/www.ilnotiziario.net\/wp\/editoriali\/leconomia-e-il-negozio-di-cristalli\/#breadcrumb"},"inLanguage":"it-IT","potentialAction":[{"@type":"ReadAction","target":["https:\/\/www.ilnotiziario.net\/wp\/editoriali\/leconomia-e-il-negozio-di-cristalli\/"]}]},{"@type":"ImageObject","inLanguage":"it-IT","@id":"https:\/\/www.ilnotiziario.net\/wp\/editoriali\/leconomia-e-il-negozio-di-cristalli\/#primaryimage","url":"https:\/\/www.ilnotiziario.net\/wp\/wp-content\/uploads\/2023\/06\/economia-negozio-cristalli.jpg","contentUrl":"https:\/\/www.ilnotiziario.net\/wp\/wp-content\/uploads\/2023\/06\/economia-negozio-cristalli.jpg","width":640,"height":427,"caption":"Foto di Ri Butov da Pixabay"},{"@type":"BreadcrumbList","@id":"https:\/\/www.ilnotiziario.net\/wp\/editoriali\/leconomia-e-il-negozio-di-cristalli\/#breadcrumb","itemListElement":[{"@type":"ListItem","position":1,"name":"tds_text_logo_tagline_colortds_text_logo_tagline_colortds_text_logo_tagline_colortds_text_logo_tagline_colortd_module_7_title_excerpttd_module_7_title_excerpttd_module_7_title_excerpttd_module_7_title_excerptHome","item":"https:\/\/www.ilnotiziario.net\/wp\/"},{"@type":"ListItem","position":2,"name":"L&#8217;economia e il negozio di cristalli"}]},{"@type":"WebSite","@id":"https:\/\/www.ilnotiziario.net\/wp\/#website","url":"https:\/\/www.ilnotiziario.net\/wp\/","name":"Il Notiziario","description":"Per restare sempre connessi alla notizia","publisher":{"@id":"https:\/\/www.ilnotiziario.net\/wp\/#organization"},"alternateName":"Il Notiziario Bollate","potentialAction":[{"@type":"SearchAction","target":{"@type":"EntryPoint","urlTemplate":"https:\/\/www.ilnotiziario.net\/wp\/?s={search_term_string}"},"query-input":{"@type":"PropertyValueSpecification","valueRequired":true,"valueName":"search_term_string"}}],"inLanguage":"it-IT"},{"@type":"Organization","@id":"https:\/\/www.ilnotiziario.net\/wp\/#organization","name":"Il Notiziario","url":"https:\/\/www.ilnotiziario.net\/wp\/","logo":{"@type":"ImageObject","inLanguage":"it-IT","@id":"https:\/\/www.ilnotiziario.net\/wp\/#\/schema\/logo\/image\/","url":"https:\/\/www.ilnotiziario.net\/wp\/wp-content\/uploads\/2022\/06\/170x170ilN.png","contentUrl":"https:\/\/www.ilnotiziario.net\/wp\/wp-content\/uploads\/2022\/06\/170x170ilN.png","width":355,"height":355,"caption":"Il Notiziario"},"image":{"@id":"https:\/\/www.ilnotiziario.net\/wp\/#\/schema\/logo\/image\/"},"sameAs":["https:\/\/www.facebook.com\/ilnotiziarioind\/","https:\/\/x.com\/ilNotiziarioInd","https:\/\/www.instagram.com\/ilnotiziario_settimanale\/"]},{"@type":"Person","@id":"https:\/\/www.ilnotiziario.net\/wp\/#\/schema\/person\/386e222908f898bb41c033989482bbf2","name":"Gabriele Bassani","image":{"@type":"ImageObject","inLanguage":"it-IT","@id":"https:\/\/secure.gravatar.com\/avatar\/09274f4a84fa97698bde56f84b3afed61c8492d48b0550db9671b68c177479cb?s=96&d=mm&r=g","url":"https:\/\/secure.gravatar.com\/avatar\/09274f4a84fa97698bde56f84b3afed61c8492d48b0550db9671b68c177479cb?s=96&d=mm&r=g","contentUrl":"https:\/\/secure.gravatar.com\/avatar\/09274f4a84fa97698bde56f84b3afed61c8492d48b0550db9671b68c177479cb?s=96&d=mm&r=g","caption":"Gabriele Bassani"},"sameAs":["http:\/\/www.ilnotiziario.net"]}]}},"_links":{"self":[{"href":"https:\/\/www.ilnotiziario.net\/wp\/wp-json\/wp\/v2\/posts\/183623","targetHints":{"allow":["GET"]}}],"collection":[{"href":"https:\/\/www.ilnotiziario.net\/wp\/wp-json\/wp\/v2\/posts"}],"about":[{"href":"https:\/\/www.ilnotiziario.net\/wp\/wp-json\/wp\/v2\/types\/post"}],"author":[{"embeddable":true,"href":"https:\/\/www.ilnotiziario.net\/wp\/wp-json\/wp\/v2\/users\/3"}],"replies":[{"embeddable":true,"href":"https:\/\/www.ilnotiziario.net\/wp\/wp-json\/wp\/v2\/comments?post=183623"}],"version-history":[{"count":0,"href":"https:\/\/www.ilnotiziario.net\/wp\/wp-json\/wp\/v2\/posts\/183623\/revisions"}],"wp:featuredmedia":[{"embeddable":true,"href":"https:\/\/www.ilnotiziario.net\/wp\/wp-json\/wp\/v2\/media\/183624"}],"wp:attachment":[{"href":"https:\/\/www.ilnotiziario.net\/wp\/wp-json\/wp\/v2\/media?parent=183623"}],"wp:term":[{"taxonomy":"category","embeddable":true,"href":"https:\/\/www.ilnotiziario.net\/wp\/wp-json\/wp\/v2\/categories?post=183623"},{"taxonomy":"post_tag","embeddable":true,"href":"https:\/\/www.ilnotiziario.net\/wp\/wp-json\/wp\/v2\/tags?post=183623"}],"curies":[{"name":"wp","href":"https:\/\/api.w.org\/{rel}","templated":true}]}}