{"id":183781,"date":"2023-06-07T15:39:25","date_gmt":"2023-06-07T13:39:25","guid":{"rendered":"https:\/\/www.ilnotiziario.net\/wp\/?p=183781"},"modified":"2023-06-07T15:39:25","modified_gmt":"2023-06-07T13:39:25","slug":"saronno-ricerca-giuditta-pasta","status":"publish","type":"post","link":"https:\/\/www.ilnotiziario.net\/wp\/saronno\/saronno-ricerca-giuditta-pasta\/","title":{"rendered":"Saronno va &#8220;Alla ricerca di Giuditta&#8221;: la camminata teatrale sulle orme di Pasta"},"content":{"rendered":"<p>L\u2019Amministrazione Comunale \u00e8 lieta di presentare lo spettacolo itinerante Alla ricerca di Giuditta, che interesser\u00e0 il centro storico cittadino di Saronno in un dialogo immaginario e personale con il personaggio storico della cantante lirica Giuditta Pasta e con la citt\u00e0 stessa.<\/p><div id=\"ilnot-646028952\" class=\"ilnot-contenuto ilnot-entity-placement\"><p><!-- incontent_1 --><\/p>\n<div class=\"gptslot\" data-adunitid=\"1\"><\/div>\n<\/div>\n<h2>A Saronno la camminata alla scoperta di Giuditta Pasta<\/h2>\n<p>Un percorso di scoperta e riscoperta di Giuditta Pasta, a Saronno, svolto da ogni partecipante sotto la guida di una voce narrante che condurr\u00e0 il gruppo di spettatori, attraverso l\u2019ascolto in cuffia, in una breve camminata per le vie cittadine, con partenza da via Portici, all\u2019altezza della Colonna della peste e arrivo a Villa Gianetti, via Roma 20. Riveste un ruolo di rilievo il metodo di fruizione, che si lega in modo privilegiato al mistero di una voce che non \u00e8 possibile sentire, ma solo fruire e immaginare, quella di Giuditta Pasta.<br \/>\nFinzione e storia si mescolano tra leggenda, detti popolari, aneddoti di fantasia e tracce di \u201cvere\u201d voci della citt\u00e0. Poco meno di un\u2019ora per trasformarsi da spettatori a protagonisti, interagire con un luogo che si scopre cos\u00ec essere molto pi\u00f9 ricco di ci\u00f2 che si possa osservare con uno sguardo veloce o distratto, perch\u00e9 in fondo i luoghi e le storie sono fatti da coloro che li camminano e li ascoltano, alla ricerca s\u00ec, di Giuditta, ma anche un po\u2019di se stessi.<\/p>\n<h2>Gli spettacoli itineranti a Saronno sulle orme di Giuditta Pasta<\/h2>\n<h2>&nbsp;<\/h2>\n<p>La data di lancio dell\u2019iniziativa \u00e8 domenica 18 giugno con tre rappresentazioni, rispettivamente alle&nbsp; 10.30, 16 e 18. Seguiranno due repliche nelle giornate di mercoled\u00ec 21 e gioved\u00ec 22 giungo alle ore 21.00. La durata dello spettacolo sar\u00e0 di circa 50 minuti e la partecipazione gratuita, previa prenotazione.<br \/>\nLo spettacolo, scritto da Allegra De Mandato e prodotto da Karakorum Teatro, si inserisce all\u2019interno delle azioni di sviluppo del progetto Memoria, arte e comunit\u00e0 promosso dalla Fondazione Comunitaria del Varesotto Onlus, volto ad un recupero e una sensibilizzazione del patrimonio storico e artistico della citt\u00e0 di Saronno.&nbsp;<br \/>\nAl termine di ogni rappresentazione, sar\u00e0 possibile partecipare ad una visita guidata alla raccolta museale Giuditta Pasta \u2013 La Divina che ha sede presso Villa Gianetti. Per prenotazioni: culturaeventi@comune.saronno.va.it o sms a 375.5969767.<br \/>\n<strong>Redazione web<\/strong><\/p><div id=\"ilnot-274087736\" class=\"ilnot-contenuto_2 ilnot-entity-placement\"><div class=\"ads-wrapper\">\n<div class=\"ad-slot\">\n   <div id=\"ilnot-2977722209\" style=\"margin-right: auto;margin-left: auto;text-align: center;width: 320px;height: 100px;\"><a href=\"https:\/\/www.scuolasicurezza.it\/\"><img decoding=\"async\" src=\"https:\/\/www.ilnotiziario.net\/wp\/wp-content\/uploads\/2026\/04\/IlNotiziario_banner-sito-e-newsletter-320-x-100-px-1.gif\" alt=\"\"><\/a><\/div>\n  <\/div>\n<div class=\"ad-slot\">\n   <div id=\"ilnot-824764558\" style=\"margin-right: auto;margin-left: auto;text-align: center;width: 320px;height: 100px;\"><a href=\"https:\/\/purodesignarredamenti.com\/\"><img decoding=\"async\" src=\"https:\/\/www.ilnotiziario.net\/wp\/wp-content\/uploads\/2026\/04\/banner-puro-ok.gif\" alt=\"whatsapp\"><\/a><\/div><\/p><\/div>\n<\/div>\n<\/div>\n","protected":false},"excerpt":{"rendered":"<p>L\u2019Amministrazione Comunale \u00e8 lieta di presentare lo spettacolo itinerante Alla ricerca di Giuditta, che interesser\u00e0 il centro storico cittadino di Saronno in un dialogo immaginario e personale con il personaggio storico della cantante lirica Giuditta Pasta e con la citt\u00e0 stessa. A Saronno la camminata alla scoperta di Giuditta Pasta Un percorso di scoperta e<\/p>\n","protected":false},"author":3,"featured_media":183782,"comment_status":"closed","ping_status":"closed","sticky":false,"template":"","format":"standard","meta":{"footnotes":""},"categories":[20,14],"tags":[14883,7060,56,1722,14884],"class_list":{"0":"post-183781","1":"post","2":"type-post","3":"status-publish","4":"format-standard","5":"has-post-thumbnail","7":"category-prima-pagina","8":"category-saronno","9":"tag-alla-ricerca-di-giuditta-pasta","10":"tag-giuditta-pasta","11":"tag-saronno-2","12":"tag-teatro","13":"tag-teatro-itinerante"},"yoast_head":"<!-- This site is optimized with the Yoast SEO plugin v27.5 - https:\/\/yoast.com\/product\/yoast-seo-wordpress\/ -->\n<title>Teatro itinerante a Saronno: alla ricerca di Giuditta Pasta<\/title>\n<meta name=\"description\" content=\"Il teatro itinerante a Saronno con &quot;Alla ricerca di Giuditta&quot;, sulle orme della Pasta con una serie di spettacoli\" \/>\n<meta name=\"robots\" content=\"index, follow, max-snippet:-1, max-image-preview:large, max-video-preview:-1\" \/>\n<link rel=\"canonical\" href=\"https:\/\/www.ilnotiziario.net\/wp\/saronno\/saronno-ricerca-giuditta-pasta\/\" \/>\n<meta property=\"og:locale\" content=\"it_IT\" \/>\n<meta property=\"og:type\" content=\"article\" \/>\n<meta property=\"og:title\" content=\"Teatro itinerante a Saronno: alla ricerca di Giuditta Pasta\" \/>\n<meta property=\"og:description\" content=\"Il teatro itinerante a Saronno con &quot;Alla ricerca di Giuditta&quot;, sulle orme della Pasta con una serie di spettacoli\" \/>\n<meta property=\"og:url\" content=\"https:\/\/www.ilnotiziario.net\/wp\/saronno\/saronno-ricerca-giuditta-pasta\/\" \/>\n<meta property=\"og:site_name\" content=\"Il Notiziario\" \/>\n<meta property=\"article:publisher\" content=\"https:\/\/www.facebook.com\/ilnotiziarioind\/\" \/>\n<meta property=\"article:published_time\" content=\"2023-06-07T13:39:25+00:00\" \/>\n<meta property=\"og:image\" content=\"https:\/\/www.ilnotiziario.net\/wp\/wp-content\/uploads\/2023\/06\/giuditta-pasta-e1686145061693.jpg\" \/>\n\t<meta property=\"og:image:width\" content=\"344\" \/>\n\t<meta property=\"og:image:height\" content=\"287\" \/>\n\t<meta property=\"og:image:type\" content=\"image\/jpeg\" \/>\n<meta name=\"author\" content=\"Gabriele Bassani\" \/>\n<meta name=\"twitter:card\" content=\"summary_large_image\" \/>\n<meta name=\"twitter:creator\" content=\"@ilNotiziarioInd\" \/>\n<meta name=\"twitter:site\" content=\"@ilNotiziarioInd\" \/>\n<meta name=\"twitter:label1\" content=\"Scritto da\" \/>\n\t<meta name=\"twitter:data1\" content=\"Gabriele Bassani\" \/>\n\t<meta name=\"twitter:label2\" content=\"Tempo di lettura stimato\" \/>\n\t<meta name=\"twitter:data2\" content=\"2 minuti\" \/>\n<script type=\"application\/ld+json\" class=\"yoast-schema-graph\">{\"@context\":\"https:\\\/\\\/schema.org\",\"@graph\":[{\"@type\":\"Article\",\"@id\":\"https:\\\/\\\/www.ilnotiziario.net\\\/wp\\\/saronno\\\/saronno-ricerca-giuditta-pasta\\\/#article\",\"isPartOf\":{\"@id\":\"https:\\\/\\\/www.ilnotiziario.net\\\/wp\\\/saronno\\\/saronno-ricerca-giuditta-pasta\\\/\"},\"author\":{\"name\":\"Gabriele Bassani\",\"@id\":\"https:\\\/\\\/www.ilnotiziario.net\\\/wp\\\/#\\\/schema\\\/person\\\/386e222908f898bb41c033989482bbf2\"},\"headline\":\"Saronno va &#8220;Alla ricerca di Giuditta&#8221;: la camminata teatrale sulle orme di Pasta\",\"datePublished\":\"2023-06-07T13:39:25+00:00\",\"mainEntityOfPage\":{\"@id\":\"https:\\\/\\\/www.ilnotiziario.net\\\/wp\\\/saronno\\\/saronno-ricerca-giuditta-pasta\\\/\"},\"wordCount\":378,\"publisher\":{\"@id\":\"https:\\\/\\\/www.ilnotiziario.net\\\/wp\\\/#organization\"},\"image\":{\"@id\":\"https:\\\/\\\/www.ilnotiziario.net\\\/wp\\\/saronno\\\/saronno-ricerca-giuditta-pasta\\\/#primaryimage\"},\"thumbnailUrl\":\"https:\\\/\\\/www.ilnotiziario.net\\\/wp\\\/wp-content\\\/uploads\\\/2023\\\/06\\\/giuditta-pasta-e1686145061693.jpg\",\"keywords\":[\"alla ricerca di giuditta pasta\",\"Giuditta Pasta\",\"Saronno\",\"teatro\",\"teatro itinerante\"],\"articleSection\":[\"Prima Pagina\",\"SARONNO\"],\"inLanguage\":\"it-IT\"},{\"@type\":\"WebPage\",\"@id\":\"https:\\\/\\\/www.ilnotiziario.net\\\/wp\\\/saronno\\\/saronno-ricerca-giuditta-pasta\\\/\",\"url\":\"https:\\\/\\\/www.ilnotiziario.net\\\/wp\\\/saronno\\\/saronno-ricerca-giuditta-pasta\\\/\",\"name\":\"Teatro itinerante a Saronno: alla ricerca di Giuditta Pasta\",\"isPartOf\":{\"@id\":\"https:\\\/\\\/www.ilnotiziario.net\\\/wp\\\/#website\"},\"primaryImageOfPage\":{\"@id\":\"https:\\\/\\\/www.ilnotiziario.net\\\/wp\\\/saronno\\\/saronno-ricerca-giuditta-pasta\\\/#primaryimage\"},\"image\":{\"@id\":\"https:\\\/\\\/www.ilnotiziario.net\\\/wp\\\/saronno\\\/saronno-ricerca-giuditta-pasta\\\/#primaryimage\"},\"thumbnailUrl\":\"https:\\\/\\\/www.ilnotiziario.net\\\/wp\\\/wp-content\\\/uploads\\\/2023\\\/06\\\/giuditta-pasta-e1686145061693.jpg\",\"datePublished\":\"2023-06-07T13:39:25+00:00\",\"description\":\"Il teatro itinerante a Saronno con \\\"Alla ricerca di Giuditta\\\", sulle orme della Pasta con una serie di spettacoli\",\"breadcrumb\":{\"@id\":\"https:\\\/\\\/www.ilnotiziario.net\\\/wp\\\/saronno\\\/saronno-ricerca-giuditta-pasta\\\/#breadcrumb\"},\"inLanguage\":\"it-IT\",\"potentialAction\":[{\"@type\":\"ReadAction\",\"target\":[\"https:\\\/\\\/www.ilnotiziario.net\\\/wp\\\/saronno\\\/saronno-ricerca-giuditta-pasta\\\/\"]}]},{\"@type\":\"ImageObject\",\"inLanguage\":\"it-IT\",\"@id\":\"https:\\\/\\\/www.ilnotiziario.net\\\/wp\\\/saronno\\\/saronno-ricerca-giuditta-pasta\\\/#primaryimage\",\"url\":\"https:\\\/\\\/www.ilnotiziario.net\\\/wp\\\/wp-content\\\/uploads\\\/2023\\\/06\\\/giuditta-pasta-e1686145061693.jpg\",\"contentUrl\":\"https:\\\/\\\/www.ilnotiziario.net\\\/wp\\\/wp-content\\\/uploads\\\/2023\\\/06\\\/giuditta-pasta-e1686145061693.jpg\",\"width\":344,\"height\":287},{\"@type\":\"BreadcrumbList\",\"@id\":\"https:\\\/\\\/www.ilnotiziario.net\\\/wp\\\/saronno\\\/saronno-ricerca-giuditta-pasta\\\/#breadcrumb\",\"itemListElement\":[{\"@type\":\"ListItem\",\"position\":1,\"name\":\"tds_text_logo_tagline_colortds_text_logo_tagline_colortds_text_logo_tagline_colortds_text_logo_tagline_colortd_module_7_title_excerpttd_module_7_title_excerpttd_module_7_title_excerpttd_module_7_title_excerptHome\",\"item\":\"https:\\\/\\\/www.ilnotiziario.net\\\/wp\\\/\"},{\"@type\":\"ListItem\",\"position\":2,\"name\":\"Saronno va &#8220;Alla ricerca di Giuditta&#8221;: la camminata teatrale sulle orme di Pasta\"}]},{\"@type\":\"WebSite\",\"@id\":\"https:\\\/\\\/www.ilnotiziario.net\\\/wp\\\/#website\",\"url\":\"https:\\\/\\\/www.ilnotiziario.net\\\/wp\\\/\",\"name\":\"Il Notiziario\",\"description\":\"Per restare sempre connessi alla notizia\",\"publisher\":{\"@id\":\"https:\\\/\\\/www.ilnotiziario.net\\\/wp\\\/#organization\"},\"alternateName\":\"Il Notiziario Bollate\",\"potentialAction\":[{\"@type\":\"SearchAction\",\"target\":{\"@type\":\"EntryPoint\",\"urlTemplate\":\"https:\\\/\\\/www.ilnotiziario.net\\\/wp\\\/?s={search_term_string}\"},\"query-input\":{\"@type\":\"PropertyValueSpecification\",\"valueRequired\":true,\"valueName\":\"search_term_string\"}}],\"inLanguage\":\"it-IT\"},{\"@type\":\"Organization\",\"@id\":\"https:\\\/\\\/www.ilnotiziario.net\\\/wp\\\/#organization\",\"name\":\"Il Notiziario\",\"url\":\"https:\\\/\\\/www.ilnotiziario.net\\\/wp\\\/\",\"logo\":{\"@type\":\"ImageObject\",\"inLanguage\":\"it-IT\",\"@id\":\"https:\\\/\\\/www.ilnotiziario.net\\\/wp\\\/#\\\/schema\\\/logo\\\/image\\\/\",\"url\":\"https:\\\/\\\/www.ilnotiziario.net\\\/wp\\\/wp-content\\\/uploads\\\/2022\\\/06\\\/170x170ilN.png\",\"contentUrl\":\"https:\\\/\\\/www.ilnotiziario.net\\\/wp\\\/wp-content\\\/uploads\\\/2022\\\/06\\\/170x170ilN.png\",\"width\":355,\"height\":355,\"caption\":\"Il Notiziario\"},\"image\":{\"@id\":\"https:\\\/\\\/www.ilnotiziario.net\\\/wp\\\/#\\\/schema\\\/logo\\\/image\\\/\"},\"sameAs\":[\"https:\\\/\\\/www.facebook.com\\\/ilnotiziarioind\\\/\",\"https:\\\/\\\/x.com\\\/ilNotiziarioInd\",\"https:\\\/\\\/www.instagram.com\\\/ilnotiziario_settimanale\\\/\"]},{\"@type\":\"Person\",\"@id\":\"https:\\\/\\\/www.ilnotiziario.net\\\/wp\\\/#\\\/schema\\\/person\\\/386e222908f898bb41c033989482bbf2\",\"name\":\"Gabriele Bassani\",\"image\":{\"@type\":\"ImageObject\",\"inLanguage\":\"it-IT\",\"@id\":\"https:\\\/\\\/secure.gravatar.com\\\/avatar\\\/09274f4a84fa97698bde56f84b3afed61c8492d48b0550db9671b68c177479cb?s=96&d=mm&r=g\",\"url\":\"https:\\\/\\\/secure.gravatar.com\\\/avatar\\\/09274f4a84fa97698bde56f84b3afed61c8492d48b0550db9671b68c177479cb?s=96&d=mm&r=g\",\"contentUrl\":\"https:\\\/\\\/secure.gravatar.com\\\/avatar\\\/09274f4a84fa97698bde56f84b3afed61c8492d48b0550db9671b68c177479cb?s=96&d=mm&r=g\",\"caption\":\"Gabriele Bassani\"},\"sameAs\":[\"http:\\\/\\\/www.ilnotiziario.net\"]}]}<\/script>\n<!-- \/ Yoast SEO plugin. -->","yoast_head_json":{"title":"Teatro itinerante a Saronno: alla ricerca di Giuditta Pasta","description":"Il teatro itinerante a Saronno con \"Alla ricerca di Giuditta\", sulle orme della Pasta con una serie di spettacoli","robots":{"index":"index","follow":"follow","max-snippet":"max-snippet:-1","max-image-preview":"max-image-preview:large","max-video-preview":"max-video-preview:-1"},"canonical":"https:\/\/www.ilnotiziario.net\/wp\/saronno\/saronno-ricerca-giuditta-pasta\/","og_locale":"it_IT","og_type":"article","og_title":"Teatro itinerante a Saronno: alla ricerca di Giuditta Pasta","og_description":"Il teatro itinerante a Saronno con \"Alla ricerca di Giuditta\", sulle orme della Pasta con una serie di spettacoli","og_url":"https:\/\/www.ilnotiziario.net\/wp\/saronno\/saronno-ricerca-giuditta-pasta\/","og_site_name":"Il Notiziario","article_publisher":"https:\/\/www.facebook.com\/ilnotiziarioind\/","article_published_time":"2023-06-07T13:39:25+00:00","og_image":[{"width":344,"height":287,"url":"https:\/\/www.ilnotiziario.net\/wp\/wp-content\/uploads\/2023\/06\/giuditta-pasta-e1686145061693.jpg","type":"image\/jpeg"}],"author":"Gabriele Bassani","twitter_card":"summary_large_image","twitter_creator":"@ilNotiziarioInd","twitter_site":"@ilNotiziarioInd","twitter_misc":{"Scritto da":"Gabriele Bassani","Tempo di lettura stimato":"2 minuti"},"schema":{"@context":"https:\/\/schema.org","@graph":[{"@type":"Article","@id":"https:\/\/www.ilnotiziario.net\/wp\/saronno\/saronno-ricerca-giuditta-pasta\/#article","isPartOf":{"@id":"https:\/\/www.ilnotiziario.net\/wp\/saronno\/saronno-ricerca-giuditta-pasta\/"},"author":{"name":"Gabriele Bassani","@id":"https:\/\/www.ilnotiziario.net\/wp\/#\/schema\/person\/386e222908f898bb41c033989482bbf2"},"headline":"Saronno va &#8220;Alla ricerca di Giuditta&#8221;: la camminata teatrale sulle orme di Pasta","datePublished":"2023-06-07T13:39:25+00:00","mainEntityOfPage":{"@id":"https:\/\/www.ilnotiziario.net\/wp\/saronno\/saronno-ricerca-giuditta-pasta\/"},"wordCount":378,"publisher":{"@id":"https:\/\/www.ilnotiziario.net\/wp\/#organization"},"image":{"@id":"https:\/\/www.ilnotiziario.net\/wp\/saronno\/saronno-ricerca-giuditta-pasta\/#primaryimage"},"thumbnailUrl":"https:\/\/www.ilnotiziario.net\/wp\/wp-content\/uploads\/2023\/06\/giuditta-pasta-e1686145061693.jpg","keywords":["alla ricerca di giuditta pasta","Giuditta Pasta","Saronno","teatro","teatro itinerante"],"articleSection":["Prima Pagina","SARONNO"],"inLanguage":"it-IT"},{"@type":"WebPage","@id":"https:\/\/www.ilnotiziario.net\/wp\/saronno\/saronno-ricerca-giuditta-pasta\/","url":"https:\/\/www.ilnotiziario.net\/wp\/saronno\/saronno-ricerca-giuditta-pasta\/","name":"Teatro itinerante a Saronno: alla ricerca di Giuditta Pasta","isPartOf":{"@id":"https:\/\/www.ilnotiziario.net\/wp\/#website"},"primaryImageOfPage":{"@id":"https:\/\/www.ilnotiziario.net\/wp\/saronno\/saronno-ricerca-giuditta-pasta\/#primaryimage"},"image":{"@id":"https:\/\/www.ilnotiziario.net\/wp\/saronno\/saronno-ricerca-giuditta-pasta\/#primaryimage"},"thumbnailUrl":"https:\/\/www.ilnotiziario.net\/wp\/wp-content\/uploads\/2023\/06\/giuditta-pasta-e1686145061693.jpg","datePublished":"2023-06-07T13:39:25+00:00","description":"Il teatro itinerante a Saronno con \"Alla ricerca di Giuditta\", sulle orme della Pasta con una serie di spettacoli","breadcrumb":{"@id":"https:\/\/www.ilnotiziario.net\/wp\/saronno\/saronno-ricerca-giuditta-pasta\/#breadcrumb"},"inLanguage":"it-IT","potentialAction":[{"@type":"ReadAction","target":["https:\/\/www.ilnotiziario.net\/wp\/saronno\/saronno-ricerca-giuditta-pasta\/"]}]},{"@type":"ImageObject","inLanguage":"it-IT","@id":"https:\/\/www.ilnotiziario.net\/wp\/saronno\/saronno-ricerca-giuditta-pasta\/#primaryimage","url":"https:\/\/www.ilnotiziario.net\/wp\/wp-content\/uploads\/2023\/06\/giuditta-pasta-e1686145061693.jpg","contentUrl":"https:\/\/www.ilnotiziario.net\/wp\/wp-content\/uploads\/2023\/06\/giuditta-pasta-e1686145061693.jpg","width":344,"height":287},{"@type":"BreadcrumbList","@id":"https:\/\/www.ilnotiziario.net\/wp\/saronno\/saronno-ricerca-giuditta-pasta\/#breadcrumb","itemListElement":[{"@type":"ListItem","position":1,"name":"tds_text_logo_tagline_colortds_text_logo_tagline_colortds_text_logo_tagline_colortds_text_logo_tagline_colortd_module_7_title_excerpttd_module_7_title_excerpttd_module_7_title_excerpttd_module_7_title_excerptHome","item":"https:\/\/www.ilnotiziario.net\/wp\/"},{"@type":"ListItem","position":2,"name":"Saronno va &#8220;Alla ricerca di Giuditta&#8221;: la camminata teatrale sulle orme di Pasta"}]},{"@type":"WebSite","@id":"https:\/\/www.ilnotiziario.net\/wp\/#website","url":"https:\/\/www.ilnotiziario.net\/wp\/","name":"Il Notiziario","description":"Per restare sempre connessi alla notizia","publisher":{"@id":"https:\/\/www.ilnotiziario.net\/wp\/#organization"},"alternateName":"Il Notiziario Bollate","potentialAction":[{"@type":"SearchAction","target":{"@type":"EntryPoint","urlTemplate":"https:\/\/www.ilnotiziario.net\/wp\/?s={search_term_string}"},"query-input":{"@type":"PropertyValueSpecification","valueRequired":true,"valueName":"search_term_string"}}],"inLanguage":"it-IT"},{"@type":"Organization","@id":"https:\/\/www.ilnotiziario.net\/wp\/#organization","name":"Il Notiziario","url":"https:\/\/www.ilnotiziario.net\/wp\/","logo":{"@type":"ImageObject","inLanguage":"it-IT","@id":"https:\/\/www.ilnotiziario.net\/wp\/#\/schema\/logo\/image\/","url":"https:\/\/www.ilnotiziario.net\/wp\/wp-content\/uploads\/2022\/06\/170x170ilN.png","contentUrl":"https:\/\/www.ilnotiziario.net\/wp\/wp-content\/uploads\/2022\/06\/170x170ilN.png","width":355,"height":355,"caption":"Il Notiziario"},"image":{"@id":"https:\/\/www.ilnotiziario.net\/wp\/#\/schema\/logo\/image\/"},"sameAs":["https:\/\/www.facebook.com\/ilnotiziarioind\/","https:\/\/x.com\/ilNotiziarioInd","https:\/\/www.instagram.com\/ilnotiziario_settimanale\/"]},{"@type":"Person","@id":"https:\/\/www.ilnotiziario.net\/wp\/#\/schema\/person\/386e222908f898bb41c033989482bbf2","name":"Gabriele Bassani","image":{"@type":"ImageObject","inLanguage":"it-IT","@id":"https:\/\/secure.gravatar.com\/avatar\/09274f4a84fa97698bde56f84b3afed61c8492d48b0550db9671b68c177479cb?s=96&d=mm&r=g","url":"https:\/\/secure.gravatar.com\/avatar\/09274f4a84fa97698bde56f84b3afed61c8492d48b0550db9671b68c177479cb?s=96&d=mm&r=g","contentUrl":"https:\/\/secure.gravatar.com\/avatar\/09274f4a84fa97698bde56f84b3afed61c8492d48b0550db9671b68c177479cb?s=96&d=mm&r=g","caption":"Gabriele Bassani"},"sameAs":["http:\/\/www.ilnotiziario.net"]}]}},"_links":{"self":[{"href":"https:\/\/www.ilnotiziario.net\/wp\/wp-json\/wp\/v2\/posts\/183781","targetHints":{"allow":["GET"]}}],"collection":[{"href":"https:\/\/www.ilnotiziario.net\/wp\/wp-json\/wp\/v2\/posts"}],"about":[{"href":"https:\/\/www.ilnotiziario.net\/wp\/wp-json\/wp\/v2\/types\/post"}],"author":[{"embeddable":true,"href":"https:\/\/www.ilnotiziario.net\/wp\/wp-json\/wp\/v2\/users\/3"}],"replies":[{"embeddable":true,"href":"https:\/\/www.ilnotiziario.net\/wp\/wp-json\/wp\/v2\/comments?post=183781"}],"version-history":[{"count":0,"href":"https:\/\/www.ilnotiziario.net\/wp\/wp-json\/wp\/v2\/posts\/183781\/revisions"}],"wp:featuredmedia":[{"embeddable":true,"href":"https:\/\/www.ilnotiziario.net\/wp\/wp-json\/wp\/v2\/media\/183782"}],"wp:attachment":[{"href":"https:\/\/www.ilnotiziario.net\/wp\/wp-json\/wp\/v2\/media?parent=183781"}],"wp:term":[{"taxonomy":"category","embeddable":true,"href":"https:\/\/www.ilnotiziario.net\/wp\/wp-json\/wp\/v2\/categories?post=183781"},{"taxonomy":"post_tag","embeddable":true,"href":"https:\/\/www.ilnotiziario.net\/wp\/wp-json\/wp\/v2\/tags?post=183781"}],"curies":[{"name":"wp","href":"https:\/\/api.w.org\/{rel}","templated":true}]}}