{"id":184680,"date":"2023-06-26T19:21:31","date_gmt":"2023-06-26T17:21:31","guid":{"rendered":"https:\/\/www.ilnotiziario.net\/wp\/?p=184680"},"modified":"2023-06-27T08:04:17","modified_gmt":"2023-06-27T06:04:17","slug":"allenatore-atti-sessuali-minore-saronno","status":"publish","type":"post","link":"https:\/\/www.ilnotiziario.net\/wp\/prima-pagina\/allenatore-atti-sessuali-minore-saronno\/","title":{"rendered":"Allenatore rinviato a giudizio per atti sessuali con minore. Pallavolo Saronno: &#8220;Contratto gi\u00e0 interrotto&#8221;"},"content":{"rendered":"<p>Rinviato a giudizio l&#8217;allenatore della Pallavolo Saronno under 14 e 16. Ma la societ\u00e0 riferisce che il suo contratto di lavoro sia gi\u00e0 stato interrotto.<\/p><div id=\"ilnot-208670436\" class=\"ilnot-contenuto ilnot-entity-placement\"><p><!-- incontent_1 --><\/p>\n<div class=\"gptslot\" data-adunitid=\"1\"><\/div>\n<\/div>\n<p>Queste informazioni si riferiscono a un caso esploso nel 2021, quando il padre di un minore ha scoperto che il figlio aveva intrattenuto alcune conversazioni sessualmente esplicite su Instagram con uomini pi\u00f9 grandi. Tra questi, anche un allenatore di alcune squadre di pallavolo della provincia di Varese. Gli inquirenti bresciani avevano quindi deciso di disporre il sequestro dei dispositivi elettronici dell&#8217;uomo.<\/p>\n<p>Stando a quanto emerso sarebbe stato rinvenuto materiale pedopornografico e pornografico e nelle chat su Telegram dell\u2019uomo \u00e8 stata ritrovata anche quella con una ragazza 14enne finita poi al centro dell\u2019inchiesta di Busto Arsizio visti i riferimenti espliciti a rapporti non completi tra i due.<\/p><div id=\"ilnot-1068865489\" class=\"ilnot-contenuto_2 ilnot-entity-placement\"><div class=\"ads-wrapper\">\n<div class=\"ad-slot\">\n   <div id=\"ilnot-2465772769\" style=\"margin-right: auto;margin-left: auto;text-align: center;width: 320px;height: 100px;\"><a href=\"https:\/\/www.scuolasicurezza.it\/\"><img decoding=\"async\" src=\"https:\/\/www.ilnotiziario.net\/wp\/wp-content\/uploads\/2026\/04\/IlNotiziario_banner-sito-e-newsletter-320-x-100-px-1.gif\" alt=\"\"><\/a><\/div>\n  <\/div>\n<div class=\"ad-slot\">\n   <div id=\"ilnot-666362380\" style=\"margin-right: auto;margin-left: auto;text-align: center;width: 320px;height: 100px;\"><a href=\"https:\/\/purodesignarredamenti.com\/\"><img decoding=\"async\" src=\"https:\/\/www.ilnotiziario.net\/wp\/wp-content\/uploads\/2026\/04\/banner-puro-ok.gif\" alt=\"whatsapp\"><\/a><\/div><\/p><\/div>\n<\/div>\n<\/div>\n<p>La Questura di Varese ha quindi contattato i genitori della ragazzina. La famiglia, assistita dalle avvocate Erika Trolese e Rebecca Stefanuti, ha deciso di sporgere querela contro l\u2019allenatore. La Procura di Busto Arsizio ha aperto un\u2019inchiesta con l\u2019accusa di atti sessuali su minorenne e lo scorso 20 giugno \u00e8 arrivato il rinvio a giudizio. La vicenda arriver\u00e0 in aula il prossimo 14 novembre.<\/p>\n<p>Nelle ultime ore alcuni genitori di alcune atlete hanno scritto alla federazione esprimendo disappunto per la mancata sospensione dall\u2019allenatore. Secondo per\u00f2 quanto riferito dalla societ\u00e0 Pallavolo Saronno, il contratto con l&#8217;allenatore \u00e8 stato interrotto. Ulteriori informazioni verranno fornite nel corso di una riunione che la societ\u00e0 terr\u00e0 a brevissimo con i genitori delle atlete della squadra.<\/p>\n<p>Leggi ilnotiziario anche in digitale da pc, smartphone e tablet. Clicca qui per la <a href=\"https:\/\/edicola.ilnotiziario.net\/citterioeditoresrl\/newsstand\">nostra edicola digitale<\/a>!<\/p><div id=\"ilnot-2320325533\" class=\"ilnot-contenuto_2-2 ilnot-entity-placement\"><div class=\"gptslot\" data-adunitid=\"2\"><\/div>\n<\/div>\n","protected":false},"excerpt":{"rendered":"<p>Rinviato a giudizio l&#8217;allenatore della Pallavolo Saronno under 14 e 16. Ma la societ\u00e0 riferisce che il suo contratto di lavoro sia gi\u00e0 stato interrotto. Queste informazioni si riferiscono a un caso esploso nel 2021, quando il padre di un minore ha scoperto che il figlio aveva intrattenuto alcune conversazioni sessualmente esplicite su Instagram con<\/p>\n","protected":false},"author":3,"featured_media":184683,"comment_status":"closed","ping_status":"closed","sticky":false,"template":"","format":"standard","meta":{"footnotes":""},"categories":[20,14],"tags":[4178,15161,5047,56],"class_list":{"0":"post-184680","1":"post","2":"type-post","3":"status-publish","4":"format-standard","5":"has-post-thumbnail","7":"category-prima-pagina","8":"category-saronno","9":"tag-allenatore","10":"tag-atti-sessuali-con-minore","11":"tag-pallavolo","12":"tag-saronno-2"},"yoast_head":"<!-- This site is optimized with the Yoast SEO plugin v27.5 - https:\/\/yoast.com\/product\/yoast-seo-wordpress\/ -->\n<title>Allenatore rinviato a giudizio per atti sessuali con minore. Pallavolo Saronno: &quot;Contratto gi\u00e0 interrotto&quot; - Il Notiziario<\/title>\n<meta name=\"description\" content=\"Rinviato a giudizio l&#039;allenatore della Pallavolo Saronno under 14 e 16. Ma la societ\u00e0 riferisce che il suo contratto di lavoro sia gi\u00e0 stato interrotto.\" \/>\n<meta name=\"robots\" content=\"index, follow, max-snippet:-1, max-image-preview:large, max-video-preview:-1\" \/>\n<link rel=\"canonical\" href=\"https:\/\/www.ilnotiziario.net\/wp\/prima-pagina\/allenatore-atti-sessuali-minore-saronno\/\" \/>\n<meta property=\"og:locale\" content=\"it_IT\" \/>\n<meta property=\"og:type\" content=\"article\" \/>\n<meta property=\"og:title\" content=\"Allenatore rinviato a giudizio per atti sessuali con minore. Pallavolo Saronno: &quot;Contratto gi\u00e0 interrotto&quot; - Il Notiziario\" \/>\n<meta property=\"og:description\" content=\"Rinviato a giudizio l&#039;allenatore della Pallavolo Saronno under 14 e 16. Ma la societ\u00e0 riferisce che il suo contratto di lavoro sia gi\u00e0 stato interrotto.\" \/>\n<meta property=\"og:url\" content=\"https:\/\/www.ilnotiziario.net\/wp\/prima-pagina\/allenatore-atti-sessuali-minore-saronno\/\" \/>\n<meta property=\"og:site_name\" content=\"Il Notiziario\" \/>\n<meta property=\"article:publisher\" content=\"https:\/\/www.facebook.com\/ilnotiziarioind\/\" \/>\n<meta property=\"article:published_time\" content=\"2023-06-26T17:21:31+00:00\" \/>\n<meta property=\"article:modified_time\" content=\"2023-06-27T06:04:17+00:00\" \/>\n<meta property=\"og:image\" content=\"https:\/\/www.ilnotiziario.net\/wp\/wp-content\/uploads\/2023\/06\/pallavolo.jpg\" \/>\n\t<meta property=\"og:image:width\" content=\"1280\" \/>\n\t<meta property=\"og:image:height\" content=\"853\" \/>\n\t<meta property=\"og:image:type\" content=\"image\/jpeg\" \/>\n<meta name=\"author\" content=\"Gabriele Bassani\" \/>\n<meta name=\"twitter:card\" content=\"summary_large_image\" \/>\n<meta name=\"twitter:creator\" content=\"@ilNotiziarioInd\" \/>\n<meta name=\"twitter:site\" content=\"@ilNotiziarioInd\" \/>\n<meta name=\"twitter:label1\" content=\"Scritto da\" \/>\n\t<meta name=\"twitter:data1\" content=\"Gabriele Bassani\" \/>\n\t<meta name=\"twitter:label2\" content=\"Tempo di lettura stimato\" \/>\n\t<meta name=\"twitter:data2\" content=\"2 minuti\" \/>\n<script type=\"application\/ld+json\" class=\"yoast-schema-graph\">{\"@context\":\"https:\\\/\\\/schema.org\",\"@graph\":[{\"@type\":\"Article\",\"@id\":\"https:\\\/\\\/www.ilnotiziario.net\\\/wp\\\/prima-pagina\\\/allenatore-atti-sessuali-minore-saronno\\\/#article\",\"isPartOf\":{\"@id\":\"https:\\\/\\\/www.ilnotiziario.net\\\/wp\\\/prima-pagina\\\/allenatore-atti-sessuali-minore-saronno\\\/\"},\"author\":{\"name\":\"Gabriele Bassani\",\"@id\":\"https:\\\/\\\/www.ilnotiziario.net\\\/wp\\\/#\\\/schema\\\/person\\\/386e222908f898bb41c033989482bbf2\"},\"headline\":\"Allenatore rinviato a giudizio per atti sessuali con minore. Pallavolo Saronno: &#8220;Contratto gi\u00e0 interrotto&#8221;\",\"datePublished\":\"2023-06-26T17:21:31+00:00\",\"dateModified\":\"2023-06-27T06:04:17+00:00\",\"mainEntityOfPage\":{\"@id\":\"https:\\\/\\\/www.ilnotiziario.net\\\/wp\\\/prima-pagina\\\/allenatore-atti-sessuali-minore-saronno\\\/\"},\"wordCount\":282,\"publisher\":{\"@id\":\"https:\\\/\\\/www.ilnotiziario.net\\\/wp\\\/#organization\"},\"image\":{\"@id\":\"https:\\\/\\\/www.ilnotiziario.net\\\/wp\\\/prima-pagina\\\/allenatore-atti-sessuali-minore-saronno\\\/#primaryimage\"},\"thumbnailUrl\":\"https:\\\/\\\/www.ilnotiziario.net\\\/wp\\\/wp-content\\\/uploads\\\/2023\\\/06\\\/pallavolo.jpg\",\"keywords\":[\"allenatore\",\"atti sessuali con minore\",\"pallavolo\",\"Saronno\"],\"articleSection\":[\"Prima Pagina\",\"SARONNO\"],\"inLanguage\":\"it-IT\"},{\"@type\":\"WebPage\",\"@id\":\"https:\\\/\\\/www.ilnotiziario.net\\\/wp\\\/prima-pagina\\\/allenatore-atti-sessuali-minore-saronno\\\/\",\"url\":\"https:\\\/\\\/www.ilnotiziario.net\\\/wp\\\/prima-pagina\\\/allenatore-atti-sessuali-minore-saronno\\\/\",\"name\":\"Allenatore rinviato a giudizio per atti sessuali con minore. Pallavolo Saronno: \\\"Contratto gi\u00e0 interrotto\\\" - Il Notiziario\",\"isPartOf\":{\"@id\":\"https:\\\/\\\/www.ilnotiziario.net\\\/wp\\\/#website\"},\"primaryImageOfPage\":{\"@id\":\"https:\\\/\\\/www.ilnotiziario.net\\\/wp\\\/prima-pagina\\\/allenatore-atti-sessuali-minore-saronno\\\/#primaryimage\"},\"image\":{\"@id\":\"https:\\\/\\\/www.ilnotiziario.net\\\/wp\\\/prima-pagina\\\/allenatore-atti-sessuali-minore-saronno\\\/#primaryimage\"},\"thumbnailUrl\":\"https:\\\/\\\/www.ilnotiziario.net\\\/wp\\\/wp-content\\\/uploads\\\/2023\\\/06\\\/pallavolo.jpg\",\"datePublished\":\"2023-06-26T17:21:31+00:00\",\"dateModified\":\"2023-06-27T06:04:17+00:00\",\"description\":\"Rinviato a giudizio l'allenatore della Pallavolo Saronno under 14 e 16. Ma la societ\u00e0 riferisce che il suo contratto di lavoro sia gi\u00e0 stato interrotto.\",\"breadcrumb\":{\"@id\":\"https:\\\/\\\/www.ilnotiziario.net\\\/wp\\\/prima-pagina\\\/allenatore-atti-sessuali-minore-saronno\\\/#breadcrumb\"},\"inLanguage\":\"it-IT\",\"potentialAction\":[{\"@type\":\"ReadAction\",\"target\":[\"https:\\\/\\\/www.ilnotiziario.net\\\/wp\\\/prima-pagina\\\/allenatore-atti-sessuali-minore-saronno\\\/\"]}]},{\"@type\":\"ImageObject\",\"inLanguage\":\"it-IT\",\"@id\":\"https:\\\/\\\/www.ilnotiziario.net\\\/wp\\\/prima-pagina\\\/allenatore-atti-sessuali-minore-saronno\\\/#primaryimage\",\"url\":\"https:\\\/\\\/www.ilnotiziario.net\\\/wp\\\/wp-content\\\/uploads\\\/2023\\\/06\\\/pallavolo.jpg\",\"contentUrl\":\"https:\\\/\\\/www.ilnotiziario.net\\\/wp\\\/wp-content\\\/uploads\\\/2023\\\/06\\\/pallavolo.jpg\",\"width\":1280,\"height\":853},{\"@type\":\"BreadcrumbList\",\"@id\":\"https:\\\/\\\/www.ilnotiziario.net\\\/wp\\\/prima-pagina\\\/allenatore-atti-sessuali-minore-saronno\\\/#breadcrumb\",\"itemListElement\":[{\"@type\":\"ListItem\",\"position\":1,\"name\":\"tds_text_logo_tagline_colortds_text_logo_tagline_colortds_text_logo_tagline_colortds_text_logo_tagline_colortd_module_7_title_excerpttd_module_7_title_excerpttd_module_7_title_excerpttd_module_7_title_excerptHome\",\"item\":\"https:\\\/\\\/www.ilnotiziario.net\\\/wp\\\/\"},{\"@type\":\"ListItem\",\"position\":2,\"name\":\"Allenatore rinviato a giudizio per atti sessuali con minore. Pallavolo Saronno: &#8220;Contratto gi\u00e0 interrotto&#8221;\"}]},{\"@type\":\"WebSite\",\"@id\":\"https:\\\/\\\/www.ilnotiziario.net\\\/wp\\\/#website\",\"url\":\"https:\\\/\\\/www.ilnotiziario.net\\\/wp\\\/\",\"name\":\"Il Notiziario\",\"description\":\"Per restare sempre connessi alla notizia\",\"publisher\":{\"@id\":\"https:\\\/\\\/www.ilnotiziario.net\\\/wp\\\/#organization\"},\"alternateName\":\"Il Notiziario Bollate\",\"potentialAction\":[{\"@type\":\"SearchAction\",\"target\":{\"@type\":\"EntryPoint\",\"urlTemplate\":\"https:\\\/\\\/www.ilnotiziario.net\\\/wp\\\/?s={search_term_string}\"},\"query-input\":{\"@type\":\"PropertyValueSpecification\",\"valueRequired\":true,\"valueName\":\"search_term_string\"}}],\"inLanguage\":\"it-IT\"},{\"@type\":\"Organization\",\"@id\":\"https:\\\/\\\/www.ilnotiziario.net\\\/wp\\\/#organization\",\"name\":\"Il Notiziario\",\"url\":\"https:\\\/\\\/www.ilnotiziario.net\\\/wp\\\/\",\"logo\":{\"@type\":\"ImageObject\",\"inLanguage\":\"it-IT\",\"@id\":\"https:\\\/\\\/www.ilnotiziario.net\\\/wp\\\/#\\\/schema\\\/logo\\\/image\\\/\",\"url\":\"https:\\\/\\\/www.ilnotiziario.net\\\/wp\\\/wp-content\\\/uploads\\\/2022\\\/06\\\/170x170ilN.png\",\"contentUrl\":\"https:\\\/\\\/www.ilnotiziario.net\\\/wp\\\/wp-content\\\/uploads\\\/2022\\\/06\\\/170x170ilN.png\",\"width\":355,\"height\":355,\"caption\":\"Il Notiziario\"},\"image\":{\"@id\":\"https:\\\/\\\/www.ilnotiziario.net\\\/wp\\\/#\\\/schema\\\/logo\\\/image\\\/\"},\"sameAs\":[\"https:\\\/\\\/www.facebook.com\\\/ilnotiziarioind\\\/\",\"https:\\\/\\\/x.com\\\/ilNotiziarioInd\",\"https:\\\/\\\/www.instagram.com\\\/ilnotiziario_settimanale\\\/\"]},{\"@type\":\"Person\",\"@id\":\"https:\\\/\\\/www.ilnotiziario.net\\\/wp\\\/#\\\/schema\\\/person\\\/386e222908f898bb41c033989482bbf2\",\"name\":\"Gabriele Bassani\",\"image\":{\"@type\":\"ImageObject\",\"inLanguage\":\"it-IT\",\"@id\":\"https:\\\/\\\/secure.gravatar.com\\\/avatar\\\/09274f4a84fa97698bde56f84b3afed61c8492d48b0550db9671b68c177479cb?s=96&d=mm&r=g\",\"url\":\"https:\\\/\\\/secure.gravatar.com\\\/avatar\\\/09274f4a84fa97698bde56f84b3afed61c8492d48b0550db9671b68c177479cb?s=96&d=mm&r=g\",\"contentUrl\":\"https:\\\/\\\/secure.gravatar.com\\\/avatar\\\/09274f4a84fa97698bde56f84b3afed61c8492d48b0550db9671b68c177479cb?s=96&d=mm&r=g\",\"caption\":\"Gabriele Bassani\"},\"sameAs\":[\"http:\\\/\\\/www.ilnotiziario.net\"]}]}<\/script>\n<!-- \/ Yoast SEO plugin. -->","yoast_head_json":{"title":"Allenatore rinviato a giudizio per atti sessuali con minore. Pallavolo Saronno: \"Contratto gi\u00e0 interrotto\" - Il Notiziario","description":"Rinviato a giudizio l'allenatore della Pallavolo Saronno under 14 e 16. Ma la societ\u00e0 riferisce che il suo contratto di lavoro sia gi\u00e0 stato interrotto.","robots":{"index":"index","follow":"follow","max-snippet":"max-snippet:-1","max-image-preview":"max-image-preview:large","max-video-preview":"max-video-preview:-1"},"canonical":"https:\/\/www.ilnotiziario.net\/wp\/prima-pagina\/allenatore-atti-sessuali-minore-saronno\/","og_locale":"it_IT","og_type":"article","og_title":"Allenatore rinviato a giudizio per atti sessuali con minore. Pallavolo Saronno: \"Contratto gi\u00e0 interrotto\" - Il Notiziario","og_description":"Rinviato a giudizio l'allenatore della Pallavolo Saronno under 14 e 16. Ma la societ\u00e0 riferisce che il suo contratto di lavoro sia gi\u00e0 stato interrotto.","og_url":"https:\/\/www.ilnotiziario.net\/wp\/prima-pagina\/allenatore-atti-sessuali-minore-saronno\/","og_site_name":"Il Notiziario","article_publisher":"https:\/\/www.facebook.com\/ilnotiziarioind\/","article_published_time":"2023-06-26T17:21:31+00:00","article_modified_time":"2023-06-27T06:04:17+00:00","og_image":[{"width":1280,"height":853,"url":"https:\/\/www.ilnotiziario.net\/wp\/wp-content\/uploads\/2023\/06\/pallavolo.jpg","type":"image\/jpeg"}],"author":"Gabriele Bassani","twitter_card":"summary_large_image","twitter_creator":"@ilNotiziarioInd","twitter_site":"@ilNotiziarioInd","twitter_misc":{"Scritto da":"Gabriele Bassani","Tempo di lettura stimato":"2 minuti"},"schema":{"@context":"https:\/\/schema.org","@graph":[{"@type":"Article","@id":"https:\/\/www.ilnotiziario.net\/wp\/prima-pagina\/allenatore-atti-sessuali-minore-saronno\/#article","isPartOf":{"@id":"https:\/\/www.ilnotiziario.net\/wp\/prima-pagina\/allenatore-atti-sessuali-minore-saronno\/"},"author":{"name":"Gabriele Bassani","@id":"https:\/\/www.ilnotiziario.net\/wp\/#\/schema\/person\/386e222908f898bb41c033989482bbf2"},"headline":"Allenatore rinviato a giudizio per atti sessuali con minore. Pallavolo Saronno: &#8220;Contratto gi\u00e0 interrotto&#8221;","datePublished":"2023-06-26T17:21:31+00:00","dateModified":"2023-06-27T06:04:17+00:00","mainEntityOfPage":{"@id":"https:\/\/www.ilnotiziario.net\/wp\/prima-pagina\/allenatore-atti-sessuali-minore-saronno\/"},"wordCount":282,"publisher":{"@id":"https:\/\/www.ilnotiziario.net\/wp\/#organization"},"image":{"@id":"https:\/\/www.ilnotiziario.net\/wp\/prima-pagina\/allenatore-atti-sessuali-minore-saronno\/#primaryimage"},"thumbnailUrl":"https:\/\/www.ilnotiziario.net\/wp\/wp-content\/uploads\/2023\/06\/pallavolo.jpg","keywords":["allenatore","atti sessuali con minore","pallavolo","Saronno"],"articleSection":["Prima Pagina","SARONNO"],"inLanguage":"it-IT"},{"@type":"WebPage","@id":"https:\/\/www.ilnotiziario.net\/wp\/prima-pagina\/allenatore-atti-sessuali-minore-saronno\/","url":"https:\/\/www.ilnotiziario.net\/wp\/prima-pagina\/allenatore-atti-sessuali-minore-saronno\/","name":"Allenatore rinviato a giudizio per atti sessuali con minore. Pallavolo Saronno: \"Contratto gi\u00e0 interrotto\" - Il Notiziario","isPartOf":{"@id":"https:\/\/www.ilnotiziario.net\/wp\/#website"},"primaryImageOfPage":{"@id":"https:\/\/www.ilnotiziario.net\/wp\/prima-pagina\/allenatore-atti-sessuali-minore-saronno\/#primaryimage"},"image":{"@id":"https:\/\/www.ilnotiziario.net\/wp\/prima-pagina\/allenatore-atti-sessuali-minore-saronno\/#primaryimage"},"thumbnailUrl":"https:\/\/www.ilnotiziario.net\/wp\/wp-content\/uploads\/2023\/06\/pallavolo.jpg","datePublished":"2023-06-26T17:21:31+00:00","dateModified":"2023-06-27T06:04:17+00:00","description":"Rinviato a giudizio l'allenatore della Pallavolo Saronno under 14 e 16. Ma la societ\u00e0 riferisce che il suo contratto di lavoro sia gi\u00e0 stato interrotto.","breadcrumb":{"@id":"https:\/\/www.ilnotiziario.net\/wp\/prima-pagina\/allenatore-atti-sessuali-minore-saronno\/#breadcrumb"},"inLanguage":"it-IT","potentialAction":[{"@type":"ReadAction","target":["https:\/\/www.ilnotiziario.net\/wp\/prima-pagina\/allenatore-atti-sessuali-minore-saronno\/"]}]},{"@type":"ImageObject","inLanguage":"it-IT","@id":"https:\/\/www.ilnotiziario.net\/wp\/prima-pagina\/allenatore-atti-sessuali-minore-saronno\/#primaryimage","url":"https:\/\/www.ilnotiziario.net\/wp\/wp-content\/uploads\/2023\/06\/pallavolo.jpg","contentUrl":"https:\/\/www.ilnotiziario.net\/wp\/wp-content\/uploads\/2023\/06\/pallavolo.jpg","width":1280,"height":853},{"@type":"BreadcrumbList","@id":"https:\/\/www.ilnotiziario.net\/wp\/prima-pagina\/allenatore-atti-sessuali-minore-saronno\/#breadcrumb","itemListElement":[{"@type":"ListItem","position":1,"name":"tds_text_logo_tagline_colortds_text_logo_tagline_colortds_text_logo_tagline_colortds_text_logo_tagline_colortd_module_7_title_excerpttd_module_7_title_excerpttd_module_7_title_excerpttd_module_7_title_excerptHome","item":"https:\/\/www.ilnotiziario.net\/wp\/"},{"@type":"ListItem","position":2,"name":"Allenatore rinviato a giudizio per atti sessuali con minore. Pallavolo Saronno: &#8220;Contratto gi\u00e0 interrotto&#8221;"}]},{"@type":"WebSite","@id":"https:\/\/www.ilnotiziario.net\/wp\/#website","url":"https:\/\/www.ilnotiziario.net\/wp\/","name":"Il Notiziario","description":"Per restare sempre connessi alla notizia","publisher":{"@id":"https:\/\/www.ilnotiziario.net\/wp\/#organization"},"alternateName":"Il Notiziario Bollate","potentialAction":[{"@type":"SearchAction","target":{"@type":"EntryPoint","urlTemplate":"https:\/\/www.ilnotiziario.net\/wp\/?s={search_term_string}"},"query-input":{"@type":"PropertyValueSpecification","valueRequired":true,"valueName":"search_term_string"}}],"inLanguage":"it-IT"},{"@type":"Organization","@id":"https:\/\/www.ilnotiziario.net\/wp\/#organization","name":"Il Notiziario","url":"https:\/\/www.ilnotiziario.net\/wp\/","logo":{"@type":"ImageObject","inLanguage":"it-IT","@id":"https:\/\/www.ilnotiziario.net\/wp\/#\/schema\/logo\/image\/","url":"https:\/\/www.ilnotiziario.net\/wp\/wp-content\/uploads\/2022\/06\/170x170ilN.png","contentUrl":"https:\/\/www.ilnotiziario.net\/wp\/wp-content\/uploads\/2022\/06\/170x170ilN.png","width":355,"height":355,"caption":"Il Notiziario"},"image":{"@id":"https:\/\/www.ilnotiziario.net\/wp\/#\/schema\/logo\/image\/"},"sameAs":["https:\/\/www.facebook.com\/ilnotiziarioind\/","https:\/\/x.com\/ilNotiziarioInd","https:\/\/www.instagram.com\/ilnotiziario_settimanale\/"]},{"@type":"Person","@id":"https:\/\/www.ilnotiziario.net\/wp\/#\/schema\/person\/386e222908f898bb41c033989482bbf2","name":"Gabriele Bassani","image":{"@type":"ImageObject","inLanguage":"it-IT","@id":"https:\/\/secure.gravatar.com\/avatar\/09274f4a84fa97698bde56f84b3afed61c8492d48b0550db9671b68c177479cb?s=96&d=mm&r=g","url":"https:\/\/secure.gravatar.com\/avatar\/09274f4a84fa97698bde56f84b3afed61c8492d48b0550db9671b68c177479cb?s=96&d=mm&r=g","contentUrl":"https:\/\/secure.gravatar.com\/avatar\/09274f4a84fa97698bde56f84b3afed61c8492d48b0550db9671b68c177479cb?s=96&d=mm&r=g","caption":"Gabriele Bassani"},"sameAs":["http:\/\/www.ilnotiziario.net"]}]}},"_links":{"self":[{"href":"https:\/\/www.ilnotiziario.net\/wp\/wp-json\/wp\/v2\/posts\/184680","targetHints":{"allow":["GET"]}}],"collection":[{"href":"https:\/\/www.ilnotiziario.net\/wp\/wp-json\/wp\/v2\/posts"}],"about":[{"href":"https:\/\/www.ilnotiziario.net\/wp\/wp-json\/wp\/v2\/types\/post"}],"author":[{"embeddable":true,"href":"https:\/\/www.ilnotiziario.net\/wp\/wp-json\/wp\/v2\/users\/3"}],"replies":[{"embeddable":true,"href":"https:\/\/www.ilnotiziario.net\/wp\/wp-json\/wp\/v2\/comments?post=184680"}],"version-history":[{"count":0,"href":"https:\/\/www.ilnotiziario.net\/wp\/wp-json\/wp\/v2\/posts\/184680\/revisions"}],"wp:featuredmedia":[{"embeddable":true,"href":"https:\/\/www.ilnotiziario.net\/wp\/wp-json\/wp\/v2\/media\/184683"}],"wp:attachment":[{"href":"https:\/\/www.ilnotiziario.net\/wp\/wp-json\/wp\/v2\/media?parent=184680"}],"wp:term":[{"taxonomy":"category","embeddable":true,"href":"https:\/\/www.ilnotiziario.net\/wp\/wp-json\/wp\/v2\/categories?post=184680"},{"taxonomy":"post_tag","embeddable":true,"href":"https:\/\/www.ilnotiziario.net\/wp\/wp-json\/wp\/v2\/tags?post=184680"}],"curies":[{"name":"wp","href":"https:\/\/api.w.org\/{rel}","templated":true}]}}