{"id":184732,"date":"2023-06-28T09:35:07","date_gmt":"2023-06-28T07:35:07","guid":{"rendered":"https:\/\/www.ilnotiziario.net\/wp\/?p=184732"},"modified":"2023-06-28T09:07:28","modified_gmt":"2023-06-28T07:07:28","slug":"tennis-ceriano-b1","status":"publish","type":"post","link":"https:\/\/www.ilnotiziario.net\/wp\/sport\/tennis-ceriano-b1\/","title":{"rendered":"Tennis Ceriano a Verona per giocarsi l&#8217;approdo in serie B1"},"content":{"rendered":"<p>Il Club tennis Ceriano si gioca l&#8217;accesso alla serie B1 e si prepara ad affrontare il proprio destino nella decisiva trasferta di Verona.<\/p><div id=\"ilnot-428466209\" class=\"ilnot-contenuto ilnot-entity-placement\"><p><!-- incontent_1 --><\/p>\n<div class=\"gptslot\" data-adunitid=\"1\"><\/div>\n<\/div>\n<h2>Tennis Ceriano a Verona per la serie B1<\/h2>\n<p>Passa infatti dal campo scaligero, con la disputa della sfida decisiva dei playoff, la possibilit\u00e0 del Club tennis Ceriano di giocarsi l&#8217;approdo in serie B1 di tennis.&nbsp;Si decider\u00e0 tutto domenica 2 luglio e si ripartir\u00e0 da zero o quasi, visto che c&#8217;\u00e8 grande equilibrio nel doppio confronto tra il Ct Ceriano e l&#8217;At Verona nei play-off valevoli per la promozione in serie B1.<\/p>\n<p>Dopo il 3-3 dell&#8217;andata sui campi del Centro Robur Saronno, la formazione capitanata da Eugenio Ferrarini andr\u00e0 in Veneto a caccia di quella promozione che consentirebbe al club brianzolo di tornare in B1 a un anno di distanza dalla retrocessione del 2022.<\/p><div id=\"ilnot-1265648389\" class=\"ilnot-contenuto_2 ilnot-entity-placement\"><div class=\"ads-wrapper\">\n<div class=\"ad-slot\">\n   <div id=\"ilnot-1592203280\" style=\"margin-right: auto;margin-left: auto;text-align: center;width: 320px;height: 100px;\"><a href=\"https:\/\/www.scuolasicurezza.it\/\"><img decoding=\"async\" src=\"https:\/\/www.ilnotiziario.net\/wp\/wp-content\/uploads\/2026\/04\/IlNotiziario_banner-sito-e-newsletter-320-x-100-px-1.gif\" alt=\"\"><\/a><\/div>\n  <\/div>\n<div class=\"ad-slot\">\n   <div id=\"ilnot-3516742692\" style=\"margin-right: auto;margin-left: auto;text-align: center;width: 320px;height: 100px;\"><a href=\"https:\/\/purodesignarredamenti.com\/\"><img decoding=\"async\" src=\"https:\/\/www.ilnotiziario.net\/wp\/wp-content\/uploads\/2026\/04\/banner-puro-ok.gif\" alt=\"whatsapp\"><\/a><\/div><\/p><\/div>\n<\/div>\n<\/div>\n<h2>La trasferta di domenica 2 luglio da Ceriano a Verona&nbsp;&nbsp;<\/h2>\n<p>Partita a fari spenti, la formazione del Ctc si \u00e8 ritagliata uno spazio importante nel proprio girone e nel primo dei due confronti decisivi. Grande tifo e grande prova di gruppo di Ceriano che strappa un pari fondamentale con Alessio Zanotti sceso in campo in condizioni non ottimali e con il primo dei due doppi che poteva girare a favore nel tie-break del secondo set.<\/p>\n<p>&#8220;Stiamo organizzando la trasferta di domenica con alcuni tifosi per sostenere i ragazzi in questa sfida decisiva. Certamente, dopo il 3-3 dell&#8217;andata, giocare sulla terra rossa avvantaggia leggermente i nostri avversari, ma con un po&#8217; di fortuna tutto \u00e8 ancora possibile: siamo due formazioni molto simili&#8221;. Il presidente del club, Severino Rocco, analizza cos\u00ec il doppio confronto e carica i ragazzi, pur rimanendo sempre con i piedi saldamente per terra. Per il Ctc \u00e8 l&#8217;ora della verit\u00e0, ma indipendentemente dal risultato di Verona, resta una stagione positiva in cui la squadra ha dimostrato di avere tutte le carte in regola per giocarsi la promozione in Serie B1.<br \/>\n<strong>Redazione web<\/strong><\/p>\n","protected":false},"excerpt":{"rendered":"<p>Il Club tennis Ceriano si gioca l&#8217;accesso alla serie B1 e si prepara ad affrontare il proprio destino nella decisiva trasferta di Verona. Tennis Ceriano a Verona per la serie B1 Passa infatti dal campo scaligero, con la disputa della sfida decisiva dei playoff, la possibilit\u00e0 del Club tennis Ceriano di giocarsi l&#8217;approdo in serie<\/p>\n","protected":false},"author":3,"featured_media":184734,"comment_status":"closed","ping_status":"closed","sticky":false,"template":"","format":"standard","meta":{"footnotes":""},"categories":[9,20,15],"tags":[15177,169,11070,15178,11069],"class_list":{"0":"post-184732","1":"post","2":"type-post","3":"status-publish","4":"format-standard","5":"has-post-thumbnail","7":"category-brianza","8":"category-prima-pagina","9":"category-sport","10":"tag-at-verona","11":"tag-ceriano","12":"tag-club-tennis-ceriano","13":"tag-serie-b1-tennis","14":"tag-tennis-ceriano"},"yoast_head":"<!-- This site is optimized with the Yoast SEO plugin v27.4 - https:\/\/yoast.com\/product\/yoast-seo-wordpress\/ -->\n<title>Tennis Ceriano a Verona per la serie B1 - Il Notiziario<\/title>\n<meta name=\"description\" content=\"Il Club tennis Ceriano sfida Verona ai playoff per risalire in serie B1: sfida decisiva nel fine settimana in terra veneta\" \/>\n<meta name=\"robots\" content=\"index, follow, max-snippet:-1, max-image-preview:large, max-video-preview:-1\" \/>\n<link rel=\"canonical\" href=\"https:\/\/www.ilnotiziario.net\/wp\/sport\/tennis-ceriano-b1\/\" \/>\n<meta property=\"og:locale\" content=\"it_IT\" \/>\n<meta property=\"og:type\" content=\"article\" \/>\n<meta property=\"og:title\" content=\"Tennis Ceriano a Verona per la serie B1 - Il Notiziario\" \/>\n<meta property=\"og:description\" content=\"Il Club tennis Ceriano sfida Verona ai playoff per risalire in serie B1: sfida decisiva nel fine settimana in terra veneta\" \/>\n<meta property=\"og:url\" content=\"https:\/\/www.ilnotiziario.net\/wp\/sport\/tennis-ceriano-b1\/\" \/>\n<meta property=\"og:site_name\" content=\"Il Notiziario\" \/>\n<meta property=\"article:publisher\" content=\"https:\/\/www.facebook.com\/ilnotiziarioind\/\" \/>\n<meta property=\"article:published_time\" content=\"2023-06-28T07:35:07+00:00\" \/>\n<meta property=\"og:image\" content=\"https:\/\/www.ilnotiziario.net\/wp\/wp-content\/uploads\/2023\/06\/ceriano-tennis.jpg\" \/>\n\t<meta property=\"og:image:width\" content=\"1320\" \/>\n\t<meta property=\"og:image:height\" content=\"863\" \/>\n\t<meta property=\"og:image:type\" content=\"image\/jpeg\" \/>\n<meta name=\"author\" content=\"Gabriele Bassani\" \/>\n<meta name=\"twitter:card\" content=\"summary_large_image\" \/>\n<meta name=\"twitter:creator\" content=\"@ilNotiziarioInd\" \/>\n<meta name=\"twitter:site\" content=\"@ilNotiziarioInd\" \/>\n<meta name=\"twitter:label1\" content=\"Scritto da\" \/>\n\t<meta name=\"twitter:data1\" content=\"Gabriele Bassani\" \/>\n\t<meta name=\"twitter:label2\" content=\"Tempo di lettura stimato\" \/>\n\t<meta name=\"twitter:data2\" content=\"2 minuti\" \/>\n<script type=\"application\/ld+json\" class=\"yoast-schema-graph\">{\"@context\":\"https:\\\/\\\/schema.org\",\"@graph\":[{\"@type\":\"Article\",\"@id\":\"https:\\\/\\\/www.ilnotiziario.net\\\/wp\\\/sport\\\/tennis-ceriano-b1\\\/#article\",\"isPartOf\":{\"@id\":\"https:\\\/\\\/www.ilnotiziario.net\\\/wp\\\/sport\\\/tennis-ceriano-b1\\\/\"},\"author\":{\"name\":\"Gabriele Bassani\",\"@id\":\"https:\\\/\\\/www.ilnotiziario.net\\\/wp\\\/#\\\/schema\\\/person\\\/386e222908f898bb41c033989482bbf2\"},\"headline\":\"Tennis Ceriano a Verona per giocarsi l&#8217;approdo in serie B1\",\"datePublished\":\"2023-06-28T07:35:07+00:00\",\"mainEntityOfPage\":{\"@id\":\"https:\\\/\\\/www.ilnotiziario.net\\\/wp\\\/sport\\\/tennis-ceriano-b1\\\/\"},\"wordCount\":335,\"publisher\":{\"@id\":\"https:\\\/\\\/www.ilnotiziario.net\\\/wp\\\/#organization\"},\"image\":{\"@id\":\"https:\\\/\\\/www.ilnotiziario.net\\\/wp\\\/sport\\\/tennis-ceriano-b1\\\/#primaryimage\"},\"thumbnailUrl\":\"https:\\\/\\\/www.ilnotiziario.net\\\/wp\\\/wp-content\\\/uploads\\\/2023\\\/06\\\/ceriano-tennis.jpg\",\"keywords\":[\"at verona\",\"Ceriano\",\"club tennis ceriano\",\"serie b1 tennis\",\"tennis ceriano\"],\"articleSection\":[\"BRIANZA\",\"Prima Pagina\",\"SPORT\"],\"inLanguage\":\"it-IT\"},{\"@type\":\"WebPage\",\"@id\":\"https:\\\/\\\/www.ilnotiziario.net\\\/wp\\\/sport\\\/tennis-ceriano-b1\\\/\",\"url\":\"https:\\\/\\\/www.ilnotiziario.net\\\/wp\\\/sport\\\/tennis-ceriano-b1\\\/\",\"name\":\"Tennis Ceriano a Verona per la serie B1 - Il Notiziario\",\"isPartOf\":{\"@id\":\"https:\\\/\\\/www.ilnotiziario.net\\\/wp\\\/#website\"},\"primaryImageOfPage\":{\"@id\":\"https:\\\/\\\/www.ilnotiziario.net\\\/wp\\\/sport\\\/tennis-ceriano-b1\\\/#primaryimage\"},\"image\":{\"@id\":\"https:\\\/\\\/www.ilnotiziario.net\\\/wp\\\/sport\\\/tennis-ceriano-b1\\\/#primaryimage\"},\"thumbnailUrl\":\"https:\\\/\\\/www.ilnotiziario.net\\\/wp\\\/wp-content\\\/uploads\\\/2023\\\/06\\\/ceriano-tennis.jpg\",\"datePublished\":\"2023-06-28T07:35:07+00:00\",\"description\":\"Il Club tennis Ceriano sfida Verona ai playoff per risalire in serie B1: sfida decisiva nel fine settimana in terra veneta\",\"breadcrumb\":{\"@id\":\"https:\\\/\\\/www.ilnotiziario.net\\\/wp\\\/sport\\\/tennis-ceriano-b1\\\/#breadcrumb\"},\"inLanguage\":\"it-IT\",\"potentialAction\":[{\"@type\":\"ReadAction\",\"target\":[\"https:\\\/\\\/www.ilnotiziario.net\\\/wp\\\/sport\\\/tennis-ceriano-b1\\\/\"]}]},{\"@type\":\"ImageObject\",\"inLanguage\":\"it-IT\",\"@id\":\"https:\\\/\\\/www.ilnotiziario.net\\\/wp\\\/sport\\\/tennis-ceriano-b1\\\/#primaryimage\",\"url\":\"https:\\\/\\\/www.ilnotiziario.net\\\/wp\\\/wp-content\\\/uploads\\\/2023\\\/06\\\/ceriano-tennis.jpg\",\"contentUrl\":\"https:\\\/\\\/www.ilnotiziario.net\\\/wp\\\/wp-content\\\/uploads\\\/2023\\\/06\\\/ceriano-tennis.jpg\",\"width\":1320,\"height\":863},{\"@type\":\"BreadcrumbList\",\"@id\":\"https:\\\/\\\/www.ilnotiziario.net\\\/wp\\\/sport\\\/tennis-ceriano-b1\\\/#breadcrumb\",\"itemListElement\":[{\"@type\":\"ListItem\",\"position\":1,\"name\":\"tds_text_logo_tagline_colortds_text_logo_tagline_colortds_text_logo_tagline_colortds_text_logo_tagline_colortd_module_7_title_excerpttd_module_7_title_excerpttd_module_7_title_excerpttd_module_7_title_excerptHome\",\"item\":\"https:\\\/\\\/www.ilnotiziario.net\\\/wp\\\/\"},{\"@type\":\"ListItem\",\"position\":2,\"name\":\"Tennis Ceriano a Verona per giocarsi l&#8217;approdo in serie B1\"}]},{\"@type\":\"WebSite\",\"@id\":\"https:\\\/\\\/www.ilnotiziario.net\\\/wp\\\/#website\",\"url\":\"https:\\\/\\\/www.ilnotiziario.net\\\/wp\\\/\",\"name\":\"Il Notiziario\",\"description\":\"Per restare sempre connessi alla notizia\",\"publisher\":{\"@id\":\"https:\\\/\\\/www.ilnotiziario.net\\\/wp\\\/#organization\"},\"alternateName\":\"Il Notiziario Bollate\",\"potentialAction\":[{\"@type\":\"SearchAction\",\"target\":{\"@type\":\"EntryPoint\",\"urlTemplate\":\"https:\\\/\\\/www.ilnotiziario.net\\\/wp\\\/?s={search_term_string}\"},\"query-input\":{\"@type\":\"PropertyValueSpecification\",\"valueRequired\":true,\"valueName\":\"search_term_string\"}}],\"inLanguage\":\"it-IT\"},{\"@type\":\"Organization\",\"@id\":\"https:\\\/\\\/www.ilnotiziario.net\\\/wp\\\/#organization\",\"name\":\"Il Notiziario\",\"url\":\"https:\\\/\\\/www.ilnotiziario.net\\\/wp\\\/\",\"logo\":{\"@type\":\"ImageObject\",\"inLanguage\":\"it-IT\",\"@id\":\"https:\\\/\\\/www.ilnotiziario.net\\\/wp\\\/#\\\/schema\\\/logo\\\/image\\\/\",\"url\":\"https:\\\/\\\/www.ilnotiziario.net\\\/wp\\\/wp-content\\\/uploads\\\/2022\\\/06\\\/170x170ilN.png\",\"contentUrl\":\"https:\\\/\\\/www.ilnotiziario.net\\\/wp\\\/wp-content\\\/uploads\\\/2022\\\/06\\\/170x170ilN.png\",\"width\":355,\"height\":355,\"caption\":\"Il Notiziario\"},\"image\":{\"@id\":\"https:\\\/\\\/www.ilnotiziario.net\\\/wp\\\/#\\\/schema\\\/logo\\\/image\\\/\"},\"sameAs\":[\"https:\\\/\\\/www.facebook.com\\\/ilnotiziarioind\\\/\",\"https:\\\/\\\/x.com\\\/ilNotiziarioInd\",\"https:\\\/\\\/www.instagram.com\\\/ilnotiziario_settimanale\\\/\"]},{\"@type\":\"Person\",\"@id\":\"https:\\\/\\\/www.ilnotiziario.net\\\/wp\\\/#\\\/schema\\\/person\\\/386e222908f898bb41c033989482bbf2\",\"name\":\"Gabriele Bassani\",\"image\":{\"@type\":\"ImageObject\",\"inLanguage\":\"it-IT\",\"@id\":\"https:\\\/\\\/secure.gravatar.com\\\/avatar\\\/09274f4a84fa97698bde56f84b3afed61c8492d48b0550db9671b68c177479cb?s=96&d=mm&r=g\",\"url\":\"https:\\\/\\\/secure.gravatar.com\\\/avatar\\\/09274f4a84fa97698bde56f84b3afed61c8492d48b0550db9671b68c177479cb?s=96&d=mm&r=g\",\"contentUrl\":\"https:\\\/\\\/secure.gravatar.com\\\/avatar\\\/09274f4a84fa97698bde56f84b3afed61c8492d48b0550db9671b68c177479cb?s=96&d=mm&r=g\",\"caption\":\"Gabriele Bassani\"},\"sameAs\":[\"http:\\\/\\\/www.ilnotiziario.net\"]}]}<\/script>\n<!-- \/ Yoast SEO plugin. -->","yoast_head_json":{"title":"Tennis Ceriano a Verona per la serie B1 - Il Notiziario","description":"Il Club tennis Ceriano sfida Verona ai playoff per risalire in serie B1: sfida decisiva nel fine settimana in terra veneta","robots":{"index":"index","follow":"follow","max-snippet":"max-snippet:-1","max-image-preview":"max-image-preview:large","max-video-preview":"max-video-preview:-1"},"canonical":"https:\/\/www.ilnotiziario.net\/wp\/sport\/tennis-ceriano-b1\/","og_locale":"it_IT","og_type":"article","og_title":"Tennis Ceriano a Verona per la serie B1 - Il Notiziario","og_description":"Il Club tennis Ceriano sfida Verona ai playoff per risalire in serie B1: sfida decisiva nel fine settimana in terra veneta","og_url":"https:\/\/www.ilnotiziario.net\/wp\/sport\/tennis-ceriano-b1\/","og_site_name":"Il Notiziario","article_publisher":"https:\/\/www.facebook.com\/ilnotiziarioind\/","article_published_time":"2023-06-28T07:35:07+00:00","og_image":[{"width":1320,"height":863,"url":"https:\/\/www.ilnotiziario.net\/wp\/wp-content\/uploads\/2023\/06\/ceriano-tennis.jpg","type":"image\/jpeg"}],"author":"Gabriele Bassani","twitter_card":"summary_large_image","twitter_creator":"@ilNotiziarioInd","twitter_site":"@ilNotiziarioInd","twitter_misc":{"Scritto da":"Gabriele Bassani","Tempo di lettura stimato":"2 minuti"},"schema":{"@context":"https:\/\/schema.org","@graph":[{"@type":"Article","@id":"https:\/\/www.ilnotiziario.net\/wp\/sport\/tennis-ceriano-b1\/#article","isPartOf":{"@id":"https:\/\/www.ilnotiziario.net\/wp\/sport\/tennis-ceriano-b1\/"},"author":{"name":"Gabriele Bassani","@id":"https:\/\/www.ilnotiziario.net\/wp\/#\/schema\/person\/386e222908f898bb41c033989482bbf2"},"headline":"Tennis Ceriano a Verona per giocarsi l&#8217;approdo in serie B1","datePublished":"2023-06-28T07:35:07+00:00","mainEntityOfPage":{"@id":"https:\/\/www.ilnotiziario.net\/wp\/sport\/tennis-ceriano-b1\/"},"wordCount":335,"publisher":{"@id":"https:\/\/www.ilnotiziario.net\/wp\/#organization"},"image":{"@id":"https:\/\/www.ilnotiziario.net\/wp\/sport\/tennis-ceriano-b1\/#primaryimage"},"thumbnailUrl":"https:\/\/www.ilnotiziario.net\/wp\/wp-content\/uploads\/2023\/06\/ceriano-tennis.jpg","keywords":["at verona","Ceriano","club tennis ceriano","serie b1 tennis","tennis ceriano"],"articleSection":["BRIANZA","Prima Pagina","SPORT"],"inLanguage":"it-IT"},{"@type":"WebPage","@id":"https:\/\/www.ilnotiziario.net\/wp\/sport\/tennis-ceriano-b1\/","url":"https:\/\/www.ilnotiziario.net\/wp\/sport\/tennis-ceriano-b1\/","name":"Tennis Ceriano a Verona per la serie B1 - Il Notiziario","isPartOf":{"@id":"https:\/\/www.ilnotiziario.net\/wp\/#website"},"primaryImageOfPage":{"@id":"https:\/\/www.ilnotiziario.net\/wp\/sport\/tennis-ceriano-b1\/#primaryimage"},"image":{"@id":"https:\/\/www.ilnotiziario.net\/wp\/sport\/tennis-ceriano-b1\/#primaryimage"},"thumbnailUrl":"https:\/\/www.ilnotiziario.net\/wp\/wp-content\/uploads\/2023\/06\/ceriano-tennis.jpg","datePublished":"2023-06-28T07:35:07+00:00","description":"Il Club tennis Ceriano sfida Verona ai playoff per risalire in serie B1: sfida decisiva nel fine settimana in terra veneta","breadcrumb":{"@id":"https:\/\/www.ilnotiziario.net\/wp\/sport\/tennis-ceriano-b1\/#breadcrumb"},"inLanguage":"it-IT","potentialAction":[{"@type":"ReadAction","target":["https:\/\/www.ilnotiziario.net\/wp\/sport\/tennis-ceriano-b1\/"]}]},{"@type":"ImageObject","inLanguage":"it-IT","@id":"https:\/\/www.ilnotiziario.net\/wp\/sport\/tennis-ceriano-b1\/#primaryimage","url":"https:\/\/www.ilnotiziario.net\/wp\/wp-content\/uploads\/2023\/06\/ceriano-tennis.jpg","contentUrl":"https:\/\/www.ilnotiziario.net\/wp\/wp-content\/uploads\/2023\/06\/ceriano-tennis.jpg","width":1320,"height":863},{"@type":"BreadcrumbList","@id":"https:\/\/www.ilnotiziario.net\/wp\/sport\/tennis-ceriano-b1\/#breadcrumb","itemListElement":[{"@type":"ListItem","position":1,"name":"tds_text_logo_tagline_colortds_text_logo_tagline_colortds_text_logo_tagline_colortds_text_logo_tagline_colortd_module_7_title_excerpttd_module_7_title_excerpttd_module_7_title_excerpttd_module_7_title_excerptHome","item":"https:\/\/www.ilnotiziario.net\/wp\/"},{"@type":"ListItem","position":2,"name":"Tennis Ceriano a Verona per giocarsi l&#8217;approdo in serie B1"}]},{"@type":"WebSite","@id":"https:\/\/www.ilnotiziario.net\/wp\/#website","url":"https:\/\/www.ilnotiziario.net\/wp\/","name":"Il Notiziario","description":"Per restare sempre connessi alla notizia","publisher":{"@id":"https:\/\/www.ilnotiziario.net\/wp\/#organization"},"alternateName":"Il Notiziario Bollate","potentialAction":[{"@type":"SearchAction","target":{"@type":"EntryPoint","urlTemplate":"https:\/\/www.ilnotiziario.net\/wp\/?s={search_term_string}"},"query-input":{"@type":"PropertyValueSpecification","valueRequired":true,"valueName":"search_term_string"}}],"inLanguage":"it-IT"},{"@type":"Organization","@id":"https:\/\/www.ilnotiziario.net\/wp\/#organization","name":"Il Notiziario","url":"https:\/\/www.ilnotiziario.net\/wp\/","logo":{"@type":"ImageObject","inLanguage":"it-IT","@id":"https:\/\/www.ilnotiziario.net\/wp\/#\/schema\/logo\/image\/","url":"https:\/\/www.ilnotiziario.net\/wp\/wp-content\/uploads\/2022\/06\/170x170ilN.png","contentUrl":"https:\/\/www.ilnotiziario.net\/wp\/wp-content\/uploads\/2022\/06\/170x170ilN.png","width":355,"height":355,"caption":"Il Notiziario"},"image":{"@id":"https:\/\/www.ilnotiziario.net\/wp\/#\/schema\/logo\/image\/"},"sameAs":["https:\/\/www.facebook.com\/ilnotiziarioind\/","https:\/\/x.com\/ilNotiziarioInd","https:\/\/www.instagram.com\/ilnotiziario_settimanale\/"]},{"@type":"Person","@id":"https:\/\/www.ilnotiziario.net\/wp\/#\/schema\/person\/386e222908f898bb41c033989482bbf2","name":"Gabriele Bassani","image":{"@type":"ImageObject","inLanguage":"it-IT","@id":"https:\/\/secure.gravatar.com\/avatar\/09274f4a84fa97698bde56f84b3afed61c8492d48b0550db9671b68c177479cb?s=96&d=mm&r=g","url":"https:\/\/secure.gravatar.com\/avatar\/09274f4a84fa97698bde56f84b3afed61c8492d48b0550db9671b68c177479cb?s=96&d=mm&r=g","contentUrl":"https:\/\/secure.gravatar.com\/avatar\/09274f4a84fa97698bde56f84b3afed61c8492d48b0550db9671b68c177479cb?s=96&d=mm&r=g","caption":"Gabriele Bassani"},"sameAs":["http:\/\/www.ilnotiziario.net"]}]}},"_links":{"self":[{"href":"https:\/\/www.ilnotiziario.net\/wp\/wp-json\/wp\/v2\/posts\/184732","targetHints":{"allow":["GET"]}}],"collection":[{"href":"https:\/\/www.ilnotiziario.net\/wp\/wp-json\/wp\/v2\/posts"}],"about":[{"href":"https:\/\/www.ilnotiziario.net\/wp\/wp-json\/wp\/v2\/types\/post"}],"author":[{"embeddable":true,"href":"https:\/\/www.ilnotiziario.net\/wp\/wp-json\/wp\/v2\/users\/3"}],"replies":[{"embeddable":true,"href":"https:\/\/www.ilnotiziario.net\/wp\/wp-json\/wp\/v2\/comments?post=184732"}],"version-history":[{"count":0,"href":"https:\/\/www.ilnotiziario.net\/wp\/wp-json\/wp\/v2\/posts\/184732\/revisions"}],"wp:featuredmedia":[{"embeddable":true,"href":"https:\/\/www.ilnotiziario.net\/wp\/wp-json\/wp\/v2\/media\/184734"}],"wp:attachment":[{"href":"https:\/\/www.ilnotiziario.net\/wp\/wp-json\/wp\/v2\/media?parent=184732"}],"wp:term":[{"taxonomy":"category","embeddable":true,"href":"https:\/\/www.ilnotiziario.net\/wp\/wp-json\/wp\/v2\/categories?post=184732"},{"taxonomy":"post_tag","embeddable":true,"href":"https:\/\/www.ilnotiziario.net\/wp\/wp-json\/wp\/v2\/tags?post=184732"}],"curies":[{"name":"wp","href":"https:\/\/api.w.org\/{rel}","templated":true}]}}