{"id":185001,"date":"2023-07-04T09:03:43","date_gmt":"2023-07-04T07:03:43","guid":{"rendered":"https:\/\/www.ilnotiziario.net\/wp\/?p=185001"},"modified":"2023-07-04T09:07:44","modified_gmt":"2023-07-04T07:07:44","slug":"neve-grandine-temporale-cantu","status":"publish","type":"post","link":"https:\/\/www.ilnotiziario.net\/wp\/lombardia\/neve-grandine-temporale-cantu\/","title":{"rendered":"Sembra neve ma \u00e8 grandine, danni da temporale nella zona di Cant\u00f9"},"content":{"rendered":"<p>Una distesa bianca che sembra neve ma \u00e8 grandine: \u00e8 il risultato del violento temporale che si \u00e8 scatenato all\u2019alba di oggi nella zona del Canturino. Sono una cinquantina gli interventi di soccorso tecnico urgente effettuati dai Vigili del fuoco del comando di Como a partire dalle ore 5 di oggi per le avverse condizioni meteo che hanno interessato la fascia di comuni nell&#8217;area prevalentemente nel Canturino.<\/p><div id=\"ilnot-4210687562\" class=\"ilnot-contenuto ilnot-entity-placement\"><p><!-- incontent_1 --><\/p>\n<div class=\"gptslot\" data-adunitid=\"1\"><\/div>\n<\/div>\n<div id='gallery-1' class='gallery galleryid-185001 gallery-columns-3 gallery-size-full'><figure class='gallery-item'>\n\t\t\t<div class='gallery-icon landscape'>\n\t\t\t\t<a href='https:\/\/www.ilnotiziario.net\/wp\/lombardia\/neve-grandine-temporale-cantu\/attachment\/grandine-cantu1\/'><img fetchpriority=\"high\" decoding=\"async\" width=\"1600\" height=\"1007\" src=\"https:\/\/www.ilnotiziario.net\/wp\/wp-content\/uploads\/2023\/07\/grandine-cantu1.jpg\" class=\"attachment-full size-full\" alt=\"neve grandine cant\u00f9\" srcset=\"https:\/\/www.ilnotiziario.net\/wp\/wp-content\/uploads\/2023\/07\/grandine-cantu1.jpg 1600w, https:\/\/www.ilnotiziario.net\/wp\/wp-content\/uploads\/2023\/07\/grandine-cantu1-300x189.jpg 300w, https:\/\/www.ilnotiziario.net\/wp\/wp-content\/uploads\/2023\/07\/grandine-cantu1-1024x644.jpg 1024w, https:\/\/www.ilnotiziario.net\/wp\/wp-content\/uploads\/2023\/07\/grandine-cantu1-768x483.jpg 768w, https:\/\/www.ilnotiziario.net\/wp\/wp-content\/uploads\/2023\/07\/grandine-cantu1-1536x967.jpg 1536w, https:\/\/www.ilnotiziario.net\/wp\/wp-content\/uploads\/2023\/07\/grandine-cantu1-150x94.jpg 150w, https:\/\/www.ilnotiziario.net\/wp\/wp-content\/uploads\/2023\/07\/grandine-cantu1-450x283.jpg 450w, https:\/\/www.ilnotiziario.net\/wp\/wp-content\/uploads\/2023\/07\/grandine-cantu1-1200x755.jpg 1200w\" sizes=\"(max-width: 1600px) 100vw, 1600px\" \/><\/a>\n\t\t\t<\/div><\/figure><figure class='gallery-item'>\n\t\t\t<div class='gallery-icon landscape'>\n\t\t\t\t<a href='https:\/\/www.ilnotiziario.net\/wp\/lombardia\/neve-grandine-temporale-cantu\/attachment\/grandine-cantu-2\/'><img decoding=\"async\" width=\"854\" height=\"469\" src=\"https:\/\/www.ilnotiziario.net\/wp\/wp-content\/uploads\/2023\/07\/grandine-cantu-2.jpg\" class=\"attachment-full size-full\" alt=\"\" srcset=\"https:\/\/www.ilnotiziario.net\/wp\/wp-content\/uploads\/2023\/07\/grandine-cantu-2.jpg 854w, https:\/\/www.ilnotiziario.net\/wp\/wp-content\/uploads\/2023\/07\/grandine-cantu-2-300x165.jpg 300w, https:\/\/www.ilnotiziario.net\/wp\/wp-content\/uploads\/2023\/07\/grandine-cantu-2-768x422.jpg 768w, https:\/\/www.ilnotiziario.net\/wp\/wp-content\/uploads\/2023\/07\/grandine-cantu-2-150x82.jpg 150w, https:\/\/www.ilnotiziario.net\/wp\/wp-content\/uploads\/2023\/07\/grandine-cantu-2-450x247.jpg 450w\" sizes=\"(max-width: 854px) 100vw, 854px\" \/><\/a>\n\t\t\t<\/div><\/figure>\n\t\t<\/div>\n\n<p>Arosio, Senna Comasco, Carugo, Capiago Intimiano sono i comuni pi\u00f9 colpiti da allagamenti, danni da grandine, cadute di alberi.<\/p>\n<p>Almeno altre 50 richieste di intervento sono ancora da evadere nelle prossime ore. Non si segnalano feriti.<\/p><div id=\"ilnot-2130902560\" class=\"ilnot-contenuto_2 ilnot-entity-placement\"><div class=\"ads-wrapper\">\n<div class=\"ad-slot\">\n   <div id=\"ilnot-3802745258\" style=\"margin-right: auto;margin-left: auto;text-align: center;width: 320px;height: 100px;\"><a href=\"https:\/\/www.scuolasicurezza.it\/\"><img decoding=\"async\" src=\"https:\/\/www.ilnotiziario.net\/wp\/wp-content\/uploads\/2026\/04\/IlNotiziario_banner-sito-e-newsletter-320-x-100-px-1.gif\" alt=\"\"><\/a><\/div>\n  <\/div>\n<div class=\"ad-slot\">\n   <div id=\"ilnot-2801479446\" style=\"margin-right: auto;margin-left: auto;text-align: center;width: 320px;height: 100px;\"><a href=\"https:\/\/purodesignarredamenti.com\/\"><img decoding=\"async\" src=\"https:\/\/www.ilnotiziario.net\/wp\/wp-content\/uploads\/2026\/04\/banner-puro-ok.gif\" alt=\"whatsapp\"><\/a><\/div><\/p><\/div>\n<\/div>\n<\/div>\n","protected":false},"excerpt":{"rendered":"<p>Una distesa bianca che sembra neve ma \u00e8 grandine: \u00e8 il risultato del violento temporale che si \u00e8 scatenato all\u2019alba di oggi nella zona del Canturino. Sono una cinquantina gli interventi di soccorso tecnico urgente effettuati dai Vigili del fuoco del comando di Como a partire dalle ore 5 di oggi per le avverse condizioni<\/p>\n","protected":false},"author":3,"featured_media":185003,"comment_status":"closed","ping_status":"closed","sticky":false,"template":"","format":"gallery","meta":{"footnotes":""},"categories":[3464,20],"tags":[15290,4087,4775,2506,4776,2132],"class_list":{"0":"post-185001","1":"post","2":"type-post","3":"status-publish","4":"format-gallery","5":"has-post-thumbnail","7":"category-lombardia","8":"category-prima-pagina","9":"tag-arosio","10":"tag-cantu","11":"tag-capiago","12":"tag-grandine","13":"tag-intimiano","14":"tag-neve","15":"post_format-post-format-gallery"},"yoast_head":"<!-- This site is optimized with the Yoast SEO plugin v27.4 - https:\/\/yoast.com\/product\/yoast-seo-wordpress\/ -->\n<title>Sembra neve ma \u00e8 grandine, danni da temporale nella zona di Cant\u00f9 - Il Notiziario<\/title>\n<meta name=\"description\" content=\"Una distesa bianca che sembra neve ma \u00e8 grandine: \u00e8 il risultato del violento temporale che si \u00e8 scatenato all\u2019alba di oggi nella zona del Canturino. Sono\" \/>\n<meta name=\"robots\" content=\"index, follow, max-snippet:-1, max-image-preview:large, max-video-preview:-1\" \/>\n<link rel=\"canonical\" href=\"https:\/\/www.ilnotiziario.net\/wp\/lombardia\/neve-grandine-temporale-cantu\/\" \/>\n<meta property=\"og:locale\" content=\"it_IT\" \/>\n<meta property=\"og:type\" content=\"article\" \/>\n<meta property=\"og:title\" content=\"Sembra neve ma \u00e8 grandine, danni da temporale nella zona di Cant\u00f9 - Il Notiziario\" \/>\n<meta property=\"og:description\" content=\"Una distesa bianca che sembra neve ma \u00e8 grandine: \u00e8 il risultato del violento temporale che si \u00e8 scatenato all\u2019alba di oggi nella zona del Canturino. Sono\" \/>\n<meta property=\"og:url\" content=\"https:\/\/www.ilnotiziario.net\/wp\/lombardia\/neve-grandine-temporale-cantu\/\" \/>\n<meta property=\"og:site_name\" content=\"Il Notiziario\" \/>\n<meta property=\"article:publisher\" content=\"https:\/\/www.facebook.com\/ilnotiziarioind\/\" \/>\n<meta property=\"article:published_time\" content=\"2023-07-04T07:03:43+00:00\" \/>\n<meta property=\"article:modified_time\" content=\"2023-07-04T07:07:44+00:00\" \/>\n<meta property=\"og:image\" content=\"https:\/\/www.ilnotiziario.net\/wp\/wp-content\/uploads\/2023\/07\/grandine-cantu1.jpg\" \/>\n\t<meta property=\"og:image:width\" content=\"1600\" \/>\n\t<meta property=\"og:image:height\" content=\"1007\" \/>\n\t<meta property=\"og:image:type\" content=\"image\/jpeg\" \/>\n<meta name=\"author\" content=\"Gabriele Bassani\" \/>\n<meta name=\"twitter:card\" content=\"summary_large_image\" \/>\n<meta name=\"twitter:creator\" content=\"@ilNotiziarioInd\" \/>\n<meta name=\"twitter:site\" content=\"@ilNotiziarioInd\" \/>\n<meta name=\"twitter:label1\" content=\"Scritto da\" \/>\n\t<meta name=\"twitter:data1\" content=\"Gabriele Bassani\" \/>\n\t<meta name=\"twitter:label2\" content=\"Tempo di lettura stimato\" \/>\n\t<meta name=\"twitter:data2\" content=\"1 minuto\" \/>\n<script type=\"application\/ld+json\" class=\"yoast-schema-graph\">{\"@context\":\"https:\\\/\\\/schema.org\",\"@graph\":[{\"@type\":\"Article\",\"@id\":\"https:\\\/\\\/www.ilnotiziario.net\\\/wp\\\/lombardia\\\/neve-grandine-temporale-cantu\\\/#article\",\"isPartOf\":{\"@id\":\"https:\\\/\\\/www.ilnotiziario.net\\\/wp\\\/lombardia\\\/neve-grandine-temporale-cantu\\\/\"},\"author\":{\"name\":\"Gabriele Bassani\",\"@id\":\"https:\\\/\\\/www.ilnotiziario.net\\\/wp\\\/#\\\/schema\\\/person\\\/386e222908f898bb41c033989482bbf2\"},\"headline\":\"Sembra neve ma \u00e8 grandine, danni da temporale nella zona di Cant\u00f9\",\"datePublished\":\"2023-07-04T07:03:43+00:00\",\"dateModified\":\"2023-07-04T07:07:44+00:00\",\"mainEntityOfPage\":{\"@id\":\"https:\\\/\\\/www.ilnotiziario.net\\\/wp\\\/lombardia\\\/neve-grandine-temporale-cantu\\\/\"},\"wordCount\":115,\"publisher\":{\"@id\":\"https:\\\/\\\/www.ilnotiziario.net\\\/wp\\\/#organization\"},\"image\":{\"@id\":\"https:\\\/\\\/www.ilnotiziario.net\\\/wp\\\/lombardia\\\/neve-grandine-temporale-cantu\\\/#primaryimage\"},\"thumbnailUrl\":\"https:\\\/\\\/www.ilnotiziario.net\\\/wp\\\/wp-content\\\/uploads\\\/2023\\\/07\\\/grandine-cantu1.jpg\",\"keywords\":[\"Arosio\",\"Cant\u00f9\",\"Capiago\",\"grandine\",\"Intimiano\",\"Neve\"],\"articleSection\":[\"CRONACA\",\"Prima Pagina\"],\"inLanguage\":\"it-IT\"},{\"@type\":\"WebPage\",\"@id\":\"https:\\\/\\\/www.ilnotiziario.net\\\/wp\\\/lombardia\\\/neve-grandine-temporale-cantu\\\/\",\"url\":\"https:\\\/\\\/www.ilnotiziario.net\\\/wp\\\/lombardia\\\/neve-grandine-temporale-cantu\\\/\",\"name\":\"Sembra neve ma \u00e8 grandine, danni da temporale nella zona di Cant\u00f9 - Il Notiziario\",\"isPartOf\":{\"@id\":\"https:\\\/\\\/www.ilnotiziario.net\\\/wp\\\/#website\"},\"primaryImageOfPage\":{\"@id\":\"https:\\\/\\\/www.ilnotiziario.net\\\/wp\\\/lombardia\\\/neve-grandine-temporale-cantu\\\/#primaryimage\"},\"image\":{\"@id\":\"https:\\\/\\\/www.ilnotiziario.net\\\/wp\\\/lombardia\\\/neve-grandine-temporale-cantu\\\/#primaryimage\"},\"thumbnailUrl\":\"https:\\\/\\\/www.ilnotiziario.net\\\/wp\\\/wp-content\\\/uploads\\\/2023\\\/07\\\/grandine-cantu1.jpg\",\"datePublished\":\"2023-07-04T07:03:43+00:00\",\"dateModified\":\"2023-07-04T07:07:44+00:00\",\"description\":\"Una distesa bianca che sembra neve ma \u00e8 grandine: \u00e8 il risultato del violento temporale che si \u00e8 scatenato all\u2019alba di oggi nella zona del Canturino. Sono\",\"breadcrumb\":{\"@id\":\"https:\\\/\\\/www.ilnotiziario.net\\\/wp\\\/lombardia\\\/neve-grandine-temporale-cantu\\\/#breadcrumb\"},\"inLanguage\":\"it-IT\",\"potentialAction\":[{\"@type\":\"ReadAction\",\"target\":[\"https:\\\/\\\/www.ilnotiziario.net\\\/wp\\\/lombardia\\\/neve-grandine-temporale-cantu\\\/\"]}]},{\"@type\":\"ImageObject\",\"inLanguage\":\"it-IT\",\"@id\":\"https:\\\/\\\/www.ilnotiziario.net\\\/wp\\\/lombardia\\\/neve-grandine-temporale-cantu\\\/#primaryimage\",\"url\":\"https:\\\/\\\/www.ilnotiziario.net\\\/wp\\\/wp-content\\\/uploads\\\/2023\\\/07\\\/grandine-cantu1.jpg\",\"contentUrl\":\"https:\\\/\\\/www.ilnotiziario.net\\\/wp\\\/wp-content\\\/uploads\\\/2023\\\/07\\\/grandine-cantu1.jpg\",\"width\":1600,\"height\":1007,\"caption\":\"neve grandine cant\u00f9\"},{\"@type\":\"BreadcrumbList\",\"@id\":\"https:\\\/\\\/www.ilnotiziario.net\\\/wp\\\/lombardia\\\/neve-grandine-temporale-cantu\\\/#breadcrumb\",\"itemListElement\":[{\"@type\":\"ListItem\",\"position\":1,\"name\":\"tds_text_logo_tagline_colortds_text_logo_tagline_colortds_text_logo_tagline_colortds_text_logo_tagline_colortd_module_7_title_excerpttd_module_7_title_excerpttd_module_7_title_excerpttd_module_7_title_excerptHome\",\"item\":\"https:\\\/\\\/www.ilnotiziario.net\\\/wp\\\/\"},{\"@type\":\"ListItem\",\"position\":2,\"name\":\"Sembra neve ma \u00e8 grandine, danni da temporale nella zona di Cant\u00f9\"}]},{\"@type\":\"WebSite\",\"@id\":\"https:\\\/\\\/www.ilnotiziario.net\\\/wp\\\/#website\",\"url\":\"https:\\\/\\\/www.ilnotiziario.net\\\/wp\\\/\",\"name\":\"Il Notiziario\",\"description\":\"Per restare sempre connessi alla notizia\",\"publisher\":{\"@id\":\"https:\\\/\\\/www.ilnotiziario.net\\\/wp\\\/#organization\"},\"alternateName\":\"Il Notiziario Bollate\",\"potentialAction\":[{\"@type\":\"SearchAction\",\"target\":{\"@type\":\"EntryPoint\",\"urlTemplate\":\"https:\\\/\\\/www.ilnotiziario.net\\\/wp\\\/?s={search_term_string}\"},\"query-input\":{\"@type\":\"PropertyValueSpecification\",\"valueRequired\":true,\"valueName\":\"search_term_string\"}}],\"inLanguage\":\"it-IT\"},{\"@type\":\"Organization\",\"@id\":\"https:\\\/\\\/www.ilnotiziario.net\\\/wp\\\/#organization\",\"name\":\"Il Notiziario\",\"url\":\"https:\\\/\\\/www.ilnotiziario.net\\\/wp\\\/\",\"logo\":{\"@type\":\"ImageObject\",\"inLanguage\":\"it-IT\",\"@id\":\"https:\\\/\\\/www.ilnotiziario.net\\\/wp\\\/#\\\/schema\\\/logo\\\/image\\\/\",\"url\":\"https:\\\/\\\/www.ilnotiziario.net\\\/wp\\\/wp-content\\\/uploads\\\/2022\\\/06\\\/170x170ilN.png\",\"contentUrl\":\"https:\\\/\\\/www.ilnotiziario.net\\\/wp\\\/wp-content\\\/uploads\\\/2022\\\/06\\\/170x170ilN.png\",\"width\":355,\"height\":355,\"caption\":\"Il Notiziario\"},\"image\":{\"@id\":\"https:\\\/\\\/www.ilnotiziario.net\\\/wp\\\/#\\\/schema\\\/logo\\\/image\\\/\"},\"sameAs\":[\"https:\\\/\\\/www.facebook.com\\\/ilnotiziarioind\\\/\",\"https:\\\/\\\/x.com\\\/ilNotiziarioInd\",\"https:\\\/\\\/www.instagram.com\\\/ilnotiziario_settimanale\\\/\"]},{\"@type\":\"Person\",\"@id\":\"https:\\\/\\\/www.ilnotiziario.net\\\/wp\\\/#\\\/schema\\\/person\\\/386e222908f898bb41c033989482bbf2\",\"name\":\"Gabriele Bassani\",\"image\":{\"@type\":\"ImageObject\",\"inLanguage\":\"it-IT\",\"@id\":\"https:\\\/\\\/secure.gravatar.com\\\/avatar\\\/09274f4a84fa97698bde56f84b3afed61c8492d48b0550db9671b68c177479cb?s=96&d=mm&r=g\",\"url\":\"https:\\\/\\\/secure.gravatar.com\\\/avatar\\\/09274f4a84fa97698bde56f84b3afed61c8492d48b0550db9671b68c177479cb?s=96&d=mm&r=g\",\"contentUrl\":\"https:\\\/\\\/secure.gravatar.com\\\/avatar\\\/09274f4a84fa97698bde56f84b3afed61c8492d48b0550db9671b68c177479cb?s=96&d=mm&r=g\",\"caption\":\"Gabriele Bassani\"},\"sameAs\":[\"http:\\\/\\\/www.ilnotiziario.net\"]}]}<\/script>\n<!-- \/ Yoast SEO plugin. -->","yoast_head_json":{"title":"Sembra neve ma \u00e8 grandine, danni da temporale nella zona di Cant\u00f9 - Il Notiziario","description":"Una distesa bianca che sembra neve ma \u00e8 grandine: \u00e8 il risultato del violento temporale che si \u00e8 scatenato all\u2019alba di oggi nella zona del Canturino. Sono","robots":{"index":"index","follow":"follow","max-snippet":"max-snippet:-1","max-image-preview":"max-image-preview:large","max-video-preview":"max-video-preview:-1"},"canonical":"https:\/\/www.ilnotiziario.net\/wp\/lombardia\/neve-grandine-temporale-cantu\/","og_locale":"it_IT","og_type":"article","og_title":"Sembra neve ma \u00e8 grandine, danni da temporale nella zona di Cant\u00f9 - Il Notiziario","og_description":"Una distesa bianca che sembra neve ma \u00e8 grandine: \u00e8 il risultato del violento temporale che si \u00e8 scatenato all\u2019alba di oggi nella zona del Canturino. Sono","og_url":"https:\/\/www.ilnotiziario.net\/wp\/lombardia\/neve-grandine-temporale-cantu\/","og_site_name":"Il Notiziario","article_publisher":"https:\/\/www.facebook.com\/ilnotiziarioind\/","article_published_time":"2023-07-04T07:03:43+00:00","article_modified_time":"2023-07-04T07:07:44+00:00","og_image":[{"width":1600,"height":1007,"url":"https:\/\/www.ilnotiziario.net\/wp\/wp-content\/uploads\/2023\/07\/grandine-cantu1.jpg","type":"image\/jpeg"}],"author":"Gabriele Bassani","twitter_card":"summary_large_image","twitter_creator":"@ilNotiziarioInd","twitter_site":"@ilNotiziarioInd","twitter_misc":{"Scritto da":"Gabriele Bassani","Tempo di lettura stimato":"1 minuto"},"schema":{"@context":"https:\/\/schema.org","@graph":[{"@type":"Article","@id":"https:\/\/www.ilnotiziario.net\/wp\/lombardia\/neve-grandine-temporale-cantu\/#article","isPartOf":{"@id":"https:\/\/www.ilnotiziario.net\/wp\/lombardia\/neve-grandine-temporale-cantu\/"},"author":{"name":"Gabriele Bassani","@id":"https:\/\/www.ilnotiziario.net\/wp\/#\/schema\/person\/386e222908f898bb41c033989482bbf2"},"headline":"Sembra neve ma \u00e8 grandine, danni da temporale nella zona di Cant\u00f9","datePublished":"2023-07-04T07:03:43+00:00","dateModified":"2023-07-04T07:07:44+00:00","mainEntityOfPage":{"@id":"https:\/\/www.ilnotiziario.net\/wp\/lombardia\/neve-grandine-temporale-cantu\/"},"wordCount":115,"publisher":{"@id":"https:\/\/www.ilnotiziario.net\/wp\/#organization"},"image":{"@id":"https:\/\/www.ilnotiziario.net\/wp\/lombardia\/neve-grandine-temporale-cantu\/#primaryimage"},"thumbnailUrl":"https:\/\/www.ilnotiziario.net\/wp\/wp-content\/uploads\/2023\/07\/grandine-cantu1.jpg","keywords":["Arosio","Cant\u00f9","Capiago","grandine","Intimiano","Neve"],"articleSection":["CRONACA","Prima Pagina"],"inLanguage":"it-IT"},{"@type":"WebPage","@id":"https:\/\/www.ilnotiziario.net\/wp\/lombardia\/neve-grandine-temporale-cantu\/","url":"https:\/\/www.ilnotiziario.net\/wp\/lombardia\/neve-grandine-temporale-cantu\/","name":"Sembra neve ma \u00e8 grandine, danni da temporale nella zona di Cant\u00f9 - Il Notiziario","isPartOf":{"@id":"https:\/\/www.ilnotiziario.net\/wp\/#website"},"primaryImageOfPage":{"@id":"https:\/\/www.ilnotiziario.net\/wp\/lombardia\/neve-grandine-temporale-cantu\/#primaryimage"},"image":{"@id":"https:\/\/www.ilnotiziario.net\/wp\/lombardia\/neve-grandine-temporale-cantu\/#primaryimage"},"thumbnailUrl":"https:\/\/www.ilnotiziario.net\/wp\/wp-content\/uploads\/2023\/07\/grandine-cantu1.jpg","datePublished":"2023-07-04T07:03:43+00:00","dateModified":"2023-07-04T07:07:44+00:00","description":"Una distesa bianca che sembra neve ma \u00e8 grandine: \u00e8 il risultato del violento temporale che si \u00e8 scatenato all\u2019alba di oggi nella zona del Canturino. Sono","breadcrumb":{"@id":"https:\/\/www.ilnotiziario.net\/wp\/lombardia\/neve-grandine-temporale-cantu\/#breadcrumb"},"inLanguage":"it-IT","potentialAction":[{"@type":"ReadAction","target":["https:\/\/www.ilnotiziario.net\/wp\/lombardia\/neve-grandine-temporale-cantu\/"]}]},{"@type":"ImageObject","inLanguage":"it-IT","@id":"https:\/\/www.ilnotiziario.net\/wp\/lombardia\/neve-grandine-temporale-cantu\/#primaryimage","url":"https:\/\/www.ilnotiziario.net\/wp\/wp-content\/uploads\/2023\/07\/grandine-cantu1.jpg","contentUrl":"https:\/\/www.ilnotiziario.net\/wp\/wp-content\/uploads\/2023\/07\/grandine-cantu1.jpg","width":1600,"height":1007,"caption":"neve grandine cant\u00f9"},{"@type":"BreadcrumbList","@id":"https:\/\/www.ilnotiziario.net\/wp\/lombardia\/neve-grandine-temporale-cantu\/#breadcrumb","itemListElement":[{"@type":"ListItem","position":1,"name":"tds_text_logo_tagline_colortds_text_logo_tagline_colortds_text_logo_tagline_colortds_text_logo_tagline_colortd_module_7_title_excerpttd_module_7_title_excerpttd_module_7_title_excerpttd_module_7_title_excerptHome","item":"https:\/\/www.ilnotiziario.net\/wp\/"},{"@type":"ListItem","position":2,"name":"Sembra neve ma \u00e8 grandine, danni da temporale nella zona di Cant\u00f9"}]},{"@type":"WebSite","@id":"https:\/\/www.ilnotiziario.net\/wp\/#website","url":"https:\/\/www.ilnotiziario.net\/wp\/","name":"Il Notiziario","description":"Per restare sempre connessi alla notizia","publisher":{"@id":"https:\/\/www.ilnotiziario.net\/wp\/#organization"},"alternateName":"Il Notiziario Bollate","potentialAction":[{"@type":"SearchAction","target":{"@type":"EntryPoint","urlTemplate":"https:\/\/www.ilnotiziario.net\/wp\/?s={search_term_string}"},"query-input":{"@type":"PropertyValueSpecification","valueRequired":true,"valueName":"search_term_string"}}],"inLanguage":"it-IT"},{"@type":"Organization","@id":"https:\/\/www.ilnotiziario.net\/wp\/#organization","name":"Il Notiziario","url":"https:\/\/www.ilnotiziario.net\/wp\/","logo":{"@type":"ImageObject","inLanguage":"it-IT","@id":"https:\/\/www.ilnotiziario.net\/wp\/#\/schema\/logo\/image\/","url":"https:\/\/www.ilnotiziario.net\/wp\/wp-content\/uploads\/2022\/06\/170x170ilN.png","contentUrl":"https:\/\/www.ilnotiziario.net\/wp\/wp-content\/uploads\/2022\/06\/170x170ilN.png","width":355,"height":355,"caption":"Il Notiziario"},"image":{"@id":"https:\/\/www.ilnotiziario.net\/wp\/#\/schema\/logo\/image\/"},"sameAs":["https:\/\/www.facebook.com\/ilnotiziarioind\/","https:\/\/x.com\/ilNotiziarioInd","https:\/\/www.instagram.com\/ilnotiziario_settimanale\/"]},{"@type":"Person","@id":"https:\/\/www.ilnotiziario.net\/wp\/#\/schema\/person\/386e222908f898bb41c033989482bbf2","name":"Gabriele Bassani","image":{"@type":"ImageObject","inLanguage":"it-IT","@id":"https:\/\/secure.gravatar.com\/avatar\/09274f4a84fa97698bde56f84b3afed61c8492d48b0550db9671b68c177479cb?s=96&d=mm&r=g","url":"https:\/\/secure.gravatar.com\/avatar\/09274f4a84fa97698bde56f84b3afed61c8492d48b0550db9671b68c177479cb?s=96&d=mm&r=g","contentUrl":"https:\/\/secure.gravatar.com\/avatar\/09274f4a84fa97698bde56f84b3afed61c8492d48b0550db9671b68c177479cb?s=96&d=mm&r=g","caption":"Gabriele Bassani"},"sameAs":["http:\/\/www.ilnotiziario.net"]}]}},"_links":{"self":[{"href":"https:\/\/www.ilnotiziario.net\/wp\/wp-json\/wp\/v2\/posts\/185001","targetHints":{"allow":["GET"]}}],"collection":[{"href":"https:\/\/www.ilnotiziario.net\/wp\/wp-json\/wp\/v2\/posts"}],"about":[{"href":"https:\/\/www.ilnotiziario.net\/wp\/wp-json\/wp\/v2\/types\/post"}],"author":[{"embeddable":true,"href":"https:\/\/www.ilnotiziario.net\/wp\/wp-json\/wp\/v2\/users\/3"}],"replies":[{"embeddable":true,"href":"https:\/\/www.ilnotiziario.net\/wp\/wp-json\/wp\/v2\/comments?post=185001"}],"version-history":[{"count":0,"href":"https:\/\/www.ilnotiziario.net\/wp\/wp-json\/wp\/v2\/posts\/185001\/revisions"}],"wp:featuredmedia":[{"embeddable":true,"href":"https:\/\/www.ilnotiziario.net\/wp\/wp-json\/wp\/v2\/media\/185003"}],"wp:attachment":[{"href":"https:\/\/www.ilnotiziario.net\/wp\/wp-json\/wp\/v2\/media?parent=185001"}],"wp:term":[{"taxonomy":"category","embeddable":true,"href":"https:\/\/www.ilnotiziario.net\/wp\/wp-json\/wp\/v2\/categories?post=185001"},{"taxonomy":"post_tag","embeddable":true,"href":"https:\/\/www.ilnotiziario.net\/wp\/wp-json\/wp\/v2\/tags?post=185001"}],"curies":[{"name":"wp","href":"https:\/\/api.w.org\/{rel}","templated":true}]}}