{"id":185759,"date":"2023-07-21T10:00:43","date_gmt":"2023-07-21T08:00:43","guid":{"rendered":"https:\/\/www.ilnotiziario.net\/wp\/?p=185759"},"modified":"2023-07-21T09:41:36","modified_gmt":"2023-07-21T07:41:36","slug":"a-cusano-i-nuovi-cestini-contro-le-cornaccchie","status":"publish","type":"post","link":"https:\/\/www.ilnotiziario.net\/wp\/nord-milano\/a-cusano-i-nuovi-cestini-contro-le-cornaccchie\/","title":{"rendered":"A Cusano i nuovi cestini contro le cornaccchie"},"content":{"rendered":"<p>Il decoro urbano e la sicurezza sono prioritari per l\u2019amministrazione comunale di Cusano Milanino e parte da qui la sostituzione dei cestini su tutto il territorio sia per ragioni estetiche che pratiche e funzionali, nonch\u00e9 di dissuasione nei confronti dell\u2019azione delle cornacchie.<\/p><div id=\"ilnot-90879484\" class=\"ilnot-contenuto ilnot-entity-placement\"><p><!-- incontent_1 --><\/p>\n<div class=\"gptslot\" data-adunitid=\"1\"><\/div>\n<\/div>\n<h2><b>A Cusano cestini rotti e saccheggiati dalle cornacchie<\/b><\/h2>\n<p>S\u00ec, perch\u00e9 da pi\u00f9 parti sono pervenute in municipio a Cusano le segnalazioni di cestini portarifiuti rotti e divelti, oppure saccheggiati dalle cornacchie in cerca di cibo. Il primo intervento \u00e8 gi\u00e0 stato effettuato in via Genziane con la sostituzione dei cestini esistenti con nuovi dotati di coperchio anti-cornacchie e posacenere.<\/p>\n<p><strong>Leggi anche <a href=\"https:\/\/www.ilnotiziario.net\/wp\/bollatese\/garbagnate-cestini-dei-rifiuti-presi-dassalto-da-ratti-e-corvi\/\" target=\"_blank\" rel=\"noopener\">A Garbagnate i cestini presi d&#8217;assalto dai corvi<\/a><\/strong><\/p><div id=\"ilnot-1633011393\" class=\"ilnot-contenuto_2 ilnot-entity-placement\"><div class=\"ads-wrapper\">\n<div class=\"ad-slot\">\n   <div id=\"ilnot-852793647\" style=\"margin-right: auto;margin-left: auto;text-align: center;width: 320px;height: 100px;\"><a href=\"https:\/\/www.scuolasicurezza.it\/\"><img decoding=\"async\" src=\"https:\/\/www.ilnotiziario.net\/wp\/wp-content\/uploads\/2026\/04\/IlNotiziario_banner-sito-e-newsletter-320-x-100-px-1.gif\" alt=\"\"><\/a><\/div>\n  <\/div>\n<div class=\"ad-slot\">\n   <div id=\"ilnot-2056442555\" style=\"margin-right: auto;margin-left: auto;text-align: center;width: 320px;height: 100px;\"><a href=\"https:\/\/purodesignarredamenti.com\/\"><img decoding=\"async\" src=\"https:\/\/www.ilnotiziario.net\/wp\/wp-content\/uploads\/2026\/04\/banner-puro-ok.gif\" alt=\"whatsapp\"><\/a><\/div><\/p><\/div>\n<\/div>\n<\/div>\n<h2><b>Cusano, \u201cobiettivo cura e decoro per i parchi\u201d<\/b><\/h2>\n<p>Intanto anche nel parco Matteotti sono stati installati 16 nuovi cestini con copertura anti-cornacchie e posacenere. nuovi cestini sono posizionati in prossimit\u00e0 delle panchine e delle aree gioco e non pi\u00f9 attaccati ai pali dell\u2019illuminazione pubblica a causa delle possibili dispersioni elettriche. \u201cProssimamente -spiega l\u2019assessore all\u2019ambiente Federica Gorini- verranno posizionati anche due gruppi da 3 cesti per la raccolta differenziata di plastica, carta e vetro in prossimit\u00e0 dell\u2019area bocce e del porticato.<\/p>\n<p>L\u2019obiettivo \u00e8 restituire cura e decoro a uno dei parchi principali del nostro territorio\u201d. Non \u00e8 tutto. Da marted\u00ec 11 \u00e8 iniziato l\u2019abbattimento degli alberi che non hanno pi\u00f9 vita vegetativa a cui seguir\u00e0 la fresatura delle ceppaie, sia di quelle delle alberature appena abbattute che di quelle precedenti. Poi in autunno verranno piantumate nuove specie arboree a reintegro delle piante abbattute.<br \/>\n<strong>Redazione web<\/strong><\/p>\n","protected":false},"excerpt":{"rendered":"<p>Il decoro urbano e la sicurezza sono prioritari per l\u2019amministrazione comunale di Cusano Milanino e parte da qui la sostituzione dei cestini su tutto il territorio sia per ragioni estetiche che pratiche e funzionali, nonch\u00e9 di dissuasione nei confronti dell\u2019azione delle cornacchie. A Cusano cestini rotti e saccheggiati dalle cornacchie S\u00ec, perch\u00e9 da pi\u00f9 parti<\/p>\n","protected":false},"author":3,"featured_media":175853,"comment_status":"closed","ping_status":"closed","sticky":false,"template":"","format":"standard","meta":{"footnotes":""},"categories":[11,20],"tags":[15542,15541,7734,79,15338,43],"class_list":{"0":"post-185759","1":"post","2":"type-post","3":"status-publish","4":"format-standard","5":"has-post-thumbnail","7":"category-nord-milano","8":"category-prima-pagina","9":"tag-cestini-anti-corvi","10":"tag-cestini-corvi","11":"tag-corvi","12":"tag-cusano","13":"tag-federica-gorini","14":"tag-garbagnate"},"yoast_head":"<!-- This site is optimized with the Yoast SEO plugin v27.5 - https:\/\/yoast.com\/product\/yoast-seo-wordpress\/ -->\n<title>Cusano posa i nuovi cestini contro le cornacchie - Il Notiziario<\/title>\n<meta name=\"description\" content=\"A Cusano Milanino arrivano i nuovi cestini contro le cornacchie per aumentare il decoro urbano\" \/>\n<meta name=\"robots\" content=\"index, follow, max-snippet:-1, max-image-preview:large, max-video-preview:-1\" \/>\n<link rel=\"canonical\" href=\"https:\/\/www.ilnotiziario.net\/wp\/nord-milano\/a-cusano-i-nuovi-cestini-contro-le-cornaccchie\/\" \/>\n<meta property=\"og:locale\" content=\"it_IT\" \/>\n<meta property=\"og:type\" content=\"article\" \/>\n<meta property=\"og:title\" content=\"Cusano posa i nuovi cestini contro le cornacchie - Il Notiziario\" \/>\n<meta property=\"og:description\" content=\"A Cusano Milanino arrivano i nuovi cestini contro le cornacchie per aumentare il decoro urbano\" \/>\n<meta property=\"og:url\" content=\"https:\/\/www.ilnotiziario.net\/wp\/nord-milano\/a-cusano-i-nuovi-cestini-contro-le-cornaccchie\/\" \/>\n<meta property=\"og:site_name\" content=\"Il Notiziario\" \/>\n<meta property=\"article:publisher\" content=\"https:\/\/www.facebook.com\/ilnotiziarioind\/\" \/>\n<meta property=\"article:published_time\" content=\"2023-07-21T08:00:43+00:00\" \/>\n<meta property=\"og:image\" content=\"https:\/\/www.ilnotiziario.net\/wp\/wp-content\/uploads\/2022\/12\/garbagnate-corvi-scaled.jpg\" \/>\n\t<meta property=\"og:image:width\" content=\"1920\" \/>\n\t<meta property=\"og:image:height\" content=\"2560\" \/>\n\t<meta property=\"og:image:type\" content=\"image\/jpeg\" \/>\n<meta name=\"author\" content=\"Gabriele Bassani\" \/>\n<meta name=\"twitter:card\" content=\"summary_large_image\" \/>\n<meta name=\"twitter:creator\" content=\"@ilNotiziarioInd\" \/>\n<meta name=\"twitter:site\" content=\"@ilNotiziarioInd\" \/>\n<meta name=\"twitter:label1\" content=\"Scritto da\" \/>\n\t<meta name=\"twitter:data1\" content=\"Gabriele Bassani\" \/>\n\t<meta name=\"twitter:label2\" content=\"Tempo di lettura stimato\" \/>\n\t<meta name=\"twitter:data2\" content=\"2 minuti\" \/>\n<script type=\"application\/ld+json\" class=\"yoast-schema-graph\">{\"@context\":\"https:\\\/\\\/schema.org\",\"@graph\":[{\"@type\":\"Article\",\"@id\":\"https:\\\/\\\/www.ilnotiziario.net\\\/wp\\\/nord-milano\\\/a-cusano-i-nuovi-cestini-contro-le-cornaccchie\\\/#article\",\"isPartOf\":{\"@id\":\"https:\\\/\\\/www.ilnotiziario.net\\\/wp\\\/nord-milano\\\/a-cusano-i-nuovi-cestini-contro-le-cornaccchie\\\/\"},\"author\":{\"name\":\"Gabriele Bassani\",\"@id\":\"https:\\\/\\\/www.ilnotiziario.net\\\/wp\\\/#\\\/schema\\\/person\\\/386e222908f898bb41c033989482bbf2\"},\"headline\":\"A Cusano i nuovi cestini contro le cornaccchie\",\"datePublished\":\"2023-07-21T08:00:43+00:00\",\"mainEntityOfPage\":{\"@id\":\"https:\\\/\\\/www.ilnotiziario.net\\\/wp\\\/nord-milano\\\/a-cusano-i-nuovi-cestini-contro-le-cornaccchie\\\/\"},\"wordCount\":265,\"publisher\":{\"@id\":\"https:\\\/\\\/www.ilnotiziario.net\\\/wp\\\/#organization\"},\"image\":{\"@id\":\"https:\\\/\\\/www.ilnotiziario.net\\\/wp\\\/nord-milano\\\/a-cusano-i-nuovi-cestini-contro-le-cornaccchie\\\/#primaryimage\"},\"thumbnailUrl\":\"https:\\\/\\\/www.ilnotiziario.net\\\/wp\\\/wp-content\\\/uploads\\\/2022\\\/12\\\/garbagnate-corvi-scaled.jpg\",\"keywords\":[\"cestini anti corvi\",\"cestini corvi\",\"corvi\",\"Cusano\",\"federica gorini\",\"Garbagnate\"],\"articleSection\":[\"NORD MILANO\",\"Prima Pagina\"],\"inLanguage\":\"it-IT\"},{\"@type\":\"WebPage\",\"@id\":\"https:\\\/\\\/www.ilnotiziario.net\\\/wp\\\/nord-milano\\\/a-cusano-i-nuovi-cestini-contro-le-cornaccchie\\\/\",\"url\":\"https:\\\/\\\/www.ilnotiziario.net\\\/wp\\\/nord-milano\\\/a-cusano-i-nuovi-cestini-contro-le-cornaccchie\\\/\",\"name\":\"Cusano posa i nuovi cestini contro le cornacchie - Il Notiziario\",\"isPartOf\":{\"@id\":\"https:\\\/\\\/www.ilnotiziario.net\\\/wp\\\/#website\"},\"primaryImageOfPage\":{\"@id\":\"https:\\\/\\\/www.ilnotiziario.net\\\/wp\\\/nord-milano\\\/a-cusano-i-nuovi-cestini-contro-le-cornaccchie\\\/#primaryimage\"},\"image\":{\"@id\":\"https:\\\/\\\/www.ilnotiziario.net\\\/wp\\\/nord-milano\\\/a-cusano-i-nuovi-cestini-contro-le-cornaccchie\\\/#primaryimage\"},\"thumbnailUrl\":\"https:\\\/\\\/www.ilnotiziario.net\\\/wp\\\/wp-content\\\/uploads\\\/2022\\\/12\\\/garbagnate-corvi-scaled.jpg\",\"datePublished\":\"2023-07-21T08:00:43+00:00\",\"description\":\"A Cusano Milanino arrivano i nuovi cestini contro le cornacchie per aumentare il decoro urbano\",\"breadcrumb\":{\"@id\":\"https:\\\/\\\/www.ilnotiziario.net\\\/wp\\\/nord-milano\\\/a-cusano-i-nuovi-cestini-contro-le-cornaccchie\\\/#breadcrumb\"},\"inLanguage\":\"it-IT\",\"potentialAction\":[{\"@type\":\"ReadAction\",\"target\":[\"https:\\\/\\\/www.ilnotiziario.net\\\/wp\\\/nord-milano\\\/a-cusano-i-nuovi-cestini-contro-le-cornaccchie\\\/\"]}]},{\"@type\":\"ImageObject\",\"inLanguage\":\"it-IT\",\"@id\":\"https:\\\/\\\/www.ilnotiziario.net\\\/wp\\\/nord-milano\\\/a-cusano-i-nuovi-cestini-contro-le-cornaccchie\\\/#primaryimage\",\"url\":\"https:\\\/\\\/www.ilnotiziario.net\\\/wp\\\/wp-content\\\/uploads\\\/2022\\\/12\\\/garbagnate-corvi-scaled.jpg\",\"contentUrl\":\"https:\\\/\\\/www.ilnotiziario.net\\\/wp\\\/wp-content\\\/uploads\\\/2022\\\/12\\\/garbagnate-corvi-scaled.jpg\",\"width\":1920,\"height\":2560,\"caption\":\"Cestini dei rifiuti a Garbagnate presi di mira da corvi e ratti\"},{\"@type\":\"BreadcrumbList\",\"@id\":\"https:\\\/\\\/www.ilnotiziario.net\\\/wp\\\/nord-milano\\\/a-cusano-i-nuovi-cestini-contro-le-cornaccchie\\\/#breadcrumb\",\"itemListElement\":[{\"@type\":\"ListItem\",\"position\":1,\"name\":\"tds_text_logo_tagline_colortds_text_logo_tagline_colortds_text_logo_tagline_colortds_text_logo_tagline_colortd_module_7_title_excerpttd_module_7_title_excerpttd_module_7_title_excerpttd_module_7_title_excerptHome\",\"item\":\"https:\\\/\\\/www.ilnotiziario.net\\\/wp\\\/\"},{\"@type\":\"ListItem\",\"position\":2,\"name\":\"A Cusano i nuovi cestini contro le cornaccchie\"}]},{\"@type\":\"WebSite\",\"@id\":\"https:\\\/\\\/www.ilnotiziario.net\\\/wp\\\/#website\",\"url\":\"https:\\\/\\\/www.ilnotiziario.net\\\/wp\\\/\",\"name\":\"Il Notiziario\",\"description\":\"Per restare sempre connessi alla notizia\",\"publisher\":{\"@id\":\"https:\\\/\\\/www.ilnotiziario.net\\\/wp\\\/#organization\"},\"alternateName\":\"Il Notiziario Bollate\",\"potentialAction\":[{\"@type\":\"SearchAction\",\"target\":{\"@type\":\"EntryPoint\",\"urlTemplate\":\"https:\\\/\\\/www.ilnotiziario.net\\\/wp\\\/?s={search_term_string}\"},\"query-input\":{\"@type\":\"PropertyValueSpecification\",\"valueRequired\":true,\"valueName\":\"search_term_string\"}}],\"inLanguage\":\"it-IT\"},{\"@type\":\"Organization\",\"@id\":\"https:\\\/\\\/www.ilnotiziario.net\\\/wp\\\/#organization\",\"name\":\"Il Notiziario\",\"url\":\"https:\\\/\\\/www.ilnotiziario.net\\\/wp\\\/\",\"logo\":{\"@type\":\"ImageObject\",\"inLanguage\":\"it-IT\",\"@id\":\"https:\\\/\\\/www.ilnotiziario.net\\\/wp\\\/#\\\/schema\\\/logo\\\/image\\\/\",\"url\":\"https:\\\/\\\/www.ilnotiziario.net\\\/wp\\\/wp-content\\\/uploads\\\/2022\\\/06\\\/170x170ilN.png\",\"contentUrl\":\"https:\\\/\\\/www.ilnotiziario.net\\\/wp\\\/wp-content\\\/uploads\\\/2022\\\/06\\\/170x170ilN.png\",\"width\":355,\"height\":355,\"caption\":\"Il Notiziario\"},\"image\":{\"@id\":\"https:\\\/\\\/www.ilnotiziario.net\\\/wp\\\/#\\\/schema\\\/logo\\\/image\\\/\"},\"sameAs\":[\"https:\\\/\\\/www.facebook.com\\\/ilnotiziarioind\\\/\",\"https:\\\/\\\/x.com\\\/ilNotiziarioInd\",\"https:\\\/\\\/www.instagram.com\\\/ilnotiziario_settimanale\\\/\"]},{\"@type\":\"Person\",\"@id\":\"https:\\\/\\\/www.ilnotiziario.net\\\/wp\\\/#\\\/schema\\\/person\\\/386e222908f898bb41c033989482bbf2\",\"name\":\"Gabriele Bassani\",\"image\":{\"@type\":\"ImageObject\",\"inLanguage\":\"it-IT\",\"@id\":\"https:\\\/\\\/secure.gravatar.com\\\/avatar\\\/09274f4a84fa97698bde56f84b3afed61c8492d48b0550db9671b68c177479cb?s=96&d=mm&r=g\",\"url\":\"https:\\\/\\\/secure.gravatar.com\\\/avatar\\\/09274f4a84fa97698bde56f84b3afed61c8492d48b0550db9671b68c177479cb?s=96&d=mm&r=g\",\"contentUrl\":\"https:\\\/\\\/secure.gravatar.com\\\/avatar\\\/09274f4a84fa97698bde56f84b3afed61c8492d48b0550db9671b68c177479cb?s=96&d=mm&r=g\",\"caption\":\"Gabriele Bassani\"},\"sameAs\":[\"http:\\\/\\\/www.ilnotiziario.net\"]}]}<\/script>\n<!-- \/ Yoast SEO plugin. -->","yoast_head_json":{"title":"Cusano posa i nuovi cestini contro le cornacchie - Il Notiziario","description":"A Cusano Milanino arrivano i nuovi cestini contro le cornacchie per aumentare il decoro urbano","robots":{"index":"index","follow":"follow","max-snippet":"max-snippet:-1","max-image-preview":"max-image-preview:large","max-video-preview":"max-video-preview:-1"},"canonical":"https:\/\/www.ilnotiziario.net\/wp\/nord-milano\/a-cusano-i-nuovi-cestini-contro-le-cornaccchie\/","og_locale":"it_IT","og_type":"article","og_title":"Cusano posa i nuovi cestini contro le cornacchie - Il Notiziario","og_description":"A Cusano Milanino arrivano i nuovi cestini contro le cornacchie per aumentare il decoro urbano","og_url":"https:\/\/www.ilnotiziario.net\/wp\/nord-milano\/a-cusano-i-nuovi-cestini-contro-le-cornaccchie\/","og_site_name":"Il Notiziario","article_publisher":"https:\/\/www.facebook.com\/ilnotiziarioind\/","article_published_time":"2023-07-21T08:00:43+00:00","og_image":[{"width":1920,"height":2560,"url":"https:\/\/www.ilnotiziario.net\/wp\/wp-content\/uploads\/2022\/12\/garbagnate-corvi-scaled.jpg","type":"image\/jpeg"}],"author":"Gabriele Bassani","twitter_card":"summary_large_image","twitter_creator":"@ilNotiziarioInd","twitter_site":"@ilNotiziarioInd","twitter_misc":{"Scritto da":"Gabriele Bassani","Tempo di lettura stimato":"2 minuti"},"schema":{"@context":"https:\/\/schema.org","@graph":[{"@type":"Article","@id":"https:\/\/www.ilnotiziario.net\/wp\/nord-milano\/a-cusano-i-nuovi-cestini-contro-le-cornaccchie\/#article","isPartOf":{"@id":"https:\/\/www.ilnotiziario.net\/wp\/nord-milano\/a-cusano-i-nuovi-cestini-contro-le-cornaccchie\/"},"author":{"name":"Gabriele Bassani","@id":"https:\/\/www.ilnotiziario.net\/wp\/#\/schema\/person\/386e222908f898bb41c033989482bbf2"},"headline":"A Cusano i nuovi cestini contro le cornaccchie","datePublished":"2023-07-21T08:00:43+00:00","mainEntityOfPage":{"@id":"https:\/\/www.ilnotiziario.net\/wp\/nord-milano\/a-cusano-i-nuovi-cestini-contro-le-cornaccchie\/"},"wordCount":265,"publisher":{"@id":"https:\/\/www.ilnotiziario.net\/wp\/#organization"},"image":{"@id":"https:\/\/www.ilnotiziario.net\/wp\/nord-milano\/a-cusano-i-nuovi-cestini-contro-le-cornaccchie\/#primaryimage"},"thumbnailUrl":"https:\/\/www.ilnotiziario.net\/wp\/wp-content\/uploads\/2022\/12\/garbagnate-corvi-scaled.jpg","keywords":["cestini anti corvi","cestini corvi","corvi","Cusano","federica gorini","Garbagnate"],"articleSection":["NORD MILANO","Prima Pagina"],"inLanguage":"it-IT"},{"@type":"WebPage","@id":"https:\/\/www.ilnotiziario.net\/wp\/nord-milano\/a-cusano-i-nuovi-cestini-contro-le-cornaccchie\/","url":"https:\/\/www.ilnotiziario.net\/wp\/nord-milano\/a-cusano-i-nuovi-cestini-contro-le-cornaccchie\/","name":"Cusano posa i nuovi cestini contro le cornacchie - Il Notiziario","isPartOf":{"@id":"https:\/\/www.ilnotiziario.net\/wp\/#website"},"primaryImageOfPage":{"@id":"https:\/\/www.ilnotiziario.net\/wp\/nord-milano\/a-cusano-i-nuovi-cestini-contro-le-cornaccchie\/#primaryimage"},"image":{"@id":"https:\/\/www.ilnotiziario.net\/wp\/nord-milano\/a-cusano-i-nuovi-cestini-contro-le-cornaccchie\/#primaryimage"},"thumbnailUrl":"https:\/\/www.ilnotiziario.net\/wp\/wp-content\/uploads\/2022\/12\/garbagnate-corvi-scaled.jpg","datePublished":"2023-07-21T08:00:43+00:00","description":"A Cusano Milanino arrivano i nuovi cestini contro le cornacchie per aumentare il decoro urbano","breadcrumb":{"@id":"https:\/\/www.ilnotiziario.net\/wp\/nord-milano\/a-cusano-i-nuovi-cestini-contro-le-cornaccchie\/#breadcrumb"},"inLanguage":"it-IT","potentialAction":[{"@type":"ReadAction","target":["https:\/\/www.ilnotiziario.net\/wp\/nord-milano\/a-cusano-i-nuovi-cestini-contro-le-cornaccchie\/"]}]},{"@type":"ImageObject","inLanguage":"it-IT","@id":"https:\/\/www.ilnotiziario.net\/wp\/nord-milano\/a-cusano-i-nuovi-cestini-contro-le-cornaccchie\/#primaryimage","url":"https:\/\/www.ilnotiziario.net\/wp\/wp-content\/uploads\/2022\/12\/garbagnate-corvi-scaled.jpg","contentUrl":"https:\/\/www.ilnotiziario.net\/wp\/wp-content\/uploads\/2022\/12\/garbagnate-corvi-scaled.jpg","width":1920,"height":2560,"caption":"Cestini dei rifiuti a Garbagnate presi di mira da corvi e ratti"},{"@type":"BreadcrumbList","@id":"https:\/\/www.ilnotiziario.net\/wp\/nord-milano\/a-cusano-i-nuovi-cestini-contro-le-cornaccchie\/#breadcrumb","itemListElement":[{"@type":"ListItem","position":1,"name":"tds_text_logo_tagline_colortds_text_logo_tagline_colortds_text_logo_tagline_colortds_text_logo_tagline_colortd_module_7_title_excerpttd_module_7_title_excerpttd_module_7_title_excerpttd_module_7_title_excerptHome","item":"https:\/\/www.ilnotiziario.net\/wp\/"},{"@type":"ListItem","position":2,"name":"A Cusano i nuovi cestini contro le cornaccchie"}]},{"@type":"WebSite","@id":"https:\/\/www.ilnotiziario.net\/wp\/#website","url":"https:\/\/www.ilnotiziario.net\/wp\/","name":"Il Notiziario","description":"Per restare sempre connessi alla notizia","publisher":{"@id":"https:\/\/www.ilnotiziario.net\/wp\/#organization"},"alternateName":"Il Notiziario Bollate","potentialAction":[{"@type":"SearchAction","target":{"@type":"EntryPoint","urlTemplate":"https:\/\/www.ilnotiziario.net\/wp\/?s={search_term_string}"},"query-input":{"@type":"PropertyValueSpecification","valueRequired":true,"valueName":"search_term_string"}}],"inLanguage":"it-IT"},{"@type":"Organization","@id":"https:\/\/www.ilnotiziario.net\/wp\/#organization","name":"Il Notiziario","url":"https:\/\/www.ilnotiziario.net\/wp\/","logo":{"@type":"ImageObject","inLanguage":"it-IT","@id":"https:\/\/www.ilnotiziario.net\/wp\/#\/schema\/logo\/image\/","url":"https:\/\/www.ilnotiziario.net\/wp\/wp-content\/uploads\/2022\/06\/170x170ilN.png","contentUrl":"https:\/\/www.ilnotiziario.net\/wp\/wp-content\/uploads\/2022\/06\/170x170ilN.png","width":355,"height":355,"caption":"Il Notiziario"},"image":{"@id":"https:\/\/www.ilnotiziario.net\/wp\/#\/schema\/logo\/image\/"},"sameAs":["https:\/\/www.facebook.com\/ilnotiziarioind\/","https:\/\/x.com\/ilNotiziarioInd","https:\/\/www.instagram.com\/ilnotiziario_settimanale\/"]},{"@type":"Person","@id":"https:\/\/www.ilnotiziario.net\/wp\/#\/schema\/person\/386e222908f898bb41c033989482bbf2","name":"Gabriele Bassani","image":{"@type":"ImageObject","inLanguage":"it-IT","@id":"https:\/\/secure.gravatar.com\/avatar\/09274f4a84fa97698bde56f84b3afed61c8492d48b0550db9671b68c177479cb?s=96&d=mm&r=g","url":"https:\/\/secure.gravatar.com\/avatar\/09274f4a84fa97698bde56f84b3afed61c8492d48b0550db9671b68c177479cb?s=96&d=mm&r=g","contentUrl":"https:\/\/secure.gravatar.com\/avatar\/09274f4a84fa97698bde56f84b3afed61c8492d48b0550db9671b68c177479cb?s=96&d=mm&r=g","caption":"Gabriele Bassani"},"sameAs":["http:\/\/www.ilnotiziario.net"]}]}},"_links":{"self":[{"href":"https:\/\/www.ilnotiziario.net\/wp\/wp-json\/wp\/v2\/posts\/185759","targetHints":{"allow":["GET"]}}],"collection":[{"href":"https:\/\/www.ilnotiziario.net\/wp\/wp-json\/wp\/v2\/posts"}],"about":[{"href":"https:\/\/www.ilnotiziario.net\/wp\/wp-json\/wp\/v2\/types\/post"}],"author":[{"embeddable":true,"href":"https:\/\/www.ilnotiziario.net\/wp\/wp-json\/wp\/v2\/users\/3"}],"replies":[{"embeddable":true,"href":"https:\/\/www.ilnotiziario.net\/wp\/wp-json\/wp\/v2\/comments?post=185759"}],"version-history":[{"count":0,"href":"https:\/\/www.ilnotiziario.net\/wp\/wp-json\/wp\/v2\/posts\/185759\/revisions"}],"wp:featuredmedia":[{"embeddable":true,"href":"https:\/\/www.ilnotiziario.net\/wp\/wp-json\/wp\/v2\/media\/175853"}],"wp:attachment":[{"href":"https:\/\/www.ilnotiziario.net\/wp\/wp-json\/wp\/v2\/media?parent=185759"}],"wp:term":[{"taxonomy":"category","embeddable":true,"href":"https:\/\/www.ilnotiziario.net\/wp\/wp-json\/wp\/v2\/categories?post=185759"},{"taxonomy":"post_tag","embeddable":true,"href":"https:\/\/www.ilnotiziario.net\/wp\/wp-json\/wp\/v2\/tags?post=185759"}],"curies":[{"name":"wp","href":"https:\/\/api.w.org\/{rel}","templated":true}]}}