{"id":185855,"date":"2023-07-22T19:53:20","date_gmt":"2023-07-22T17:53:20","guid":{"rendered":"https:\/\/www.ilnotiziario.net\/wp\/?p=185855"},"modified":"2023-07-22T15:57:40","modified_gmt":"2023-07-22T13:57:40","slug":"bollate-miriluna-nuovo-disco-con-mario-biondi","status":"publish","type":"post","link":"https:\/\/www.ilnotiziario.net\/wp\/bollatese\/bollate-miriluna-nuovo-disco-con-mario-biondi\/","title":{"rendered":"Bollate: Miriluna, nuovo disco con Mario Biondi"},"content":{"rendered":"<p>Bollate: Miriluna, nuovo disco con Mario Biondi.<br \/>\nMiriam Lunari, in arte Miriluna, ha da poco inciso una nuova canzone, dal titolo \u201cPortami al mare\u201d prodotta dal celebre cantautore catanese Mario Biondi, un\u2019artista pi\u00f9 volte definito il \u201cBarry White italiano\u201d per il timbro di voce che d\u00e0 vita a un soul jazz caldo e passionale.<\/p><div id=\"ilnot-674080022\" class=\"ilnot-contenuto ilnot-entity-placement\"><p><!-- incontent_1 --><\/p>\n<div class=\"gptslot\" data-adunitid=\"1\"><\/div>\n<\/div>\n<p>Nel corso della sua vita Miriluna ha vissuto ovunque, a Francoforte, dove \u00e8 nata ed ha vissuto fino a 6 anni, ma la sua vena artistica l\u2019ha portata a studiare danza e canto a New York e Londra insieme alla sorella gemella Romina, compagna di Mario Biondi.<\/p>\n<h2>Miriluna da Bollate canta prodotta da Mario Biondi&nbsp;<\/h2>\n<p>Insieme le due sorelle per anni hanno dato vita al duo \u201cDina e Dana\u201d, portando sul palco diversi spettacoli di musica, ballo, cabaret e burlesque. Da tre anni Miriluna risiede insieme al compagno a Bollate, ma gli ultimi anni per lei non sono stato facili.<\/p><div id=\"ilnot-3456093259\" class=\"ilnot-contenuto_2 ilnot-entity-placement\"><div class=\"ads-wrapper\">\n<div class=\"ad-slot\">\n   <div id=\"ilnot-1561391330\" style=\"margin-right: auto;margin-left: auto;text-align: center;width: 320px;height: 100px;\"><a href=\"https:\/\/www.scuolasicurezza.it\/\"><img decoding=\"async\" src=\"https:\/\/www.ilnotiziario.net\/wp\/wp-content\/uploads\/2026\/04\/IlNotiziario_banner-sito-e-newsletter-320-x-100-px-1.gif\" alt=\"\"><\/a><\/div>\n  <\/div>\n<div class=\"ad-slot\">\n   <div id=\"ilnot-579469077\" style=\"margin-right: auto;margin-left: auto;text-align: center;width: 320px;height: 100px;\"><a href=\"https:\/\/purodesignarredamenti.com\/\"><img decoding=\"async\" src=\"https:\/\/www.ilnotiziario.net\/wp\/wp-content\/uploads\/2026\/04\/banner-puro-ok.gif\" alt=\"whatsapp\"><\/a><\/div><\/p><\/div>\n<\/div>\n<\/div>\n<p>\u201cIo e mia sorella abbiamo sciolto il nostro gruppo circa 8 anni fa, e io mi sono completamente fermata con la mia carriera \u2013 ci spiega Miriluna \u2013 non \u00e8 stato facile perch\u00e9 in passato ho portato la mia musica ovunque, un lungo tour con Mario Biondi, ma anche una canzone prodotta dal dj Mario Fargetta. Poi le cose nella vita sono cambiate, ma in me c\u2019\u00e8 sempre stata la voglia di scrivere per comunicare qualcosa\u201d.<\/p>\n<p>Non si \u00e8 mai arresa la giovane artista, ha sempre lavorato \u201cperch\u00e9 cos\u00ec mi ha insegnato mia madre, mai fermarsi\u201d e nel frattempo, quattro anni fa, \u00e8 nata la sua bambina. \u201cEra estate, il mio compagno lavorava e una sera gli dissi \u201cPortami la mare\u201d e da l\u00ec \u00e8 nata l\u2019idea di scrivere questo pezzo autobiografico, dal titolo appunto \u201cPortami al mare\u201d.<\/p>\n<h2>Miriluna ha collaborato anche con Mario Fargetta&nbsp;<\/h2>\n<p>Da questo brano riparte la voglia di fare musica di Miriluna. E dall\u2019entusiasmo che trasmette la sua voce, sentiremo tanto parlare di lei. \u201cSono un po\u2019 eccentrica, quando giro per Bollate la gente penser\u00e0 \u201cma questa da dove viene?\u201d, sono fatta cos\u00ec. Non vedo l\u2019ora di incidere gli altri pezzi che ho gi\u00e0 scritto e arrangiato\u201d conclude la donna.<\/p><div id=\"ilnot-661024178\" class=\"ilnot-contenuto_2-2 ilnot-entity-placement\"><div class=\"gptslot\" data-adunitid=\"2\"><\/div>\n<\/div>\n<p>Il brano \u201cPortami al mare\u201d, decisamente orecchiabile e piacevole all\u2019ascolto, \u00e8 stato prodotto proprio da Mario Biondi ed \u00e8 gi\u00e0 disponibile su Spotify, Amazon Music e YouTube.<\/p>\n<p>Sfoglia il notiziario in formato digitale direttamente dal nostro sito <a href=\"https:\/\/edicola.ilnotiziario.net\/citterioeditoresrl\/newsstand\">edicola.ilnotiziario.net<\/a><\/p>\n","protected":false},"excerpt":{"rendered":"<p>Bollate: Miriluna, nuovo disco con Mario Biondi. Miriam Lunari, in arte Miriluna, ha da poco inciso una nuova canzone, dal titolo \u201cPortami al mare\u201d prodotta dal celebre cantautore catanese Mario Biondi, un\u2019artista pi\u00f9 volte definito il \u201cBarry White italiano\u201d per il timbro di voce che d\u00e0 vita a un soul jazz caldo e passionale. Nel<\/p>\n","protected":false},"author":14,"featured_media":185856,"comment_status":"closed","ping_status":"closed","sticky":false,"template":"","format":"standard","meta":{"footnotes":""},"categories":[8,11,16],"tags":[110,6190,15560,15559],"class_list":{"0":"post-185855","1":"post","2":"type-post","3":"status-publish","4":"format-standard","5":"has-post-thumbnail","7":"category-bollatese","8":"category-nord-milano","9":"category-storie","10":"tag-bollate","11":"tag-disco","12":"tag-mario-biondi","13":"tag-miriluna"},"yoast_head":"<!-- This site is optimized with the Yoast SEO plugin v27.5 - https:\/\/yoast.com\/product\/yoast-seo-wordpress\/ -->\n<title>Bollate: Miriluna, nuovo disco con Mario Biondi - Il Notiziario<\/title>\n<meta name=\"description\" content=\"Bollate: Miriluna, nuovo disco con Mario Biondi. Miriam Lunari, in arte Miriluna, ha da poco inciso una nuova canzone, dal titolo \u201cPortami al mare\u201d\" \/>\n<meta name=\"robots\" content=\"index, follow, max-snippet:-1, max-image-preview:large, max-video-preview:-1\" \/>\n<link rel=\"canonical\" href=\"https:\/\/www.ilnotiziario.net\/wp\/bollatese\/bollate-miriluna-nuovo-disco-con-mario-biondi\/\" \/>\n<meta property=\"og:locale\" content=\"it_IT\" \/>\n<meta property=\"og:type\" content=\"article\" \/>\n<meta property=\"og:title\" content=\"Bollate: Miriluna, nuovo disco con Mario Biondi - Il Notiziario\" \/>\n<meta property=\"og:description\" content=\"Bollate: Miriluna, nuovo disco con Mario Biondi. Miriam Lunari, in arte Miriluna, ha da poco inciso una nuova canzone, dal titolo \u201cPortami al mare\u201d\" \/>\n<meta property=\"og:url\" content=\"https:\/\/www.ilnotiziario.net\/wp\/bollatese\/bollate-miriluna-nuovo-disco-con-mario-biondi\/\" \/>\n<meta property=\"og:site_name\" content=\"Il Notiziario\" \/>\n<meta property=\"article:publisher\" content=\"https:\/\/www.facebook.com\/ilnotiziarioind\/\" \/>\n<meta property=\"article:published_time\" content=\"2023-07-22T17:53:20+00:00\" \/>\n<meta property=\"og:image\" content=\"https:\/\/www.ilnotiziario.net\/wp\/wp-content\/uploads\/2023\/07\/Bollate-Miriluna-Mario-Biondi.jpg\" \/>\n\t<meta property=\"og:image:width\" content=\"334\" \/>\n\t<meta property=\"og:image:height\" content=\"276\" \/>\n\t<meta property=\"og:image:type\" content=\"image\/jpeg\" \/>\n<meta name=\"author\" content=\"Silvia Citterio\" \/>\n<meta name=\"twitter:card\" content=\"summary_large_image\" \/>\n<meta name=\"twitter:creator\" content=\"@ilNotiziarioInd\" \/>\n<meta name=\"twitter:site\" content=\"@ilNotiziarioInd\" \/>\n<meta name=\"twitter:label1\" content=\"Scritto da\" \/>\n\t<meta name=\"twitter:data1\" content=\"Silvia Citterio\" \/>\n\t<meta name=\"twitter:label2\" content=\"Tempo di lettura stimato\" \/>\n\t<meta name=\"twitter:data2\" content=\"3 minuti\" \/>\n<script type=\"application\/ld+json\" class=\"yoast-schema-graph\">{\"@context\":\"https:\\\/\\\/schema.org\",\"@graph\":[{\"@type\":\"Article\",\"@id\":\"https:\\\/\\\/www.ilnotiziario.net\\\/wp\\\/bollatese\\\/bollate-miriluna-nuovo-disco-con-mario-biondi\\\/#article\",\"isPartOf\":{\"@id\":\"https:\\\/\\\/www.ilnotiziario.net\\\/wp\\\/bollatese\\\/bollate-miriluna-nuovo-disco-con-mario-biondi\\\/\"},\"author\":{\"name\":\"Silvia Citterio\",\"@id\":\"https:\\\/\\\/www.ilnotiziario.net\\\/wp\\\/#\\\/schema\\\/person\\\/c5bca2edc3d99d29959f04a6126f687b\"},\"headline\":\"Bollate: Miriluna, nuovo disco con Mario Biondi\",\"datePublished\":\"2023-07-22T17:53:20+00:00\",\"mainEntityOfPage\":{\"@id\":\"https:\\\/\\\/www.ilnotiziario.net\\\/wp\\\/bollatese\\\/bollate-miriluna-nuovo-disco-con-mario-biondi\\\/\"},\"wordCount\":402,\"publisher\":{\"@id\":\"https:\\\/\\\/www.ilnotiziario.net\\\/wp\\\/#organization\"},\"image\":{\"@id\":\"https:\\\/\\\/www.ilnotiziario.net\\\/wp\\\/bollatese\\\/bollate-miriluna-nuovo-disco-con-mario-biondi\\\/#primaryimage\"},\"thumbnailUrl\":\"https:\\\/\\\/www.ilnotiziario.net\\\/wp\\\/wp-content\\\/uploads\\\/2023\\\/07\\\/Bollate-Miriluna-Mario-Biondi.jpg\",\"keywords\":[\"Bollate\",\"disco\",\"Mario Biondi\",\"Miriluna\"],\"articleSection\":[\"BOLLATESE\",\"NORD MILANO\",\"STORIE\"],\"inLanguage\":\"it-IT\"},{\"@type\":\"WebPage\",\"@id\":\"https:\\\/\\\/www.ilnotiziario.net\\\/wp\\\/bollatese\\\/bollate-miriluna-nuovo-disco-con-mario-biondi\\\/\",\"url\":\"https:\\\/\\\/www.ilnotiziario.net\\\/wp\\\/bollatese\\\/bollate-miriluna-nuovo-disco-con-mario-biondi\\\/\",\"name\":\"Bollate: Miriluna, nuovo disco con Mario Biondi - Il Notiziario\",\"isPartOf\":{\"@id\":\"https:\\\/\\\/www.ilnotiziario.net\\\/wp\\\/#website\"},\"primaryImageOfPage\":{\"@id\":\"https:\\\/\\\/www.ilnotiziario.net\\\/wp\\\/bollatese\\\/bollate-miriluna-nuovo-disco-con-mario-biondi\\\/#primaryimage\"},\"image\":{\"@id\":\"https:\\\/\\\/www.ilnotiziario.net\\\/wp\\\/bollatese\\\/bollate-miriluna-nuovo-disco-con-mario-biondi\\\/#primaryimage\"},\"thumbnailUrl\":\"https:\\\/\\\/www.ilnotiziario.net\\\/wp\\\/wp-content\\\/uploads\\\/2023\\\/07\\\/Bollate-Miriluna-Mario-Biondi.jpg\",\"datePublished\":\"2023-07-22T17:53:20+00:00\",\"description\":\"Bollate: Miriluna, nuovo disco con Mario Biondi. Miriam Lunari, in arte Miriluna, ha da poco inciso una nuova canzone, dal titolo \u201cPortami al mare\u201d\",\"breadcrumb\":{\"@id\":\"https:\\\/\\\/www.ilnotiziario.net\\\/wp\\\/bollatese\\\/bollate-miriluna-nuovo-disco-con-mario-biondi\\\/#breadcrumb\"},\"inLanguage\":\"it-IT\",\"potentialAction\":[{\"@type\":\"ReadAction\",\"target\":[\"https:\\\/\\\/www.ilnotiziario.net\\\/wp\\\/bollatese\\\/bollate-miriluna-nuovo-disco-con-mario-biondi\\\/\"]}]},{\"@type\":\"ImageObject\",\"inLanguage\":\"it-IT\",\"@id\":\"https:\\\/\\\/www.ilnotiziario.net\\\/wp\\\/bollatese\\\/bollate-miriluna-nuovo-disco-con-mario-biondi\\\/#primaryimage\",\"url\":\"https:\\\/\\\/www.ilnotiziario.net\\\/wp\\\/wp-content\\\/uploads\\\/2023\\\/07\\\/Bollate-Miriluna-Mario-Biondi.jpg\",\"contentUrl\":\"https:\\\/\\\/www.ilnotiziario.net\\\/wp\\\/wp-content\\\/uploads\\\/2023\\\/07\\\/Bollate-Miriluna-Mario-Biondi.jpg\",\"width\":334,\"height\":276,\"caption\":\"Bollate Miriluna Mario Biondi\"},{\"@type\":\"BreadcrumbList\",\"@id\":\"https:\\\/\\\/www.ilnotiziario.net\\\/wp\\\/bollatese\\\/bollate-miriluna-nuovo-disco-con-mario-biondi\\\/#breadcrumb\",\"itemListElement\":[{\"@type\":\"ListItem\",\"position\":1,\"name\":\"tds_text_logo_tagline_colortds_text_logo_tagline_colortds_text_logo_tagline_colortds_text_logo_tagline_colortd_module_7_title_excerpttd_module_7_title_excerpttd_module_7_title_excerpttd_module_7_title_excerptHome\",\"item\":\"https:\\\/\\\/www.ilnotiziario.net\\\/wp\\\/\"},{\"@type\":\"ListItem\",\"position\":2,\"name\":\"Bollate: Miriluna, nuovo disco con Mario Biondi\"}]},{\"@type\":\"WebSite\",\"@id\":\"https:\\\/\\\/www.ilnotiziario.net\\\/wp\\\/#website\",\"url\":\"https:\\\/\\\/www.ilnotiziario.net\\\/wp\\\/\",\"name\":\"Il Notiziario\",\"description\":\"Per restare sempre connessi alla notizia\",\"publisher\":{\"@id\":\"https:\\\/\\\/www.ilnotiziario.net\\\/wp\\\/#organization\"},\"alternateName\":\"Il Notiziario Bollate\",\"potentialAction\":[{\"@type\":\"SearchAction\",\"target\":{\"@type\":\"EntryPoint\",\"urlTemplate\":\"https:\\\/\\\/www.ilnotiziario.net\\\/wp\\\/?s={search_term_string}\"},\"query-input\":{\"@type\":\"PropertyValueSpecification\",\"valueRequired\":true,\"valueName\":\"search_term_string\"}}],\"inLanguage\":\"it-IT\"},{\"@type\":\"Organization\",\"@id\":\"https:\\\/\\\/www.ilnotiziario.net\\\/wp\\\/#organization\",\"name\":\"Il Notiziario\",\"url\":\"https:\\\/\\\/www.ilnotiziario.net\\\/wp\\\/\",\"logo\":{\"@type\":\"ImageObject\",\"inLanguage\":\"it-IT\",\"@id\":\"https:\\\/\\\/www.ilnotiziario.net\\\/wp\\\/#\\\/schema\\\/logo\\\/image\\\/\",\"url\":\"https:\\\/\\\/www.ilnotiziario.net\\\/wp\\\/wp-content\\\/uploads\\\/2022\\\/06\\\/170x170ilN.png\",\"contentUrl\":\"https:\\\/\\\/www.ilnotiziario.net\\\/wp\\\/wp-content\\\/uploads\\\/2022\\\/06\\\/170x170ilN.png\",\"width\":355,\"height\":355,\"caption\":\"Il Notiziario\"},\"image\":{\"@id\":\"https:\\\/\\\/www.ilnotiziario.net\\\/wp\\\/#\\\/schema\\\/logo\\\/image\\\/\"},\"sameAs\":[\"https:\\\/\\\/www.facebook.com\\\/ilnotiziarioind\\\/\",\"https:\\\/\\\/x.com\\\/ilNotiziarioInd\",\"https:\\\/\\\/www.instagram.com\\\/ilnotiziario_settimanale\\\/\"]},{\"@type\":\"Person\",\"@id\":\"https:\\\/\\\/www.ilnotiziario.net\\\/wp\\\/#\\\/schema\\\/person\\\/c5bca2edc3d99d29959f04a6126f687b\",\"name\":\"Silvia Citterio\",\"image\":{\"@type\":\"ImageObject\",\"inLanguage\":\"it-IT\",\"@id\":\"https:\\\/\\\/secure.gravatar.com\\\/avatar\\\/03eb19c63b944e79a9b5ce53ca5d1ca303edcf368a68721ec3ccaae7f98c5afd?s=96&d=mm&r=g\",\"url\":\"https:\\\/\\\/secure.gravatar.com\\\/avatar\\\/03eb19c63b944e79a9b5ce53ca5d1ca303edcf368a68721ec3ccaae7f98c5afd?s=96&d=mm&r=g\",\"contentUrl\":\"https:\\\/\\\/secure.gravatar.com\\\/avatar\\\/03eb19c63b944e79a9b5ce53ca5d1ca303edcf368a68721ec3ccaae7f98c5afd?s=96&d=mm&r=g\",\"caption\":\"Silvia Citterio\"}}]}<\/script>\n<!-- \/ Yoast SEO plugin. -->","yoast_head_json":{"title":"Bollate: Miriluna, nuovo disco con Mario Biondi - Il Notiziario","description":"Bollate: Miriluna, nuovo disco con Mario Biondi. Miriam Lunari, in arte Miriluna, ha da poco inciso una nuova canzone, dal titolo \u201cPortami al mare\u201d","robots":{"index":"index","follow":"follow","max-snippet":"max-snippet:-1","max-image-preview":"max-image-preview:large","max-video-preview":"max-video-preview:-1"},"canonical":"https:\/\/www.ilnotiziario.net\/wp\/bollatese\/bollate-miriluna-nuovo-disco-con-mario-biondi\/","og_locale":"it_IT","og_type":"article","og_title":"Bollate: Miriluna, nuovo disco con Mario Biondi - Il Notiziario","og_description":"Bollate: Miriluna, nuovo disco con Mario Biondi. Miriam Lunari, in arte Miriluna, ha da poco inciso una nuova canzone, dal titolo \u201cPortami al mare\u201d","og_url":"https:\/\/www.ilnotiziario.net\/wp\/bollatese\/bollate-miriluna-nuovo-disco-con-mario-biondi\/","og_site_name":"Il Notiziario","article_publisher":"https:\/\/www.facebook.com\/ilnotiziarioind\/","article_published_time":"2023-07-22T17:53:20+00:00","og_image":[{"width":334,"height":276,"url":"https:\/\/www.ilnotiziario.net\/wp\/wp-content\/uploads\/2023\/07\/Bollate-Miriluna-Mario-Biondi.jpg","type":"image\/jpeg"}],"author":"Silvia Citterio","twitter_card":"summary_large_image","twitter_creator":"@ilNotiziarioInd","twitter_site":"@ilNotiziarioInd","twitter_misc":{"Scritto da":"Silvia Citterio","Tempo di lettura stimato":"3 minuti"},"schema":{"@context":"https:\/\/schema.org","@graph":[{"@type":"Article","@id":"https:\/\/www.ilnotiziario.net\/wp\/bollatese\/bollate-miriluna-nuovo-disco-con-mario-biondi\/#article","isPartOf":{"@id":"https:\/\/www.ilnotiziario.net\/wp\/bollatese\/bollate-miriluna-nuovo-disco-con-mario-biondi\/"},"author":{"name":"Silvia Citterio","@id":"https:\/\/www.ilnotiziario.net\/wp\/#\/schema\/person\/c5bca2edc3d99d29959f04a6126f687b"},"headline":"Bollate: Miriluna, nuovo disco con Mario Biondi","datePublished":"2023-07-22T17:53:20+00:00","mainEntityOfPage":{"@id":"https:\/\/www.ilnotiziario.net\/wp\/bollatese\/bollate-miriluna-nuovo-disco-con-mario-biondi\/"},"wordCount":402,"publisher":{"@id":"https:\/\/www.ilnotiziario.net\/wp\/#organization"},"image":{"@id":"https:\/\/www.ilnotiziario.net\/wp\/bollatese\/bollate-miriluna-nuovo-disco-con-mario-biondi\/#primaryimage"},"thumbnailUrl":"https:\/\/www.ilnotiziario.net\/wp\/wp-content\/uploads\/2023\/07\/Bollate-Miriluna-Mario-Biondi.jpg","keywords":["Bollate","disco","Mario Biondi","Miriluna"],"articleSection":["BOLLATESE","NORD MILANO","STORIE"],"inLanguage":"it-IT"},{"@type":"WebPage","@id":"https:\/\/www.ilnotiziario.net\/wp\/bollatese\/bollate-miriluna-nuovo-disco-con-mario-biondi\/","url":"https:\/\/www.ilnotiziario.net\/wp\/bollatese\/bollate-miriluna-nuovo-disco-con-mario-biondi\/","name":"Bollate: Miriluna, nuovo disco con Mario Biondi - Il Notiziario","isPartOf":{"@id":"https:\/\/www.ilnotiziario.net\/wp\/#website"},"primaryImageOfPage":{"@id":"https:\/\/www.ilnotiziario.net\/wp\/bollatese\/bollate-miriluna-nuovo-disco-con-mario-biondi\/#primaryimage"},"image":{"@id":"https:\/\/www.ilnotiziario.net\/wp\/bollatese\/bollate-miriluna-nuovo-disco-con-mario-biondi\/#primaryimage"},"thumbnailUrl":"https:\/\/www.ilnotiziario.net\/wp\/wp-content\/uploads\/2023\/07\/Bollate-Miriluna-Mario-Biondi.jpg","datePublished":"2023-07-22T17:53:20+00:00","description":"Bollate: Miriluna, nuovo disco con Mario Biondi. Miriam Lunari, in arte Miriluna, ha da poco inciso una nuova canzone, dal titolo \u201cPortami al mare\u201d","breadcrumb":{"@id":"https:\/\/www.ilnotiziario.net\/wp\/bollatese\/bollate-miriluna-nuovo-disco-con-mario-biondi\/#breadcrumb"},"inLanguage":"it-IT","potentialAction":[{"@type":"ReadAction","target":["https:\/\/www.ilnotiziario.net\/wp\/bollatese\/bollate-miriluna-nuovo-disco-con-mario-biondi\/"]}]},{"@type":"ImageObject","inLanguage":"it-IT","@id":"https:\/\/www.ilnotiziario.net\/wp\/bollatese\/bollate-miriluna-nuovo-disco-con-mario-biondi\/#primaryimage","url":"https:\/\/www.ilnotiziario.net\/wp\/wp-content\/uploads\/2023\/07\/Bollate-Miriluna-Mario-Biondi.jpg","contentUrl":"https:\/\/www.ilnotiziario.net\/wp\/wp-content\/uploads\/2023\/07\/Bollate-Miriluna-Mario-Biondi.jpg","width":334,"height":276,"caption":"Bollate Miriluna Mario Biondi"},{"@type":"BreadcrumbList","@id":"https:\/\/www.ilnotiziario.net\/wp\/bollatese\/bollate-miriluna-nuovo-disco-con-mario-biondi\/#breadcrumb","itemListElement":[{"@type":"ListItem","position":1,"name":"tds_text_logo_tagline_colortds_text_logo_tagline_colortds_text_logo_tagline_colortds_text_logo_tagline_colortd_module_7_title_excerpttd_module_7_title_excerpttd_module_7_title_excerpttd_module_7_title_excerptHome","item":"https:\/\/www.ilnotiziario.net\/wp\/"},{"@type":"ListItem","position":2,"name":"Bollate: Miriluna, nuovo disco con Mario Biondi"}]},{"@type":"WebSite","@id":"https:\/\/www.ilnotiziario.net\/wp\/#website","url":"https:\/\/www.ilnotiziario.net\/wp\/","name":"Il Notiziario","description":"Per restare sempre connessi alla notizia","publisher":{"@id":"https:\/\/www.ilnotiziario.net\/wp\/#organization"},"alternateName":"Il Notiziario Bollate","potentialAction":[{"@type":"SearchAction","target":{"@type":"EntryPoint","urlTemplate":"https:\/\/www.ilnotiziario.net\/wp\/?s={search_term_string}"},"query-input":{"@type":"PropertyValueSpecification","valueRequired":true,"valueName":"search_term_string"}}],"inLanguage":"it-IT"},{"@type":"Organization","@id":"https:\/\/www.ilnotiziario.net\/wp\/#organization","name":"Il Notiziario","url":"https:\/\/www.ilnotiziario.net\/wp\/","logo":{"@type":"ImageObject","inLanguage":"it-IT","@id":"https:\/\/www.ilnotiziario.net\/wp\/#\/schema\/logo\/image\/","url":"https:\/\/www.ilnotiziario.net\/wp\/wp-content\/uploads\/2022\/06\/170x170ilN.png","contentUrl":"https:\/\/www.ilnotiziario.net\/wp\/wp-content\/uploads\/2022\/06\/170x170ilN.png","width":355,"height":355,"caption":"Il Notiziario"},"image":{"@id":"https:\/\/www.ilnotiziario.net\/wp\/#\/schema\/logo\/image\/"},"sameAs":["https:\/\/www.facebook.com\/ilnotiziarioind\/","https:\/\/x.com\/ilNotiziarioInd","https:\/\/www.instagram.com\/ilnotiziario_settimanale\/"]},{"@type":"Person","@id":"https:\/\/www.ilnotiziario.net\/wp\/#\/schema\/person\/c5bca2edc3d99d29959f04a6126f687b","name":"Silvia Citterio","image":{"@type":"ImageObject","inLanguage":"it-IT","@id":"https:\/\/secure.gravatar.com\/avatar\/03eb19c63b944e79a9b5ce53ca5d1ca303edcf368a68721ec3ccaae7f98c5afd?s=96&d=mm&r=g","url":"https:\/\/secure.gravatar.com\/avatar\/03eb19c63b944e79a9b5ce53ca5d1ca303edcf368a68721ec3ccaae7f98c5afd?s=96&d=mm&r=g","contentUrl":"https:\/\/secure.gravatar.com\/avatar\/03eb19c63b944e79a9b5ce53ca5d1ca303edcf368a68721ec3ccaae7f98c5afd?s=96&d=mm&r=g","caption":"Silvia Citterio"}}]}},"_links":{"self":[{"href":"https:\/\/www.ilnotiziario.net\/wp\/wp-json\/wp\/v2\/posts\/185855","targetHints":{"allow":["GET"]}}],"collection":[{"href":"https:\/\/www.ilnotiziario.net\/wp\/wp-json\/wp\/v2\/posts"}],"about":[{"href":"https:\/\/www.ilnotiziario.net\/wp\/wp-json\/wp\/v2\/types\/post"}],"author":[{"embeddable":true,"href":"https:\/\/www.ilnotiziario.net\/wp\/wp-json\/wp\/v2\/users\/14"}],"replies":[{"embeddable":true,"href":"https:\/\/www.ilnotiziario.net\/wp\/wp-json\/wp\/v2\/comments?post=185855"}],"version-history":[{"count":0,"href":"https:\/\/www.ilnotiziario.net\/wp\/wp-json\/wp\/v2\/posts\/185855\/revisions"}],"wp:featuredmedia":[{"embeddable":true,"href":"https:\/\/www.ilnotiziario.net\/wp\/wp-json\/wp\/v2\/media\/185856"}],"wp:attachment":[{"href":"https:\/\/www.ilnotiziario.net\/wp\/wp-json\/wp\/v2\/media?parent=185855"}],"wp:term":[{"taxonomy":"category","embeddable":true,"href":"https:\/\/www.ilnotiziario.net\/wp\/wp-json\/wp\/v2\/categories?post=185855"},{"taxonomy":"post_tag","embeddable":true,"href":"https:\/\/www.ilnotiziario.net\/wp\/wp-json\/wp\/v2\/tags?post=185855"}],"curies":[{"name":"wp","href":"https:\/\/api.w.org\/{rel}","templated":true}]}}