{"id":185954,"date":"2023-07-24T16:24:52","date_gmt":"2023-07-24T14:24:52","guid":{"rendered":"https:\/\/www.ilnotiziario.net\/wp\/?p=185954"},"modified":"2023-07-24T16:24:52","modified_gmt":"2023-07-24T14:24:52","slug":"grandine-oggi-paderno-acqua-alta-alberi-caduti","status":"publish","type":"post","link":"https:\/\/www.ilnotiziario.net\/wp\/prima-pagina\/grandine-oggi-paderno-acqua-alta-alberi-caduti\/","title":{"rendered":"Grandine oggi a Paderno: acqua alta in via Buozzi, ancora alberi caduti"},"content":{"rendered":"<p>Acqua alta in centro a Paderno Dugnano dopo la tempesta di grandine del primo pomeriggio di oggi. I maggiori disagi si sono registrati lungo via Buozzi.<\/p><div id=\"ilnot-444936998\" class=\"ilnot-contenuto ilnot-entity-placement\"><p><!-- incontent_1 --><\/p>\n<div class=\"gptslot\" data-adunitid=\"1\"><\/div>\n<\/div>\n<h2>\nAcqua alta in centro a Paderno Dugnano<\/h2>\n<p>Con la terza scarica di pioggia di oggi, si \u00e8 accumulata cos\u00ec tanta acqua piovana sull\u2019asfalto che via Buozzi attorno alle 15 \u00e8 rimasta impraticabile per diversi minuti. La questione degli scarichi nella rete fognaria sono un problema noto che si trascinano da anni. Proprio per evitare allagamenti a case e negozi nella scorsa estate sono stati effettuati lavori di rifacimento della rete fognaria lungo la dorsale di via Rotondi. Un intervento che in queste giornate di forte maltempo, ha manifestato la tenuta evitando di allagare i negozi.<\/p>\n<p>Invece, l\u2019acqua piovana si \u00e8 riversata lungo l\u2019altra dorsale di Dugnano. Da piazza Matteotti fino all\u2019incrocio con via Madonna si sono accumulato almeno 15 centimetri d\u2019acqua con auto che faticavano a procedere la marcia.<\/p><div id=\"ilnot-176145768\" class=\"ilnot-contenuto_2 ilnot-entity-placement\"><div class=\"ads-wrapper\">\n<div class=\"ad-slot\">\n   <div id=\"ilnot-1736409869\" style=\"margin-right: auto;margin-left: auto;text-align: center;width: 320px;height: 100px;\"><a href=\"https:\/\/www.scuolasicurezza.it\/\"><img decoding=\"async\" src=\"https:\/\/www.ilnotiziario.net\/wp\/wp-content\/uploads\/2026\/04\/IlNotiziario_banner-sito-e-newsletter-320-x-100-px-1.gif\" alt=\"\"><\/a><\/div>\n  <\/div>\n<div class=\"ad-slot\">\n   <div id=\"ilnot-20938577\" style=\"margin-right: auto;margin-left: auto;text-align: center;width: 320px;height: 100px;\"><a href=\"https:\/\/purodesignarredamenti.com\/\"><img decoding=\"async\" src=\"https:\/\/www.ilnotiziario.net\/wp\/wp-content\/uploads\/2026\/04\/banner-puro-ok.gif\" alt=\"whatsapp\"><\/a><\/div><\/p><\/div>\n<\/div>\n<\/div>\n<p>&nbsp;<\/p>\n<h2>Ancora alberi caduti a Paderno dopo il record di venerd\u00ec sera<\/h2>\n<p>Anche la tempesta del primo pomeriggio di oggi ha causato la caduta di diversi alberi sul territorio di Paderno Dugnano. Numerosi interventi sono in corso, tra cui uno nel comparto della Guardia di Finanza, dove un pino \u00e8 precipitato colpendo alcune auto in sosta nell\u2019area industriale a ridosso della Statale dei Giovi. Per fortuna nessuno \u00e8 rimasto ferito, \u00e8 andata diversamente venerd\u00ec mattina quando a seguito del temporale un postino \u00e8 rimasto colpito da un tronco precipitato al suolo lungo viale Europa. Poche ore dopo lungo la stessa via sono caduti oltre 30 alberi nel giro di pochi minuti.<\/p>\n","protected":false},"excerpt":{"rendered":"<p>Acqua alta in centro a Paderno Dugnano dopo la tempesta di grandine del primo pomeriggio di oggi. I maggiori disagi si sono registrati lungo via Buozzi. Acqua alta in centro a Paderno Dugnano Con la terza scarica di pioggia di oggi, si \u00e8 accumulata cos\u00ec tanta acqua piovana sull\u2019asfalto che via Buozzi attorno alle 15<\/p>\n","protected":false},"author":3,"featured_media":185955,"comment_status":"closed","ping_status":"closed","sticky":false,"template":"","format":"standard","meta":{"footnotes":""},"categories":[11,20],"tags":[1402,1065,758,461,39],"class_list":{"0":"post-185954","1":"post","2":"type-post","3":"status-publish","4":"format-standard","5":"has-post-thumbnail","7":"category-nord-milano","8":"category-prima-pagina","9":"tag-acqua","10":"tag-alberi","11":"tag-allagamento","12":"tag-centro","13":"tag-paderno-dugnano"},"yoast_head":"<!-- This site is optimized with the Yoast SEO plugin v27.4 - https:\/\/yoast.com\/product\/yoast-seo-wordpress\/ -->\n<title>Grandine oggi a Paderno: acqua alta in via Buozzi, ancora alberi caduti - Il Notiziario<\/title>\n<meta name=\"description\" content=\"Acqua alta in centro a Paderno Dugnano dopo la tempesta di grandine del primo pomeriggio di oggi. I maggiori disagi si sono registrati lungo via Buozzi.\" \/>\n<meta name=\"robots\" content=\"index, follow, max-snippet:-1, max-image-preview:large, max-video-preview:-1\" \/>\n<link rel=\"canonical\" href=\"https:\/\/www.ilnotiziario.net\/wp\/prima-pagina\/grandine-oggi-paderno-acqua-alta-alberi-caduti\/\" \/>\n<meta property=\"og:locale\" content=\"it_IT\" \/>\n<meta property=\"og:type\" content=\"article\" \/>\n<meta property=\"og:title\" content=\"Grandine oggi a Paderno: acqua alta in via Buozzi, ancora alberi caduti - Il Notiziario\" \/>\n<meta property=\"og:description\" content=\"Acqua alta in centro a Paderno Dugnano dopo la tempesta di grandine del primo pomeriggio di oggi. I maggiori disagi si sono registrati lungo via Buozzi.\" \/>\n<meta property=\"og:url\" content=\"https:\/\/www.ilnotiziario.net\/wp\/prima-pagina\/grandine-oggi-paderno-acqua-alta-alberi-caduti\/\" \/>\n<meta property=\"og:site_name\" content=\"Il Notiziario\" \/>\n<meta property=\"article:publisher\" content=\"https:\/\/www.facebook.com\/ilnotiziarioind\/\" \/>\n<meta property=\"article:published_time\" content=\"2023-07-24T14:24:52+00:00\" \/>\n<meta property=\"og:image\" content=\"https:\/\/www.ilnotiziario.net\/wp\/wp-content\/uploads\/2023\/07\/Paderno-Dugnano-via-Buozzi.jpeg\" \/>\n\t<meta property=\"og:image:width\" content=\"1024\" \/>\n\t<meta property=\"og:image:height\" content=\"576\" \/>\n\t<meta property=\"og:image:type\" content=\"image\/jpeg\" \/>\n<meta name=\"author\" content=\"Gabriele Bassani\" \/>\n<meta name=\"twitter:card\" content=\"summary_large_image\" \/>\n<meta name=\"twitter:creator\" content=\"@ilNotiziarioInd\" \/>\n<meta name=\"twitter:site\" content=\"@ilNotiziarioInd\" \/>\n<meta name=\"twitter:label1\" content=\"Scritto da\" \/>\n\t<meta name=\"twitter:data1\" content=\"Gabriele Bassani\" \/>\n\t<meta name=\"twitter:label2\" content=\"Tempo di lettura stimato\" \/>\n\t<meta name=\"twitter:data2\" content=\"2 minuti\" \/>\n<script type=\"application\/ld+json\" class=\"yoast-schema-graph\">{\"@context\":\"https:\\\/\\\/schema.org\",\"@graph\":[{\"@type\":\"Article\",\"@id\":\"https:\\\/\\\/www.ilnotiziario.net\\\/wp\\\/prima-pagina\\\/grandine-oggi-paderno-acqua-alta-alberi-caduti\\\/#article\",\"isPartOf\":{\"@id\":\"https:\\\/\\\/www.ilnotiziario.net\\\/wp\\\/prima-pagina\\\/grandine-oggi-paderno-acqua-alta-alberi-caduti\\\/\"},\"author\":{\"name\":\"Gabriele Bassani\",\"@id\":\"https:\\\/\\\/www.ilnotiziario.net\\\/wp\\\/#\\\/schema\\\/person\\\/386e222908f898bb41c033989482bbf2\"},\"headline\":\"Grandine oggi a Paderno: acqua alta in via Buozzi, ancora alberi caduti\",\"datePublished\":\"2023-07-24T14:24:52+00:00\",\"mainEntityOfPage\":{\"@id\":\"https:\\\/\\\/www.ilnotiziario.net\\\/wp\\\/prima-pagina\\\/grandine-oggi-paderno-acqua-alta-alberi-caduti\\\/\"},\"wordCount\":274,\"publisher\":{\"@id\":\"https:\\\/\\\/www.ilnotiziario.net\\\/wp\\\/#organization\"},\"image\":{\"@id\":\"https:\\\/\\\/www.ilnotiziario.net\\\/wp\\\/prima-pagina\\\/grandine-oggi-paderno-acqua-alta-alberi-caduti\\\/#primaryimage\"},\"thumbnailUrl\":\"https:\\\/\\\/www.ilnotiziario.net\\\/wp\\\/wp-content\\\/uploads\\\/2023\\\/07\\\/Paderno-Dugnano-via-Buozzi.jpeg\",\"keywords\":[\"acqua\",\"alberi\",\"allagamento\",\"centro\",\"Paderno Dugnano\"],\"articleSection\":[\"NORD MILANO\",\"Prima Pagina\"],\"inLanguage\":\"it-IT\"},{\"@type\":\"WebPage\",\"@id\":\"https:\\\/\\\/www.ilnotiziario.net\\\/wp\\\/prima-pagina\\\/grandine-oggi-paderno-acqua-alta-alberi-caduti\\\/\",\"url\":\"https:\\\/\\\/www.ilnotiziario.net\\\/wp\\\/prima-pagina\\\/grandine-oggi-paderno-acqua-alta-alberi-caduti\\\/\",\"name\":\"Grandine oggi a Paderno: acqua alta in via Buozzi, ancora alberi caduti - Il Notiziario\",\"isPartOf\":{\"@id\":\"https:\\\/\\\/www.ilnotiziario.net\\\/wp\\\/#website\"},\"primaryImageOfPage\":{\"@id\":\"https:\\\/\\\/www.ilnotiziario.net\\\/wp\\\/prima-pagina\\\/grandine-oggi-paderno-acqua-alta-alberi-caduti\\\/#primaryimage\"},\"image\":{\"@id\":\"https:\\\/\\\/www.ilnotiziario.net\\\/wp\\\/prima-pagina\\\/grandine-oggi-paderno-acqua-alta-alberi-caduti\\\/#primaryimage\"},\"thumbnailUrl\":\"https:\\\/\\\/www.ilnotiziario.net\\\/wp\\\/wp-content\\\/uploads\\\/2023\\\/07\\\/Paderno-Dugnano-via-Buozzi.jpeg\",\"datePublished\":\"2023-07-24T14:24:52+00:00\",\"description\":\"Acqua alta in centro a Paderno Dugnano dopo la tempesta di grandine del primo pomeriggio di oggi. I maggiori disagi si sono registrati lungo via Buozzi.\",\"breadcrumb\":{\"@id\":\"https:\\\/\\\/www.ilnotiziario.net\\\/wp\\\/prima-pagina\\\/grandine-oggi-paderno-acqua-alta-alberi-caduti\\\/#breadcrumb\"},\"inLanguage\":\"it-IT\",\"potentialAction\":[{\"@type\":\"ReadAction\",\"target\":[\"https:\\\/\\\/www.ilnotiziario.net\\\/wp\\\/prima-pagina\\\/grandine-oggi-paderno-acqua-alta-alberi-caduti\\\/\"]}]},{\"@type\":\"ImageObject\",\"inLanguage\":\"it-IT\",\"@id\":\"https:\\\/\\\/www.ilnotiziario.net\\\/wp\\\/prima-pagina\\\/grandine-oggi-paderno-acqua-alta-alberi-caduti\\\/#primaryimage\",\"url\":\"https:\\\/\\\/www.ilnotiziario.net\\\/wp\\\/wp-content\\\/uploads\\\/2023\\\/07\\\/Paderno-Dugnano-via-Buozzi.jpeg\",\"contentUrl\":\"https:\\\/\\\/www.ilnotiziario.net\\\/wp\\\/wp-content\\\/uploads\\\/2023\\\/07\\\/Paderno-Dugnano-via-Buozzi.jpeg\",\"width\":1024,\"height\":576,\"caption\":\"Paderno Dugnano allagamento\"},{\"@type\":\"BreadcrumbList\",\"@id\":\"https:\\\/\\\/www.ilnotiziario.net\\\/wp\\\/prima-pagina\\\/grandine-oggi-paderno-acqua-alta-alberi-caduti\\\/#breadcrumb\",\"itemListElement\":[{\"@type\":\"ListItem\",\"position\":1,\"name\":\"tds_text_logo_tagline_colortds_text_logo_tagline_colortds_text_logo_tagline_colortds_text_logo_tagline_colortd_module_7_title_excerpttd_module_7_title_excerpttd_module_7_title_excerpttd_module_7_title_excerptHome\",\"item\":\"https:\\\/\\\/www.ilnotiziario.net\\\/wp\\\/\"},{\"@type\":\"ListItem\",\"position\":2,\"name\":\"Grandine oggi a Paderno: acqua alta in via Buozzi, ancora alberi caduti\"}]},{\"@type\":\"WebSite\",\"@id\":\"https:\\\/\\\/www.ilnotiziario.net\\\/wp\\\/#website\",\"url\":\"https:\\\/\\\/www.ilnotiziario.net\\\/wp\\\/\",\"name\":\"Il Notiziario\",\"description\":\"Per restare sempre connessi alla notizia\",\"publisher\":{\"@id\":\"https:\\\/\\\/www.ilnotiziario.net\\\/wp\\\/#organization\"},\"alternateName\":\"Il Notiziario Bollate\",\"potentialAction\":[{\"@type\":\"SearchAction\",\"target\":{\"@type\":\"EntryPoint\",\"urlTemplate\":\"https:\\\/\\\/www.ilnotiziario.net\\\/wp\\\/?s={search_term_string}\"},\"query-input\":{\"@type\":\"PropertyValueSpecification\",\"valueRequired\":true,\"valueName\":\"search_term_string\"}}],\"inLanguage\":\"it-IT\"},{\"@type\":\"Organization\",\"@id\":\"https:\\\/\\\/www.ilnotiziario.net\\\/wp\\\/#organization\",\"name\":\"Il Notiziario\",\"url\":\"https:\\\/\\\/www.ilnotiziario.net\\\/wp\\\/\",\"logo\":{\"@type\":\"ImageObject\",\"inLanguage\":\"it-IT\",\"@id\":\"https:\\\/\\\/www.ilnotiziario.net\\\/wp\\\/#\\\/schema\\\/logo\\\/image\\\/\",\"url\":\"https:\\\/\\\/www.ilnotiziario.net\\\/wp\\\/wp-content\\\/uploads\\\/2022\\\/06\\\/170x170ilN.png\",\"contentUrl\":\"https:\\\/\\\/www.ilnotiziario.net\\\/wp\\\/wp-content\\\/uploads\\\/2022\\\/06\\\/170x170ilN.png\",\"width\":355,\"height\":355,\"caption\":\"Il Notiziario\"},\"image\":{\"@id\":\"https:\\\/\\\/www.ilnotiziario.net\\\/wp\\\/#\\\/schema\\\/logo\\\/image\\\/\"},\"sameAs\":[\"https:\\\/\\\/www.facebook.com\\\/ilnotiziarioind\\\/\",\"https:\\\/\\\/x.com\\\/ilNotiziarioInd\",\"https:\\\/\\\/www.instagram.com\\\/ilnotiziario_settimanale\\\/\"]},{\"@type\":\"Person\",\"@id\":\"https:\\\/\\\/www.ilnotiziario.net\\\/wp\\\/#\\\/schema\\\/person\\\/386e222908f898bb41c033989482bbf2\",\"name\":\"Gabriele Bassani\",\"image\":{\"@type\":\"ImageObject\",\"inLanguage\":\"it-IT\",\"@id\":\"https:\\\/\\\/secure.gravatar.com\\\/avatar\\\/09274f4a84fa97698bde56f84b3afed61c8492d48b0550db9671b68c177479cb?s=96&d=mm&r=g\",\"url\":\"https:\\\/\\\/secure.gravatar.com\\\/avatar\\\/09274f4a84fa97698bde56f84b3afed61c8492d48b0550db9671b68c177479cb?s=96&d=mm&r=g\",\"contentUrl\":\"https:\\\/\\\/secure.gravatar.com\\\/avatar\\\/09274f4a84fa97698bde56f84b3afed61c8492d48b0550db9671b68c177479cb?s=96&d=mm&r=g\",\"caption\":\"Gabriele Bassani\"},\"sameAs\":[\"http:\\\/\\\/www.ilnotiziario.net\"]}]}<\/script>\n<!-- \/ Yoast SEO plugin. -->","yoast_head_json":{"title":"Grandine oggi a Paderno: acqua alta in via Buozzi, ancora alberi caduti - Il Notiziario","description":"Acqua alta in centro a Paderno Dugnano dopo la tempesta di grandine del primo pomeriggio di oggi. I maggiori disagi si sono registrati lungo via Buozzi.","robots":{"index":"index","follow":"follow","max-snippet":"max-snippet:-1","max-image-preview":"max-image-preview:large","max-video-preview":"max-video-preview:-1"},"canonical":"https:\/\/www.ilnotiziario.net\/wp\/prima-pagina\/grandine-oggi-paderno-acqua-alta-alberi-caduti\/","og_locale":"it_IT","og_type":"article","og_title":"Grandine oggi a Paderno: acqua alta in via Buozzi, ancora alberi caduti - Il Notiziario","og_description":"Acqua alta in centro a Paderno Dugnano dopo la tempesta di grandine del primo pomeriggio di oggi. I maggiori disagi si sono registrati lungo via Buozzi.","og_url":"https:\/\/www.ilnotiziario.net\/wp\/prima-pagina\/grandine-oggi-paderno-acqua-alta-alberi-caduti\/","og_site_name":"Il Notiziario","article_publisher":"https:\/\/www.facebook.com\/ilnotiziarioind\/","article_published_time":"2023-07-24T14:24:52+00:00","og_image":[{"width":1024,"height":576,"url":"https:\/\/www.ilnotiziario.net\/wp\/wp-content\/uploads\/2023\/07\/Paderno-Dugnano-via-Buozzi.jpeg","type":"image\/jpeg"}],"author":"Gabriele Bassani","twitter_card":"summary_large_image","twitter_creator":"@ilNotiziarioInd","twitter_site":"@ilNotiziarioInd","twitter_misc":{"Scritto da":"Gabriele Bassani","Tempo di lettura stimato":"2 minuti"},"schema":{"@context":"https:\/\/schema.org","@graph":[{"@type":"Article","@id":"https:\/\/www.ilnotiziario.net\/wp\/prima-pagina\/grandine-oggi-paderno-acqua-alta-alberi-caduti\/#article","isPartOf":{"@id":"https:\/\/www.ilnotiziario.net\/wp\/prima-pagina\/grandine-oggi-paderno-acqua-alta-alberi-caduti\/"},"author":{"name":"Gabriele Bassani","@id":"https:\/\/www.ilnotiziario.net\/wp\/#\/schema\/person\/386e222908f898bb41c033989482bbf2"},"headline":"Grandine oggi a Paderno: acqua alta in via Buozzi, ancora alberi caduti","datePublished":"2023-07-24T14:24:52+00:00","mainEntityOfPage":{"@id":"https:\/\/www.ilnotiziario.net\/wp\/prima-pagina\/grandine-oggi-paderno-acqua-alta-alberi-caduti\/"},"wordCount":274,"publisher":{"@id":"https:\/\/www.ilnotiziario.net\/wp\/#organization"},"image":{"@id":"https:\/\/www.ilnotiziario.net\/wp\/prima-pagina\/grandine-oggi-paderno-acqua-alta-alberi-caduti\/#primaryimage"},"thumbnailUrl":"https:\/\/www.ilnotiziario.net\/wp\/wp-content\/uploads\/2023\/07\/Paderno-Dugnano-via-Buozzi.jpeg","keywords":["acqua","alberi","allagamento","centro","Paderno Dugnano"],"articleSection":["NORD MILANO","Prima Pagina"],"inLanguage":"it-IT"},{"@type":"WebPage","@id":"https:\/\/www.ilnotiziario.net\/wp\/prima-pagina\/grandine-oggi-paderno-acqua-alta-alberi-caduti\/","url":"https:\/\/www.ilnotiziario.net\/wp\/prima-pagina\/grandine-oggi-paderno-acqua-alta-alberi-caduti\/","name":"Grandine oggi a Paderno: acqua alta in via Buozzi, ancora alberi caduti - Il Notiziario","isPartOf":{"@id":"https:\/\/www.ilnotiziario.net\/wp\/#website"},"primaryImageOfPage":{"@id":"https:\/\/www.ilnotiziario.net\/wp\/prima-pagina\/grandine-oggi-paderno-acqua-alta-alberi-caduti\/#primaryimage"},"image":{"@id":"https:\/\/www.ilnotiziario.net\/wp\/prima-pagina\/grandine-oggi-paderno-acqua-alta-alberi-caduti\/#primaryimage"},"thumbnailUrl":"https:\/\/www.ilnotiziario.net\/wp\/wp-content\/uploads\/2023\/07\/Paderno-Dugnano-via-Buozzi.jpeg","datePublished":"2023-07-24T14:24:52+00:00","description":"Acqua alta in centro a Paderno Dugnano dopo la tempesta di grandine del primo pomeriggio di oggi. I maggiori disagi si sono registrati lungo via Buozzi.","breadcrumb":{"@id":"https:\/\/www.ilnotiziario.net\/wp\/prima-pagina\/grandine-oggi-paderno-acqua-alta-alberi-caduti\/#breadcrumb"},"inLanguage":"it-IT","potentialAction":[{"@type":"ReadAction","target":["https:\/\/www.ilnotiziario.net\/wp\/prima-pagina\/grandine-oggi-paderno-acqua-alta-alberi-caduti\/"]}]},{"@type":"ImageObject","inLanguage":"it-IT","@id":"https:\/\/www.ilnotiziario.net\/wp\/prima-pagina\/grandine-oggi-paderno-acqua-alta-alberi-caduti\/#primaryimage","url":"https:\/\/www.ilnotiziario.net\/wp\/wp-content\/uploads\/2023\/07\/Paderno-Dugnano-via-Buozzi.jpeg","contentUrl":"https:\/\/www.ilnotiziario.net\/wp\/wp-content\/uploads\/2023\/07\/Paderno-Dugnano-via-Buozzi.jpeg","width":1024,"height":576,"caption":"Paderno Dugnano allagamento"},{"@type":"BreadcrumbList","@id":"https:\/\/www.ilnotiziario.net\/wp\/prima-pagina\/grandine-oggi-paderno-acqua-alta-alberi-caduti\/#breadcrumb","itemListElement":[{"@type":"ListItem","position":1,"name":"tds_text_logo_tagline_colortds_text_logo_tagline_colortds_text_logo_tagline_colortds_text_logo_tagline_colortd_module_7_title_excerpttd_module_7_title_excerpttd_module_7_title_excerpttd_module_7_title_excerptHome","item":"https:\/\/www.ilnotiziario.net\/wp\/"},{"@type":"ListItem","position":2,"name":"Grandine oggi a Paderno: acqua alta in via Buozzi, ancora alberi caduti"}]},{"@type":"WebSite","@id":"https:\/\/www.ilnotiziario.net\/wp\/#website","url":"https:\/\/www.ilnotiziario.net\/wp\/","name":"Il Notiziario","description":"Per restare sempre connessi alla notizia","publisher":{"@id":"https:\/\/www.ilnotiziario.net\/wp\/#organization"},"alternateName":"Il Notiziario Bollate","potentialAction":[{"@type":"SearchAction","target":{"@type":"EntryPoint","urlTemplate":"https:\/\/www.ilnotiziario.net\/wp\/?s={search_term_string}"},"query-input":{"@type":"PropertyValueSpecification","valueRequired":true,"valueName":"search_term_string"}}],"inLanguage":"it-IT"},{"@type":"Organization","@id":"https:\/\/www.ilnotiziario.net\/wp\/#organization","name":"Il Notiziario","url":"https:\/\/www.ilnotiziario.net\/wp\/","logo":{"@type":"ImageObject","inLanguage":"it-IT","@id":"https:\/\/www.ilnotiziario.net\/wp\/#\/schema\/logo\/image\/","url":"https:\/\/www.ilnotiziario.net\/wp\/wp-content\/uploads\/2022\/06\/170x170ilN.png","contentUrl":"https:\/\/www.ilnotiziario.net\/wp\/wp-content\/uploads\/2022\/06\/170x170ilN.png","width":355,"height":355,"caption":"Il Notiziario"},"image":{"@id":"https:\/\/www.ilnotiziario.net\/wp\/#\/schema\/logo\/image\/"},"sameAs":["https:\/\/www.facebook.com\/ilnotiziarioind\/","https:\/\/x.com\/ilNotiziarioInd","https:\/\/www.instagram.com\/ilnotiziario_settimanale\/"]},{"@type":"Person","@id":"https:\/\/www.ilnotiziario.net\/wp\/#\/schema\/person\/386e222908f898bb41c033989482bbf2","name":"Gabriele Bassani","image":{"@type":"ImageObject","inLanguage":"it-IT","@id":"https:\/\/secure.gravatar.com\/avatar\/09274f4a84fa97698bde56f84b3afed61c8492d48b0550db9671b68c177479cb?s=96&d=mm&r=g","url":"https:\/\/secure.gravatar.com\/avatar\/09274f4a84fa97698bde56f84b3afed61c8492d48b0550db9671b68c177479cb?s=96&d=mm&r=g","contentUrl":"https:\/\/secure.gravatar.com\/avatar\/09274f4a84fa97698bde56f84b3afed61c8492d48b0550db9671b68c177479cb?s=96&d=mm&r=g","caption":"Gabriele Bassani"},"sameAs":["http:\/\/www.ilnotiziario.net"]}]}},"_links":{"self":[{"href":"https:\/\/www.ilnotiziario.net\/wp\/wp-json\/wp\/v2\/posts\/185954","targetHints":{"allow":["GET"]}}],"collection":[{"href":"https:\/\/www.ilnotiziario.net\/wp\/wp-json\/wp\/v2\/posts"}],"about":[{"href":"https:\/\/www.ilnotiziario.net\/wp\/wp-json\/wp\/v2\/types\/post"}],"author":[{"embeddable":true,"href":"https:\/\/www.ilnotiziario.net\/wp\/wp-json\/wp\/v2\/users\/3"}],"replies":[{"embeddable":true,"href":"https:\/\/www.ilnotiziario.net\/wp\/wp-json\/wp\/v2\/comments?post=185954"}],"version-history":[{"count":0,"href":"https:\/\/www.ilnotiziario.net\/wp\/wp-json\/wp\/v2\/posts\/185954\/revisions"}],"wp:featuredmedia":[{"embeddable":true,"href":"https:\/\/www.ilnotiziario.net\/wp\/wp-json\/wp\/v2\/media\/185955"}],"wp:attachment":[{"href":"https:\/\/www.ilnotiziario.net\/wp\/wp-json\/wp\/v2\/media?parent=185954"}],"wp:term":[{"taxonomy":"category","embeddable":true,"href":"https:\/\/www.ilnotiziario.net\/wp\/wp-json\/wp\/v2\/categories?post=185954"},{"taxonomy":"post_tag","embeddable":true,"href":"https:\/\/www.ilnotiziario.net\/wp\/wp-json\/wp\/v2\/tags?post=185954"}],"curies":[{"name":"wp","href":"https:\/\/api.w.org\/{rel}","templated":true}]}}