{"id":186427,"date":"2023-08-03T09:49:04","date_gmt":"2023-08-03T07:49:04","guid":{"rendered":"https:\/\/www.ilnotiziario.net\/wp\/?p=186427"},"modified":"2023-08-03T09:49:04","modified_gmt":"2023-08-03T07:49:04","slug":"limbiate-rotatoria-supermercato-comasina-turati-lavori","status":"publish","type":"post","link":"https:\/\/www.ilnotiziario.net\/wp\/brianza\/limbiate-rotatoria-supermercato-comasina-turati-lavori\/","title":{"rendered":"Limbiate, rotatoria e supermercato tra la Comasina e via Turati, al via i lavori"},"content":{"rendered":"<p>Da luned\u00ec prossimo, 7 agosto, inizieranno i lavori per la realizzazione della rotatoria sulla Comasina all\u2019intersezione con via Turati, quartiere Villaggio Giovi, a ridosso dell\u2019area dell\u2019ex Snia di Varedo, dove sono in corso gli interventi di riqualificazione.<\/p><div id=\"ilnot-2990126555\" class=\"ilnot-contenuto ilnot-entity-placement\"><p><!-- incontent_1 --><\/p>\n<div class=\"gptslot\" data-adunitid=\"1\"><\/div>\n<\/div>\n<p>Per consentire lo svolgimento dei lavori dal 7 agosto verr\u00e0 istituito il divieto di transito 0\/24 a tutti i veicoli, in ingresso per la Via Turati, ad esclusione dei mezzi di emergenza e di trasporto pubblico per i quali sar\u00e0 garantito il doppio senso di circolazione anche con l&#8217;ausilio di movieri.<\/p>\n<p>Verranno predisposti percorsi di deviazione obbligatoria mediante apposita segnaletica, in Corso Milano in entrambi i sensi di marcia, in prossimit\u00e0 della Via Marconi di Limbiate e in prossimit\u00e0 delle vie Sardegna, Crispi e Trieste e in prossimit\u00e0 della rotatoria Dei Mille intersezione Corso Milano (del Comune di Varedo) attraverso idonea segnaletica di preavviso.<\/p><div id=\"ilnot-3796922102\" class=\"ilnot-contenuto_2 ilnot-entity-placement\"><div class=\"ads-wrapper\">\n<div class=\"ad-slot\">\n   <div id=\"ilnot-2911556653\" style=\"margin-right: auto;margin-left: auto;text-align: center;width: 320px;height: 100px;\"><a href=\"https:\/\/www.scuolasicurezza.it\/\"><img decoding=\"async\" src=\"https:\/\/www.ilnotiziario.net\/wp\/wp-content\/uploads\/2026\/04\/IlNotiziario_banner-sito-e-newsletter-320-x-100-px-1.gif\" alt=\"\"><\/a><\/div>\n  <\/div>\n<div class=\"ad-slot\">\n   <div id=\"ilnot-655318571\" style=\"margin-right: auto;margin-left: auto;text-align: center;width: 320px;height: 100px;\"><a href=\"https:\/\/purodesignarredamenti.com\/\"><img decoding=\"async\" src=\"https:\/\/www.ilnotiziario.net\/wp\/wp-content\/uploads\/2026\/04\/banner-puro-ok.gif\" alt=\"whatsapp\"><\/a><\/div><\/p><\/div>\n<\/div>\n<\/div>\n<h2>Dal 7 agosto chiusure e deviazioni dalla Comasina a Villaggio Giovi di Limbiate&nbsp;<\/h2>\n<p>\u201cIl transito nella zona di cantiere Corso Milano sar\u00e0 interdetto solamente nelle fasi iniziali di predisposizione dell&#8217;area di cantiere. Nel caso necessiti sar\u00e0 possibile adottare nell&#8217;area di cantiere di corso Milano un provvedimento viabilistico temporaneo di senso unico alternato, mediante predisposizione di idonea segnaletica di cantiere, semaforo mobile o utilizzo di movieri\u201d -si legge nell\u2019ordinanza emessa dalla Polizia locale.<\/p>\n<h2>In arrivo un nuovo supermercato nell&#8217;area ex Snia&nbsp;<\/h2>\n<p>I lavori rientrano nel pi\u00f9 ampio intervento di recupero e riqualificazione di una parte dell\u2019area ex Snia, dove sono previsti spazi pubblici, aree verdi, strutture residenziali e commerciali. Proprio in questa zona, con accesso dalla nuova rotatoria, sta per essere realizzato un nuovo supermercato a marchio Iperal che potrebbe aprire i battenti gi\u00e0 entro la fine di quest\u2019anno.<\/p>\n","protected":false},"excerpt":{"rendered":"<p>Da luned\u00ec prossimo, 7 agosto, inizieranno i lavori per la realizzazione della rotatoria sulla Comasina all\u2019intersezione con via Turati, quartiere Villaggio Giovi, a ridosso dell\u2019area dell\u2019ex Snia di Varedo, dove sono in corso gli interventi di riqualificazione. Per consentire lo svolgimento dei lavori dal 7 agosto verr\u00e0 istituito il divieto di transito 0\/24 a tutti<\/p>\n","protected":false},"author":3,"featured_media":186428,"comment_status":"closed","ping_status":"closed","sticky":false,"template":"","format":"standard","meta":{"footnotes":""},"categories":[9,11,20],"tags":[1849,47,9192,387],"class_list":{"0":"post-186427","1":"post","2":"type-post","3":"status-publish","4":"format-standard","5":"has-post-thumbnail","7":"category-brianza","8":"category-nord-milano","9":"category-prima-pagina","10":"tag-comasina","11":"tag-limbiate","12":"tag-rotatoria","13":"tag-supermercato"},"yoast_head":"<!-- This site is optimized with the Yoast SEO plugin v27.4 - https:\/\/yoast.com\/product\/yoast-seo-wordpress\/ -->\n<title>Limbiate, rotatoria e supermercato tra la Comasina e via Turati, al via i lavori - Il Notiziario<\/title>\n<meta name=\"description\" content=\"Da luned\u00ec prossimo, 7 agosto, inizieranno i lavori per la realizzazione della rotatoria sulla Comasina all\u2019intersezione con via Turati, quartiere\" \/>\n<meta name=\"robots\" content=\"index, follow, max-snippet:-1, max-image-preview:large, max-video-preview:-1\" \/>\n<link rel=\"canonical\" href=\"https:\/\/www.ilnotiziario.net\/wp\/brianza\/limbiate-rotatoria-supermercato-comasina-turati-lavori\/\" \/>\n<meta property=\"og:locale\" content=\"it_IT\" \/>\n<meta property=\"og:type\" content=\"article\" \/>\n<meta property=\"og:title\" content=\"Limbiate, rotatoria e supermercato tra la Comasina e via Turati, al via i lavori - Il Notiziario\" \/>\n<meta property=\"og:description\" content=\"Da luned\u00ec prossimo, 7 agosto, inizieranno i lavori per la realizzazione della rotatoria sulla Comasina all\u2019intersezione con via Turati, quartiere\" \/>\n<meta property=\"og:url\" content=\"https:\/\/www.ilnotiziario.net\/wp\/brianza\/limbiate-rotatoria-supermercato-comasina-turati-lavori\/\" \/>\n<meta property=\"og:site_name\" content=\"Il Notiziario\" \/>\n<meta property=\"article:publisher\" content=\"https:\/\/www.facebook.com\/ilnotiziarioind\/\" \/>\n<meta property=\"article:published_time\" content=\"2023-08-03T07:49:04+00:00\" \/>\n<meta property=\"og:image\" content=\"https:\/\/www.ilnotiziario.net\/wp\/wp-content\/uploads\/2023\/08\/Limbiate-incrocio-via-Turati-Milano.jpeg\" \/>\n\t<meta property=\"og:image:width\" content=\"722\" \/>\n\t<meta property=\"og:image:height\" content=\"381\" \/>\n\t<meta property=\"og:image:type\" content=\"image\/jpeg\" \/>\n<meta name=\"author\" content=\"Gabriele Bassani\" \/>\n<meta name=\"twitter:card\" content=\"summary_large_image\" \/>\n<meta name=\"twitter:creator\" content=\"@ilNotiziarioInd\" \/>\n<meta name=\"twitter:site\" content=\"@ilNotiziarioInd\" \/>\n<meta name=\"twitter:label1\" content=\"Scritto da\" \/>\n\t<meta name=\"twitter:data1\" content=\"Gabriele Bassani\" \/>\n\t<meta name=\"twitter:label2\" content=\"Tempo di lettura stimato\" \/>\n\t<meta name=\"twitter:data2\" content=\"2 minuti\" \/>\n<script type=\"application\/ld+json\" class=\"yoast-schema-graph\">{\"@context\":\"https:\\\/\\\/schema.org\",\"@graph\":[{\"@type\":\"Article\",\"@id\":\"https:\\\/\\\/www.ilnotiziario.net\\\/wp\\\/brianza\\\/limbiate-rotatoria-supermercato-comasina-turati-lavori\\\/#article\",\"isPartOf\":{\"@id\":\"https:\\\/\\\/www.ilnotiziario.net\\\/wp\\\/brianza\\\/limbiate-rotatoria-supermercato-comasina-turati-lavori\\\/\"},\"author\":{\"name\":\"Gabriele Bassani\",\"@id\":\"https:\\\/\\\/www.ilnotiziario.net\\\/wp\\\/#\\\/schema\\\/person\\\/386e222908f898bb41c033989482bbf2\"},\"headline\":\"Limbiate, rotatoria e supermercato tra la Comasina e via Turati, al via i lavori\",\"datePublished\":\"2023-08-03T07:49:04+00:00\",\"mainEntityOfPage\":{\"@id\":\"https:\\\/\\\/www.ilnotiziario.net\\\/wp\\\/brianza\\\/limbiate-rotatoria-supermercato-comasina-turati-lavori\\\/\"},\"wordCount\":301,\"publisher\":{\"@id\":\"https:\\\/\\\/www.ilnotiziario.net\\\/wp\\\/#organization\"},\"image\":{\"@id\":\"https:\\\/\\\/www.ilnotiziario.net\\\/wp\\\/brianza\\\/limbiate-rotatoria-supermercato-comasina-turati-lavori\\\/#primaryimage\"},\"thumbnailUrl\":\"https:\\\/\\\/www.ilnotiziario.net\\\/wp\\\/wp-content\\\/uploads\\\/2023\\\/08\\\/Limbiate-incrocio-via-Turati-Milano.jpeg\",\"keywords\":[\"Comasina\",\"Limbiate\",\"rotatoria\",\"supermercato\"],\"articleSection\":[\"BRIANZA\",\"NORD MILANO\",\"Prima Pagina\"],\"inLanguage\":\"it-IT\"},{\"@type\":\"WebPage\",\"@id\":\"https:\\\/\\\/www.ilnotiziario.net\\\/wp\\\/brianza\\\/limbiate-rotatoria-supermercato-comasina-turati-lavori\\\/\",\"url\":\"https:\\\/\\\/www.ilnotiziario.net\\\/wp\\\/brianza\\\/limbiate-rotatoria-supermercato-comasina-turati-lavori\\\/\",\"name\":\"Limbiate, rotatoria e supermercato tra la Comasina e via Turati, al via i lavori - Il Notiziario\",\"isPartOf\":{\"@id\":\"https:\\\/\\\/www.ilnotiziario.net\\\/wp\\\/#website\"},\"primaryImageOfPage\":{\"@id\":\"https:\\\/\\\/www.ilnotiziario.net\\\/wp\\\/brianza\\\/limbiate-rotatoria-supermercato-comasina-turati-lavori\\\/#primaryimage\"},\"image\":{\"@id\":\"https:\\\/\\\/www.ilnotiziario.net\\\/wp\\\/brianza\\\/limbiate-rotatoria-supermercato-comasina-turati-lavori\\\/#primaryimage\"},\"thumbnailUrl\":\"https:\\\/\\\/www.ilnotiziario.net\\\/wp\\\/wp-content\\\/uploads\\\/2023\\\/08\\\/Limbiate-incrocio-via-Turati-Milano.jpeg\",\"datePublished\":\"2023-08-03T07:49:04+00:00\",\"description\":\"Da luned\u00ec prossimo, 7 agosto, inizieranno i lavori per la realizzazione della rotatoria sulla Comasina all\u2019intersezione con via Turati, quartiere\",\"breadcrumb\":{\"@id\":\"https:\\\/\\\/www.ilnotiziario.net\\\/wp\\\/brianza\\\/limbiate-rotatoria-supermercato-comasina-turati-lavori\\\/#breadcrumb\"},\"inLanguage\":\"it-IT\",\"potentialAction\":[{\"@type\":\"ReadAction\",\"target\":[\"https:\\\/\\\/www.ilnotiziario.net\\\/wp\\\/brianza\\\/limbiate-rotatoria-supermercato-comasina-turati-lavori\\\/\"]}]},{\"@type\":\"ImageObject\",\"inLanguage\":\"it-IT\",\"@id\":\"https:\\\/\\\/www.ilnotiziario.net\\\/wp\\\/brianza\\\/limbiate-rotatoria-supermercato-comasina-turati-lavori\\\/#primaryimage\",\"url\":\"https:\\\/\\\/www.ilnotiziario.net\\\/wp\\\/wp-content\\\/uploads\\\/2023\\\/08\\\/Limbiate-incrocio-via-Turati-Milano.jpeg\",\"contentUrl\":\"https:\\\/\\\/www.ilnotiziario.net\\\/wp\\\/wp-content\\\/uploads\\\/2023\\\/08\\\/Limbiate-incrocio-via-Turati-Milano.jpeg\",\"width\":722,\"height\":381,\"caption\":\"Limbiate rotatoria supermercato comasina\"},{\"@type\":\"BreadcrumbList\",\"@id\":\"https:\\\/\\\/www.ilnotiziario.net\\\/wp\\\/brianza\\\/limbiate-rotatoria-supermercato-comasina-turati-lavori\\\/#breadcrumb\",\"itemListElement\":[{\"@type\":\"ListItem\",\"position\":1,\"name\":\"tds_text_logo_tagline_colortds_text_logo_tagline_colortds_text_logo_tagline_colortds_text_logo_tagline_colortd_module_7_title_excerpttd_module_7_title_excerpttd_module_7_title_excerpttd_module_7_title_excerptHome\",\"item\":\"https:\\\/\\\/www.ilnotiziario.net\\\/wp\\\/\"},{\"@type\":\"ListItem\",\"position\":2,\"name\":\"Limbiate, rotatoria e supermercato tra la Comasina e via Turati, al via i lavori\"}]},{\"@type\":\"WebSite\",\"@id\":\"https:\\\/\\\/www.ilnotiziario.net\\\/wp\\\/#website\",\"url\":\"https:\\\/\\\/www.ilnotiziario.net\\\/wp\\\/\",\"name\":\"Il Notiziario\",\"description\":\"Per restare sempre connessi alla notizia\",\"publisher\":{\"@id\":\"https:\\\/\\\/www.ilnotiziario.net\\\/wp\\\/#organization\"},\"alternateName\":\"Il Notiziario Bollate\",\"potentialAction\":[{\"@type\":\"SearchAction\",\"target\":{\"@type\":\"EntryPoint\",\"urlTemplate\":\"https:\\\/\\\/www.ilnotiziario.net\\\/wp\\\/?s={search_term_string}\"},\"query-input\":{\"@type\":\"PropertyValueSpecification\",\"valueRequired\":true,\"valueName\":\"search_term_string\"}}],\"inLanguage\":\"it-IT\"},{\"@type\":\"Organization\",\"@id\":\"https:\\\/\\\/www.ilnotiziario.net\\\/wp\\\/#organization\",\"name\":\"Il Notiziario\",\"url\":\"https:\\\/\\\/www.ilnotiziario.net\\\/wp\\\/\",\"logo\":{\"@type\":\"ImageObject\",\"inLanguage\":\"it-IT\",\"@id\":\"https:\\\/\\\/www.ilnotiziario.net\\\/wp\\\/#\\\/schema\\\/logo\\\/image\\\/\",\"url\":\"https:\\\/\\\/www.ilnotiziario.net\\\/wp\\\/wp-content\\\/uploads\\\/2022\\\/06\\\/170x170ilN.png\",\"contentUrl\":\"https:\\\/\\\/www.ilnotiziario.net\\\/wp\\\/wp-content\\\/uploads\\\/2022\\\/06\\\/170x170ilN.png\",\"width\":355,\"height\":355,\"caption\":\"Il Notiziario\"},\"image\":{\"@id\":\"https:\\\/\\\/www.ilnotiziario.net\\\/wp\\\/#\\\/schema\\\/logo\\\/image\\\/\"},\"sameAs\":[\"https:\\\/\\\/www.facebook.com\\\/ilnotiziarioind\\\/\",\"https:\\\/\\\/x.com\\\/ilNotiziarioInd\",\"https:\\\/\\\/www.instagram.com\\\/ilnotiziario_settimanale\\\/\"]},{\"@type\":\"Person\",\"@id\":\"https:\\\/\\\/www.ilnotiziario.net\\\/wp\\\/#\\\/schema\\\/person\\\/386e222908f898bb41c033989482bbf2\",\"name\":\"Gabriele Bassani\",\"image\":{\"@type\":\"ImageObject\",\"inLanguage\":\"it-IT\",\"@id\":\"https:\\\/\\\/secure.gravatar.com\\\/avatar\\\/09274f4a84fa97698bde56f84b3afed61c8492d48b0550db9671b68c177479cb?s=96&d=mm&r=g\",\"url\":\"https:\\\/\\\/secure.gravatar.com\\\/avatar\\\/09274f4a84fa97698bde56f84b3afed61c8492d48b0550db9671b68c177479cb?s=96&d=mm&r=g\",\"contentUrl\":\"https:\\\/\\\/secure.gravatar.com\\\/avatar\\\/09274f4a84fa97698bde56f84b3afed61c8492d48b0550db9671b68c177479cb?s=96&d=mm&r=g\",\"caption\":\"Gabriele Bassani\"},\"sameAs\":[\"http:\\\/\\\/www.ilnotiziario.net\"]}]}<\/script>\n<!-- \/ Yoast SEO plugin. -->","yoast_head_json":{"title":"Limbiate, rotatoria e supermercato tra la Comasina e via Turati, al via i lavori - Il Notiziario","description":"Da luned\u00ec prossimo, 7 agosto, inizieranno i lavori per la realizzazione della rotatoria sulla Comasina all\u2019intersezione con via Turati, quartiere","robots":{"index":"index","follow":"follow","max-snippet":"max-snippet:-1","max-image-preview":"max-image-preview:large","max-video-preview":"max-video-preview:-1"},"canonical":"https:\/\/www.ilnotiziario.net\/wp\/brianza\/limbiate-rotatoria-supermercato-comasina-turati-lavori\/","og_locale":"it_IT","og_type":"article","og_title":"Limbiate, rotatoria e supermercato tra la Comasina e via Turati, al via i lavori - Il Notiziario","og_description":"Da luned\u00ec prossimo, 7 agosto, inizieranno i lavori per la realizzazione della rotatoria sulla Comasina all\u2019intersezione con via Turati, quartiere","og_url":"https:\/\/www.ilnotiziario.net\/wp\/brianza\/limbiate-rotatoria-supermercato-comasina-turati-lavori\/","og_site_name":"Il Notiziario","article_publisher":"https:\/\/www.facebook.com\/ilnotiziarioind\/","article_published_time":"2023-08-03T07:49:04+00:00","og_image":[{"width":722,"height":381,"url":"https:\/\/www.ilnotiziario.net\/wp\/wp-content\/uploads\/2023\/08\/Limbiate-incrocio-via-Turati-Milano.jpeg","type":"image\/jpeg"}],"author":"Gabriele Bassani","twitter_card":"summary_large_image","twitter_creator":"@ilNotiziarioInd","twitter_site":"@ilNotiziarioInd","twitter_misc":{"Scritto da":"Gabriele Bassani","Tempo di lettura stimato":"2 minuti"},"schema":{"@context":"https:\/\/schema.org","@graph":[{"@type":"Article","@id":"https:\/\/www.ilnotiziario.net\/wp\/brianza\/limbiate-rotatoria-supermercato-comasina-turati-lavori\/#article","isPartOf":{"@id":"https:\/\/www.ilnotiziario.net\/wp\/brianza\/limbiate-rotatoria-supermercato-comasina-turati-lavori\/"},"author":{"name":"Gabriele Bassani","@id":"https:\/\/www.ilnotiziario.net\/wp\/#\/schema\/person\/386e222908f898bb41c033989482bbf2"},"headline":"Limbiate, rotatoria e supermercato tra la Comasina e via Turati, al via i lavori","datePublished":"2023-08-03T07:49:04+00:00","mainEntityOfPage":{"@id":"https:\/\/www.ilnotiziario.net\/wp\/brianza\/limbiate-rotatoria-supermercato-comasina-turati-lavori\/"},"wordCount":301,"publisher":{"@id":"https:\/\/www.ilnotiziario.net\/wp\/#organization"},"image":{"@id":"https:\/\/www.ilnotiziario.net\/wp\/brianza\/limbiate-rotatoria-supermercato-comasina-turati-lavori\/#primaryimage"},"thumbnailUrl":"https:\/\/www.ilnotiziario.net\/wp\/wp-content\/uploads\/2023\/08\/Limbiate-incrocio-via-Turati-Milano.jpeg","keywords":["Comasina","Limbiate","rotatoria","supermercato"],"articleSection":["BRIANZA","NORD MILANO","Prima Pagina"],"inLanguage":"it-IT"},{"@type":"WebPage","@id":"https:\/\/www.ilnotiziario.net\/wp\/brianza\/limbiate-rotatoria-supermercato-comasina-turati-lavori\/","url":"https:\/\/www.ilnotiziario.net\/wp\/brianza\/limbiate-rotatoria-supermercato-comasina-turati-lavori\/","name":"Limbiate, rotatoria e supermercato tra la Comasina e via Turati, al via i lavori - Il Notiziario","isPartOf":{"@id":"https:\/\/www.ilnotiziario.net\/wp\/#website"},"primaryImageOfPage":{"@id":"https:\/\/www.ilnotiziario.net\/wp\/brianza\/limbiate-rotatoria-supermercato-comasina-turati-lavori\/#primaryimage"},"image":{"@id":"https:\/\/www.ilnotiziario.net\/wp\/brianza\/limbiate-rotatoria-supermercato-comasina-turati-lavori\/#primaryimage"},"thumbnailUrl":"https:\/\/www.ilnotiziario.net\/wp\/wp-content\/uploads\/2023\/08\/Limbiate-incrocio-via-Turati-Milano.jpeg","datePublished":"2023-08-03T07:49:04+00:00","description":"Da luned\u00ec prossimo, 7 agosto, inizieranno i lavori per la realizzazione della rotatoria sulla Comasina all\u2019intersezione con via Turati, quartiere","breadcrumb":{"@id":"https:\/\/www.ilnotiziario.net\/wp\/brianza\/limbiate-rotatoria-supermercato-comasina-turati-lavori\/#breadcrumb"},"inLanguage":"it-IT","potentialAction":[{"@type":"ReadAction","target":["https:\/\/www.ilnotiziario.net\/wp\/brianza\/limbiate-rotatoria-supermercato-comasina-turati-lavori\/"]}]},{"@type":"ImageObject","inLanguage":"it-IT","@id":"https:\/\/www.ilnotiziario.net\/wp\/brianza\/limbiate-rotatoria-supermercato-comasina-turati-lavori\/#primaryimage","url":"https:\/\/www.ilnotiziario.net\/wp\/wp-content\/uploads\/2023\/08\/Limbiate-incrocio-via-Turati-Milano.jpeg","contentUrl":"https:\/\/www.ilnotiziario.net\/wp\/wp-content\/uploads\/2023\/08\/Limbiate-incrocio-via-Turati-Milano.jpeg","width":722,"height":381,"caption":"Limbiate rotatoria supermercato comasina"},{"@type":"BreadcrumbList","@id":"https:\/\/www.ilnotiziario.net\/wp\/brianza\/limbiate-rotatoria-supermercato-comasina-turati-lavori\/#breadcrumb","itemListElement":[{"@type":"ListItem","position":1,"name":"tds_text_logo_tagline_colortds_text_logo_tagline_colortds_text_logo_tagline_colortds_text_logo_tagline_colortd_module_7_title_excerpttd_module_7_title_excerpttd_module_7_title_excerpttd_module_7_title_excerptHome","item":"https:\/\/www.ilnotiziario.net\/wp\/"},{"@type":"ListItem","position":2,"name":"Limbiate, rotatoria e supermercato tra la Comasina e via Turati, al via i lavori"}]},{"@type":"WebSite","@id":"https:\/\/www.ilnotiziario.net\/wp\/#website","url":"https:\/\/www.ilnotiziario.net\/wp\/","name":"Il Notiziario","description":"Per restare sempre connessi alla notizia","publisher":{"@id":"https:\/\/www.ilnotiziario.net\/wp\/#organization"},"alternateName":"Il Notiziario Bollate","potentialAction":[{"@type":"SearchAction","target":{"@type":"EntryPoint","urlTemplate":"https:\/\/www.ilnotiziario.net\/wp\/?s={search_term_string}"},"query-input":{"@type":"PropertyValueSpecification","valueRequired":true,"valueName":"search_term_string"}}],"inLanguage":"it-IT"},{"@type":"Organization","@id":"https:\/\/www.ilnotiziario.net\/wp\/#organization","name":"Il Notiziario","url":"https:\/\/www.ilnotiziario.net\/wp\/","logo":{"@type":"ImageObject","inLanguage":"it-IT","@id":"https:\/\/www.ilnotiziario.net\/wp\/#\/schema\/logo\/image\/","url":"https:\/\/www.ilnotiziario.net\/wp\/wp-content\/uploads\/2022\/06\/170x170ilN.png","contentUrl":"https:\/\/www.ilnotiziario.net\/wp\/wp-content\/uploads\/2022\/06\/170x170ilN.png","width":355,"height":355,"caption":"Il Notiziario"},"image":{"@id":"https:\/\/www.ilnotiziario.net\/wp\/#\/schema\/logo\/image\/"},"sameAs":["https:\/\/www.facebook.com\/ilnotiziarioind\/","https:\/\/x.com\/ilNotiziarioInd","https:\/\/www.instagram.com\/ilnotiziario_settimanale\/"]},{"@type":"Person","@id":"https:\/\/www.ilnotiziario.net\/wp\/#\/schema\/person\/386e222908f898bb41c033989482bbf2","name":"Gabriele Bassani","image":{"@type":"ImageObject","inLanguage":"it-IT","@id":"https:\/\/secure.gravatar.com\/avatar\/09274f4a84fa97698bde56f84b3afed61c8492d48b0550db9671b68c177479cb?s=96&d=mm&r=g","url":"https:\/\/secure.gravatar.com\/avatar\/09274f4a84fa97698bde56f84b3afed61c8492d48b0550db9671b68c177479cb?s=96&d=mm&r=g","contentUrl":"https:\/\/secure.gravatar.com\/avatar\/09274f4a84fa97698bde56f84b3afed61c8492d48b0550db9671b68c177479cb?s=96&d=mm&r=g","caption":"Gabriele Bassani"},"sameAs":["http:\/\/www.ilnotiziario.net"]}]}},"_links":{"self":[{"href":"https:\/\/www.ilnotiziario.net\/wp\/wp-json\/wp\/v2\/posts\/186427","targetHints":{"allow":["GET"]}}],"collection":[{"href":"https:\/\/www.ilnotiziario.net\/wp\/wp-json\/wp\/v2\/posts"}],"about":[{"href":"https:\/\/www.ilnotiziario.net\/wp\/wp-json\/wp\/v2\/types\/post"}],"author":[{"embeddable":true,"href":"https:\/\/www.ilnotiziario.net\/wp\/wp-json\/wp\/v2\/users\/3"}],"replies":[{"embeddable":true,"href":"https:\/\/www.ilnotiziario.net\/wp\/wp-json\/wp\/v2\/comments?post=186427"}],"version-history":[{"count":0,"href":"https:\/\/www.ilnotiziario.net\/wp\/wp-json\/wp\/v2\/posts\/186427\/revisions"}],"wp:featuredmedia":[{"embeddable":true,"href":"https:\/\/www.ilnotiziario.net\/wp\/wp-json\/wp\/v2\/media\/186428"}],"wp:attachment":[{"href":"https:\/\/www.ilnotiziario.net\/wp\/wp-json\/wp\/v2\/media?parent=186427"}],"wp:term":[{"taxonomy":"category","embeddable":true,"href":"https:\/\/www.ilnotiziario.net\/wp\/wp-json\/wp\/v2\/categories?post=186427"},{"taxonomy":"post_tag","embeddable":true,"href":"https:\/\/www.ilnotiziario.net\/wp\/wp-json\/wp\/v2\/tags?post=186427"}],"curies":[{"name":"wp","href":"https:\/\/api.w.org\/{rel}","templated":true}]}}