{"id":186446,"date":"2023-08-03T12:15:39","date_gmt":"2023-08-03T10:15:39","guid":{"rendered":"https:\/\/www.ilnotiziario.net\/wp\/?p=186446"},"modified":"2023-08-03T12:17:49","modified_gmt":"2023-08-03T10:17:49","slug":"meteo-temporali-grandine-arrivo-nelle-prossime-ore","status":"publish","type":"post","link":"https:\/\/www.ilnotiziario.net\/wp\/brianza\/meteo-temporali-grandine-arrivo-nelle-prossime-ore\/","title":{"rendered":"Meteo: temporali e grandine in arrivo nelle prossime ore"},"content":{"rendered":"<p>Temporali e possibile grandine in arrivo nella serata di oggi, gioved\u00ec 3 agosto. L\u2019ultimo bollettino emesso dal <a href=\"http:\/\/www.centrometeolombardo.com\/\"><strong>Centro Meteorologico Lombardo<\/strong><\/a>, avvisa della \u201cpossibilit\u00e0 di temporali localmente intensi, specie in fascia prealpino-pedemontana, nelle ore tardo pomeridiano-serali di oggi, gioved\u00ec 3 agosto\u201d.<\/p><div id=\"ilnot-1691543715\" class=\"ilnot-contenuto ilnot-entity-placement\"><p><!-- incontent_1 --><\/p>\n<div class=\"gptslot\" data-adunitid=\"1\"><\/div>\n<\/div>\n<h2>Rischio grandine e temporali tra oggi e domani in Brianza e a&nbsp; Nord di Milano, Bassa Comasca e Varesotto<\/h2>\n<p>In particolare -spiega la nota diffusa dal Centro Meteorologico lombardo- \u00e8 da tenere sotto osservazione la fascia di territorio che comprende anche la provincia di Monza Brianza e l\u2019estremit\u00e0 nord della Provincia di Milano, oltre alla Bassa Comasca e al Varesotto con la possibilit\u00e0 di un evento significativo tra le 18 e le 22 circa.<\/p>\n<p>&nbsp;<\/p>\n<p>\u201cCriticit\u00e0 principale la possibilit\u00e0 di grandine anche di medie dimensioni e forti raffiche di vento\u201d -prosegue la nota.<\/p><div id=\"ilnot-2701159304\" class=\"ilnot-contenuto_2 ilnot-entity-placement\"><div class=\"ads-wrapper\">\n<div class=\"ad-slot\">\n   <div id=\"ilnot-4191430568\" style=\"margin-right: auto;margin-left: auto;text-align: center;width: 320px;height: 100px;\"><a href=\"https:\/\/www.scuolasicurezza.it\/\"><img decoding=\"async\" src=\"https:\/\/www.ilnotiziario.net\/wp\/wp-content\/uploads\/2026\/04\/IlNotiziario_banner-sito-e-newsletter-320-x-100-px-1.gif\" alt=\"\"><\/a><\/div>\n  <\/div>\n<div class=\"ad-slot\">\n   <div id=\"ilnot-2188363774\" style=\"margin-right: auto;margin-left: auto;text-align: center;width: 320px;height: 100px;\"><a href=\"https:\/\/purodesignarredamenti.com\/\"><img decoding=\"async\" src=\"https:\/\/www.ilnotiziario.net\/wp\/wp-content\/uploads\/2026\/04\/banner-puro-ok.gif\" alt=\"whatsapp\"><\/a><\/div><\/p><\/div>\n<\/div>\n<\/div>\n<p>Sempre dal Centro Meteorologico lombardo si segnala una ulteriore allerta per la giornata di domani, venerd\u00ec 4 agosto. In questo caso la criticit\u00e0 maggiore attesa \u00e8 quella idraulica, con rischio allagamenti per le previsioni di pioggia abbondante.<\/p>\n","protected":false},"excerpt":{"rendered":"<p>Temporali e possibile grandine in arrivo nella serata di oggi, gioved\u00ec 3 agosto. L\u2019ultimo bollettino emesso dal Centro Meteorologico Lombardo, avvisa della \u201cpossibilit\u00e0 di temporali localmente intensi, specie in fascia prealpino-pedemontana, nelle ore tardo pomeridiano-serali di oggi, gioved\u00ec 3 agosto\u201d. Rischio grandine e temporali tra oggi e domani in Brianza e a&nbsp; Nord di Milano,<\/p>\n","protected":false},"author":3,"featured_media":186448,"comment_status":"closed","ping_status":"closed","sticky":false,"template":"","format":"standard","meta":{"footnotes":""},"categories":[9,20],"tags":[2175,2506,2502,2503],"class_list":{"0":"post-186446","1":"post","2":"type-post","3":"status-publish","4":"format-standard","5":"has-post-thumbnail","7":"category-brianza","8":"category-prima-pagina","9":"tag-brianza","10":"tag-grandine","11":"tag-meteo","12":"tag-temporali"},"yoast_head":"<!-- This site is optimized with the Yoast SEO plugin v27.5 - https:\/\/yoast.com\/product\/yoast-seo-wordpress\/ -->\n<title>Meteo: temporali e grandine in arrivo nelle prossime ore - Il Notiziario<\/title>\n<meta name=\"description\" content=\"Temporali e possibile grandine in arrivo nella serata di oggi, gioved\u00ec 3 agosto. L\u2019ultimo bollettino emesso dal Centro Meteorologico Lombardo, avvisa\" \/>\n<meta name=\"robots\" content=\"index, follow, max-snippet:-1, max-image-preview:large, max-video-preview:-1\" \/>\n<link rel=\"canonical\" href=\"https:\/\/www.ilnotiziario.net\/wp\/brianza\/meteo-temporali-grandine-arrivo-nelle-prossime-ore\/\" \/>\n<meta property=\"og:locale\" content=\"it_IT\" \/>\n<meta property=\"og:type\" content=\"article\" \/>\n<meta property=\"og:title\" content=\"Meteo: temporali e grandine in arrivo nelle prossime ore - Il Notiziario\" \/>\n<meta property=\"og:description\" content=\"Temporali e possibile grandine in arrivo nella serata di oggi, gioved\u00ec 3 agosto. L\u2019ultimo bollettino emesso dal Centro Meteorologico Lombardo, avvisa\" \/>\n<meta property=\"og:url\" content=\"https:\/\/www.ilnotiziario.net\/wp\/brianza\/meteo-temporali-grandine-arrivo-nelle-prossime-ore\/\" \/>\n<meta property=\"og:site_name\" content=\"Il Notiziario\" \/>\n<meta property=\"article:publisher\" content=\"https:\/\/www.facebook.com\/ilnotiziarioind\/\" \/>\n<meta property=\"article:published_time\" content=\"2023-08-03T10:15:39+00:00\" \/>\n<meta property=\"article:modified_time\" content=\"2023-08-03T10:17:49+00:00\" \/>\n<meta property=\"og:image\" content=\"https:\/\/www.ilnotiziario.net\/wp\/wp-content\/uploads\/2023\/08\/Screenshot-2023-08-03-alle-11.44.45.png\" \/>\n\t<meta property=\"og:image:width\" content=\"781\" \/>\n\t<meta property=\"og:image:height\" content=\"418\" \/>\n\t<meta property=\"og:image:type\" content=\"image\/png\" \/>\n<meta name=\"author\" content=\"Gabriele Bassani\" \/>\n<meta name=\"twitter:card\" content=\"summary_large_image\" \/>\n<meta name=\"twitter:creator\" content=\"@ilNotiziarioInd\" \/>\n<meta name=\"twitter:site\" content=\"@ilNotiziarioInd\" \/>\n<meta name=\"twitter:label1\" content=\"Scritto da\" \/>\n\t<meta name=\"twitter:data1\" content=\"Gabriele Bassani\" \/>\n\t<meta name=\"twitter:label2\" content=\"Tempo di lettura stimato\" \/>\n\t<meta name=\"twitter:data2\" content=\"1 minuto\" \/>\n<script type=\"application\/ld+json\" class=\"yoast-schema-graph\">{\"@context\":\"https:\\\/\\\/schema.org\",\"@graph\":[{\"@type\":\"Article\",\"@id\":\"https:\\\/\\\/www.ilnotiziario.net\\\/wp\\\/brianza\\\/meteo-temporali-grandine-arrivo-nelle-prossime-ore\\\/#article\",\"isPartOf\":{\"@id\":\"https:\\\/\\\/www.ilnotiziario.net\\\/wp\\\/brianza\\\/meteo-temporali-grandine-arrivo-nelle-prossime-ore\\\/\"},\"author\":{\"name\":\"Gabriele Bassani\",\"@id\":\"https:\\\/\\\/www.ilnotiziario.net\\\/wp\\\/#\\\/schema\\\/person\\\/386e222908f898bb41c033989482bbf2\"},\"headline\":\"Meteo: temporali e grandine in arrivo nelle prossime ore\",\"datePublished\":\"2023-08-03T10:15:39+00:00\",\"dateModified\":\"2023-08-03T10:17:49+00:00\",\"mainEntityOfPage\":{\"@id\":\"https:\\\/\\\/www.ilnotiziario.net\\\/wp\\\/brianza\\\/meteo-temporali-grandine-arrivo-nelle-prossime-ore\\\/\"},\"wordCount\":175,\"publisher\":{\"@id\":\"https:\\\/\\\/www.ilnotiziario.net\\\/wp\\\/#organization\"},\"image\":{\"@id\":\"https:\\\/\\\/www.ilnotiziario.net\\\/wp\\\/brianza\\\/meteo-temporali-grandine-arrivo-nelle-prossime-ore\\\/#primaryimage\"},\"thumbnailUrl\":\"https:\\\/\\\/www.ilnotiziario.net\\\/wp\\\/wp-content\\\/uploads\\\/2023\\\/08\\\/Screenshot-2023-08-03-alle-11.44.45.png\",\"keywords\":[\"Brianza\",\"grandine\",\"Meteo\",\"Temporali\"],\"articleSection\":[\"BRIANZA\",\"Prima Pagina\"],\"inLanguage\":\"it-IT\"},{\"@type\":\"WebPage\",\"@id\":\"https:\\\/\\\/www.ilnotiziario.net\\\/wp\\\/brianza\\\/meteo-temporali-grandine-arrivo-nelle-prossime-ore\\\/\",\"url\":\"https:\\\/\\\/www.ilnotiziario.net\\\/wp\\\/brianza\\\/meteo-temporali-grandine-arrivo-nelle-prossime-ore\\\/\",\"name\":\"Meteo: temporali e grandine in arrivo nelle prossime ore - Il Notiziario\",\"isPartOf\":{\"@id\":\"https:\\\/\\\/www.ilnotiziario.net\\\/wp\\\/#website\"},\"primaryImageOfPage\":{\"@id\":\"https:\\\/\\\/www.ilnotiziario.net\\\/wp\\\/brianza\\\/meteo-temporali-grandine-arrivo-nelle-prossime-ore\\\/#primaryimage\"},\"image\":{\"@id\":\"https:\\\/\\\/www.ilnotiziario.net\\\/wp\\\/brianza\\\/meteo-temporali-grandine-arrivo-nelle-prossime-ore\\\/#primaryimage\"},\"thumbnailUrl\":\"https:\\\/\\\/www.ilnotiziario.net\\\/wp\\\/wp-content\\\/uploads\\\/2023\\\/08\\\/Screenshot-2023-08-03-alle-11.44.45.png\",\"datePublished\":\"2023-08-03T10:15:39+00:00\",\"dateModified\":\"2023-08-03T10:17:49+00:00\",\"description\":\"Temporali e possibile grandine in arrivo nella serata di oggi, gioved\u00ec 3 agosto. L\u2019ultimo bollettino emesso dal Centro Meteorologico Lombardo, avvisa\",\"breadcrumb\":{\"@id\":\"https:\\\/\\\/www.ilnotiziario.net\\\/wp\\\/brianza\\\/meteo-temporali-grandine-arrivo-nelle-prossime-ore\\\/#breadcrumb\"},\"inLanguage\":\"it-IT\",\"potentialAction\":[{\"@type\":\"ReadAction\",\"target\":[\"https:\\\/\\\/www.ilnotiziario.net\\\/wp\\\/brianza\\\/meteo-temporali-grandine-arrivo-nelle-prossime-ore\\\/\"]}]},{\"@type\":\"ImageObject\",\"inLanguage\":\"it-IT\",\"@id\":\"https:\\\/\\\/www.ilnotiziario.net\\\/wp\\\/brianza\\\/meteo-temporali-grandine-arrivo-nelle-prossime-ore\\\/#primaryimage\",\"url\":\"https:\\\/\\\/www.ilnotiziario.net\\\/wp\\\/wp-content\\\/uploads\\\/2023\\\/08\\\/Screenshot-2023-08-03-alle-11.44.45.png\",\"contentUrl\":\"https:\\\/\\\/www.ilnotiziario.net\\\/wp\\\/wp-content\\\/uploads\\\/2023\\\/08\\\/Screenshot-2023-08-03-alle-11.44.45.png\",\"width\":781,\"height\":418,\"caption\":\"la grafica di Centro Meteorologico Lombardo\"},{\"@type\":\"BreadcrumbList\",\"@id\":\"https:\\\/\\\/www.ilnotiziario.net\\\/wp\\\/brianza\\\/meteo-temporali-grandine-arrivo-nelle-prossime-ore\\\/#breadcrumb\",\"itemListElement\":[{\"@type\":\"ListItem\",\"position\":1,\"name\":\"tds_text_logo_tagline_colortds_text_logo_tagline_colortds_text_logo_tagline_colortds_text_logo_tagline_colortd_module_7_title_excerpttd_module_7_title_excerpttd_module_7_title_excerpttd_module_7_title_excerptHome\",\"item\":\"https:\\\/\\\/www.ilnotiziario.net\\\/wp\\\/\"},{\"@type\":\"ListItem\",\"position\":2,\"name\":\"Meteo: temporali e grandine in arrivo nelle prossime ore\"}]},{\"@type\":\"WebSite\",\"@id\":\"https:\\\/\\\/www.ilnotiziario.net\\\/wp\\\/#website\",\"url\":\"https:\\\/\\\/www.ilnotiziario.net\\\/wp\\\/\",\"name\":\"Il Notiziario\",\"description\":\"Per restare sempre connessi alla notizia\",\"publisher\":{\"@id\":\"https:\\\/\\\/www.ilnotiziario.net\\\/wp\\\/#organization\"},\"alternateName\":\"Il Notiziario Bollate\",\"potentialAction\":[{\"@type\":\"SearchAction\",\"target\":{\"@type\":\"EntryPoint\",\"urlTemplate\":\"https:\\\/\\\/www.ilnotiziario.net\\\/wp\\\/?s={search_term_string}\"},\"query-input\":{\"@type\":\"PropertyValueSpecification\",\"valueRequired\":true,\"valueName\":\"search_term_string\"}}],\"inLanguage\":\"it-IT\"},{\"@type\":\"Organization\",\"@id\":\"https:\\\/\\\/www.ilnotiziario.net\\\/wp\\\/#organization\",\"name\":\"Il Notiziario\",\"url\":\"https:\\\/\\\/www.ilnotiziario.net\\\/wp\\\/\",\"logo\":{\"@type\":\"ImageObject\",\"inLanguage\":\"it-IT\",\"@id\":\"https:\\\/\\\/www.ilnotiziario.net\\\/wp\\\/#\\\/schema\\\/logo\\\/image\\\/\",\"url\":\"https:\\\/\\\/www.ilnotiziario.net\\\/wp\\\/wp-content\\\/uploads\\\/2022\\\/06\\\/170x170ilN.png\",\"contentUrl\":\"https:\\\/\\\/www.ilnotiziario.net\\\/wp\\\/wp-content\\\/uploads\\\/2022\\\/06\\\/170x170ilN.png\",\"width\":355,\"height\":355,\"caption\":\"Il Notiziario\"},\"image\":{\"@id\":\"https:\\\/\\\/www.ilnotiziario.net\\\/wp\\\/#\\\/schema\\\/logo\\\/image\\\/\"},\"sameAs\":[\"https:\\\/\\\/www.facebook.com\\\/ilnotiziarioind\\\/\",\"https:\\\/\\\/x.com\\\/ilNotiziarioInd\",\"https:\\\/\\\/www.instagram.com\\\/ilnotiziario_settimanale\\\/\"]},{\"@type\":\"Person\",\"@id\":\"https:\\\/\\\/www.ilnotiziario.net\\\/wp\\\/#\\\/schema\\\/person\\\/386e222908f898bb41c033989482bbf2\",\"name\":\"Gabriele Bassani\",\"image\":{\"@type\":\"ImageObject\",\"inLanguage\":\"it-IT\",\"@id\":\"https:\\\/\\\/secure.gravatar.com\\\/avatar\\\/09274f4a84fa97698bde56f84b3afed61c8492d48b0550db9671b68c177479cb?s=96&d=mm&r=g\",\"url\":\"https:\\\/\\\/secure.gravatar.com\\\/avatar\\\/09274f4a84fa97698bde56f84b3afed61c8492d48b0550db9671b68c177479cb?s=96&d=mm&r=g\",\"contentUrl\":\"https:\\\/\\\/secure.gravatar.com\\\/avatar\\\/09274f4a84fa97698bde56f84b3afed61c8492d48b0550db9671b68c177479cb?s=96&d=mm&r=g\",\"caption\":\"Gabriele Bassani\"},\"sameAs\":[\"http:\\\/\\\/www.ilnotiziario.net\"]}]}<\/script>\n<!-- \/ Yoast SEO plugin. -->","yoast_head_json":{"title":"Meteo: temporali e grandine in arrivo nelle prossime ore - Il Notiziario","description":"Temporali e possibile grandine in arrivo nella serata di oggi, gioved\u00ec 3 agosto. L\u2019ultimo bollettino emesso dal Centro Meteorologico Lombardo, avvisa","robots":{"index":"index","follow":"follow","max-snippet":"max-snippet:-1","max-image-preview":"max-image-preview:large","max-video-preview":"max-video-preview:-1"},"canonical":"https:\/\/www.ilnotiziario.net\/wp\/brianza\/meteo-temporali-grandine-arrivo-nelle-prossime-ore\/","og_locale":"it_IT","og_type":"article","og_title":"Meteo: temporali e grandine in arrivo nelle prossime ore - Il Notiziario","og_description":"Temporali e possibile grandine in arrivo nella serata di oggi, gioved\u00ec 3 agosto. L\u2019ultimo bollettino emesso dal Centro Meteorologico Lombardo, avvisa","og_url":"https:\/\/www.ilnotiziario.net\/wp\/brianza\/meteo-temporali-grandine-arrivo-nelle-prossime-ore\/","og_site_name":"Il Notiziario","article_publisher":"https:\/\/www.facebook.com\/ilnotiziarioind\/","article_published_time":"2023-08-03T10:15:39+00:00","article_modified_time":"2023-08-03T10:17:49+00:00","og_image":[{"width":781,"height":418,"url":"https:\/\/www.ilnotiziario.net\/wp\/wp-content\/uploads\/2023\/08\/Screenshot-2023-08-03-alle-11.44.45.png","type":"image\/png"}],"author":"Gabriele Bassani","twitter_card":"summary_large_image","twitter_creator":"@ilNotiziarioInd","twitter_site":"@ilNotiziarioInd","twitter_misc":{"Scritto da":"Gabriele Bassani","Tempo di lettura stimato":"1 minuto"},"schema":{"@context":"https:\/\/schema.org","@graph":[{"@type":"Article","@id":"https:\/\/www.ilnotiziario.net\/wp\/brianza\/meteo-temporali-grandine-arrivo-nelle-prossime-ore\/#article","isPartOf":{"@id":"https:\/\/www.ilnotiziario.net\/wp\/brianza\/meteo-temporali-grandine-arrivo-nelle-prossime-ore\/"},"author":{"name":"Gabriele Bassani","@id":"https:\/\/www.ilnotiziario.net\/wp\/#\/schema\/person\/386e222908f898bb41c033989482bbf2"},"headline":"Meteo: temporali e grandine in arrivo nelle prossime ore","datePublished":"2023-08-03T10:15:39+00:00","dateModified":"2023-08-03T10:17:49+00:00","mainEntityOfPage":{"@id":"https:\/\/www.ilnotiziario.net\/wp\/brianza\/meteo-temporali-grandine-arrivo-nelle-prossime-ore\/"},"wordCount":175,"publisher":{"@id":"https:\/\/www.ilnotiziario.net\/wp\/#organization"},"image":{"@id":"https:\/\/www.ilnotiziario.net\/wp\/brianza\/meteo-temporali-grandine-arrivo-nelle-prossime-ore\/#primaryimage"},"thumbnailUrl":"https:\/\/www.ilnotiziario.net\/wp\/wp-content\/uploads\/2023\/08\/Screenshot-2023-08-03-alle-11.44.45.png","keywords":["Brianza","grandine","Meteo","Temporali"],"articleSection":["BRIANZA","Prima Pagina"],"inLanguage":"it-IT"},{"@type":"WebPage","@id":"https:\/\/www.ilnotiziario.net\/wp\/brianza\/meteo-temporali-grandine-arrivo-nelle-prossime-ore\/","url":"https:\/\/www.ilnotiziario.net\/wp\/brianza\/meteo-temporali-grandine-arrivo-nelle-prossime-ore\/","name":"Meteo: temporali e grandine in arrivo nelle prossime ore - Il Notiziario","isPartOf":{"@id":"https:\/\/www.ilnotiziario.net\/wp\/#website"},"primaryImageOfPage":{"@id":"https:\/\/www.ilnotiziario.net\/wp\/brianza\/meteo-temporali-grandine-arrivo-nelle-prossime-ore\/#primaryimage"},"image":{"@id":"https:\/\/www.ilnotiziario.net\/wp\/brianza\/meteo-temporali-grandine-arrivo-nelle-prossime-ore\/#primaryimage"},"thumbnailUrl":"https:\/\/www.ilnotiziario.net\/wp\/wp-content\/uploads\/2023\/08\/Screenshot-2023-08-03-alle-11.44.45.png","datePublished":"2023-08-03T10:15:39+00:00","dateModified":"2023-08-03T10:17:49+00:00","description":"Temporali e possibile grandine in arrivo nella serata di oggi, gioved\u00ec 3 agosto. L\u2019ultimo bollettino emesso dal Centro Meteorologico Lombardo, avvisa","breadcrumb":{"@id":"https:\/\/www.ilnotiziario.net\/wp\/brianza\/meteo-temporali-grandine-arrivo-nelle-prossime-ore\/#breadcrumb"},"inLanguage":"it-IT","potentialAction":[{"@type":"ReadAction","target":["https:\/\/www.ilnotiziario.net\/wp\/brianza\/meteo-temporali-grandine-arrivo-nelle-prossime-ore\/"]}]},{"@type":"ImageObject","inLanguage":"it-IT","@id":"https:\/\/www.ilnotiziario.net\/wp\/brianza\/meteo-temporali-grandine-arrivo-nelle-prossime-ore\/#primaryimage","url":"https:\/\/www.ilnotiziario.net\/wp\/wp-content\/uploads\/2023\/08\/Screenshot-2023-08-03-alle-11.44.45.png","contentUrl":"https:\/\/www.ilnotiziario.net\/wp\/wp-content\/uploads\/2023\/08\/Screenshot-2023-08-03-alle-11.44.45.png","width":781,"height":418,"caption":"la grafica di Centro Meteorologico Lombardo"},{"@type":"BreadcrumbList","@id":"https:\/\/www.ilnotiziario.net\/wp\/brianza\/meteo-temporali-grandine-arrivo-nelle-prossime-ore\/#breadcrumb","itemListElement":[{"@type":"ListItem","position":1,"name":"tds_text_logo_tagline_colortds_text_logo_tagline_colortds_text_logo_tagline_colortds_text_logo_tagline_colortd_module_7_title_excerpttd_module_7_title_excerpttd_module_7_title_excerpttd_module_7_title_excerptHome","item":"https:\/\/www.ilnotiziario.net\/wp\/"},{"@type":"ListItem","position":2,"name":"Meteo: temporali e grandine in arrivo nelle prossime ore"}]},{"@type":"WebSite","@id":"https:\/\/www.ilnotiziario.net\/wp\/#website","url":"https:\/\/www.ilnotiziario.net\/wp\/","name":"Il Notiziario","description":"Per restare sempre connessi alla notizia","publisher":{"@id":"https:\/\/www.ilnotiziario.net\/wp\/#organization"},"alternateName":"Il Notiziario Bollate","potentialAction":[{"@type":"SearchAction","target":{"@type":"EntryPoint","urlTemplate":"https:\/\/www.ilnotiziario.net\/wp\/?s={search_term_string}"},"query-input":{"@type":"PropertyValueSpecification","valueRequired":true,"valueName":"search_term_string"}}],"inLanguage":"it-IT"},{"@type":"Organization","@id":"https:\/\/www.ilnotiziario.net\/wp\/#organization","name":"Il Notiziario","url":"https:\/\/www.ilnotiziario.net\/wp\/","logo":{"@type":"ImageObject","inLanguage":"it-IT","@id":"https:\/\/www.ilnotiziario.net\/wp\/#\/schema\/logo\/image\/","url":"https:\/\/www.ilnotiziario.net\/wp\/wp-content\/uploads\/2022\/06\/170x170ilN.png","contentUrl":"https:\/\/www.ilnotiziario.net\/wp\/wp-content\/uploads\/2022\/06\/170x170ilN.png","width":355,"height":355,"caption":"Il Notiziario"},"image":{"@id":"https:\/\/www.ilnotiziario.net\/wp\/#\/schema\/logo\/image\/"},"sameAs":["https:\/\/www.facebook.com\/ilnotiziarioind\/","https:\/\/x.com\/ilNotiziarioInd","https:\/\/www.instagram.com\/ilnotiziario_settimanale\/"]},{"@type":"Person","@id":"https:\/\/www.ilnotiziario.net\/wp\/#\/schema\/person\/386e222908f898bb41c033989482bbf2","name":"Gabriele Bassani","image":{"@type":"ImageObject","inLanguage":"it-IT","@id":"https:\/\/secure.gravatar.com\/avatar\/09274f4a84fa97698bde56f84b3afed61c8492d48b0550db9671b68c177479cb?s=96&d=mm&r=g","url":"https:\/\/secure.gravatar.com\/avatar\/09274f4a84fa97698bde56f84b3afed61c8492d48b0550db9671b68c177479cb?s=96&d=mm&r=g","contentUrl":"https:\/\/secure.gravatar.com\/avatar\/09274f4a84fa97698bde56f84b3afed61c8492d48b0550db9671b68c177479cb?s=96&d=mm&r=g","caption":"Gabriele Bassani"},"sameAs":["http:\/\/www.ilnotiziario.net"]}]}},"_links":{"self":[{"href":"https:\/\/www.ilnotiziario.net\/wp\/wp-json\/wp\/v2\/posts\/186446","targetHints":{"allow":["GET"]}}],"collection":[{"href":"https:\/\/www.ilnotiziario.net\/wp\/wp-json\/wp\/v2\/posts"}],"about":[{"href":"https:\/\/www.ilnotiziario.net\/wp\/wp-json\/wp\/v2\/types\/post"}],"author":[{"embeddable":true,"href":"https:\/\/www.ilnotiziario.net\/wp\/wp-json\/wp\/v2\/users\/3"}],"replies":[{"embeddable":true,"href":"https:\/\/www.ilnotiziario.net\/wp\/wp-json\/wp\/v2\/comments?post=186446"}],"version-history":[{"count":0,"href":"https:\/\/www.ilnotiziario.net\/wp\/wp-json\/wp\/v2\/posts\/186446\/revisions"}],"wp:featuredmedia":[{"embeddable":true,"href":"https:\/\/www.ilnotiziario.net\/wp\/wp-json\/wp\/v2\/media\/186448"}],"wp:attachment":[{"href":"https:\/\/www.ilnotiziario.net\/wp\/wp-json\/wp\/v2\/media?parent=186446"}],"wp:term":[{"taxonomy":"category","embeddable":true,"href":"https:\/\/www.ilnotiziario.net\/wp\/wp-json\/wp\/v2\/categories?post=186446"},{"taxonomy":"post_tag","embeddable":true,"href":"https:\/\/www.ilnotiziario.net\/wp\/wp-json\/wp\/v2\/tags?post=186446"}],"curies":[{"name":"wp","href":"https:\/\/api.w.org\/{rel}","templated":true}]}}