{"id":186447,"date":"2023-08-10T09:45:14","date_gmt":"2023-08-10T07:45:14","guid":{"rendered":"https:\/\/www.ilnotiziario.net\/wp\/?p=186447"},"modified":"2023-08-07T14:46:50","modified_gmt":"2023-08-07T12:46:50","slug":"bollate-agosto-e-ferragosto-a-villa-arconati","status":"publish","type":"post","link":"https:\/\/www.ilnotiziario.net\/wp\/bollatese\/bollate-agosto-e-ferragosto-a-villa-arconati\/","title":{"rendered":"Bollate, agosto e Ferragosto a Villa Arconati"},"content":{"rendered":"<p>Bollate, agosto e Ferragosto a Villa Arconati.<br \/>\nResti a Milano in agosto e non sai come passare le lunghe, assolate giornate estive? C\u2019\u00e8 una \u201cvilla di delizia\u201d costruita 400 anni fa proprio per questo: far passare una splendida giornata tra natura, arte, gusto, refrigerio e splendore.<\/p><div id=\"ilnot-1825122730\" class=\"ilnot-contenuto ilnot-entity-placement\"><p><!-- incontent_1 --><\/p>\n<div class=\"gptslot\" data-adunitid=\"1\"><\/div>\n<\/div>\n<p>&nbsp;<\/p>\n<h2>Villa Arconati, apertura straordinaria a Ferragosto&nbsp;<\/h2>\n<p>Villa Arconati si trova a pochi passi da Milano, ma \u00e8 davvero un luogo incantato dove il tempo sembra essersi fermato ai fasti di un tempo che fu. La Villa sar\u00e0 aperta tutte le domeniche di agosto, <strong>con l\u2019ormai tradizionale apertura straordinaria anche a Ferragosto<\/strong>, ma da quest\u2019anno c\u2019\u00e8 una possibilit\u00e0 in pi\u00f9: le Visite guidate infrasettimanali del nostro Giardino per tutta la settimana di Ferragosto.<\/p>\n<p><strong>VISITE GUIDATE SPECIALI AL GIARDINO MONUMENTALE DI VILLA ARCONATI<\/strong><br \/>\nUna passeggiata, accompagnati dalle guide FAR, per godere del fascino del Giardino all\u2019italiana e alla francese di Villa Arconati con i suoni, i colori, i profumi della natura\u2026 come i nobili Ospiti in visita dagli Arconati nel Settecento. Il percorso di visita pi\u00f9 ampio mai proposto, che permetter\u00e0 di visitare quasi tutti i dodici ettari del Giardino, alla scoperta degli ambienti pi\u00f9 ricchi dal punto di vista storico-artistico e architettonico del giardino all\u2019italiana: i teatri dedicati ai miti classici, le fontane con i giochi d\u2019acqua, i berceaux; ma anche ambienti meno conosciuti ma altrettanto suggestivi, come il laghetto, l\u2019antica voliera e il labirinto, fino ad arrivare al parterre, uno dei pochissimi giardini \u201calla francese\u201d della Lombardia.<\/p><div id=\"ilnot-1075032284\" class=\"ilnot-contenuto_2 ilnot-entity-placement\"><div class=\"ads-wrapper\">\n<div class=\"ad-slot\">\n   <div id=\"ilnot-1187576504\" style=\"margin-right: auto;margin-left: auto;text-align: center;width: 320px;height: 100px;\"><a href=\"https:\/\/www.scuolasicurezza.it\/\"><img decoding=\"async\" src=\"https:\/\/www.ilnotiziario.net\/wp\/wp-content\/uploads\/2026\/04\/IlNotiziario_banner-sito-e-newsletter-320-x-100-px-1.gif\" alt=\"\"><\/a><\/div>\n  <\/div>\n<div class=\"ad-slot\">\n   <div id=\"ilnot-1111785345\" style=\"margin-right: auto;margin-left: auto;text-align: center;width: 320px;height: 100px;\"><a href=\"https:\/\/purodesignarredamenti.com\/\"><img decoding=\"async\" src=\"https:\/\/www.ilnotiziario.net\/wp\/wp-content\/uploads\/2026\/04\/banner-puro-ok.gif\" alt=\"whatsapp\"><\/a><\/div><\/p><\/div>\n<\/div>\n<\/div>\n<p>La visita permetter\u00e0, inoltre, ai Visitatori di scoprire gli ambienti che saranno interessati, tra il 2023 e il 2024, dagli interventi di restauro finanziati dalla vincita del bando PNRR. I possessori del biglietto di questa speciale visita guidata del Giardino avranno diritto ad un ingresso ridotto la domenica e a Ferragosto.<\/p>\n<p>Alcune note riguardo alla Visita: la visita guidata, della durata di circa un\u2019ora, si snoda su un percorso di circa 1 km di viali in ghiaia e terra battuta, solo parzialmente accessibili a persone con ridotta capacit\u00e0 motoria. L\u2019attivit\u00e0 si svolge esclusivamente all\u2019aperto, poich\u00e9 coinvolger\u00e0 solo il Giardino di Villa Arconati, il Palazzo non sar\u00e0 visitabile. Al termine della visita i Partecipanti non potranno rimanere all\u2019interno del Giardino.<\/p>\n<p><strong>A PASSEGGIO NEL GIARDINO INCANTATO DI VILLA ARCONATI<\/strong><br \/>\nVisita guidata ore 11.00 3 \u2013 7 e 10 agosto 14 \u2013 16 \u2013 17 \u2013 18 agosto 21 e 24 agosto | 28 e 31 agosto Durata: 60 min circa Costo \u20ac 8,00 a persona (gratuito per bambini fino a 10 anni compiuti) Posti limitati Prenotazione on-line <a href=\"http:\/\/www.villaarconati-far.it\">qui<\/a> oppure in loco, fino ad esaurimento posti.<\/p><div id=\"ilnot-872360478\" class=\"ilnot-contenuto_2-2 ilnot-entity-placement\"><div class=\"gptslot\" data-adunitid=\"2\"><\/div>\n<\/div>\n<p>Sfoglia il notiziario in formato digitale direttamente dal nostro sito <a href=\"https:\/\/edicola.ilnotiziario.net\/citterioeditoresrl\/newsstand\">edicola.ilnotiziario.net<\/a><\/p>\n<p>&nbsp;<\/p>\n","protected":false},"excerpt":{"rendered":"<p>Bollate, agosto e Ferragosto a Villa Arconati. Resti a Milano in agosto e non sai come passare le lunghe, assolate giornate estive? C\u2019\u00e8 una \u201cvilla di delizia\u201d costruita 400 anni fa proprio per questo: far passare una splendida giornata tra natura, arte, gusto, refrigerio e splendore. &nbsp; Villa Arconati, apertura straordinaria a Ferragosto&nbsp; Villa Arconati<\/p>\n","protected":false},"author":14,"featured_media":186449,"comment_status":"closed","ping_status":"closed","sticky":false,"template":"","format":"standard","meta":{"footnotes":""},"categories":[277,8,20],"tags":[64,110,625],"class_list":{"0":"post-186447","1":"post","2":"type-post","3":"status-publish","4":"format-standard","5":"has-post-thumbnail","7":"category-appuntamenti-della-settimana","8":"category-bollatese","9":"category-prima-pagina","10":"tag-agosto","11":"tag-bollate","12":"tag-villa-arconati"},"yoast_head":"<!-- This site is optimized with the Yoast SEO plugin v27.4 - https:\/\/yoast.com\/product\/yoast-seo-wordpress\/ -->\n<title>Bollate, agosto e Ferragosto a Villa Arconati - Il Notiziario<\/title>\n<meta name=\"description\" content=\"Bollate, agosto e Ferragosto a Villa Arconati. Resti a Milano in agosto e non sai come passare le lunghe, assolate giornate estive? C\u2019\u00e8 una \u201cvilla di\" \/>\n<meta name=\"robots\" content=\"index, follow, max-snippet:-1, max-image-preview:large, max-video-preview:-1\" \/>\n<link rel=\"canonical\" href=\"https:\/\/www.ilnotiziario.net\/wp\/bollatese\/bollate-agosto-e-ferragosto-a-villa-arconati\/\" \/>\n<meta property=\"og:locale\" content=\"it_IT\" \/>\n<meta property=\"og:type\" content=\"article\" \/>\n<meta property=\"og:title\" content=\"Bollate, agosto e Ferragosto a Villa Arconati - Il Notiziario\" \/>\n<meta property=\"og:description\" content=\"Bollate, agosto e Ferragosto a Villa Arconati. Resti a Milano in agosto e non sai come passare le lunghe, assolate giornate estive? C\u2019\u00e8 una \u201cvilla di\" \/>\n<meta property=\"og:url\" content=\"https:\/\/www.ilnotiziario.net\/wp\/bollatese\/bollate-agosto-e-ferragosto-a-villa-arconati\/\" \/>\n<meta property=\"og:site_name\" content=\"Il Notiziario\" \/>\n<meta property=\"article:publisher\" content=\"https:\/\/www.facebook.com\/ilnotiziarioind\/\" \/>\n<meta property=\"article:published_time\" content=\"2023-08-10T07:45:14+00:00\" \/>\n<meta property=\"og:image\" content=\"https:\/\/www.ilnotiziario.net\/wp\/wp-content\/uploads\/2023\/08\/Bollate-agosto-Villa-Arconati.jpg\" \/>\n\t<meta property=\"og:image:width\" content=\"1000\" \/>\n\t<meta property=\"og:image:height\" content=\"666\" \/>\n\t<meta property=\"og:image:type\" content=\"image\/jpeg\" \/>\n<meta name=\"author\" content=\"Silvia Citterio\" \/>\n<meta name=\"twitter:card\" content=\"summary_large_image\" \/>\n<meta name=\"twitter:creator\" content=\"@ilNotiziarioInd\" \/>\n<meta name=\"twitter:site\" content=\"@ilNotiziarioInd\" \/>\n<meta name=\"twitter:label1\" content=\"Scritto da\" \/>\n\t<meta name=\"twitter:data1\" content=\"Silvia Citterio\" \/>\n\t<meta name=\"twitter:label2\" content=\"Tempo di lettura stimato\" \/>\n\t<meta name=\"twitter:data2\" content=\"3 minuti\" \/>\n<script type=\"application\/ld+json\" class=\"yoast-schema-graph\">{\"@context\":\"https:\\\/\\\/schema.org\",\"@graph\":[{\"@type\":\"Article\",\"@id\":\"https:\\\/\\\/www.ilnotiziario.net\\\/wp\\\/bollatese\\\/bollate-agosto-e-ferragosto-a-villa-arconati\\\/#article\",\"isPartOf\":{\"@id\":\"https:\\\/\\\/www.ilnotiziario.net\\\/wp\\\/bollatese\\\/bollate-agosto-e-ferragosto-a-villa-arconati\\\/\"},\"author\":{\"name\":\"Silvia Citterio\",\"@id\":\"https:\\\/\\\/www.ilnotiziario.net\\\/wp\\\/#\\\/schema\\\/person\\\/c5bca2edc3d99d29959f04a6126f687b\"},\"headline\":\"Bollate, agosto e Ferragosto a Villa Arconati\",\"datePublished\":\"2023-08-10T07:45:14+00:00\",\"mainEntityOfPage\":{\"@id\":\"https:\\\/\\\/www.ilnotiziario.net\\\/wp\\\/bollatese\\\/bollate-agosto-e-ferragosto-a-villa-arconati\\\/\"},\"wordCount\":433,\"publisher\":{\"@id\":\"https:\\\/\\\/www.ilnotiziario.net\\\/wp\\\/#organization\"},\"image\":{\"@id\":\"https:\\\/\\\/www.ilnotiziario.net\\\/wp\\\/bollatese\\\/bollate-agosto-e-ferragosto-a-villa-arconati\\\/#primaryimage\"},\"thumbnailUrl\":\"https:\\\/\\\/www.ilnotiziario.net\\\/wp\\\/wp-content\\\/uploads\\\/2023\\\/08\\\/Bollate-agosto-Villa-Arconati.jpg\",\"keywords\":[\"agosto\",\"Bollate\",\"Villa Arconati\"],\"articleSection\":[\"APPUNTAMENTI\",\"BOLLATESE\",\"Prima Pagina\"],\"inLanguage\":\"it-IT\"},{\"@type\":\"WebPage\",\"@id\":\"https:\\\/\\\/www.ilnotiziario.net\\\/wp\\\/bollatese\\\/bollate-agosto-e-ferragosto-a-villa-arconati\\\/\",\"url\":\"https:\\\/\\\/www.ilnotiziario.net\\\/wp\\\/bollatese\\\/bollate-agosto-e-ferragosto-a-villa-arconati\\\/\",\"name\":\"Bollate, agosto e Ferragosto a Villa Arconati - Il Notiziario\",\"isPartOf\":{\"@id\":\"https:\\\/\\\/www.ilnotiziario.net\\\/wp\\\/#website\"},\"primaryImageOfPage\":{\"@id\":\"https:\\\/\\\/www.ilnotiziario.net\\\/wp\\\/bollatese\\\/bollate-agosto-e-ferragosto-a-villa-arconati\\\/#primaryimage\"},\"image\":{\"@id\":\"https:\\\/\\\/www.ilnotiziario.net\\\/wp\\\/bollatese\\\/bollate-agosto-e-ferragosto-a-villa-arconati\\\/#primaryimage\"},\"thumbnailUrl\":\"https:\\\/\\\/www.ilnotiziario.net\\\/wp\\\/wp-content\\\/uploads\\\/2023\\\/08\\\/Bollate-agosto-Villa-Arconati.jpg\",\"datePublished\":\"2023-08-10T07:45:14+00:00\",\"description\":\"Bollate, agosto e Ferragosto a Villa Arconati. Resti a Milano in agosto e non sai come passare le lunghe, assolate giornate estive? C\u2019\u00e8 una \u201cvilla di\",\"breadcrumb\":{\"@id\":\"https:\\\/\\\/www.ilnotiziario.net\\\/wp\\\/bollatese\\\/bollate-agosto-e-ferragosto-a-villa-arconati\\\/#breadcrumb\"},\"inLanguage\":\"it-IT\",\"potentialAction\":[{\"@type\":\"ReadAction\",\"target\":[\"https:\\\/\\\/www.ilnotiziario.net\\\/wp\\\/bollatese\\\/bollate-agosto-e-ferragosto-a-villa-arconati\\\/\"]}]},{\"@type\":\"ImageObject\",\"inLanguage\":\"it-IT\",\"@id\":\"https:\\\/\\\/www.ilnotiziario.net\\\/wp\\\/bollatese\\\/bollate-agosto-e-ferragosto-a-villa-arconati\\\/#primaryimage\",\"url\":\"https:\\\/\\\/www.ilnotiziario.net\\\/wp\\\/wp-content\\\/uploads\\\/2023\\\/08\\\/Bollate-agosto-Villa-Arconati.jpg\",\"contentUrl\":\"https:\\\/\\\/www.ilnotiziario.net\\\/wp\\\/wp-content\\\/uploads\\\/2023\\\/08\\\/Bollate-agosto-Villa-Arconati.jpg\",\"width\":1000,\"height\":666,\"caption\":\"Bollate agosto Villa Arconati\"},{\"@type\":\"BreadcrumbList\",\"@id\":\"https:\\\/\\\/www.ilnotiziario.net\\\/wp\\\/bollatese\\\/bollate-agosto-e-ferragosto-a-villa-arconati\\\/#breadcrumb\",\"itemListElement\":[{\"@type\":\"ListItem\",\"position\":1,\"name\":\"tds_text_logo_tagline_colortds_text_logo_tagline_colortds_text_logo_tagline_colortds_text_logo_tagline_colortd_module_7_title_excerpttd_module_7_title_excerpttd_module_7_title_excerpttd_module_7_title_excerptHome\",\"item\":\"https:\\\/\\\/www.ilnotiziario.net\\\/wp\\\/\"},{\"@type\":\"ListItem\",\"position\":2,\"name\":\"Bollate, agosto e Ferragosto a Villa Arconati\"}]},{\"@type\":\"WebSite\",\"@id\":\"https:\\\/\\\/www.ilnotiziario.net\\\/wp\\\/#website\",\"url\":\"https:\\\/\\\/www.ilnotiziario.net\\\/wp\\\/\",\"name\":\"Il Notiziario\",\"description\":\"Per restare sempre connessi alla notizia\",\"publisher\":{\"@id\":\"https:\\\/\\\/www.ilnotiziario.net\\\/wp\\\/#organization\"},\"alternateName\":\"Il Notiziario Bollate\",\"potentialAction\":[{\"@type\":\"SearchAction\",\"target\":{\"@type\":\"EntryPoint\",\"urlTemplate\":\"https:\\\/\\\/www.ilnotiziario.net\\\/wp\\\/?s={search_term_string}\"},\"query-input\":{\"@type\":\"PropertyValueSpecification\",\"valueRequired\":true,\"valueName\":\"search_term_string\"}}],\"inLanguage\":\"it-IT\"},{\"@type\":\"Organization\",\"@id\":\"https:\\\/\\\/www.ilnotiziario.net\\\/wp\\\/#organization\",\"name\":\"Il Notiziario\",\"url\":\"https:\\\/\\\/www.ilnotiziario.net\\\/wp\\\/\",\"logo\":{\"@type\":\"ImageObject\",\"inLanguage\":\"it-IT\",\"@id\":\"https:\\\/\\\/www.ilnotiziario.net\\\/wp\\\/#\\\/schema\\\/logo\\\/image\\\/\",\"url\":\"https:\\\/\\\/www.ilnotiziario.net\\\/wp\\\/wp-content\\\/uploads\\\/2022\\\/06\\\/170x170ilN.png\",\"contentUrl\":\"https:\\\/\\\/www.ilnotiziario.net\\\/wp\\\/wp-content\\\/uploads\\\/2022\\\/06\\\/170x170ilN.png\",\"width\":355,\"height\":355,\"caption\":\"Il Notiziario\"},\"image\":{\"@id\":\"https:\\\/\\\/www.ilnotiziario.net\\\/wp\\\/#\\\/schema\\\/logo\\\/image\\\/\"},\"sameAs\":[\"https:\\\/\\\/www.facebook.com\\\/ilnotiziarioind\\\/\",\"https:\\\/\\\/x.com\\\/ilNotiziarioInd\",\"https:\\\/\\\/www.instagram.com\\\/ilnotiziario_settimanale\\\/\"]},{\"@type\":\"Person\",\"@id\":\"https:\\\/\\\/www.ilnotiziario.net\\\/wp\\\/#\\\/schema\\\/person\\\/c5bca2edc3d99d29959f04a6126f687b\",\"name\":\"Silvia Citterio\",\"image\":{\"@type\":\"ImageObject\",\"inLanguage\":\"it-IT\",\"@id\":\"https:\\\/\\\/secure.gravatar.com\\\/avatar\\\/03eb19c63b944e79a9b5ce53ca5d1ca303edcf368a68721ec3ccaae7f98c5afd?s=96&d=mm&r=g\",\"url\":\"https:\\\/\\\/secure.gravatar.com\\\/avatar\\\/03eb19c63b944e79a9b5ce53ca5d1ca303edcf368a68721ec3ccaae7f98c5afd?s=96&d=mm&r=g\",\"contentUrl\":\"https:\\\/\\\/secure.gravatar.com\\\/avatar\\\/03eb19c63b944e79a9b5ce53ca5d1ca303edcf368a68721ec3ccaae7f98c5afd?s=96&d=mm&r=g\",\"caption\":\"Silvia Citterio\"}}]}<\/script>\n<!-- \/ Yoast SEO plugin. -->","yoast_head_json":{"title":"Bollate, agosto e Ferragosto a Villa Arconati - Il Notiziario","description":"Bollate, agosto e Ferragosto a Villa Arconati. Resti a Milano in agosto e non sai come passare le lunghe, assolate giornate estive? C\u2019\u00e8 una \u201cvilla di","robots":{"index":"index","follow":"follow","max-snippet":"max-snippet:-1","max-image-preview":"max-image-preview:large","max-video-preview":"max-video-preview:-1"},"canonical":"https:\/\/www.ilnotiziario.net\/wp\/bollatese\/bollate-agosto-e-ferragosto-a-villa-arconati\/","og_locale":"it_IT","og_type":"article","og_title":"Bollate, agosto e Ferragosto a Villa Arconati - Il Notiziario","og_description":"Bollate, agosto e Ferragosto a Villa Arconati. Resti a Milano in agosto e non sai come passare le lunghe, assolate giornate estive? C\u2019\u00e8 una \u201cvilla di","og_url":"https:\/\/www.ilnotiziario.net\/wp\/bollatese\/bollate-agosto-e-ferragosto-a-villa-arconati\/","og_site_name":"Il Notiziario","article_publisher":"https:\/\/www.facebook.com\/ilnotiziarioind\/","article_published_time":"2023-08-10T07:45:14+00:00","og_image":[{"width":1000,"height":666,"url":"https:\/\/www.ilnotiziario.net\/wp\/wp-content\/uploads\/2023\/08\/Bollate-agosto-Villa-Arconati.jpg","type":"image\/jpeg"}],"author":"Silvia Citterio","twitter_card":"summary_large_image","twitter_creator":"@ilNotiziarioInd","twitter_site":"@ilNotiziarioInd","twitter_misc":{"Scritto da":"Silvia Citterio","Tempo di lettura stimato":"3 minuti"},"schema":{"@context":"https:\/\/schema.org","@graph":[{"@type":"Article","@id":"https:\/\/www.ilnotiziario.net\/wp\/bollatese\/bollate-agosto-e-ferragosto-a-villa-arconati\/#article","isPartOf":{"@id":"https:\/\/www.ilnotiziario.net\/wp\/bollatese\/bollate-agosto-e-ferragosto-a-villa-arconati\/"},"author":{"name":"Silvia Citterio","@id":"https:\/\/www.ilnotiziario.net\/wp\/#\/schema\/person\/c5bca2edc3d99d29959f04a6126f687b"},"headline":"Bollate, agosto e Ferragosto a Villa Arconati","datePublished":"2023-08-10T07:45:14+00:00","mainEntityOfPage":{"@id":"https:\/\/www.ilnotiziario.net\/wp\/bollatese\/bollate-agosto-e-ferragosto-a-villa-arconati\/"},"wordCount":433,"publisher":{"@id":"https:\/\/www.ilnotiziario.net\/wp\/#organization"},"image":{"@id":"https:\/\/www.ilnotiziario.net\/wp\/bollatese\/bollate-agosto-e-ferragosto-a-villa-arconati\/#primaryimage"},"thumbnailUrl":"https:\/\/www.ilnotiziario.net\/wp\/wp-content\/uploads\/2023\/08\/Bollate-agosto-Villa-Arconati.jpg","keywords":["agosto","Bollate","Villa Arconati"],"articleSection":["APPUNTAMENTI","BOLLATESE","Prima Pagina"],"inLanguage":"it-IT"},{"@type":"WebPage","@id":"https:\/\/www.ilnotiziario.net\/wp\/bollatese\/bollate-agosto-e-ferragosto-a-villa-arconati\/","url":"https:\/\/www.ilnotiziario.net\/wp\/bollatese\/bollate-agosto-e-ferragosto-a-villa-arconati\/","name":"Bollate, agosto e Ferragosto a Villa Arconati - Il Notiziario","isPartOf":{"@id":"https:\/\/www.ilnotiziario.net\/wp\/#website"},"primaryImageOfPage":{"@id":"https:\/\/www.ilnotiziario.net\/wp\/bollatese\/bollate-agosto-e-ferragosto-a-villa-arconati\/#primaryimage"},"image":{"@id":"https:\/\/www.ilnotiziario.net\/wp\/bollatese\/bollate-agosto-e-ferragosto-a-villa-arconati\/#primaryimage"},"thumbnailUrl":"https:\/\/www.ilnotiziario.net\/wp\/wp-content\/uploads\/2023\/08\/Bollate-agosto-Villa-Arconati.jpg","datePublished":"2023-08-10T07:45:14+00:00","description":"Bollate, agosto e Ferragosto a Villa Arconati. Resti a Milano in agosto e non sai come passare le lunghe, assolate giornate estive? C\u2019\u00e8 una \u201cvilla di","breadcrumb":{"@id":"https:\/\/www.ilnotiziario.net\/wp\/bollatese\/bollate-agosto-e-ferragosto-a-villa-arconati\/#breadcrumb"},"inLanguage":"it-IT","potentialAction":[{"@type":"ReadAction","target":["https:\/\/www.ilnotiziario.net\/wp\/bollatese\/bollate-agosto-e-ferragosto-a-villa-arconati\/"]}]},{"@type":"ImageObject","inLanguage":"it-IT","@id":"https:\/\/www.ilnotiziario.net\/wp\/bollatese\/bollate-agosto-e-ferragosto-a-villa-arconati\/#primaryimage","url":"https:\/\/www.ilnotiziario.net\/wp\/wp-content\/uploads\/2023\/08\/Bollate-agosto-Villa-Arconati.jpg","contentUrl":"https:\/\/www.ilnotiziario.net\/wp\/wp-content\/uploads\/2023\/08\/Bollate-agosto-Villa-Arconati.jpg","width":1000,"height":666,"caption":"Bollate agosto Villa Arconati"},{"@type":"BreadcrumbList","@id":"https:\/\/www.ilnotiziario.net\/wp\/bollatese\/bollate-agosto-e-ferragosto-a-villa-arconati\/#breadcrumb","itemListElement":[{"@type":"ListItem","position":1,"name":"tds_text_logo_tagline_colortds_text_logo_tagline_colortds_text_logo_tagline_colortds_text_logo_tagline_colortd_module_7_title_excerpttd_module_7_title_excerpttd_module_7_title_excerpttd_module_7_title_excerptHome","item":"https:\/\/www.ilnotiziario.net\/wp\/"},{"@type":"ListItem","position":2,"name":"Bollate, agosto e Ferragosto a Villa Arconati"}]},{"@type":"WebSite","@id":"https:\/\/www.ilnotiziario.net\/wp\/#website","url":"https:\/\/www.ilnotiziario.net\/wp\/","name":"Il Notiziario","description":"Per restare sempre connessi alla notizia","publisher":{"@id":"https:\/\/www.ilnotiziario.net\/wp\/#organization"},"alternateName":"Il Notiziario Bollate","potentialAction":[{"@type":"SearchAction","target":{"@type":"EntryPoint","urlTemplate":"https:\/\/www.ilnotiziario.net\/wp\/?s={search_term_string}"},"query-input":{"@type":"PropertyValueSpecification","valueRequired":true,"valueName":"search_term_string"}}],"inLanguage":"it-IT"},{"@type":"Organization","@id":"https:\/\/www.ilnotiziario.net\/wp\/#organization","name":"Il Notiziario","url":"https:\/\/www.ilnotiziario.net\/wp\/","logo":{"@type":"ImageObject","inLanguage":"it-IT","@id":"https:\/\/www.ilnotiziario.net\/wp\/#\/schema\/logo\/image\/","url":"https:\/\/www.ilnotiziario.net\/wp\/wp-content\/uploads\/2022\/06\/170x170ilN.png","contentUrl":"https:\/\/www.ilnotiziario.net\/wp\/wp-content\/uploads\/2022\/06\/170x170ilN.png","width":355,"height":355,"caption":"Il Notiziario"},"image":{"@id":"https:\/\/www.ilnotiziario.net\/wp\/#\/schema\/logo\/image\/"},"sameAs":["https:\/\/www.facebook.com\/ilnotiziarioind\/","https:\/\/x.com\/ilNotiziarioInd","https:\/\/www.instagram.com\/ilnotiziario_settimanale\/"]},{"@type":"Person","@id":"https:\/\/www.ilnotiziario.net\/wp\/#\/schema\/person\/c5bca2edc3d99d29959f04a6126f687b","name":"Silvia Citterio","image":{"@type":"ImageObject","inLanguage":"it-IT","@id":"https:\/\/secure.gravatar.com\/avatar\/03eb19c63b944e79a9b5ce53ca5d1ca303edcf368a68721ec3ccaae7f98c5afd?s=96&d=mm&r=g","url":"https:\/\/secure.gravatar.com\/avatar\/03eb19c63b944e79a9b5ce53ca5d1ca303edcf368a68721ec3ccaae7f98c5afd?s=96&d=mm&r=g","contentUrl":"https:\/\/secure.gravatar.com\/avatar\/03eb19c63b944e79a9b5ce53ca5d1ca303edcf368a68721ec3ccaae7f98c5afd?s=96&d=mm&r=g","caption":"Silvia Citterio"}}]}},"_links":{"self":[{"href":"https:\/\/www.ilnotiziario.net\/wp\/wp-json\/wp\/v2\/posts\/186447","targetHints":{"allow":["GET"]}}],"collection":[{"href":"https:\/\/www.ilnotiziario.net\/wp\/wp-json\/wp\/v2\/posts"}],"about":[{"href":"https:\/\/www.ilnotiziario.net\/wp\/wp-json\/wp\/v2\/types\/post"}],"author":[{"embeddable":true,"href":"https:\/\/www.ilnotiziario.net\/wp\/wp-json\/wp\/v2\/users\/14"}],"replies":[{"embeddable":true,"href":"https:\/\/www.ilnotiziario.net\/wp\/wp-json\/wp\/v2\/comments?post=186447"}],"version-history":[{"count":0,"href":"https:\/\/www.ilnotiziario.net\/wp\/wp-json\/wp\/v2\/posts\/186447\/revisions"}],"wp:featuredmedia":[{"embeddable":true,"href":"https:\/\/www.ilnotiziario.net\/wp\/wp-json\/wp\/v2\/media\/186449"}],"wp:attachment":[{"href":"https:\/\/www.ilnotiziario.net\/wp\/wp-json\/wp\/v2\/media?parent=186447"}],"wp:term":[{"taxonomy":"category","embeddable":true,"href":"https:\/\/www.ilnotiziario.net\/wp\/wp-json\/wp\/v2\/categories?post=186447"},{"taxonomy":"post_tag","embeddable":true,"href":"https:\/\/www.ilnotiziario.net\/wp\/wp-json\/wp\/v2\/tags?post=186447"}],"curies":[{"name":"wp","href":"https:\/\/api.w.org\/{rel}","templated":true}]}}