{"id":187185,"date":"2023-08-27T08:43:47","date_gmt":"2023-08-27T06:43:47","guid":{"rendered":"https:\/\/www.ilnotiziario.net\/wp\/?p=187185"},"modified":"2023-08-27T08:43:47","modified_gmt":"2023-08-27T06:43:47","slug":"grandine-a-uboldo-canile","status":"publish","type":"post","link":"https:\/\/www.ilnotiziario.net\/wp\/saronnese\/grandine-a-uboldo-canile\/","title":{"rendered":"Grandine a Uboldo, ancora danni al canile: &#8220;Tempesta devastante, aiutateci&#8221;"},"content":{"rendered":"<p>Grandine a Saronno, ma anche a Uboldo con nuovi danni al canile &#8220;Una luce fuori dal lager&#8221;. Che ora ha bisogno non solo di donazioni, ma anche di volontari per risollevarsi.<\/p><div id=\"ilnot-41765571\" class=\"ilnot-contenuto ilnot-entity-placement\"><p><!-- incontent_1 --><\/p>\n<div class=\"gptslot\" data-adunitid=\"1\"><\/div>\n<\/div>\n<h2>Grandine a Uboldo<\/h2>\n<p>La <a href=\"https:\/\/www.ilnotiziario.net\/wp\/breaking-news\/temporale-grandinata-saronno-blackout-garbagnate\/\">grandinata<\/a> che si \u00e8 abbattuta questa notte su Saronno ha causato danni anche a Uboldo. In particolare, al canile da cui arriva un resoconto. &#8220;La tempesta che si \u00e8 abbattuta questa notte sul rifugio \u00e8 stata devastante&#8221;, raccontano i volontari sulla pagina Facebook dell&#8217;associazione. La grandine e il vento hanno rotto le recinzioni delle aree sgambo che sono state sradicate e spazzate via. Stesso discorso per tettoie e pali, alberi e gazebo che non ci sono pi\u00f9. I vetri sono tutti in frantumi.<\/p>\n<h2>Dal canile: l&#8217;appello dei volontari<\/h2>\n<p>&#8220;Ci eravamo appena risollevati da un episodio analogo con fatica e pensavamo che il peggio fosse passato&#8221;, proseguono i volontari. &#8220;Invece eccoci di nuovo in ginocchio. Io non so se questo che \u00e8 accaduto sia un messaggio che ci vuole dire di mollare tutto, ma al momento devo pensare ai miei cani. Devo rimettere in piedi la struttura, ma per farlo ho bisogno dell&#8217;aiuto di tutti perch\u00e9 da solo non \u00e8 possibile&#8221;.<\/p><div id=\"ilnot-704399941\" class=\"ilnot-contenuto_2 ilnot-entity-placement\"><div class=\"ads-wrapper\">\n<div class=\"ad-slot\">\n   <div id=\"ilnot-1841541922\" style=\"margin-right: auto;margin-left: auto;text-align: center;width: 320px;height: 100px;\"><a href=\"https:\/\/www.scuolasicurezza.it\/\"><img decoding=\"async\" src=\"https:\/\/www.ilnotiziario.net\/wp\/wp-content\/uploads\/2026\/04\/IlNotiziario_banner-sito-e-newsletter-320-x-100-px-1.gif\" alt=\"\"><\/a><\/div>\n  <\/div>\n<div class=\"ad-slot\">\n   <div id=\"ilnot-875441257\" style=\"margin-right: auto;margin-left: auto;text-align: center;width: 320px;height: 100px;\"><a href=\"https:\/\/purodesignarredamenti.com\/\"><img decoding=\"async\" src=\"https:\/\/www.ilnotiziario.net\/wp\/wp-content\/uploads\/2026\/04\/banner-puro-ok.gif\" alt=\"whatsapp\"><\/a><\/div><\/p><\/div>\n<\/div>\n<\/div>\n<p>Da qui l&#8217;appello che si spera non rimanga inascoltato. &#8220;Ho bisogno di sostegno economico, ma anche fisico, di persone che vengano ad aiutarci fisicamente e a sostenerci psicologicamente perch\u00e9 siamo veramente provati. Vi prego di non lasciarci da soli!&#8221;<\/p>\n<p>Chi volesse unirsi ai volontari del canile in difficolt\u00e0 dopo la grandine che si \u00e8 abbattuta su Uboldo pu\u00f2 raggiungerli in via caduti della liberazione 123. Invece,&nbsp;per aiuti economici e donazioni intestate ad associazione Una Luce Fuori Dal Lager iban : <a href=\"http:\/\/www.paypal.me\/unalucefuoridallager\">IT 16 V 08374 33260 0000 12450547<\/a><br \/>\npaypal.<\/p>\n","protected":false},"excerpt":{"rendered":"<p>Grandine a Saronno, ma anche a Uboldo con nuovi danni al canile &#8220;Una luce fuori dal lager&#8221;. Che ora ha bisogno non solo di donazioni, ma anche di volontari per risollevarsi. Grandine a Uboldo La grandinata che si \u00e8 abbattuta questa notte su Saronno ha causato danni anche a Uboldo. In particolare, al canile da<\/p>\n","protected":false},"author":7,"featured_media":187186,"comment_status":"closed","ping_status":"closed","sticky":false,"template":"","format":"standard","meta":{"footnotes":""},"categories":[20,13],"tags":[5744,60],"class_list":{"0":"post-187185","1":"post","2":"type-post","3":"status-publish","4":"format-standard","5":"has-post-thumbnail","7":"category-prima-pagina","8":"category-saronnese","9":"tag-canile","10":"tag-uboldo"},"yoast_head":"<!-- This site is optimized with the Yoast SEO plugin v27.5 - https:\/\/yoast.com\/product\/yoast-seo-wordpress\/ -->\n<title>Grandine a Uboldo, ancora danni al canile: &quot;Tempesta devastante, aiutateci&quot;<\/title>\n<meta name=\"description\" content=\"Grandine a Saronno, ma anche a Uboldo con nuovi danni al canile &quot;Una luce fuori dal lager&quot; che cerca volontari per risollevarsi\" \/>\n<meta name=\"robots\" content=\"index, follow, max-snippet:-1, max-image-preview:large, max-video-preview:-1\" \/>\n<link rel=\"canonical\" href=\"https:\/\/www.ilnotiziario.net\/wp\/saronnese\/grandine-a-uboldo-canile\/\" \/>\n<meta property=\"og:locale\" content=\"it_IT\" \/>\n<meta property=\"og:type\" content=\"article\" \/>\n<meta property=\"og:title\" content=\"Grandine a Uboldo, ancora danni al canile: &quot;Tempesta devastante, aiutateci&quot;\" \/>\n<meta property=\"og:description\" content=\"Grandine a Saronno, ma anche a Uboldo con nuovi danni al canile &quot;Una luce fuori dal lager&quot; che cerca volontari per risollevarsi\" \/>\n<meta property=\"og:url\" content=\"https:\/\/www.ilnotiziario.net\/wp\/saronnese\/grandine-a-uboldo-canile\/\" \/>\n<meta property=\"og:site_name\" content=\"Il Notiziario\" \/>\n<meta property=\"article:publisher\" content=\"https:\/\/www.facebook.com\/ilnotiziarioind\/\" \/>\n<meta property=\"article:published_time\" content=\"2023-08-27T06:43:47+00:00\" \/>\n<meta property=\"og:image\" content=\"https:\/\/www.ilnotiziario.net\/wp\/wp-content\/uploads\/2023\/08\/grandine-uboldo-canile.jpg\" \/>\n\t<meta property=\"og:image:width\" content=\"1280\" \/>\n\t<meta property=\"og:image:height\" content=\"720\" \/>\n\t<meta property=\"og:image:type\" content=\"image\/jpeg\" \/>\n<meta name=\"author\" content=\"Simone Carcano\" \/>\n<meta name=\"twitter:card\" content=\"summary_large_image\" \/>\n<meta name=\"twitter:creator\" content=\"@simone_carcano\" \/>\n<meta name=\"twitter:site\" content=\"@ilNotiziarioInd\" \/>\n<meta name=\"twitter:label1\" content=\"Scritto da\" \/>\n\t<meta name=\"twitter:data1\" content=\"Simone Carcano\" \/>\n\t<meta name=\"twitter:label2\" content=\"Tempo di lettura stimato\" \/>\n\t<meta name=\"twitter:data2\" content=\"2 minuti\" \/>\n<script type=\"application\/ld+json\" class=\"yoast-schema-graph\">{\"@context\":\"https:\\\/\\\/schema.org\",\"@graph\":[{\"@type\":\"Article\",\"@id\":\"https:\\\/\\\/www.ilnotiziario.net\\\/wp\\\/saronnese\\\/grandine-a-uboldo-canile\\\/#article\",\"isPartOf\":{\"@id\":\"https:\\\/\\\/www.ilnotiziario.net\\\/wp\\\/saronnese\\\/grandine-a-uboldo-canile\\\/\"},\"author\":{\"name\":\"Simone Carcano\",\"@id\":\"https:\\\/\\\/www.ilnotiziario.net\\\/wp\\\/#\\\/schema\\\/person\\\/c218ad0865f96bfe2c1c2cfa719653f7\"},\"headline\":\"Grandine a Uboldo, ancora danni al canile: &#8220;Tempesta devastante, aiutateci&#8221;\",\"datePublished\":\"2023-08-27T06:43:47+00:00\",\"mainEntityOfPage\":{\"@id\":\"https:\\\/\\\/www.ilnotiziario.net\\\/wp\\\/saronnese\\\/grandine-a-uboldo-canile\\\/\"},\"wordCount\":286,\"publisher\":{\"@id\":\"https:\\\/\\\/www.ilnotiziario.net\\\/wp\\\/#organization\"},\"image\":{\"@id\":\"https:\\\/\\\/www.ilnotiziario.net\\\/wp\\\/saronnese\\\/grandine-a-uboldo-canile\\\/#primaryimage\"},\"thumbnailUrl\":\"https:\\\/\\\/www.ilnotiziario.net\\\/wp\\\/wp-content\\\/uploads\\\/2023\\\/08\\\/grandine-uboldo-canile.jpg\",\"keywords\":[\"Canile\",\"Uboldo\"],\"articleSection\":[\"Prima Pagina\",\"SARONNESE\"],\"inLanguage\":\"it-IT\"},{\"@type\":\"WebPage\",\"@id\":\"https:\\\/\\\/www.ilnotiziario.net\\\/wp\\\/saronnese\\\/grandine-a-uboldo-canile\\\/\",\"url\":\"https:\\\/\\\/www.ilnotiziario.net\\\/wp\\\/saronnese\\\/grandine-a-uboldo-canile\\\/\",\"name\":\"Grandine a Uboldo, ancora danni al canile: \\\"Tempesta devastante, aiutateci\\\"\",\"isPartOf\":{\"@id\":\"https:\\\/\\\/www.ilnotiziario.net\\\/wp\\\/#website\"},\"primaryImageOfPage\":{\"@id\":\"https:\\\/\\\/www.ilnotiziario.net\\\/wp\\\/saronnese\\\/grandine-a-uboldo-canile\\\/#primaryimage\"},\"image\":{\"@id\":\"https:\\\/\\\/www.ilnotiziario.net\\\/wp\\\/saronnese\\\/grandine-a-uboldo-canile\\\/#primaryimage\"},\"thumbnailUrl\":\"https:\\\/\\\/www.ilnotiziario.net\\\/wp\\\/wp-content\\\/uploads\\\/2023\\\/08\\\/grandine-uboldo-canile.jpg\",\"datePublished\":\"2023-08-27T06:43:47+00:00\",\"description\":\"Grandine a Saronno, ma anche a Uboldo con nuovi danni al canile \\\"Una luce fuori dal lager\\\" che cerca volontari per risollevarsi\",\"breadcrumb\":{\"@id\":\"https:\\\/\\\/www.ilnotiziario.net\\\/wp\\\/saronnese\\\/grandine-a-uboldo-canile\\\/#breadcrumb\"},\"inLanguage\":\"it-IT\",\"potentialAction\":[{\"@type\":\"ReadAction\",\"target\":[\"https:\\\/\\\/www.ilnotiziario.net\\\/wp\\\/saronnese\\\/grandine-a-uboldo-canile\\\/\"]}]},{\"@type\":\"ImageObject\",\"inLanguage\":\"it-IT\",\"@id\":\"https:\\\/\\\/www.ilnotiziario.net\\\/wp\\\/saronnese\\\/grandine-a-uboldo-canile\\\/#primaryimage\",\"url\":\"https:\\\/\\\/www.ilnotiziario.net\\\/wp\\\/wp-content\\\/uploads\\\/2023\\\/08\\\/grandine-uboldo-canile.jpg\",\"contentUrl\":\"https:\\\/\\\/www.ilnotiziario.net\\\/wp\\\/wp-content\\\/uploads\\\/2023\\\/08\\\/grandine-uboldo-canile.jpg\",\"width\":1280,\"height\":720},{\"@type\":\"BreadcrumbList\",\"@id\":\"https:\\\/\\\/www.ilnotiziario.net\\\/wp\\\/saronnese\\\/grandine-a-uboldo-canile\\\/#breadcrumb\",\"itemListElement\":[{\"@type\":\"ListItem\",\"position\":1,\"name\":\"tds_text_logo_tagline_colortds_text_logo_tagline_colortds_text_logo_tagline_colortds_text_logo_tagline_colortd_module_7_title_excerpttd_module_7_title_excerpttd_module_7_title_excerpttd_module_7_title_excerptHome\",\"item\":\"https:\\\/\\\/www.ilnotiziario.net\\\/wp\\\/\"},{\"@type\":\"ListItem\",\"position\":2,\"name\":\"Grandine a Uboldo, ancora danni al canile: &#8220;Tempesta devastante, aiutateci&#8221;\"}]},{\"@type\":\"WebSite\",\"@id\":\"https:\\\/\\\/www.ilnotiziario.net\\\/wp\\\/#website\",\"url\":\"https:\\\/\\\/www.ilnotiziario.net\\\/wp\\\/\",\"name\":\"Il Notiziario\",\"description\":\"Per restare sempre connessi alla notizia\",\"publisher\":{\"@id\":\"https:\\\/\\\/www.ilnotiziario.net\\\/wp\\\/#organization\"},\"alternateName\":\"Il Notiziario Bollate\",\"potentialAction\":[{\"@type\":\"SearchAction\",\"target\":{\"@type\":\"EntryPoint\",\"urlTemplate\":\"https:\\\/\\\/www.ilnotiziario.net\\\/wp\\\/?s={search_term_string}\"},\"query-input\":{\"@type\":\"PropertyValueSpecification\",\"valueRequired\":true,\"valueName\":\"search_term_string\"}}],\"inLanguage\":\"it-IT\"},{\"@type\":\"Organization\",\"@id\":\"https:\\\/\\\/www.ilnotiziario.net\\\/wp\\\/#organization\",\"name\":\"Il Notiziario\",\"url\":\"https:\\\/\\\/www.ilnotiziario.net\\\/wp\\\/\",\"logo\":{\"@type\":\"ImageObject\",\"inLanguage\":\"it-IT\",\"@id\":\"https:\\\/\\\/www.ilnotiziario.net\\\/wp\\\/#\\\/schema\\\/logo\\\/image\\\/\",\"url\":\"https:\\\/\\\/www.ilnotiziario.net\\\/wp\\\/wp-content\\\/uploads\\\/2022\\\/06\\\/170x170ilN.png\",\"contentUrl\":\"https:\\\/\\\/www.ilnotiziario.net\\\/wp\\\/wp-content\\\/uploads\\\/2022\\\/06\\\/170x170ilN.png\",\"width\":355,\"height\":355,\"caption\":\"Il Notiziario\"},\"image\":{\"@id\":\"https:\\\/\\\/www.ilnotiziario.net\\\/wp\\\/#\\\/schema\\\/logo\\\/image\\\/\"},\"sameAs\":[\"https:\\\/\\\/www.facebook.com\\\/ilnotiziarioind\\\/\",\"https:\\\/\\\/x.com\\\/ilNotiziarioInd\",\"https:\\\/\\\/www.instagram.com\\\/ilnotiziario_settimanale\\\/\"]},{\"@type\":\"Person\",\"@id\":\"https:\\\/\\\/www.ilnotiziario.net\\\/wp\\\/#\\\/schema\\\/person\\\/c218ad0865f96bfe2c1c2cfa719653f7\",\"name\":\"Simone Carcano\",\"image\":{\"@type\":\"ImageObject\",\"inLanguage\":\"it-IT\",\"@id\":\"https:\\\/\\\/secure.gravatar.com\\\/avatar\\\/5e677023cff2c47e9f7a896b9157a46e18bd36e7c4d000a1726bb730be7d38bb?s=96&d=mm&r=g\",\"url\":\"https:\\\/\\\/secure.gravatar.com\\\/avatar\\\/5e677023cff2c47e9f7a896b9157a46e18bd36e7c4d000a1726bb730be7d38bb?s=96&d=mm&r=g\",\"contentUrl\":\"https:\\\/\\\/secure.gravatar.com\\\/avatar\\\/5e677023cff2c47e9f7a896b9157a46e18bd36e7c4d000a1726bb730be7d38bb?s=96&d=mm&r=g\",\"caption\":\"Simone Carcano\"},\"sameAs\":[\"http:\\\/\\\/www.ilnotiziario.net\",\"https:\\\/\\\/x.com\\\/@simone_carcano\"]}]}<\/script>\n<!-- \/ Yoast SEO plugin. -->","yoast_head_json":{"title":"Grandine a Uboldo, ancora danni al canile: \"Tempesta devastante, aiutateci\"","description":"Grandine a Saronno, ma anche a Uboldo con nuovi danni al canile \"Una luce fuori dal lager\" che cerca volontari per risollevarsi","robots":{"index":"index","follow":"follow","max-snippet":"max-snippet:-1","max-image-preview":"max-image-preview:large","max-video-preview":"max-video-preview:-1"},"canonical":"https:\/\/www.ilnotiziario.net\/wp\/saronnese\/grandine-a-uboldo-canile\/","og_locale":"it_IT","og_type":"article","og_title":"Grandine a Uboldo, ancora danni al canile: \"Tempesta devastante, aiutateci\"","og_description":"Grandine a Saronno, ma anche a Uboldo con nuovi danni al canile \"Una luce fuori dal lager\" che cerca volontari per risollevarsi","og_url":"https:\/\/www.ilnotiziario.net\/wp\/saronnese\/grandine-a-uboldo-canile\/","og_site_name":"Il Notiziario","article_publisher":"https:\/\/www.facebook.com\/ilnotiziarioind\/","article_published_time":"2023-08-27T06:43:47+00:00","og_image":[{"width":1280,"height":720,"url":"https:\/\/www.ilnotiziario.net\/wp\/wp-content\/uploads\/2023\/08\/grandine-uboldo-canile.jpg","type":"image\/jpeg"}],"author":"Simone Carcano","twitter_card":"summary_large_image","twitter_creator":"@simone_carcano","twitter_site":"@ilNotiziarioInd","twitter_misc":{"Scritto da":"Simone Carcano","Tempo di lettura stimato":"2 minuti"},"schema":{"@context":"https:\/\/schema.org","@graph":[{"@type":"Article","@id":"https:\/\/www.ilnotiziario.net\/wp\/saronnese\/grandine-a-uboldo-canile\/#article","isPartOf":{"@id":"https:\/\/www.ilnotiziario.net\/wp\/saronnese\/grandine-a-uboldo-canile\/"},"author":{"name":"Simone Carcano","@id":"https:\/\/www.ilnotiziario.net\/wp\/#\/schema\/person\/c218ad0865f96bfe2c1c2cfa719653f7"},"headline":"Grandine a Uboldo, ancora danni al canile: &#8220;Tempesta devastante, aiutateci&#8221;","datePublished":"2023-08-27T06:43:47+00:00","mainEntityOfPage":{"@id":"https:\/\/www.ilnotiziario.net\/wp\/saronnese\/grandine-a-uboldo-canile\/"},"wordCount":286,"publisher":{"@id":"https:\/\/www.ilnotiziario.net\/wp\/#organization"},"image":{"@id":"https:\/\/www.ilnotiziario.net\/wp\/saronnese\/grandine-a-uboldo-canile\/#primaryimage"},"thumbnailUrl":"https:\/\/www.ilnotiziario.net\/wp\/wp-content\/uploads\/2023\/08\/grandine-uboldo-canile.jpg","keywords":["Canile","Uboldo"],"articleSection":["Prima Pagina","SARONNESE"],"inLanguage":"it-IT"},{"@type":"WebPage","@id":"https:\/\/www.ilnotiziario.net\/wp\/saronnese\/grandine-a-uboldo-canile\/","url":"https:\/\/www.ilnotiziario.net\/wp\/saronnese\/grandine-a-uboldo-canile\/","name":"Grandine a Uboldo, ancora danni al canile: \"Tempesta devastante, aiutateci\"","isPartOf":{"@id":"https:\/\/www.ilnotiziario.net\/wp\/#website"},"primaryImageOfPage":{"@id":"https:\/\/www.ilnotiziario.net\/wp\/saronnese\/grandine-a-uboldo-canile\/#primaryimage"},"image":{"@id":"https:\/\/www.ilnotiziario.net\/wp\/saronnese\/grandine-a-uboldo-canile\/#primaryimage"},"thumbnailUrl":"https:\/\/www.ilnotiziario.net\/wp\/wp-content\/uploads\/2023\/08\/grandine-uboldo-canile.jpg","datePublished":"2023-08-27T06:43:47+00:00","description":"Grandine a Saronno, ma anche a Uboldo con nuovi danni al canile \"Una luce fuori dal lager\" che cerca volontari per risollevarsi","breadcrumb":{"@id":"https:\/\/www.ilnotiziario.net\/wp\/saronnese\/grandine-a-uboldo-canile\/#breadcrumb"},"inLanguage":"it-IT","potentialAction":[{"@type":"ReadAction","target":["https:\/\/www.ilnotiziario.net\/wp\/saronnese\/grandine-a-uboldo-canile\/"]}]},{"@type":"ImageObject","inLanguage":"it-IT","@id":"https:\/\/www.ilnotiziario.net\/wp\/saronnese\/grandine-a-uboldo-canile\/#primaryimage","url":"https:\/\/www.ilnotiziario.net\/wp\/wp-content\/uploads\/2023\/08\/grandine-uboldo-canile.jpg","contentUrl":"https:\/\/www.ilnotiziario.net\/wp\/wp-content\/uploads\/2023\/08\/grandine-uboldo-canile.jpg","width":1280,"height":720},{"@type":"BreadcrumbList","@id":"https:\/\/www.ilnotiziario.net\/wp\/saronnese\/grandine-a-uboldo-canile\/#breadcrumb","itemListElement":[{"@type":"ListItem","position":1,"name":"tds_text_logo_tagline_colortds_text_logo_tagline_colortds_text_logo_tagline_colortds_text_logo_tagline_colortd_module_7_title_excerpttd_module_7_title_excerpttd_module_7_title_excerpttd_module_7_title_excerptHome","item":"https:\/\/www.ilnotiziario.net\/wp\/"},{"@type":"ListItem","position":2,"name":"Grandine a Uboldo, ancora danni al canile: &#8220;Tempesta devastante, aiutateci&#8221;"}]},{"@type":"WebSite","@id":"https:\/\/www.ilnotiziario.net\/wp\/#website","url":"https:\/\/www.ilnotiziario.net\/wp\/","name":"Il Notiziario","description":"Per restare sempre connessi alla notizia","publisher":{"@id":"https:\/\/www.ilnotiziario.net\/wp\/#organization"},"alternateName":"Il Notiziario Bollate","potentialAction":[{"@type":"SearchAction","target":{"@type":"EntryPoint","urlTemplate":"https:\/\/www.ilnotiziario.net\/wp\/?s={search_term_string}"},"query-input":{"@type":"PropertyValueSpecification","valueRequired":true,"valueName":"search_term_string"}}],"inLanguage":"it-IT"},{"@type":"Organization","@id":"https:\/\/www.ilnotiziario.net\/wp\/#organization","name":"Il Notiziario","url":"https:\/\/www.ilnotiziario.net\/wp\/","logo":{"@type":"ImageObject","inLanguage":"it-IT","@id":"https:\/\/www.ilnotiziario.net\/wp\/#\/schema\/logo\/image\/","url":"https:\/\/www.ilnotiziario.net\/wp\/wp-content\/uploads\/2022\/06\/170x170ilN.png","contentUrl":"https:\/\/www.ilnotiziario.net\/wp\/wp-content\/uploads\/2022\/06\/170x170ilN.png","width":355,"height":355,"caption":"Il Notiziario"},"image":{"@id":"https:\/\/www.ilnotiziario.net\/wp\/#\/schema\/logo\/image\/"},"sameAs":["https:\/\/www.facebook.com\/ilnotiziarioind\/","https:\/\/x.com\/ilNotiziarioInd","https:\/\/www.instagram.com\/ilnotiziario_settimanale\/"]},{"@type":"Person","@id":"https:\/\/www.ilnotiziario.net\/wp\/#\/schema\/person\/c218ad0865f96bfe2c1c2cfa719653f7","name":"Simone Carcano","image":{"@type":"ImageObject","inLanguage":"it-IT","@id":"https:\/\/secure.gravatar.com\/avatar\/5e677023cff2c47e9f7a896b9157a46e18bd36e7c4d000a1726bb730be7d38bb?s=96&d=mm&r=g","url":"https:\/\/secure.gravatar.com\/avatar\/5e677023cff2c47e9f7a896b9157a46e18bd36e7c4d000a1726bb730be7d38bb?s=96&d=mm&r=g","contentUrl":"https:\/\/secure.gravatar.com\/avatar\/5e677023cff2c47e9f7a896b9157a46e18bd36e7c4d000a1726bb730be7d38bb?s=96&d=mm&r=g","caption":"Simone Carcano"},"sameAs":["http:\/\/www.ilnotiziario.net","https:\/\/x.com\/@simone_carcano"]}]}},"_links":{"self":[{"href":"https:\/\/www.ilnotiziario.net\/wp\/wp-json\/wp\/v2\/posts\/187185","targetHints":{"allow":["GET"]}}],"collection":[{"href":"https:\/\/www.ilnotiziario.net\/wp\/wp-json\/wp\/v2\/posts"}],"about":[{"href":"https:\/\/www.ilnotiziario.net\/wp\/wp-json\/wp\/v2\/types\/post"}],"author":[{"embeddable":true,"href":"https:\/\/www.ilnotiziario.net\/wp\/wp-json\/wp\/v2\/users\/7"}],"replies":[{"embeddable":true,"href":"https:\/\/www.ilnotiziario.net\/wp\/wp-json\/wp\/v2\/comments?post=187185"}],"version-history":[{"count":0,"href":"https:\/\/www.ilnotiziario.net\/wp\/wp-json\/wp\/v2\/posts\/187185\/revisions"}],"wp:featuredmedia":[{"embeddable":true,"href":"https:\/\/www.ilnotiziario.net\/wp\/wp-json\/wp\/v2\/media\/187186"}],"wp:attachment":[{"href":"https:\/\/www.ilnotiziario.net\/wp\/wp-json\/wp\/v2\/media?parent=187185"}],"wp:term":[{"taxonomy":"category","embeddable":true,"href":"https:\/\/www.ilnotiziario.net\/wp\/wp-json\/wp\/v2\/categories?post=187185"},{"taxonomy":"post_tag","embeddable":true,"href":"https:\/\/www.ilnotiziario.net\/wp\/wp-json\/wp\/v2\/tags?post=187185"}],"curies":[{"name":"wp","href":"https:\/\/api.w.org\/{rel}","templated":true}]}}