{"id":187336,"date":"2023-08-31T09:42:00","date_gmt":"2023-08-31T07:42:00","guid":{"rendered":"https:\/\/www.ilnotiziario.net\/wp\/?p=187336"},"modified":"2023-08-31T09:42:00","modified_gmt":"2023-08-31T07:42:00","slug":"disagi-treni-milano-torino","status":"publish","type":"post","link":"https:\/\/www.ilnotiziario.net\/wp\/lombardia\/disagi-treni-milano-torino\/","title":{"rendered":"Operai travolti e uccisi sui binari: disagi sulla circolazione ferroviaria da Milano verso Torino"},"content":{"rendered":"<p>Persistono grossi disagi per la circolazione ferroviaria sulla linea Milano-Torino, ancora sospesa tra Settimo e Chivasso, nel Torinese, dopo l&#8217;incidente che nella notte \u00e8 costato la vita a 5 operai al lavoro sui binari. Gli effetti della circolazione sospesa si estendono a cascata sull&#8217;intera tratta e nel traffico in entrata e in uscita da Milano proprio verso il capoluogo piemontese, con la soppressione di 16 treni regionali e altri 12 sottoposti a limitazioni e a parziali sostituzioni con autobus.<\/p><div id=\"ilnot-2510261204\" class=\"ilnot-contenuto ilnot-entity-placement\"><p><!-- incontent_1 --><\/p>\n<div class=\"gptslot\" data-adunitid=\"1\"><\/div>\n<\/div>\n<h2>Operai travolti e uccisi da un treno a Brandizzo<\/h2>\n<p>Trenitalia sul proprio sito ha avvisato che &#8220;i treni intercity e regionali possono&nbsp;subire ritardi, cancellazioni, limitazioni di percorso e sostituzioni con bus&#8221;, a seguito dell&#8217;incidente ferroviario verificatosi nella notte a Brandizzo, dove 5 operai al lavoro sono stati investiti e uccisi sui binari. Travolti poco prima della mezzanotte sulla linea Milano-Torino.&nbsp;<\/p>\n<h2>L&#8217;incidente sui binari: il treno viaggiava a 160 chilometri orari<\/h2>\n<p>Nella mattinata di gioved\u00ec 31 ottobre la circolazione ferroviaria \u00e8 condizionata dagli accertamenti dell&#8217;autorit\u00e0 giudiziaria, dopo che gli operai di una ditta del Vercellese sono stati travolti e uccisi. Al lavoro con loro altri due operai, solamente sfiorati dal convoglio e rimasti illesi. Subito dopo l&#8217;accaduto, il macchinista del treno \u00e8 risultato sotto shock.<\/p><div id=\"ilnot-927565485\" class=\"ilnot-contenuto_2 ilnot-entity-placement\"><div class=\"ads-wrapper\">\n<div class=\"ad-slot\">\n   <div id=\"ilnot-3823156839\" style=\"margin-right: auto;margin-left: auto;text-align: center;width: 320px;height: 100px;\"><a href=\"https:\/\/www.scuolasicurezza.it\/\"><img decoding=\"async\" src=\"https:\/\/www.ilnotiziario.net\/wp\/wp-content\/uploads\/2026\/04\/IlNotiziario_banner-sito-e-newsletter-320-x-100-px-1.gif\" alt=\"\"><\/a><\/div>\n  <\/div>\n<div class=\"ad-slot\">\n   <div id=\"ilnot-1075224839\" style=\"margin-right: auto;margin-left: auto;text-align: center;width: 320px;height: 100px;\"><a href=\"https:\/\/purodesignarredamenti.com\/\"><img decoding=\"async\" src=\"https:\/\/www.ilnotiziario.net\/wp\/wp-content\/uploads\/2026\/04\/banner-puro-ok.gif\" alt=\"whatsapp\"><\/a><\/div><\/p><\/div>\n<\/div>\n<\/div>\n<p>Al momento dell&#8217;impatto, pare che il convoglio viaggiasse attorno ai 160 chilometri orari quando ha travolto gli operai che stavano intervenendo per la sostituzione di alcuni binari vicino alla stazione di Brandizzo.&nbsp;<br \/>\n<strong>Redazione web<\/strong><\/p>\n","protected":false},"excerpt":{"rendered":"<p>Persistono grossi disagi per la circolazione ferroviaria sulla linea Milano-Torino, ancora sospesa tra Settimo e Chivasso, nel Torinese, dopo l&#8217;incidente che nella notte \u00e8 costato la vita a 5 operai al lavoro sui binari. Gli effetti della circolazione sospesa si estendono a cascata sull&#8217;intera tratta e nel traffico in entrata e in uscita da Milano<\/p>\n","protected":false},"author":3,"featured_media":187337,"comment_status":"closed","ping_status":"closed","sticky":false,"template":"","format":"standard","meta":{"footnotes":""},"categories":[3464,20],"tags":[15841,38,15843,1316,15842,8233],"class_list":{"0":"post-187336","1":"post","2":"type-post","3":"status-publish","4":"format-standard","5":"has-post-thumbnail","7":"category-lombardia","8":"category-prima-pagina","9":"tag-brandizzo","10":"tag-milano","11":"tag-operai-travolti-treno","12":"tag-torino","13":"tag-tragedia-treno","14":"tag-trenitalia"},"yoast_head":"<!-- This site is optimized with the Yoast SEO plugin v27.4 - https:\/\/yoast.com\/product\/yoast-seo-wordpress\/ -->\n<title>Disagi per la circolazione dei treni tra Milano e Torino - Il Notiziario<\/title>\n<meta name=\"description\" content=\"Un treno travolge e uccide 5 operai al lavoro: disagi alla circolazione dei treni sulla linea ferroviaria Milano-Torino\" \/>\n<meta name=\"robots\" content=\"index, follow, max-snippet:-1, max-image-preview:large, max-video-preview:-1\" \/>\n<link rel=\"canonical\" href=\"https:\/\/www.ilnotiziario.net\/wp\/lombardia\/disagi-treni-milano-torino\/\" \/>\n<meta property=\"og:locale\" content=\"it_IT\" \/>\n<meta property=\"og:type\" content=\"article\" \/>\n<meta property=\"og:title\" content=\"Disagi per la circolazione dei treni tra Milano e Torino - Il Notiziario\" \/>\n<meta property=\"og:description\" content=\"Un treno travolge e uccide 5 operai al lavoro: disagi alla circolazione dei treni sulla linea ferroviaria Milano-Torino\" \/>\n<meta property=\"og:url\" content=\"https:\/\/www.ilnotiziario.net\/wp\/lombardia\/disagi-treni-milano-torino\/\" \/>\n<meta property=\"og:site_name\" content=\"Il Notiziario\" \/>\n<meta property=\"article:publisher\" content=\"https:\/\/www.facebook.com\/ilnotiziarioind\/\" \/>\n<meta property=\"article:published_time\" content=\"2023-08-31T07:42:00+00:00\" \/>\n<meta property=\"og:image\" content=\"https:\/\/www.ilnotiziario.net\/wp\/wp-content\/uploads\/2023\/08\/brandizzo.jpg\" \/>\n\t<meta property=\"og:image:width\" content=\"800\" \/>\n\t<meta property=\"og:image:height\" content=\"450\" \/>\n\t<meta property=\"og:image:type\" content=\"image\/jpeg\" \/>\n<meta name=\"author\" content=\"Gabriele Bassani\" \/>\n<meta name=\"twitter:card\" content=\"summary_large_image\" \/>\n<meta name=\"twitter:creator\" content=\"@ilNotiziarioInd\" \/>\n<meta name=\"twitter:site\" content=\"@ilNotiziarioInd\" \/>\n<meta name=\"twitter:label1\" content=\"Scritto da\" \/>\n\t<meta name=\"twitter:data1\" content=\"Gabriele Bassani\" \/>\n\t<meta name=\"twitter:label2\" content=\"Tempo di lettura stimato\" \/>\n\t<meta name=\"twitter:data2\" content=\"2 minuti\" \/>\n<script type=\"application\/ld+json\" class=\"yoast-schema-graph\">{\"@context\":\"https:\\\/\\\/schema.org\",\"@graph\":[{\"@type\":\"Article\",\"@id\":\"https:\\\/\\\/www.ilnotiziario.net\\\/wp\\\/lombardia\\\/disagi-treni-milano-torino\\\/#article\",\"isPartOf\":{\"@id\":\"https:\\\/\\\/www.ilnotiziario.net\\\/wp\\\/lombardia\\\/disagi-treni-milano-torino\\\/\"},\"author\":{\"name\":\"Gabriele Bassani\",\"@id\":\"https:\\\/\\\/www.ilnotiziario.net\\\/wp\\\/#\\\/schema\\\/person\\\/386e222908f898bb41c033989482bbf2\"},\"headline\":\"Operai travolti e uccisi sui binari: disagi sulla circolazione ferroviaria da Milano verso Torino\",\"datePublished\":\"2023-08-31T07:42:00+00:00\",\"mainEntityOfPage\":{\"@id\":\"https:\\\/\\\/www.ilnotiziario.net\\\/wp\\\/lombardia\\\/disagi-treni-milano-torino\\\/\"},\"wordCount\":252,\"publisher\":{\"@id\":\"https:\\\/\\\/www.ilnotiziario.net\\\/wp\\\/#organization\"},\"image\":{\"@id\":\"https:\\\/\\\/www.ilnotiziario.net\\\/wp\\\/lombardia\\\/disagi-treni-milano-torino\\\/#primaryimage\"},\"thumbnailUrl\":\"https:\\\/\\\/www.ilnotiziario.net\\\/wp\\\/wp-content\\\/uploads\\\/2023\\\/08\\\/brandizzo.jpg\",\"keywords\":[\"brandizzo\",\"Milano\",\"operai travolti treno\",\"Torino\",\"tragedia treno\",\"Trenitalia\"],\"articleSection\":[\"CRONACA\",\"Prima Pagina\"],\"inLanguage\":\"it-IT\"},{\"@type\":\"WebPage\",\"@id\":\"https:\\\/\\\/www.ilnotiziario.net\\\/wp\\\/lombardia\\\/disagi-treni-milano-torino\\\/\",\"url\":\"https:\\\/\\\/www.ilnotiziario.net\\\/wp\\\/lombardia\\\/disagi-treni-milano-torino\\\/\",\"name\":\"Disagi per la circolazione dei treni tra Milano e Torino - Il Notiziario\",\"isPartOf\":{\"@id\":\"https:\\\/\\\/www.ilnotiziario.net\\\/wp\\\/#website\"},\"primaryImageOfPage\":{\"@id\":\"https:\\\/\\\/www.ilnotiziario.net\\\/wp\\\/lombardia\\\/disagi-treni-milano-torino\\\/#primaryimage\"},\"image\":{\"@id\":\"https:\\\/\\\/www.ilnotiziario.net\\\/wp\\\/lombardia\\\/disagi-treni-milano-torino\\\/#primaryimage\"},\"thumbnailUrl\":\"https:\\\/\\\/www.ilnotiziario.net\\\/wp\\\/wp-content\\\/uploads\\\/2023\\\/08\\\/brandizzo.jpg\",\"datePublished\":\"2023-08-31T07:42:00+00:00\",\"description\":\"Un treno travolge e uccide 5 operai al lavoro: disagi alla circolazione dei treni sulla linea ferroviaria Milano-Torino\",\"breadcrumb\":{\"@id\":\"https:\\\/\\\/www.ilnotiziario.net\\\/wp\\\/lombardia\\\/disagi-treni-milano-torino\\\/#breadcrumb\"},\"inLanguage\":\"it-IT\",\"potentialAction\":[{\"@type\":\"ReadAction\",\"target\":[\"https:\\\/\\\/www.ilnotiziario.net\\\/wp\\\/lombardia\\\/disagi-treni-milano-torino\\\/\"]}]},{\"@type\":\"ImageObject\",\"inLanguage\":\"it-IT\",\"@id\":\"https:\\\/\\\/www.ilnotiziario.net\\\/wp\\\/lombardia\\\/disagi-treni-milano-torino\\\/#primaryimage\",\"url\":\"https:\\\/\\\/www.ilnotiziario.net\\\/wp\\\/wp-content\\\/uploads\\\/2023\\\/08\\\/brandizzo.jpg\",\"contentUrl\":\"https:\\\/\\\/www.ilnotiziario.net\\\/wp\\\/wp-content\\\/uploads\\\/2023\\\/08\\\/brandizzo.jpg\",\"width\":800,\"height\":450},{\"@type\":\"BreadcrumbList\",\"@id\":\"https:\\\/\\\/www.ilnotiziario.net\\\/wp\\\/lombardia\\\/disagi-treni-milano-torino\\\/#breadcrumb\",\"itemListElement\":[{\"@type\":\"ListItem\",\"position\":1,\"name\":\"tds_text_logo_tagline_colortds_text_logo_tagline_colortds_text_logo_tagline_colortds_text_logo_tagline_colortd_module_7_title_excerpttd_module_7_title_excerpttd_module_7_title_excerpttd_module_7_title_excerptHome\",\"item\":\"https:\\\/\\\/www.ilnotiziario.net\\\/wp\\\/\"},{\"@type\":\"ListItem\",\"position\":2,\"name\":\"Operai travolti e uccisi sui binari: disagi sulla circolazione ferroviaria da Milano verso Torino\"}]},{\"@type\":\"WebSite\",\"@id\":\"https:\\\/\\\/www.ilnotiziario.net\\\/wp\\\/#website\",\"url\":\"https:\\\/\\\/www.ilnotiziario.net\\\/wp\\\/\",\"name\":\"Il Notiziario\",\"description\":\"Per restare sempre connessi alla notizia\",\"publisher\":{\"@id\":\"https:\\\/\\\/www.ilnotiziario.net\\\/wp\\\/#organization\"},\"alternateName\":\"Il Notiziario Bollate\",\"potentialAction\":[{\"@type\":\"SearchAction\",\"target\":{\"@type\":\"EntryPoint\",\"urlTemplate\":\"https:\\\/\\\/www.ilnotiziario.net\\\/wp\\\/?s={search_term_string}\"},\"query-input\":{\"@type\":\"PropertyValueSpecification\",\"valueRequired\":true,\"valueName\":\"search_term_string\"}}],\"inLanguage\":\"it-IT\"},{\"@type\":\"Organization\",\"@id\":\"https:\\\/\\\/www.ilnotiziario.net\\\/wp\\\/#organization\",\"name\":\"Il Notiziario\",\"url\":\"https:\\\/\\\/www.ilnotiziario.net\\\/wp\\\/\",\"logo\":{\"@type\":\"ImageObject\",\"inLanguage\":\"it-IT\",\"@id\":\"https:\\\/\\\/www.ilnotiziario.net\\\/wp\\\/#\\\/schema\\\/logo\\\/image\\\/\",\"url\":\"https:\\\/\\\/www.ilnotiziario.net\\\/wp\\\/wp-content\\\/uploads\\\/2022\\\/06\\\/170x170ilN.png\",\"contentUrl\":\"https:\\\/\\\/www.ilnotiziario.net\\\/wp\\\/wp-content\\\/uploads\\\/2022\\\/06\\\/170x170ilN.png\",\"width\":355,\"height\":355,\"caption\":\"Il Notiziario\"},\"image\":{\"@id\":\"https:\\\/\\\/www.ilnotiziario.net\\\/wp\\\/#\\\/schema\\\/logo\\\/image\\\/\"},\"sameAs\":[\"https:\\\/\\\/www.facebook.com\\\/ilnotiziarioind\\\/\",\"https:\\\/\\\/x.com\\\/ilNotiziarioInd\",\"https:\\\/\\\/www.instagram.com\\\/ilnotiziario_settimanale\\\/\"]},{\"@type\":\"Person\",\"@id\":\"https:\\\/\\\/www.ilnotiziario.net\\\/wp\\\/#\\\/schema\\\/person\\\/386e222908f898bb41c033989482bbf2\",\"name\":\"Gabriele Bassani\",\"image\":{\"@type\":\"ImageObject\",\"inLanguage\":\"it-IT\",\"@id\":\"https:\\\/\\\/secure.gravatar.com\\\/avatar\\\/09274f4a84fa97698bde56f84b3afed61c8492d48b0550db9671b68c177479cb?s=96&d=mm&r=g\",\"url\":\"https:\\\/\\\/secure.gravatar.com\\\/avatar\\\/09274f4a84fa97698bde56f84b3afed61c8492d48b0550db9671b68c177479cb?s=96&d=mm&r=g\",\"contentUrl\":\"https:\\\/\\\/secure.gravatar.com\\\/avatar\\\/09274f4a84fa97698bde56f84b3afed61c8492d48b0550db9671b68c177479cb?s=96&d=mm&r=g\",\"caption\":\"Gabriele Bassani\"},\"sameAs\":[\"http:\\\/\\\/www.ilnotiziario.net\"]}]}<\/script>\n<!-- \/ Yoast SEO plugin. -->","yoast_head_json":{"title":"Disagi per la circolazione dei treni tra Milano e Torino - Il Notiziario","description":"Un treno travolge e uccide 5 operai al lavoro: disagi alla circolazione dei treni sulla linea ferroviaria Milano-Torino","robots":{"index":"index","follow":"follow","max-snippet":"max-snippet:-1","max-image-preview":"max-image-preview:large","max-video-preview":"max-video-preview:-1"},"canonical":"https:\/\/www.ilnotiziario.net\/wp\/lombardia\/disagi-treni-milano-torino\/","og_locale":"it_IT","og_type":"article","og_title":"Disagi per la circolazione dei treni tra Milano e Torino - Il Notiziario","og_description":"Un treno travolge e uccide 5 operai al lavoro: disagi alla circolazione dei treni sulla linea ferroviaria Milano-Torino","og_url":"https:\/\/www.ilnotiziario.net\/wp\/lombardia\/disagi-treni-milano-torino\/","og_site_name":"Il Notiziario","article_publisher":"https:\/\/www.facebook.com\/ilnotiziarioind\/","article_published_time":"2023-08-31T07:42:00+00:00","og_image":[{"width":800,"height":450,"url":"https:\/\/www.ilnotiziario.net\/wp\/wp-content\/uploads\/2023\/08\/brandizzo.jpg","type":"image\/jpeg"}],"author":"Gabriele Bassani","twitter_card":"summary_large_image","twitter_creator":"@ilNotiziarioInd","twitter_site":"@ilNotiziarioInd","twitter_misc":{"Scritto da":"Gabriele Bassani","Tempo di lettura stimato":"2 minuti"},"schema":{"@context":"https:\/\/schema.org","@graph":[{"@type":"Article","@id":"https:\/\/www.ilnotiziario.net\/wp\/lombardia\/disagi-treni-milano-torino\/#article","isPartOf":{"@id":"https:\/\/www.ilnotiziario.net\/wp\/lombardia\/disagi-treni-milano-torino\/"},"author":{"name":"Gabriele Bassani","@id":"https:\/\/www.ilnotiziario.net\/wp\/#\/schema\/person\/386e222908f898bb41c033989482bbf2"},"headline":"Operai travolti e uccisi sui binari: disagi sulla circolazione ferroviaria da Milano verso Torino","datePublished":"2023-08-31T07:42:00+00:00","mainEntityOfPage":{"@id":"https:\/\/www.ilnotiziario.net\/wp\/lombardia\/disagi-treni-milano-torino\/"},"wordCount":252,"publisher":{"@id":"https:\/\/www.ilnotiziario.net\/wp\/#organization"},"image":{"@id":"https:\/\/www.ilnotiziario.net\/wp\/lombardia\/disagi-treni-milano-torino\/#primaryimage"},"thumbnailUrl":"https:\/\/www.ilnotiziario.net\/wp\/wp-content\/uploads\/2023\/08\/brandizzo.jpg","keywords":["brandizzo","Milano","operai travolti treno","Torino","tragedia treno","Trenitalia"],"articleSection":["CRONACA","Prima Pagina"],"inLanguage":"it-IT"},{"@type":"WebPage","@id":"https:\/\/www.ilnotiziario.net\/wp\/lombardia\/disagi-treni-milano-torino\/","url":"https:\/\/www.ilnotiziario.net\/wp\/lombardia\/disagi-treni-milano-torino\/","name":"Disagi per la circolazione dei treni tra Milano e Torino - Il Notiziario","isPartOf":{"@id":"https:\/\/www.ilnotiziario.net\/wp\/#website"},"primaryImageOfPage":{"@id":"https:\/\/www.ilnotiziario.net\/wp\/lombardia\/disagi-treni-milano-torino\/#primaryimage"},"image":{"@id":"https:\/\/www.ilnotiziario.net\/wp\/lombardia\/disagi-treni-milano-torino\/#primaryimage"},"thumbnailUrl":"https:\/\/www.ilnotiziario.net\/wp\/wp-content\/uploads\/2023\/08\/brandizzo.jpg","datePublished":"2023-08-31T07:42:00+00:00","description":"Un treno travolge e uccide 5 operai al lavoro: disagi alla circolazione dei treni sulla linea ferroviaria Milano-Torino","breadcrumb":{"@id":"https:\/\/www.ilnotiziario.net\/wp\/lombardia\/disagi-treni-milano-torino\/#breadcrumb"},"inLanguage":"it-IT","potentialAction":[{"@type":"ReadAction","target":["https:\/\/www.ilnotiziario.net\/wp\/lombardia\/disagi-treni-milano-torino\/"]}]},{"@type":"ImageObject","inLanguage":"it-IT","@id":"https:\/\/www.ilnotiziario.net\/wp\/lombardia\/disagi-treni-milano-torino\/#primaryimage","url":"https:\/\/www.ilnotiziario.net\/wp\/wp-content\/uploads\/2023\/08\/brandizzo.jpg","contentUrl":"https:\/\/www.ilnotiziario.net\/wp\/wp-content\/uploads\/2023\/08\/brandizzo.jpg","width":800,"height":450},{"@type":"BreadcrumbList","@id":"https:\/\/www.ilnotiziario.net\/wp\/lombardia\/disagi-treni-milano-torino\/#breadcrumb","itemListElement":[{"@type":"ListItem","position":1,"name":"tds_text_logo_tagline_colortds_text_logo_tagline_colortds_text_logo_tagline_colortds_text_logo_tagline_colortd_module_7_title_excerpttd_module_7_title_excerpttd_module_7_title_excerpttd_module_7_title_excerptHome","item":"https:\/\/www.ilnotiziario.net\/wp\/"},{"@type":"ListItem","position":2,"name":"Operai travolti e uccisi sui binari: disagi sulla circolazione ferroviaria da Milano verso Torino"}]},{"@type":"WebSite","@id":"https:\/\/www.ilnotiziario.net\/wp\/#website","url":"https:\/\/www.ilnotiziario.net\/wp\/","name":"Il Notiziario","description":"Per restare sempre connessi alla notizia","publisher":{"@id":"https:\/\/www.ilnotiziario.net\/wp\/#organization"},"alternateName":"Il Notiziario Bollate","potentialAction":[{"@type":"SearchAction","target":{"@type":"EntryPoint","urlTemplate":"https:\/\/www.ilnotiziario.net\/wp\/?s={search_term_string}"},"query-input":{"@type":"PropertyValueSpecification","valueRequired":true,"valueName":"search_term_string"}}],"inLanguage":"it-IT"},{"@type":"Organization","@id":"https:\/\/www.ilnotiziario.net\/wp\/#organization","name":"Il Notiziario","url":"https:\/\/www.ilnotiziario.net\/wp\/","logo":{"@type":"ImageObject","inLanguage":"it-IT","@id":"https:\/\/www.ilnotiziario.net\/wp\/#\/schema\/logo\/image\/","url":"https:\/\/www.ilnotiziario.net\/wp\/wp-content\/uploads\/2022\/06\/170x170ilN.png","contentUrl":"https:\/\/www.ilnotiziario.net\/wp\/wp-content\/uploads\/2022\/06\/170x170ilN.png","width":355,"height":355,"caption":"Il Notiziario"},"image":{"@id":"https:\/\/www.ilnotiziario.net\/wp\/#\/schema\/logo\/image\/"},"sameAs":["https:\/\/www.facebook.com\/ilnotiziarioind\/","https:\/\/x.com\/ilNotiziarioInd","https:\/\/www.instagram.com\/ilnotiziario_settimanale\/"]},{"@type":"Person","@id":"https:\/\/www.ilnotiziario.net\/wp\/#\/schema\/person\/386e222908f898bb41c033989482bbf2","name":"Gabriele Bassani","image":{"@type":"ImageObject","inLanguage":"it-IT","@id":"https:\/\/secure.gravatar.com\/avatar\/09274f4a84fa97698bde56f84b3afed61c8492d48b0550db9671b68c177479cb?s=96&d=mm&r=g","url":"https:\/\/secure.gravatar.com\/avatar\/09274f4a84fa97698bde56f84b3afed61c8492d48b0550db9671b68c177479cb?s=96&d=mm&r=g","contentUrl":"https:\/\/secure.gravatar.com\/avatar\/09274f4a84fa97698bde56f84b3afed61c8492d48b0550db9671b68c177479cb?s=96&d=mm&r=g","caption":"Gabriele Bassani"},"sameAs":["http:\/\/www.ilnotiziario.net"]}]}},"_links":{"self":[{"href":"https:\/\/www.ilnotiziario.net\/wp\/wp-json\/wp\/v2\/posts\/187336","targetHints":{"allow":["GET"]}}],"collection":[{"href":"https:\/\/www.ilnotiziario.net\/wp\/wp-json\/wp\/v2\/posts"}],"about":[{"href":"https:\/\/www.ilnotiziario.net\/wp\/wp-json\/wp\/v2\/types\/post"}],"author":[{"embeddable":true,"href":"https:\/\/www.ilnotiziario.net\/wp\/wp-json\/wp\/v2\/users\/3"}],"replies":[{"embeddable":true,"href":"https:\/\/www.ilnotiziario.net\/wp\/wp-json\/wp\/v2\/comments?post=187336"}],"version-history":[{"count":0,"href":"https:\/\/www.ilnotiziario.net\/wp\/wp-json\/wp\/v2\/posts\/187336\/revisions"}],"wp:featuredmedia":[{"embeddable":true,"href":"https:\/\/www.ilnotiziario.net\/wp\/wp-json\/wp\/v2\/media\/187337"}],"wp:attachment":[{"href":"https:\/\/www.ilnotiziario.net\/wp\/wp-json\/wp\/v2\/media?parent=187336"}],"wp:term":[{"taxonomy":"category","embeddable":true,"href":"https:\/\/www.ilnotiziario.net\/wp\/wp-json\/wp\/v2\/categories?post=187336"},{"taxonomy":"post_tag","embeddable":true,"href":"https:\/\/www.ilnotiziario.net\/wp\/wp-json\/wp\/v2\/tags?post=187336"}],"curies":[{"name":"wp","href":"https:\/\/api.w.org\/{rel}","templated":true}]}}