{"id":187687,"date":"2023-09-05T14:19:09","date_gmt":"2023-09-05T12:19:09","guid":{"rendered":"https:\/\/www.ilnotiziario.net\/wp\/?p=187687"},"modified":"2023-09-05T14:19:09","modified_gmt":"2023-09-05T12:19:09","slug":"domenica-a-novate-90-attori-recitano-nel-parco-e-nel-giardino-con-monologhiamo","status":"publish","type":"post","link":"https:\/\/www.ilnotiziario.net\/wp\/prima-pagina\/domenica-a-novate-90-attori-recitano-nel-parco-e-nel-giardino-con-monologhiamo\/","title":{"rendered":"Domenica a Novate 90 attori recitano nel parco e nel giardino con \u201cMonologhiamo\u201d"},"content":{"rendered":"<p class=\"western\">Questa domenica 10 settembre a Novate Milanese,, al parco \u201cBrasca\u201d e al giardino dell\u2019Oasi San Giacomo, torna l\u2019appuntamento con Monologhiamo, il primo Festival del Monologo in Italia, giunto quest\u2019anno alla decima edizione.<\/p><div id=\"ilnot-4235207597\" class=\"ilnot-contenuto ilnot-entity-placement\"><p><!-- incontent_1 --><\/p>\n<div class=\"gptslot\" data-adunitid=\"1\"><\/div>\n<\/div>\n<p class=\"western\">Dalle 15, negli spazi verdi retrostanti il palazzo del Municipio (entrata da via Vittorio Veneto per il parco \u201cBrasca\u201d e da via Bollate per il giardino dell\u2019Oasi), 90 attori animeranno 9 palchi recitando contemporaneamente, uno su ogni palco, riportando il teatro ad una dimensione di contatto umano, riavvicinando il pubblico a una forma di narrazione antica, vera e straordinariamente attuale.<\/p>\n<h2>Recite nel parco, 90 attori in scena a Novate Milanese&nbsp;<\/h2>\n<p class=\"western\">Monologhiamo permetter\u00e0 di vivere l\u2019esperienza della parola radicata nel corpo scoprendo la prossimit\u00e0 con gli attori in un contesto diametralmente opposto a quello della comunicazione contemporanea fatta di strumenti la cui mediazione, spesso, estranea dalla realt\u00e0, permettendo a chi ascolta di assaporare il piacere della narrazione di storie e l\u2019incontro con le persone.<\/p><div id=\"ilnot-619747799\" class=\"ilnot-contenuto_2 ilnot-entity-placement\"><div class=\"ads-wrapper\">\n<div class=\"ad-slot\">\n   <div id=\"ilnot-4223630390\" style=\"margin-right: auto;margin-left: auto;text-align: center;width: 320px;height: 100px;\"><a href=\"https:\/\/www.scuolasicurezza.it\/\"><img decoding=\"async\" src=\"https:\/\/www.ilnotiziario.net\/wp\/wp-content\/uploads\/2026\/04\/IlNotiziario_banner-sito-e-newsletter-320-x-100-px-1.gif\" alt=\"\"><\/a><\/div>\n  <\/div>\n<div class=\"ad-slot\">\n   <div id=\"ilnot-1820044560\" style=\"margin-right: auto;margin-left: auto;text-align: center;width: 320px;height: 100px;\"><a href=\"https:\/\/purodesignarredamenti.com\/\"><img decoding=\"async\" src=\"https:\/\/www.ilnotiziario.net\/wp\/wp-content\/uploads\/2026\/04\/banner-puro-ok.gif\" alt=\"whatsapp\"><\/a><\/div><\/p><\/div>\n<\/div>\n<\/div>\n<p class=\"western\">L\u2019evento si concluder\u00e0 alle 18:30 con Rossella Rapisarda degli \u201cEccentrici Dadar\u00f2\u201d.<\/p>\n<p class=\"western\">Alle 19 prender\u00e0 il via una cena negli spazi del Retr\u00f2 Beach Bar del Circolo Sempre Avanti (prenotazione entro il 9 settembre ai numeri 023544907 o 3534194607) e alle 20:30 inizier\u00e0 la musica.<\/p>\n<p class=\"western\">\u201cMonologhiamo, giunto all\u2019edizione numero dieci non smette di stupire e di dispensare suggestioni &#8211; \u00e8 il commento dell&#8217;assessore alla Cultura, Roberto Valsecchi. \u00c8 una kermesse di bellezza e di talento che ben rappresenta la vivacit\u00e0 della comunit\u00e0 e del territorio. Per l\u2019Amministrazione il fiore all\u2019occhiello di una proposta culturale plurale, accogliente, inclusiva e ogni volta sorprendente\u201d.<\/p><div id=\"ilnot-2208738656\" class=\"ilnot-contenuto_2-2 ilnot-entity-placement\"><div class=\"gptslot\" data-adunitid=\"2\"><\/div>\n<\/div>\n<p class=\"western\">Monologhiamo \u00e8 un evento organizzato dal Comune di Novate Milanese, dall\u2019Associazione Amici della Biblioteca Villa Venino e dal Circolo Sempre Avanti Angelo Airaghi, con la partecipazione de \u201cI Novattori\u201d.<\/p>\n<p class=\"western\">Il programma completo \u00e8 disponibile sul sito<a href=\"http:\/\/www.novatecult.it\"><strong> www.novatecult.it .<\/strong><\/a><\/p>\n","protected":false},"excerpt":{"rendered":"<p>Questa domenica 10 settembre a Novate Milanese,, al parco \u201cBrasca\u201d e al giardino dell\u2019Oasi San Giacomo, torna l\u2019appuntamento con Monologhiamo, il primo Festival del Monologo in Italia, giunto quest\u2019anno alla decima edizione. Dalle 15, negli spazi verdi retrostanti il palazzo del Municipio (entrata da via Vittorio Veneto per il parco \u201cBrasca\u201d e da via Bollate<\/p>\n","protected":false},"author":3,"featured_media":187688,"comment_status":"closed","ping_status":"closed","sticky":false,"template":"","format":"standard","meta":{"footnotes":""},"categories":[8,11,20],"tags":[15864,15865,204,946],"class_list":{"0":"post-187687","1":"post","2":"type-post","3":"status-publish","4":"format-standard","5":"has-post-thumbnail","7":"category-bollatese","8":"category-nord-milano","9":"category-prima-pagina","10":"tag-attori","11":"tag-monologhiamo","12":"tag-novate-milanese","13":"tag-parco"},"yoast_head":"<!-- This site is optimized with the Yoast SEO plugin v27.4 - https:\/\/yoast.com\/product\/yoast-seo-wordpress\/ -->\n<title>Domenica a Novate 90 attori recitano nel parco e nel giardino con \u201cMonologhiamo\u201d - Il Notiziario<\/title>\n<meta name=\"description\" content=\"Questa domenica 10 settembre a Novate Milanese,, al parco \u201cBrasca\u201d e al giardino dell\u2019Oasi San Giacomo, torna l\u2019appuntamento con Monologhiamo, il primo\" \/>\n<meta name=\"robots\" content=\"index, follow, max-snippet:-1, max-image-preview:large, max-video-preview:-1\" \/>\n<link rel=\"canonical\" href=\"https:\/\/www.ilnotiziario.net\/wp\/prima-pagina\/domenica-a-novate-90-attori-recitano-nel-parco-e-nel-giardino-con-monologhiamo\/\" \/>\n<meta property=\"og:locale\" content=\"it_IT\" \/>\n<meta property=\"og:type\" content=\"article\" \/>\n<meta property=\"og:title\" content=\"Domenica a Novate 90 attori recitano nel parco e nel giardino con \u201cMonologhiamo\u201d - Il Notiziario\" \/>\n<meta property=\"og:description\" content=\"Questa domenica 10 settembre a Novate Milanese,, al parco \u201cBrasca\u201d e al giardino dell\u2019Oasi San Giacomo, torna l\u2019appuntamento con Monologhiamo, il primo\" \/>\n<meta property=\"og:url\" content=\"https:\/\/www.ilnotiziario.net\/wp\/prima-pagina\/domenica-a-novate-90-attori-recitano-nel-parco-e-nel-giardino-con-monologhiamo\/\" \/>\n<meta property=\"og:site_name\" content=\"Il Notiziario\" \/>\n<meta property=\"article:publisher\" content=\"https:\/\/www.facebook.com\/ilnotiziarioind\/\" \/>\n<meta property=\"article:published_time\" content=\"2023-09-05T12:19:09+00:00\" \/>\n<meta property=\"og:image\" content=\"https:\/\/www.ilnotiziario.net\/wp\/wp-content\/uploads\/2023\/09\/rossella-rapisarda.jpg\" \/>\n\t<meta property=\"og:image:width\" content=\"623\" \/>\n\t<meta property=\"og:image:height\" content=\"424\" \/>\n\t<meta property=\"og:image:type\" content=\"image\/jpeg\" \/>\n<meta name=\"author\" content=\"Gabriele Bassani\" \/>\n<meta name=\"twitter:card\" content=\"summary_large_image\" \/>\n<meta name=\"twitter:creator\" content=\"@ilNotiziarioInd\" \/>\n<meta name=\"twitter:site\" content=\"@ilNotiziarioInd\" \/>\n<meta name=\"twitter:label1\" content=\"Scritto da\" \/>\n\t<meta name=\"twitter:data1\" content=\"Gabriele Bassani\" \/>\n\t<meta name=\"twitter:label2\" content=\"Tempo di lettura stimato\" \/>\n\t<meta name=\"twitter:data2\" content=\"2 minuti\" \/>\n<script type=\"application\/ld+json\" class=\"yoast-schema-graph\">{\"@context\":\"https:\\\/\\\/schema.org\",\"@graph\":[{\"@type\":\"Article\",\"@id\":\"https:\\\/\\\/www.ilnotiziario.net\\\/wp\\\/prima-pagina\\\/domenica-a-novate-90-attori-recitano-nel-parco-e-nel-giardino-con-monologhiamo\\\/#article\",\"isPartOf\":{\"@id\":\"https:\\\/\\\/www.ilnotiziario.net\\\/wp\\\/prima-pagina\\\/domenica-a-novate-90-attori-recitano-nel-parco-e-nel-giardino-con-monologhiamo\\\/\"},\"author\":{\"name\":\"Gabriele Bassani\",\"@id\":\"https:\\\/\\\/www.ilnotiziario.net\\\/wp\\\/#\\\/schema\\\/person\\\/386e222908f898bb41c033989482bbf2\"},\"headline\":\"Domenica a Novate 90 attori recitano nel parco e nel giardino con \u201cMonologhiamo\u201d\",\"datePublished\":\"2023-09-05T12:19:09+00:00\",\"mainEntityOfPage\":{\"@id\":\"https:\\\/\\\/www.ilnotiziario.net\\\/wp\\\/prima-pagina\\\/domenica-a-novate-90-attori-recitano-nel-parco-e-nel-giardino-con-monologhiamo\\\/\"},\"wordCount\":304,\"publisher\":{\"@id\":\"https:\\\/\\\/www.ilnotiziario.net\\\/wp\\\/#organization\"},\"image\":{\"@id\":\"https:\\\/\\\/www.ilnotiziario.net\\\/wp\\\/prima-pagina\\\/domenica-a-novate-90-attori-recitano-nel-parco-e-nel-giardino-con-monologhiamo\\\/#primaryimage\"},\"thumbnailUrl\":\"https:\\\/\\\/www.ilnotiziario.net\\\/wp\\\/wp-content\\\/uploads\\\/2023\\\/09\\\/rossella-rapisarda.jpg\",\"keywords\":[\"attori\",\"monologhiamo\",\"Novate Milanese\",\"parco\"],\"articleSection\":[\"BOLLATESE\",\"NORD MILANO\",\"Prima Pagina\"],\"inLanguage\":\"it-IT\"},{\"@type\":\"WebPage\",\"@id\":\"https:\\\/\\\/www.ilnotiziario.net\\\/wp\\\/prima-pagina\\\/domenica-a-novate-90-attori-recitano-nel-parco-e-nel-giardino-con-monologhiamo\\\/\",\"url\":\"https:\\\/\\\/www.ilnotiziario.net\\\/wp\\\/prima-pagina\\\/domenica-a-novate-90-attori-recitano-nel-parco-e-nel-giardino-con-monologhiamo\\\/\",\"name\":\"Domenica a Novate 90 attori recitano nel parco e nel giardino con \u201cMonologhiamo\u201d - Il Notiziario\",\"isPartOf\":{\"@id\":\"https:\\\/\\\/www.ilnotiziario.net\\\/wp\\\/#website\"},\"primaryImageOfPage\":{\"@id\":\"https:\\\/\\\/www.ilnotiziario.net\\\/wp\\\/prima-pagina\\\/domenica-a-novate-90-attori-recitano-nel-parco-e-nel-giardino-con-monologhiamo\\\/#primaryimage\"},\"image\":{\"@id\":\"https:\\\/\\\/www.ilnotiziario.net\\\/wp\\\/prima-pagina\\\/domenica-a-novate-90-attori-recitano-nel-parco-e-nel-giardino-con-monologhiamo\\\/#primaryimage\"},\"thumbnailUrl\":\"https:\\\/\\\/www.ilnotiziario.net\\\/wp\\\/wp-content\\\/uploads\\\/2023\\\/09\\\/rossella-rapisarda.jpg\",\"datePublished\":\"2023-09-05T12:19:09+00:00\",\"description\":\"Questa domenica 10 settembre a Novate Milanese,, al parco \u201cBrasca\u201d e al giardino dell\u2019Oasi San Giacomo, torna l\u2019appuntamento con Monologhiamo, il primo\",\"breadcrumb\":{\"@id\":\"https:\\\/\\\/www.ilnotiziario.net\\\/wp\\\/prima-pagina\\\/domenica-a-novate-90-attori-recitano-nel-parco-e-nel-giardino-con-monologhiamo\\\/#breadcrumb\"},\"inLanguage\":\"it-IT\",\"potentialAction\":[{\"@type\":\"ReadAction\",\"target\":[\"https:\\\/\\\/www.ilnotiziario.net\\\/wp\\\/prima-pagina\\\/domenica-a-novate-90-attori-recitano-nel-parco-e-nel-giardino-con-monologhiamo\\\/\"]}]},{\"@type\":\"ImageObject\",\"inLanguage\":\"it-IT\",\"@id\":\"https:\\\/\\\/www.ilnotiziario.net\\\/wp\\\/prima-pagina\\\/domenica-a-novate-90-attori-recitano-nel-parco-e-nel-giardino-con-monologhiamo\\\/#primaryimage\",\"url\":\"https:\\\/\\\/www.ilnotiziario.net\\\/wp\\\/wp-content\\\/uploads\\\/2023\\\/09\\\/rossella-rapisarda.jpg\",\"contentUrl\":\"https:\\\/\\\/www.ilnotiziario.net\\\/wp\\\/wp-content\\\/uploads\\\/2023\\\/09\\\/rossella-rapisarda.jpg\",\"width\":623,\"height\":424,\"caption\":\"Novate monologhiamo raffaella Rapisarda\"},{\"@type\":\"BreadcrumbList\",\"@id\":\"https:\\\/\\\/www.ilnotiziario.net\\\/wp\\\/prima-pagina\\\/domenica-a-novate-90-attori-recitano-nel-parco-e-nel-giardino-con-monologhiamo\\\/#breadcrumb\",\"itemListElement\":[{\"@type\":\"ListItem\",\"position\":1,\"name\":\"tds_text_logo_tagline_colortds_text_logo_tagline_colortds_text_logo_tagline_colortds_text_logo_tagline_colortd_module_7_title_excerpttd_module_7_title_excerpttd_module_7_title_excerpttd_module_7_title_excerptHome\",\"item\":\"https:\\\/\\\/www.ilnotiziario.net\\\/wp\\\/\"},{\"@type\":\"ListItem\",\"position\":2,\"name\":\"Domenica a Novate 90 attori recitano nel parco e nel giardino con \u201cMonologhiamo\u201d\"}]},{\"@type\":\"WebSite\",\"@id\":\"https:\\\/\\\/www.ilnotiziario.net\\\/wp\\\/#website\",\"url\":\"https:\\\/\\\/www.ilnotiziario.net\\\/wp\\\/\",\"name\":\"Il Notiziario\",\"description\":\"Per restare sempre connessi alla notizia\",\"publisher\":{\"@id\":\"https:\\\/\\\/www.ilnotiziario.net\\\/wp\\\/#organization\"},\"alternateName\":\"Il Notiziario Bollate\",\"potentialAction\":[{\"@type\":\"SearchAction\",\"target\":{\"@type\":\"EntryPoint\",\"urlTemplate\":\"https:\\\/\\\/www.ilnotiziario.net\\\/wp\\\/?s={search_term_string}\"},\"query-input\":{\"@type\":\"PropertyValueSpecification\",\"valueRequired\":true,\"valueName\":\"search_term_string\"}}],\"inLanguage\":\"it-IT\"},{\"@type\":\"Organization\",\"@id\":\"https:\\\/\\\/www.ilnotiziario.net\\\/wp\\\/#organization\",\"name\":\"Il Notiziario\",\"url\":\"https:\\\/\\\/www.ilnotiziario.net\\\/wp\\\/\",\"logo\":{\"@type\":\"ImageObject\",\"inLanguage\":\"it-IT\",\"@id\":\"https:\\\/\\\/www.ilnotiziario.net\\\/wp\\\/#\\\/schema\\\/logo\\\/image\\\/\",\"url\":\"https:\\\/\\\/www.ilnotiziario.net\\\/wp\\\/wp-content\\\/uploads\\\/2022\\\/06\\\/170x170ilN.png\",\"contentUrl\":\"https:\\\/\\\/www.ilnotiziario.net\\\/wp\\\/wp-content\\\/uploads\\\/2022\\\/06\\\/170x170ilN.png\",\"width\":355,\"height\":355,\"caption\":\"Il Notiziario\"},\"image\":{\"@id\":\"https:\\\/\\\/www.ilnotiziario.net\\\/wp\\\/#\\\/schema\\\/logo\\\/image\\\/\"},\"sameAs\":[\"https:\\\/\\\/www.facebook.com\\\/ilnotiziarioind\\\/\",\"https:\\\/\\\/x.com\\\/ilNotiziarioInd\",\"https:\\\/\\\/www.instagram.com\\\/ilnotiziario_settimanale\\\/\"]},{\"@type\":\"Person\",\"@id\":\"https:\\\/\\\/www.ilnotiziario.net\\\/wp\\\/#\\\/schema\\\/person\\\/386e222908f898bb41c033989482bbf2\",\"name\":\"Gabriele Bassani\",\"image\":{\"@type\":\"ImageObject\",\"inLanguage\":\"it-IT\",\"@id\":\"https:\\\/\\\/secure.gravatar.com\\\/avatar\\\/09274f4a84fa97698bde56f84b3afed61c8492d48b0550db9671b68c177479cb?s=96&d=mm&r=g\",\"url\":\"https:\\\/\\\/secure.gravatar.com\\\/avatar\\\/09274f4a84fa97698bde56f84b3afed61c8492d48b0550db9671b68c177479cb?s=96&d=mm&r=g\",\"contentUrl\":\"https:\\\/\\\/secure.gravatar.com\\\/avatar\\\/09274f4a84fa97698bde56f84b3afed61c8492d48b0550db9671b68c177479cb?s=96&d=mm&r=g\",\"caption\":\"Gabriele Bassani\"},\"sameAs\":[\"http:\\\/\\\/www.ilnotiziario.net\"]}]}<\/script>\n<!-- \/ Yoast SEO plugin. -->","yoast_head_json":{"title":"Domenica a Novate 90 attori recitano nel parco e nel giardino con \u201cMonologhiamo\u201d - Il Notiziario","description":"Questa domenica 10 settembre a Novate Milanese,, al parco \u201cBrasca\u201d e al giardino dell\u2019Oasi San Giacomo, torna l\u2019appuntamento con Monologhiamo, il primo","robots":{"index":"index","follow":"follow","max-snippet":"max-snippet:-1","max-image-preview":"max-image-preview:large","max-video-preview":"max-video-preview:-1"},"canonical":"https:\/\/www.ilnotiziario.net\/wp\/prima-pagina\/domenica-a-novate-90-attori-recitano-nel-parco-e-nel-giardino-con-monologhiamo\/","og_locale":"it_IT","og_type":"article","og_title":"Domenica a Novate 90 attori recitano nel parco e nel giardino con \u201cMonologhiamo\u201d - Il Notiziario","og_description":"Questa domenica 10 settembre a Novate Milanese,, al parco \u201cBrasca\u201d e al giardino dell\u2019Oasi San Giacomo, torna l\u2019appuntamento con Monologhiamo, il primo","og_url":"https:\/\/www.ilnotiziario.net\/wp\/prima-pagina\/domenica-a-novate-90-attori-recitano-nel-parco-e-nel-giardino-con-monologhiamo\/","og_site_name":"Il Notiziario","article_publisher":"https:\/\/www.facebook.com\/ilnotiziarioind\/","article_published_time":"2023-09-05T12:19:09+00:00","og_image":[{"width":623,"height":424,"url":"https:\/\/www.ilnotiziario.net\/wp\/wp-content\/uploads\/2023\/09\/rossella-rapisarda.jpg","type":"image\/jpeg"}],"author":"Gabriele Bassani","twitter_card":"summary_large_image","twitter_creator":"@ilNotiziarioInd","twitter_site":"@ilNotiziarioInd","twitter_misc":{"Scritto da":"Gabriele Bassani","Tempo di lettura stimato":"2 minuti"},"schema":{"@context":"https:\/\/schema.org","@graph":[{"@type":"Article","@id":"https:\/\/www.ilnotiziario.net\/wp\/prima-pagina\/domenica-a-novate-90-attori-recitano-nel-parco-e-nel-giardino-con-monologhiamo\/#article","isPartOf":{"@id":"https:\/\/www.ilnotiziario.net\/wp\/prima-pagina\/domenica-a-novate-90-attori-recitano-nel-parco-e-nel-giardino-con-monologhiamo\/"},"author":{"name":"Gabriele Bassani","@id":"https:\/\/www.ilnotiziario.net\/wp\/#\/schema\/person\/386e222908f898bb41c033989482bbf2"},"headline":"Domenica a Novate 90 attori recitano nel parco e nel giardino con \u201cMonologhiamo\u201d","datePublished":"2023-09-05T12:19:09+00:00","mainEntityOfPage":{"@id":"https:\/\/www.ilnotiziario.net\/wp\/prima-pagina\/domenica-a-novate-90-attori-recitano-nel-parco-e-nel-giardino-con-monologhiamo\/"},"wordCount":304,"publisher":{"@id":"https:\/\/www.ilnotiziario.net\/wp\/#organization"},"image":{"@id":"https:\/\/www.ilnotiziario.net\/wp\/prima-pagina\/domenica-a-novate-90-attori-recitano-nel-parco-e-nel-giardino-con-monologhiamo\/#primaryimage"},"thumbnailUrl":"https:\/\/www.ilnotiziario.net\/wp\/wp-content\/uploads\/2023\/09\/rossella-rapisarda.jpg","keywords":["attori","monologhiamo","Novate Milanese","parco"],"articleSection":["BOLLATESE","NORD MILANO","Prima Pagina"],"inLanguage":"it-IT"},{"@type":"WebPage","@id":"https:\/\/www.ilnotiziario.net\/wp\/prima-pagina\/domenica-a-novate-90-attori-recitano-nel-parco-e-nel-giardino-con-monologhiamo\/","url":"https:\/\/www.ilnotiziario.net\/wp\/prima-pagina\/domenica-a-novate-90-attori-recitano-nel-parco-e-nel-giardino-con-monologhiamo\/","name":"Domenica a Novate 90 attori recitano nel parco e nel giardino con \u201cMonologhiamo\u201d - Il Notiziario","isPartOf":{"@id":"https:\/\/www.ilnotiziario.net\/wp\/#website"},"primaryImageOfPage":{"@id":"https:\/\/www.ilnotiziario.net\/wp\/prima-pagina\/domenica-a-novate-90-attori-recitano-nel-parco-e-nel-giardino-con-monologhiamo\/#primaryimage"},"image":{"@id":"https:\/\/www.ilnotiziario.net\/wp\/prima-pagina\/domenica-a-novate-90-attori-recitano-nel-parco-e-nel-giardino-con-monologhiamo\/#primaryimage"},"thumbnailUrl":"https:\/\/www.ilnotiziario.net\/wp\/wp-content\/uploads\/2023\/09\/rossella-rapisarda.jpg","datePublished":"2023-09-05T12:19:09+00:00","description":"Questa domenica 10 settembre a Novate Milanese,, al parco \u201cBrasca\u201d e al giardino dell\u2019Oasi San Giacomo, torna l\u2019appuntamento con Monologhiamo, il primo","breadcrumb":{"@id":"https:\/\/www.ilnotiziario.net\/wp\/prima-pagina\/domenica-a-novate-90-attori-recitano-nel-parco-e-nel-giardino-con-monologhiamo\/#breadcrumb"},"inLanguage":"it-IT","potentialAction":[{"@type":"ReadAction","target":["https:\/\/www.ilnotiziario.net\/wp\/prima-pagina\/domenica-a-novate-90-attori-recitano-nel-parco-e-nel-giardino-con-monologhiamo\/"]}]},{"@type":"ImageObject","inLanguage":"it-IT","@id":"https:\/\/www.ilnotiziario.net\/wp\/prima-pagina\/domenica-a-novate-90-attori-recitano-nel-parco-e-nel-giardino-con-monologhiamo\/#primaryimage","url":"https:\/\/www.ilnotiziario.net\/wp\/wp-content\/uploads\/2023\/09\/rossella-rapisarda.jpg","contentUrl":"https:\/\/www.ilnotiziario.net\/wp\/wp-content\/uploads\/2023\/09\/rossella-rapisarda.jpg","width":623,"height":424,"caption":"Novate monologhiamo raffaella Rapisarda"},{"@type":"BreadcrumbList","@id":"https:\/\/www.ilnotiziario.net\/wp\/prima-pagina\/domenica-a-novate-90-attori-recitano-nel-parco-e-nel-giardino-con-monologhiamo\/#breadcrumb","itemListElement":[{"@type":"ListItem","position":1,"name":"tds_text_logo_tagline_colortds_text_logo_tagline_colortds_text_logo_tagline_colortds_text_logo_tagline_colortd_module_7_title_excerpttd_module_7_title_excerpttd_module_7_title_excerpttd_module_7_title_excerptHome","item":"https:\/\/www.ilnotiziario.net\/wp\/"},{"@type":"ListItem","position":2,"name":"Domenica a Novate 90 attori recitano nel parco e nel giardino con \u201cMonologhiamo\u201d"}]},{"@type":"WebSite","@id":"https:\/\/www.ilnotiziario.net\/wp\/#website","url":"https:\/\/www.ilnotiziario.net\/wp\/","name":"Il Notiziario","description":"Per restare sempre connessi alla notizia","publisher":{"@id":"https:\/\/www.ilnotiziario.net\/wp\/#organization"},"alternateName":"Il Notiziario Bollate","potentialAction":[{"@type":"SearchAction","target":{"@type":"EntryPoint","urlTemplate":"https:\/\/www.ilnotiziario.net\/wp\/?s={search_term_string}"},"query-input":{"@type":"PropertyValueSpecification","valueRequired":true,"valueName":"search_term_string"}}],"inLanguage":"it-IT"},{"@type":"Organization","@id":"https:\/\/www.ilnotiziario.net\/wp\/#organization","name":"Il Notiziario","url":"https:\/\/www.ilnotiziario.net\/wp\/","logo":{"@type":"ImageObject","inLanguage":"it-IT","@id":"https:\/\/www.ilnotiziario.net\/wp\/#\/schema\/logo\/image\/","url":"https:\/\/www.ilnotiziario.net\/wp\/wp-content\/uploads\/2022\/06\/170x170ilN.png","contentUrl":"https:\/\/www.ilnotiziario.net\/wp\/wp-content\/uploads\/2022\/06\/170x170ilN.png","width":355,"height":355,"caption":"Il Notiziario"},"image":{"@id":"https:\/\/www.ilnotiziario.net\/wp\/#\/schema\/logo\/image\/"},"sameAs":["https:\/\/www.facebook.com\/ilnotiziarioind\/","https:\/\/x.com\/ilNotiziarioInd","https:\/\/www.instagram.com\/ilnotiziario_settimanale\/"]},{"@type":"Person","@id":"https:\/\/www.ilnotiziario.net\/wp\/#\/schema\/person\/386e222908f898bb41c033989482bbf2","name":"Gabriele Bassani","image":{"@type":"ImageObject","inLanguage":"it-IT","@id":"https:\/\/secure.gravatar.com\/avatar\/09274f4a84fa97698bde56f84b3afed61c8492d48b0550db9671b68c177479cb?s=96&d=mm&r=g","url":"https:\/\/secure.gravatar.com\/avatar\/09274f4a84fa97698bde56f84b3afed61c8492d48b0550db9671b68c177479cb?s=96&d=mm&r=g","contentUrl":"https:\/\/secure.gravatar.com\/avatar\/09274f4a84fa97698bde56f84b3afed61c8492d48b0550db9671b68c177479cb?s=96&d=mm&r=g","caption":"Gabriele Bassani"},"sameAs":["http:\/\/www.ilnotiziario.net"]}]}},"_links":{"self":[{"href":"https:\/\/www.ilnotiziario.net\/wp\/wp-json\/wp\/v2\/posts\/187687","targetHints":{"allow":["GET"]}}],"collection":[{"href":"https:\/\/www.ilnotiziario.net\/wp\/wp-json\/wp\/v2\/posts"}],"about":[{"href":"https:\/\/www.ilnotiziario.net\/wp\/wp-json\/wp\/v2\/types\/post"}],"author":[{"embeddable":true,"href":"https:\/\/www.ilnotiziario.net\/wp\/wp-json\/wp\/v2\/users\/3"}],"replies":[{"embeddable":true,"href":"https:\/\/www.ilnotiziario.net\/wp\/wp-json\/wp\/v2\/comments?post=187687"}],"version-history":[{"count":0,"href":"https:\/\/www.ilnotiziario.net\/wp\/wp-json\/wp\/v2\/posts\/187687\/revisions"}],"wp:featuredmedia":[{"embeddable":true,"href":"https:\/\/www.ilnotiziario.net\/wp\/wp-json\/wp\/v2\/media\/187688"}],"wp:attachment":[{"href":"https:\/\/www.ilnotiziario.net\/wp\/wp-json\/wp\/v2\/media?parent=187687"}],"wp:term":[{"taxonomy":"category","embeddable":true,"href":"https:\/\/www.ilnotiziario.net\/wp\/wp-json\/wp\/v2\/categories?post=187687"},{"taxonomy":"post_tag","embeddable":true,"href":"https:\/\/www.ilnotiziario.net\/wp\/wp-json\/wp\/v2\/tags?post=187687"}],"curies":[{"name":"wp","href":"https:\/\/api.w.org\/{rel}","templated":true}]}}