{"id":187927,"date":"2023-09-14T11:43:14","date_gmt":"2023-09-14T09:43:14","guid":{"rendered":"https:\/\/www.ilnotiziario.net\/wp\/?p=187927"},"modified":"2023-09-14T12:09:54","modified_gmt":"2023-09-14T10:09:54","slug":"il-mio-viaggio-saronno-piero-armenti-da-new-york-per-le-vie-della-citta","status":"publish","type":"post","link":"https:\/\/www.ilnotiziario.net\/wp\/prima-pagina\/il-mio-viaggio-saronno-piero-armenti-da-new-york-per-le-vie-della-citta\/","title":{"rendered":"Il mio viaggio a&#8230; Saronno,   Piero Armenti da New York  per le vie della citt\u00e0"},"content":{"rendered":"<p>Il suo sito e la sua pagina Instagram \u201cIl mio viaggio a New York\u201d sono seguiti da migliaia di persone, Piero Armenti ieri sera ha presentato a Milano il suo ultimo libro \u201cNew York- Metro per metro\u201d edito da Mondadori.<\/p><div id=\"ilnot-2893361770\" class=\"ilnot-contenuto ilnot-entity-placement\"><p><!-- incontent_1 --><\/p>\n<div class=\"gptslot\" data-adunitid=\"1\"><\/div>\n<\/div>\n<p>Una folla lo attendeva dalle 18.30 fuori dalla Mondadori di piazza Duomo, mentre la mattina lo scrittore l\u2019ha trascorsa nel centro di Saronno.<br \/>\n\u201cAmici piove, ma sono a Saronno \u2013 commenta in una storia su Instagram Piero &#8211; questa citt\u00e0 mi da l\u2019idea di essere un luogo calmo e tranquillo\u201d.&nbsp; Beh su questo, concedetecelo,&nbsp;<a href=\"https:\/\/www.ilnotiziario.net\/wp\/saronnese\/la-rissa-in-centro-a-saronno-raccontata-da-cruciani-a-la-zanzara-video\/\"><strong> si vede che il buon Piero&nbsp; non \u00e8 proprio aggiornatissimo&nbsp;<\/strong><\/a><\/p>\n<p>Nelle storie si vede poi l\u2019autore, <strong>che vive e risiede a New York<\/strong>, passeggiare per le vie del centro ammirando la Chiesa di San Francesco. \u201c Questa Chiesa \u00e8 stata costruita nel 1297, sapete perch\u00e9 lo so? Perch\u00e9 qui fuori sulla piazza c\u2019\u00e8 la spiegazione. Andrebbe fatto ovunque\u201d commenta <strong>dirigendosi poi verso Casa Lazzaroni<\/strong> e poi verso un bar fermandosi poi per pranzo in un bar.<\/p><div id=\"ilnot-2757158963\" class=\"ilnot-contenuto_2 ilnot-entity-placement\"><div class=\"ads-wrapper\">\n<div class=\"ad-slot\">\n   <div id=\"ilnot-133140315\" style=\"margin-right: auto;margin-left: auto;text-align: center;width: 320px;height: 100px;\"><a href=\"https:\/\/www.scuolasicurezza.it\/\"><img decoding=\"async\" src=\"https:\/\/www.ilnotiziario.net\/wp\/wp-content\/uploads\/2026\/04\/IlNotiziario_banner-sito-e-newsletter-320-x-100-px-1.gif\" alt=\"\"><\/a><\/div>\n  <\/div>\n<div class=\"ad-slot\">\n   <div id=\"ilnot-1995054485\" style=\"margin-right: auto;margin-left: auto;text-align: center;width: 320px;height: 100px;\"><a href=\"https:\/\/purodesignarredamenti.com\/\"><img decoding=\"async\" src=\"https:\/\/www.ilnotiziario.net\/wp\/wp-content\/uploads\/2026\/04\/banner-puro-ok.gif\" alt=\"whatsapp\"><\/a><\/div><\/p><\/div>\n<\/div>\n<\/div>\n<p>Infine, passeggiando per le vie del centro lo scrittore ha commentato i prezzi delle case \u201ci prezzi sono ragionevoli, quasi quasi mi trasferisco qui. Poi prendo il treno e in 20 minuti raggiungo Milano\u201d.<br \/>\n<strong>Manuela Miceli<\/strong><\/p>\n","protected":false},"excerpt":{"rendered":"<p>Il suo sito e la sua pagina Instagram \u201cIl mio viaggio a New York\u201d sono seguiti da migliaia di persone, Piero Armenti ieri sera ha presentato a Milano il suo ultimo libro \u201cNew York- Metro per metro\u201d edito da Mondadori. Una folla lo attendeva dalle 18.30 fuori dalla Mondadori di piazza Duomo, mentre la mattina<\/p>\n","protected":false},"author":3,"featured_media":187928,"comment_status":"closed","ping_status":"closed","sticky":false,"template":"","format":"standard","meta":{"footnotes":""},"categories":[20,13,14],"tags":[15896,5068,56,4923],"class_list":{"0":"post-187927","1":"post","2":"type-post","3":"status-publish","4":"format-standard","5":"has-post-thumbnail","7":"category-prima-pagina","8":"category-saronnese","9":"category-saronno","10":"tag-armenti","11":"tag-new-york","12":"tag-saronno-2","13":"tag-viaggio"},"yoast_head":"<!-- This site is optimized with the Yoast SEO plugin v27.4 - https:\/\/yoast.com\/product\/yoast-seo-wordpress\/ -->\n<title>Il mio viaggio a... Saronno,  Piero Armenti da New York per le vie della citt\u00e0 - Il Notiziario<\/title>\n<meta name=\"description\" content=\"Il suo sito e la sua pagina Instagram \u201cIl mio viaggio a New York\u201d sono seguiti da migliaia di persone, Piero Armenti ieri sera ha presentato a Milano il\" \/>\n<meta name=\"robots\" content=\"index, follow, max-snippet:-1, max-image-preview:large, max-video-preview:-1\" \/>\n<link rel=\"canonical\" href=\"https:\/\/www.ilnotiziario.net\/wp\/prima-pagina\/il-mio-viaggio-saronno-piero-armenti-da-new-york-per-le-vie-della-citta\/\" \/>\n<meta property=\"og:locale\" content=\"it_IT\" \/>\n<meta property=\"og:type\" content=\"article\" \/>\n<meta property=\"og:title\" content=\"Il mio viaggio a... Saronno,  Piero Armenti da New York per le vie della citt\u00e0 - Il Notiziario\" \/>\n<meta property=\"og:description\" content=\"Il suo sito e la sua pagina Instagram \u201cIl mio viaggio a New York\u201d sono seguiti da migliaia di persone, Piero Armenti ieri sera ha presentato a Milano il\" \/>\n<meta property=\"og:url\" content=\"https:\/\/www.ilnotiziario.net\/wp\/prima-pagina\/il-mio-viaggio-saronno-piero-armenti-da-new-york-per-le-vie-della-citta\/\" \/>\n<meta property=\"og:site_name\" content=\"Il Notiziario\" \/>\n<meta property=\"article:publisher\" content=\"https:\/\/www.facebook.com\/ilnotiziarioind\/\" \/>\n<meta property=\"article:published_time\" content=\"2023-09-14T09:43:14+00:00\" \/>\n<meta property=\"article:modified_time\" content=\"2023-09-14T10:09:54+00:00\" \/>\n<meta property=\"og:image\" content=\"https:\/\/www.ilnotiziario.net\/wp\/wp-content\/uploads\/2023\/09\/Armenti-Saronno-Viaggio.png\" \/>\n\t<meta property=\"og:image:width\" content=\"601\" \/>\n\t<meta property=\"og:image:height\" content=\"386\" \/>\n\t<meta property=\"og:image:type\" content=\"image\/png\" \/>\n<meta name=\"author\" content=\"Gabriele Bassani\" \/>\n<meta name=\"twitter:card\" content=\"summary_large_image\" \/>\n<meta name=\"twitter:creator\" content=\"@ilNotiziarioInd\" \/>\n<meta name=\"twitter:site\" content=\"@ilNotiziarioInd\" \/>\n<meta name=\"twitter:label1\" content=\"Scritto da\" \/>\n\t<meta name=\"twitter:data1\" content=\"Gabriele Bassani\" \/>\n\t<meta name=\"twitter:label2\" content=\"Tempo di lettura stimato\" \/>\n\t<meta name=\"twitter:data2\" content=\"2 minuti\" \/>\n<script type=\"application\/ld+json\" class=\"yoast-schema-graph\">{\"@context\":\"https:\\\/\\\/schema.org\",\"@graph\":[{\"@type\":\"Article\",\"@id\":\"https:\\\/\\\/www.ilnotiziario.net\\\/wp\\\/prima-pagina\\\/il-mio-viaggio-saronno-piero-armenti-da-new-york-per-le-vie-della-citta\\\/#article\",\"isPartOf\":{\"@id\":\"https:\\\/\\\/www.ilnotiziario.net\\\/wp\\\/prima-pagina\\\/il-mio-viaggio-saronno-piero-armenti-da-new-york-per-le-vie-della-citta\\\/\"},\"author\":{\"name\":\"Gabriele Bassani\",\"@id\":\"https:\\\/\\\/www.ilnotiziario.net\\\/wp\\\/#\\\/schema\\\/person\\\/386e222908f898bb41c033989482bbf2\"},\"headline\":\"Il mio viaggio a&#8230; Saronno, Piero Armenti da New York per le vie della citt\u00e0\",\"datePublished\":\"2023-09-14T09:43:14+00:00\",\"dateModified\":\"2023-09-14T10:09:54+00:00\",\"mainEntityOfPage\":{\"@id\":\"https:\\\/\\\/www.ilnotiziario.net\\\/wp\\\/prima-pagina\\\/il-mio-viaggio-saronno-piero-armenti-da-new-york-per-le-vie-della-citta\\\/\"},\"wordCount\":221,\"publisher\":{\"@id\":\"https:\\\/\\\/www.ilnotiziario.net\\\/wp\\\/#organization\"},\"image\":{\"@id\":\"https:\\\/\\\/www.ilnotiziario.net\\\/wp\\\/prima-pagina\\\/il-mio-viaggio-saronno-piero-armenti-da-new-york-per-le-vie-della-citta\\\/#primaryimage\"},\"thumbnailUrl\":\"https:\\\/\\\/www.ilnotiziario.net\\\/wp\\\/wp-content\\\/uploads\\\/2023\\\/09\\\/Armenti-Saronno-Viaggio.png\",\"keywords\":[\"Armenti\",\"New York\",\"Saronno\",\"viaggio\"],\"articleSection\":[\"Prima Pagina\",\"SARONNESE\",\"SARONNO\"],\"inLanguage\":\"it-IT\"},{\"@type\":\"WebPage\",\"@id\":\"https:\\\/\\\/www.ilnotiziario.net\\\/wp\\\/prima-pagina\\\/il-mio-viaggio-saronno-piero-armenti-da-new-york-per-le-vie-della-citta\\\/\",\"url\":\"https:\\\/\\\/www.ilnotiziario.net\\\/wp\\\/prima-pagina\\\/il-mio-viaggio-saronno-piero-armenti-da-new-york-per-le-vie-della-citta\\\/\",\"name\":\"Il mio viaggio a... Saronno, Piero Armenti da New York per le vie della citt\u00e0 - Il Notiziario\",\"isPartOf\":{\"@id\":\"https:\\\/\\\/www.ilnotiziario.net\\\/wp\\\/#website\"},\"primaryImageOfPage\":{\"@id\":\"https:\\\/\\\/www.ilnotiziario.net\\\/wp\\\/prima-pagina\\\/il-mio-viaggio-saronno-piero-armenti-da-new-york-per-le-vie-della-citta\\\/#primaryimage\"},\"image\":{\"@id\":\"https:\\\/\\\/www.ilnotiziario.net\\\/wp\\\/prima-pagina\\\/il-mio-viaggio-saronno-piero-armenti-da-new-york-per-le-vie-della-citta\\\/#primaryimage\"},\"thumbnailUrl\":\"https:\\\/\\\/www.ilnotiziario.net\\\/wp\\\/wp-content\\\/uploads\\\/2023\\\/09\\\/Armenti-Saronno-Viaggio.png\",\"datePublished\":\"2023-09-14T09:43:14+00:00\",\"dateModified\":\"2023-09-14T10:09:54+00:00\",\"description\":\"Il suo sito e la sua pagina Instagram \u201cIl mio viaggio a New York\u201d sono seguiti da migliaia di persone, Piero Armenti ieri sera ha presentato a Milano il\",\"breadcrumb\":{\"@id\":\"https:\\\/\\\/www.ilnotiziario.net\\\/wp\\\/prima-pagina\\\/il-mio-viaggio-saronno-piero-armenti-da-new-york-per-le-vie-della-citta\\\/#breadcrumb\"},\"inLanguage\":\"it-IT\",\"potentialAction\":[{\"@type\":\"ReadAction\",\"target\":[\"https:\\\/\\\/www.ilnotiziario.net\\\/wp\\\/prima-pagina\\\/il-mio-viaggio-saronno-piero-armenti-da-new-york-per-le-vie-della-citta\\\/\"]}]},{\"@type\":\"ImageObject\",\"inLanguage\":\"it-IT\",\"@id\":\"https:\\\/\\\/www.ilnotiziario.net\\\/wp\\\/prima-pagina\\\/il-mio-viaggio-saronno-piero-armenti-da-new-york-per-le-vie-della-citta\\\/#primaryimage\",\"url\":\"https:\\\/\\\/www.ilnotiziario.net\\\/wp\\\/wp-content\\\/uploads\\\/2023\\\/09\\\/Armenti-Saronno-Viaggio.png\",\"contentUrl\":\"https:\\\/\\\/www.ilnotiziario.net\\\/wp\\\/wp-content\\\/uploads\\\/2023\\\/09\\\/Armenti-Saronno-Viaggio.png\",\"width\":601,\"height\":386,\"caption\":\"Piero Armenti Saronno viaggio\"},{\"@type\":\"BreadcrumbList\",\"@id\":\"https:\\\/\\\/www.ilnotiziario.net\\\/wp\\\/prima-pagina\\\/il-mio-viaggio-saronno-piero-armenti-da-new-york-per-le-vie-della-citta\\\/#breadcrumb\",\"itemListElement\":[{\"@type\":\"ListItem\",\"position\":1,\"name\":\"tds_text_logo_tagline_colortds_text_logo_tagline_colortds_text_logo_tagline_colortds_text_logo_tagline_colortd_module_7_title_excerpttd_module_7_title_excerpttd_module_7_title_excerpttd_module_7_title_excerptHome\",\"item\":\"https:\\\/\\\/www.ilnotiziario.net\\\/wp\\\/\"},{\"@type\":\"ListItem\",\"position\":2,\"name\":\"Il mio viaggio a&#8230; Saronno, Piero Armenti da New York per le vie della citt\u00e0\"}]},{\"@type\":\"WebSite\",\"@id\":\"https:\\\/\\\/www.ilnotiziario.net\\\/wp\\\/#website\",\"url\":\"https:\\\/\\\/www.ilnotiziario.net\\\/wp\\\/\",\"name\":\"Il Notiziario\",\"description\":\"Per restare sempre connessi alla notizia\",\"publisher\":{\"@id\":\"https:\\\/\\\/www.ilnotiziario.net\\\/wp\\\/#organization\"},\"alternateName\":\"Il Notiziario Bollate\",\"potentialAction\":[{\"@type\":\"SearchAction\",\"target\":{\"@type\":\"EntryPoint\",\"urlTemplate\":\"https:\\\/\\\/www.ilnotiziario.net\\\/wp\\\/?s={search_term_string}\"},\"query-input\":{\"@type\":\"PropertyValueSpecification\",\"valueRequired\":true,\"valueName\":\"search_term_string\"}}],\"inLanguage\":\"it-IT\"},{\"@type\":\"Organization\",\"@id\":\"https:\\\/\\\/www.ilnotiziario.net\\\/wp\\\/#organization\",\"name\":\"Il Notiziario\",\"url\":\"https:\\\/\\\/www.ilnotiziario.net\\\/wp\\\/\",\"logo\":{\"@type\":\"ImageObject\",\"inLanguage\":\"it-IT\",\"@id\":\"https:\\\/\\\/www.ilnotiziario.net\\\/wp\\\/#\\\/schema\\\/logo\\\/image\\\/\",\"url\":\"https:\\\/\\\/www.ilnotiziario.net\\\/wp\\\/wp-content\\\/uploads\\\/2022\\\/06\\\/170x170ilN.png\",\"contentUrl\":\"https:\\\/\\\/www.ilnotiziario.net\\\/wp\\\/wp-content\\\/uploads\\\/2022\\\/06\\\/170x170ilN.png\",\"width\":355,\"height\":355,\"caption\":\"Il Notiziario\"},\"image\":{\"@id\":\"https:\\\/\\\/www.ilnotiziario.net\\\/wp\\\/#\\\/schema\\\/logo\\\/image\\\/\"},\"sameAs\":[\"https:\\\/\\\/www.facebook.com\\\/ilnotiziarioind\\\/\",\"https:\\\/\\\/x.com\\\/ilNotiziarioInd\",\"https:\\\/\\\/www.instagram.com\\\/ilnotiziario_settimanale\\\/\"]},{\"@type\":\"Person\",\"@id\":\"https:\\\/\\\/www.ilnotiziario.net\\\/wp\\\/#\\\/schema\\\/person\\\/386e222908f898bb41c033989482bbf2\",\"name\":\"Gabriele Bassani\",\"image\":{\"@type\":\"ImageObject\",\"inLanguage\":\"it-IT\",\"@id\":\"https:\\\/\\\/secure.gravatar.com\\\/avatar\\\/09274f4a84fa97698bde56f84b3afed61c8492d48b0550db9671b68c177479cb?s=96&d=mm&r=g\",\"url\":\"https:\\\/\\\/secure.gravatar.com\\\/avatar\\\/09274f4a84fa97698bde56f84b3afed61c8492d48b0550db9671b68c177479cb?s=96&d=mm&r=g\",\"contentUrl\":\"https:\\\/\\\/secure.gravatar.com\\\/avatar\\\/09274f4a84fa97698bde56f84b3afed61c8492d48b0550db9671b68c177479cb?s=96&d=mm&r=g\",\"caption\":\"Gabriele Bassani\"},\"sameAs\":[\"http:\\\/\\\/www.ilnotiziario.net\"]}]}<\/script>\n<!-- \/ Yoast SEO plugin. -->","yoast_head_json":{"title":"Il mio viaggio a... Saronno,  Piero Armenti da New York per le vie della citt\u00e0 - Il Notiziario","description":"Il suo sito e la sua pagina Instagram \u201cIl mio viaggio a New York\u201d sono seguiti da migliaia di persone, Piero Armenti ieri sera ha presentato a Milano il","robots":{"index":"index","follow":"follow","max-snippet":"max-snippet:-1","max-image-preview":"max-image-preview:large","max-video-preview":"max-video-preview:-1"},"canonical":"https:\/\/www.ilnotiziario.net\/wp\/prima-pagina\/il-mio-viaggio-saronno-piero-armenti-da-new-york-per-le-vie-della-citta\/","og_locale":"it_IT","og_type":"article","og_title":"Il mio viaggio a... Saronno,  Piero Armenti da New York per le vie della citt\u00e0 - Il Notiziario","og_description":"Il suo sito e la sua pagina Instagram \u201cIl mio viaggio a New York\u201d sono seguiti da migliaia di persone, Piero Armenti ieri sera ha presentato a Milano il","og_url":"https:\/\/www.ilnotiziario.net\/wp\/prima-pagina\/il-mio-viaggio-saronno-piero-armenti-da-new-york-per-le-vie-della-citta\/","og_site_name":"Il Notiziario","article_publisher":"https:\/\/www.facebook.com\/ilnotiziarioind\/","article_published_time":"2023-09-14T09:43:14+00:00","article_modified_time":"2023-09-14T10:09:54+00:00","og_image":[{"width":601,"height":386,"url":"https:\/\/www.ilnotiziario.net\/wp\/wp-content\/uploads\/2023\/09\/Armenti-Saronno-Viaggio.png","type":"image\/png"}],"author":"Gabriele Bassani","twitter_card":"summary_large_image","twitter_creator":"@ilNotiziarioInd","twitter_site":"@ilNotiziarioInd","twitter_misc":{"Scritto da":"Gabriele Bassani","Tempo di lettura stimato":"2 minuti"},"schema":{"@context":"https:\/\/schema.org","@graph":[{"@type":"Article","@id":"https:\/\/www.ilnotiziario.net\/wp\/prima-pagina\/il-mio-viaggio-saronno-piero-armenti-da-new-york-per-le-vie-della-citta\/#article","isPartOf":{"@id":"https:\/\/www.ilnotiziario.net\/wp\/prima-pagina\/il-mio-viaggio-saronno-piero-armenti-da-new-york-per-le-vie-della-citta\/"},"author":{"name":"Gabriele Bassani","@id":"https:\/\/www.ilnotiziario.net\/wp\/#\/schema\/person\/386e222908f898bb41c033989482bbf2"},"headline":"Il mio viaggio a&#8230; Saronno, Piero Armenti da New York per le vie della citt\u00e0","datePublished":"2023-09-14T09:43:14+00:00","dateModified":"2023-09-14T10:09:54+00:00","mainEntityOfPage":{"@id":"https:\/\/www.ilnotiziario.net\/wp\/prima-pagina\/il-mio-viaggio-saronno-piero-armenti-da-new-york-per-le-vie-della-citta\/"},"wordCount":221,"publisher":{"@id":"https:\/\/www.ilnotiziario.net\/wp\/#organization"},"image":{"@id":"https:\/\/www.ilnotiziario.net\/wp\/prima-pagina\/il-mio-viaggio-saronno-piero-armenti-da-new-york-per-le-vie-della-citta\/#primaryimage"},"thumbnailUrl":"https:\/\/www.ilnotiziario.net\/wp\/wp-content\/uploads\/2023\/09\/Armenti-Saronno-Viaggio.png","keywords":["Armenti","New York","Saronno","viaggio"],"articleSection":["Prima Pagina","SARONNESE","SARONNO"],"inLanguage":"it-IT"},{"@type":"WebPage","@id":"https:\/\/www.ilnotiziario.net\/wp\/prima-pagina\/il-mio-viaggio-saronno-piero-armenti-da-new-york-per-le-vie-della-citta\/","url":"https:\/\/www.ilnotiziario.net\/wp\/prima-pagina\/il-mio-viaggio-saronno-piero-armenti-da-new-york-per-le-vie-della-citta\/","name":"Il mio viaggio a... Saronno, Piero Armenti da New York per le vie della citt\u00e0 - Il Notiziario","isPartOf":{"@id":"https:\/\/www.ilnotiziario.net\/wp\/#website"},"primaryImageOfPage":{"@id":"https:\/\/www.ilnotiziario.net\/wp\/prima-pagina\/il-mio-viaggio-saronno-piero-armenti-da-new-york-per-le-vie-della-citta\/#primaryimage"},"image":{"@id":"https:\/\/www.ilnotiziario.net\/wp\/prima-pagina\/il-mio-viaggio-saronno-piero-armenti-da-new-york-per-le-vie-della-citta\/#primaryimage"},"thumbnailUrl":"https:\/\/www.ilnotiziario.net\/wp\/wp-content\/uploads\/2023\/09\/Armenti-Saronno-Viaggio.png","datePublished":"2023-09-14T09:43:14+00:00","dateModified":"2023-09-14T10:09:54+00:00","description":"Il suo sito e la sua pagina Instagram \u201cIl mio viaggio a New York\u201d sono seguiti da migliaia di persone, Piero Armenti ieri sera ha presentato a Milano il","breadcrumb":{"@id":"https:\/\/www.ilnotiziario.net\/wp\/prima-pagina\/il-mio-viaggio-saronno-piero-armenti-da-new-york-per-le-vie-della-citta\/#breadcrumb"},"inLanguage":"it-IT","potentialAction":[{"@type":"ReadAction","target":["https:\/\/www.ilnotiziario.net\/wp\/prima-pagina\/il-mio-viaggio-saronno-piero-armenti-da-new-york-per-le-vie-della-citta\/"]}]},{"@type":"ImageObject","inLanguage":"it-IT","@id":"https:\/\/www.ilnotiziario.net\/wp\/prima-pagina\/il-mio-viaggio-saronno-piero-armenti-da-new-york-per-le-vie-della-citta\/#primaryimage","url":"https:\/\/www.ilnotiziario.net\/wp\/wp-content\/uploads\/2023\/09\/Armenti-Saronno-Viaggio.png","contentUrl":"https:\/\/www.ilnotiziario.net\/wp\/wp-content\/uploads\/2023\/09\/Armenti-Saronno-Viaggio.png","width":601,"height":386,"caption":"Piero Armenti Saronno viaggio"},{"@type":"BreadcrumbList","@id":"https:\/\/www.ilnotiziario.net\/wp\/prima-pagina\/il-mio-viaggio-saronno-piero-armenti-da-new-york-per-le-vie-della-citta\/#breadcrumb","itemListElement":[{"@type":"ListItem","position":1,"name":"tds_text_logo_tagline_colortds_text_logo_tagline_colortds_text_logo_tagline_colortds_text_logo_tagline_colortd_module_7_title_excerpttd_module_7_title_excerpttd_module_7_title_excerpttd_module_7_title_excerptHome","item":"https:\/\/www.ilnotiziario.net\/wp\/"},{"@type":"ListItem","position":2,"name":"Il mio viaggio a&#8230; Saronno, Piero Armenti da New York per le vie della citt\u00e0"}]},{"@type":"WebSite","@id":"https:\/\/www.ilnotiziario.net\/wp\/#website","url":"https:\/\/www.ilnotiziario.net\/wp\/","name":"Il Notiziario","description":"Per restare sempre connessi alla notizia","publisher":{"@id":"https:\/\/www.ilnotiziario.net\/wp\/#organization"},"alternateName":"Il Notiziario Bollate","potentialAction":[{"@type":"SearchAction","target":{"@type":"EntryPoint","urlTemplate":"https:\/\/www.ilnotiziario.net\/wp\/?s={search_term_string}"},"query-input":{"@type":"PropertyValueSpecification","valueRequired":true,"valueName":"search_term_string"}}],"inLanguage":"it-IT"},{"@type":"Organization","@id":"https:\/\/www.ilnotiziario.net\/wp\/#organization","name":"Il Notiziario","url":"https:\/\/www.ilnotiziario.net\/wp\/","logo":{"@type":"ImageObject","inLanguage":"it-IT","@id":"https:\/\/www.ilnotiziario.net\/wp\/#\/schema\/logo\/image\/","url":"https:\/\/www.ilnotiziario.net\/wp\/wp-content\/uploads\/2022\/06\/170x170ilN.png","contentUrl":"https:\/\/www.ilnotiziario.net\/wp\/wp-content\/uploads\/2022\/06\/170x170ilN.png","width":355,"height":355,"caption":"Il Notiziario"},"image":{"@id":"https:\/\/www.ilnotiziario.net\/wp\/#\/schema\/logo\/image\/"},"sameAs":["https:\/\/www.facebook.com\/ilnotiziarioind\/","https:\/\/x.com\/ilNotiziarioInd","https:\/\/www.instagram.com\/ilnotiziario_settimanale\/"]},{"@type":"Person","@id":"https:\/\/www.ilnotiziario.net\/wp\/#\/schema\/person\/386e222908f898bb41c033989482bbf2","name":"Gabriele Bassani","image":{"@type":"ImageObject","inLanguage":"it-IT","@id":"https:\/\/secure.gravatar.com\/avatar\/09274f4a84fa97698bde56f84b3afed61c8492d48b0550db9671b68c177479cb?s=96&d=mm&r=g","url":"https:\/\/secure.gravatar.com\/avatar\/09274f4a84fa97698bde56f84b3afed61c8492d48b0550db9671b68c177479cb?s=96&d=mm&r=g","contentUrl":"https:\/\/secure.gravatar.com\/avatar\/09274f4a84fa97698bde56f84b3afed61c8492d48b0550db9671b68c177479cb?s=96&d=mm&r=g","caption":"Gabriele Bassani"},"sameAs":["http:\/\/www.ilnotiziario.net"]}]}},"_links":{"self":[{"href":"https:\/\/www.ilnotiziario.net\/wp\/wp-json\/wp\/v2\/posts\/187927","targetHints":{"allow":["GET"]}}],"collection":[{"href":"https:\/\/www.ilnotiziario.net\/wp\/wp-json\/wp\/v2\/posts"}],"about":[{"href":"https:\/\/www.ilnotiziario.net\/wp\/wp-json\/wp\/v2\/types\/post"}],"author":[{"embeddable":true,"href":"https:\/\/www.ilnotiziario.net\/wp\/wp-json\/wp\/v2\/users\/3"}],"replies":[{"embeddable":true,"href":"https:\/\/www.ilnotiziario.net\/wp\/wp-json\/wp\/v2\/comments?post=187927"}],"version-history":[{"count":0,"href":"https:\/\/www.ilnotiziario.net\/wp\/wp-json\/wp\/v2\/posts\/187927\/revisions"}],"wp:featuredmedia":[{"embeddable":true,"href":"https:\/\/www.ilnotiziario.net\/wp\/wp-json\/wp\/v2\/media\/187928"}],"wp:attachment":[{"href":"https:\/\/www.ilnotiziario.net\/wp\/wp-json\/wp\/v2\/media?parent=187927"}],"wp:term":[{"taxonomy":"category","embeddable":true,"href":"https:\/\/www.ilnotiziario.net\/wp\/wp-json\/wp\/v2\/categories?post=187927"},{"taxonomy":"post_tag","embeddable":true,"href":"https:\/\/www.ilnotiziario.net\/wp\/wp-json\/wp\/v2\/tags?post=187927"}],"curies":[{"name":"wp","href":"https:\/\/api.w.org\/{rel}","templated":true}]}}