{"id":188324,"date":"2023-09-24T08:52:59","date_gmt":"2023-09-24T06:52:59","guid":{"rendered":"https:\/\/www.ilnotiziario.net\/wp\/?p=188324"},"modified":"2023-09-24T11:25:17","modified_gmt":"2023-09-24T09:25:17","slug":"aperta-expo-brianza-23-una-settimana-di-eventi-alla-fiera-tra-limbiate-e-bovisio","status":"publish","type":"post","link":"https:\/\/www.ilnotiziario.net\/wp\/brianza\/aperta-expo-brianza-23-una-settimana-di-eventi-alla-fiera-tra-limbiate-e-bovisio\/","title":{"rendered":"Aperta Expo Brianza 23, una settimana di eventi alla fiera tra Limbiate e Bovisio"},"content":{"rendered":"<p>Si \u00e8 aperta ufficialmente ieri pomeriggio la 40esima edizione di Expo Brianza, la fiera campionaria allestita nella maxi tensostruttura di Bovisio Masciago, al confine con Limbiate sulla Nazionale dei Giovi. Un evento a cui hanno aderito ben 10 comuni brianzoli, i cui sindaci erano presenti ieri all\u2019inaugurazione insieme all\u2019onorevole Fabrizio Sala.<\/p><div id=\"ilnot-4248917993\" class=\"ilnot-contenuto ilnot-entity-placement\"><p><!-- incontent_1 --><\/p>\n<div class=\"gptslot\" data-adunitid=\"1\"><\/div>\n<\/div>\n<p>L\u2019esposizione rester\u00e0 visitabile fino a domenica prossima.<br \/>\nOgni giorno sono previsti eventi per l\u2019intrattenimento dei visitatori. Ecco il programma dettagliato.<\/p>\n<h2>Expo Brianza 23 programma completo della settimana&nbsp;<\/h2>\n<p>Domenica dalle 10 del mattino l\u2019area spettacolo sar\u00e0 invece allestita per un workshop fotografico a cura dello staff Michelangelo che ha anche allestito la mostra \u201cLe donne nel modo\u201d con scatti del fotografo Fabrizio Delmati e di Michelangelo Salerno.<\/p><div id=\"ilnot-2231470639\" class=\"ilnot-contenuto_2 ilnot-entity-placement\"><div class=\"ads-wrapper\">\n<div class=\"ad-slot\">\n   <div id=\"ilnot-564594134\" style=\"margin-right: auto;margin-left: auto;text-align: center;width: 320px;height: 100px;\"><a href=\"https:\/\/www.scuolasicurezza.it\/\"><img decoding=\"async\" src=\"https:\/\/www.ilnotiziario.net\/wp\/wp-content\/uploads\/2026\/04\/IlNotiziario_banner-sito-e-newsletter-320-x-100-px-1.gif\" alt=\"\"><\/a><\/div>\n  <\/div>\n<div class=\"ad-slot\">\n   <div id=\"ilnot-3635643804\" style=\"margin-right: auto;margin-left: auto;text-align: center;width: 320px;height: 100px;\"><a href=\"https:\/\/purodesignarredamenti.com\/\"><img decoding=\"async\" src=\"https:\/\/www.ilnotiziario.net\/wp\/wp-content\/uploads\/2026\/04\/banner-puro-ok.gif\" alt=\"whatsapp\"><\/a><\/div><\/p><\/div>\n<\/div>\n<\/div>\n<p>&nbsp;<\/p>\n<p>Dalle 16 domenica la sala eventi verr\u00e0 poi occupata dalla musica con il Dj set a cura di Fabrizio Ferrari di Rtl 102.5 mentre sar\u00e0 allestito il primo Motoexpo, moto raduno in collaborazione con il Moto Club Queen. Dalle 22 la Silent Disco, discoteca silenziosa, che negli ultimi anni ha appassionato i pi\u00f9 giovani.<\/p>\n<p>Luned\u00ec la fiera aprir\u00e0 alle 17.30 e prevede l\u2019Expo Talent, una vetrina per talenti di canto, musica ed arti varie a cura delle scuole di musicali locali tra cui la Dance Music Academy di Bovisio Masciago e la Music Center Academy di Meda. La sera, alle 20,30, sar\u00e0 poi il Torneo di burraco a cura dell\u2019Oratorio San Giorgio ad occupare lo spazio.<\/p>\n<h2>Musica, cabaret, ballo, ogni sera un evento ad Expo Brianza 2023&nbsp;<\/h2>\n<p>Marted\u00ec sempre dalle 17,30 altre scuole di musica si alterneranno sul palco, l\u2019Arte musica di Varedo e l\u2019Accademia Gaetano Marziali di Seveso. Alle 20.30 invece \u00e8 previsto uno spettacolo comico: Pis &amp; Lov presentano Max Cavallari e nel corso della serata si terr\u00e0 la premiazione di alcune aziende produttive del territorio con almeno 40 anni di attivit\u00e0. Mercoled\u00ec alle 17,30 ancora musica con gli allievi delle scuole del territorio mentre alle 20,30 si proporr\u00e0 una serata Bourlesque, Soul e Blues Tribute con Honey e Malvasia e il gruppo The Groovy.<\/p><div id=\"ilnot-1260997694\" class=\"ilnot-contenuto_2-2 ilnot-entity-placement\"><div class=\"gptslot\" data-adunitid=\"2\"><\/div>\n<\/div>\n<p>Gioved\u00ec sar\u00e0 l\u2019associazione la Citt\u00e0 sonora di Ceriano Laghetto ad animare la fiera dalle 17,30 mentre dalle 20.30 i Balli Country con ASD Astro Dance e dj Franco animeranno la serata. La manifestazione proseguir\u00e0 anche il prossimo week end dove si stanno raccogliendo le iscrizioni per la Corsa in rosa prevista per domenica primo ottobre alle 10. Una passeggiata in Rosa non competitiva di 6 km riservata a tutte le donne in collaborazione con l\u2019Assessorato ai Servizi Ricreativi e Culturali Citt\u00e0 di Varedo a cui ci si potr\u00e0 iscrivere anche in fiera durante questa settimana.<\/p>\n","protected":false},"excerpt":{"rendered":"<p>Si \u00e8 aperta ufficialmente ieri pomeriggio la 40esima edizione di Expo Brianza, la fiera campionaria allestita nella maxi tensostruttura di Bovisio Masciago, al confine con Limbiate sulla Nazionale dei Giovi. Un evento a cui hanno aderito ben 10 comuni brianzoli, i cui sindaci erano presenti ieri all\u2019inaugurazione insieme all\u2019onorevole Fabrizio Sala. L\u2019esposizione rester\u00e0 visitabile fino<\/p>\n","protected":false},"author":3,"featured_media":188325,"comment_status":"closed","ping_status":"closed","sticky":false,"template":"","format":"standard","meta":{"footnotes":""},"categories":[277,9,20],"tags":[6504,2019,47,10312],"class_list":{"0":"post-188324","1":"post","2":"type-post","3":"status-publish","4":"format-standard","5":"has-post-thumbnail","7":"category-appuntamenti-della-settimana","8":"category-brianza","9":"category-prima-pagina","10":"tag-expo-brianza","11":"tag-fiera","12":"tag-limbiate","13":"tag-programma"},"yoast_head":"<!-- This site is optimized with the Yoast SEO plugin v27.4 - https:\/\/yoast.com\/product\/yoast-seo-wordpress\/ -->\n<title>Aperta Expo Brianza 23, una settimana di eventi alla fiera tra Limbiate e Bovisio - Il Notiziario<\/title>\n<meta name=\"description\" content=\"Si \u00e8 aperta ufficialmente ieri pomeriggio la 40esima edizione di Expo Brianza, la fiera campionaria allestita nella maxi tensostruttura di Bovisio\" \/>\n<meta name=\"robots\" content=\"index, follow, max-snippet:-1, max-image-preview:large, max-video-preview:-1\" \/>\n<link rel=\"canonical\" href=\"https:\/\/www.ilnotiziario.net\/wp\/brianza\/aperta-expo-brianza-23-una-settimana-di-eventi-alla-fiera-tra-limbiate-e-bovisio\/\" \/>\n<meta property=\"og:locale\" content=\"it_IT\" \/>\n<meta property=\"og:type\" content=\"article\" \/>\n<meta property=\"og:title\" content=\"Aperta Expo Brianza 23, una settimana di eventi alla fiera tra Limbiate e Bovisio - Il Notiziario\" \/>\n<meta property=\"og:description\" content=\"Si \u00e8 aperta ufficialmente ieri pomeriggio la 40esima edizione di Expo Brianza, la fiera campionaria allestita nella maxi tensostruttura di Bovisio\" \/>\n<meta property=\"og:url\" content=\"https:\/\/www.ilnotiziario.net\/wp\/brianza\/aperta-expo-brianza-23-una-settimana-di-eventi-alla-fiera-tra-limbiate-e-bovisio\/\" \/>\n<meta property=\"og:site_name\" content=\"Il Notiziario\" \/>\n<meta property=\"article:publisher\" content=\"https:\/\/www.facebook.com\/ilnotiziarioind\/\" \/>\n<meta property=\"article:published_time\" content=\"2023-09-24T06:52:59+00:00\" \/>\n<meta property=\"article:modified_time\" content=\"2023-09-24T09:25:17+00:00\" \/>\n<meta property=\"og:image\" content=\"https:\/\/www.ilnotiziario.net\/wp\/wp-content\/uploads\/2023\/09\/Expo-Brianza-inaugurazione-2023-135.jpg\" \/>\n\t<meta property=\"og:image:width\" content=\"651\" \/>\n\t<meta property=\"og:image:height\" content=\"434\" \/>\n\t<meta property=\"og:image:type\" content=\"image\/jpeg\" \/>\n<meta name=\"author\" content=\"Gabriele Bassani\" \/>\n<meta name=\"twitter:card\" content=\"summary_large_image\" \/>\n<meta name=\"twitter:creator\" content=\"@ilNotiziarioInd\" \/>\n<meta name=\"twitter:site\" content=\"@ilNotiziarioInd\" \/>\n<meta name=\"twitter:label1\" content=\"Scritto da\" \/>\n\t<meta name=\"twitter:data1\" content=\"Gabriele Bassani\" \/>\n\t<meta name=\"twitter:label2\" content=\"Tempo di lettura stimato\" \/>\n\t<meta name=\"twitter:data2\" content=\"3 minuti\" \/>\n<script type=\"application\/ld+json\" class=\"yoast-schema-graph\">{\"@context\":\"https:\\\/\\\/schema.org\",\"@graph\":[{\"@type\":\"Article\",\"@id\":\"https:\\\/\\\/www.ilnotiziario.net\\\/wp\\\/brianza\\\/aperta-expo-brianza-23-una-settimana-di-eventi-alla-fiera-tra-limbiate-e-bovisio\\\/#article\",\"isPartOf\":{\"@id\":\"https:\\\/\\\/www.ilnotiziario.net\\\/wp\\\/brianza\\\/aperta-expo-brianza-23-una-settimana-di-eventi-alla-fiera-tra-limbiate-e-bovisio\\\/\"},\"author\":{\"name\":\"Gabriele Bassani\",\"@id\":\"https:\\\/\\\/www.ilnotiziario.net\\\/wp\\\/#\\\/schema\\\/person\\\/386e222908f898bb41c033989482bbf2\"},\"headline\":\"Aperta Expo Brianza 23, una settimana di eventi alla fiera tra Limbiate e Bovisio\",\"datePublished\":\"2023-09-24T06:52:59+00:00\",\"dateModified\":\"2023-09-24T09:25:17+00:00\",\"mainEntityOfPage\":{\"@id\":\"https:\\\/\\\/www.ilnotiziario.net\\\/wp\\\/brianza\\\/aperta-expo-brianza-23-una-settimana-di-eventi-alla-fiera-tra-limbiate-e-bovisio\\\/\"},\"wordCount\":436,\"publisher\":{\"@id\":\"https:\\\/\\\/www.ilnotiziario.net\\\/wp\\\/#organization\"},\"image\":{\"@id\":\"https:\\\/\\\/www.ilnotiziario.net\\\/wp\\\/brianza\\\/aperta-expo-brianza-23-una-settimana-di-eventi-alla-fiera-tra-limbiate-e-bovisio\\\/#primaryimage\"},\"thumbnailUrl\":\"https:\\\/\\\/www.ilnotiziario.net\\\/wp\\\/wp-content\\\/uploads\\\/2023\\\/09\\\/Expo-Brianza-inaugurazione-2023-135.jpg\",\"keywords\":[\"Expo Brianza\",\"fiera\",\"Limbiate\",\"programma\"],\"articleSection\":[\"APPUNTAMENTI\",\"BRIANZA\",\"Prima Pagina\"],\"inLanguage\":\"it-IT\"},{\"@type\":\"WebPage\",\"@id\":\"https:\\\/\\\/www.ilnotiziario.net\\\/wp\\\/brianza\\\/aperta-expo-brianza-23-una-settimana-di-eventi-alla-fiera-tra-limbiate-e-bovisio\\\/\",\"url\":\"https:\\\/\\\/www.ilnotiziario.net\\\/wp\\\/brianza\\\/aperta-expo-brianza-23-una-settimana-di-eventi-alla-fiera-tra-limbiate-e-bovisio\\\/\",\"name\":\"Aperta Expo Brianza 23, una settimana di eventi alla fiera tra Limbiate e Bovisio - Il Notiziario\",\"isPartOf\":{\"@id\":\"https:\\\/\\\/www.ilnotiziario.net\\\/wp\\\/#website\"},\"primaryImageOfPage\":{\"@id\":\"https:\\\/\\\/www.ilnotiziario.net\\\/wp\\\/brianza\\\/aperta-expo-brianza-23-una-settimana-di-eventi-alla-fiera-tra-limbiate-e-bovisio\\\/#primaryimage\"},\"image\":{\"@id\":\"https:\\\/\\\/www.ilnotiziario.net\\\/wp\\\/brianza\\\/aperta-expo-brianza-23-una-settimana-di-eventi-alla-fiera-tra-limbiate-e-bovisio\\\/#primaryimage\"},\"thumbnailUrl\":\"https:\\\/\\\/www.ilnotiziario.net\\\/wp\\\/wp-content\\\/uploads\\\/2023\\\/09\\\/Expo-Brianza-inaugurazione-2023-135.jpg\",\"datePublished\":\"2023-09-24T06:52:59+00:00\",\"dateModified\":\"2023-09-24T09:25:17+00:00\",\"description\":\"Si \u00e8 aperta ufficialmente ieri pomeriggio la 40esima edizione di Expo Brianza, la fiera campionaria allestita nella maxi tensostruttura di Bovisio\",\"breadcrumb\":{\"@id\":\"https:\\\/\\\/www.ilnotiziario.net\\\/wp\\\/brianza\\\/aperta-expo-brianza-23-una-settimana-di-eventi-alla-fiera-tra-limbiate-e-bovisio\\\/#breadcrumb\"},\"inLanguage\":\"it-IT\",\"potentialAction\":[{\"@type\":\"ReadAction\",\"target\":[\"https:\\\/\\\/www.ilnotiziario.net\\\/wp\\\/brianza\\\/aperta-expo-brianza-23-una-settimana-di-eventi-alla-fiera-tra-limbiate-e-bovisio\\\/\"]}]},{\"@type\":\"ImageObject\",\"inLanguage\":\"it-IT\",\"@id\":\"https:\\\/\\\/www.ilnotiziario.net\\\/wp\\\/brianza\\\/aperta-expo-brianza-23-una-settimana-di-eventi-alla-fiera-tra-limbiate-e-bovisio\\\/#primaryimage\",\"url\":\"https:\\\/\\\/www.ilnotiziario.net\\\/wp\\\/wp-content\\\/uploads\\\/2023\\\/09\\\/Expo-Brianza-inaugurazione-2023-135.jpg\",\"contentUrl\":\"https:\\\/\\\/www.ilnotiziario.net\\\/wp\\\/wp-content\\\/uploads\\\/2023\\\/09\\\/Expo-Brianza-inaugurazione-2023-135.jpg\",\"width\":651,\"height\":434,\"caption\":\"Expo Brianza inaugurazione\"},{\"@type\":\"BreadcrumbList\",\"@id\":\"https:\\\/\\\/www.ilnotiziario.net\\\/wp\\\/brianza\\\/aperta-expo-brianza-23-una-settimana-di-eventi-alla-fiera-tra-limbiate-e-bovisio\\\/#breadcrumb\",\"itemListElement\":[{\"@type\":\"ListItem\",\"position\":1,\"name\":\"tds_text_logo_tagline_colortds_text_logo_tagline_colortds_text_logo_tagline_colortds_text_logo_tagline_colortd_module_7_title_excerpttd_module_7_title_excerpttd_module_7_title_excerpttd_module_7_title_excerptHome\",\"item\":\"https:\\\/\\\/www.ilnotiziario.net\\\/wp\\\/\"},{\"@type\":\"ListItem\",\"position\":2,\"name\":\"Aperta Expo Brianza 23, una settimana di eventi alla fiera tra Limbiate e Bovisio\"}]},{\"@type\":\"WebSite\",\"@id\":\"https:\\\/\\\/www.ilnotiziario.net\\\/wp\\\/#website\",\"url\":\"https:\\\/\\\/www.ilnotiziario.net\\\/wp\\\/\",\"name\":\"Il Notiziario\",\"description\":\"Per restare sempre connessi alla notizia\",\"publisher\":{\"@id\":\"https:\\\/\\\/www.ilnotiziario.net\\\/wp\\\/#organization\"},\"alternateName\":\"Il Notiziario Bollate\",\"potentialAction\":[{\"@type\":\"SearchAction\",\"target\":{\"@type\":\"EntryPoint\",\"urlTemplate\":\"https:\\\/\\\/www.ilnotiziario.net\\\/wp\\\/?s={search_term_string}\"},\"query-input\":{\"@type\":\"PropertyValueSpecification\",\"valueRequired\":true,\"valueName\":\"search_term_string\"}}],\"inLanguage\":\"it-IT\"},{\"@type\":\"Organization\",\"@id\":\"https:\\\/\\\/www.ilnotiziario.net\\\/wp\\\/#organization\",\"name\":\"Il Notiziario\",\"url\":\"https:\\\/\\\/www.ilnotiziario.net\\\/wp\\\/\",\"logo\":{\"@type\":\"ImageObject\",\"inLanguage\":\"it-IT\",\"@id\":\"https:\\\/\\\/www.ilnotiziario.net\\\/wp\\\/#\\\/schema\\\/logo\\\/image\\\/\",\"url\":\"https:\\\/\\\/www.ilnotiziario.net\\\/wp\\\/wp-content\\\/uploads\\\/2022\\\/06\\\/170x170ilN.png\",\"contentUrl\":\"https:\\\/\\\/www.ilnotiziario.net\\\/wp\\\/wp-content\\\/uploads\\\/2022\\\/06\\\/170x170ilN.png\",\"width\":355,\"height\":355,\"caption\":\"Il Notiziario\"},\"image\":{\"@id\":\"https:\\\/\\\/www.ilnotiziario.net\\\/wp\\\/#\\\/schema\\\/logo\\\/image\\\/\"},\"sameAs\":[\"https:\\\/\\\/www.facebook.com\\\/ilnotiziarioind\\\/\",\"https:\\\/\\\/x.com\\\/ilNotiziarioInd\",\"https:\\\/\\\/www.instagram.com\\\/ilnotiziario_settimanale\\\/\"]},{\"@type\":\"Person\",\"@id\":\"https:\\\/\\\/www.ilnotiziario.net\\\/wp\\\/#\\\/schema\\\/person\\\/386e222908f898bb41c033989482bbf2\",\"name\":\"Gabriele Bassani\",\"image\":{\"@type\":\"ImageObject\",\"inLanguage\":\"it-IT\",\"@id\":\"https:\\\/\\\/secure.gravatar.com\\\/avatar\\\/09274f4a84fa97698bde56f84b3afed61c8492d48b0550db9671b68c177479cb?s=96&d=mm&r=g\",\"url\":\"https:\\\/\\\/secure.gravatar.com\\\/avatar\\\/09274f4a84fa97698bde56f84b3afed61c8492d48b0550db9671b68c177479cb?s=96&d=mm&r=g\",\"contentUrl\":\"https:\\\/\\\/secure.gravatar.com\\\/avatar\\\/09274f4a84fa97698bde56f84b3afed61c8492d48b0550db9671b68c177479cb?s=96&d=mm&r=g\",\"caption\":\"Gabriele Bassani\"},\"sameAs\":[\"http:\\\/\\\/www.ilnotiziario.net\"]}]}<\/script>\n<!-- \/ Yoast SEO plugin. -->","yoast_head_json":{"title":"Aperta Expo Brianza 23, una settimana di eventi alla fiera tra Limbiate e Bovisio - Il Notiziario","description":"Si \u00e8 aperta ufficialmente ieri pomeriggio la 40esima edizione di Expo Brianza, la fiera campionaria allestita nella maxi tensostruttura di Bovisio","robots":{"index":"index","follow":"follow","max-snippet":"max-snippet:-1","max-image-preview":"max-image-preview:large","max-video-preview":"max-video-preview:-1"},"canonical":"https:\/\/www.ilnotiziario.net\/wp\/brianza\/aperta-expo-brianza-23-una-settimana-di-eventi-alla-fiera-tra-limbiate-e-bovisio\/","og_locale":"it_IT","og_type":"article","og_title":"Aperta Expo Brianza 23, una settimana di eventi alla fiera tra Limbiate e Bovisio - Il Notiziario","og_description":"Si \u00e8 aperta ufficialmente ieri pomeriggio la 40esima edizione di Expo Brianza, la fiera campionaria allestita nella maxi tensostruttura di Bovisio","og_url":"https:\/\/www.ilnotiziario.net\/wp\/brianza\/aperta-expo-brianza-23-una-settimana-di-eventi-alla-fiera-tra-limbiate-e-bovisio\/","og_site_name":"Il Notiziario","article_publisher":"https:\/\/www.facebook.com\/ilnotiziarioind\/","article_published_time":"2023-09-24T06:52:59+00:00","article_modified_time":"2023-09-24T09:25:17+00:00","og_image":[{"width":651,"height":434,"url":"https:\/\/www.ilnotiziario.net\/wp\/wp-content\/uploads\/2023\/09\/Expo-Brianza-inaugurazione-2023-135.jpg","type":"image\/jpeg"}],"author":"Gabriele Bassani","twitter_card":"summary_large_image","twitter_creator":"@ilNotiziarioInd","twitter_site":"@ilNotiziarioInd","twitter_misc":{"Scritto da":"Gabriele Bassani","Tempo di lettura stimato":"3 minuti"},"schema":{"@context":"https:\/\/schema.org","@graph":[{"@type":"Article","@id":"https:\/\/www.ilnotiziario.net\/wp\/brianza\/aperta-expo-brianza-23-una-settimana-di-eventi-alla-fiera-tra-limbiate-e-bovisio\/#article","isPartOf":{"@id":"https:\/\/www.ilnotiziario.net\/wp\/brianza\/aperta-expo-brianza-23-una-settimana-di-eventi-alla-fiera-tra-limbiate-e-bovisio\/"},"author":{"name":"Gabriele Bassani","@id":"https:\/\/www.ilnotiziario.net\/wp\/#\/schema\/person\/386e222908f898bb41c033989482bbf2"},"headline":"Aperta Expo Brianza 23, una settimana di eventi alla fiera tra Limbiate e Bovisio","datePublished":"2023-09-24T06:52:59+00:00","dateModified":"2023-09-24T09:25:17+00:00","mainEntityOfPage":{"@id":"https:\/\/www.ilnotiziario.net\/wp\/brianza\/aperta-expo-brianza-23-una-settimana-di-eventi-alla-fiera-tra-limbiate-e-bovisio\/"},"wordCount":436,"publisher":{"@id":"https:\/\/www.ilnotiziario.net\/wp\/#organization"},"image":{"@id":"https:\/\/www.ilnotiziario.net\/wp\/brianza\/aperta-expo-brianza-23-una-settimana-di-eventi-alla-fiera-tra-limbiate-e-bovisio\/#primaryimage"},"thumbnailUrl":"https:\/\/www.ilnotiziario.net\/wp\/wp-content\/uploads\/2023\/09\/Expo-Brianza-inaugurazione-2023-135.jpg","keywords":["Expo Brianza","fiera","Limbiate","programma"],"articleSection":["APPUNTAMENTI","BRIANZA","Prima Pagina"],"inLanguage":"it-IT"},{"@type":"WebPage","@id":"https:\/\/www.ilnotiziario.net\/wp\/brianza\/aperta-expo-brianza-23-una-settimana-di-eventi-alla-fiera-tra-limbiate-e-bovisio\/","url":"https:\/\/www.ilnotiziario.net\/wp\/brianza\/aperta-expo-brianza-23-una-settimana-di-eventi-alla-fiera-tra-limbiate-e-bovisio\/","name":"Aperta Expo Brianza 23, una settimana di eventi alla fiera tra Limbiate e Bovisio - Il Notiziario","isPartOf":{"@id":"https:\/\/www.ilnotiziario.net\/wp\/#website"},"primaryImageOfPage":{"@id":"https:\/\/www.ilnotiziario.net\/wp\/brianza\/aperta-expo-brianza-23-una-settimana-di-eventi-alla-fiera-tra-limbiate-e-bovisio\/#primaryimage"},"image":{"@id":"https:\/\/www.ilnotiziario.net\/wp\/brianza\/aperta-expo-brianza-23-una-settimana-di-eventi-alla-fiera-tra-limbiate-e-bovisio\/#primaryimage"},"thumbnailUrl":"https:\/\/www.ilnotiziario.net\/wp\/wp-content\/uploads\/2023\/09\/Expo-Brianza-inaugurazione-2023-135.jpg","datePublished":"2023-09-24T06:52:59+00:00","dateModified":"2023-09-24T09:25:17+00:00","description":"Si \u00e8 aperta ufficialmente ieri pomeriggio la 40esima edizione di Expo Brianza, la fiera campionaria allestita nella maxi tensostruttura di Bovisio","breadcrumb":{"@id":"https:\/\/www.ilnotiziario.net\/wp\/brianza\/aperta-expo-brianza-23-una-settimana-di-eventi-alla-fiera-tra-limbiate-e-bovisio\/#breadcrumb"},"inLanguage":"it-IT","potentialAction":[{"@type":"ReadAction","target":["https:\/\/www.ilnotiziario.net\/wp\/brianza\/aperta-expo-brianza-23-una-settimana-di-eventi-alla-fiera-tra-limbiate-e-bovisio\/"]}]},{"@type":"ImageObject","inLanguage":"it-IT","@id":"https:\/\/www.ilnotiziario.net\/wp\/brianza\/aperta-expo-brianza-23-una-settimana-di-eventi-alla-fiera-tra-limbiate-e-bovisio\/#primaryimage","url":"https:\/\/www.ilnotiziario.net\/wp\/wp-content\/uploads\/2023\/09\/Expo-Brianza-inaugurazione-2023-135.jpg","contentUrl":"https:\/\/www.ilnotiziario.net\/wp\/wp-content\/uploads\/2023\/09\/Expo-Brianza-inaugurazione-2023-135.jpg","width":651,"height":434,"caption":"Expo Brianza inaugurazione"},{"@type":"BreadcrumbList","@id":"https:\/\/www.ilnotiziario.net\/wp\/brianza\/aperta-expo-brianza-23-una-settimana-di-eventi-alla-fiera-tra-limbiate-e-bovisio\/#breadcrumb","itemListElement":[{"@type":"ListItem","position":1,"name":"tds_text_logo_tagline_colortds_text_logo_tagline_colortds_text_logo_tagline_colortds_text_logo_tagline_colortd_module_7_title_excerpttd_module_7_title_excerpttd_module_7_title_excerpttd_module_7_title_excerptHome","item":"https:\/\/www.ilnotiziario.net\/wp\/"},{"@type":"ListItem","position":2,"name":"Aperta Expo Brianza 23, una settimana di eventi alla fiera tra Limbiate e Bovisio"}]},{"@type":"WebSite","@id":"https:\/\/www.ilnotiziario.net\/wp\/#website","url":"https:\/\/www.ilnotiziario.net\/wp\/","name":"Il Notiziario","description":"Per restare sempre connessi alla notizia","publisher":{"@id":"https:\/\/www.ilnotiziario.net\/wp\/#organization"},"alternateName":"Il Notiziario Bollate","potentialAction":[{"@type":"SearchAction","target":{"@type":"EntryPoint","urlTemplate":"https:\/\/www.ilnotiziario.net\/wp\/?s={search_term_string}"},"query-input":{"@type":"PropertyValueSpecification","valueRequired":true,"valueName":"search_term_string"}}],"inLanguage":"it-IT"},{"@type":"Organization","@id":"https:\/\/www.ilnotiziario.net\/wp\/#organization","name":"Il Notiziario","url":"https:\/\/www.ilnotiziario.net\/wp\/","logo":{"@type":"ImageObject","inLanguage":"it-IT","@id":"https:\/\/www.ilnotiziario.net\/wp\/#\/schema\/logo\/image\/","url":"https:\/\/www.ilnotiziario.net\/wp\/wp-content\/uploads\/2022\/06\/170x170ilN.png","contentUrl":"https:\/\/www.ilnotiziario.net\/wp\/wp-content\/uploads\/2022\/06\/170x170ilN.png","width":355,"height":355,"caption":"Il Notiziario"},"image":{"@id":"https:\/\/www.ilnotiziario.net\/wp\/#\/schema\/logo\/image\/"},"sameAs":["https:\/\/www.facebook.com\/ilnotiziarioind\/","https:\/\/x.com\/ilNotiziarioInd","https:\/\/www.instagram.com\/ilnotiziario_settimanale\/"]},{"@type":"Person","@id":"https:\/\/www.ilnotiziario.net\/wp\/#\/schema\/person\/386e222908f898bb41c033989482bbf2","name":"Gabriele Bassani","image":{"@type":"ImageObject","inLanguage":"it-IT","@id":"https:\/\/secure.gravatar.com\/avatar\/09274f4a84fa97698bde56f84b3afed61c8492d48b0550db9671b68c177479cb?s=96&d=mm&r=g","url":"https:\/\/secure.gravatar.com\/avatar\/09274f4a84fa97698bde56f84b3afed61c8492d48b0550db9671b68c177479cb?s=96&d=mm&r=g","contentUrl":"https:\/\/secure.gravatar.com\/avatar\/09274f4a84fa97698bde56f84b3afed61c8492d48b0550db9671b68c177479cb?s=96&d=mm&r=g","caption":"Gabriele Bassani"},"sameAs":["http:\/\/www.ilnotiziario.net"]}]}},"_links":{"self":[{"href":"https:\/\/www.ilnotiziario.net\/wp\/wp-json\/wp\/v2\/posts\/188324","targetHints":{"allow":["GET"]}}],"collection":[{"href":"https:\/\/www.ilnotiziario.net\/wp\/wp-json\/wp\/v2\/posts"}],"about":[{"href":"https:\/\/www.ilnotiziario.net\/wp\/wp-json\/wp\/v2\/types\/post"}],"author":[{"embeddable":true,"href":"https:\/\/www.ilnotiziario.net\/wp\/wp-json\/wp\/v2\/users\/3"}],"replies":[{"embeddable":true,"href":"https:\/\/www.ilnotiziario.net\/wp\/wp-json\/wp\/v2\/comments?post=188324"}],"version-history":[{"count":0,"href":"https:\/\/www.ilnotiziario.net\/wp\/wp-json\/wp\/v2\/posts\/188324\/revisions"}],"wp:featuredmedia":[{"embeddable":true,"href":"https:\/\/www.ilnotiziario.net\/wp\/wp-json\/wp\/v2\/media\/188325"}],"wp:attachment":[{"href":"https:\/\/www.ilnotiziario.net\/wp\/wp-json\/wp\/v2\/media?parent=188324"}],"wp:term":[{"taxonomy":"category","embeddable":true,"href":"https:\/\/www.ilnotiziario.net\/wp\/wp-json\/wp\/v2\/categories?post=188324"},{"taxonomy":"post_tag","embeddable":true,"href":"https:\/\/www.ilnotiziario.net\/wp\/wp-json\/wp\/v2\/tags?post=188324"}],"curies":[{"name":"wp","href":"https:\/\/api.w.org\/{rel}","templated":true}]}}