{"id":188906,"date":"2023-10-12T09:07:46","date_gmt":"2023-10-12T07:07:46","guid":{"rendered":"https:\/\/www.ilnotiziario.net\/wp\/?p=188906"},"modified":"2023-10-12T09:07:46","modified_gmt":"2023-10-12T07:07:46","slug":"paderno-passerella-ciclopedonale-chiusa","status":"publish","type":"post","link":"https:\/\/www.ilnotiziario.net\/wp\/prima-pagina\/paderno-passerella-ciclopedonale-chiusa\/","title":{"rendered":"Paderno, passerella ciclopedonale chiusa: riprendono le demolizioni sulla ferrovia"},"content":{"rendered":"<p>Da met\u00e0 ottobre riprenderanno i lavori anche di notte per la demolizione della passerella ciclopedonale di Paderno Dugnano chiusa ormai da 5 anni. Il cantiere dopo una lungo travaglio di sospensioni e riprese \u00e8 destinato a entrate in una nuova fase.<\/p><div id=\"ilnot-4172008003\" class=\"ilnot-contenuto ilnot-entity-placement\"><p><!-- incontent_1 --><\/p>\n<div class=\"gptslot\" data-adunitid=\"1\"><\/div>\n<\/div>\n<h2>Passerella ciclopedonale chiusa a Paderno: riprendono i lavori<\/h2>\n<p>Da questa settimana qualcosa inizia a muoversi di nuovo nel cantiere all\u2019interno del parco del Seveso. La passerella ciclopedonale <a href=\"https:\/\/www.ilnotiziario.net\/wp\/nord-milano\/paderno-demolita-passerella-seveso-palazzolo\/\">\u00e8 chiusa dall\u2019estate 2019<\/a> per problemi strutturali che hanno portato al collasso di gran parte del parapetto. Nonostante l\u2019avvio dei lavori per la parziale demolizione, un anno fa sono emersi <a href=\"https:\/\/www.ilnotiziario.net\/wp\/nord-milano\/passerella-chiusa-paderno-lavori\/\">ulteriori problemi<\/a> che hanno messo in dubbio la tenuta anche della parte di struttura non interessata ai cedimenti. Da qualche giorno gli operai sono tornati in via Bixio per predisporre le aree che da met\u00e0 ottobre riceveranno una gru adatta per la demolizione delle ultime parti esistenti della passerella. A fine settembre anche Daniela Caputo si \u00e8 interessata in prima persona nel contesto della Citt\u00e0 Metropolitana che \u00e8 proprietaria della struttura.<\/p>\n<h2>Demolizioni di notte dalla prossima settimana alla passerella<\/h2>\n<p>Le demolizioni saranno realizzate di notte nella settimana tra il 16 e il 20 ottobre dopo il transito dell\u2019ultimo treno. Il nuovo progetto prevede la realizzazione di una passerella ciclopedonale uguale a quella esistente, ma con materiali differenti che necessitano di poca manutenzione. Al posto del legno sar\u00e0 utilizzato l\u2019acciaio zincato che non richiede trattamenti n\u00e9 manutenzione a causa dell\u2019ambiente molto umido quale \u00e8 il parco del Seveso. Invece, verranno mantenute le pile della passerella originaria, in quanto ritenute in buono stato e adatta alla nuova struttura. Verranno realizzate completamente nuove le travi rettilinee e quelle in curva. Le operazioni partiranno direttamente in officina per poi essere trasferite in cantiere dove verranno assemblate e poi varate.<\/p><div id=\"ilnot-3679214091\" class=\"ilnot-contenuto_2 ilnot-entity-placement\"><div class=\"ads-wrapper\">\n<div class=\"ad-slot\">\n   <div id=\"ilnot-2511017105\" style=\"margin-right: auto;margin-left: auto;text-align: center;width: 320px;height: 100px;\"><a href=\"https:\/\/www.scuolasicurezza.it\/\"><img decoding=\"async\" src=\"https:\/\/www.ilnotiziario.net\/wp\/wp-content\/uploads\/2026\/04\/IlNotiziario_banner-sito-e-newsletter-320-x-100-px-1.gif\" alt=\"\"><\/a><\/div>\n  <\/div>\n<div class=\"ad-slot\">\n   <div id=\"ilnot-3596449966\" style=\"margin-right: auto;margin-left: auto;text-align: center;width: 320px;height: 100px;\"><a href=\"https:\/\/purodesignarredamenti.com\/\"><img decoding=\"async\" src=\"https:\/\/www.ilnotiziario.net\/wp\/wp-content\/uploads\/2026\/04\/banner-puro-ok.gif\" alt=\"whatsapp\"><\/a><\/div><\/p><\/div>\n<\/div>\n<\/div>\n<h2>I tempi per la realizzazione della nuova passerella ciclopedonale a Palazzolo<\/h2>\n<p>La passerella \u00e8 chiusa ormai da oltre 4 anni e mezzo e anche in questo cantiere i tempi di realizzazione sono sempre stati una grande incognita. Con le nuove operazioni \u00e8 prevista la conclusione del montaggio del ponte con la prossima primavera che non coincider\u00e0 con la sua apertura. Infatti, sar\u00e0 poi prevista la realizzazione di rivestimenti, pavimentazioni e di quanto necessario per avere l\u2019opera terminata. Infatti fino ad aprile \u00e8 prevista la realizzazione e il montaggio delle varie parti di manufatto. Questa impresa tuttavia terminer\u00e0 il contratto nel mese di luglio del prossimo anno. Poi ne subentrer\u00e0 una seconda che realizzer\u00e0 le due parti in rilevato e le asfaltature finali. Quindi si pu\u00f2 prevedere che il cantirere proseguir\u00e0 almeno fino alla prossima estate, salvo ulteriori contrattempi e ritardi.<span class=\"Apple-converted-space\">&nbsp;<\/span><\/p>\n","protected":false},"excerpt":{"rendered":"<p>Da met\u00e0 ottobre riprenderanno i lavori anche di notte per la demolizione della passerella ciclopedonale di Paderno Dugnano chiusa ormai da 5 anni. Il cantiere dopo una lungo travaglio di sospensioni e riprese \u00e8 destinato a entrate in una nuova fase. Passerella ciclopedonale chiusa a Paderno: riprendono i lavori Da questa settimana qualcosa inizia a<\/p>\n","protected":false},"author":7,"featured_media":161913,"comment_status":"closed","ping_status":"closed","sticky":false,"template":"","format":"standard","meta":{"footnotes":""},"categories":[11,20],"tags":[39,1850,16021,9460],"class_list":{"0":"post-188906","1":"post","2":"type-post","3":"status-publish","4":"format-standard","5":"has-post-thumbnail","7":"category-nord-milano","8":"category-prima-pagina","9":"tag-paderno-dugnano","10":"tag-palazzolo","11":"tag-parco-del-seveso","12":"tag-passerella-ciclopedonale"},"yoast_head":"<!-- This site is optimized with the Yoast SEO plugin v27.4 - https:\/\/yoast.com\/product\/yoast-seo-wordpress\/ -->\n<title>Paderno, passerella ciclopedonale chiusa: riprendono le demolizioni sulla ferrovia<\/title>\n<meta name=\"description\" content=\"Da met\u00e0 ottobre riprenderanno i lavori anche di notte per la demolizione della passerella ciclopedonale chiusa a Paderno Dugnano\" \/>\n<meta name=\"robots\" content=\"index, follow, max-snippet:-1, max-image-preview:large, max-video-preview:-1\" \/>\n<link rel=\"canonical\" href=\"https:\/\/www.ilnotiziario.net\/wp\/prima-pagina\/paderno-passerella-ciclopedonale-chiusa\/\" \/>\n<meta property=\"og:locale\" content=\"it_IT\" \/>\n<meta property=\"og:type\" content=\"article\" \/>\n<meta property=\"og:title\" content=\"Paderno, passerella ciclopedonale chiusa: riprendono le demolizioni sulla ferrovia\" \/>\n<meta property=\"og:description\" content=\"Da met\u00e0 ottobre riprenderanno i lavori anche di notte per la demolizione della passerella ciclopedonale chiusa a Paderno Dugnano\" \/>\n<meta property=\"og:url\" content=\"https:\/\/www.ilnotiziario.net\/wp\/prima-pagina\/paderno-passerella-ciclopedonale-chiusa\/\" \/>\n<meta property=\"og:site_name\" content=\"Il Notiziario\" \/>\n<meta property=\"article:publisher\" content=\"https:\/\/www.facebook.com\/ilnotiziarioind\/\" \/>\n<meta property=\"article:published_time\" content=\"2023-10-12T07:07:46+00:00\" \/>\n<meta property=\"og:image\" content=\"https:\/\/www.ilnotiziario.net\/wp\/wp-content\/uploads\/2022\/02\/passerella-paderno-3.jpg\" \/>\n\t<meta property=\"og:image:width\" content=\"1600\" \/>\n\t<meta property=\"og:image:height\" content=\"720\" \/>\n\t<meta property=\"og:image:type\" content=\"image\/jpeg\" \/>\n<meta name=\"author\" content=\"Simone Carcano\" \/>\n<meta name=\"twitter:card\" content=\"summary_large_image\" \/>\n<meta name=\"twitter:creator\" content=\"@simone_carcano\" \/>\n<meta name=\"twitter:site\" content=\"@ilNotiziarioInd\" \/>\n<meta name=\"twitter:label1\" content=\"Scritto da\" \/>\n\t<meta name=\"twitter:data1\" content=\"Simone Carcano\" \/>\n\t<meta name=\"twitter:label2\" content=\"Tempo di lettura stimato\" \/>\n\t<meta name=\"twitter:data2\" content=\"3 minuti\" \/>\n<script type=\"application\/ld+json\" class=\"yoast-schema-graph\">{\"@context\":\"https:\\\/\\\/schema.org\",\"@graph\":[{\"@type\":\"Article\",\"@id\":\"https:\\\/\\\/www.ilnotiziario.net\\\/wp\\\/prima-pagina\\\/paderno-passerella-ciclopedonale-chiusa\\\/#article\",\"isPartOf\":{\"@id\":\"https:\\\/\\\/www.ilnotiziario.net\\\/wp\\\/prima-pagina\\\/paderno-passerella-ciclopedonale-chiusa\\\/\"},\"author\":{\"name\":\"Simone Carcano\",\"@id\":\"https:\\\/\\\/www.ilnotiziario.net\\\/wp\\\/#\\\/schema\\\/person\\\/c218ad0865f96bfe2c1c2cfa719653f7\"},\"headline\":\"Paderno, passerella ciclopedonale chiusa: riprendono le demolizioni sulla ferrovia\",\"datePublished\":\"2023-10-12T07:07:46+00:00\",\"mainEntityOfPage\":{\"@id\":\"https:\\\/\\\/www.ilnotiziario.net\\\/wp\\\/prima-pagina\\\/paderno-passerella-ciclopedonale-chiusa\\\/\"},\"wordCount\":437,\"publisher\":{\"@id\":\"https:\\\/\\\/www.ilnotiziario.net\\\/wp\\\/#organization\"},\"image\":{\"@id\":\"https:\\\/\\\/www.ilnotiziario.net\\\/wp\\\/prima-pagina\\\/paderno-passerella-ciclopedonale-chiusa\\\/#primaryimage\"},\"thumbnailUrl\":\"https:\\\/\\\/www.ilnotiziario.net\\\/wp\\\/wp-content\\\/uploads\\\/2022\\\/02\\\/passerella-paderno-3.jpg\",\"keywords\":[\"Paderno Dugnano\",\"Palazzolo\",\"Parco del Seveso\",\"Passerella ciclopedonale\"],\"articleSection\":[\"NORD MILANO\",\"Prima Pagina\"],\"inLanguage\":\"it-IT\"},{\"@type\":\"WebPage\",\"@id\":\"https:\\\/\\\/www.ilnotiziario.net\\\/wp\\\/prima-pagina\\\/paderno-passerella-ciclopedonale-chiusa\\\/\",\"url\":\"https:\\\/\\\/www.ilnotiziario.net\\\/wp\\\/prima-pagina\\\/paderno-passerella-ciclopedonale-chiusa\\\/\",\"name\":\"Paderno, passerella ciclopedonale chiusa: riprendono le demolizioni sulla ferrovia\",\"isPartOf\":{\"@id\":\"https:\\\/\\\/www.ilnotiziario.net\\\/wp\\\/#website\"},\"primaryImageOfPage\":{\"@id\":\"https:\\\/\\\/www.ilnotiziario.net\\\/wp\\\/prima-pagina\\\/paderno-passerella-ciclopedonale-chiusa\\\/#primaryimage\"},\"image\":{\"@id\":\"https:\\\/\\\/www.ilnotiziario.net\\\/wp\\\/prima-pagina\\\/paderno-passerella-ciclopedonale-chiusa\\\/#primaryimage\"},\"thumbnailUrl\":\"https:\\\/\\\/www.ilnotiziario.net\\\/wp\\\/wp-content\\\/uploads\\\/2022\\\/02\\\/passerella-paderno-3.jpg\",\"datePublished\":\"2023-10-12T07:07:46+00:00\",\"description\":\"Da met\u00e0 ottobre riprenderanno i lavori anche di notte per la demolizione della passerella ciclopedonale chiusa a Paderno Dugnano\",\"breadcrumb\":{\"@id\":\"https:\\\/\\\/www.ilnotiziario.net\\\/wp\\\/prima-pagina\\\/paderno-passerella-ciclopedonale-chiusa\\\/#breadcrumb\"},\"inLanguage\":\"it-IT\",\"potentialAction\":[{\"@type\":\"ReadAction\",\"target\":[\"https:\\\/\\\/www.ilnotiziario.net\\\/wp\\\/prima-pagina\\\/paderno-passerella-ciclopedonale-chiusa\\\/\"]}]},{\"@type\":\"ImageObject\",\"inLanguage\":\"it-IT\",\"@id\":\"https:\\\/\\\/www.ilnotiziario.net\\\/wp\\\/prima-pagina\\\/paderno-passerella-ciclopedonale-chiusa\\\/#primaryimage\",\"url\":\"https:\\\/\\\/www.ilnotiziario.net\\\/wp\\\/wp-content\\\/uploads\\\/2022\\\/02\\\/passerella-paderno-3.jpg\",\"contentUrl\":\"https:\\\/\\\/www.ilnotiziario.net\\\/wp\\\/wp-content\\\/uploads\\\/2022\\\/02\\\/passerella-paderno-3.jpg\",\"width\":1600,\"height\":720},{\"@type\":\"BreadcrumbList\",\"@id\":\"https:\\\/\\\/www.ilnotiziario.net\\\/wp\\\/prima-pagina\\\/paderno-passerella-ciclopedonale-chiusa\\\/#breadcrumb\",\"itemListElement\":[{\"@type\":\"ListItem\",\"position\":1,\"name\":\"tds_text_logo_tagline_colortds_text_logo_tagline_colortds_text_logo_tagline_colortds_text_logo_tagline_colortd_module_7_title_excerpttd_module_7_title_excerpttd_module_7_title_excerpttd_module_7_title_excerptHome\",\"item\":\"https:\\\/\\\/www.ilnotiziario.net\\\/wp\\\/\"},{\"@type\":\"ListItem\",\"position\":2,\"name\":\"Paderno, passerella ciclopedonale chiusa: riprendono le demolizioni sulla ferrovia\"}]},{\"@type\":\"WebSite\",\"@id\":\"https:\\\/\\\/www.ilnotiziario.net\\\/wp\\\/#website\",\"url\":\"https:\\\/\\\/www.ilnotiziario.net\\\/wp\\\/\",\"name\":\"Il Notiziario\",\"description\":\"Per restare sempre connessi alla notizia\",\"publisher\":{\"@id\":\"https:\\\/\\\/www.ilnotiziario.net\\\/wp\\\/#organization\"},\"alternateName\":\"Il Notiziario Bollate\",\"potentialAction\":[{\"@type\":\"SearchAction\",\"target\":{\"@type\":\"EntryPoint\",\"urlTemplate\":\"https:\\\/\\\/www.ilnotiziario.net\\\/wp\\\/?s={search_term_string}\"},\"query-input\":{\"@type\":\"PropertyValueSpecification\",\"valueRequired\":true,\"valueName\":\"search_term_string\"}}],\"inLanguage\":\"it-IT\"},{\"@type\":\"Organization\",\"@id\":\"https:\\\/\\\/www.ilnotiziario.net\\\/wp\\\/#organization\",\"name\":\"Il Notiziario\",\"url\":\"https:\\\/\\\/www.ilnotiziario.net\\\/wp\\\/\",\"logo\":{\"@type\":\"ImageObject\",\"inLanguage\":\"it-IT\",\"@id\":\"https:\\\/\\\/www.ilnotiziario.net\\\/wp\\\/#\\\/schema\\\/logo\\\/image\\\/\",\"url\":\"https:\\\/\\\/www.ilnotiziario.net\\\/wp\\\/wp-content\\\/uploads\\\/2022\\\/06\\\/170x170ilN.png\",\"contentUrl\":\"https:\\\/\\\/www.ilnotiziario.net\\\/wp\\\/wp-content\\\/uploads\\\/2022\\\/06\\\/170x170ilN.png\",\"width\":355,\"height\":355,\"caption\":\"Il Notiziario\"},\"image\":{\"@id\":\"https:\\\/\\\/www.ilnotiziario.net\\\/wp\\\/#\\\/schema\\\/logo\\\/image\\\/\"},\"sameAs\":[\"https:\\\/\\\/www.facebook.com\\\/ilnotiziarioind\\\/\",\"https:\\\/\\\/x.com\\\/ilNotiziarioInd\",\"https:\\\/\\\/www.instagram.com\\\/ilnotiziario_settimanale\\\/\"]},{\"@type\":\"Person\",\"@id\":\"https:\\\/\\\/www.ilnotiziario.net\\\/wp\\\/#\\\/schema\\\/person\\\/c218ad0865f96bfe2c1c2cfa719653f7\",\"name\":\"Simone Carcano\",\"image\":{\"@type\":\"ImageObject\",\"inLanguage\":\"it-IT\",\"@id\":\"https:\\\/\\\/secure.gravatar.com\\\/avatar\\\/5e677023cff2c47e9f7a896b9157a46e18bd36e7c4d000a1726bb730be7d38bb?s=96&d=mm&r=g\",\"url\":\"https:\\\/\\\/secure.gravatar.com\\\/avatar\\\/5e677023cff2c47e9f7a896b9157a46e18bd36e7c4d000a1726bb730be7d38bb?s=96&d=mm&r=g\",\"contentUrl\":\"https:\\\/\\\/secure.gravatar.com\\\/avatar\\\/5e677023cff2c47e9f7a896b9157a46e18bd36e7c4d000a1726bb730be7d38bb?s=96&d=mm&r=g\",\"caption\":\"Simone Carcano\"},\"sameAs\":[\"http:\\\/\\\/www.ilnotiziario.net\",\"https:\\\/\\\/x.com\\\/@simone_carcano\"]}]}<\/script>\n<!-- \/ Yoast SEO plugin. -->","yoast_head_json":{"title":"Paderno, passerella ciclopedonale chiusa: riprendono le demolizioni sulla ferrovia","description":"Da met\u00e0 ottobre riprenderanno i lavori anche di notte per la demolizione della passerella ciclopedonale chiusa a Paderno Dugnano","robots":{"index":"index","follow":"follow","max-snippet":"max-snippet:-1","max-image-preview":"max-image-preview:large","max-video-preview":"max-video-preview:-1"},"canonical":"https:\/\/www.ilnotiziario.net\/wp\/prima-pagina\/paderno-passerella-ciclopedonale-chiusa\/","og_locale":"it_IT","og_type":"article","og_title":"Paderno, passerella ciclopedonale chiusa: riprendono le demolizioni sulla ferrovia","og_description":"Da met\u00e0 ottobre riprenderanno i lavori anche di notte per la demolizione della passerella ciclopedonale chiusa a Paderno Dugnano","og_url":"https:\/\/www.ilnotiziario.net\/wp\/prima-pagina\/paderno-passerella-ciclopedonale-chiusa\/","og_site_name":"Il Notiziario","article_publisher":"https:\/\/www.facebook.com\/ilnotiziarioind\/","article_published_time":"2023-10-12T07:07:46+00:00","og_image":[{"width":1600,"height":720,"url":"https:\/\/www.ilnotiziario.net\/wp\/wp-content\/uploads\/2022\/02\/passerella-paderno-3.jpg","type":"image\/jpeg"}],"author":"Simone Carcano","twitter_card":"summary_large_image","twitter_creator":"@simone_carcano","twitter_site":"@ilNotiziarioInd","twitter_misc":{"Scritto da":"Simone Carcano","Tempo di lettura stimato":"3 minuti"},"schema":{"@context":"https:\/\/schema.org","@graph":[{"@type":"Article","@id":"https:\/\/www.ilnotiziario.net\/wp\/prima-pagina\/paderno-passerella-ciclopedonale-chiusa\/#article","isPartOf":{"@id":"https:\/\/www.ilnotiziario.net\/wp\/prima-pagina\/paderno-passerella-ciclopedonale-chiusa\/"},"author":{"name":"Simone Carcano","@id":"https:\/\/www.ilnotiziario.net\/wp\/#\/schema\/person\/c218ad0865f96bfe2c1c2cfa719653f7"},"headline":"Paderno, passerella ciclopedonale chiusa: riprendono le demolizioni sulla ferrovia","datePublished":"2023-10-12T07:07:46+00:00","mainEntityOfPage":{"@id":"https:\/\/www.ilnotiziario.net\/wp\/prima-pagina\/paderno-passerella-ciclopedonale-chiusa\/"},"wordCount":437,"publisher":{"@id":"https:\/\/www.ilnotiziario.net\/wp\/#organization"},"image":{"@id":"https:\/\/www.ilnotiziario.net\/wp\/prima-pagina\/paderno-passerella-ciclopedonale-chiusa\/#primaryimage"},"thumbnailUrl":"https:\/\/www.ilnotiziario.net\/wp\/wp-content\/uploads\/2022\/02\/passerella-paderno-3.jpg","keywords":["Paderno Dugnano","Palazzolo","Parco del Seveso","Passerella ciclopedonale"],"articleSection":["NORD MILANO","Prima Pagina"],"inLanguage":"it-IT"},{"@type":"WebPage","@id":"https:\/\/www.ilnotiziario.net\/wp\/prima-pagina\/paderno-passerella-ciclopedonale-chiusa\/","url":"https:\/\/www.ilnotiziario.net\/wp\/prima-pagina\/paderno-passerella-ciclopedonale-chiusa\/","name":"Paderno, passerella ciclopedonale chiusa: riprendono le demolizioni sulla ferrovia","isPartOf":{"@id":"https:\/\/www.ilnotiziario.net\/wp\/#website"},"primaryImageOfPage":{"@id":"https:\/\/www.ilnotiziario.net\/wp\/prima-pagina\/paderno-passerella-ciclopedonale-chiusa\/#primaryimage"},"image":{"@id":"https:\/\/www.ilnotiziario.net\/wp\/prima-pagina\/paderno-passerella-ciclopedonale-chiusa\/#primaryimage"},"thumbnailUrl":"https:\/\/www.ilnotiziario.net\/wp\/wp-content\/uploads\/2022\/02\/passerella-paderno-3.jpg","datePublished":"2023-10-12T07:07:46+00:00","description":"Da met\u00e0 ottobre riprenderanno i lavori anche di notte per la demolizione della passerella ciclopedonale chiusa a Paderno Dugnano","breadcrumb":{"@id":"https:\/\/www.ilnotiziario.net\/wp\/prima-pagina\/paderno-passerella-ciclopedonale-chiusa\/#breadcrumb"},"inLanguage":"it-IT","potentialAction":[{"@type":"ReadAction","target":["https:\/\/www.ilnotiziario.net\/wp\/prima-pagina\/paderno-passerella-ciclopedonale-chiusa\/"]}]},{"@type":"ImageObject","inLanguage":"it-IT","@id":"https:\/\/www.ilnotiziario.net\/wp\/prima-pagina\/paderno-passerella-ciclopedonale-chiusa\/#primaryimage","url":"https:\/\/www.ilnotiziario.net\/wp\/wp-content\/uploads\/2022\/02\/passerella-paderno-3.jpg","contentUrl":"https:\/\/www.ilnotiziario.net\/wp\/wp-content\/uploads\/2022\/02\/passerella-paderno-3.jpg","width":1600,"height":720},{"@type":"BreadcrumbList","@id":"https:\/\/www.ilnotiziario.net\/wp\/prima-pagina\/paderno-passerella-ciclopedonale-chiusa\/#breadcrumb","itemListElement":[{"@type":"ListItem","position":1,"name":"tds_text_logo_tagline_colortds_text_logo_tagline_colortds_text_logo_tagline_colortds_text_logo_tagline_colortd_module_7_title_excerpttd_module_7_title_excerpttd_module_7_title_excerpttd_module_7_title_excerptHome","item":"https:\/\/www.ilnotiziario.net\/wp\/"},{"@type":"ListItem","position":2,"name":"Paderno, passerella ciclopedonale chiusa: riprendono le demolizioni sulla ferrovia"}]},{"@type":"WebSite","@id":"https:\/\/www.ilnotiziario.net\/wp\/#website","url":"https:\/\/www.ilnotiziario.net\/wp\/","name":"Il Notiziario","description":"Per restare sempre connessi alla notizia","publisher":{"@id":"https:\/\/www.ilnotiziario.net\/wp\/#organization"},"alternateName":"Il Notiziario Bollate","potentialAction":[{"@type":"SearchAction","target":{"@type":"EntryPoint","urlTemplate":"https:\/\/www.ilnotiziario.net\/wp\/?s={search_term_string}"},"query-input":{"@type":"PropertyValueSpecification","valueRequired":true,"valueName":"search_term_string"}}],"inLanguage":"it-IT"},{"@type":"Organization","@id":"https:\/\/www.ilnotiziario.net\/wp\/#organization","name":"Il Notiziario","url":"https:\/\/www.ilnotiziario.net\/wp\/","logo":{"@type":"ImageObject","inLanguage":"it-IT","@id":"https:\/\/www.ilnotiziario.net\/wp\/#\/schema\/logo\/image\/","url":"https:\/\/www.ilnotiziario.net\/wp\/wp-content\/uploads\/2022\/06\/170x170ilN.png","contentUrl":"https:\/\/www.ilnotiziario.net\/wp\/wp-content\/uploads\/2022\/06\/170x170ilN.png","width":355,"height":355,"caption":"Il Notiziario"},"image":{"@id":"https:\/\/www.ilnotiziario.net\/wp\/#\/schema\/logo\/image\/"},"sameAs":["https:\/\/www.facebook.com\/ilnotiziarioind\/","https:\/\/x.com\/ilNotiziarioInd","https:\/\/www.instagram.com\/ilnotiziario_settimanale\/"]},{"@type":"Person","@id":"https:\/\/www.ilnotiziario.net\/wp\/#\/schema\/person\/c218ad0865f96bfe2c1c2cfa719653f7","name":"Simone Carcano","image":{"@type":"ImageObject","inLanguage":"it-IT","@id":"https:\/\/secure.gravatar.com\/avatar\/5e677023cff2c47e9f7a896b9157a46e18bd36e7c4d000a1726bb730be7d38bb?s=96&d=mm&r=g","url":"https:\/\/secure.gravatar.com\/avatar\/5e677023cff2c47e9f7a896b9157a46e18bd36e7c4d000a1726bb730be7d38bb?s=96&d=mm&r=g","contentUrl":"https:\/\/secure.gravatar.com\/avatar\/5e677023cff2c47e9f7a896b9157a46e18bd36e7c4d000a1726bb730be7d38bb?s=96&d=mm&r=g","caption":"Simone Carcano"},"sameAs":["http:\/\/www.ilnotiziario.net","https:\/\/x.com\/@simone_carcano"]}]}},"_links":{"self":[{"href":"https:\/\/www.ilnotiziario.net\/wp\/wp-json\/wp\/v2\/posts\/188906","targetHints":{"allow":["GET"]}}],"collection":[{"href":"https:\/\/www.ilnotiziario.net\/wp\/wp-json\/wp\/v2\/posts"}],"about":[{"href":"https:\/\/www.ilnotiziario.net\/wp\/wp-json\/wp\/v2\/types\/post"}],"author":[{"embeddable":true,"href":"https:\/\/www.ilnotiziario.net\/wp\/wp-json\/wp\/v2\/users\/7"}],"replies":[{"embeddable":true,"href":"https:\/\/www.ilnotiziario.net\/wp\/wp-json\/wp\/v2\/comments?post=188906"}],"version-history":[{"count":0,"href":"https:\/\/www.ilnotiziario.net\/wp\/wp-json\/wp\/v2\/posts\/188906\/revisions"}],"wp:featuredmedia":[{"embeddable":true,"href":"https:\/\/www.ilnotiziario.net\/wp\/wp-json\/wp\/v2\/media\/161913"}],"wp:attachment":[{"href":"https:\/\/www.ilnotiziario.net\/wp\/wp-json\/wp\/v2\/media?parent=188906"}],"wp:term":[{"taxonomy":"category","embeddable":true,"href":"https:\/\/www.ilnotiziario.net\/wp\/wp-json\/wp\/v2\/categories?post=188906"},{"taxonomy":"post_tag","embeddable":true,"href":"https:\/\/www.ilnotiziario.net\/wp\/wp-json\/wp\/v2\/tags?post=188906"}],"curies":[{"name":"wp","href":"https:\/\/api.w.org\/{rel}","templated":true}]}}