{"id":189180,"date":"2023-10-15T15:41:56","date_gmt":"2023-10-15T13:41:56","guid":{"rendered":"https:\/\/www.ilnotiziario.net\/wp\/?p=189180"},"modified":"2023-10-15T15:51:29","modified_gmt":"2023-10-15T13:51:29","slug":"novate-inaugurati-passerella-ciclo-pedonale-e-mezzo-protezione-civile","status":"publish","type":"post","link":"https:\/\/www.ilnotiziario.net\/wp\/bollatese\/novate-inaugurati-passerella-ciclo-pedonale-e-mezzo-protezione-civile\/","title":{"rendered":"Novate, inaugurati passerella ciclo pedonale e mezzo Protezione\u00a0Civile"},"content":{"rendered":"<p>Una mattinata intensa quella che si \u00e8 vissuta oggi, domenica 15 ottobre, a Novate milanese, con due inaugurazioni.<\/p><div id=\"ilnot-2340131817\" class=\"ilnot-contenuto ilnot-entity-placement\"><p><!-- incontent_1 --><\/p>\n<div class=\"gptslot\" data-adunitid=\"1\"><\/div>\n<\/div>\n<div id='gallery-1' class='gallery galleryid-189180 gallery-columns-3 gallery-size-thumbnail'><figure class='gallery-item'>\n\t\t\t<div class='gallery-icon portrait'>\n\t\t\t\t<a href='https:\/\/www.ilnotiziario.net\/wp\/bollatese\/novate-inaugurati-passerella-ciclo-pedonale-e-mezzo-protezione-civile\/attachment\/foto3-2\/'><img decoding=\"async\" width=\"150\" height=\"150\" src=\"https:\/\/www.ilnotiziario.net\/wp\/wp-content\/uploads\/2023\/10\/foto3-150x150.jpeg\" class=\"attachment-thumbnail size-thumbnail\" alt=\"L&#039;inaugurazione del nuovo mezzo della protezione civile a Novate\" \/><\/a>\n\t\t\t<\/div><\/figure><figure class='gallery-item'>\n\t\t\t<div class='gallery-icon landscape'>\n\t\t\t\t<a href='https:\/\/www.ilnotiziario.net\/wp\/bollatese\/novate-inaugurati-passerella-ciclo-pedonale-e-mezzo-protezione-civile\/attachment\/foto2-2\/'><img decoding=\"async\" width=\"150\" height=\"150\" src=\"https:\/\/www.ilnotiziario.net\/wp\/wp-content\/uploads\/2023\/10\/foto2-150x150.jpeg\" class=\"attachment-thumbnail size-thumbnail\" alt=\"Passerella ciclopedonale Novate inaugurazione\" \/><\/a>\n\t\t\t<\/div><\/figure><figure class='gallery-item'>\n\t\t\t<div class='gallery-icon landscape'>\n\t\t\t\t<a href='https:\/\/www.ilnotiziario.net\/wp\/bollatese\/novate-inaugurati-passerella-ciclo-pedonale-e-mezzo-protezione-civile\/attachment\/foto1-2\/'><img decoding=\"async\" width=\"150\" height=\"150\" src=\"https:\/\/www.ilnotiziario.net\/wp\/wp-content\/uploads\/2023\/10\/foto1-150x150.jpeg\" class=\"attachment-thumbnail size-thumbnail\" alt=\"L&#039;inaugurazione della nuova passerella ciclopedonale a Novate\" \/><\/a>\n\t\t\t<\/div><\/figure>\n\t\t<\/div>\n\n<p>Al termine della messa festiva nella chiesa di San Gervaso e Protaso, sul sagrato della chiesa stessa si \u00e8 tenuta la presentazione del nuovo mezzo 4 \u00d7 4 in dotazione alla Protezione civile cittadina.<\/p>\n<p>Una volta conclusa questa inaugurazione, ci si \u00e8 spostati nella zona del centro natatorio Pol\u00ec dove, alla presenza delle autorit\u00e0 cittadine, \u00e8 stata aperta la nuova passerella ciclopedonale che scavalca la via Brodolini.<\/p><div id=\"ilnot-2943479618\" class=\"ilnot-contenuto_2 ilnot-entity-placement\"><div class=\"ads-wrapper\">\n<div class=\"ad-slot\">\n   <div id=\"ilnot-2807370959\" style=\"margin-right: auto;margin-left: auto;text-align: center;width: 320px;height: 100px;\"><a href=\"https:\/\/www.scuolasicurezza.it\/\"><img decoding=\"async\" src=\"https:\/\/www.ilnotiziario.net\/wp\/wp-content\/uploads\/2026\/04\/IlNotiziario_banner-sito-e-newsletter-320-x-100-px-1.gif\" alt=\"\"><\/a><\/div>\n  <\/div>\n<div class=\"ad-slot\">\n   <div id=\"ilnot-2671808937\" style=\"margin-right: auto;margin-left: auto;text-align: center;width: 320px;height: 100px;\"><a href=\"https:\/\/purodesignarredamenti.com\/\"><img decoding=\"async\" src=\"https:\/\/www.ilnotiziario.net\/wp\/wp-content\/uploads\/2026\/04\/banner-puro-ok.gif\" alt=\"whatsapp\"><\/a><\/div><\/p><\/div>\n<\/div>\n<\/div>\n<p>Questa nuova passerella in alluminio sostituisce quella vecchia che era fatta in legno e che era stata rimossa mesi fa a causa del suo deterioramento.<\/p>\n","protected":false},"excerpt":{"rendered":"<p>Una mattinata intensa quella che si \u00e8 vissuta oggi, domenica 15 ottobre, a Novate milanese, con due inaugurazioni. Al termine della messa festiva nella chiesa di San Gervaso e Protaso, sul sagrato della chiesa stessa si \u00e8 tenuta la presentazione del nuovo mezzo 4 \u00d7 4 in dotazione alla Protezione civile cittadina. Una volta conclusa<\/p>\n","protected":false},"author":223159,"featured_media":189182,"comment_status":"closed","ping_status":"closed","sticky":false,"template":"","format":"gallery","meta":{"footnotes":""},"categories":[8],"tags":[2098,172,9460,934],"class_list":{"0":"post-189180","1":"post","2":"type-post","3":"status-publish","4":"format-gallery","5":"has-post-thumbnail","7":"category-bollatese","8":"tag-inaugurazione","9":"tag-novate","10":"tag-passerella-ciclopedonale","11":"tag-protezione-civile","12":"post_format-post-format-gallery"},"yoast_head":"<!-- This site is optimized with the Yoast SEO plugin v27.4 - https:\/\/yoast.com\/product\/yoast-seo-wordpress\/ -->\n<title>Novate, inaugurati passerella ciclo pedonale e mezzo Protezione\u00a0Civile - Il Notiziario<\/title>\n<meta name=\"description\" content=\"Una mattinata intensa quella che si \u00e8 vissuta oggi, domenica 15 ottobre, a Novate milanese, con due inaugurazioni. Al termine della messa festiva nella\" \/>\n<meta name=\"robots\" content=\"index, follow, max-snippet:-1, max-image-preview:large, max-video-preview:-1\" \/>\n<link rel=\"canonical\" href=\"https:\/\/www.ilnotiziario.net\/wp\/bollatese\/novate-inaugurati-passerella-ciclo-pedonale-e-mezzo-protezione-civile\/\" \/>\n<meta property=\"og:locale\" content=\"it_IT\" \/>\n<meta property=\"og:type\" content=\"article\" \/>\n<meta property=\"og:title\" content=\"Novate, inaugurati passerella ciclo pedonale e mezzo Protezione\u00a0Civile - Il Notiziario\" \/>\n<meta property=\"og:description\" content=\"Una mattinata intensa quella che si \u00e8 vissuta oggi, domenica 15 ottobre, a Novate milanese, con due inaugurazioni. Al termine della messa festiva nella\" \/>\n<meta property=\"og:url\" content=\"https:\/\/www.ilnotiziario.net\/wp\/bollatese\/novate-inaugurati-passerella-ciclo-pedonale-e-mezzo-protezione-civile\/\" \/>\n<meta property=\"og:site_name\" content=\"Il Notiziario\" \/>\n<meta property=\"article:publisher\" content=\"https:\/\/www.facebook.com\/ilnotiziarioind\/\" \/>\n<meta property=\"article:published_time\" content=\"2023-10-15T13:41:56+00:00\" \/>\n<meta property=\"article:modified_time\" content=\"2023-10-15T13:51:29+00:00\" \/>\n<meta property=\"og:image\" content=\"https:\/\/www.ilnotiziario.net\/wp\/wp-content\/uploads\/2023\/10\/foto2.jpeg\" \/>\n\t<meta property=\"og:image:width\" content=\"1024\" \/>\n\t<meta property=\"og:image:height\" content=\"768\" \/>\n\t<meta property=\"og:image:type\" content=\"image\/jpeg\" \/>\n<meta name=\"author\" content=\"Manuela Beriozza\" \/>\n<meta name=\"twitter:card\" content=\"summary_large_image\" \/>\n<meta name=\"twitter:creator\" content=\"@ilNotiziarioInd\" \/>\n<meta name=\"twitter:site\" content=\"@ilNotiziarioInd\" \/>\n<meta name=\"twitter:label1\" content=\"Scritto da\" \/>\n\t<meta name=\"twitter:data1\" content=\"Manuela Beriozza\" \/>\n\t<meta name=\"twitter:label2\" content=\"Tempo di lettura stimato\" \/>\n\t<meta name=\"twitter:data2\" content=\"1 minuto\" \/>\n<script type=\"application\/ld+json\" class=\"yoast-schema-graph\">{\"@context\":\"https:\\\/\\\/schema.org\",\"@graph\":[{\"@type\":\"Article\",\"@id\":\"https:\\\/\\\/www.ilnotiziario.net\\\/wp\\\/bollatese\\\/novate-inaugurati-passerella-ciclo-pedonale-e-mezzo-protezione-civile\\\/#article\",\"isPartOf\":{\"@id\":\"https:\\\/\\\/www.ilnotiziario.net\\\/wp\\\/bollatese\\\/novate-inaugurati-passerella-ciclo-pedonale-e-mezzo-protezione-civile\\\/\"},\"author\":{\"name\":\"Manuela Beriozza\",\"@id\":\"https:\\\/\\\/www.ilnotiziario.net\\\/wp\\\/#\\\/schema\\\/person\\\/c902c4c1308705a92d37385bbce84394\"},\"headline\":\"Novate, inaugurati passerella ciclo pedonale e mezzo Protezione\u00a0Civile\",\"datePublished\":\"2023-10-15T13:41:56+00:00\",\"dateModified\":\"2023-10-15T13:51:29+00:00\",\"mainEntityOfPage\":{\"@id\":\"https:\\\/\\\/www.ilnotiziario.net\\\/wp\\\/bollatese\\\/novate-inaugurati-passerella-ciclo-pedonale-e-mezzo-protezione-civile\\\/\"},\"wordCount\":113,\"publisher\":{\"@id\":\"https:\\\/\\\/www.ilnotiziario.net\\\/wp\\\/#organization\"},\"image\":{\"@id\":\"https:\\\/\\\/www.ilnotiziario.net\\\/wp\\\/bollatese\\\/novate-inaugurati-passerella-ciclo-pedonale-e-mezzo-protezione-civile\\\/#primaryimage\"},\"thumbnailUrl\":\"https:\\\/\\\/www.ilnotiziario.net\\\/wp\\\/wp-content\\\/uploads\\\/2023\\\/10\\\/foto2.jpeg\",\"keywords\":[\"inaugurazione\",\"novate\",\"Passerella ciclopedonale\",\"Protezione Civile\"],\"articleSection\":[\"BOLLATESE\"],\"inLanguage\":\"it-IT\"},{\"@type\":\"WebPage\",\"@id\":\"https:\\\/\\\/www.ilnotiziario.net\\\/wp\\\/bollatese\\\/novate-inaugurati-passerella-ciclo-pedonale-e-mezzo-protezione-civile\\\/\",\"url\":\"https:\\\/\\\/www.ilnotiziario.net\\\/wp\\\/bollatese\\\/novate-inaugurati-passerella-ciclo-pedonale-e-mezzo-protezione-civile\\\/\",\"name\":\"Novate, inaugurati passerella ciclo pedonale e mezzo Protezione\u00a0Civile - Il Notiziario\",\"isPartOf\":{\"@id\":\"https:\\\/\\\/www.ilnotiziario.net\\\/wp\\\/#website\"},\"primaryImageOfPage\":{\"@id\":\"https:\\\/\\\/www.ilnotiziario.net\\\/wp\\\/bollatese\\\/novate-inaugurati-passerella-ciclo-pedonale-e-mezzo-protezione-civile\\\/#primaryimage\"},\"image\":{\"@id\":\"https:\\\/\\\/www.ilnotiziario.net\\\/wp\\\/bollatese\\\/novate-inaugurati-passerella-ciclo-pedonale-e-mezzo-protezione-civile\\\/#primaryimage\"},\"thumbnailUrl\":\"https:\\\/\\\/www.ilnotiziario.net\\\/wp\\\/wp-content\\\/uploads\\\/2023\\\/10\\\/foto2.jpeg\",\"datePublished\":\"2023-10-15T13:41:56+00:00\",\"dateModified\":\"2023-10-15T13:51:29+00:00\",\"description\":\"Una mattinata intensa quella che si \u00e8 vissuta oggi, domenica 15 ottobre, a Novate milanese, con due inaugurazioni. Al termine della messa festiva nella\",\"breadcrumb\":{\"@id\":\"https:\\\/\\\/www.ilnotiziario.net\\\/wp\\\/bollatese\\\/novate-inaugurati-passerella-ciclo-pedonale-e-mezzo-protezione-civile\\\/#breadcrumb\"},\"inLanguage\":\"it-IT\",\"potentialAction\":[{\"@type\":\"ReadAction\",\"target\":[\"https:\\\/\\\/www.ilnotiziario.net\\\/wp\\\/bollatese\\\/novate-inaugurati-passerella-ciclo-pedonale-e-mezzo-protezione-civile\\\/\"]}]},{\"@type\":\"ImageObject\",\"inLanguage\":\"it-IT\",\"@id\":\"https:\\\/\\\/www.ilnotiziario.net\\\/wp\\\/bollatese\\\/novate-inaugurati-passerella-ciclo-pedonale-e-mezzo-protezione-civile\\\/#primaryimage\",\"url\":\"https:\\\/\\\/www.ilnotiziario.net\\\/wp\\\/wp-content\\\/uploads\\\/2023\\\/10\\\/foto2.jpeg\",\"contentUrl\":\"https:\\\/\\\/www.ilnotiziario.net\\\/wp\\\/wp-content\\\/uploads\\\/2023\\\/10\\\/foto2.jpeg\",\"width\":1024,\"height\":768,\"caption\":\"Passerella ciclopedonale Novate inaugurazione\"},{\"@type\":\"BreadcrumbList\",\"@id\":\"https:\\\/\\\/www.ilnotiziario.net\\\/wp\\\/bollatese\\\/novate-inaugurati-passerella-ciclo-pedonale-e-mezzo-protezione-civile\\\/#breadcrumb\",\"itemListElement\":[{\"@type\":\"ListItem\",\"position\":1,\"name\":\"tds_text_logo_tagline_colortds_text_logo_tagline_colortds_text_logo_tagline_colortds_text_logo_tagline_colortd_module_7_title_excerpttd_module_7_title_excerpttd_module_7_title_excerpttd_module_7_title_excerptHome\",\"item\":\"https:\\\/\\\/www.ilnotiziario.net\\\/wp\\\/\"},{\"@type\":\"ListItem\",\"position\":2,\"name\":\"Novate, inaugurati passerella ciclo pedonale e mezzo Protezione\u00a0Civile\"}]},{\"@type\":\"WebSite\",\"@id\":\"https:\\\/\\\/www.ilnotiziario.net\\\/wp\\\/#website\",\"url\":\"https:\\\/\\\/www.ilnotiziario.net\\\/wp\\\/\",\"name\":\"Il Notiziario\",\"description\":\"Per restare sempre connessi alla notizia\",\"publisher\":{\"@id\":\"https:\\\/\\\/www.ilnotiziario.net\\\/wp\\\/#organization\"},\"alternateName\":\"Il Notiziario Bollate\",\"potentialAction\":[{\"@type\":\"SearchAction\",\"target\":{\"@type\":\"EntryPoint\",\"urlTemplate\":\"https:\\\/\\\/www.ilnotiziario.net\\\/wp\\\/?s={search_term_string}\"},\"query-input\":{\"@type\":\"PropertyValueSpecification\",\"valueRequired\":true,\"valueName\":\"search_term_string\"}}],\"inLanguage\":\"it-IT\"},{\"@type\":\"Organization\",\"@id\":\"https:\\\/\\\/www.ilnotiziario.net\\\/wp\\\/#organization\",\"name\":\"Il Notiziario\",\"url\":\"https:\\\/\\\/www.ilnotiziario.net\\\/wp\\\/\",\"logo\":{\"@type\":\"ImageObject\",\"inLanguage\":\"it-IT\",\"@id\":\"https:\\\/\\\/www.ilnotiziario.net\\\/wp\\\/#\\\/schema\\\/logo\\\/image\\\/\",\"url\":\"https:\\\/\\\/www.ilnotiziario.net\\\/wp\\\/wp-content\\\/uploads\\\/2022\\\/06\\\/170x170ilN.png\",\"contentUrl\":\"https:\\\/\\\/www.ilnotiziario.net\\\/wp\\\/wp-content\\\/uploads\\\/2022\\\/06\\\/170x170ilN.png\",\"width\":355,\"height\":355,\"caption\":\"Il Notiziario\"},\"image\":{\"@id\":\"https:\\\/\\\/www.ilnotiziario.net\\\/wp\\\/#\\\/schema\\\/logo\\\/image\\\/\"},\"sameAs\":[\"https:\\\/\\\/www.facebook.com\\\/ilnotiziarioind\\\/\",\"https:\\\/\\\/x.com\\\/ilNotiziarioInd\",\"https:\\\/\\\/www.instagram.com\\\/ilnotiziario_settimanale\\\/\"]},{\"@type\":\"Person\",\"@id\":\"https:\\\/\\\/www.ilnotiziario.net\\\/wp\\\/#\\\/schema\\\/person\\\/c902c4c1308705a92d37385bbce84394\",\"name\":\"Manuela Beriozza\",\"image\":{\"@type\":\"ImageObject\",\"inLanguage\":\"it-IT\",\"@id\":\"https:\\\/\\\/secure.gravatar.com\\\/avatar\\\/272ed53352846a57a9f07f89720b22f58373dc9a85fa5b8ff49254ae02b61057?s=96&d=mm&r=g\",\"url\":\"https:\\\/\\\/secure.gravatar.com\\\/avatar\\\/272ed53352846a57a9f07f89720b22f58373dc9a85fa5b8ff49254ae02b61057?s=96&d=mm&r=g\",\"contentUrl\":\"https:\\\/\\\/secure.gravatar.com\\\/avatar\\\/272ed53352846a57a9f07f89720b22f58373dc9a85fa5b8ff49254ae02b61057?s=96&d=mm&r=g\",\"caption\":\"Manuela Beriozza\"}}]}<\/script>\n<!-- \/ Yoast SEO plugin. -->","yoast_head_json":{"title":"Novate, inaugurati passerella ciclo pedonale e mezzo Protezione\u00a0Civile - Il Notiziario","description":"Una mattinata intensa quella che si \u00e8 vissuta oggi, domenica 15 ottobre, a Novate milanese, con due inaugurazioni. Al termine della messa festiva nella","robots":{"index":"index","follow":"follow","max-snippet":"max-snippet:-1","max-image-preview":"max-image-preview:large","max-video-preview":"max-video-preview:-1"},"canonical":"https:\/\/www.ilnotiziario.net\/wp\/bollatese\/novate-inaugurati-passerella-ciclo-pedonale-e-mezzo-protezione-civile\/","og_locale":"it_IT","og_type":"article","og_title":"Novate, inaugurati passerella ciclo pedonale e mezzo Protezione\u00a0Civile - Il Notiziario","og_description":"Una mattinata intensa quella che si \u00e8 vissuta oggi, domenica 15 ottobre, a Novate milanese, con due inaugurazioni. Al termine della messa festiva nella","og_url":"https:\/\/www.ilnotiziario.net\/wp\/bollatese\/novate-inaugurati-passerella-ciclo-pedonale-e-mezzo-protezione-civile\/","og_site_name":"Il Notiziario","article_publisher":"https:\/\/www.facebook.com\/ilnotiziarioind\/","article_published_time":"2023-10-15T13:41:56+00:00","article_modified_time":"2023-10-15T13:51:29+00:00","og_image":[{"width":1024,"height":768,"url":"https:\/\/www.ilnotiziario.net\/wp\/wp-content\/uploads\/2023\/10\/foto2.jpeg","type":"image\/jpeg"}],"author":"Manuela Beriozza","twitter_card":"summary_large_image","twitter_creator":"@ilNotiziarioInd","twitter_site":"@ilNotiziarioInd","twitter_misc":{"Scritto da":"Manuela Beriozza","Tempo di lettura stimato":"1 minuto"},"schema":{"@context":"https:\/\/schema.org","@graph":[{"@type":"Article","@id":"https:\/\/www.ilnotiziario.net\/wp\/bollatese\/novate-inaugurati-passerella-ciclo-pedonale-e-mezzo-protezione-civile\/#article","isPartOf":{"@id":"https:\/\/www.ilnotiziario.net\/wp\/bollatese\/novate-inaugurati-passerella-ciclo-pedonale-e-mezzo-protezione-civile\/"},"author":{"name":"Manuela Beriozza","@id":"https:\/\/www.ilnotiziario.net\/wp\/#\/schema\/person\/c902c4c1308705a92d37385bbce84394"},"headline":"Novate, inaugurati passerella ciclo pedonale e mezzo Protezione\u00a0Civile","datePublished":"2023-10-15T13:41:56+00:00","dateModified":"2023-10-15T13:51:29+00:00","mainEntityOfPage":{"@id":"https:\/\/www.ilnotiziario.net\/wp\/bollatese\/novate-inaugurati-passerella-ciclo-pedonale-e-mezzo-protezione-civile\/"},"wordCount":113,"publisher":{"@id":"https:\/\/www.ilnotiziario.net\/wp\/#organization"},"image":{"@id":"https:\/\/www.ilnotiziario.net\/wp\/bollatese\/novate-inaugurati-passerella-ciclo-pedonale-e-mezzo-protezione-civile\/#primaryimage"},"thumbnailUrl":"https:\/\/www.ilnotiziario.net\/wp\/wp-content\/uploads\/2023\/10\/foto2.jpeg","keywords":["inaugurazione","novate","Passerella ciclopedonale","Protezione Civile"],"articleSection":["BOLLATESE"],"inLanguage":"it-IT"},{"@type":"WebPage","@id":"https:\/\/www.ilnotiziario.net\/wp\/bollatese\/novate-inaugurati-passerella-ciclo-pedonale-e-mezzo-protezione-civile\/","url":"https:\/\/www.ilnotiziario.net\/wp\/bollatese\/novate-inaugurati-passerella-ciclo-pedonale-e-mezzo-protezione-civile\/","name":"Novate, inaugurati passerella ciclo pedonale e mezzo Protezione\u00a0Civile - Il Notiziario","isPartOf":{"@id":"https:\/\/www.ilnotiziario.net\/wp\/#website"},"primaryImageOfPage":{"@id":"https:\/\/www.ilnotiziario.net\/wp\/bollatese\/novate-inaugurati-passerella-ciclo-pedonale-e-mezzo-protezione-civile\/#primaryimage"},"image":{"@id":"https:\/\/www.ilnotiziario.net\/wp\/bollatese\/novate-inaugurati-passerella-ciclo-pedonale-e-mezzo-protezione-civile\/#primaryimage"},"thumbnailUrl":"https:\/\/www.ilnotiziario.net\/wp\/wp-content\/uploads\/2023\/10\/foto2.jpeg","datePublished":"2023-10-15T13:41:56+00:00","dateModified":"2023-10-15T13:51:29+00:00","description":"Una mattinata intensa quella che si \u00e8 vissuta oggi, domenica 15 ottobre, a Novate milanese, con due inaugurazioni. Al termine della messa festiva nella","breadcrumb":{"@id":"https:\/\/www.ilnotiziario.net\/wp\/bollatese\/novate-inaugurati-passerella-ciclo-pedonale-e-mezzo-protezione-civile\/#breadcrumb"},"inLanguage":"it-IT","potentialAction":[{"@type":"ReadAction","target":["https:\/\/www.ilnotiziario.net\/wp\/bollatese\/novate-inaugurati-passerella-ciclo-pedonale-e-mezzo-protezione-civile\/"]}]},{"@type":"ImageObject","inLanguage":"it-IT","@id":"https:\/\/www.ilnotiziario.net\/wp\/bollatese\/novate-inaugurati-passerella-ciclo-pedonale-e-mezzo-protezione-civile\/#primaryimage","url":"https:\/\/www.ilnotiziario.net\/wp\/wp-content\/uploads\/2023\/10\/foto2.jpeg","contentUrl":"https:\/\/www.ilnotiziario.net\/wp\/wp-content\/uploads\/2023\/10\/foto2.jpeg","width":1024,"height":768,"caption":"Passerella ciclopedonale Novate inaugurazione"},{"@type":"BreadcrumbList","@id":"https:\/\/www.ilnotiziario.net\/wp\/bollatese\/novate-inaugurati-passerella-ciclo-pedonale-e-mezzo-protezione-civile\/#breadcrumb","itemListElement":[{"@type":"ListItem","position":1,"name":"tds_text_logo_tagline_colortds_text_logo_tagline_colortds_text_logo_tagline_colortds_text_logo_tagline_colortd_module_7_title_excerpttd_module_7_title_excerpttd_module_7_title_excerpttd_module_7_title_excerptHome","item":"https:\/\/www.ilnotiziario.net\/wp\/"},{"@type":"ListItem","position":2,"name":"Novate, inaugurati passerella ciclo pedonale e mezzo Protezione\u00a0Civile"}]},{"@type":"WebSite","@id":"https:\/\/www.ilnotiziario.net\/wp\/#website","url":"https:\/\/www.ilnotiziario.net\/wp\/","name":"Il Notiziario","description":"Per restare sempre connessi alla notizia","publisher":{"@id":"https:\/\/www.ilnotiziario.net\/wp\/#organization"},"alternateName":"Il Notiziario Bollate","potentialAction":[{"@type":"SearchAction","target":{"@type":"EntryPoint","urlTemplate":"https:\/\/www.ilnotiziario.net\/wp\/?s={search_term_string}"},"query-input":{"@type":"PropertyValueSpecification","valueRequired":true,"valueName":"search_term_string"}}],"inLanguage":"it-IT"},{"@type":"Organization","@id":"https:\/\/www.ilnotiziario.net\/wp\/#organization","name":"Il Notiziario","url":"https:\/\/www.ilnotiziario.net\/wp\/","logo":{"@type":"ImageObject","inLanguage":"it-IT","@id":"https:\/\/www.ilnotiziario.net\/wp\/#\/schema\/logo\/image\/","url":"https:\/\/www.ilnotiziario.net\/wp\/wp-content\/uploads\/2022\/06\/170x170ilN.png","contentUrl":"https:\/\/www.ilnotiziario.net\/wp\/wp-content\/uploads\/2022\/06\/170x170ilN.png","width":355,"height":355,"caption":"Il Notiziario"},"image":{"@id":"https:\/\/www.ilnotiziario.net\/wp\/#\/schema\/logo\/image\/"},"sameAs":["https:\/\/www.facebook.com\/ilnotiziarioind\/","https:\/\/x.com\/ilNotiziarioInd","https:\/\/www.instagram.com\/ilnotiziario_settimanale\/"]},{"@type":"Person","@id":"https:\/\/www.ilnotiziario.net\/wp\/#\/schema\/person\/c902c4c1308705a92d37385bbce84394","name":"Manuela Beriozza","image":{"@type":"ImageObject","inLanguage":"it-IT","@id":"https:\/\/secure.gravatar.com\/avatar\/272ed53352846a57a9f07f89720b22f58373dc9a85fa5b8ff49254ae02b61057?s=96&d=mm&r=g","url":"https:\/\/secure.gravatar.com\/avatar\/272ed53352846a57a9f07f89720b22f58373dc9a85fa5b8ff49254ae02b61057?s=96&d=mm&r=g","contentUrl":"https:\/\/secure.gravatar.com\/avatar\/272ed53352846a57a9f07f89720b22f58373dc9a85fa5b8ff49254ae02b61057?s=96&d=mm&r=g","caption":"Manuela Beriozza"}}]}},"_links":{"self":[{"href":"https:\/\/www.ilnotiziario.net\/wp\/wp-json\/wp\/v2\/posts\/189180","targetHints":{"allow":["GET"]}}],"collection":[{"href":"https:\/\/www.ilnotiziario.net\/wp\/wp-json\/wp\/v2\/posts"}],"about":[{"href":"https:\/\/www.ilnotiziario.net\/wp\/wp-json\/wp\/v2\/types\/post"}],"author":[{"embeddable":true,"href":"https:\/\/www.ilnotiziario.net\/wp\/wp-json\/wp\/v2\/users\/223159"}],"replies":[{"embeddable":true,"href":"https:\/\/www.ilnotiziario.net\/wp\/wp-json\/wp\/v2\/comments?post=189180"}],"version-history":[{"count":0,"href":"https:\/\/www.ilnotiziario.net\/wp\/wp-json\/wp\/v2\/posts\/189180\/revisions"}],"wp:featuredmedia":[{"embeddable":true,"href":"https:\/\/www.ilnotiziario.net\/wp\/wp-json\/wp\/v2\/media\/189182"}],"wp:attachment":[{"href":"https:\/\/www.ilnotiziario.net\/wp\/wp-json\/wp\/v2\/media?parent=189180"}],"wp:term":[{"taxonomy":"category","embeddable":true,"href":"https:\/\/www.ilnotiziario.net\/wp\/wp-json\/wp\/v2\/categories?post=189180"},{"taxonomy":"post_tag","embeddable":true,"href":"https:\/\/www.ilnotiziario.net\/wp\/wp-json\/wp\/v2\/tags?post=189180"}],"curies":[{"name":"wp","href":"https:\/\/api.w.org\/{rel}","templated":true}]}}