{"id":189969,"date":"2023-11-02T11:39:29","date_gmt":"2023-11-02T10:39:29","guid":{"rendered":"https:\/\/www.ilnotiziario.net\/wp\/?p=189969"},"modified":"2023-11-02T11:39:29","modified_gmt":"2023-11-02T10:39:29","slug":"puzza-di-cloro-nellacqua-di-caronno-alfa-tranquillizza-tutto-nella-norma","status":"publish","type":"post","link":"https:\/\/www.ilnotiziario.net\/wp\/prima-pagina\/puzza-di-cloro-nellacqua-di-caronno-alfa-tranquillizza-tutto-nella-norma\/","title":{"rendered":"Puzza di cloro nell&#8217;acqua di Caronno, Alfa tranquillizza: &#8220;Tutto nella norma&#8221;"},"content":{"rendered":"<p>\u201cPerch\u00e9 esce acqua che puzza di cloro?\u201d. Se lo sono chiesti in tanti, negli ultimi tempi, a Caronno Pertusella.&nbsp; Un odore forte e persistente, che per nove giorni ha suscitato parecchie polemiche fra la cittadinanza, con segnalazioni al Comune, ad Alfa e sfoghi sui social. E\u2019 indubbio che la preoccupazione maggiore della gente sia che l\u2019acqua non \u00e8 buona: per questo, <strong>seppure il disagio sia ormai quasi scomparso del tutto<\/strong>, ci sono ancora famiglie che, temendo che non sia potabile, per cucinare preferiscono usare quella in bottiglia. Fra l\u2019altro, c\u2019\u00e8 chi ha riconosciuto subito l\u2019odore di cloro e proprio per questo teme che sia in corso un trattamento per depurare l\u2019acquedotto da qualche agente come i coliformi.<\/p><div id=\"ilnot-3352388284\" class=\"ilnot-contenuto ilnot-entity-placement\"><p><!-- incontent_1 --><\/p>\n<div class=\"gptslot\" data-adunitid=\"1\"><\/div>\n<\/div>\n<h2>Tranquillizzanti le ultime analisi, che non rilevano anomalie<\/h2>\n<p>Ma sono soltanto congetture, come confermano sia Alfa, nuovo gestore del servizio idrico integrato, sia l\u2019amministrazione comunale. \u201cLe ultime analisi di controllo, eseguite in data 11\/10\/23, trasmesse al Comune per conoscenza e avvalorate da ulteriori analisi effettuate da un soggetto indipendente, <strong>risultano tutte conformi in riferimento alla normativa attualmente vigente<\/strong> (Decreto legislativo 18\/23)\u201d, si legge in una nota. Inoltre, Alfa ha evidenziato che anche le verifiche pi\u00f9 recenti eseguite, sugli impianti di disinfezione, non hanno rilevato anomalie: \u201cLe concentrazioni di cloro residuo, riscontrate sulla rete di distribuzione, sono sempre risultate in linea con i valori adeguati a garantire una disinfezione di copertura ordinaria dei sistemi di acquedotto\u201d.<\/p>\n<h2>La clorazione \u00e8 il migliore sistema per potabilizzare l&#8217;acqua<\/h2>\n<p>Il Comune specifica inoltre: \u201cIl cloro, nelle sue forme chimico-fisiche, \u00e8 a oggi il migliore mezzo di potabilizzazione dell\u2019acqua, in quanto <strong>garantisce un ottimale ed efficace abbattimento della carica microbica<\/strong> in tempi rapidi e non presenta controindicazioni di sorta, se utilizzato nei limiti di legge, [\u2026]. Il limite di legge del cloro nell\u2019acqua potabile \u00e8 altamente precauzionale\u201d. Tutto ci\u00f2 a conforto che non vi sono n\u00e9 rischi n\u00e9 controindicazioni a utilizzare ai fini alimentari l\u2019acqua proveniente dall\u2019acquedotto comunale, anche in presenza di odore di cloro.<\/p><div id=\"ilnot-1498170247\" class=\"ilnot-contenuto_2 ilnot-entity-placement\"><div class=\"ads-wrapper\">\n<div class=\"ad-slot\">\n   <div id=\"ilnot-530652467\" style=\"margin-right: auto;margin-left: auto;text-align: center;width: 320px;height: 100px;\"><a href=\"https:\/\/www.scuolasicurezza.it\/\"><img decoding=\"async\" src=\"https:\/\/www.ilnotiziario.net\/wp\/wp-content\/uploads\/2026\/04\/IlNotiziario_banner-sito-e-newsletter-320-x-100-px-1.gif\" alt=\"\"><\/a><\/div>\n  <\/div>\n<div class=\"ad-slot\">\n   <div id=\"ilnot-581951030\" style=\"margin-right: auto;margin-left: auto;text-align: center;width: 320px;height: 100px;\"><a href=\"https:\/\/purodesignarredamenti.com\/\"><img decoding=\"async\" src=\"https:\/\/www.ilnotiziario.net\/wp\/wp-content\/uploads\/2026\/04\/banner-puro-ok.gif\" alt=\"whatsapp\"><\/a><\/div><\/p><\/div>\n<\/div>\n<\/div>\n<p>&nbsp;<\/p>\n<p>&nbsp;<\/p>\n","protected":false},"excerpt":{"rendered":"<p>\u201cPerch\u00e9 esce acqua che puzza di cloro?\u201d. Se lo sono chiesti in tanti, negli ultimi tempi, a Caronno Pertusella.&nbsp; Un odore forte e persistente, che per nove giorni ha suscitato parecchie polemiche fra la cittadinanza, con segnalazioni al Comune, ad Alfa e sfoghi sui social. E\u2019 indubbio che la preoccupazione maggiore della gente sia che<\/p>\n","protected":false},"author":6,"featured_media":167891,"comment_status":"closed","ping_status":"closed","sticky":false,"template":"","format":"standard","meta":{"footnotes":""},"categories":[20,13],"tags":[1402,91,5782],"class_list":{"0":"post-189969","1":"post","2":"type-post","3":"status-publish","4":"format-standard","5":"has-post-thumbnail","7":"category-prima-pagina","8":"category-saronnese","9":"tag-acqua","10":"tag-caronno-pertusella","11":"tag-cloro"},"yoast_head":"<!-- This site is optimized with the Yoast SEO plugin v27.5 - https:\/\/yoast.com\/product\/yoast-seo-wordpress\/ -->\n<title>Puzza di cloro nell&#039;acqua di Caronno, Alfa tranquillizza: &quot;Tutto nella norma&quot; - Il Notiziario<\/title>\n<meta name=\"description\" content=\"\u201cPerch\u00e9 esce acqua che puzza di cloro?\u201d. Se lo sono chiesti in tanti, negli ultimi tempi, a Caronno Pertusella.\" \/>\n<meta name=\"robots\" content=\"index, follow, max-snippet:-1, max-image-preview:large, max-video-preview:-1\" \/>\n<link rel=\"canonical\" href=\"https:\/\/www.ilnotiziario.net\/wp\/prima-pagina\/puzza-di-cloro-nellacqua-di-caronno-alfa-tranquillizza-tutto-nella-norma\/\" \/>\n<meta property=\"og:locale\" content=\"it_IT\" \/>\n<meta property=\"og:type\" content=\"article\" \/>\n<meta property=\"og:title\" content=\"Puzza di cloro nell&#039;acqua di Caronno, Alfa tranquillizza: &quot;Tutto nella norma&quot; - Il Notiziario\" \/>\n<meta property=\"og:description\" content=\"\u201cPerch\u00e9 esce acqua che puzza di cloro?\u201d. Se lo sono chiesti in tanti, negli ultimi tempi, a Caronno Pertusella.\" \/>\n<meta property=\"og:url\" content=\"https:\/\/www.ilnotiziario.net\/wp\/prima-pagina\/puzza-di-cloro-nellacqua-di-caronno-alfa-tranquillizza-tutto-nella-norma\/\" \/>\n<meta property=\"og:site_name\" content=\"Il Notiziario\" \/>\n<meta property=\"article:publisher\" content=\"https:\/\/www.facebook.com\/ilnotiziarioind\/\" \/>\n<meta property=\"article:published_time\" content=\"2023-11-02T10:39:29+00:00\" \/>\n<meta property=\"og:image\" content=\"https:\/\/www.ilnotiziario.net\/wp\/wp-content\/uploads\/2022\/06\/rubinetto-acqua.jpg\" \/>\n\t<meta property=\"og:image:width\" content=\"1000\" \/>\n\t<meta property=\"og:image:height\" content=\"765\" \/>\n\t<meta property=\"og:image:type\" content=\"image\/jpeg\" \/>\n<meta name=\"author\" content=\"Stefano Di Maria\" \/>\n<meta name=\"twitter:card\" content=\"summary_large_image\" \/>\n<meta name=\"twitter:creator\" content=\"@ilNotiziarioInd\" \/>\n<meta name=\"twitter:site\" content=\"@ilNotiziarioInd\" \/>\n<meta name=\"twitter:label1\" content=\"Scritto da\" \/>\n\t<meta name=\"twitter:data1\" content=\"Stefano Di Maria\" \/>\n\t<meta name=\"twitter:label2\" content=\"Tempo di lettura stimato\" \/>\n\t<meta name=\"twitter:data2\" content=\"2 minuti\" \/>\n<script type=\"application\/ld+json\" class=\"yoast-schema-graph\">{\"@context\":\"https:\\\/\\\/schema.org\",\"@graph\":[{\"@type\":\"Article\",\"@id\":\"https:\\\/\\\/www.ilnotiziario.net\\\/wp\\\/prima-pagina\\\/puzza-di-cloro-nellacqua-di-caronno-alfa-tranquillizza-tutto-nella-norma\\\/#article\",\"isPartOf\":{\"@id\":\"https:\\\/\\\/www.ilnotiziario.net\\\/wp\\\/prima-pagina\\\/puzza-di-cloro-nellacqua-di-caronno-alfa-tranquillizza-tutto-nella-norma\\\/\"},\"author\":{\"name\":\"Stefano Di Maria\",\"@id\":\"https:\\\/\\\/www.ilnotiziario.net\\\/wp\\\/#\\\/schema\\\/person\\\/82fdd8795bbed42a4164047853b6efe7\"},\"headline\":\"Puzza di cloro nell&#8217;acqua di Caronno, Alfa tranquillizza: &#8220;Tutto nella norma&#8221;\",\"datePublished\":\"2023-11-02T10:39:29+00:00\",\"mainEntityOfPage\":{\"@id\":\"https:\\\/\\\/www.ilnotiziario.net\\\/wp\\\/prima-pagina\\\/puzza-di-cloro-nellacqua-di-caronno-alfa-tranquillizza-tutto-nella-norma\\\/\"},\"wordCount\":344,\"publisher\":{\"@id\":\"https:\\\/\\\/www.ilnotiziario.net\\\/wp\\\/#organization\"},\"image\":{\"@id\":\"https:\\\/\\\/www.ilnotiziario.net\\\/wp\\\/prima-pagina\\\/puzza-di-cloro-nellacqua-di-caronno-alfa-tranquillizza-tutto-nella-norma\\\/#primaryimage\"},\"thumbnailUrl\":\"https:\\\/\\\/www.ilnotiziario.net\\\/wp\\\/wp-content\\\/uploads\\\/2022\\\/06\\\/rubinetto-acqua.jpg\",\"keywords\":[\"acqua\",\"Caronno Pertusella\",\"cloro\"],\"articleSection\":[\"Prima Pagina\",\"SARONNESE\"],\"inLanguage\":\"it-IT\"},{\"@type\":\"WebPage\",\"@id\":\"https:\\\/\\\/www.ilnotiziario.net\\\/wp\\\/prima-pagina\\\/puzza-di-cloro-nellacqua-di-caronno-alfa-tranquillizza-tutto-nella-norma\\\/\",\"url\":\"https:\\\/\\\/www.ilnotiziario.net\\\/wp\\\/prima-pagina\\\/puzza-di-cloro-nellacqua-di-caronno-alfa-tranquillizza-tutto-nella-norma\\\/\",\"name\":\"Puzza di cloro nell'acqua di Caronno, Alfa tranquillizza: \\\"Tutto nella norma\\\" - Il Notiziario\",\"isPartOf\":{\"@id\":\"https:\\\/\\\/www.ilnotiziario.net\\\/wp\\\/#website\"},\"primaryImageOfPage\":{\"@id\":\"https:\\\/\\\/www.ilnotiziario.net\\\/wp\\\/prima-pagina\\\/puzza-di-cloro-nellacqua-di-caronno-alfa-tranquillizza-tutto-nella-norma\\\/#primaryimage\"},\"image\":{\"@id\":\"https:\\\/\\\/www.ilnotiziario.net\\\/wp\\\/prima-pagina\\\/puzza-di-cloro-nellacqua-di-caronno-alfa-tranquillizza-tutto-nella-norma\\\/#primaryimage\"},\"thumbnailUrl\":\"https:\\\/\\\/www.ilnotiziario.net\\\/wp\\\/wp-content\\\/uploads\\\/2022\\\/06\\\/rubinetto-acqua.jpg\",\"datePublished\":\"2023-11-02T10:39:29+00:00\",\"description\":\"\u201cPerch\u00e9 esce acqua che puzza di cloro?\u201d. Se lo sono chiesti in tanti, negli ultimi tempi, a Caronno Pertusella.\",\"breadcrumb\":{\"@id\":\"https:\\\/\\\/www.ilnotiziario.net\\\/wp\\\/prima-pagina\\\/puzza-di-cloro-nellacqua-di-caronno-alfa-tranquillizza-tutto-nella-norma\\\/#breadcrumb\"},\"inLanguage\":\"it-IT\",\"potentialAction\":[{\"@type\":\"ReadAction\",\"target\":[\"https:\\\/\\\/www.ilnotiziario.net\\\/wp\\\/prima-pagina\\\/puzza-di-cloro-nellacqua-di-caronno-alfa-tranquillizza-tutto-nella-norma\\\/\"]}]},{\"@type\":\"ImageObject\",\"inLanguage\":\"it-IT\",\"@id\":\"https:\\\/\\\/www.ilnotiziario.net\\\/wp\\\/prima-pagina\\\/puzza-di-cloro-nellacqua-di-caronno-alfa-tranquillizza-tutto-nella-norma\\\/#primaryimage\",\"url\":\"https:\\\/\\\/www.ilnotiziario.net\\\/wp\\\/wp-content\\\/uploads\\\/2022\\\/06\\\/rubinetto-acqua.jpg\",\"contentUrl\":\"https:\\\/\\\/www.ilnotiziario.net\\\/wp\\\/wp-content\\\/uploads\\\/2022\\\/06\\\/rubinetto-acqua.jpg\",\"width\":1000,\"height\":765,\"caption\":\"Incontro pubblico a Saronno\"},{\"@type\":\"BreadcrumbList\",\"@id\":\"https:\\\/\\\/www.ilnotiziario.net\\\/wp\\\/prima-pagina\\\/puzza-di-cloro-nellacqua-di-caronno-alfa-tranquillizza-tutto-nella-norma\\\/#breadcrumb\",\"itemListElement\":[{\"@type\":\"ListItem\",\"position\":1,\"name\":\"tds_text_logo_tagline_colortds_text_logo_tagline_colortds_text_logo_tagline_colortds_text_logo_tagline_colortd_module_7_title_excerpttd_module_7_title_excerpttd_module_7_title_excerpttd_module_7_title_excerptHome\",\"item\":\"https:\\\/\\\/www.ilnotiziario.net\\\/wp\\\/\"},{\"@type\":\"ListItem\",\"position\":2,\"name\":\"Puzza di cloro nell&#8217;acqua di Caronno, Alfa tranquillizza: &#8220;Tutto nella norma&#8221;\"}]},{\"@type\":\"WebSite\",\"@id\":\"https:\\\/\\\/www.ilnotiziario.net\\\/wp\\\/#website\",\"url\":\"https:\\\/\\\/www.ilnotiziario.net\\\/wp\\\/\",\"name\":\"Il Notiziario\",\"description\":\"Per restare sempre connessi alla notizia\",\"publisher\":{\"@id\":\"https:\\\/\\\/www.ilnotiziario.net\\\/wp\\\/#organization\"},\"alternateName\":\"Il Notiziario Bollate\",\"potentialAction\":[{\"@type\":\"SearchAction\",\"target\":{\"@type\":\"EntryPoint\",\"urlTemplate\":\"https:\\\/\\\/www.ilnotiziario.net\\\/wp\\\/?s={search_term_string}\"},\"query-input\":{\"@type\":\"PropertyValueSpecification\",\"valueRequired\":true,\"valueName\":\"search_term_string\"}}],\"inLanguage\":\"it-IT\"},{\"@type\":\"Organization\",\"@id\":\"https:\\\/\\\/www.ilnotiziario.net\\\/wp\\\/#organization\",\"name\":\"Il Notiziario\",\"url\":\"https:\\\/\\\/www.ilnotiziario.net\\\/wp\\\/\",\"logo\":{\"@type\":\"ImageObject\",\"inLanguage\":\"it-IT\",\"@id\":\"https:\\\/\\\/www.ilnotiziario.net\\\/wp\\\/#\\\/schema\\\/logo\\\/image\\\/\",\"url\":\"https:\\\/\\\/www.ilnotiziario.net\\\/wp\\\/wp-content\\\/uploads\\\/2022\\\/06\\\/170x170ilN.png\",\"contentUrl\":\"https:\\\/\\\/www.ilnotiziario.net\\\/wp\\\/wp-content\\\/uploads\\\/2022\\\/06\\\/170x170ilN.png\",\"width\":355,\"height\":355,\"caption\":\"Il Notiziario\"},\"image\":{\"@id\":\"https:\\\/\\\/www.ilnotiziario.net\\\/wp\\\/#\\\/schema\\\/logo\\\/image\\\/\"},\"sameAs\":[\"https:\\\/\\\/www.facebook.com\\\/ilnotiziarioind\\\/\",\"https:\\\/\\\/x.com\\\/ilNotiziarioInd\",\"https:\\\/\\\/www.instagram.com\\\/ilnotiziario_settimanale\\\/\"]},{\"@type\":\"Person\",\"@id\":\"https:\\\/\\\/www.ilnotiziario.net\\\/wp\\\/#\\\/schema\\\/person\\\/82fdd8795bbed42a4164047853b6efe7\",\"name\":\"Stefano Di Maria\",\"image\":{\"@type\":\"ImageObject\",\"inLanguage\":\"it-IT\",\"@id\":\"https:\\\/\\\/secure.gravatar.com\\\/avatar\\\/b3163d1e75da759bd0a681248e88a87d84bdd563fec9b060a3ae82742880745a?s=96&d=mm&r=g\",\"url\":\"https:\\\/\\\/secure.gravatar.com\\\/avatar\\\/b3163d1e75da759bd0a681248e88a87d84bdd563fec9b060a3ae82742880745a?s=96&d=mm&r=g\",\"contentUrl\":\"https:\\\/\\\/secure.gravatar.com\\\/avatar\\\/b3163d1e75da759bd0a681248e88a87d84bdd563fec9b060a3ae82742880745a?s=96&d=mm&r=g\",\"caption\":\"Stefano Di Maria\"},\"sameAs\":[\"http:\\\/\\\/www.ilnotiziario.net\"]}]}<\/script>\n<!-- \/ Yoast SEO plugin. -->","yoast_head_json":{"title":"Puzza di cloro nell'acqua di Caronno, Alfa tranquillizza: \"Tutto nella norma\" - Il Notiziario","description":"\u201cPerch\u00e9 esce acqua che puzza di cloro?\u201d. Se lo sono chiesti in tanti, negli ultimi tempi, a Caronno Pertusella.","robots":{"index":"index","follow":"follow","max-snippet":"max-snippet:-1","max-image-preview":"max-image-preview:large","max-video-preview":"max-video-preview:-1"},"canonical":"https:\/\/www.ilnotiziario.net\/wp\/prima-pagina\/puzza-di-cloro-nellacqua-di-caronno-alfa-tranquillizza-tutto-nella-norma\/","og_locale":"it_IT","og_type":"article","og_title":"Puzza di cloro nell'acqua di Caronno, Alfa tranquillizza: \"Tutto nella norma\" - Il Notiziario","og_description":"\u201cPerch\u00e9 esce acqua che puzza di cloro?\u201d. Se lo sono chiesti in tanti, negli ultimi tempi, a Caronno Pertusella.","og_url":"https:\/\/www.ilnotiziario.net\/wp\/prima-pagina\/puzza-di-cloro-nellacqua-di-caronno-alfa-tranquillizza-tutto-nella-norma\/","og_site_name":"Il Notiziario","article_publisher":"https:\/\/www.facebook.com\/ilnotiziarioind\/","article_published_time":"2023-11-02T10:39:29+00:00","og_image":[{"width":1000,"height":765,"url":"https:\/\/www.ilnotiziario.net\/wp\/wp-content\/uploads\/2022\/06\/rubinetto-acqua.jpg","type":"image\/jpeg"}],"author":"Stefano Di Maria","twitter_card":"summary_large_image","twitter_creator":"@ilNotiziarioInd","twitter_site":"@ilNotiziarioInd","twitter_misc":{"Scritto da":"Stefano Di Maria","Tempo di lettura stimato":"2 minuti"},"schema":{"@context":"https:\/\/schema.org","@graph":[{"@type":"Article","@id":"https:\/\/www.ilnotiziario.net\/wp\/prima-pagina\/puzza-di-cloro-nellacqua-di-caronno-alfa-tranquillizza-tutto-nella-norma\/#article","isPartOf":{"@id":"https:\/\/www.ilnotiziario.net\/wp\/prima-pagina\/puzza-di-cloro-nellacqua-di-caronno-alfa-tranquillizza-tutto-nella-norma\/"},"author":{"name":"Stefano Di Maria","@id":"https:\/\/www.ilnotiziario.net\/wp\/#\/schema\/person\/82fdd8795bbed42a4164047853b6efe7"},"headline":"Puzza di cloro nell&#8217;acqua di Caronno, Alfa tranquillizza: &#8220;Tutto nella norma&#8221;","datePublished":"2023-11-02T10:39:29+00:00","mainEntityOfPage":{"@id":"https:\/\/www.ilnotiziario.net\/wp\/prima-pagina\/puzza-di-cloro-nellacqua-di-caronno-alfa-tranquillizza-tutto-nella-norma\/"},"wordCount":344,"publisher":{"@id":"https:\/\/www.ilnotiziario.net\/wp\/#organization"},"image":{"@id":"https:\/\/www.ilnotiziario.net\/wp\/prima-pagina\/puzza-di-cloro-nellacqua-di-caronno-alfa-tranquillizza-tutto-nella-norma\/#primaryimage"},"thumbnailUrl":"https:\/\/www.ilnotiziario.net\/wp\/wp-content\/uploads\/2022\/06\/rubinetto-acqua.jpg","keywords":["acqua","Caronno Pertusella","cloro"],"articleSection":["Prima Pagina","SARONNESE"],"inLanguage":"it-IT"},{"@type":"WebPage","@id":"https:\/\/www.ilnotiziario.net\/wp\/prima-pagina\/puzza-di-cloro-nellacqua-di-caronno-alfa-tranquillizza-tutto-nella-norma\/","url":"https:\/\/www.ilnotiziario.net\/wp\/prima-pagina\/puzza-di-cloro-nellacqua-di-caronno-alfa-tranquillizza-tutto-nella-norma\/","name":"Puzza di cloro nell'acqua di Caronno, Alfa tranquillizza: \"Tutto nella norma\" - Il Notiziario","isPartOf":{"@id":"https:\/\/www.ilnotiziario.net\/wp\/#website"},"primaryImageOfPage":{"@id":"https:\/\/www.ilnotiziario.net\/wp\/prima-pagina\/puzza-di-cloro-nellacqua-di-caronno-alfa-tranquillizza-tutto-nella-norma\/#primaryimage"},"image":{"@id":"https:\/\/www.ilnotiziario.net\/wp\/prima-pagina\/puzza-di-cloro-nellacqua-di-caronno-alfa-tranquillizza-tutto-nella-norma\/#primaryimage"},"thumbnailUrl":"https:\/\/www.ilnotiziario.net\/wp\/wp-content\/uploads\/2022\/06\/rubinetto-acqua.jpg","datePublished":"2023-11-02T10:39:29+00:00","description":"\u201cPerch\u00e9 esce acqua che puzza di cloro?\u201d. Se lo sono chiesti in tanti, negli ultimi tempi, a Caronno Pertusella.","breadcrumb":{"@id":"https:\/\/www.ilnotiziario.net\/wp\/prima-pagina\/puzza-di-cloro-nellacqua-di-caronno-alfa-tranquillizza-tutto-nella-norma\/#breadcrumb"},"inLanguage":"it-IT","potentialAction":[{"@type":"ReadAction","target":["https:\/\/www.ilnotiziario.net\/wp\/prima-pagina\/puzza-di-cloro-nellacqua-di-caronno-alfa-tranquillizza-tutto-nella-norma\/"]}]},{"@type":"ImageObject","inLanguage":"it-IT","@id":"https:\/\/www.ilnotiziario.net\/wp\/prima-pagina\/puzza-di-cloro-nellacqua-di-caronno-alfa-tranquillizza-tutto-nella-norma\/#primaryimage","url":"https:\/\/www.ilnotiziario.net\/wp\/wp-content\/uploads\/2022\/06\/rubinetto-acqua.jpg","contentUrl":"https:\/\/www.ilnotiziario.net\/wp\/wp-content\/uploads\/2022\/06\/rubinetto-acqua.jpg","width":1000,"height":765,"caption":"Incontro pubblico a Saronno"},{"@type":"BreadcrumbList","@id":"https:\/\/www.ilnotiziario.net\/wp\/prima-pagina\/puzza-di-cloro-nellacqua-di-caronno-alfa-tranquillizza-tutto-nella-norma\/#breadcrumb","itemListElement":[{"@type":"ListItem","position":1,"name":"tds_text_logo_tagline_colortds_text_logo_tagline_colortds_text_logo_tagline_colortds_text_logo_tagline_colortd_module_7_title_excerpttd_module_7_title_excerpttd_module_7_title_excerpttd_module_7_title_excerptHome","item":"https:\/\/www.ilnotiziario.net\/wp\/"},{"@type":"ListItem","position":2,"name":"Puzza di cloro nell&#8217;acqua di Caronno, Alfa tranquillizza: &#8220;Tutto nella norma&#8221;"}]},{"@type":"WebSite","@id":"https:\/\/www.ilnotiziario.net\/wp\/#website","url":"https:\/\/www.ilnotiziario.net\/wp\/","name":"Il Notiziario","description":"Per restare sempre connessi alla notizia","publisher":{"@id":"https:\/\/www.ilnotiziario.net\/wp\/#organization"},"alternateName":"Il Notiziario Bollate","potentialAction":[{"@type":"SearchAction","target":{"@type":"EntryPoint","urlTemplate":"https:\/\/www.ilnotiziario.net\/wp\/?s={search_term_string}"},"query-input":{"@type":"PropertyValueSpecification","valueRequired":true,"valueName":"search_term_string"}}],"inLanguage":"it-IT"},{"@type":"Organization","@id":"https:\/\/www.ilnotiziario.net\/wp\/#organization","name":"Il Notiziario","url":"https:\/\/www.ilnotiziario.net\/wp\/","logo":{"@type":"ImageObject","inLanguage":"it-IT","@id":"https:\/\/www.ilnotiziario.net\/wp\/#\/schema\/logo\/image\/","url":"https:\/\/www.ilnotiziario.net\/wp\/wp-content\/uploads\/2022\/06\/170x170ilN.png","contentUrl":"https:\/\/www.ilnotiziario.net\/wp\/wp-content\/uploads\/2022\/06\/170x170ilN.png","width":355,"height":355,"caption":"Il Notiziario"},"image":{"@id":"https:\/\/www.ilnotiziario.net\/wp\/#\/schema\/logo\/image\/"},"sameAs":["https:\/\/www.facebook.com\/ilnotiziarioind\/","https:\/\/x.com\/ilNotiziarioInd","https:\/\/www.instagram.com\/ilnotiziario_settimanale\/"]},{"@type":"Person","@id":"https:\/\/www.ilnotiziario.net\/wp\/#\/schema\/person\/82fdd8795bbed42a4164047853b6efe7","name":"Stefano Di Maria","image":{"@type":"ImageObject","inLanguage":"it-IT","@id":"https:\/\/secure.gravatar.com\/avatar\/b3163d1e75da759bd0a681248e88a87d84bdd563fec9b060a3ae82742880745a?s=96&d=mm&r=g","url":"https:\/\/secure.gravatar.com\/avatar\/b3163d1e75da759bd0a681248e88a87d84bdd563fec9b060a3ae82742880745a?s=96&d=mm&r=g","contentUrl":"https:\/\/secure.gravatar.com\/avatar\/b3163d1e75da759bd0a681248e88a87d84bdd563fec9b060a3ae82742880745a?s=96&d=mm&r=g","caption":"Stefano Di Maria"},"sameAs":["http:\/\/www.ilnotiziario.net"]}]}},"_links":{"self":[{"href":"https:\/\/www.ilnotiziario.net\/wp\/wp-json\/wp\/v2\/posts\/189969","targetHints":{"allow":["GET"]}}],"collection":[{"href":"https:\/\/www.ilnotiziario.net\/wp\/wp-json\/wp\/v2\/posts"}],"about":[{"href":"https:\/\/www.ilnotiziario.net\/wp\/wp-json\/wp\/v2\/types\/post"}],"author":[{"embeddable":true,"href":"https:\/\/www.ilnotiziario.net\/wp\/wp-json\/wp\/v2\/users\/6"}],"replies":[{"embeddable":true,"href":"https:\/\/www.ilnotiziario.net\/wp\/wp-json\/wp\/v2\/comments?post=189969"}],"version-history":[{"count":0,"href":"https:\/\/www.ilnotiziario.net\/wp\/wp-json\/wp\/v2\/posts\/189969\/revisions"}],"wp:featuredmedia":[{"embeddable":true,"href":"https:\/\/www.ilnotiziario.net\/wp\/wp-json\/wp\/v2\/media\/167891"}],"wp:attachment":[{"href":"https:\/\/www.ilnotiziario.net\/wp\/wp-json\/wp\/v2\/media?parent=189969"}],"wp:term":[{"taxonomy":"category","embeddable":true,"href":"https:\/\/www.ilnotiziario.net\/wp\/wp-json\/wp\/v2\/categories?post=189969"},{"taxonomy":"post_tag","embeddable":true,"href":"https:\/\/www.ilnotiziario.net\/wp\/wp-json\/wp\/v2\/tags?post=189969"}],"curies":[{"name":"wp","href":"https:\/\/api.w.org\/{rel}","templated":true}]}}