{"id":190045,"date":"2023-11-04T08:33:43","date_gmt":"2023-11-04T07:33:43","guid":{"rendered":"https:\/\/www.ilnotiziario.net\/wp\/?p=190045"},"modified":"2023-11-04T08:33:43","modified_gmt":"2023-11-04T07:33:43","slug":"larcivescovo-oggi-nomina-otto-nuovi-diaconi-anche-uno-di-origgio-di-lainate-di-pero-e-di-seregno","status":"publish","type":"post","link":"https:\/\/www.ilnotiziario.net\/wp\/prima-pagina\/larcivescovo-oggi-nomina-otto-nuovi-diaconi-anche-uno-di-origgio-di-lainate-di-pero-e-di-seregno\/","title":{"rendered":"L&#8217;Arcivescovo oggi nomina otto nuovi diaconi: anche uno di Origgio, di Lainate, di Pero e di Seregno"},"content":{"rendered":"<p>Oggi, sabato 4 novembre, alle 17.30, l\u2019Arcivescovo di Milano Monsignor Mario Delpini, ordiner\u00e0 in Duomo otto nuovi diaconi permanenti nel corso della celebrazione eucaristica vigiliare.<\/p><div id=\"ilnot-3363227863\" class=\"ilnot-contenuto ilnot-entity-placement\"><p><!-- incontent_1 --><\/p>\n<div class=\"gptslot\" data-adunitid=\"1\"><\/div>\n<\/div>\n<h2>L&#8217;Arcivescovo oggi nomina otto nuovi diaconi: ecco chi sono&nbsp;<\/h2>\n<p>A compiere questa importante scelta (il diaconato \u00e8 il primo dei tre gradi del sacramento dell&#8217;Ordine) \u00e8 un gruppo eterogeneo per et\u00e0, esperienze di vita e lavorative. Il pi\u00f9 giovane \u00e8 <strong>Samuele Radaelli<\/strong>, della parrocchia di Santa Maria Immacolata in Origgio (Varese), 38 anni, celibe, di professione impiegato, mentre il pi\u00f9 maturo \u00e8 il 59enne <strong>Franco Gadda<\/strong>, sposato con tre figli, occupato in banca, proveniente dalla parrocchia di San Giovanni Bosco a Olgiate Olona (Varese). Tutti 50enni gli altri sei prossimi diaconi permanenti: della parrocchia della Visitazione di Maria Vergine a Pero (Milano) sono <strong>Eros Ottobelli<\/strong>, sposato con due figlie, &nbsp;impiegato, e <strong>Eugenio Torchiana<\/strong>, sposato con tre figli, artigiano; dalla parrocchia di San Giuseppe in Sesto San Giovanni (Milano) proviene il consulente di marketing <strong>Enrico Cattaneo<\/strong>, sposato con tre figli; <strong>Carmine Garofalo<\/strong>, ferroviere, sposato con due figlie, \u00e8 della parrocchia del Santo Nome di Maria in Treviglio (Bergamo). Infine due insegnanti di religione: <strong>Michele Vincini<\/strong>, parrocchia di San Vittore Martire a Lainate (Milano), sposato con una figlia, e <strong>Cosimo Iodice<\/strong>, &nbsp;parrocchia di San Giovanni Bosco in Ceredo di Seregno (Monza e Brianza), sposato con quattro figli.&nbsp;<\/p>\n<h2>L&#8217;Arcivescovo oggi nomina otto nuovi diaconi: ecco i loro compiti<\/h2>\n<p>Come da tradizione, il gruppo dei nuovi diaconi permanenti ha scelto un motto e un\u2019immagine che ne accompagneranno il ministero. \u201cMaria si alz\u00f2 e and\u00f2 in fretta\u201d (Lc 1,39) \u00e8 la frase che li accomuna: un invito a mettersi, come la Madonna, al servizio dell\u2019annuncio del Vangelo attraverso gesti di carit\u00e0.&nbsp;<\/p><div id=\"ilnot-2127147006\" class=\"ilnot-contenuto_2 ilnot-entity-placement\"><div class=\"ads-wrapper\">\n<div class=\"ad-slot\">\n   <div id=\"ilnot-42004429\" style=\"margin-right: auto;margin-left: auto;text-align: center;width: 320px;height: 100px;\"><a href=\"https:\/\/www.scuolasicurezza.it\/\"><img decoding=\"async\" src=\"https:\/\/www.ilnotiziario.net\/wp\/wp-content\/uploads\/2026\/04\/IlNotiziario_banner-sito-e-newsletter-320-x-100-px-1.gif\" alt=\"\"><\/a><\/div>\n  <\/div>\n<div class=\"ad-slot\">\n   <div id=\"ilnot-1510964826\" style=\"margin-right: auto;margin-left: auto;text-align: center;width: 320px;height: 100px;\"><a href=\"https:\/\/purodesignarredamenti.com\/\"><img decoding=\"async\" src=\"https:\/\/www.ilnotiziario.net\/wp\/wp-content\/uploads\/2026\/04\/banner-puro-ok.gif\" alt=\"whatsapp\"><\/a><\/div><\/p><\/div>\n<\/div>\n<\/div>\n<p>Il diaconato permanente viene anche definito \u201cMinistero della soglia\u201d. I diaconi permanenti non presiedono la messa e non confessano ma affiancano i sacerdoti in tutte le attivit\u00e0 di servizio ecclesiali, facendo da tramite fra coloro che vivono gi\u00e0 nella Chiesa e chi \u00e8 ancora in ricerca, \u201csulla soglia\u201d appunto. <strong>Possono proclamare il Vangelo e tenere l\u2019omelia durante la celebrazione eucaristica.<\/strong> Generalmente si dedicano ad attivit\u00e0 specifiche all\u2019interno della comunit\u00e0 ecclesiale, a seconda delle loro inclinazioni: ad esempio <strong>animano iniziative caritative o culturali, si occupano dell\u2019assistenza ai malati o ai carcerati, conciliando il lavoro, la famiglia e l\u2019impegno pastorale<\/strong>. Negli anni la Diocesi &nbsp;ha rivolto crescente cura all&#8217;accertamento dell&#8217;autentica vocazione di chi vuole candidarsi a questa scelta di vita. Oggi per diventare diaconi occorre aver conseguito la laurea triennale presso l\u2019Istituto Superiore di Scienze Religiose di Milano e concludere un percorso quinquennale di formazione scandito da due momenti pubblici presieduti dall\u2019Arcivescovo: il rito di ammissione e l\u2019ordinazione.<br \/>\nLa Messa per l\u2019ordinazione dei diaconi permanenti verr\u00e0 trasmessa in diretta sul portale diocesano www.chiesadimilano.it e sul canale YouTube ChiesadiMilano: Youtube.com\/chiesadimilano.<\/p>\n<p>Sfoglia l\u2019edizione digitale del notiziario su Pc, smartphone tablet, direttamente dal nostro sito&nbsp;<a href=\"http:\/\/edicola.ilnotiziario.net\/\"><strong>edicola.ilnotiziario.net&nbsp;<\/strong><\/a><\/p>\n<p>Condividi questo articolo!<\/p><div id=\"ilnot-3260692831\" class=\"ilnot-contenuto_2-2 ilnot-entity-placement\"><div class=\"gptslot\" data-adunitid=\"2\"><\/div>\n<\/div>\n","protected":false},"excerpt":{"rendered":"<p>Oggi, sabato 4 novembre, alle 17.30, l\u2019Arcivescovo di Milano Monsignor Mario Delpini, ordiner\u00e0 in Duomo otto nuovi diaconi permanenti nel corso della celebrazione eucaristica vigiliare. L&#8217;Arcivescovo oggi nomina otto nuovi diaconi: ecco chi sono&nbsp; A compiere questa importante scelta (il diaconato \u00e8 il primo dei tre gradi del sacramento dell&#8217;Ordine) \u00e8 un gruppo eterogeneo per<\/p>\n","protected":false},"author":6,"featured_media":190046,"comment_status":"closed","ping_status":"closed","sticky":false,"template":"","format":"standard","meta":{"footnotes":""},"categories":[9,20,13],"tags":[465,16138,259,1471,159],"class_list":{"0":"post-190045","1":"post","2":"type-post","3":"status-publish","4":"format-standard","5":"has-post-thumbnail","7":"category-brianza","8":"category-prima-pagina","9":"category-saronnese","10":"tag-lainate","11":"tag-nuovi-diaconi","12":"tag-origgio","13":"tag-pero","14":"tag-seregno"},"yoast_head":"<!-- This site is optimized with the Yoast SEO plugin v27.5 - https:\/\/yoast.com\/product\/yoast-seo-wordpress\/ -->\n<title>L&#039;Arcivescovo oggi nomina otto nuovi diaconi: anche uno di Origgio, di Lainate, di Pero e di Seregno - Il Notiziario<\/title>\n<meta name=\"description\" content=\"Oggi, sabato 4 novembre, alle 17.30, l\u2019Arcivescovo di Milano Monsignor Mario Delpini, ordiner\u00e0 in Duomo otto nuovi diaconi permanenti\" \/>\n<meta name=\"robots\" content=\"index, follow, max-snippet:-1, max-image-preview:large, max-video-preview:-1\" \/>\n<link rel=\"canonical\" href=\"https:\/\/www.ilnotiziario.net\/wp\/prima-pagina\/larcivescovo-oggi-nomina-otto-nuovi-diaconi-anche-uno-di-origgio-di-lainate-di-pero-e-di-seregno\/\" \/>\n<meta property=\"og:locale\" content=\"it_IT\" \/>\n<meta property=\"og:type\" content=\"article\" \/>\n<meta property=\"og:title\" content=\"L&#039;Arcivescovo oggi nomina otto nuovi diaconi: anche uno di Origgio, di Lainate, di Pero e di Seregno - Il Notiziario\" \/>\n<meta property=\"og:description\" content=\"Oggi, sabato 4 novembre, alle 17.30, l\u2019Arcivescovo di Milano Monsignor Mario Delpini, ordiner\u00e0 in Duomo otto nuovi diaconi permanenti\" \/>\n<meta property=\"og:url\" content=\"https:\/\/www.ilnotiziario.net\/wp\/prima-pagina\/larcivescovo-oggi-nomina-otto-nuovi-diaconi-anche-uno-di-origgio-di-lainate-di-pero-e-di-seregno\/\" \/>\n<meta property=\"og:site_name\" content=\"Il Notiziario\" \/>\n<meta property=\"article:publisher\" content=\"https:\/\/www.facebook.com\/ilnotiziarioind\/\" \/>\n<meta property=\"article:published_time\" content=\"2023-11-04T07:33:43+00:00\" \/>\n<meta property=\"og:image\" content=\"https:\/\/www.ilnotiziario.net\/wp\/wp-content\/uploads\/2023\/11\/Diaconi-Permanenti-2023-980x551-1.jpg\" \/>\n\t<meta property=\"og:image:width\" content=\"980\" \/>\n\t<meta property=\"og:image:height\" content=\"551\" \/>\n\t<meta property=\"og:image:type\" content=\"image\/jpeg\" \/>\n<meta name=\"author\" content=\"Stefano Di Maria\" \/>\n<meta name=\"twitter:card\" content=\"summary_large_image\" \/>\n<meta name=\"twitter:creator\" content=\"@ilNotiziarioInd\" \/>\n<meta name=\"twitter:site\" content=\"@ilNotiziarioInd\" \/>\n<meta name=\"twitter:label1\" content=\"Scritto da\" \/>\n\t<meta name=\"twitter:data1\" content=\"Stefano Di Maria\" \/>\n\t<meta name=\"twitter:label2\" content=\"Tempo di lettura stimato\" \/>\n\t<meta name=\"twitter:data2\" content=\"3 minuti\" \/>\n<script type=\"application\/ld+json\" class=\"yoast-schema-graph\">{\"@context\":\"https:\\\/\\\/schema.org\",\"@graph\":[{\"@type\":\"Article\",\"@id\":\"https:\\\/\\\/www.ilnotiziario.net\\\/wp\\\/prima-pagina\\\/larcivescovo-oggi-nomina-otto-nuovi-diaconi-anche-uno-di-origgio-di-lainate-di-pero-e-di-seregno\\\/#article\",\"isPartOf\":{\"@id\":\"https:\\\/\\\/www.ilnotiziario.net\\\/wp\\\/prima-pagina\\\/larcivescovo-oggi-nomina-otto-nuovi-diaconi-anche-uno-di-origgio-di-lainate-di-pero-e-di-seregno\\\/\"},\"author\":{\"name\":\"Stefano Di Maria\",\"@id\":\"https:\\\/\\\/www.ilnotiziario.net\\\/wp\\\/#\\\/schema\\\/person\\\/82fdd8795bbed42a4164047853b6efe7\"},\"headline\":\"L&#8217;Arcivescovo oggi nomina otto nuovi diaconi: anche uno di Origgio, di Lainate, di Pero e di Seregno\",\"datePublished\":\"2023-11-04T07:33:43+00:00\",\"mainEntityOfPage\":{\"@id\":\"https:\\\/\\\/www.ilnotiziario.net\\\/wp\\\/prima-pagina\\\/larcivescovo-oggi-nomina-otto-nuovi-diaconi-anche-uno-di-origgio-di-lainate-di-pero-e-di-seregno\\\/\"},\"wordCount\":513,\"publisher\":{\"@id\":\"https:\\\/\\\/www.ilnotiziario.net\\\/wp\\\/#organization\"},\"image\":{\"@id\":\"https:\\\/\\\/www.ilnotiziario.net\\\/wp\\\/prima-pagina\\\/larcivescovo-oggi-nomina-otto-nuovi-diaconi-anche-uno-di-origgio-di-lainate-di-pero-e-di-seregno\\\/#primaryimage\"},\"thumbnailUrl\":\"https:\\\/\\\/www.ilnotiziario.net\\\/wp\\\/wp-content\\\/uploads\\\/2023\\\/11\\\/Diaconi-Permanenti-2023-980x551-1.jpg\",\"keywords\":[\"Lainate\",\"Nuovi diaconi\",\"Origgio\",\"Pero\",\"Seregno\"],\"articleSection\":[\"BRIANZA\",\"Prima Pagina\",\"SARONNESE\"],\"inLanguage\":\"it-IT\"},{\"@type\":\"WebPage\",\"@id\":\"https:\\\/\\\/www.ilnotiziario.net\\\/wp\\\/prima-pagina\\\/larcivescovo-oggi-nomina-otto-nuovi-diaconi-anche-uno-di-origgio-di-lainate-di-pero-e-di-seregno\\\/\",\"url\":\"https:\\\/\\\/www.ilnotiziario.net\\\/wp\\\/prima-pagina\\\/larcivescovo-oggi-nomina-otto-nuovi-diaconi-anche-uno-di-origgio-di-lainate-di-pero-e-di-seregno\\\/\",\"name\":\"L'Arcivescovo oggi nomina otto nuovi diaconi: anche uno di Origgio, di Lainate, di Pero e di Seregno - Il Notiziario\",\"isPartOf\":{\"@id\":\"https:\\\/\\\/www.ilnotiziario.net\\\/wp\\\/#website\"},\"primaryImageOfPage\":{\"@id\":\"https:\\\/\\\/www.ilnotiziario.net\\\/wp\\\/prima-pagina\\\/larcivescovo-oggi-nomina-otto-nuovi-diaconi-anche-uno-di-origgio-di-lainate-di-pero-e-di-seregno\\\/#primaryimage\"},\"image\":{\"@id\":\"https:\\\/\\\/www.ilnotiziario.net\\\/wp\\\/prima-pagina\\\/larcivescovo-oggi-nomina-otto-nuovi-diaconi-anche-uno-di-origgio-di-lainate-di-pero-e-di-seregno\\\/#primaryimage\"},\"thumbnailUrl\":\"https:\\\/\\\/www.ilnotiziario.net\\\/wp\\\/wp-content\\\/uploads\\\/2023\\\/11\\\/Diaconi-Permanenti-2023-980x551-1.jpg\",\"datePublished\":\"2023-11-04T07:33:43+00:00\",\"description\":\"Oggi, sabato 4 novembre, alle 17.30, l\u2019Arcivescovo di Milano Monsignor Mario Delpini, ordiner\u00e0 in Duomo otto nuovi diaconi permanenti\",\"breadcrumb\":{\"@id\":\"https:\\\/\\\/www.ilnotiziario.net\\\/wp\\\/prima-pagina\\\/larcivescovo-oggi-nomina-otto-nuovi-diaconi-anche-uno-di-origgio-di-lainate-di-pero-e-di-seregno\\\/#breadcrumb\"},\"inLanguage\":\"it-IT\",\"potentialAction\":[{\"@type\":\"ReadAction\",\"target\":[\"https:\\\/\\\/www.ilnotiziario.net\\\/wp\\\/prima-pagina\\\/larcivescovo-oggi-nomina-otto-nuovi-diaconi-anche-uno-di-origgio-di-lainate-di-pero-e-di-seregno\\\/\"]}]},{\"@type\":\"ImageObject\",\"inLanguage\":\"it-IT\",\"@id\":\"https:\\\/\\\/www.ilnotiziario.net\\\/wp\\\/prima-pagina\\\/larcivescovo-oggi-nomina-otto-nuovi-diaconi-anche-uno-di-origgio-di-lainate-di-pero-e-di-seregno\\\/#primaryimage\",\"url\":\"https:\\\/\\\/www.ilnotiziario.net\\\/wp\\\/wp-content\\\/uploads\\\/2023\\\/11\\\/Diaconi-Permanenti-2023-980x551-1.jpg\",\"contentUrl\":\"https:\\\/\\\/www.ilnotiziario.net\\\/wp\\\/wp-content\\\/uploads\\\/2023\\\/11\\\/Diaconi-Permanenti-2023-980x551-1.jpg\",\"width\":980,\"height\":551,\"caption\":\"Foto da chiesadimilano.it\"},{\"@type\":\"BreadcrumbList\",\"@id\":\"https:\\\/\\\/www.ilnotiziario.net\\\/wp\\\/prima-pagina\\\/larcivescovo-oggi-nomina-otto-nuovi-diaconi-anche-uno-di-origgio-di-lainate-di-pero-e-di-seregno\\\/#breadcrumb\",\"itemListElement\":[{\"@type\":\"ListItem\",\"position\":1,\"name\":\"tds_text_logo_tagline_colortds_text_logo_tagline_colortds_text_logo_tagline_colortds_text_logo_tagline_colortd_module_7_title_excerpttd_module_7_title_excerpttd_module_7_title_excerpttd_module_7_title_excerptHome\",\"item\":\"https:\\\/\\\/www.ilnotiziario.net\\\/wp\\\/\"},{\"@type\":\"ListItem\",\"position\":2,\"name\":\"L&#8217;Arcivescovo oggi nomina otto nuovi diaconi: anche uno di Origgio, di Lainate, di Pero e di Seregno\"}]},{\"@type\":\"WebSite\",\"@id\":\"https:\\\/\\\/www.ilnotiziario.net\\\/wp\\\/#website\",\"url\":\"https:\\\/\\\/www.ilnotiziario.net\\\/wp\\\/\",\"name\":\"Il Notiziario\",\"description\":\"Per restare sempre connessi alla notizia\",\"publisher\":{\"@id\":\"https:\\\/\\\/www.ilnotiziario.net\\\/wp\\\/#organization\"},\"alternateName\":\"Il Notiziario Bollate\",\"potentialAction\":[{\"@type\":\"SearchAction\",\"target\":{\"@type\":\"EntryPoint\",\"urlTemplate\":\"https:\\\/\\\/www.ilnotiziario.net\\\/wp\\\/?s={search_term_string}\"},\"query-input\":{\"@type\":\"PropertyValueSpecification\",\"valueRequired\":true,\"valueName\":\"search_term_string\"}}],\"inLanguage\":\"it-IT\"},{\"@type\":\"Organization\",\"@id\":\"https:\\\/\\\/www.ilnotiziario.net\\\/wp\\\/#organization\",\"name\":\"Il Notiziario\",\"url\":\"https:\\\/\\\/www.ilnotiziario.net\\\/wp\\\/\",\"logo\":{\"@type\":\"ImageObject\",\"inLanguage\":\"it-IT\",\"@id\":\"https:\\\/\\\/www.ilnotiziario.net\\\/wp\\\/#\\\/schema\\\/logo\\\/image\\\/\",\"url\":\"https:\\\/\\\/www.ilnotiziario.net\\\/wp\\\/wp-content\\\/uploads\\\/2022\\\/06\\\/170x170ilN.png\",\"contentUrl\":\"https:\\\/\\\/www.ilnotiziario.net\\\/wp\\\/wp-content\\\/uploads\\\/2022\\\/06\\\/170x170ilN.png\",\"width\":355,\"height\":355,\"caption\":\"Il Notiziario\"},\"image\":{\"@id\":\"https:\\\/\\\/www.ilnotiziario.net\\\/wp\\\/#\\\/schema\\\/logo\\\/image\\\/\"},\"sameAs\":[\"https:\\\/\\\/www.facebook.com\\\/ilnotiziarioind\\\/\",\"https:\\\/\\\/x.com\\\/ilNotiziarioInd\",\"https:\\\/\\\/www.instagram.com\\\/ilnotiziario_settimanale\\\/\"]},{\"@type\":\"Person\",\"@id\":\"https:\\\/\\\/www.ilnotiziario.net\\\/wp\\\/#\\\/schema\\\/person\\\/82fdd8795bbed42a4164047853b6efe7\",\"name\":\"Stefano Di Maria\",\"image\":{\"@type\":\"ImageObject\",\"inLanguage\":\"it-IT\",\"@id\":\"https:\\\/\\\/secure.gravatar.com\\\/avatar\\\/b3163d1e75da759bd0a681248e88a87d84bdd563fec9b060a3ae82742880745a?s=96&d=mm&r=g\",\"url\":\"https:\\\/\\\/secure.gravatar.com\\\/avatar\\\/b3163d1e75da759bd0a681248e88a87d84bdd563fec9b060a3ae82742880745a?s=96&d=mm&r=g\",\"contentUrl\":\"https:\\\/\\\/secure.gravatar.com\\\/avatar\\\/b3163d1e75da759bd0a681248e88a87d84bdd563fec9b060a3ae82742880745a?s=96&d=mm&r=g\",\"caption\":\"Stefano Di Maria\"},\"sameAs\":[\"http:\\\/\\\/www.ilnotiziario.net\"]}]}<\/script>\n<!-- \/ Yoast SEO plugin. -->","yoast_head_json":{"title":"L'Arcivescovo oggi nomina otto nuovi diaconi: anche uno di Origgio, di Lainate, di Pero e di Seregno - Il Notiziario","description":"Oggi, sabato 4 novembre, alle 17.30, l\u2019Arcivescovo di Milano Monsignor Mario Delpini, ordiner\u00e0 in Duomo otto nuovi diaconi permanenti","robots":{"index":"index","follow":"follow","max-snippet":"max-snippet:-1","max-image-preview":"max-image-preview:large","max-video-preview":"max-video-preview:-1"},"canonical":"https:\/\/www.ilnotiziario.net\/wp\/prima-pagina\/larcivescovo-oggi-nomina-otto-nuovi-diaconi-anche-uno-di-origgio-di-lainate-di-pero-e-di-seregno\/","og_locale":"it_IT","og_type":"article","og_title":"L'Arcivescovo oggi nomina otto nuovi diaconi: anche uno di Origgio, di Lainate, di Pero e di Seregno - Il Notiziario","og_description":"Oggi, sabato 4 novembre, alle 17.30, l\u2019Arcivescovo di Milano Monsignor Mario Delpini, ordiner\u00e0 in Duomo otto nuovi diaconi permanenti","og_url":"https:\/\/www.ilnotiziario.net\/wp\/prima-pagina\/larcivescovo-oggi-nomina-otto-nuovi-diaconi-anche-uno-di-origgio-di-lainate-di-pero-e-di-seregno\/","og_site_name":"Il Notiziario","article_publisher":"https:\/\/www.facebook.com\/ilnotiziarioind\/","article_published_time":"2023-11-04T07:33:43+00:00","og_image":[{"width":980,"height":551,"url":"https:\/\/www.ilnotiziario.net\/wp\/wp-content\/uploads\/2023\/11\/Diaconi-Permanenti-2023-980x551-1.jpg","type":"image\/jpeg"}],"author":"Stefano Di Maria","twitter_card":"summary_large_image","twitter_creator":"@ilNotiziarioInd","twitter_site":"@ilNotiziarioInd","twitter_misc":{"Scritto da":"Stefano Di Maria","Tempo di lettura stimato":"3 minuti"},"schema":{"@context":"https:\/\/schema.org","@graph":[{"@type":"Article","@id":"https:\/\/www.ilnotiziario.net\/wp\/prima-pagina\/larcivescovo-oggi-nomina-otto-nuovi-diaconi-anche-uno-di-origgio-di-lainate-di-pero-e-di-seregno\/#article","isPartOf":{"@id":"https:\/\/www.ilnotiziario.net\/wp\/prima-pagina\/larcivescovo-oggi-nomina-otto-nuovi-diaconi-anche-uno-di-origgio-di-lainate-di-pero-e-di-seregno\/"},"author":{"name":"Stefano Di Maria","@id":"https:\/\/www.ilnotiziario.net\/wp\/#\/schema\/person\/82fdd8795bbed42a4164047853b6efe7"},"headline":"L&#8217;Arcivescovo oggi nomina otto nuovi diaconi: anche uno di Origgio, di Lainate, di Pero e di Seregno","datePublished":"2023-11-04T07:33:43+00:00","mainEntityOfPage":{"@id":"https:\/\/www.ilnotiziario.net\/wp\/prima-pagina\/larcivescovo-oggi-nomina-otto-nuovi-diaconi-anche-uno-di-origgio-di-lainate-di-pero-e-di-seregno\/"},"wordCount":513,"publisher":{"@id":"https:\/\/www.ilnotiziario.net\/wp\/#organization"},"image":{"@id":"https:\/\/www.ilnotiziario.net\/wp\/prima-pagina\/larcivescovo-oggi-nomina-otto-nuovi-diaconi-anche-uno-di-origgio-di-lainate-di-pero-e-di-seregno\/#primaryimage"},"thumbnailUrl":"https:\/\/www.ilnotiziario.net\/wp\/wp-content\/uploads\/2023\/11\/Diaconi-Permanenti-2023-980x551-1.jpg","keywords":["Lainate","Nuovi diaconi","Origgio","Pero","Seregno"],"articleSection":["BRIANZA","Prima Pagina","SARONNESE"],"inLanguage":"it-IT"},{"@type":"WebPage","@id":"https:\/\/www.ilnotiziario.net\/wp\/prima-pagina\/larcivescovo-oggi-nomina-otto-nuovi-diaconi-anche-uno-di-origgio-di-lainate-di-pero-e-di-seregno\/","url":"https:\/\/www.ilnotiziario.net\/wp\/prima-pagina\/larcivescovo-oggi-nomina-otto-nuovi-diaconi-anche-uno-di-origgio-di-lainate-di-pero-e-di-seregno\/","name":"L'Arcivescovo oggi nomina otto nuovi diaconi: anche uno di Origgio, di Lainate, di Pero e di Seregno - Il Notiziario","isPartOf":{"@id":"https:\/\/www.ilnotiziario.net\/wp\/#website"},"primaryImageOfPage":{"@id":"https:\/\/www.ilnotiziario.net\/wp\/prima-pagina\/larcivescovo-oggi-nomina-otto-nuovi-diaconi-anche-uno-di-origgio-di-lainate-di-pero-e-di-seregno\/#primaryimage"},"image":{"@id":"https:\/\/www.ilnotiziario.net\/wp\/prima-pagina\/larcivescovo-oggi-nomina-otto-nuovi-diaconi-anche-uno-di-origgio-di-lainate-di-pero-e-di-seregno\/#primaryimage"},"thumbnailUrl":"https:\/\/www.ilnotiziario.net\/wp\/wp-content\/uploads\/2023\/11\/Diaconi-Permanenti-2023-980x551-1.jpg","datePublished":"2023-11-04T07:33:43+00:00","description":"Oggi, sabato 4 novembre, alle 17.30, l\u2019Arcivescovo di Milano Monsignor Mario Delpini, ordiner\u00e0 in Duomo otto nuovi diaconi permanenti","breadcrumb":{"@id":"https:\/\/www.ilnotiziario.net\/wp\/prima-pagina\/larcivescovo-oggi-nomina-otto-nuovi-diaconi-anche-uno-di-origgio-di-lainate-di-pero-e-di-seregno\/#breadcrumb"},"inLanguage":"it-IT","potentialAction":[{"@type":"ReadAction","target":["https:\/\/www.ilnotiziario.net\/wp\/prima-pagina\/larcivescovo-oggi-nomina-otto-nuovi-diaconi-anche-uno-di-origgio-di-lainate-di-pero-e-di-seregno\/"]}]},{"@type":"ImageObject","inLanguage":"it-IT","@id":"https:\/\/www.ilnotiziario.net\/wp\/prima-pagina\/larcivescovo-oggi-nomina-otto-nuovi-diaconi-anche-uno-di-origgio-di-lainate-di-pero-e-di-seregno\/#primaryimage","url":"https:\/\/www.ilnotiziario.net\/wp\/wp-content\/uploads\/2023\/11\/Diaconi-Permanenti-2023-980x551-1.jpg","contentUrl":"https:\/\/www.ilnotiziario.net\/wp\/wp-content\/uploads\/2023\/11\/Diaconi-Permanenti-2023-980x551-1.jpg","width":980,"height":551,"caption":"Foto da chiesadimilano.it"},{"@type":"BreadcrumbList","@id":"https:\/\/www.ilnotiziario.net\/wp\/prima-pagina\/larcivescovo-oggi-nomina-otto-nuovi-diaconi-anche-uno-di-origgio-di-lainate-di-pero-e-di-seregno\/#breadcrumb","itemListElement":[{"@type":"ListItem","position":1,"name":"tds_text_logo_tagline_colortds_text_logo_tagline_colortds_text_logo_tagline_colortds_text_logo_tagline_colortd_module_7_title_excerpttd_module_7_title_excerpttd_module_7_title_excerpttd_module_7_title_excerptHome","item":"https:\/\/www.ilnotiziario.net\/wp\/"},{"@type":"ListItem","position":2,"name":"L&#8217;Arcivescovo oggi nomina otto nuovi diaconi: anche uno di Origgio, di Lainate, di Pero e di Seregno"}]},{"@type":"WebSite","@id":"https:\/\/www.ilnotiziario.net\/wp\/#website","url":"https:\/\/www.ilnotiziario.net\/wp\/","name":"Il Notiziario","description":"Per restare sempre connessi alla notizia","publisher":{"@id":"https:\/\/www.ilnotiziario.net\/wp\/#organization"},"alternateName":"Il Notiziario Bollate","potentialAction":[{"@type":"SearchAction","target":{"@type":"EntryPoint","urlTemplate":"https:\/\/www.ilnotiziario.net\/wp\/?s={search_term_string}"},"query-input":{"@type":"PropertyValueSpecification","valueRequired":true,"valueName":"search_term_string"}}],"inLanguage":"it-IT"},{"@type":"Organization","@id":"https:\/\/www.ilnotiziario.net\/wp\/#organization","name":"Il Notiziario","url":"https:\/\/www.ilnotiziario.net\/wp\/","logo":{"@type":"ImageObject","inLanguage":"it-IT","@id":"https:\/\/www.ilnotiziario.net\/wp\/#\/schema\/logo\/image\/","url":"https:\/\/www.ilnotiziario.net\/wp\/wp-content\/uploads\/2022\/06\/170x170ilN.png","contentUrl":"https:\/\/www.ilnotiziario.net\/wp\/wp-content\/uploads\/2022\/06\/170x170ilN.png","width":355,"height":355,"caption":"Il Notiziario"},"image":{"@id":"https:\/\/www.ilnotiziario.net\/wp\/#\/schema\/logo\/image\/"},"sameAs":["https:\/\/www.facebook.com\/ilnotiziarioind\/","https:\/\/x.com\/ilNotiziarioInd","https:\/\/www.instagram.com\/ilnotiziario_settimanale\/"]},{"@type":"Person","@id":"https:\/\/www.ilnotiziario.net\/wp\/#\/schema\/person\/82fdd8795bbed42a4164047853b6efe7","name":"Stefano Di Maria","image":{"@type":"ImageObject","inLanguage":"it-IT","@id":"https:\/\/secure.gravatar.com\/avatar\/b3163d1e75da759bd0a681248e88a87d84bdd563fec9b060a3ae82742880745a?s=96&d=mm&r=g","url":"https:\/\/secure.gravatar.com\/avatar\/b3163d1e75da759bd0a681248e88a87d84bdd563fec9b060a3ae82742880745a?s=96&d=mm&r=g","contentUrl":"https:\/\/secure.gravatar.com\/avatar\/b3163d1e75da759bd0a681248e88a87d84bdd563fec9b060a3ae82742880745a?s=96&d=mm&r=g","caption":"Stefano Di Maria"},"sameAs":["http:\/\/www.ilnotiziario.net"]}]}},"_links":{"self":[{"href":"https:\/\/www.ilnotiziario.net\/wp\/wp-json\/wp\/v2\/posts\/190045","targetHints":{"allow":["GET"]}}],"collection":[{"href":"https:\/\/www.ilnotiziario.net\/wp\/wp-json\/wp\/v2\/posts"}],"about":[{"href":"https:\/\/www.ilnotiziario.net\/wp\/wp-json\/wp\/v2\/types\/post"}],"author":[{"embeddable":true,"href":"https:\/\/www.ilnotiziario.net\/wp\/wp-json\/wp\/v2\/users\/6"}],"replies":[{"embeddable":true,"href":"https:\/\/www.ilnotiziario.net\/wp\/wp-json\/wp\/v2\/comments?post=190045"}],"version-history":[{"count":0,"href":"https:\/\/www.ilnotiziario.net\/wp\/wp-json\/wp\/v2\/posts\/190045\/revisions"}],"wp:featuredmedia":[{"embeddable":true,"href":"https:\/\/www.ilnotiziario.net\/wp\/wp-json\/wp\/v2\/media\/190046"}],"wp:attachment":[{"href":"https:\/\/www.ilnotiziario.net\/wp\/wp-json\/wp\/v2\/media?parent=190045"}],"wp:term":[{"taxonomy":"category","embeddable":true,"href":"https:\/\/www.ilnotiziario.net\/wp\/wp-json\/wp\/v2\/categories?post=190045"},{"taxonomy":"post_tag","embeddable":true,"href":"https:\/\/www.ilnotiziario.net\/wp\/wp-json\/wp\/v2\/tags?post=190045"}],"curies":[{"name":"wp","href":"https:\/\/api.w.org\/{rel}","templated":true}]}}