{"id":190235,"date":"2023-11-11T15:12:53","date_gmt":"2023-11-11T14:12:53","guid":{"rendered":"https:\/\/www.ilnotiziario.net\/wp\/?p=190235"},"modified":"2023-11-10T19:13:49","modified_gmt":"2023-11-10T18:13:49","slug":"cesate-con-i-coltelli-3-nordafricani-rapinano-un-ragazzino-in-treno","status":"publish","type":"post","link":"https:\/\/www.ilnotiziario.net\/wp\/bollatese\/cesate-con-i-coltelli-3-nordafricani-rapinano-un-ragazzino-in-treno\/","title":{"rendered":"Cesate, con i coltelli 3 nordafricani rapinano un ragazzino in treno"},"content":{"rendered":"<p>Cesate, con i coltelli 3 nordafricani rapinano un ragazzino in treno.<br \/>\nI treni della tratta Milano \u2013 Saronno sono sempre pi\u00f9 pericolosi, specie nelle ore serali: non si contano pi\u00f9, infatti, gli episodi di aggressioni e rapine che vi avvengono sopra.<\/p><div id=\"ilnot-1054979435\" class=\"ilnot-contenuto ilnot-entity-placement\"><p><!-- incontent_1 --><\/p>\n<div class=\"gptslot\" data-adunitid=\"1\"><\/div>\n<\/div>\n<p>L\u2019ultimo caso ha riguardato un ragazzino residente a Cesate che aveva preso il treno diretto a Cadorna venerd\u00ec attorno alle 8 di sera per recarsi a Bollate a incontrare un\u2019amica.<\/p>\n<p>Mentre si trovava sul vagone, dopo aver passato la stazione di Garbagnate Parco Groane, \u00e8 stato avvicinato da tre giovani che dall\u2019aspetto erano nordafricani, che lo hanno minacciato impugnando dei coltelli. Il ragazzino \u00e8 stato costretto a dar loro il portafogli, che conteneva circa 30 euro, dopo di che, scioccato per la terribile esperienza, \u00e8 sceso alla stazione di Bollate Nord mentre i rapinatori sono rimasti sul treno.<\/p><div id=\"ilnot-1656730447\" class=\"ilnot-contenuto_2 ilnot-entity-placement\"><div class=\"ads-wrapper\">\n<div class=\"ad-slot\">\n   <div id=\"ilnot-3663031304\" style=\"margin-right: auto;margin-left: auto;text-align: center;width: 320px;height: 100px;\"><a href=\"https:\/\/www.scuolasicurezza.it\/\"><img decoding=\"async\" src=\"https:\/\/www.ilnotiziario.net\/wp\/wp-content\/uploads\/2026\/04\/IlNotiziario_banner-sito-e-newsletter-320-x-100-px-1.gif\" alt=\"\"><\/a><\/div>\n  <\/div>\n<div class=\"ad-slot\">\n   <div id=\"ilnot-3147084526\" style=\"margin-right: auto;margin-left: auto;text-align: center;width: 320px;height: 100px;\"><a href=\"https:\/\/purodesignarredamenti.com\/\"><img decoding=\"async\" src=\"https:\/\/www.ilnotiziario.net\/wp\/wp-content\/uploads\/2026\/04\/banner-puro-ok.gif\" alt=\"whatsapp\"><\/a><\/div><\/p><\/div>\n<\/div>\n<\/div>\n<p>Ma il fatto ancor pi\u00f9 grave \u00e8 che questi tre pare abbiano rapinato anche altre persone sullo stesso convoglio, poich\u00e9 il ragazzino, prima di essere rapinato, ha sentito che i tre avvicinavano un altro passeggero e lo schiaffeggiavano, evidentemente per farsi consegnare soldi o telefonino.<\/p>\n<p>Un episodio che riporta l\u2019attenzione sulla pericolosit\u00e0 della tratta Milano \u2013 Saronno quando i treni non sono pi\u00f9 affollati dai pendolari: un problema che si sta aggravando ma che non si riesce ad arginare.<\/p>\n<p>Sfoglia il notiziario in formato digitale direttamente dal nostro sito edicola.ilnotiziario.net<\/p><div id=\"ilnot-2027298893\" class=\"ilnot-contenuto_2-2 ilnot-entity-placement\"><div class=\"gptslot\" data-adunitid=\"2\"><\/div>\n<\/div>\n","protected":false},"excerpt":{"rendered":"<p>Cesate, con i coltelli 3 nordafricani rapinano un ragazzino in treno. I treni della tratta Milano \u2013 Saronno sono sempre pi\u00f9 pericolosi, specie nelle ore serali: non si contano pi\u00f9, infatti, gli episodi di aggressioni e rapine che vi avvengono sopra. L\u2019ultimo caso ha riguardato un ragazzino residente a Cesate che aveva preso il treno<\/p>\n","protected":false},"author":14,"featured_media":158837,"comment_status":"closed","ping_status":"closed","sticky":false,"template":"","format":"standard","meta":{"footnotes":""},"categories":[8,11,20],"tags":[3434,5039,16158,35],"class_list":{"0":"post-190235","1":"post","2":"type-post","3":"status-publish","4":"format-standard","5":"has-post-thumbnail","7":"category-bollatese","8":"category-nord-milano","9":"category-prima-pagina","10":"tag-cesate","11":"tag-coltelli","12":"tag-rapinano","13":"tag-treno"},"yoast_head":"<!-- This site is optimized with the Yoast SEO plugin v27.5 - https:\/\/yoast.com\/product\/yoast-seo-wordpress\/ -->\n<title>Cesate, con i coltelli 3 nordafricani rapinano un ragazzino in treno - Il Notiziario<\/title>\n<meta name=\"description\" content=\"Cesate, con i coltelli 3 nordafricani rapinano un ragazzino in treno. I treni della tratta Milano \u2013 Saronno sono sempre pi\u00f9 pericolosi, specie nelle ore\" \/>\n<meta name=\"robots\" content=\"index, follow, max-snippet:-1, max-image-preview:large, max-video-preview:-1\" \/>\n<link rel=\"canonical\" href=\"https:\/\/www.ilnotiziario.net\/wp\/bollatese\/cesate-con-i-coltelli-3-nordafricani-rapinano-un-ragazzino-in-treno\/\" \/>\n<meta property=\"og:locale\" content=\"it_IT\" \/>\n<meta property=\"og:type\" content=\"article\" \/>\n<meta property=\"og:title\" content=\"Cesate, con i coltelli 3 nordafricani rapinano un ragazzino in treno - Il Notiziario\" \/>\n<meta property=\"og:description\" content=\"Cesate, con i coltelli 3 nordafricani rapinano un ragazzino in treno. I treni della tratta Milano \u2013 Saronno sono sempre pi\u00f9 pericolosi, specie nelle ore\" \/>\n<meta property=\"og:url\" content=\"https:\/\/www.ilnotiziario.net\/wp\/bollatese\/cesate-con-i-coltelli-3-nordafricani-rapinano-un-ragazzino-in-treno\/\" \/>\n<meta property=\"og:site_name\" content=\"Il Notiziario\" \/>\n<meta property=\"article:publisher\" content=\"https:\/\/www.facebook.com\/ilnotiziarioind\/\" \/>\n<meta property=\"article:published_time\" content=\"2023-11-11T14:12:53+00:00\" \/>\n<meta property=\"og:image\" content=\"https:\/\/www.ilnotiziario.net\/wp\/wp-content\/uploads\/2021\/11\/trenord-ritardo-scaled-e1684831955243.jpg\" \/>\n\t<meta property=\"og:image:width\" content=\"2560\" \/>\n\t<meta property=\"og:image:height\" content=\"1100\" \/>\n\t<meta property=\"og:image:type\" content=\"image\/jpeg\" \/>\n<meta name=\"author\" content=\"Silvia Citterio\" \/>\n<meta name=\"twitter:card\" content=\"summary_large_image\" \/>\n<meta name=\"twitter:creator\" content=\"@ilNotiziarioInd\" \/>\n<meta name=\"twitter:site\" content=\"@ilNotiziarioInd\" \/>\n<meta name=\"twitter:label1\" content=\"Scritto da\" \/>\n\t<meta name=\"twitter:data1\" content=\"Silvia Citterio\" \/>\n\t<meta name=\"twitter:label2\" content=\"Tempo di lettura stimato\" \/>\n\t<meta name=\"twitter:data2\" content=\"2 minuti\" \/>\n<script type=\"application\/ld+json\" class=\"yoast-schema-graph\">{\"@context\":\"https:\\\/\\\/schema.org\",\"@graph\":[{\"@type\":\"Article\",\"@id\":\"https:\\\/\\\/www.ilnotiziario.net\\\/wp\\\/bollatese\\\/cesate-con-i-coltelli-3-nordafricani-rapinano-un-ragazzino-in-treno\\\/#article\",\"isPartOf\":{\"@id\":\"https:\\\/\\\/www.ilnotiziario.net\\\/wp\\\/bollatese\\\/cesate-con-i-coltelli-3-nordafricani-rapinano-un-ragazzino-in-treno\\\/\"},\"author\":{\"name\":\"Silvia Citterio\",\"@id\":\"https:\\\/\\\/www.ilnotiziario.net\\\/wp\\\/#\\\/schema\\\/person\\\/c5bca2edc3d99d29959f04a6126f687b\"},\"headline\":\"Cesate, con i coltelli 3 nordafricani rapinano un ragazzino in treno\",\"datePublished\":\"2023-11-11T14:12:53+00:00\",\"mainEntityOfPage\":{\"@id\":\"https:\\\/\\\/www.ilnotiziario.net\\\/wp\\\/bollatese\\\/cesate-con-i-coltelli-3-nordafricani-rapinano-un-ragazzino-in-treno\\\/\"},\"wordCount\":236,\"publisher\":{\"@id\":\"https:\\\/\\\/www.ilnotiziario.net\\\/wp\\\/#organization\"},\"image\":{\"@id\":\"https:\\\/\\\/www.ilnotiziario.net\\\/wp\\\/bollatese\\\/cesate-con-i-coltelli-3-nordafricani-rapinano-un-ragazzino-in-treno\\\/#primaryimage\"},\"thumbnailUrl\":\"https:\\\/\\\/www.ilnotiziario.net\\\/wp\\\/wp-content\\\/uploads\\\/2021\\\/11\\\/trenord-ritardo-scaled-e1684831955243.jpg\",\"keywords\":[\"Cesate\",\"Coltelli\",\"rapinano\",\"treno\"],\"articleSection\":[\"BOLLATESE\",\"NORD MILANO\",\"Prima Pagina\"],\"inLanguage\":\"it-IT\"},{\"@type\":\"WebPage\",\"@id\":\"https:\\\/\\\/www.ilnotiziario.net\\\/wp\\\/bollatese\\\/cesate-con-i-coltelli-3-nordafricani-rapinano-un-ragazzino-in-treno\\\/\",\"url\":\"https:\\\/\\\/www.ilnotiziario.net\\\/wp\\\/bollatese\\\/cesate-con-i-coltelli-3-nordafricani-rapinano-un-ragazzino-in-treno\\\/\",\"name\":\"Cesate, con i coltelli 3 nordafricani rapinano un ragazzino in treno - Il Notiziario\",\"isPartOf\":{\"@id\":\"https:\\\/\\\/www.ilnotiziario.net\\\/wp\\\/#website\"},\"primaryImageOfPage\":{\"@id\":\"https:\\\/\\\/www.ilnotiziario.net\\\/wp\\\/bollatese\\\/cesate-con-i-coltelli-3-nordafricani-rapinano-un-ragazzino-in-treno\\\/#primaryimage\"},\"image\":{\"@id\":\"https:\\\/\\\/www.ilnotiziario.net\\\/wp\\\/bollatese\\\/cesate-con-i-coltelli-3-nordafricani-rapinano-un-ragazzino-in-treno\\\/#primaryimage\"},\"thumbnailUrl\":\"https:\\\/\\\/www.ilnotiziario.net\\\/wp\\\/wp-content\\\/uploads\\\/2021\\\/11\\\/trenord-ritardo-scaled-e1684831955243.jpg\",\"datePublished\":\"2023-11-11T14:12:53+00:00\",\"description\":\"Cesate, con i coltelli 3 nordafricani rapinano un ragazzino in treno. I treni della tratta Milano \u2013 Saronno sono sempre pi\u00f9 pericolosi, specie nelle ore\",\"breadcrumb\":{\"@id\":\"https:\\\/\\\/www.ilnotiziario.net\\\/wp\\\/bollatese\\\/cesate-con-i-coltelli-3-nordafricani-rapinano-un-ragazzino-in-treno\\\/#breadcrumb\"},\"inLanguage\":\"it-IT\",\"potentialAction\":[{\"@type\":\"ReadAction\",\"target\":[\"https:\\\/\\\/www.ilnotiziario.net\\\/wp\\\/bollatese\\\/cesate-con-i-coltelli-3-nordafricani-rapinano-un-ragazzino-in-treno\\\/\"]}]},{\"@type\":\"ImageObject\",\"inLanguage\":\"it-IT\",\"@id\":\"https:\\\/\\\/www.ilnotiziario.net\\\/wp\\\/bollatese\\\/cesate-con-i-coltelli-3-nordafricani-rapinano-un-ragazzino-in-treno\\\/#primaryimage\",\"url\":\"https:\\\/\\\/www.ilnotiziario.net\\\/wp\\\/wp-content\\\/uploads\\\/2021\\\/11\\\/trenord-ritardo-scaled-e1684831955243.jpg\",\"contentUrl\":\"https:\\\/\\\/www.ilnotiziario.net\\\/wp\\\/wp-content\\\/uploads\\\/2021\\\/11\\\/trenord-ritardo-scaled-e1684831955243.jpg\",\"width\":2560,\"height\":1100,\"caption\":\"Cesate coltelli rapinano treno\"},{\"@type\":\"BreadcrumbList\",\"@id\":\"https:\\\/\\\/www.ilnotiziario.net\\\/wp\\\/bollatese\\\/cesate-con-i-coltelli-3-nordafricani-rapinano-un-ragazzino-in-treno\\\/#breadcrumb\",\"itemListElement\":[{\"@type\":\"ListItem\",\"position\":1,\"name\":\"tds_text_logo_tagline_colortds_text_logo_tagline_colortds_text_logo_tagline_colortds_text_logo_tagline_colortd_module_7_title_excerpttd_module_7_title_excerpttd_module_7_title_excerpttd_module_7_title_excerptHome\",\"item\":\"https:\\\/\\\/www.ilnotiziario.net\\\/wp\\\/\"},{\"@type\":\"ListItem\",\"position\":2,\"name\":\"Cesate, con i coltelli 3 nordafricani rapinano un ragazzino in treno\"}]},{\"@type\":\"WebSite\",\"@id\":\"https:\\\/\\\/www.ilnotiziario.net\\\/wp\\\/#website\",\"url\":\"https:\\\/\\\/www.ilnotiziario.net\\\/wp\\\/\",\"name\":\"Il Notiziario\",\"description\":\"Per restare sempre connessi alla notizia\",\"publisher\":{\"@id\":\"https:\\\/\\\/www.ilnotiziario.net\\\/wp\\\/#organization\"},\"alternateName\":\"Il Notiziario Bollate\",\"potentialAction\":[{\"@type\":\"SearchAction\",\"target\":{\"@type\":\"EntryPoint\",\"urlTemplate\":\"https:\\\/\\\/www.ilnotiziario.net\\\/wp\\\/?s={search_term_string}\"},\"query-input\":{\"@type\":\"PropertyValueSpecification\",\"valueRequired\":true,\"valueName\":\"search_term_string\"}}],\"inLanguage\":\"it-IT\"},{\"@type\":\"Organization\",\"@id\":\"https:\\\/\\\/www.ilnotiziario.net\\\/wp\\\/#organization\",\"name\":\"Il Notiziario\",\"url\":\"https:\\\/\\\/www.ilnotiziario.net\\\/wp\\\/\",\"logo\":{\"@type\":\"ImageObject\",\"inLanguage\":\"it-IT\",\"@id\":\"https:\\\/\\\/www.ilnotiziario.net\\\/wp\\\/#\\\/schema\\\/logo\\\/image\\\/\",\"url\":\"https:\\\/\\\/www.ilnotiziario.net\\\/wp\\\/wp-content\\\/uploads\\\/2022\\\/06\\\/170x170ilN.png\",\"contentUrl\":\"https:\\\/\\\/www.ilnotiziario.net\\\/wp\\\/wp-content\\\/uploads\\\/2022\\\/06\\\/170x170ilN.png\",\"width\":355,\"height\":355,\"caption\":\"Il Notiziario\"},\"image\":{\"@id\":\"https:\\\/\\\/www.ilnotiziario.net\\\/wp\\\/#\\\/schema\\\/logo\\\/image\\\/\"},\"sameAs\":[\"https:\\\/\\\/www.facebook.com\\\/ilnotiziarioind\\\/\",\"https:\\\/\\\/x.com\\\/ilNotiziarioInd\",\"https:\\\/\\\/www.instagram.com\\\/ilnotiziario_settimanale\\\/\"]},{\"@type\":\"Person\",\"@id\":\"https:\\\/\\\/www.ilnotiziario.net\\\/wp\\\/#\\\/schema\\\/person\\\/c5bca2edc3d99d29959f04a6126f687b\",\"name\":\"Silvia Citterio\",\"image\":{\"@type\":\"ImageObject\",\"inLanguage\":\"it-IT\",\"@id\":\"https:\\\/\\\/secure.gravatar.com\\\/avatar\\\/03eb19c63b944e79a9b5ce53ca5d1ca303edcf368a68721ec3ccaae7f98c5afd?s=96&d=mm&r=g\",\"url\":\"https:\\\/\\\/secure.gravatar.com\\\/avatar\\\/03eb19c63b944e79a9b5ce53ca5d1ca303edcf368a68721ec3ccaae7f98c5afd?s=96&d=mm&r=g\",\"contentUrl\":\"https:\\\/\\\/secure.gravatar.com\\\/avatar\\\/03eb19c63b944e79a9b5ce53ca5d1ca303edcf368a68721ec3ccaae7f98c5afd?s=96&d=mm&r=g\",\"caption\":\"Silvia Citterio\"}}]}<\/script>\n<!-- \/ Yoast SEO plugin. -->","yoast_head_json":{"title":"Cesate, con i coltelli 3 nordafricani rapinano un ragazzino in treno - Il Notiziario","description":"Cesate, con i coltelli 3 nordafricani rapinano un ragazzino in treno. I treni della tratta Milano \u2013 Saronno sono sempre pi\u00f9 pericolosi, specie nelle ore","robots":{"index":"index","follow":"follow","max-snippet":"max-snippet:-1","max-image-preview":"max-image-preview:large","max-video-preview":"max-video-preview:-1"},"canonical":"https:\/\/www.ilnotiziario.net\/wp\/bollatese\/cesate-con-i-coltelli-3-nordafricani-rapinano-un-ragazzino-in-treno\/","og_locale":"it_IT","og_type":"article","og_title":"Cesate, con i coltelli 3 nordafricani rapinano un ragazzino in treno - Il Notiziario","og_description":"Cesate, con i coltelli 3 nordafricani rapinano un ragazzino in treno. I treni della tratta Milano \u2013 Saronno sono sempre pi\u00f9 pericolosi, specie nelle ore","og_url":"https:\/\/www.ilnotiziario.net\/wp\/bollatese\/cesate-con-i-coltelli-3-nordafricani-rapinano-un-ragazzino-in-treno\/","og_site_name":"Il Notiziario","article_publisher":"https:\/\/www.facebook.com\/ilnotiziarioind\/","article_published_time":"2023-11-11T14:12:53+00:00","og_image":[{"width":2560,"height":1100,"url":"https:\/\/www.ilnotiziario.net\/wp\/wp-content\/uploads\/2021\/11\/trenord-ritardo-scaled-e1684831955243.jpg","type":"image\/jpeg"}],"author":"Silvia Citterio","twitter_card":"summary_large_image","twitter_creator":"@ilNotiziarioInd","twitter_site":"@ilNotiziarioInd","twitter_misc":{"Scritto da":"Silvia Citterio","Tempo di lettura stimato":"2 minuti"},"schema":{"@context":"https:\/\/schema.org","@graph":[{"@type":"Article","@id":"https:\/\/www.ilnotiziario.net\/wp\/bollatese\/cesate-con-i-coltelli-3-nordafricani-rapinano-un-ragazzino-in-treno\/#article","isPartOf":{"@id":"https:\/\/www.ilnotiziario.net\/wp\/bollatese\/cesate-con-i-coltelli-3-nordafricani-rapinano-un-ragazzino-in-treno\/"},"author":{"name":"Silvia Citterio","@id":"https:\/\/www.ilnotiziario.net\/wp\/#\/schema\/person\/c5bca2edc3d99d29959f04a6126f687b"},"headline":"Cesate, con i coltelli 3 nordafricani rapinano un ragazzino in treno","datePublished":"2023-11-11T14:12:53+00:00","mainEntityOfPage":{"@id":"https:\/\/www.ilnotiziario.net\/wp\/bollatese\/cesate-con-i-coltelli-3-nordafricani-rapinano-un-ragazzino-in-treno\/"},"wordCount":236,"publisher":{"@id":"https:\/\/www.ilnotiziario.net\/wp\/#organization"},"image":{"@id":"https:\/\/www.ilnotiziario.net\/wp\/bollatese\/cesate-con-i-coltelli-3-nordafricani-rapinano-un-ragazzino-in-treno\/#primaryimage"},"thumbnailUrl":"https:\/\/www.ilnotiziario.net\/wp\/wp-content\/uploads\/2021\/11\/trenord-ritardo-scaled-e1684831955243.jpg","keywords":["Cesate","Coltelli","rapinano","treno"],"articleSection":["BOLLATESE","NORD MILANO","Prima Pagina"],"inLanguage":"it-IT"},{"@type":"WebPage","@id":"https:\/\/www.ilnotiziario.net\/wp\/bollatese\/cesate-con-i-coltelli-3-nordafricani-rapinano-un-ragazzino-in-treno\/","url":"https:\/\/www.ilnotiziario.net\/wp\/bollatese\/cesate-con-i-coltelli-3-nordafricani-rapinano-un-ragazzino-in-treno\/","name":"Cesate, con i coltelli 3 nordafricani rapinano un ragazzino in treno - Il Notiziario","isPartOf":{"@id":"https:\/\/www.ilnotiziario.net\/wp\/#website"},"primaryImageOfPage":{"@id":"https:\/\/www.ilnotiziario.net\/wp\/bollatese\/cesate-con-i-coltelli-3-nordafricani-rapinano-un-ragazzino-in-treno\/#primaryimage"},"image":{"@id":"https:\/\/www.ilnotiziario.net\/wp\/bollatese\/cesate-con-i-coltelli-3-nordafricani-rapinano-un-ragazzino-in-treno\/#primaryimage"},"thumbnailUrl":"https:\/\/www.ilnotiziario.net\/wp\/wp-content\/uploads\/2021\/11\/trenord-ritardo-scaled-e1684831955243.jpg","datePublished":"2023-11-11T14:12:53+00:00","description":"Cesate, con i coltelli 3 nordafricani rapinano un ragazzino in treno. I treni della tratta Milano \u2013 Saronno sono sempre pi\u00f9 pericolosi, specie nelle ore","breadcrumb":{"@id":"https:\/\/www.ilnotiziario.net\/wp\/bollatese\/cesate-con-i-coltelli-3-nordafricani-rapinano-un-ragazzino-in-treno\/#breadcrumb"},"inLanguage":"it-IT","potentialAction":[{"@type":"ReadAction","target":["https:\/\/www.ilnotiziario.net\/wp\/bollatese\/cesate-con-i-coltelli-3-nordafricani-rapinano-un-ragazzino-in-treno\/"]}]},{"@type":"ImageObject","inLanguage":"it-IT","@id":"https:\/\/www.ilnotiziario.net\/wp\/bollatese\/cesate-con-i-coltelli-3-nordafricani-rapinano-un-ragazzino-in-treno\/#primaryimage","url":"https:\/\/www.ilnotiziario.net\/wp\/wp-content\/uploads\/2021\/11\/trenord-ritardo-scaled-e1684831955243.jpg","contentUrl":"https:\/\/www.ilnotiziario.net\/wp\/wp-content\/uploads\/2021\/11\/trenord-ritardo-scaled-e1684831955243.jpg","width":2560,"height":1100,"caption":"Cesate coltelli rapinano treno"},{"@type":"BreadcrumbList","@id":"https:\/\/www.ilnotiziario.net\/wp\/bollatese\/cesate-con-i-coltelli-3-nordafricani-rapinano-un-ragazzino-in-treno\/#breadcrumb","itemListElement":[{"@type":"ListItem","position":1,"name":"tds_text_logo_tagline_colortds_text_logo_tagline_colortds_text_logo_tagline_colortds_text_logo_tagline_colortd_module_7_title_excerpttd_module_7_title_excerpttd_module_7_title_excerpttd_module_7_title_excerptHome","item":"https:\/\/www.ilnotiziario.net\/wp\/"},{"@type":"ListItem","position":2,"name":"Cesate, con i coltelli 3 nordafricani rapinano un ragazzino in treno"}]},{"@type":"WebSite","@id":"https:\/\/www.ilnotiziario.net\/wp\/#website","url":"https:\/\/www.ilnotiziario.net\/wp\/","name":"Il Notiziario","description":"Per restare sempre connessi alla notizia","publisher":{"@id":"https:\/\/www.ilnotiziario.net\/wp\/#organization"},"alternateName":"Il Notiziario Bollate","potentialAction":[{"@type":"SearchAction","target":{"@type":"EntryPoint","urlTemplate":"https:\/\/www.ilnotiziario.net\/wp\/?s={search_term_string}"},"query-input":{"@type":"PropertyValueSpecification","valueRequired":true,"valueName":"search_term_string"}}],"inLanguage":"it-IT"},{"@type":"Organization","@id":"https:\/\/www.ilnotiziario.net\/wp\/#organization","name":"Il Notiziario","url":"https:\/\/www.ilnotiziario.net\/wp\/","logo":{"@type":"ImageObject","inLanguage":"it-IT","@id":"https:\/\/www.ilnotiziario.net\/wp\/#\/schema\/logo\/image\/","url":"https:\/\/www.ilnotiziario.net\/wp\/wp-content\/uploads\/2022\/06\/170x170ilN.png","contentUrl":"https:\/\/www.ilnotiziario.net\/wp\/wp-content\/uploads\/2022\/06\/170x170ilN.png","width":355,"height":355,"caption":"Il Notiziario"},"image":{"@id":"https:\/\/www.ilnotiziario.net\/wp\/#\/schema\/logo\/image\/"},"sameAs":["https:\/\/www.facebook.com\/ilnotiziarioind\/","https:\/\/x.com\/ilNotiziarioInd","https:\/\/www.instagram.com\/ilnotiziario_settimanale\/"]},{"@type":"Person","@id":"https:\/\/www.ilnotiziario.net\/wp\/#\/schema\/person\/c5bca2edc3d99d29959f04a6126f687b","name":"Silvia Citterio","image":{"@type":"ImageObject","inLanguage":"it-IT","@id":"https:\/\/secure.gravatar.com\/avatar\/03eb19c63b944e79a9b5ce53ca5d1ca303edcf368a68721ec3ccaae7f98c5afd?s=96&d=mm&r=g","url":"https:\/\/secure.gravatar.com\/avatar\/03eb19c63b944e79a9b5ce53ca5d1ca303edcf368a68721ec3ccaae7f98c5afd?s=96&d=mm&r=g","contentUrl":"https:\/\/secure.gravatar.com\/avatar\/03eb19c63b944e79a9b5ce53ca5d1ca303edcf368a68721ec3ccaae7f98c5afd?s=96&d=mm&r=g","caption":"Silvia Citterio"}}]}},"_links":{"self":[{"href":"https:\/\/www.ilnotiziario.net\/wp\/wp-json\/wp\/v2\/posts\/190235","targetHints":{"allow":["GET"]}}],"collection":[{"href":"https:\/\/www.ilnotiziario.net\/wp\/wp-json\/wp\/v2\/posts"}],"about":[{"href":"https:\/\/www.ilnotiziario.net\/wp\/wp-json\/wp\/v2\/types\/post"}],"author":[{"embeddable":true,"href":"https:\/\/www.ilnotiziario.net\/wp\/wp-json\/wp\/v2\/users\/14"}],"replies":[{"embeddable":true,"href":"https:\/\/www.ilnotiziario.net\/wp\/wp-json\/wp\/v2\/comments?post=190235"}],"version-history":[{"count":0,"href":"https:\/\/www.ilnotiziario.net\/wp\/wp-json\/wp\/v2\/posts\/190235\/revisions"}],"wp:featuredmedia":[{"embeddable":true,"href":"https:\/\/www.ilnotiziario.net\/wp\/wp-json\/wp\/v2\/media\/158837"}],"wp:attachment":[{"href":"https:\/\/www.ilnotiziario.net\/wp\/wp-json\/wp\/v2\/media?parent=190235"}],"wp:term":[{"taxonomy":"category","embeddable":true,"href":"https:\/\/www.ilnotiziario.net\/wp\/wp-json\/wp\/v2\/categories?post=190235"},{"taxonomy":"post_tag","embeddable":true,"href":"https:\/\/www.ilnotiziario.net\/wp\/wp-json\/wp\/v2\/tags?post=190235"}],"curies":[{"name":"wp","href":"https:\/\/api.w.org\/{rel}","templated":true}]}}