{"id":190388,"date":"2023-11-15T18:40:50","date_gmt":"2023-11-15T17:40:50","guid":{"rendered":"https:\/\/www.ilnotiziario.net\/wp\/?p=190388"},"modified":"2023-11-15T20:31:25","modified_gmt":"2023-11-15T19:31:25","slug":"sciopero-venerdi-17-trenord-treni-garantiti-rischio","status":"publish","type":"post","link":"https:\/\/www.ilnotiziario.net\/wp\/prima-pagina\/sciopero-venerdi-17-trenord-treni-garantiti-rischio\/","title":{"rendered":"Sciopero venerd\u00ec 17, Trenord: treni garantiti e a rischio"},"content":{"rendered":"<p>Trenord non \u00e8 coinvolto nello sciopero nazionale di venerd\u00ec 17 novembre tra le 9 e le 13. Potrebbero per\u00f2 aderire i lavoratori delle imprese che gestiscono l\u2019infrastruttura ferroviaria, Ferrovienord e Rfi. Lo comunica l&#8217;azienda, precisando che &#8220;l\u2019eventuale adesione allo sciopero del personale dei gestori delle infrastrutture potr\u00e0 ripercuotersi anche sul servizio offerto da Trenord, causando limitazioni e cancellazioni dei treni regionali, suburbani e del collegamento aeroportuale Malpensa Express&#8221;.<\/p><div id=\"ilnot-1087427842\" class=\"ilnot-contenuto ilnot-entity-placement\"><p><!-- incontent_1 --><\/p>\n<div class=\"gptslot\" data-adunitid=\"1\"><\/div>\n<\/div>\n<h2>Fra i treni garantiti venerd\u00ec 17, il Malpensa Express dalle 9 alle 10<\/h2>\n<p>Nella mattina di venerd\u00ec saranno garantiti i treni con orario di partenza entro le 9 e arrivo alla destinazione finale entro le 10. Sempre per quanto riguarda il collegamento aeroportuale, verranno previsti autobus sostitutivi, senza fermate intermedie, per eventuali corse non effettuate tra Milano Cadorna e Malpensa Aeroporto (da Milano i bus partiranno da via Paleocapa 1) e tra Busto Arsizio e Malpensa Aeroporto.<\/p>\n<p>&#8220;Informazioni in tempo reale sulla circolazione saranno disponibili sulle pagine di ogni linea della app e del sito Trenord &#8211; informa l&#8217;azienda &#8211; Si invitano i passeggeri a prestare attenzione ad annunci sonori e monitor di stazione&#8221;.<\/p><div id=\"ilnot-2065296179\" class=\"ilnot-contenuto_2 ilnot-entity-placement\"><div class=\"ads-wrapper\">\n<div class=\"ad-slot\">\n   <div id=\"ilnot-2914260827\" style=\"margin-right: auto;margin-left: auto;text-align: center;width: 320px;height: 100px;\"><a href=\"https:\/\/www.scuolasicurezza.it\/\"><img decoding=\"async\" src=\"https:\/\/www.ilnotiziario.net\/wp\/wp-content\/uploads\/2026\/04\/IlNotiziario_banner-sito-e-newsletter-320-x-100-px-1.gif\" alt=\"\"><\/a><\/div>\n  <\/div>\n<div class=\"ad-slot\">\n   <div id=\"ilnot-2472540933\" style=\"margin-right: auto;margin-left: auto;text-align: center;width: 320px;height: 100px;\"><a href=\"https:\/\/purodesignarredamenti.com\/\"><img decoding=\"async\" src=\"https:\/\/www.ilnotiziario.net\/wp\/wp-content\/uploads\/2026\/04\/banner-puro-ok.gif\" alt=\"whatsapp\"><\/a><\/div><\/p><\/div>\n<\/div>\n<\/div>\n<p>Sfoglia l\u2019edizione digitale del notiziario su Pc, smartphone tablet, direttamente dal nostro sito&nbsp;<a href=\"http:\/\/edicola.ilnotiziario.net\/\"><strong>edicola.ilnotiziario.net&nbsp;<\/strong><\/a><\/p>\n<p>Condividi questo articolo!<\/p>\n","protected":false},"excerpt":{"rendered":"<p>Trenord non \u00e8 coinvolto nello sciopero nazionale di venerd\u00ec 17 novembre tra le 9 e le 13. Potrebbero per\u00f2 aderire i lavoratori delle imprese che gestiscono l\u2019infrastruttura ferroviaria, Ferrovienord e Rfi. Lo comunica l&#8217;azienda, precisando che &#8220;l\u2019eventuale adesione allo sciopero del personale dei gestori delle infrastrutture potr\u00e0 ripercuotersi anche sul servizio offerto da Trenord, causando<\/p>\n","protected":false},"author":6,"featured_media":185437,"comment_status":"closed","ping_status":"closed","sticky":false,"template":"","format":"standard","meta":{"footnotes":""},"categories":[8,9,20,13,14],"tags":[711,421,34],"class_list":{"0":"post-190388","1":"post","2":"type-post","3":"status-publish","4":"format-standard","5":"has-post-thumbnail","7":"category-bollatese","8":"category-brianza","9":"category-prima-pagina","10":"category-saronnese","11":"category-saronno","12":"tag-malpensa-express","13":"tag-sciopero","14":"tag-trenord"},"yoast_head":"<!-- This site is optimized with the Yoast SEO plugin v27.5 - https:\/\/yoast.com\/product\/yoast-seo-wordpress\/ -->\n<title>Sciopero venerd\u00ec 17, Trenord: treni garantiti e a rischio - Il Notiziario<\/title>\n<meta name=\"description\" content=\"Trenord non \u00e8 coinvolto nello sciopero nazionale di venerd\u00ec 17 novembre tra le 9 e le 13. Potrebbero per\u00f2 aderire i lavoratori delle imprese che\" \/>\n<meta name=\"robots\" content=\"index, follow, max-snippet:-1, max-image-preview:large, max-video-preview:-1\" \/>\n<link rel=\"canonical\" href=\"https:\/\/www.ilnotiziario.net\/wp\/prima-pagina\/sciopero-venerdi-17-trenord-treni-garantiti-rischio\/\" \/>\n<meta property=\"og:locale\" content=\"it_IT\" \/>\n<meta property=\"og:type\" content=\"article\" \/>\n<meta property=\"og:title\" content=\"Sciopero venerd\u00ec 17, Trenord: treni garantiti e a rischio - Il Notiziario\" \/>\n<meta property=\"og:description\" content=\"Trenord non \u00e8 coinvolto nello sciopero nazionale di venerd\u00ec 17 novembre tra le 9 e le 13. Potrebbero per\u00f2 aderire i lavoratori delle imprese che\" \/>\n<meta property=\"og:url\" content=\"https:\/\/www.ilnotiziario.net\/wp\/prima-pagina\/sciopero-venerdi-17-trenord-treni-garantiti-rischio\/\" \/>\n<meta property=\"og:site_name\" content=\"Il Notiziario\" \/>\n<meta property=\"article:publisher\" content=\"https:\/\/www.facebook.com\/ilnotiziarioind\/\" \/>\n<meta property=\"article:published_time\" content=\"2023-11-15T17:40:50+00:00\" \/>\n<meta property=\"article:modified_time\" content=\"2023-11-15T19:31:25+00:00\" \/>\n<meta property=\"og:image\" content=\"https:\/\/www.ilnotiziario.net\/wp\/wp-content\/uploads\/2023\/07\/Trenord-BIglietteria-scaled.jpg\" \/>\n\t<meta property=\"og:image:width\" content=\"2560\" \/>\n\t<meta property=\"og:image:height\" content=\"1706\" \/>\n\t<meta property=\"og:image:type\" content=\"image\/jpeg\" \/>\n<meta name=\"author\" content=\"Stefano Di Maria\" \/>\n<meta name=\"twitter:card\" content=\"summary_large_image\" \/>\n<meta name=\"twitter:creator\" content=\"@ilNotiziarioInd\" \/>\n<meta name=\"twitter:site\" content=\"@ilNotiziarioInd\" \/>\n<meta name=\"twitter:label1\" content=\"Scritto da\" \/>\n\t<meta name=\"twitter:data1\" content=\"Stefano Di Maria\" \/>\n\t<meta name=\"twitter:label2\" content=\"Tempo di lettura stimato\" \/>\n\t<meta name=\"twitter:data2\" content=\"2 minuti\" \/>\n<script type=\"application\/ld+json\" class=\"yoast-schema-graph\">{\"@context\":\"https:\\\/\\\/schema.org\",\"@graph\":[{\"@type\":\"Article\",\"@id\":\"https:\\\/\\\/www.ilnotiziario.net\\\/wp\\\/prima-pagina\\\/sciopero-venerdi-17-trenord-treni-garantiti-rischio\\\/#article\",\"isPartOf\":{\"@id\":\"https:\\\/\\\/www.ilnotiziario.net\\\/wp\\\/prima-pagina\\\/sciopero-venerdi-17-trenord-treni-garantiti-rischio\\\/\"},\"author\":{\"name\":\"Stefano Di Maria\",\"@id\":\"https:\\\/\\\/www.ilnotiziario.net\\\/wp\\\/#\\\/schema\\\/person\\\/82fdd8795bbed42a4164047853b6efe7\"},\"headline\":\"Sciopero venerd\u00ec 17, Trenord: treni garantiti e a rischio\",\"datePublished\":\"2023-11-15T17:40:50+00:00\",\"dateModified\":\"2023-11-15T19:31:25+00:00\",\"mainEntityOfPage\":{\"@id\":\"https:\\\/\\\/www.ilnotiziario.net\\\/wp\\\/prima-pagina\\\/sciopero-venerdi-17-trenord-treni-garantiti-rischio\\\/\"},\"wordCount\":206,\"publisher\":{\"@id\":\"https:\\\/\\\/www.ilnotiziario.net\\\/wp\\\/#organization\"},\"image\":{\"@id\":\"https:\\\/\\\/www.ilnotiziario.net\\\/wp\\\/prima-pagina\\\/sciopero-venerdi-17-trenord-treni-garantiti-rischio\\\/#primaryimage\"},\"thumbnailUrl\":\"https:\\\/\\\/www.ilnotiziario.net\\\/wp\\\/wp-content\\\/uploads\\\/2023\\\/07\\\/Trenord-BIglietteria-scaled.jpg\",\"keywords\":[\"Malpensa Express\",\"sciopero\",\"Trenord\"],\"articleSection\":[\"BOLLATESE\",\"BRIANZA\",\"Prima Pagina\",\"SARONNESE\",\"SARONNO\"],\"inLanguage\":\"it-IT\"},{\"@type\":\"WebPage\",\"@id\":\"https:\\\/\\\/www.ilnotiziario.net\\\/wp\\\/prima-pagina\\\/sciopero-venerdi-17-trenord-treni-garantiti-rischio\\\/\",\"url\":\"https:\\\/\\\/www.ilnotiziario.net\\\/wp\\\/prima-pagina\\\/sciopero-venerdi-17-trenord-treni-garantiti-rischio\\\/\",\"name\":\"Sciopero venerd\u00ec 17, Trenord: treni garantiti e a rischio - Il Notiziario\",\"isPartOf\":{\"@id\":\"https:\\\/\\\/www.ilnotiziario.net\\\/wp\\\/#website\"},\"primaryImageOfPage\":{\"@id\":\"https:\\\/\\\/www.ilnotiziario.net\\\/wp\\\/prima-pagina\\\/sciopero-venerdi-17-trenord-treni-garantiti-rischio\\\/#primaryimage\"},\"image\":{\"@id\":\"https:\\\/\\\/www.ilnotiziario.net\\\/wp\\\/prima-pagina\\\/sciopero-venerdi-17-trenord-treni-garantiti-rischio\\\/#primaryimage\"},\"thumbnailUrl\":\"https:\\\/\\\/www.ilnotiziario.net\\\/wp\\\/wp-content\\\/uploads\\\/2023\\\/07\\\/Trenord-BIglietteria-scaled.jpg\",\"datePublished\":\"2023-11-15T17:40:50+00:00\",\"dateModified\":\"2023-11-15T19:31:25+00:00\",\"description\":\"Trenord non \u00e8 coinvolto nello sciopero nazionale di venerd\u00ec 17 novembre tra le 9 e le 13. Potrebbero per\u00f2 aderire i lavoratori delle imprese che\",\"breadcrumb\":{\"@id\":\"https:\\\/\\\/www.ilnotiziario.net\\\/wp\\\/prima-pagina\\\/sciopero-venerdi-17-trenord-treni-garantiti-rischio\\\/#breadcrumb\"},\"inLanguage\":\"it-IT\",\"potentialAction\":[{\"@type\":\"ReadAction\",\"target\":[\"https:\\\/\\\/www.ilnotiziario.net\\\/wp\\\/prima-pagina\\\/sciopero-venerdi-17-trenord-treni-garantiti-rischio\\\/\"]}]},{\"@type\":\"ImageObject\",\"inLanguage\":\"it-IT\",\"@id\":\"https:\\\/\\\/www.ilnotiziario.net\\\/wp\\\/prima-pagina\\\/sciopero-venerdi-17-trenord-treni-garantiti-rischio\\\/#primaryimage\",\"url\":\"https:\\\/\\\/www.ilnotiziario.net\\\/wp\\\/wp-content\\\/uploads\\\/2023\\\/07\\\/Trenord-BIglietteria-scaled.jpg\",\"contentUrl\":\"https:\\\/\\\/www.ilnotiziario.net\\\/wp\\\/wp-content\\\/uploads\\\/2023\\\/07\\\/Trenord-BIglietteria-scaled.jpg\",\"width\":2560,\"height\":1706,\"caption\":\"trenord\"},{\"@type\":\"BreadcrumbList\",\"@id\":\"https:\\\/\\\/www.ilnotiziario.net\\\/wp\\\/prima-pagina\\\/sciopero-venerdi-17-trenord-treni-garantiti-rischio\\\/#breadcrumb\",\"itemListElement\":[{\"@type\":\"ListItem\",\"position\":1,\"name\":\"tds_text_logo_tagline_colortds_text_logo_tagline_colortds_text_logo_tagline_colortds_text_logo_tagline_colortd_module_7_title_excerpttd_module_7_title_excerpttd_module_7_title_excerpttd_module_7_title_excerptHome\",\"item\":\"https:\\\/\\\/www.ilnotiziario.net\\\/wp\\\/\"},{\"@type\":\"ListItem\",\"position\":2,\"name\":\"Sciopero venerd\u00ec 17, Trenord: treni garantiti e a rischio\"}]},{\"@type\":\"WebSite\",\"@id\":\"https:\\\/\\\/www.ilnotiziario.net\\\/wp\\\/#website\",\"url\":\"https:\\\/\\\/www.ilnotiziario.net\\\/wp\\\/\",\"name\":\"Il Notiziario\",\"description\":\"Per restare sempre connessi alla notizia\",\"publisher\":{\"@id\":\"https:\\\/\\\/www.ilnotiziario.net\\\/wp\\\/#organization\"},\"alternateName\":\"Il Notiziario Bollate\",\"potentialAction\":[{\"@type\":\"SearchAction\",\"target\":{\"@type\":\"EntryPoint\",\"urlTemplate\":\"https:\\\/\\\/www.ilnotiziario.net\\\/wp\\\/?s={search_term_string}\"},\"query-input\":{\"@type\":\"PropertyValueSpecification\",\"valueRequired\":true,\"valueName\":\"search_term_string\"}}],\"inLanguage\":\"it-IT\"},{\"@type\":\"Organization\",\"@id\":\"https:\\\/\\\/www.ilnotiziario.net\\\/wp\\\/#organization\",\"name\":\"Il Notiziario\",\"url\":\"https:\\\/\\\/www.ilnotiziario.net\\\/wp\\\/\",\"logo\":{\"@type\":\"ImageObject\",\"inLanguage\":\"it-IT\",\"@id\":\"https:\\\/\\\/www.ilnotiziario.net\\\/wp\\\/#\\\/schema\\\/logo\\\/image\\\/\",\"url\":\"https:\\\/\\\/www.ilnotiziario.net\\\/wp\\\/wp-content\\\/uploads\\\/2022\\\/06\\\/170x170ilN.png\",\"contentUrl\":\"https:\\\/\\\/www.ilnotiziario.net\\\/wp\\\/wp-content\\\/uploads\\\/2022\\\/06\\\/170x170ilN.png\",\"width\":355,\"height\":355,\"caption\":\"Il Notiziario\"},\"image\":{\"@id\":\"https:\\\/\\\/www.ilnotiziario.net\\\/wp\\\/#\\\/schema\\\/logo\\\/image\\\/\"},\"sameAs\":[\"https:\\\/\\\/www.facebook.com\\\/ilnotiziarioind\\\/\",\"https:\\\/\\\/x.com\\\/ilNotiziarioInd\",\"https:\\\/\\\/www.instagram.com\\\/ilnotiziario_settimanale\\\/\"]},{\"@type\":\"Person\",\"@id\":\"https:\\\/\\\/www.ilnotiziario.net\\\/wp\\\/#\\\/schema\\\/person\\\/82fdd8795bbed42a4164047853b6efe7\",\"name\":\"Stefano Di Maria\",\"image\":{\"@type\":\"ImageObject\",\"inLanguage\":\"it-IT\",\"@id\":\"https:\\\/\\\/secure.gravatar.com\\\/avatar\\\/b3163d1e75da759bd0a681248e88a87d84bdd563fec9b060a3ae82742880745a?s=96&d=mm&r=g\",\"url\":\"https:\\\/\\\/secure.gravatar.com\\\/avatar\\\/b3163d1e75da759bd0a681248e88a87d84bdd563fec9b060a3ae82742880745a?s=96&d=mm&r=g\",\"contentUrl\":\"https:\\\/\\\/secure.gravatar.com\\\/avatar\\\/b3163d1e75da759bd0a681248e88a87d84bdd563fec9b060a3ae82742880745a?s=96&d=mm&r=g\",\"caption\":\"Stefano Di Maria\"},\"sameAs\":[\"http:\\\/\\\/www.ilnotiziario.net\"]}]}<\/script>\n<!-- \/ Yoast SEO plugin. -->","yoast_head_json":{"title":"Sciopero venerd\u00ec 17, Trenord: treni garantiti e a rischio - Il Notiziario","description":"Trenord non \u00e8 coinvolto nello sciopero nazionale di venerd\u00ec 17 novembre tra le 9 e le 13. Potrebbero per\u00f2 aderire i lavoratori delle imprese che","robots":{"index":"index","follow":"follow","max-snippet":"max-snippet:-1","max-image-preview":"max-image-preview:large","max-video-preview":"max-video-preview:-1"},"canonical":"https:\/\/www.ilnotiziario.net\/wp\/prima-pagina\/sciopero-venerdi-17-trenord-treni-garantiti-rischio\/","og_locale":"it_IT","og_type":"article","og_title":"Sciopero venerd\u00ec 17, Trenord: treni garantiti e a rischio - Il Notiziario","og_description":"Trenord non \u00e8 coinvolto nello sciopero nazionale di venerd\u00ec 17 novembre tra le 9 e le 13. Potrebbero per\u00f2 aderire i lavoratori delle imprese che","og_url":"https:\/\/www.ilnotiziario.net\/wp\/prima-pagina\/sciopero-venerdi-17-trenord-treni-garantiti-rischio\/","og_site_name":"Il Notiziario","article_publisher":"https:\/\/www.facebook.com\/ilnotiziarioind\/","article_published_time":"2023-11-15T17:40:50+00:00","article_modified_time":"2023-11-15T19:31:25+00:00","og_image":[{"width":2560,"height":1706,"url":"https:\/\/www.ilnotiziario.net\/wp\/wp-content\/uploads\/2023\/07\/Trenord-BIglietteria-scaled.jpg","type":"image\/jpeg"}],"author":"Stefano Di Maria","twitter_card":"summary_large_image","twitter_creator":"@ilNotiziarioInd","twitter_site":"@ilNotiziarioInd","twitter_misc":{"Scritto da":"Stefano Di Maria","Tempo di lettura stimato":"2 minuti"},"schema":{"@context":"https:\/\/schema.org","@graph":[{"@type":"Article","@id":"https:\/\/www.ilnotiziario.net\/wp\/prima-pagina\/sciopero-venerdi-17-trenord-treni-garantiti-rischio\/#article","isPartOf":{"@id":"https:\/\/www.ilnotiziario.net\/wp\/prima-pagina\/sciopero-venerdi-17-trenord-treni-garantiti-rischio\/"},"author":{"name":"Stefano Di Maria","@id":"https:\/\/www.ilnotiziario.net\/wp\/#\/schema\/person\/82fdd8795bbed42a4164047853b6efe7"},"headline":"Sciopero venerd\u00ec 17, Trenord: treni garantiti e a rischio","datePublished":"2023-11-15T17:40:50+00:00","dateModified":"2023-11-15T19:31:25+00:00","mainEntityOfPage":{"@id":"https:\/\/www.ilnotiziario.net\/wp\/prima-pagina\/sciopero-venerdi-17-trenord-treni-garantiti-rischio\/"},"wordCount":206,"publisher":{"@id":"https:\/\/www.ilnotiziario.net\/wp\/#organization"},"image":{"@id":"https:\/\/www.ilnotiziario.net\/wp\/prima-pagina\/sciopero-venerdi-17-trenord-treni-garantiti-rischio\/#primaryimage"},"thumbnailUrl":"https:\/\/www.ilnotiziario.net\/wp\/wp-content\/uploads\/2023\/07\/Trenord-BIglietteria-scaled.jpg","keywords":["Malpensa Express","sciopero","Trenord"],"articleSection":["BOLLATESE","BRIANZA","Prima Pagina","SARONNESE","SARONNO"],"inLanguage":"it-IT"},{"@type":"WebPage","@id":"https:\/\/www.ilnotiziario.net\/wp\/prima-pagina\/sciopero-venerdi-17-trenord-treni-garantiti-rischio\/","url":"https:\/\/www.ilnotiziario.net\/wp\/prima-pagina\/sciopero-venerdi-17-trenord-treni-garantiti-rischio\/","name":"Sciopero venerd\u00ec 17, Trenord: treni garantiti e a rischio - Il Notiziario","isPartOf":{"@id":"https:\/\/www.ilnotiziario.net\/wp\/#website"},"primaryImageOfPage":{"@id":"https:\/\/www.ilnotiziario.net\/wp\/prima-pagina\/sciopero-venerdi-17-trenord-treni-garantiti-rischio\/#primaryimage"},"image":{"@id":"https:\/\/www.ilnotiziario.net\/wp\/prima-pagina\/sciopero-venerdi-17-trenord-treni-garantiti-rischio\/#primaryimage"},"thumbnailUrl":"https:\/\/www.ilnotiziario.net\/wp\/wp-content\/uploads\/2023\/07\/Trenord-BIglietteria-scaled.jpg","datePublished":"2023-11-15T17:40:50+00:00","dateModified":"2023-11-15T19:31:25+00:00","description":"Trenord non \u00e8 coinvolto nello sciopero nazionale di venerd\u00ec 17 novembre tra le 9 e le 13. Potrebbero per\u00f2 aderire i lavoratori delle imprese che","breadcrumb":{"@id":"https:\/\/www.ilnotiziario.net\/wp\/prima-pagina\/sciopero-venerdi-17-trenord-treni-garantiti-rischio\/#breadcrumb"},"inLanguage":"it-IT","potentialAction":[{"@type":"ReadAction","target":["https:\/\/www.ilnotiziario.net\/wp\/prima-pagina\/sciopero-venerdi-17-trenord-treni-garantiti-rischio\/"]}]},{"@type":"ImageObject","inLanguage":"it-IT","@id":"https:\/\/www.ilnotiziario.net\/wp\/prima-pagina\/sciopero-venerdi-17-trenord-treni-garantiti-rischio\/#primaryimage","url":"https:\/\/www.ilnotiziario.net\/wp\/wp-content\/uploads\/2023\/07\/Trenord-BIglietteria-scaled.jpg","contentUrl":"https:\/\/www.ilnotiziario.net\/wp\/wp-content\/uploads\/2023\/07\/Trenord-BIglietteria-scaled.jpg","width":2560,"height":1706,"caption":"trenord"},{"@type":"BreadcrumbList","@id":"https:\/\/www.ilnotiziario.net\/wp\/prima-pagina\/sciopero-venerdi-17-trenord-treni-garantiti-rischio\/#breadcrumb","itemListElement":[{"@type":"ListItem","position":1,"name":"tds_text_logo_tagline_colortds_text_logo_tagline_colortds_text_logo_tagline_colortds_text_logo_tagline_colortd_module_7_title_excerpttd_module_7_title_excerpttd_module_7_title_excerpttd_module_7_title_excerptHome","item":"https:\/\/www.ilnotiziario.net\/wp\/"},{"@type":"ListItem","position":2,"name":"Sciopero venerd\u00ec 17, Trenord: treni garantiti e a rischio"}]},{"@type":"WebSite","@id":"https:\/\/www.ilnotiziario.net\/wp\/#website","url":"https:\/\/www.ilnotiziario.net\/wp\/","name":"Il Notiziario","description":"Per restare sempre connessi alla notizia","publisher":{"@id":"https:\/\/www.ilnotiziario.net\/wp\/#organization"},"alternateName":"Il Notiziario Bollate","potentialAction":[{"@type":"SearchAction","target":{"@type":"EntryPoint","urlTemplate":"https:\/\/www.ilnotiziario.net\/wp\/?s={search_term_string}"},"query-input":{"@type":"PropertyValueSpecification","valueRequired":true,"valueName":"search_term_string"}}],"inLanguage":"it-IT"},{"@type":"Organization","@id":"https:\/\/www.ilnotiziario.net\/wp\/#organization","name":"Il Notiziario","url":"https:\/\/www.ilnotiziario.net\/wp\/","logo":{"@type":"ImageObject","inLanguage":"it-IT","@id":"https:\/\/www.ilnotiziario.net\/wp\/#\/schema\/logo\/image\/","url":"https:\/\/www.ilnotiziario.net\/wp\/wp-content\/uploads\/2022\/06\/170x170ilN.png","contentUrl":"https:\/\/www.ilnotiziario.net\/wp\/wp-content\/uploads\/2022\/06\/170x170ilN.png","width":355,"height":355,"caption":"Il Notiziario"},"image":{"@id":"https:\/\/www.ilnotiziario.net\/wp\/#\/schema\/logo\/image\/"},"sameAs":["https:\/\/www.facebook.com\/ilnotiziarioind\/","https:\/\/x.com\/ilNotiziarioInd","https:\/\/www.instagram.com\/ilnotiziario_settimanale\/"]},{"@type":"Person","@id":"https:\/\/www.ilnotiziario.net\/wp\/#\/schema\/person\/82fdd8795bbed42a4164047853b6efe7","name":"Stefano Di Maria","image":{"@type":"ImageObject","inLanguage":"it-IT","@id":"https:\/\/secure.gravatar.com\/avatar\/b3163d1e75da759bd0a681248e88a87d84bdd563fec9b060a3ae82742880745a?s=96&d=mm&r=g","url":"https:\/\/secure.gravatar.com\/avatar\/b3163d1e75da759bd0a681248e88a87d84bdd563fec9b060a3ae82742880745a?s=96&d=mm&r=g","contentUrl":"https:\/\/secure.gravatar.com\/avatar\/b3163d1e75da759bd0a681248e88a87d84bdd563fec9b060a3ae82742880745a?s=96&d=mm&r=g","caption":"Stefano Di Maria"},"sameAs":["http:\/\/www.ilnotiziario.net"]}]}},"_links":{"self":[{"href":"https:\/\/www.ilnotiziario.net\/wp\/wp-json\/wp\/v2\/posts\/190388","targetHints":{"allow":["GET"]}}],"collection":[{"href":"https:\/\/www.ilnotiziario.net\/wp\/wp-json\/wp\/v2\/posts"}],"about":[{"href":"https:\/\/www.ilnotiziario.net\/wp\/wp-json\/wp\/v2\/types\/post"}],"author":[{"embeddable":true,"href":"https:\/\/www.ilnotiziario.net\/wp\/wp-json\/wp\/v2\/users\/6"}],"replies":[{"embeddable":true,"href":"https:\/\/www.ilnotiziario.net\/wp\/wp-json\/wp\/v2\/comments?post=190388"}],"version-history":[{"count":0,"href":"https:\/\/www.ilnotiziario.net\/wp\/wp-json\/wp\/v2\/posts\/190388\/revisions"}],"wp:featuredmedia":[{"embeddable":true,"href":"https:\/\/www.ilnotiziario.net\/wp\/wp-json\/wp\/v2\/media\/185437"}],"wp:attachment":[{"href":"https:\/\/www.ilnotiziario.net\/wp\/wp-json\/wp\/v2\/media?parent=190388"}],"wp:term":[{"taxonomy":"category","embeddable":true,"href":"https:\/\/www.ilnotiziario.net\/wp\/wp-json\/wp\/v2\/categories?post=190388"},{"taxonomy":"post_tag","embeddable":true,"href":"https:\/\/www.ilnotiziario.net\/wp\/wp-json\/wp\/v2\/tags?post=190388"}],"curies":[{"name":"wp","href":"https:\/\/api.w.org\/{rel}","templated":true}]}}