{"id":190641,"date":"2023-11-24T15:29:03","date_gmt":"2023-11-24T14:29:03","guid":{"rendered":"https:\/\/www.ilnotiziario.net\/wp\/?p=190641"},"modified":"2023-11-24T15:29:03","modified_gmt":"2023-11-24T14:29:03","slug":"arrestato-medico-guardia-san-donato-violenza-sessuale","status":"publish","type":"post","link":"https:\/\/www.ilnotiziario.net\/wp\/lombardia\/arrestato-medico-guardia-san-donato-violenza-sessuale\/","title":{"rendered":"Arrestato medico di guardia a San Giuliano Milanese e Milano  con accusa di violenza sessuale"},"content":{"rendered":"<p>I carabinieri hanno arrestato un&nbsp; medico che effettuava servizio di guardia medica&nbsp; negli ambulatori di San Giuliano Milanese e Milano con l&#8217;accusa di violenza sessuale. Il medico \u00e8 ora sottoposto agli arresti domiciliari. Solo qualche giorno fa un altro <a href=\"https:\/\/www.ilnotiziario.net\/wp\/prima-pagina\/arrestato-medico-busto-arsizio-accusato-di-violenza-sessuale\/\"><strong>medico \u00e8 stato arrestato a Busto Arsizio con le stesse accuse.&nbsp; &nbsp;<\/strong><\/a><\/p><div id=\"ilnot-2648109470\" class=\"ilnot-contenuto ilnot-entity-placement\"><p><!-- incontent_1 --><\/p>\n<div class=\"gptslot\" data-adunitid=\"1\"><\/div>\n<\/div>\n<p>Nell&#8217;ambito di complessa attivit\u00e0 di indagine in corso dal gennaio 2023, coordinata dalla Procura della Repubblica di Lodi in collegamento con la Procura della Repubblica di Milano, il 21 novembre 2023 \u00e8 stata data esecuzione a un&#8217;ordinanza di applicazione della misura cautelare degli arresti domiciliari, emessa dal G.I.P. del Tribunale di Lodi nei confronti di un medico di guardia in servizio presso gli ambulatori di San Giuliano Milanese e di Milano per il reato di violenza sessuale aggravata, commesso in danno di giovani donne, sue pazienti presso gli ambulatori sopra menzionati nel corso delle visite mediche alle quali erano sottoposte.<\/p>\n<h2>Medico accusato di violenza sessuale ai danni delle pazienti&nbsp;<\/h2>\n<p>Si tratta complessivamente di quattro casi, originati dalle dettagliate denunce delle vittime e dai successivi accertamenti, e che presentano come caratteristica comune la commissione dei fatti oggetto di contestazione<strong> con abuso della propria autorit\u00e0 e delle condizioni di inferiorit\u00e0 fisica delle persone offese.<\/strong><\/p><div id=\"ilnot-1939131271\" class=\"ilnot-contenuto_2 ilnot-entity-placement\"><div class=\"ads-wrapper\">\n<div class=\"ad-slot\">\n   <div id=\"ilnot-1236448948\" style=\"margin-right: auto;margin-left: auto;text-align: center;width: 320px;height: 100px;\"><a href=\"https:\/\/www.scuolasicurezza.it\/\"><img decoding=\"async\" src=\"https:\/\/www.ilnotiziario.net\/wp\/wp-content\/uploads\/2026\/04\/IlNotiziario_banner-sito-e-newsletter-320-x-100-px-1.gif\" alt=\"\"><\/a><\/div>\n  <\/div>\n<div class=\"ad-slot\">\n   <div id=\"ilnot-156110274\" style=\"float: right;width: 320px;height: 100px;\"><a href=\"https:\/\/cedamitalia.it\/\"><img decoding=\"async\" src=\"https:\/\/www.ilnotiziario.net\/wp\/wp-content\/uploads\/2026\/04\/banner_cedam_320x100_OK.gif\" alt=\"Cedam\"><\/a><\/div><\/p><\/div>\n<\/div>\n<\/div>\n<p>L&#8217;autorit\u00e0 giudiziaria e la polizia giudiziaria proseguono le attivit\u00e0 di accertamento, attraverso l&#8217;ascolto delle persone informate sui fatti, con le modalit\u00e0 pi\u00f9 idonee ad assicurare la riservatezza di tali operazioni ed \u00e8 auspicabile che eventuali altre persone che fossero a conoscenza di circostanze rilevanti in ordine al medesimo contesto si rendano disponibili a contattare la Polizia Giudiziaria che procede.<\/p>\n<p>L&#8217;attivit\u00e0 di indagine \u00e8 stata svolta della Polizia di Stato della Sezione di Polizia Giudiziaria della Procura di Milano e dai Carabinieri di San Giuliano e San Donato Milanese.<\/p>\n<p>&nbsp;<\/p>\n","protected":false},"excerpt":{"rendered":"<p>I carabinieri hanno arrestato un&nbsp; medico che effettuava servizio di guardia medica&nbsp; negli ambulatori di San Giuliano Milanese e Milano con l&#8217;accusa di violenza sessuale. Il medico \u00e8 ora sottoposto agli arresti domiciliari. Solo qualche giorno fa un altro medico \u00e8 stato arrestato a Busto Arsizio con le stesse accuse.&nbsp; &nbsp; Nell&#8217;ambito di complessa attivit\u00e0<\/p>\n","protected":false},"author":3,"featured_media":190642,"comment_status":"closed","ping_status":"closed","sticky":false,"template":"","format":"standard","meta":{"footnotes":""},"categories":[3464],"tags":[86,2129,4169],"class_list":{"0":"post-190641","1":"post","2":"type-post","3":"status-publish","4":"format-standard","5":"has-post-thumbnail","7":"category-lombardia","8":"tag-arrestato","9":"tag-medico","10":"tag-violenza-sessuale"},"yoast_head":"<!-- This site is optimized with the Yoast SEO plugin v27.4 - https:\/\/yoast.com\/product\/yoast-seo-wordpress\/ -->\n<title>Arrestato medico di guardia a San Giuliano Milanese e Milano con accusa di violenza sessuale - Il Notiziario<\/title>\n<meta name=\"description\" content=\"I carabinieri hanno arrestato un&nbsp; medico che effettuava servizio di guardia medica&nbsp; negli ambulatori di San Giuliano Milanese e Milano con\" \/>\n<meta name=\"robots\" content=\"index, follow, max-snippet:-1, max-image-preview:large, max-video-preview:-1\" \/>\n<link rel=\"canonical\" href=\"https:\/\/www.ilnotiziario.net\/wp\/lombardia\/arrestato-medico-guardia-san-donato-violenza-sessuale\/\" \/>\n<meta property=\"og:locale\" content=\"it_IT\" \/>\n<meta property=\"og:type\" content=\"article\" \/>\n<meta property=\"og:title\" content=\"Arrestato medico di guardia a San Giuliano Milanese e Milano con accusa di violenza sessuale - Il Notiziario\" \/>\n<meta property=\"og:description\" content=\"I carabinieri hanno arrestato un&nbsp; medico che effettuava servizio di guardia medica&nbsp; negli ambulatori di San Giuliano Milanese e Milano con\" \/>\n<meta property=\"og:url\" content=\"https:\/\/www.ilnotiziario.net\/wp\/lombardia\/arrestato-medico-guardia-san-donato-violenza-sessuale\/\" \/>\n<meta property=\"og:site_name\" content=\"Il Notiziario\" \/>\n<meta property=\"article:publisher\" content=\"https:\/\/www.facebook.com\/ilnotiziarioind\/\" \/>\n<meta property=\"article:published_time\" content=\"2023-11-24T14:29:03+00:00\" \/>\n<meta property=\"og:image\" content=\"https:\/\/www.ilnotiziario.net\/wp\/wp-content\/uploads\/2023\/11\/medico-medico-uomo.jpg\" \/>\n\t<meta property=\"og:image:width\" content=\"864\" \/>\n\t<meta property=\"og:image:height\" content=\"576\" \/>\n\t<meta property=\"og:image:type\" content=\"image\/jpeg\" \/>\n<meta name=\"author\" content=\"Gabriele Bassani\" \/>\n<meta name=\"twitter:card\" content=\"summary_large_image\" \/>\n<meta name=\"twitter:creator\" content=\"@ilNotiziarioInd\" \/>\n<meta name=\"twitter:site\" content=\"@ilNotiziarioInd\" \/>\n<meta name=\"twitter:label1\" content=\"Scritto da\" \/>\n\t<meta name=\"twitter:data1\" content=\"Gabriele Bassani\" \/>\n\t<meta name=\"twitter:label2\" content=\"Tempo di lettura stimato\" \/>\n\t<meta name=\"twitter:data2\" content=\"2 minuti\" \/>\n<script type=\"application\/ld+json\" class=\"yoast-schema-graph\">{\"@context\":\"https:\\\/\\\/schema.org\",\"@graph\":[{\"@type\":\"Article\",\"@id\":\"https:\\\/\\\/www.ilnotiziario.net\\\/wp\\\/lombardia\\\/arrestato-medico-guardia-san-donato-violenza-sessuale\\\/#article\",\"isPartOf\":{\"@id\":\"https:\\\/\\\/www.ilnotiziario.net\\\/wp\\\/lombardia\\\/arrestato-medico-guardia-san-donato-violenza-sessuale\\\/\"},\"author\":{\"name\":\"Gabriele Bassani\",\"@id\":\"https:\\\/\\\/www.ilnotiziario.net\\\/wp\\\/#\\\/schema\\\/person\\\/386e222908f898bb41c033989482bbf2\"},\"headline\":\"Arrestato medico di guardia a San Giuliano Milanese e Milano con accusa di violenza sessuale\",\"datePublished\":\"2023-11-24T14:29:03+00:00\",\"mainEntityOfPage\":{\"@id\":\"https:\\\/\\\/www.ilnotiziario.net\\\/wp\\\/lombardia\\\/arrestato-medico-guardia-san-donato-violenza-sessuale\\\/\"},\"wordCount\":311,\"publisher\":{\"@id\":\"https:\\\/\\\/www.ilnotiziario.net\\\/wp\\\/#organization\"},\"image\":{\"@id\":\"https:\\\/\\\/www.ilnotiziario.net\\\/wp\\\/lombardia\\\/arrestato-medico-guardia-san-donato-violenza-sessuale\\\/#primaryimage\"},\"thumbnailUrl\":\"https:\\\/\\\/www.ilnotiziario.net\\\/wp\\\/wp-content\\\/uploads\\\/2023\\\/11\\\/medico-medico-uomo.jpg\",\"keywords\":[\"arrestato\",\"medico\",\"violenza sessuale\"],\"articleSection\":[\"CRONACA\"],\"inLanguage\":\"it-IT\"},{\"@type\":\"WebPage\",\"@id\":\"https:\\\/\\\/www.ilnotiziario.net\\\/wp\\\/lombardia\\\/arrestato-medico-guardia-san-donato-violenza-sessuale\\\/\",\"url\":\"https:\\\/\\\/www.ilnotiziario.net\\\/wp\\\/lombardia\\\/arrestato-medico-guardia-san-donato-violenza-sessuale\\\/\",\"name\":\"Arrestato medico di guardia a San Giuliano Milanese e Milano con accusa di violenza sessuale - Il Notiziario\",\"isPartOf\":{\"@id\":\"https:\\\/\\\/www.ilnotiziario.net\\\/wp\\\/#website\"},\"primaryImageOfPage\":{\"@id\":\"https:\\\/\\\/www.ilnotiziario.net\\\/wp\\\/lombardia\\\/arrestato-medico-guardia-san-donato-violenza-sessuale\\\/#primaryimage\"},\"image\":{\"@id\":\"https:\\\/\\\/www.ilnotiziario.net\\\/wp\\\/lombardia\\\/arrestato-medico-guardia-san-donato-violenza-sessuale\\\/#primaryimage\"},\"thumbnailUrl\":\"https:\\\/\\\/www.ilnotiziario.net\\\/wp\\\/wp-content\\\/uploads\\\/2023\\\/11\\\/medico-medico-uomo.jpg\",\"datePublished\":\"2023-11-24T14:29:03+00:00\",\"description\":\"I carabinieri hanno arrestato un&nbsp; medico che effettuava servizio di guardia medica&nbsp; negli ambulatori di San Giuliano Milanese e Milano con\",\"breadcrumb\":{\"@id\":\"https:\\\/\\\/www.ilnotiziario.net\\\/wp\\\/lombardia\\\/arrestato-medico-guardia-san-donato-violenza-sessuale\\\/#breadcrumb\"},\"inLanguage\":\"it-IT\",\"potentialAction\":[{\"@type\":\"ReadAction\",\"target\":[\"https:\\\/\\\/www.ilnotiziario.net\\\/wp\\\/lombardia\\\/arrestato-medico-guardia-san-donato-violenza-sessuale\\\/\"]}]},{\"@type\":\"ImageObject\",\"inLanguage\":\"it-IT\",\"@id\":\"https:\\\/\\\/www.ilnotiziario.net\\\/wp\\\/lombardia\\\/arrestato-medico-guardia-san-donato-violenza-sessuale\\\/#primaryimage\",\"url\":\"https:\\\/\\\/www.ilnotiziario.net\\\/wp\\\/wp-content\\\/uploads\\\/2023\\\/11\\\/medico-medico-uomo.jpg\",\"contentUrl\":\"https:\\\/\\\/www.ilnotiziario.net\\\/wp\\\/wp-content\\\/uploads\\\/2023\\\/11\\\/medico-medico-uomo.jpg\",\"width\":864,\"height\":576,\"caption\":\"Immagine di jcomp su Freepik\"},{\"@type\":\"BreadcrumbList\",\"@id\":\"https:\\\/\\\/www.ilnotiziario.net\\\/wp\\\/lombardia\\\/arrestato-medico-guardia-san-donato-violenza-sessuale\\\/#breadcrumb\",\"itemListElement\":[{\"@type\":\"ListItem\",\"position\":1,\"name\":\"tds_text_logo_tagline_colortds_text_logo_tagline_colortds_text_logo_tagline_colortds_text_logo_tagline_colortd_module_7_title_excerpttd_module_7_title_excerpttd_module_7_title_excerpttd_module_7_title_excerptHome\",\"item\":\"https:\\\/\\\/www.ilnotiziario.net\\\/wp\\\/\"},{\"@type\":\"ListItem\",\"position\":2,\"name\":\"Arrestato medico di guardia a San Giuliano Milanese e Milano con accusa di violenza sessuale\"}]},{\"@type\":\"WebSite\",\"@id\":\"https:\\\/\\\/www.ilnotiziario.net\\\/wp\\\/#website\",\"url\":\"https:\\\/\\\/www.ilnotiziario.net\\\/wp\\\/\",\"name\":\"Il Notiziario\",\"description\":\"Per restare sempre connessi alla notizia\",\"publisher\":{\"@id\":\"https:\\\/\\\/www.ilnotiziario.net\\\/wp\\\/#organization\"},\"alternateName\":\"Il Notiziario Bollate\",\"potentialAction\":[{\"@type\":\"SearchAction\",\"target\":{\"@type\":\"EntryPoint\",\"urlTemplate\":\"https:\\\/\\\/www.ilnotiziario.net\\\/wp\\\/?s={search_term_string}\"},\"query-input\":{\"@type\":\"PropertyValueSpecification\",\"valueRequired\":true,\"valueName\":\"search_term_string\"}}],\"inLanguage\":\"it-IT\"},{\"@type\":\"Organization\",\"@id\":\"https:\\\/\\\/www.ilnotiziario.net\\\/wp\\\/#organization\",\"name\":\"Il Notiziario\",\"url\":\"https:\\\/\\\/www.ilnotiziario.net\\\/wp\\\/\",\"logo\":{\"@type\":\"ImageObject\",\"inLanguage\":\"it-IT\",\"@id\":\"https:\\\/\\\/www.ilnotiziario.net\\\/wp\\\/#\\\/schema\\\/logo\\\/image\\\/\",\"url\":\"https:\\\/\\\/www.ilnotiziario.net\\\/wp\\\/wp-content\\\/uploads\\\/2022\\\/06\\\/170x170ilN.png\",\"contentUrl\":\"https:\\\/\\\/www.ilnotiziario.net\\\/wp\\\/wp-content\\\/uploads\\\/2022\\\/06\\\/170x170ilN.png\",\"width\":355,\"height\":355,\"caption\":\"Il Notiziario\"},\"image\":{\"@id\":\"https:\\\/\\\/www.ilnotiziario.net\\\/wp\\\/#\\\/schema\\\/logo\\\/image\\\/\"},\"sameAs\":[\"https:\\\/\\\/www.facebook.com\\\/ilnotiziarioind\\\/\",\"https:\\\/\\\/x.com\\\/ilNotiziarioInd\",\"https:\\\/\\\/www.instagram.com\\\/ilnotiziario_settimanale\\\/\"]},{\"@type\":\"Person\",\"@id\":\"https:\\\/\\\/www.ilnotiziario.net\\\/wp\\\/#\\\/schema\\\/person\\\/386e222908f898bb41c033989482bbf2\",\"name\":\"Gabriele Bassani\",\"image\":{\"@type\":\"ImageObject\",\"inLanguage\":\"it-IT\",\"@id\":\"https:\\\/\\\/secure.gravatar.com\\\/avatar\\\/09274f4a84fa97698bde56f84b3afed61c8492d48b0550db9671b68c177479cb?s=96&d=mm&r=g\",\"url\":\"https:\\\/\\\/secure.gravatar.com\\\/avatar\\\/09274f4a84fa97698bde56f84b3afed61c8492d48b0550db9671b68c177479cb?s=96&d=mm&r=g\",\"contentUrl\":\"https:\\\/\\\/secure.gravatar.com\\\/avatar\\\/09274f4a84fa97698bde56f84b3afed61c8492d48b0550db9671b68c177479cb?s=96&d=mm&r=g\",\"caption\":\"Gabriele Bassani\"},\"sameAs\":[\"http:\\\/\\\/www.ilnotiziario.net\"]}]}<\/script>\n<!-- \/ Yoast SEO plugin. -->","yoast_head_json":{"title":"Arrestato medico di guardia a San Giuliano Milanese e Milano con accusa di violenza sessuale - Il Notiziario","description":"I carabinieri hanno arrestato un&nbsp; medico che effettuava servizio di guardia medica&nbsp; negli ambulatori di San Giuliano Milanese e Milano con","robots":{"index":"index","follow":"follow","max-snippet":"max-snippet:-1","max-image-preview":"max-image-preview:large","max-video-preview":"max-video-preview:-1"},"canonical":"https:\/\/www.ilnotiziario.net\/wp\/lombardia\/arrestato-medico-guardia-san-donato-violenza-sessuale\/","og_locale":"it_IT","og_type":"article","og_title":"Arrestato medico di guardia a San Giuliano Milanese e Milano con accusa di violenza sessuale - Il Notiziario","og_description":"I carabinieri hanno arrestato un&nbsp; medico che effettuava servizio di guardia medica&nbsp; negli ambulatori di San Giuliano Milanese e Milano con","og_url":"https:\/\/www.ilnotiziario.net\/wp\/lombardia\/arrestato-medico-guardia-san-donato-violenza-sessuale\/","og_site_name":"Il Notiziario","article_publisher":"https:\/\/www.facebook.com\/ilnotiziarioind\/","article_published_time":"2023-11-24T14:29:03+00:00","og_image":[{"width":864,"height":576,"url":"https:\/\/www.ilnotiziario.net\/wp\/wp-content\/uploads\/2023\/11\/medico-medico-uomo.jpg","type":"image\/jpeg"}],"author":"Gabriele Bassani","twitter_card":"summary_large_image","twitter_creator":"@ilNotiziarioInd","twitter_site":"@ilNotiziarioInd","twitter_misc":{"Scritto da":"Gabriele Bassani","Tempo di lettura stimato":"2 minuti"},"schema":{"@context":"https:\/\/schema.org","@graph":[{"@type":"Article","@id":"https:\/\/www.ilnotiziario.net\/wp\/lombardia\/arrestato-medico-guardia-san-donato-violenza-sessuale\/#article","isPartOf":{"@id":"https:\/\/www.ilnotiziario.net\/wp\/lombardia\/arrestato-medico-guardia-san-donato-violenza-sessuale\/"},"author":{"name":"Gabriele Bassani","@id":"https:\/\/www.ilnotiziario.net\/wp\/#\/schema\/person\/386e222908f898bb41c033989482bbf2"},"headline":"Arrestato medico di guardia a San Giuliano Milanese e Milano con accusa di violenza sessuale","datePublished":"2023-11-24T14:29:03+00:00","mainEntityOfPage":{"@id":"https:\/\/www.ilnotiziario.net\/wp\/lombardia\/arrestato-medico-guardia-san-donato-violenza-sessuale\/"},"wordCount":311,"publisher":{"@id":"https:\/\/www.ilnotiziario.net\/wp\/#organization"},"image":{"@id":"https:\/\/www.ilnotiziario.net\/wp\/lombardia\/arrestato-medico-guardia-san-donato-violenza-sessuale\/#primaryimage"},"thumbnailUrl":"https:\/\/www.ilnotiziario.net\/wp\/wp-content\/uploads\/2023\/11\/medico-medico-uomo.jpg","keywords":["arrestato","medico","violenza sessuale"],"articleSection":["CRONACA"],"inLanguage":"it-IT"},{"@type":"WebPage","@id":"https:\/\/www.ilnotiziario.net\/wp\/lombardia\/arrestato-medico-guardia-san-donato-violenza-sessuale\/","url":"https:\/\/www.ilnotiziario.net\/wp\/lombardia\/arrestato-medico-guardia-san-donato-violenza-sessuale\/","name":"Arrestato medico di guardia a San Giuliano Milanese e Milano con accusa di violenza sessuale - Il Notiziario","isPartOf":{"@id":"https:\/\/www.ilnotiziario.net\/wp\/#website"},"primaryImageOfPage":{"@id":"https:\/\/www.ilnotiziario.net\/wp\/lombardia\/arrestato-medico-guardia-san-donato-violenza-sessuale\/#primaryimage"},"image":{"@id":"https:\/\/www.ilnotiziario.net\/wp\/lombardia\/arrestato-medico-guardia-san-donato-violenza-sessuale\/#primaryimage"},"thumbnailUrl":"https:\/\/www.ilnotiziario.net\/wp\/wp-content\/uploads\/2023\/11\/medico-medico-uomo.jpg","datePublished":"2023-11-24T14:29:03+00:00","description":"I carabinieri hanno arrestato un&nbsp; medico che effettuava servizio di guardia medica&nbsp; negli ambulatori di San Giuliano Milanese e Milano con","breadcrumb":{"@id":"https:\/\/www.ilnotiziario.net\/wp\/lombardia\/arrestato-medico-guardia-san-donato-violenza-sessuale\/#breadcrumb"},"inLanguage":"it-IT","potentialAction":[{"@type":"ReadAction","target":["https:\/\/www.ilnotiziario.net\/wp\/lombardia\/arrestato-medico-guardia-san-donato-violenza-sessuale\/"]}]},{"@type":"ImageObject","inLanguage":"it-IT","@id":"https:\/\/www.ilnotiziario.net\/wp\/lombardia\/arrestato-medico-guardia-san-donato-violenza-sessuale\/#primaryimage","url":"https:\/\/www.ilnotiziario.net\/wp\/wp-content\/uploads\/2023\/11\/medico-medico-uomo.jpg","contentUrl":"https:\/\/www.ilnotiziario.net\/wp\/wp-content\/uploads\/2023\/11\/medico-medico-uomo.jpg","width":864,"height":576,"caption":"Immagine di jcomp su Freepik"},{"@type":"BreadcrumbList","@id":"https:\/\/www.ilnotiziario.net\/wp\/lombardia\/arrestato-medico-guardia-san-donato-violenza-sessuale\/#breadcrumb","itemListElement":[{"@type":"ListItem","position":1,"name":"tds_text_logo_tagline_colortds_text_logo_tagline_colortds_text_logo_tagline_colortds_text_logo_tagline_colortd_module_7_title_excerpttd_module_7_title_excerpttd_module_7_title_excerpttd_module_7_title_excerptHome","item":"https:\/\/www.ilnotiziario.net\/wp\/"},{"@type":"ListItem","position":2,"name":"Arrestato medico di guardia a San Giuliano Milanese e Milano con accusa di violenza sessuale"}]},{"@type":"WebSite","@id":"https:\/\/www.ilnotiziario.net\/wp\/#website","url":"https:\/\/www.ilnotiziario.net\/wp\/","name":"Il Notiziario","description":"Per restare sempre connessi alla notizia","publisher":{"@id":"https:\/\/www.ilnotiziario.net\/wp\/#organization"},"alternateName":"Il Notiziario Bollate","potentialAction":[{"@type":"SearchAction","target":{"@type":"EntryPoint","urlTemplate":"https:\/\/www.ilnotiziario.net\/wp\/?s={search_term_string}"},"query-input":{"@type":"PropertyValueSpecification","valueRequired":true,"valueName":"search_term_string"}}],"inLanguage":"it-IT"},{"@type":"Organization","@id":"https:\/\/www.ilnotiziario.net\/wp\/#organization","name":"Il Notiziario","url":"https:\/\/www.ilnotiziario.net\/wp\/","logo":{"@type":"ImageObject","inLanguage":"it-IT","@id":"https:\/\/www.ilnotiziario.net\/wp\/#\/schema\/logo\/image\/","url":"https:\/\/www.ilnotiziario.net\/wp\/wp-content\/uploads\/2022\/06\/170x170ilN.png","contentUrl":"https:\/\/www.ilnotiziario.net\/wp\/wp-content\/uploads\/2022\/06\/170x170ilN.png","width":355,"height":355,"caption":"Il Notiziario"},"image":{"@id":"https:\/\/www.ilnotiziario.net\/wp\/#\/schema\/logo\/image\/"},"sameAs":["https:\/\/www.facebook.com\/ilnotiziarioind\/","https:\/\/x.com\/ilNotiziarioInd","https:\/\/www.instagram.com\/ilnotiziario_settimanale\/"]},{"@type":"Person","@id":"https:\/\/www.ilnotiziario.net\/wp\/#\/schema\/person\/386e222908f898bb41c033989482bbf2","name":"Gabriele Bassani","image":{"@type":"ImageObject","inLanguage":"it-IT","@id":"https:\/\/secure.gravatar.com\/avatar\/09274f4a84fa97698bde56f84b3afed61c8492d48b0550db9671b68c177479cb?s=96&d=mm&r=g","url":"https:\/\/secure.gravatar.com\/avatar\/09274f4a84fa97698bde56f84b3afed61c8492d48b0550db9671b68c177479cb?s=96&d=mm&r=g","contentUrl":"https:\/\/secure.gravatar.com\/avatar\/09274f4a84fa97698bde56f84b3afed61c8492d48b0550db9671b68c177479cb?s=96&d=mm&r=g","caption":"Gabriele Bassani"},"sameAs":["http:\/\/www.ilnotiziario.net"]}]}},"_links":{"self":[{"href":"https:\/\/www.ilnotiziario.net\/wp\/wp-json\/wp\/v2\/posts\/190641","targetHints":{"allow":["GET"]}}],"collection":[{"href":"https:\/\/www.ilnotiziario.net\/wp\/wp-json\/wp\/v2\/posts"}],"about":[{"href":"https:\/\/www.ilnotiziario.net\/wp\/wp-json\/wp\/v2\/types\/post"}],"author":[{"embeddable":true,"href":"https:\/\/www.ilnotiziario.net\/wp\/wp-json\/wp\/v2\/users\/3"}],"replies":[{"embeddable":true,"href":"https:\/\/www.ilnotiziario.net\/wp\/wp-json\/wp\/v2\/comments?post=190641"}],"version-history":[{"count":0,"href":"https:\/\/www.ilnotiziario.net\/wp\/wp-json\/wp\/v2\/posts\/190641\/revisions"}],"wp:featuredmedia":[{"embeddable":true,"href":"https:\/\/www.ilnotiziario.net\/wp\/wp-json\/wp\/v2\/media\/190642"}],"wp:attachment":[{"href":"https:\/\/www.ilnotiziario.net\/wp\/wp-json\/wp\/v2\/media?parent=190641"}],"wp:term":[{"taxonomy":"category","embeddable":true,"href":"https:\/\/www.ilnotiziario.net\/wp\/wp-json\/wp\/v2\/categories?post=190641"},{"taxonomy":"post_tag","embeddable":true,"href":"https:\/\/www.ilnotiziario.net\/wp\/wp-json\/wp\/v2\/tags?post=190641"}],"curies":[{"name":"wp","href":"https:\/\/api.w.org\/{rel}","templated":true}]}}