{"id":190648,"date":"2023-11-25T09:45:59","date_gmt":"2023-11-25T08:45:59","guid":{"rendered":"https:\/\/www.ilnotiziario.net\/wp\/?p=190648"},"modified":"2023-11-25T08:46:48","modified_gmt":"2023-11-25T07:46:48","slug":"baranzate-un-altro-camion-incastrato-nel-sottopasso","status":"publish","type":"post","link":"https:\/\/www.ilnotiziario.net\/wp\/bollatese\/baranzate-un-altro-camion-incastrato-nel-sottopasso\/","title":{"rendered":"Baranzate, un altro camion incastrato nel sottopasso"},"content":{"rendered":"<p>Baranzate, un altro camion incastrato nel sottopasso.<br \/>\nMarted\u00ec scorso traffico il tilt nelle vicinanze del carcere di Bollate: per l\u2019ennesima volta un autocarro \u00e8 rimasto incastrato nel sottopasso di via Montello per imperizia del suo autista, ma questa volta il mezzo era cos\u00ec incastrato che per liberarlo \u00e8 stato necessario smontarlo.<\/p><div id=\"ilnot-1983037238\" class=\"ilnot-contenuto ilnot-entity-placement\"><p><!-- incontent_1 --><\/p>\n<div class=\"gptslot\" data-adunitid=\"1\"><\/div>\n<\/div>\n<p>Un 35enne rumeno, dipendente di un \u2018impresa edile di Monza, che stava tornando dalla localit\u00e0 di lavoro a Rho, forse ingannato dal navigatore non ha ottemperato a quanto indicato dalla vistosa segnaletica che indica che il ponte \u00e8 alto 2,75 metri: il suo autocarro Mercedes in altezza misura 3 metri, 25 centimetri in pi\u00f9.<\/p>\n<p>Il mezzo evidentemente \u00e8 arrivato veloce, poich\u00e9 la parte anteriore del cassone si \u00e8 piegata e il mezzo si \u00e8 infilato nel sottopasso restando incastrato.<\/p><div id=\"ilnot-3106151004\" class=\"ilnot-contenuto_2 ilnot-entity-placement\"><div class=\"ads-wrapper\">\n<div class=\"ad-slot\">\n   <div id=\"ilnot-3786246725\" style=\"margin-right: auto;margin-left: auto;text-align: center;width: 320px;height: 100px;\"><a href=\"https:\/\/www.scuolasicurezza.it\/\"><img decoding=\"async\" src=\"https:\/\/www.ilnotiziario.net\/wp\/wp-content\/uploads\/2026\/04\/IlNotiziario_banner-sito-e-newsletter-320-x-100-px-1.gif\" alt=\"\"><\/a><\/div>\n  <\/div>\n<div class=\"ad-slot\">\n   <div id=\"ilnot-1266817958\" style=\"margin-right: auto;margin-left: auto;text-align: center;width: 320px;height: 100px;\"><a href=\"https:\/\/purodesignarredamenti.com\/\"><img decoding=\"async\" src=\"https:\/\/www.ilnotiziario.net\/wp\/wp-content\/uploads\/2026\/04\/banner-puro-ok.gif\" alt=\"whatsapp\"><\/a><\/div><\/p><\/div>\n<\/div>\n<\/div>\n<h2>Baranzate, camion incastrato sottopasso: l&#8217;intervento<\/h2>\n<p>Sul posto \u00e8 intervenuta prontamente una pattuglia dei carabinieri della tenenza di Bollate, che hanno attuato un senso unico alternato di circolazione. In breve sono giunti in via Montello i vigili del fuoco di Rho. Ma per sbloccare l\u2019autocarro si \u00e8 reso necessario smantellare la struttura metallica del cassone posteriore e tagliare il telone.<\/p>\n<p>L\u2019operazione ha impegnato i pompieri rhodensi per pi\u00f9 di un\u2019ora. Poi gli addetti dell\u2019impresa hanno raccolto ci\u00f2 che era rimasto dei pezzi di struttura smantellate riponendola nel cassone dell\u2019autocarro, poi arretrando con cautela hanno finalmente liberato il sottopasso, ripristinando dopo un paio d\u2019ore la circolazione regolare.<\/p>\n<p>Determinante l\u2019apporto viabilistico dei militi dell\u2019arma che nei momenti di pericolo, durante lo smantellamento della struttura metallica, hanno bloccato a pi\u00f9 riprese la circolazione, per consentire ai pompieri di agire in sicurezza.<\/p><div id=\"ilnot-230380668\" class=\"ilnot-contenuto_2-2 ilnot-entity-placement\"><div class=\"gptslot\" data-adunitid=\"2\"><\/div>\n<\/div>\n<p>Sfoglia il notiziario in formato digitale direttamente dal nostro sito <a href=\"https:\/\/edicola.ilnotiziario.net\/citterioeditoresrl\/newsstand\">edicola.ilnotiziario.net<\/a><\/p>\n","protected":false},"excerpt":{"rendered":"<p>Baranzate, un altro camion incastrato nel sottopasso. Marted\u00ec scorso traffico il tilt nelle vicinanze del carcere di Bollate: per l\u2019ennesima volta un autocarro \u00e8 rimasto incastrato nel sottopasso di via Montello per imperizia del suo autista, ma questa volta il mezzo era cos\u00ec incastrato che per liberarlo \u00e8 stato necessario smontarlo. Un 35enne rumeno, dipendente<\/p>\n","protected":false},"author":14,"featured_media":190649,"comment_status":"closed","ping_status":"closed","sticky":false,"template":"","format":"standard","meta":{"footnotes":""},"categories":[8,11,20],"tags":[29,264,4891,3152],"class_list":{"0":"post-190648","1":"post","2":"type-post","3":"status-publish","4":"format-standard","5":"has-post-thumbnail","7":"category-bollatese","8":"category-nord-milano","9":"category-prima-pagina","10":"tag-baranzate","11":"tag-camion","12":"tag-incastrato","13":"tag-sottopasso"},"yoast_head":"<!-- This site is optimized with the Yoast SEO plugin v27.4 - https:\/\/yoast.com\/product\/yoast-seo-wordpress\/ -->\n<title>Baranzate, un altro camion incastrato nel sottopasso - Il Notiziario<\/title>\n<meta name=\"description\" content=\"Baranzate, un altro camion incastrato nel sottopasso. Marted\u00ec scorso traffico il tilt nelle vicinanze del carcere di Bollate: per l\u2019ennesima volta un\" \/>\n<meta name=\"robots\" content=\"index, follow, max-snippet:-1, max-image-preview:large, max-video-preview:-1\" \/>\n<link rel=\"canonical\" href=\"https:\/\/www.ilnotiziario.net\/wp\/bollatese\/baranzate-un-altro-camion-incastrato-nel-sottopasso\/\" \/>\n<meta property=\"og:locale\" content=\"it_IT\" \/>\n<meta property=\"og:type\" content=\"article\" \/>\n<meta property=\"og:title\" content=\"Baranzate, un altro camion incastrato nel sottopasso - Il Notiziario\" \/>\n<meta property=\"og:description\" content=\"Baranzate, un altro camion incastrato nel sottopasso. Marted\u00ec scorso traffico il tilt nelle vicinanze del carcere di Bollate: per l\u2019ennesima volta un\" \/>\n<meta property=\"og:url\" content=\"https:\/\/www.ilnotiziario.net\/wp\/bollatese\/baranzate-un-altro-camion-incastrato-nel-sottopasso\/\" \/>\n<meta property=\"og:site_name\" content=\"Il Notiziario\" \/>\n<meta property=\"article:publisher\" content=\"https:\/\/www.facebook.com\/ilnotiziarioind\/\" \/>\n<meta property=\"article:published_time\" content=\"2023-11-25T08:45:59+00:00\" \/>\n<meta property=\"og:image\" content=\"https:\/\/www.ilnotiziario.net\/wp\/wp-content\/uploads\/2023\/11\/Baranzate-camion-incastrato-sottopasso.jpg\" \/>\n\t<meta property=\"og:image:width\" content=\"691\" \/>\n\t<meta property=\"og:image:height\" content=\"532\" \/>\n\t<meta property=\"og:image:type\" content=\"image\/jpeg\" \/>\n<meta name=\"author\" content=\"Silvia Citterio\" \/>\n<meta name=\"twitter:card\" content=\"summary_large_image\" \/>\n<meta name=\"twitter:creator\" content=\"@ilNotiziarioInd\" \/>\n<meta name=\"twitter:site\" content=\"@ilNotiziarioInd\" \/>\n<meta name=\"twitter:label1\" content=\"Scritto da\" \/>\n\t<meta name=\"twitter:data1\" content=\"Silvia Citterio\" \/>\n\t<meta name=\"twitter:label2\" content=\"Tempo di lettura stimato\" \/>\n\t<meta name=\"twitter:data2\" content=\"2 minuti\" \/>\n<script type=\"application\/ld+json\" class=\"yoast-schema-graph\">{\"@context\":\"https:\\\/\\\/schema.org\",\"@graph\":[{\"@type\":\"Article\",\"@id\":\"https:\\\/\\\/www.ilnotiziario.net\\\/wp\\\/bollatese\\\/baranzate-un-altro-camion-incastrato-nel-sottopasso\\\/#article\",\"isPartOf\":{\"@id\":\"https:\\\/\\\/www.ilnotiziario.net\\\/wp\\\/bollatese\\\/baranzate-un-altro-camion-incastrato-nel-sottopasso\\\/\"},\"author\":{\"name\":\"Silvia Citterio\",\"@id\":\"https:\\\/\\\/www.ilnotiziario.net\\\/wp\\\/#\\\/schema\\\/person\\\/c5bca2edc3d99d29959f04a6126f687b\"},\"headline\":\"Baranzate, un altro camion incastrato nel sottopasso\",\"datePublished\":\"2023-11-25T08:45:59+00:00\",\"mainEntityOfPage\":{\"@id\":\"https:\\\/\\\/www.ilnotiziario.net\\\/wp\\\/bollatese\\\/baranzate-un-altro-camion-incastrato-nel-sottopasso\\\/\"},\"wordCount\":286,\"publisher\":{\"@id\":\"https:\\\/\\\/www.ilnotiziario.net\\\/wp\\\/#organization\"},\"image\":{\"@id\":\"https:\\\/\\\/www.ilnotiziario.net\\\/wp\\\/bollatese\\\/baranzate-un-altro-camion-incastrato-nel-sottopasso\\\/#primaryimage\"},\"thumbnailUrl\":\"https:\\\/\\\/www.ilnotiziario.net\\\/wp\\\/wp-content\\\/uploads\\\/2023\\\/11\\\/Baranzate-camion-incastrato-sottopasso.jpg\",\"keywords\":[\"Baranzate\",\"camion\",\"incastrato\",\"Sottopasso\"],\"articleSection\":[\"BOLLATESE\",\"NORD MILANO\",\"Prima Pagina\"],\"inLanguage\":\"it-IT\"},{\"@type\":\"WebPage\",\"@id\":\"https:\\\/\\\/www.ilnotiziario.net\\\/wp\\\/bollatese\\\/baranzate-un-altro-camion-incastrato-nel-sottopasso\\\/\",\"url\":\"https:\\\/\\\/www.ilnotiziario.net\\\/wp\\\/bollatese\\\/baranzate-un-altro-camion-incastrato-nel-sottopasso\\\/\",\"name\":\"Baranzate, un altro camion incastrato nel sottopasso - Il Notiziario\",\"isPartOf\":{\"@id\":\"https:\\\/\\\/www.ilnotiziario.net\\\/wp\\\/#website\"},\"primaryImageOfPage\":{\"@id\":\"https:\\\/\\\/www.ilnotiziario.net\\\/wp\\\/bollatese\\\/baranzate-un-altro-camion-incastrato-nel-sottopasso\\\/#primaryimage\"},\"image\":{\"@id\":\"https:\\\/\\\/www.ilnotiziario.net\\\/wp\\\/bollatese\\\/baranzate-un-altro-camion-incastrato-nel-sottopasso\\\/#primaryimage\"},\"thumbnailUrl\":\"https:\\\/\\\/www.ilnotiziario.net\\\/wp\\\/wp-content\\\/uploads\\\/2023\\\/11\\\/Baranzate-camion-incastrato-sottopasso.jpg\",\"datePublished\":\"2023-11-25T08:45:59+00:00\",\"description\":\"Baranzate, un altro camion incastrato nel sottopasso. Marted\u00ec scorso traffico il tilt nelle vicinanze del carcere di Bollate: per l\u2019ennesima volta un\",\"breadcrumb\":{\"@id\":\"https:\\\/\\\/www.ilnotiziario.net\\\/wp\\\/bollatese\\\/baranzate-un-altro-camion-incastrato-nel-sottopasso\\\/#breadcrumb\"},\"inLanguage\":\"it-IT\",\"potentialAction\":[{\"@type\":\"ReadAction\",\"target\":[\"https:\\\/\\\/www.ilnotiziario.net\\\/wp\\\/bollatese\\\/baranzate-un-altro-camion-incastrato-nel-sottopasso\\\/\"]}]},{\"@type\":\"ImageObject\",\"inLanguage\":\"it-IT\",\"@id\":\"https:\\\/\\\/www.ilnotiziario.net\\\/wp\\\/bollatese\\\/baranzate-un-altro-camion-incastrato-nel-sottopasso\\\/#primaryimage\",\"url\":\"https:\\\/\\\/www.ilnotiziario.net\\\/wp\\\/wp-content\\\/uploads\\\/2023\\\/11\\\/Baranzate-camion-incastrato-sottopasso.jpg\",\"contentUrl\":\"https:\\\/\\\/www.ilnotiziario.net\\\/wp\\\/wp-content\\\/uploads\\\/2023\\\/11\\\/Baranzate-camion-incastrato-sottopasso.jpg\",\"width\":691,\"height\":532,\"caption\":\"Baranzate camion incastrato sottopasso\"},{\"@type\":\"BreadcrumbList\",\"@id\":\"https:\\\/\\\/www.ilnotiziario.net\\\/wp\\\/bollatese\\\/baranzate-un-altro-camion-incastrato-nel-sottopasso\\\/#breadcrumb\",\"itemListElement\":[{\"@type\":\"ListItem\",\"position\":1,\"name\":\"tds_text_logo_tagline_colortds_text_logo_tagline_colortds_text_logo_tagline_colortds_text_logo_tagline_colortd_module_7_title_excerpttd_module_7_title_excerpttd_module_7_title_excerpttd_module_7_title_excerptHome\",\"item\":\"https:\\\/\\\/www.ilnotiziario.net\\\/wp\\\/\"},{\"@type\":\"ListItem\",\"position\":2,\"name\":\"Baranzate, un altro camion incastrato nel sottopasso\"}]},{\"@type\":\"WebSite\",\"@id\":\"https:\\\/\\\/www.ilnotiziario.net\\\/wp\\\/#website\",\"url\":\"https:\\\/\\\/www.ilnotiziario.net\\\/wp\\\/\",\"name\":\"Il Notiziario\",\"description\":\"Per restare sempre connessi alla notizia\",\"publisher\":{\"@id\":\"https:\\\/\\\/www.ilnotiziario.net\\\/wp\\\/#organization\"},\"alternateName\":\"Il Notiziario Bollate\",\"potentialAction\":[{\"@type\":\"SearchAction\",\"target\":{\"@type\":\"EntryPoint\",\"urlTemplate\":\"https:\\\/\\\/www.ilnotiziario.net\\\/wp\\\/?s={search_term_string}\"},\"query-input\":{\"@type\":\"PropertyValueSpecification\",\"valueRequired\":true,\"valueName\":\"search_term_string\"}}],\"inLanguage\":\"it-IT\"},{\"@type\":\"Organization\",\"@id\":\"https:\\\/\\\/www.ilnotiziario.net\\\/wp\\\/#organization\",\"name\":\"Il Notiziario\",\"url\":\"https:\\\/\\\/www.ilnotiziario.net\\\/wp\\\/\",\"logo\":{\"@type\":\"ImageObject\",\"inLanguage\":\"it-IT\",\"@id\":\"https:\\\/\\\/www.ilnotiziario.net\\\/wp\\\/#\\\/schema\\\/logo\\\/image\\\/\",\"url\":\"https:\\\/\\\/www.ilnotiziario.net\\\/wp\\\/wp-content\\\/uploads\\\/2022\\\/06\\\/170x170ilN.png\",\"contentUrl\":\"https:\\\/\\\/www.ilnotiziario.net\\\/wp\\\/wp-content\\\/uploads\\\/2022\\\/06\\\/170x170ilN.png\",\"width\":355,\"height\":355,\"caption\":\"Il Notiziario\"},\"image\":{\"@id\":\"https:\\\/\\\/www.ilnotiziario.net\\\/wp\\\/#\\\/schema\\\/logo\\\/image\\\/\"},\"sameAs\":[\"https:\\\/\\\/www.facebook.com\\\/ilnotiziarioind\\\/\",\"https:\\\/\\\/x.com\\\/ilNotiziarioInd\",\"https:\\\/\\\/www.instagram.com\\\/ilnotiziario_settimanale\\\/\"]},{\"@type\":\"Person\",\"@id\":\"https:\\\/\\\/www.ilnotiziario.net\\\/wp\\\/#\\\/schema\\\/person\\\/c5bca2edc3d99d29959f04a6126f687b\",\"name\":\"Silvia Citterio\",\"image\":{\"@type\":\"ImageObject\",\"inLanguage\":\"it-IT\",\"@id\":\"https:\\\/\\\/secure.gravatar.com\\\/avatar\\\/03eb19c63b944e79a9b5ce53ca5d1ca303edcf368a68721ec3ccaae7f98c5afd?s=96&d=mm&r=g\",\"url\":\"https:\\\/\\\/secure.gravatar.com\\\/avatar\\\/03eb19c63b944e79a9b5ce53ca5d1ca303edcf368a68721ec3ccaae7f98c5afd?s=96&d=mm&r=g\",\"contentUrl\":\"https:\\\/\\\/secure.gravatar.com\\\/avatar\\\/03eb19c63b944e79a9b5ce53ca5d1ca303edcf368a68721ec3ccaae7f98c5afd?s=96&d=mm&r=g\",\"caption\":\"Silvia Citterio\"}}]}<\/script>\n<!-- \/ Yoast SEO plugin. -->","yoast_head_json":{"title":"Baranzate, un altro camion incastrato nel sottopasso - Il Notiziario","description":"Baranzate, un altro camion incastrato nel sottopasso. Marted\u00ec scorso traffico il tilt nelle vicinanze del carcere di Bollate: per l\u2019ennesima volta un","robots":{"index":"index","follow":"follow","max-snippet":"max-snippet:-1","max-image-preview":"max-image-preview:large","max-video-preview":"max-video-preview:-1"},"canonical":"https:\/\/www.ilnotiziario.net\/wp\/bollatese\/baranzate-un-altro-camion-incastrato-nel-sottopasso\/","og_locale":"it_IT","og_type":"article","og_title":"Baranzate, un altro camion incastrato nel sottopasso - Il Notiziario","og_description":"Baranzate, un altro camion incastrato nel sottopasso. Marted\u00ec scorso traffico il tilt nelle vicinanze del carcere di Bollate: per l\u2019ennesima volta un","og_url":"https:\/\/www.ilnotiziario.net\/wp\/bollatese\/baranzate-un-altro-camion-incastrato-nel-sottopasso\/","og_site_name":"Il Notiziario","article_publisher":"https:\/\/www.facebook.com\/ilnotiziarioind\/","article_published_time":"2023-11-25T08:45:59+00:00","og_image":[{"width":691,"height":532,"url":"https:\/\/www.ilnotiziario.net\/wp\/wp-content\/uploads\/2023\/11\/Baranzate-camion-incastrato-sottopasso.jpg","type":"image\/jpeg"}],"author":"Silvia Citterio","twitter_card":"summary_large_image","twitter_creator":"@ilNotiziarioInd","twitter_site":"@ilNotiziarioInd","twitter_misc":{"Scritto da":"Silvia Citterio","Tempo di lettura stimato":"2 minuti"},"schema":{"@context":"https:\/\/schema.org","@graph":[{"@type":"Article","@id":"https:\/\/www.ilnotiziario.net\/wp\/bollatese\/baranzate-un-altro-camion-incastrato-nel-sottopasso\/#article","isPartOf":{"@id":"https:\/\/www.ilnotiziario.net\/wp\/bollatese\/baranzate-un-altro-camion-incastrato-nel-sottopasso\/"},"author":{"name":"Silvia Citterio","@id":"https:\/\/www.ilnotiziario.net\/wp\/#\/schema\/person\/c5bca2edc3d99d29959f04a6126f687b"},"headline":"Baranzate, un altro camion incastrato nel sottopasso","datePublished":"2023-11-25T08:45:59+00:00","mainEntityOfPage":{"@id":"https:\/\/www.ilnotiziario.net\/wp\/bollatese\/baranzate-un-altro-camion-incastrato-nel-sottopasso\/"},"wordCount":286,"publisher":{"@id":"https:\/\/www.ilnotiziario.net\/wp\/#organization"},"image":{"@id":"https:\/\/www.ilnotiziario.net\/wp\/bollatese\/baranzate-un-altro-camion-incastrato-nel-sottopasso\/#primaryimage"},"thumbnailUrl":"https:\/\/www.ilnotiziario.net\/wp\/wp-content\/uploads\/2023\/11\/Baranzate-camion-incastrato-sottopasso.jpg","keywords":["Baranzate","camion","incastrato","Sottopasso"],"articleSection":["BOLLATESE","NORD MILANO","Prima Pagina"],"inLanguage":"it-IT"},{"@type":"WebPage","@id":"https:\/\/www.ilnotiziario.net\/wp\/bollatese\/baranzate-un-altro-camion-incastrato-nel-sottopasso\/","url":"https:\/\/www.ilnotiziario.net\/wp\/bollatese\/baranzate-un-altro-camion-incastrato-nel-sottopasso\/","name":"Baranzate, un altro camion incastrato nel sottopasso - Il Notiziario","isPartOf":{"@id":"https:\/\/www.ilnotiziario.net\/wp\/#website"},"primaryImageOfPage":{"@id":"https:\/\/www.ilnotiziario.net\/wp\/bollatese\/baranzate-un-altro-camion-incastrato-nel-sottopasso\/#primaryimage"},"image":{"@id":"https:\/\/www.ilnotiziario.net\/wp\/bollatese\/baranzate-un-altro-camion-incastrato-nel-sottopasso\/#primaryimage"},"thumbnailUrl":"https:\/\/www.ilnotiziario.net\/wp\/wp-content\/uploads\/2023\/11\/Baranzate-camion-incastrato-sottopasso.jpg","datePublished":"2023-11-25T08:45:59+00:00","description":"Baranzate, un altro camion incastrato nel sottopasso. Marted\u00ec scorso traffico il tilt nelle vicinanze del carcere di Bollate: per l\u2019ennesima volta un","breadcrumb":{"@id":"https:\/\/www.ilnotiziario.net\/wp\/bollatese\/baranzate-un-altro-camion-incastrato-nel-sottopasso\/#breadcrumb"},"inLanguage":"it-IT","potentialAction":[{"@type":"ReadAction","target":["https:\/\/www.ilnotiziario.net\/wp\/bollatese\/baranzate-un-altro-camion-incastrato-nel-sottopasso\/"]}]},{"@type":"ImageObject","inLanguage":"it-IT","@id":"https:\/\/www.ilnotiziario.net\/wp\/bollatese\/baranzate-un-altro-camion-incastrato-nel-sottopasso\/#primaryimage","url":"https:\/\/www.ilnotiziario.net\/wp\/wp-content\/uploads\/2023\/11\/Baranzate-camion-incastrato-sottopasso.jpg","contentUrl":"https:\/\/www.ilnotiziario.net\/wp\/wp-content\/uploads\/2023\/11\/Baranzate-camion-incastrato-sottopasso.jpg","width":691,"height":532,"caption":"Baranzate camion incastrato sottopasso"},{"@type":"BreadcrumbList","@id":"https:\/\/www.ilnotiziario.net\/wp\/bollatese\/baranzate-un-altro-camion-incastrato-nel-sottopasso\/#breadcrumb","itemListElement":[{"@type":"ListItem","position":1,"name":"tds_text_logo_tagline_colortds_text_logo_tagline_colortds_text_logo_tagline_colortds_text_logo_tagline_colortd_module_7_title_excerpttd_module_7_title_excerpttd_module_7_title_excerpttd_module_7_title_excerptHome","item":"https:\/\/www.ilnotiziario.net\/wp\/"},{"@type":"ListItem","position":2,"name":"Baranzate, un altro camion incastrato nel sottopasso"}]},{"@type":"WebSite","@id":"https:\/\/www.ilnotiziario.net\/wp\/#website","url":"https:\/\/www.ilnotiziario.net\/wp\/","name":"Il Notiziario","description":"Per restare sempre connessi alla notizia","publisher":{"@id":"https:\/\/www.ilnotiziario.net\/wp\/#organization"},"alternateName":"Il Notiziario Bollate","potentialAction":[{"@type":"SearchAction","target":{"@type":"EntryPoint","urlTemplate":"https:\/\/www.ilnotiziario.net\/wp\/?s={search_term_string}"},"query-input":{"@type":"PropertyValueSpecification","valueRequired":true,"valueName":"search_term_string"}}],"inLanguage":"it-IT"},{"@type":"Organization","@id":"https:\/\/www.ilnotiziario.net\/wp\/#organization","name":"Il Notiziario","url":"https:\/\/www.ilnotiziario.net\/wp\/","logo":{"@type":"ImageObject","inLanguage":"it-IT","@id":"https:\/\/www.ilnotiziario.net\/wp\/#\/schema\/logo\/image\/","url":"https:\/\/www.ilnotiziario.net\/wp\/wp-content\/uploads\/2022\/06\/170x170ilN.png","contentUrl":"https:\/\/www.ilnotiziario.net\/wp\/wp-content\/uploads\/2022\/06\/170x170ilN.png","width":355,"height":355,"caption":"Il Notiziario"},"image":{"@id":"https:\/\/www.ilnotiziario.net\/wp\/#\/schema\/logo\/image\/"},"sameAs":["https:\/\/www.facebook.com\/ilnotiziarioind\/","https:\/\/x.com\/ilNotiziarioInd","https:\/\/www.instagram.com\/ilnotiziario_settimanale\/"]},{"@type":"Person","@id":"https:\/\/www.ilnotiziario.net\/wp\/#\/schema\/person\/c5bca2edc3d99d29959f04a6126f687b","name":"Silvia Citterio","image":{"@type":"ImageObject","inLanguage":"it-IT","@id":"https:\/\/secure.gravatar.com\/avatar\/03eb19c63b944e79a9b5ce53ca5d1ca303edcf368a68721ec3ccaae7f98c5afd?s=96&d=mm&r=g","url":"https:\/\/secure.gravatar.com\/avatar\/03eb19c63b944e79a9b5ce53ca5d1ca303edcf368a68721ec3ccaae7f98c5afd?s=96&d=mm&r=g","contentUrl":"https:\/\/secure.gravatar.com\/avatar\/03eb19c63b944e79a9b5ce53ca5d1ca303edcf368a68721ec3ccaae7f98c5afd?s=96&d=mm&r=g","caption":"Silvia Citterio"}}]}},"_links":{"self":[{"href":"https:\/\/www.ilnotiziario.net\/wp\/wp-json\/wp\/v2\/posts\/190648","targetHints":{"allow":["GET"]}}],"collection":[{"href":"https:\/\/www.ilnotiziario.net\/wp\/wp-json\/wp\/v2\/posts"}],"about":[{"href":"https:\/\/www.ilnotiziario.net\/wp\/wp-json\/wp\/v2\/types\/post"}],"author":[{"embeddable":true,"href":"https:\/\/www.ilnotiziario.net\/wp\/wp-json\/wp\/v2\/users\/14"}],"replies":[{"embeddable":true,"href":"https:\/\/www.ilnotiziario.net\/wp\/wp-json\/wp\/v2\/comments?post=190648"}],"version-history":[{"count":0,"href":"https:\/\/www.ilnotiziario.net\/wp\/wp-json\/wp\/v2\/posts\/190648\/revisions"}],"wp:featuredmedia":[{"embeddable":true,"href":"https:\/\/www.ilnotiziario.net\/wp\/wp-json\/wp\/v2\/media\/190649"}],"wp:attachment":[{"href":"https:\/\/www.ilnotiziario.net\/wp\/wp-json\/wp\/v2\/media?parent=190648"}],"wp:term":[{"taxonomy":"category","embeddable":true,"href":"https:\/\/www.ilnotiziario.net\/wp\/wp-json\/wp\/v2\/categories?post=190648"},{"taxonomy":"post_tag","embeddable":true,"href":"https:\/\/www.ilnotiziario.net\/wp\/wp-json\/wp\/v2\/tags?post=190648"}],"curies":[{"name":"wp","href":"https:\/\/api.w.org\/{rel}","templated":true}]}}