{"id":191475,"date":"2023-12-18T12:45:38","date_gmt":"2023-12-18T11:45:38","guid":{"rendered":"https:\/\/www.ilnotiziario.net\/wp\/?p=191475"},"modified":"2023-12-18T12:45:38","modified_gmt":"2023-12-18T11:45:38","slug":"dopo-la-pesca-la-noce-stasera-il-nuovo-spot-di-esselunga","status":"publish","type":"post","link":"https:\/\/www.ilnotiziario.net\/wp\/lombardia\/dopo-la-pesca-la-noce-stasera-il-nuovo-spot-di-esselunga\/","title":{"rendered":"Dopo la pesca, la noce, stasera il nuovo spot di Esselunga"},"content":{"rendered":"<p>Dopo Emma, la protagonista del film La Pesca, Esselunga torna in televisione con la storia di Carlo e Marta e della loro amicizia che dura nel tempo grazie ad un filo rosso rappresentato, questa volta, da una noce.<\/p><div id=\"ilnot-2231494014\" class=\"ilnot-contenuto ilnot-entity-placement\"><p><!-- incontent_1 --><\/p>\n<div class=\"gptslot\" data-adunitid=\"1\"><\/div>\n<\/div>\n<p>Dopo lo straordinario <a href=\"https:\/\/www.ilnotiziario.net\/wp\/editoriali\/la-famiglia-normale-di-esselunga\/\"><strong>successo (e le polemiche) che hanno accompagnato la distribuzione dello spot incentrato sulla pesca,<\/strong><\/a> da stasera sulle principali reti televisive il secondo appuntamento con il cortometraggio della catena Esselunga.<\/p>\n<p>Il secondo appuntamento del racconto di Esselunga vede ancora una volta protagonista l\u2019emozione e le persone con le loro storie di vita quotidiana e unicit\u00e0 che, attraverso gli occhi dei bambini, rendono ancora pi\u00f9 dolce e commovente la magia del Natale. L\u2019atmosfera natalizia \u00e8 resa ancora pi\u00f9 emozionante dal dono che si scambiano i due bambini che diventa poi un inatteso, quanto sorprendente, regalo per il Natale che \u00e8 alle porte.<\/p><div id=\"ilnot-2986839033\" class=\"ilnot-contenuto_2 ilnot-entity-placement\"><div class=\"ads-wrapper\">\n<div class=\"ad-slot\">\n   <div id=\"ilnot-3442857697\" style=\"margin-right: auto;margin-left: auto;text-align: center;width: 320px;height: 100px;\"><a href=\"https:\/\/www.scuolasicurezza.it\/\"><img decoding=\"async\" src=\"https:\/\/www.ilnotiziario.net\/wp\/wp-content\/uploads\/2026\/04\/IlNotiziario_banner-sito-e-newsletter-320-x-100-px-1.gif\" alt=\"\"><\/a><\/div>\n  <\/div>\n<div class=\"ad-slot\">\n   <div id=\"ilnot-380547954\" style=\"margin-right: auto;margin-left: auto;text-align: center;width: 320px;height: 100px;\"><a href=\"https:\/\/purodesignarredamenti.com\/\"><img decoding=\"async\" src=\"https:\/\/www.ilnotiziario.net\/wp\/wp-content\/uploads\/2026\/04\/banner-puro-ok.gif\" alt=\"whatsapp\"><\/a><\/div><\/p><\/div>\n<\/div>\n<\/div>\n<h2>La noce di Esselunga, non c&#8217;\u00e8 una spesa che non sia importante&nbsp;<\/h2>\n<p>Il payoff \u201cNon c&#8217;\u00e8 una spesa che non sia importante&#8221; rimane il messaggio intorno al quale \u00e8 costruito il racconto, sempre nella forma del cortometraggio, dal titolo &#8220;La noce&#8221;, che sar\u00e0 trasmesso questa sera sulle principali reti televisive. Anche in questo caso non si tratta di uno spot tradizionale, ma un cortometraggio che utilizza un linguaggio cinematografico.<\/p>\n<p>\u201cCon il secondo appuntamento del nostro racconto \u2013 spiega Roberto Selva, Direttore Marketing e Comunicazione di Esselunga &#8211; abbiamo voluto rappresentare una storia di amicizia che resiste al trascorrere del tempo e alla distanza e lo abbiamo fatto attraverso una noce, un frutto simbolico che ben si presta a rappresentare il concetto di cura e l\u2019evoluzione della storia. Con l\u2019emozione che suscita un\u2019amicizia ritrovata desideriamo augurare a tutti buone feste\u201d.<\/p>\n<h2>Il mini-film di Esselunga in televisione e nelle sale cinematografiche fino a Natale&nbsp;<\/h2>\n<p>Il film sar\u00e0 visibile in televisione dal 18 al 25 dicembre, nelle sale cinematografiche e sui canali digitali fino al 1\u00b0 gennaio 2024.<br \/>\nEsselunga fa leva sulle storie delle persone e dei clienti che ogni giorno entrano nei suoi negozi e arricchiscono di significato un gesto quotidiano come quello di fare la spesa.<br \/>\nLa campagna \u00e8 firmata dall\u2019agenzia creativa di New York SMALL, il film \u201cLa noce\u201d \u00e8 stato girato dallo stesso regista del film La Pesca, il francese Rudi Rosenberg e prodotto da Indiana Production.<\/p><div id=\"ilnot-2107894245\" class=\"ilnot-contenuto_2-2 ilnot-entity-placement\"><div class=\"gptslot\" data-adunitid=\"2\"><\/div>\n<\/div>\n","protected":false},"excerpt":{"rendered":"<p>Dopo Emma, la protagonista del film La Pesca, Esselunga torna in televisione con la storia di Carlo e Marta e della loro amicizia che dura nel tempo grazie ad un filo rosso rappresentato, questa volta, da una noce. Dopo lo straordinario successo (e le polemiche) che hanno accompagnato la distribuzione dello spot incentrato sulla pesca,<\/p>\n","protected":false},"author":3,"featured_media":191476,"comment_status":"closed","ping_status":"closed","sticky":false,"template":"","format":"standard","meta":{"footnotes":""},"categories":[3464],"tags":[88,16301,14973,6971],"class_list":{"0":"post-191475","1":"post","2":"type-post","3":"status-publish","4":"format-standard","5":"has-post-thumbnail","7":"category-lombardia","8":"tag-esselunga","9":"tag-noce","10":"tag-pesca","11":"tag-spot"},"yoast_head":"<!-- This site is optimized with the Yoast SEO plugin v27.4 - https:\/\/yoast.com\/product\/yoast-seo-wordpress\/ -->\n<title>Dopo la pesca, la noce, stasera il nuovo spot di Esselunga - Il Notiziario<\/title>\n<meta name=\"description\" content=\"Dopo Emma, la protagonista del film La Pesca, Esselunga torna in televisione con la storia di Carlo e Marta e della loro amicizia che dura nel tempo\" \/>\n<meta name=\"robots\" content=\"index, follow, max-snippet:-1, max-image-preview:large, max-video-preview:-1\" \/>\n<link rel=\"canonical\" href=\"https:\/\/www.ilnotiziario.net\/wp\/lombardia\/dopo-la-pesca-la-noce-stasera-il-nuovo-spot-di-esselunga\/\" \/>\n<meta property=\"og:locale\" content=\"it_IT\" \/>\n<meta property=\"og:type\" content=\"article\" \/>\n<meta property=\"og:title\" content=\"Dopo la pesca, la noce, stasera il nuovo spot di Esselunga - Il Notiziario\" \/>\n<meta property=\"og:description\" content=\"Dopo Emma, la protagonista del film La Pesca, Esselunga torna in televisione con la storia di Carlo e Marta e della loro amicizia che dura nel tempo\" \/>\n<meta property=\"og:url\" content=\"https:\/\/www.ilnotiziario.net\/wp\/lombardia\/dopo-la-pesca-la-noce-stasera-il-nuovo-spot-di-esselunga\/\" \/>\n<meta property=\"og:site_name\" content=\"Il Notiziario\" \/>\n<meta property=\"article:publisher\" content=\"https:\/\/www.facebook.com\/ilnotiziarioind\/\" \/>\n<meta property=\"article:published_time\" content=\"2023-12-18T11:45:38+00:00\" \/>\n<meta property=\"og:image\" content=\"https:\/\/www.ilnotiziario.net\/wp\/wp-content\/uploads\/2023\/12\/Noce-Esselunga.jpg\" \/>\n\t<meta property=\"og:image:width\" content=\"1077\" \/>\n\t<meta property=\"og:image:height\" content=\"883\" \/>\n\t<meta property=\"og:image:type\" content=\"image\/jpeg\" \/>\n<meta name=\"author\" content=\"Gabriele Bassani\" \/>\n<meta name=\"twitter:card\" content=\"summary_large_image\" \/>\n<meta name=\"twitter:creator\" content=\"@ilNotiziarioInd\" \/>\n<meta name=\"twitter:site\" content=\"@ilNotiziarioInd\" \/>\n<meta name=\"twitter:label1\" content=\"Scritto da\" \/>\n\t<meta name=\"twitter:data1\" content=\"Gabriele Bassani\" \/>\n\t<meta name=\"twitter:label2\" content=\"Tempo di lettura stimato\" \/>\n\t<meta name=\"twitter:data2\" content=\"3 minuti\" \/>\n<script type=\"application\/ld+json\" class=\"yoast-schema-graph\">{\"@context\":\"https:\\\/\\\/schema.org\",\"@graph\":[{\"@type\":\"Article\",\"@id\":\"https:\\\/\\\/www.ilnotiziario.net\\\/wp\\\/lombardia\\\/dopo-la-pesca-la-noce-stasera-il-nuovo-spot-di-esselunga\\\/#article\",\"isPartOf\":{\"@id\":\"https:\\\/\\\/www.ilnotiziario.net\\\/wp\\\/lombardia\\\/dopo-la-pesca-la-noce-stasera-il-nuovo-spot-di-esselunga\\\/\"},\"author\":{\"name\":\"Gabriele Bassani\",\"@id\":\"https:\\\/\\\/www.ilnotiziario.net\\\/wp\\\/#\\\/schema\\\/person\\\/386e222908f898bb41c033989482bbf2\"},\"headline\":\"Dopo la pesca, la noce, stasera il nuovo spot di Esselunga\",\"datePublished\":\"2023-12-18T11:45:38+00:00\",\"mainEntityOfPage\":{\"@id\":\"https:\\\/\\\/www.ilnotiziario.net\\\/wp\\\/lombardia\\\/dopo-la-pesca-la-noce-stasera-il-nuovo-spot-di-esselunga\\\/\"},\"wordCount\":388,\"publisher\":{\"@id\":\"https:\\\/\\\/www.ilnotiziario.net\\\/wp\\\/#organization\"},\"image\":{\"@id\":\"https:\\\/\\\/www.ilnotiziario.net\\\/wp\\\/lombardia\\\/dopo-la-pesca-la-noce-stasera-il-nuovo-spot-di-esselunga\\\/#primaryimage\"},\"thumbnailUrl\":\"https:\\\/\\\/www.ilnotiziario.net\\\/wp\\\/wp-content\\\/uploads\\\/2023\\\/12\\\/Noce-Esselunga.jpg\",\"keywords\":[\"Esselunga\",\"noce\",\"pesca\",\"spot\"],\"articleSection\":[\"CRONACA\"],\"inLanguage\":\"it-IT\"},{\"@type\":\"WebPage\",\"@id\":\"https:\\\/\\\/www.ilnotiziario.net\\\/wp\\\/lombardia\\\/dopo-la-pesca-la-noce-stasera-il-nuovo-spot-di-esselunga\\\/\",\"url\":\"https:\\\/\\\/www.ilnotiziario.net\\\/wp\\\/lombardia\\\/dopo-la-pesca-la-noce-stasera-il-nuovo-spot-di-esselunga\\\/\",\"name\":\"Dopo la pesca, la noce, stasera il nuovo spot di Esselunga - Il Notiziario\",\"isPartOf\":{\"@id\":\"https:\\\/\\\/www.ilnotiziario.net\\\/wp\\\/#website\"},\"primaryImageOfPage\":{\"@id\":\"https:\\\/\\\/www.ilnotiziario.net\\\/wp\\\/lombardia\\\/dopo-la-pesca-la-noce-stasera-il-nuovo-spot-di-esselunga\\\/#primaryimage\"},\"image\":{\"@id\":\"https:\\\/\\\/www.ilnotiziario.net\\\/wp\\\/lombardia\\\/dopo-la-pesca-la-noce-stasera-il-nuovo-spot-di-esselunga\\\/#primaryimage\"},\"thumbnailUrl\":\"https:\\\/\\\/www.ilnotiziario.net\\\/wp\\\/wp-content\\\/uploads\\\/2023\\\/12\\\/Noce-Esselunga.jpg\",\"datePublished\":\"2023-12-18T11:45:38+00:00\",\"description\":\"Dopo Emma, la protagonista del film La Pesca, Esselunga torna in televisione con la storia di Carlo e Marta e della loro amicizia che dura nel tempo\",\"breadcrumb\":{\"@id\":\"https:\\\/\\\/www.ilnotiziario.net\\\/wp\\\/lombardia\\\/dopo-la-pesca-la-noce-stasera-il-nuovo-spot-di-esselunga\\\/#breadcrumb\"},\"inLanguage\":\"it-IT\",\"potentialAction\":[{\"@type\":\"ReadAction\",\"target\":[\"https:\\\/\\\/www.ilnotiziario.net\\\/wp\\\/lombardia\\\/dopo-la-pesca-la-noce-stasera-il-nuovo-spot-di-esselunga\\\/\"]}]},{\"@type\":\"ImageObject\",\"inLanguage\":\"it-IT\",\"@id\":\"https:\\\/\\\/www.ilnotiziario.net\\\/wp\\\/lombardia\\\/dopo-la-pesca-la-noce-stasera-il-nuovo-spot-di-esselunga\\\/#primaryimage\",\"url\":\"https:\\\/\\\/www.ilnotiziario.net\\\/wp\\\/wp-content\\\/uploads\\\/2023\\\/12\\\/Noce-Esselunga.jpg\",\"contentUrl\":\"https:\\\/\\\/www.ilnotiziario.net\\\/wp\\\/wp-content\\\/uploads\\\/2023\\\/12\\\/Noce-Esselunga.jpg\",\"width\":1077,\"height\":883,\"caption\":\"noce esselunga\"},{\"@type\":\"BreadcrumbList\",\"@id\":\"https:\\\/\\\/www.ilnotiziario.net\\\/wp\\\/lombardia\\\/dopo-la-pesca-la-noce-stasera-il-nuovo-spot-di-esselunga\\\/#breadcrumb\",\"itemListElement\":[{\"@type\":\"ListItem\",\"position\":1,\"name\":\"tds_text_logo_tagline_colortds_text_logo_tagline_colortds_text_logo_tagline_colortds_text_logo_tagline_colortd_module_7_title_excerpttd_module_7_title_excerpttd_module_7_title_excerpttd_module_7_title_excerptHome\",\"item\":\"https:\\\/\\\/www.ilnotiziario.net\\\/wp\\\/\"},{\"@type\":\"ListItem\",\"position\":2,\"name\":\"Dopo la pesca, la noce, stasera il nuovo spot di Esselunga\"}]},{\"@type\":\"WebSite\",\"@id\":\"https:\\\/\\\/www.ilnotiziario.net\\\/wp\\\/#website\",\"url\":\"https:\\\/\\\/www.ilnotiziario.net\\\/wp\\\/\",\"name\":\"Il Notiziario\",\"description\":\"Per restare sempre connessi alla notizia\",\"publisher\":{\"@id\":\"https:\\\/\\\/www.ilnotiziario.net\\\/wp\\\/#organization\"},\"alternateName\":\"Il Notiziario Bollate\",\"potentialAction\":[{\"@type\":\"SearchAction\",\"target\":{\"@type\":\"EntryPoint\",\"urlTemplate\":\"https:\\\/\\\/www.ilnotiziario.net\\\/wp\\\/?s={search_term_string}\"},\"query-input\":{\"@type\":\"PropertyValueSpecification\",\"valueRequired\":true,\"valueName\":\"search_term_string\"}}],\"inLanguage\":\"it-IT\"},{\"@type\":\"Organization\",\"@id\":\"https:\\\/\\\/www.ilnotiziario.net\\\/wp\\\/#organization\",\"name\":\"Il Notiziario\",\"url\":\"https:\\\/\\\/www.ilnotiziario.net\\\/wp\\\/\",\"logo\":{\"@type\":\"ImageObject\",\"inLanguage\":\"it-IT\",\"@id\":\"https:\\\/\\\/www.ilnotiziario.net\\\/wp\\\/#\\\/schema\\\/logo\\\/image\\\/\",\"url\":\"https:\\\/\\\/www.ilnotiziario.net\\\/wp\\\/wp-content\\\/uploads\\\/2022\\\/06\\\/170x170ilN.png\",\"contentUrl\":\"https:\\\/\\\/www.ilnotiziario.net\\\/wp\\\/wp-content\\\/uploads\\\/2022\\\/06\\\/170x170ilN.png\",\"width\":355,\"height\":355,\"caption\":\"Il Notiziario\"},\"image\":{\"@id\":\"https:\\\/\\\/www.ilnotiziario.net\\\/wp\\\/#\\\/schema\\\/logo\\\/image\\\/\"},\"sameAs\":[\"https:\\\/\\\/www.facebook.com\\\/ilnotiziarioind\\\/\",\"https:\\\/\\\/x.com\\\/ilNotiziarioInd\",\"https:\\\/\\\/www.instagram.com\\\/ilnotiziario_settimanale\\\/\"]},{\"@type\":\"Person\",\"@id\":\"https:\\\/\\\/www.ilnotiziario.net\\\/wp\\\/#\\\/schema\\\/person\\\/386e222908f898bb41c033989482bbf2\",\"name\":\"Gabriele Bassani\",\"image\":{\"@type\":\"ImageObject\",\"inLanguage\":\"it-IT\",\"@id\":\"https:\\\/\\\/secure.gravatar.com\\\/avatar\\\/09274f4a84fa97698bde56f84b3afed61c8492d48b0550db9671b68c177479cb?s=96&d=mm&r=g\",\"url\":\"https:\\\/\\\/secure.gravatar.com\\\/avatar\\\/09274f4a84fa97698bde56f84b3afed61c8492d48b0550db9671b68c177479cb?s=96&d=mm&r=g\",\"contentUrl\":\"https:\\\/\\\/secure.gravatar.com\\\/avatar\\\/09274f4a84fa97698bde56f84b3afed61c8492d48b0550db9671b68c177479cb?s=96&d=mm&r=g\",\"caption\":\"Gabriele Bassani\"},\"sameAs\":[\"http:\\\/\\\/www.ilnotiziario.net\"]}]}<\/script>\n<!-- \/ Yoast SEO plugin. -->","yoast_head_json":{"title":"Dopo la pesca, la noce, stasera il nuovo spot di Esselunga - Il Notiziario","description":"Dopo Emma, la protagonista del film La Pesca, Esselunga torna in televisione con la storia di Carlo e Marta e della loro amicizia che dura nel tempo","robots":{"index":"index","follow":"follow","max-snippet":"max-snippet:-1","max-image-preview":"max-image-preview:large","max-video-preview":"max-video-preview:-1"},"canonical":"https:\/\/www.ilnotiziario.net\/wp\/lombardia\/dopo-la-pesca-la-noce-stasera-il-nuovo-spot-di-esselunga\/","og_locale":"it_IT","og_type":"article","og_title":"Dopo la pesca, la noce, stasera il nuovo spot di Esselunga - Il Notiziario","og_description":"Dopo Emma, la protagonista del film La Pesca, Esselunga torna in televisione con la storia di Carlo e Marta e della loro amicizia che dura nel tempo","og_url":"https:\/\/www.ilnotiziario.net\/wp\/lombardia\/dopo-la-pesca-la-noce-stasera-il-nuovo-spot-di-esselunga\/","og_site_name":"Il Notiziario","article_publisher":"https:\/\/www.facebook.com\/ilnotiziarioind\/","article_published_time":"2023-12-18T11:45:38+00:00","og_image":[{"width":1077,"height":883,"url":"https:\/\/www.ilnotiziario.net\/wp\/wp-content\/uploads\/2023\/12\/Noce-Esselunga.jpg","type":"image\/jpeg"}],"author":"Gabriele Bassani","twitter_card":"summary_large_image","twitter_creator":"@ilNotiziarioInd","twitter_site":"@ilNotiziarioInd","twitter_misc":{"Scritto da":"Gabriele Bassani","Tempo di lettura stimato":"3 minuti"},"schema":{"@context":"https:\/\/schema.org","@graph":[{"@type":"Article","@id":"https:\/\/www.ilnotiziario.net\/wp\/lombardia\/dopo-la-pesca-la-noce-stasera-il-nuovo-spot-di-esselunga\/#article","isPartOf":{"@id":"https:\/\/www.ilnotiziario.net\/wp\/lombardia\/dopo-la-pesca-la-noce-stasera-il-nuovo-spot-di-esselunga\/"},"author":{"name":"Gabriele Bassani","@id":"https:\/\/www.ilnotiziario.net\/wp\/#\/schema\/person\/386e222908f898bb41c033989482bbf2"},"headline":"Dopo la pesca, la noce, stasera il nuovo spot di Esselunga","datePublished":"2023-12-18T11:45:38+00:00","mainEntityOfPage":{"@id":"https:\/\/www.ilnotiziario.net\/wp\/lombardia\/dopo-la-pesca-la-noce-stasera-il-nuovo-spot-di-esselunga\/"},"wordCount":388,"publisher":{"@id":"https:\/\/www.ilnotiziario.net\/wp\/#organization"},"image":{"@id":"https:\/\/www.ilnotiziario.net\/wp\/lombardia\/dopo-la-pesca-la-noce-stasera-il-nuovo-spot-di-esselunga\/#primaryimage"},"thumbnailUrl":"https:\/\/www.ilnotiziario.net\/wp\/wp-content\/uploads\/2023\/12\/Noce-Esselunga.jpg","keywords":["Esselunga","noce","pesca","spot"],"articleSection":["CRONACA"],"inLanguage":"it-IT"},{"@type":"WebPage","@id":"https:\/\/www.ilnotiziario.net\/wp\/lombardia\/dopo-la-pesca-la-noce-stasera-il-nuovo-spot-di-esselunga\/","url":"https:\/\/www.ilnotiziario.net\/wp\/lombardia\/dopo-la-pesca-la-noce-stasera-il-nuovo-spot-di-esselunga\/","name":"Dopo la pesca, la noce, stasera il nuovo spot di Esselunga - Il Notiziario","isPartOf":{"@id":"https:\/\/www.ilnotiziario.net\/wp\/#website"},"primaryImageOfPage":{"@id":"https:\/\/www.ilnotiziario.net\/wp\/lombardia\/dopo-la-pesca-la-noce-stasera-il-nuovo-spot-di-esselunga\/#primaryimage"},"image":{"@id":"https:\/\/www.ilnotiziario.net\/wp\/lombardia\/dopo-la-pesca-la-noce-stasera-il-nuovo-spot-di-esselunga\/#primaryimage"},"thumbnailUrl":"https:\/\/www.ilnotiziario.net\/wp\/wp-content\/uploads\/2023\/12\/Noce-Esselunga.jpg","datePublished":"2023-12-18T11:45:38+00:00","description":"Dopo Emma, la protagonista del film La Pesca, Esselunga torna in televisione con la storia di Carlo e Marta e della loro amicizia che dura nel tempo","breadcrumb":{"@id":"https:\/\/www.ilnotiziario.net\/wp\/lombardia\/dopo-la-pesca-la-noce-stasera-il-nuovo-spot-di-esselunga\/#breadcrumb"},"inLanguage":"it-IT","potentialAction":[{"@type":"ReadAction","target":["https:\/\/www.ilnotiziario.net\/wp\/lombardia\/dopo-la-pesca-la-noce-stasera-il-nuovo-spot-di-esselunga\/"]}]},{"@type":"ImageObject","inLanguage":"it-IT","@id":"https:\/\/www.ilnotiziario.net\/wp\/lombardia\/dopo-la-pesca-la-noce-stasera-il-nuovo-spot-di-esselunga\/#primaryimage","url":"https:\/\/www.ilnotiziario.net\/wp\/wp-content\/uploads\/2023\/12\/Noce-Esselunga.jpg","contentUrl":"https:\/\/www.ilnotiziario.net\/wp\/wp-content\/uploads\/2023\/12\/Noce-Esselunga.jpg","width":1077,"height":883,"caption":"noce esselunga"},{"@type":"BreadcrumbList","@id":"https:\/\/www.ilnotiziario.net\/wp\/lombardia\/dopo-la-pesca-la-noce-stasera-il-nuovo-spot-di-esselunga\/#breadcrumb","itemListElement":[{"@type":"ListItem","position":1,"name":"tds_text_logo_tagline_colortds_text_logo_tagline_colortds_text_logo_tagline_colortds_text_logo_tagline_colortd_module_7_title_excerpttd_module_7_title_excerpttd_module_7_title_excerpttd_module_7_title_excerptHome","item":"https:\/\/www.ilnotiziario.net\/wp\/"},{"@type":"ListItem","position":2,"name":"Dopo la pesca, la noce, stasera il nuovo spot di Esselunga"}]},{"@type":"WebSite","@id":"https:\/\/www.ilnotiziario.net\/wp\/#website","url":"https:\/\/www.ilnotiziario.net\/wp\/","name":"Il Notiziario","description":"Per restare sempre connessi alla notizia","publisher":{"@id":"https:\/\/www.ilnotiziario.net\/wp\/#organization"},"alternateName":"Il Notiziario Bollate","potentialAction":[{"@type":"SearchAction","target":{"@type":"EntryPoint","urlTemplate":"https:\/\/www.ilnotiziario.net\/wp\/?s={search_term_string}"},"query-input":{"@type":"PropertyValueSpecification","valueRequired":true,"valueName":"search_term_string"}}],"inLanguage":"it-IT"},{"@type":"Organization","@id":"https:\/\/www.ilnotiziario.net\/wp\/#organization","name":"Il Notiziario","url":"https:\/\/www.ilnotiziario.net\/wp\/","logo":{"@type":"ImageObject","inLanguage":"it-IT","@id":"https:\/\/www.ilnotiziario.net\/wp\/#\/schema\/logo\/image\/","url":"https:\/\/www.ilnotiziario.net\/wp\/wp-content\/uploads\/2022\/06\/170x170ilN.png","contentUrl":"https:\/\/www.ilnotiziario.net\/wp\/wp-content\/uploads\/2022\/06\/170x170ilN.png","width":355,"height":355,"caption":"Il Notiziario"},"image":{"@id":"https:\/\/www.ilnotiziario.net\/wp\/#\/schema\/logo\/image\/"},"sameAs":["https:\/\/www.facebook.com\/ilnotiziarioind\/","https:\/\/x.com\/ilNotiziarioInd","https:\/\/www.instagram.com\/ilnotiziario_settimanale\/"]},{"@type":"Person","@id":"https:\/\/www.ilnotiziario.net\/wp\/#\/schema\/person\/386e222908f898bb41c033989482bbf2","name":"Gabriele Bassani","image":{"@type":"ImageObject","inLanguage":"it-IT","@id":"https:\/\/secure.gravatar.com\/avatar\/09274f4a84fa97698bde56f84b3afed61c8492d48b0550db9671b68c177479cb?s=96&d=mm&r=g","url":"https:\/\/secure.gravatar.com\/avatar\/09274f4a84fa97698bde56f84b3afed61c8492d48b0550db9671b68c177479cb?s=96&d=mm&r=g","contentUrl":"https:\/\/secure.gravatar.com\/avatar\/09274f4a84fa97698bde56f84b3afed61c8492d48b0550db9671b68c177479cb?s=96&d=mm&r=g","caption":"Gabriele Bassani"},"sameAs":["http:\/\/www.ilnotiziario.net"]}]}},"_links":{"self":[{"href":"https:\/\/www.ilnotiziario.net\/wp\/wp-json\/wp\/v2\/posts\/191475","targetHints":{"allow":["GET"]}}],"collection":[{"href":"https:\/\/www.ilnotiziario.net\/wp\/wp-json\/wp\/v2\/posts"}],"about":[{"href":"https:\/\/www.ilnotiziario.net\/wp\/wp-json\/wp\/v2\/types\/post"}],"author":[{"embeddable":true,"href":"https:\/\/www.ilnotiziario.net\/wp\/wp-json\/wp\/v2\/users\/3"}],"replies":[{"embeddable":true,"href":"https:\/\/www.ilnotiziario.net\/wp\/wp-json\/wp\/v2\/comments?post=191475"}],"version-history":[{"count":0,"href":"https:\/\/www.ilnotiziario.net\/wp\/wp-json\/wp\/v2\/posts\/191475\/revisions"}],"wp:featuredmedia":[{"embeddable":true,"href":"https:\/\/www.ilnotiziario.net\/wp\/wp-json\/wp\/v2\/media\/191476"}],"wp:attachment":[{"href":"https:\/\/www.ilnotiziario.net\/wp\/wp-json\/wp\/v2\/media?parent=191475"}],"wp:term":[{"taxonomy":"category","embeddable":true,"href":"https:\/\/www.ilnotiziario.net\/wp\/wp-json\/wp\/v2\/categories?post=191475"},{"taxonomy":"post_tag","embeddable":true,"href":"https:\/\/www.ilnotiziario.net\/wp\/wp-json\/wp\/v2\/tags?post=191475"}],"curies":[{"name":"wp","href":"https:\/\/api.w.org\/{rel}","templated":true}]}}